{"id":167330,"date":"2026-02-10T07:18:42","date_gmt":"2026-02-10T06:18:42","guid":{"rendered":"https:\/\/www.bellunopress.it\/?p=167330"},"modified":"2026-02-10T07:18:42","modified_gmt":"2026-02-10T06:18:42","slug":"giornate-di-raccolta-del-farmaco-da-martedi-10-a-lunedi-16-febbraio","status":"publish","type":"post","link":"https:\/\/www.bellunopress.it\/fr\/2026\/02\/10\/giornate-di-raccolta-del-farmaco-da-martedi-10-a-lunedi-16-febbraio\/","title":{"rendered":"Giornate di raccolta del farmaco da marted\u00ec 10 a luned\u00ec 16 febbraio"},"content":{"rendered":"<p>In 6.000 farmacie che partecipano in ogni citt\u00e0, si dona uno o pi\u00f9 medicinali da banco. Serve pi\u00f9 di 1,2 milioni di farmaci per 502.000 persone in condizioni di povert\u00e0 sanitaria (145.000 sono minori) di cui si prendono cura 2.000 realt\u00e0 assistenziali. La Raccolta dura una settimana. \u00c8 possibile grazie a 27.000 volontari e 21.000 farmacisti e a centinaia di migliaia di donatori.<\/p>\n<p><a href=\"https:\/\/www.bancofarmaceutico.org\/chi-siamo\/farmacie\/belluno\">Qui il link<\/a> alle farmacie della provincia di Belluno<\/p>\n<p>Da marted\u00ec 10 a luned\u00ec 16 febbraio 2026, si svolge la 26\u00aa edizione delle Giornate di Raccolta del Farmaco. In 6.000 farmacie che partecipano in tutte le citt\u00e0 italiane (espongono la locandina dell\u2019iniziativa &#8211; L\u2019elenco \u00e8 consultabile su www.bancofarmaceutico.org), si chiede ai cittadini di donare uno o pi\u00f9 medicinali da banco per chi ha bisogno.<\/p>\n<p>I farmaci raccolti (nel 2025, 653.339 confezioni, pari a un valore di 5.980.898 euro e a una media di 111 confezioni donate in ogni farmacia) saranno consegnati a pi\u00f9 di 2.000 realt\u00e0 benefiche che si prendono cura di almeno 502.000 persone (145.000 sono minori) in condizione di povert\u00e0 sanitaria, offrendo gratuitamente cure e medicine. Il fabbisogno segnalato a Banco Farmaceutico da tali realt\u00e0 \u00e8 superiore a 1,2 milioni di confezioni di medicinali. I cittadini sono invitati ad andare apposta in farmacia per donare un farmaco.<\/p>\n<p>Servono, soprattutto, farmaci per l\u2019influenza e pediatrici, decongestionanti nasali, analgesici, antistaminici e antifebbrili, farmaci ginecologici, preparati per la tosse e per i disturbi gastrointestinali, preparati per il trattamento di ferite e ulcerazioni, antinfiammatori, farmaci per i dolori articolari e disinfettanti.<\/p>\n<p>Le GRF si svolgono sotto l\u2019Alto Patronato del Presidente della Repubblica, con il patrocinio di AIFA e in collaborazione con Cdo Opere Sociali, Federfarma, Fofi, Federchimica Assosalute, Egualia \u2013 Industrie Farmaci Accessibili. Intesa Sanpaolo \u00e8 Partner Istituzionale dell\u2019iniziativa. La GRF \u00e8 realizzata grazie all\u2019importante contributo incondizionato di DOC Pharma, EG STADA Group e DHL Supply Chain Italia e al sostegno di IBSA Italy, Piam Farmaceutici, Zentiva Italia e Krka Farmaceutici.<\/p>\n<p>L\u2019iniziativa Giornate di Raccolta del Farmaco ha ottenuto il supporto informativo di RAI per la Sostenibilit\u00e0 \u2013 ESG attraverso i canali editoriali Rai, ed \u00e8 supportata da Mediafriends, La7, Sky per il sociale, Warner Bros. Discovery e Pubblicit\u00e0 Progresso.<\/p>\n<p>L\u2019iniziativa \u00e8 possibile grazie al sostegno di 21.000 farmacisti (titolari e non) che oltre a ospitare le GRF le sostengono con erogazioni liberali. Anche quest\u2019anno, ci saranno oltre 27.000 volontari.<\/p>","protected":false},"excerpt":{"rendered":"<p>In 6.000 farmacie che partecipano in ogni citt\u00e0, si dona uno o pi\u00f9 medicinali da banco. Serve pi\u00f9 di 1,2 milioni di farmaci per 502.000 persone in condizioni di povert\u00e0 sanitaria (145.000 sono minori) di cui si prendono cura 2.000 realt\u00e0 assistenziali. La Raccolta dura una settimana. \u00c8 possibile grazie a 27.000 volontari e 21.000 [&hellip;]<\/p>\n","protected":false},"author":2,"featured_media":113113,"comment_status":"closed","ping_status":"open","sticky":false,"template":"","format":"standard","meta":{"footnotes":""},"categories":[17],"tags":[],"class_list":["post-167330","post","type-post","status-publish","format-standard","has-post-thumbnail","category-sanita"],"yoast_head":"<!-- This site is optimized with the Yoast SEO plugin v28.4 - https:\/\/yoast.com\/product\/yoast-seo-wordpress\/ -->\n<title>Giornate di raccolta del farmaco da marted\u00ec 10 a luned\u00ec 16 febbraio - Bellunopress - Dolomiti<\/title>\n<meta name=\"robots\" content=\"index, follow, max-snippet:-1, max-image-preview:large, max-video-preview:-1\" \/>\n<link rel=\"canonical\" href=\"https:\/\/www.bellunopress.it\/fr\/2026\/02\/10\/giornate-di-raccolta-del-farmaco-da-martedi-10-a-lunedi-16-febbraio\/\" \/>\n<meta property=\"og:locale\" content=\"fr_FR\" \/>\n<meta property=\"og:type\" content=\"article\" \/>\n<meta property=\"og:title\" content=\"Giornate di raccolta del farmaco da marted\u00ec 10 a luned\u00ec 16 febbraio - Bellunopress - Dolomiti\" \/>\n<meta property=\"og:description\" content=\"In 6.000 farmacie che partecipano in ogni citt\u00e0, si dona uno o pi\u00f9 medicinali da banco. Serve pi\u00f9 di 1,2 milioni di farmaci per 502.000 persone in condizioni di povert\u00e0 sanitaria (145.000 sono minori) di cui si prendono cura 2.000 realt\u00e0 assistenziali. La Raccolta dura una settimana. \u00c8 possibile grazie a 27.000 volontari e 21.000 [&hellip;]\" \/>\n<meta property=\"og:url\" content=\"https:\/\/www.bellunopress.it\/fr\/2026\/02\/10\/giornate-di-raccolta-del-farmaco-da-martedi-10-a-lunedi-16-febbraio\/\" \/>\n<meta property=\"og:site_name\" content=\"Bellunopress - Dolomiti\" \/>\n<meta property=\"article:publisher\" content=\"https:\/\/www.facebook.com\/profile.php?id=100008943462799\" \/>\n<meta property=\"article:published_time\" content=\"2026-02-10T06:18:42+00:00\" \/>\n<meta property=\"og:image\" content=\"https:\/\/www.bellunopress.it\/wp-content\/uploads\/2020\/03\/farmacia.jpg\" \/>\n\t<meta property=\"og:image:width\" content=\"703\" \/>\n\t<meta property=\"og:image:height\" content=\"543\" \/>\n\t<meta property=\"og:image:type\" content=\"image\/jpeg\" \/>\n<meta name=\"author\" content=\"redazione\" \/>\n<meta name=\"twitter:card\" content=\"summary_large_image\" \/>\n<meta name=\"twitter:creator\" content=\"@bellunopress\" \/>\n<meta name=\"twitter:site\" content=\"@bellunopress\" \/>\n<meta name=\"twitter:label1\" content=\"\u00c9crit par\" \/>\n\t<meta name=\"twitter:data1\" content=\"redazione\" \/>\n\t<meta name=\"twitter:label2\" content=\"Dur\u00e9e de lecture estim\u00e9e\" \/>\n\t<meta name=\"twitter:data2\" content=\"2 minutes\" \/>\n<script type=\"application\/ld+json\" class=\"yoast-schema-graph\">{\"@context\":\"https:\\\/\\\/schema.org\",\"@graph\":[{\"@type\":\"Article\",\"@id\":\"https:\\\/\\\/www.bellunopress.it\\\/2026\\\/02\\\/10\\\/giornate-di-raccolta-del-farmaco-da-martedi-10-a-lunedi-16-febbraio\\\/#article\",\"isPartOf\":{\"@id\":\"https:\\\/\\\/www.bellunopress.it\\\/2026\\\/02\\\/10\\\/giornate-di-raccolta-del-farmaco-da-martedi-10-a-lunedi-16-febbraio\\\/\"},\"author\":{\"name\":\"redazione\",\"@id\":\"https:\\\/\\\/www.bellunopress.it\\\/#\\\/schema\\\/person\\\/79bb06722b37ece1c03d3e94beb30d73\"},\"headline\":\"Giornate di raccolta del farmaco da marted\u00ec 10 a luned\u00ec 16 febbraio\",\"datePublished\":\"2026-02-10T06:18:42+00:00\",\"mainEntityOfPage\":{\"@id\":\"https:\\\/\\\/www.bellunopress.it\\\/2026\\\/02\\\/10\\\/giornate-di-raccolta-del-farmaco-da-martedi-10-a-lunedi-16-febbraio\\\/\"},\"wordCount\":381,\"publisher\":{\"@id\":\"https:\\\/\\\/www.bellunopress.it\\\/#organization\"},\"image\":{\"@id\":\"https:\\\/\\\/www.bellunopress.it\\\/2026\\\/02\\\/10\\\/giornate-di-raccolta-del-farmaco-da-martedi-10-a-lunedi-16-febbraio\\\/#primaryimage\"},\"thumbnailUrl\":\"https:\\\/\\\/www.bellunopress.it\\\/wp-content\\\/uploads\\\/2020\\\/03\\\/farmacia.jpg\",\"articleSection\":[\"Sanit\u00e0 Medicina\"],\"inLanguage\":\"fr-FR\"},{\"@type\":\"WebPage\",\"@id\":\"https:\\\/\\\/www.bellunopress.it\\\/2026\\\/02\\\/10\\\/giornate-di-raccolta-del-farmaco-da-martedi-10-a-lunedi-16-febbraio\\\/\",\"url\":\"https:\\\/\\\/www.bellunopress.it\\\/2026\\\/02\\\/10\\\/giornate-di-raccolta-del-farmaco-da-martedi-10-a-lunedi-16-febbraio\\\/\",\"name\":\"Giornate di raccolta del farmaco da marted\u00ec 10 a luned\u00ec 16 febbraio - Bellunopress - Dolomiti\",\"isPartOf\":{\"@id\":\"https:\\\/\\\/www.bellunopress.it\\\/#website\"},\"primaryImageOfPage\":{\"@id\":\"https:\\\/\\\/www.bellunopress.it\\\/2026\\\/02\\\/10\\\/giornate-di-raccolta-del-farmaco-da-martedi-10-a-lunedi-16-febbraio\\\/#primaryimage\"},\"image\":{\"@id\":\"https:\\\/\\\/www.bellunopress.it\\\/2026\\\/02\\\/10\\\/giornate-di-raccolta-del-farmaco-da-martedi-10-a-lunedi-16-febbraio\\\/#primaryimage\"},\"thumbnailUrl\":\"https:\\\/\\\/www.bellunopress.it\\\/wp-content\\\/uploads\\\/2020\\\/03\\\/farmacia.jpg\",\"datePublished\":\"2026-02-10T06:18:42+00:00\",\"breadcrumb\":{\"@id\":\"https:\\\/\\\/www.bellunopress.it\\\/2026\\\/02\\\/10\\\/giornate-di-raccolta-del-farmaco-da-martedi-10-a-lunedi-16-febbraio\\\/#breadcrumb\"},\"inLanguage\":\"fr-FR\",\"potentialAction\":[{\"@type\":\"ReadAction\",\"target\":[\"https:\\\/\\\/www.bellunopress.it\\\/2026\\\/02\\\/10\\\/giornate-di-raccolta-del-farmaco-da-martedi-10-a-lunedi-16-febbraio\\\/\"]}]},{\"@type\":\"ImageObject\",\"inLanguage\":\"fr-FR\",\"@id\":\"https:\\\/\\\/www.bellunopress.it\\\/2026\\\/02\\\/10\\\/giornate-di-raccolta-del-farmaco-da-martedi-10-a-lunedi-16-febbraio\\\/#primaryimage\",\"url\":\"https:\\\/\\\/www.bellunopress.it\\\/wp-content\\\/uploads\\\/2020\\\/03\\\/farmacia.jpg\",\"contentUrl\":\"https:\\\/\\\/www.bellunopress.it\\\/wp-content\\\/uploads\\\/2020\\\/03\\\/farmacia.jpg\",\"width\":703,\"height\":543},{\"@type\":\"BreadcrumbList\",\"@id\":\"https:\\\/\\\/www.bellunopress.it\\\/2026\\\/02\\\/10\\\/giornate-di-raccolta-del-farmaco-da-martedi-10-a-lunedi-16-febbraio\\\/#breadcrumb\",\"itemListElement\":[{\"@type\":\"ListItem\",\"position\":1,\"name\":\"Home\",\"item\":\"https:\\\/\\\/www.bellunopress.it\\\/\"},{\"@type\":\"ListItem\",\"position\":2,\"name\":\"Giornate di raccolta del farmaco da marted\u00ec 10 a luned\u00ec 16 febbraio\"}]},{\"@type\":\"WebSite\",\"@id\":\"https:\\\/\\\/www.bellunopress.it\\\/#website\",\"url\":\"https:\\\/\\\/www.bellunopress.it\\\/\",\"name\":\"Bellunopress - Dolomiti\",\"description\":\"e-mail: redazione@bellunopress.it\",\"publisher\":{\"@id\":\"https:\\\/\\\/www.bellunopress.it\\\/#organization\"},\"potentialAction\":[{\"@type\":\"SearchAction\",\"target\":{\"@type\":\"EntryPoint\",\"urlTemplate\":\"https:\\\/\\\/www.bellunopress.it\\\/?s={search_term_string}\"},\"query-input\":{\"@type\":\"PropertyValueSpecification\",\"valueRequired\":true,\"valueName\":\"search_term_string\"}}],\"inLanguage\":\"fr-FR\"},{\"@type\":\"Organization\",\"@id\":\"https:\\\/\\\/www.bellunopress.it\\\/#organization\",\"name\":\"Bellunopress\",\"url\":\"https:\\\/\\\/www.bellunopress.it\\\/\",\"logo\":{\"@type\":\"ImageObject\",\"inLanguage\":\"fr-FR\",\"@id\":\"https:\\\/\\\/www.bellunopress.it\\\/#\\\/schema\\\/logo\\\/image\\\/\",\"url\":\"https:\\\/\\\/www.bellunopress.it\\\/wp-content\\\/uploads\\\/2011\\\/05\\\/cropped-logo-bellunopress-.jpg\",\"contentUrl\":\"https:\\\/\\\/www.bellunopress.it\\\/wp-content\\\/uploads\\\/2011\\\/05\\\/cropped-logo-bellunopress-.jpg\",\"width\":512,\"height\":512,\"caption\":\"Bellunopress\"},\"image\":{\"@id\":\"https:\\\/\\\/www.bellunopress.it\\\/#\\\/schema\\\/logo\\\/image\\\/\"},\"sameAs\":[\"https:\\\/\\\/www.facebook.com\\\/profile.php?id=100008943462799\",\"https:\\\/\\\/x.com\\\/bellunopress\",\"https:\\\/\\\/www.linkedin.com\\\/hp\\\/?dnr=JBzUWaJfMUw8vbXJJ2tVW5-I3jZKvC4wsoxE&amp;amp;amp;amp;amp;amp;trk=nav_responsive_tab_home\",\"https:\\\/\\\/www.youtube.com\\\/channel\\\/UCxL0wu1uN0_3_7hGG0306cw\"]},{\"@type\":\"Person\",\"@id\":\"https:\\\/\\\/www.bellunopress.it\\\/#\\\/schema\\\/person\\\/79bb06722b37ece1c03d3e94beb30d73\",\"name\":\"redazione\",\"image\":{\"@type\":\"ImageObject\",\"inLanguage\":\"fr-FR\",\"@id\":\"https:\\\/\\\/secure.gravatar.com\\\/avatar\\\/37d968a2e67a6fd04c169c4bdef102d0bc5d31b2546345219e348575eb80e9a0?s=96&d=mm&r=g\",\"url\":\"https:\\\/\\\/secure.gravatar.com\\\/avatar\\\/37d968a2e67a6fd04c169c4bdef102d0bc5d31b2546345219e348575eb80e9a0?s=96&d=mm&r=g\",\"contentUrl\":\"https:\\\/\\\/secure.gravatar.com\\\/avatar\\\/37d968a2e67a6fd04c169c4bdef102d0bc5d31b2546345219e348575eb80e9a0?s=96&d=mm&r=g\",\"caption\":\"redazione\"},\"sameAs\":[\"http:\\\/\\\/www.bellunopress.it\",\"https:\\\/\\\/x.com\\\/bellunopress\"],\"url\":\"https:\\\/\\\/www.bellunopress.it\\\/fr\\\/author\\\/redazione\\\/\"}]}<\/script>\n<!-- \/ Yoast SEO plugin. -->","yoast_head_json":{"title":"Giornate di raccolta del farmaco da marted\u00ec 10 a luned\u00ec 16 febbraio - Bellunopress - Dolomiti","robots":{"index":"index","follow":"follow","max-snippet":"max-snippet:-1","max-image-preview":"max-image-preview:large","max-video-preview":"max-video-preview:-1"},"canonical":"https:\/\/www.bellunopress.it\/fr\/2026\/02\/10\/giornate-di-raccolta-del-farmaco-da-martedi-10-a-lunedi-16-febbraio\/","og_locale":"fr_FR","og_type":"article","og_title":"Giornate di raccolta del farmaco da marted\u00ec 10 a luned\u00ec 16 febbraio - Bellunopress - Dolomiti","og_description":"In 6.000 farmacie che partecipano in ogni citt\u00e0, si dona uno o pi\u00f9 medicinali da banco. Serve pi\u00f9 di 1,2 milioni di farmaci per 502.000 persone in condizioni di povert\u00e0 sanitaria (145.000 sono minori) di cui si prendono cura 2.000 realt\u00e0 assistenziali. La Raccolta dura una settimana. \u00c8 possibile grazie a 27.000 volontari e 21.000 [&hellip;]","og_url":"https:\/\/www.bellunopress.it\/fr\/2026\/02\/10\/giornate-di-raccolta-del-farmaco-da-martedi-10-a-lunedi-16-febbraio\/","og_site_name":"Bellunopress - Dolomiti","article_publisher":"https:\/\/www.facebook.com\/profile.php?id=100008943462799","article_published_time":"2026-02-10T06:18:42+00:00","og_image":[{"width":703,"height":543,"url":"https:\/\/www.bellunopress.it\/wp-content\/uploads\/2020\/03\/farmacia.jpg","type":"image\/jpeg"}],"author":"redazione","twitter_card":"summary_large_image","twitter_creator":"@bellunopress","twitter_site":"@bellunopress","twitter_misc":{"\u00c9crit par":"redazione","Dur\u00e9e de lecture estim\u00e9e":"2 minutes"},"schema":{"@context":"https:\/\/schema.org","@graph":[{"@type":"Article","@id":"https:\/\/www.bellunopress.it\/2026\/02\/10\/giornate-di-raccolta-del-farmaco-da-martedi-10-a-lunedi-16-febbraio\/#article","isPartOf":{"@id":"https:\/\/www.bellunopress.it\/2026\/02\/10\/giornate-di-raccolta-del-farmaco-da-martedi-10-a-lunedi-16-febbraio\/"},"author":{"name":"redazione","@id":"https:\/\/www.bellunopress.it\/#\/schema\/person\/79bb06722b37ece1c03d3e94beb30d73"},"headline":"Giornate di raccolta del farmaco da marted\u00ec 10 a luned\u00ec 16 febbraio","datePublished":"2026-02-10T06:18:42+00:00","mainEntityOfPage":{"@id":"https:\/\/www.bellunopress.it\/2026\/02\/10\/giornate-di-raccolta-del-farmaco-da-martedi-10-a-lunedi-16-febbraio\/"},"wordCount":381,"publisher":{"@id":"https:\/\/www.bellunopress.it\/#organization"},"image":{"@id":"https:\/\/www.bellunopress.it\/2026\/02\/10\/giornate-di-raccolta-del-farmaco-da-martedi-10-a-lunedi-16-febbraio\/#primaryimage"},"thumbnailUrl":"https:\/\/www.bellunopress.it\/wp-content\/uploads\/2020\/03\/farmacia.jpg","articleSection":["Sanit\u00e0 Medicina"],"inLanguage":"fr-FR"},{"@type":"WebPage","@id":"https:\/\/www.bellunopress.it\/2026\/02\/10\/giornate-di-raccolta-del-farmaco-da-martedi-10-a-lunedi-16-febbraio\/","url":"https:\/\/www.bellunopress.it\/2026\/02\/10\/giornate-di-raccolta-del-farmaco-da-martedi-10-a-lunedi-16-febbraio\/","name":"Giornate di raccolta del farmaco da marted\u00ec 10 a luned\u00ec 16 febbraio - Bellunopress - Dolomiti","isPartOf":{"@id":"https:\/\/www.bellunopress.it\/#website"},"primaryImageOfPage":{"@id":"https:\/\/www.bellunopress.it\/2026\/02\/10\/giornate-di-raccolta-del-farmaco-da-martedi-10-a-lunedi-16-febbraio\/#primaryimage"},"image":{"@id":"https:\/\/www.bellunopress.it\/2026\/02\/10\/giornate-di-raccolta-del-farmaco-da-martedi-10-a-lunedi-16-febbraio\/#primaryimage"},"thumbnailUrl":"https:\/\/www.bellunopress.it\/wp-content\/uploads\/2020\/03\/farmacia.jpg","datePublished":"2026-02-10T06:18:42+00:00","breadcrumb":{"@id":"https:\/\/www.bellunopress.it\/2026\/02\/10\/giornate-di-raccolta-del-farmaco-da-martedi-10-a-lunedi-16-febbraio\/#breadcrumb"},"inLanguage":"fr-FR","potentialAction":[{"@type":"ReadAction","target":["https:\/\/www.bellunopress.it\/2026\/02\/10\/giornate-di-raccolta-del-farmaco-da-martedi-10-a-lunedi-16-febbraio\/"]}]},{"@type":"ImageObject","inLanguage":"fr-FR","@id":"https:\/\/www.bellunopress.it\/2026\/02\/10\/giornate-di-raccolta-del-farmaco-da-martedi-10-a-lunedi-16-febbraio\/#primaryimage","url":"https:\/\/www.bellunopress.it\/wp-content\/uploads\/2020\/03\/farmacia.jpg","contentUrl":"https:\/\/www.bellunopress.it\/wp-content\/uploads\/2020\/03\/farmacia.jpg","width":703,"height":543},{"@type":"BreadcrumbList","@id":"https:\/\/www.bellunopress.it\/2026\/02\/10\/giornate-di-raccolta-del-farmaco-da-martedi-10-a-lunedi-16-febbraio\/#breadcrumb","itemListElement":[{"@type":"ListItem","position":1,"name":"Home","item":"https:\/\/www.bellunopress.it\/"},{"@type":"ListItem","position":2,"name":"Giornate di raccolta del farmaco da marted\u00ec 10 a luned\u00ec 16 febbraio"}]},{"@type":"WebSite","@id":"https:\/\/www.bellunopress.it\/#website","url":"https:\/\/www.bellunopress.it\/","name":"Bellunopress - Dolomiti","description":"e-mail: redazione@bellunopress.it","publisher":{"@id":"https:\/\/www.bellunopress.it\/#organization"},"potentialAction":[{"@type":"SearchAction","target":{"@type":"EntryPoint","urlTemplate":"https:\/\/www.bellunopress.it\/?s={search_term_string}"},"query-input":{"@type":"PropertyValueSpecification","valueRequired":true,"valueName":"search_term_string"}}],"inLanguage":"fr-FR"},{"@type":"Organization","@id":"https:\/\/www.bellunopress.it\/#organization","name":"Bellunopress","url":"https:\/\/www.bellunopress.it\/","logo":{"@type":"ImageObject","inLanguage":"fr-FR","@id":"https:\/\/www.bellunopress.it\/#\/schema\/logo\/image\/","url":"https:\/\/www.bellunopress.it\/wp-content\/uploads\/2011\/05\/cropped-logo-bellunopress-.jpg","contentUrl":"https:\/\/www.bellunopress.it\/wp-content\/uploads\/2011\/05\/cropped-logo-bellunopress-.jpg","width":512,"height":512,"caption":"Bellunopress"},"image":{"@id":"https:\/\/www.bellunopress.it\/#\/schema\/logo\/image\/"},"sameAs":["https:\/\/www.facebook.com\/profile.php?id=100008943462799","https:\/\/x.com\/bellunopress","https:\/\/www.linkedin.com\/hp\/?dnr=JBzUWaJfMUw8vbXJJ2tVW5-I3jZKvC4wsoxE&amp;amp;amp;amp;amp;amp;trk=nav_responsive_tab_home","https:\/\/www.youtube.com\/channel\/UCxL0wu1uN0_3_7hGG0306cw"]},{"@type":"Person","@id":"https:\/\/www.bellunopress.it\/#\/schema\/person\/79bb06722b37ece1c03d3e94beb30d73","name":"r\u00e9daction","image":{"@type":"ImageObject","inLanguage":"fr-FR","@id":"https:\/\/secure.gravatar.com\/avatar\/37d968a2e67a6fd04c169c4bdef102d0bc5d31b2546345219e348575eb80e9a0?s=96&d=mm&r=g","url":"https:\/\/secure.gravatar.com\/avatar\/37d968a2e67a6fd04c169c4bdef102d0bc5d31b2546345219e348575eb80e9a0?s=96&d=mm&r=g","contentUrl":"https:\/\/secure.gravatar.com\/avatar\/37d968a2e67a6fd04c169c4bdef102d0bc5d31b2546345219e348575eb80e9a0?s=96&d=mm&r=g","caption":"redazione"},"sameAs":["http:\/\/www.bellunopress.it","https:\/\/x.com\/bellunopress"],"url":"https:\/\/www.bellunopress.it\/fr\/author\/redazione\/"}]}},"_links":{"self":[{"href":"https:\/\/www.bellunopress.it\/fr\/wp-json\/wp\/v2\/posts\/167330","targetHints":{"allow":["GET"]}}],"collection":[{"href":"https:\/\/www.bellunopress.it\/fr\/wp-json\/wp\/v2\/posts"}],"about":[{"href":"https:\/\/www.bellunopress.it\/fr\/wp-json\/wp\/v2\/types\/post"}],"author":[{"embeddable":true,"href":"https:\/\/www.bellunopress.it\/fr\/wp-json\/wp\/v2\/users\/2"}],"replies":[{"embeddable":true,"href":"https:\/\/www.bellunopress.it\/fr\/wp-json\/wp\/v2\/comments?post=167330"}],"version-history":[{"count":1,"href":"https:\/\/www.bellunopress.it\/fr\/wp-json\/wp\/v2\/posts\/167330\/revisions"}],"predecessor-version":[{"id":167331,"href":"https:\/\/www.bellunopress.it\/fr\/wp-json\/wp\/v2\/posts\/167330\/revisions\/167331"}],"wp:featuredmedia":[{"embeddable":true,"href":"https:\/\/www.bellunopress.it\/fr\/wp-json\/wp\/v2\/media\/113113"}],"wp:attachment":[{"href":"https:\/\/www.bellunopress.it\/fr\/wp-json\/wp\/v2\/media?parent=167330"}],"wp:term":[{"taxonomy":"category","embeddable":true,"href":"https:\/\/www.bellunopress.it\/fr\/wp-json\/wp\/v2\/categories?post=167330"},{"taxonomy":"post_tag","embeddable":true,"href":"https:\/\/www.bellunopress.it\/fr\/wp-json\/wp\/v2\/tags?post=167330"}],"curies":[{"name":"wp","href":"https:\/\/api.w.org\/{rel}","templated":true}]}}