{"id":167322,"date":"2026-02-10T10:00:57","date_gmt":"2026-02-10T09:00:57","guid":{"rendered":"https:\/\/www.bellunopress.it\/?p=167322"},"modified":"2026-03-11T09:09:28","modified_gmt":"2026-03-11T08:09:28","slug":"libri-in-caffetteria-venerdi-allunisono-di-feltre-la-presentazione-de-la-signora-con-due-pistole-di-roberto-de-nart","status":"publish","type":"post","link":"https:\/\/www.bellunopress.it\/fr\/2026\/02\/10\/libri-in-caffetteria-venerdi-allunisono-di-feltre-la-presentazione-de-la-signora-con-due-pistole-di-roberto-de-nart\/","title":{"rendered":"Libri in Caffetteria. Venerd\u00ec all&#8217;Unisono di Feltre la presentazione de \u201cLa signora con due pistole\u201d di Roberto De Nart"},"content":{"rendered":"<p>Feltre, 10 febbraio 2026 &#8211;\u00a0Continua il ciclo di appuntamenti \u201cLibri in Caffetteria\u201d all\u2019Unisono, lo storico locale di piazza Maggiore a Feltre che da sempre \u00e8 spazio di incontro, musica e cultura. Venerd\u00ec 13 febbraio alle ore 18:30 sar\u00e0 protagonista <a href=\"https:\/\/www.robertodenart.com\/\">Roberto De Nart<\/a>, giornalista e autore bellunese, con la presentazione del suo ultimo libro \u201cLa signora con due pistole\u201d. L\u2019ingresso \u00e8 libero.<\/p>\n<p>Il volume racconta una storia vera, dimenticata per quasi un secolo, che ha sconvolto la comunit\u00e0 di Alleghe negli anni Venti. Il 7 novembre 1922, nell\u2019Albergo Polo Nord di Alleghe, Elisa Gabrieli, originaria di Rocca Pietore, uccide con tre colpi di pistola il marito Dino De Nicolao, proprietario di una lussuosa pasticceria a Padova. Una vicenda di gelosia, tradimenti presunti o reali e passione, ricostruita da De Nart attraverso gli archivi storici dei giornali e gli atti processuali del Tribunale di Belluno. \u201cCi\u00f2 che rende questo delitto particolarmente raro \u2013 racconta De Nart \u2013 \u00e8 il fatto che, secondo i dati Istat, nel 94-95% dei casi l\u2019omicida \u00e8 un uomo. Qui, invece, la vittima \u00e8 il marito e l\u2019autrice del gesto \u00e8 la donna. Raccontare questa storia significa restituire alla memoria collettiva, dunque alla nostra storia di comunit\u00e0, un episodio che il tempo aveva quasi cancellato\u201d.<\/p>\n<p>Il processo, durato quattro giorni, riconobbe vizio parziale di mente, impeto d\u2019ira e grave provocazione, concedendo attenuanti alla donna e concludendosi con una sentenza relativamente mite per l\u2019epoca. Con questo libro, De Nart firma l\u2019ottavo caso di omicidio legato al territorio bellunese, differenziandosi per\u00f2 dai precedenti proprio per la particolarit\u00e0 della vicenda. A presentare la serata sar\u00e0 l\u2019avvocato Anna Polifroni, che guider\u00e0 la conversazione tra l\u2019autore e il pubblico.<\/p>\n<p><img loading=\"lazy\" decoding=\"async\" class=\"aligncenter size-full wp-image-157783\" src=\"https:\/\/www.bellunopress.it\/wp-content\/uploads\/2025\/02\/Unisono-Libri-in-caffetteria_edited.jpg\" alt=\"\" width=\"647\" height=\"1000\" srcset=\"https:\/\/www.bellunopress.it\/wp-content\/uploads\/2025\/02\/Unisono-Libri-in-caffetteria_edited.jpg 647w, https:\/\/www.bellunopress.it\/wp-content\/uploads\/2025\/02\/Unisono-Libri-in-caffetteria_edited-324x500.jpg 324w, https:\/\/www.bellunopress.it\/wp-content\/uploads\/2025\/02\/Unisono-Libri-in-caffetteria_edited-272x420.jpg 272w\" sizes=\"auto, (max-width: 647px) 100vw, 647px\" \/>\u201cL\u2019Unisono \u2013 affermano Nicol\u00f2 Ferrari Bravo e Alessia Trentin \u2013 \u00e8 da sempre spazio di musica, incontro e cultura. Ospitare presentazioni di libri \u00e8 quasi naturale. L\u2019idea \u00e8 quella di ritrovarsi, un po\u2019 come nei vecchi fil\u00f2, per fare quattro chiacchiere, bere qualcosa e ascoltare storie che appartengono alla nostra terra e non solo, ma anche riflettere e approfondire\u201d.<\/p>\n<p>L\u2019appuntamento di venerd\u00ec 13 febbraio \u00e8 dunque un\u2019occasione per incontrare l\u2019autore, immergersi in una vicenda storica affascinante e scoprire un pezzo di storia locale con il piacere di un incontro informale, tra cultura, caff\u00e8 e chiacchiere.<\/p>","protected":false},"excerpt":{"rendered":"<p>Feltre, 10 febbraio 2026 &#8211;\u00a0Continua il ciclo di appuntamenti \u201cLibri in Caffetteria\u201d all\u2019Unisono, lo storico locale di piazza Maggiore a Feltre che da sempre \u00e8 spazio di incontro, musica e cultura. Venerd\u00ec 13 febbraio alle ore 18:30 sar\u00e0 protagonista Roberto De Nart, giornalista e autore bellunese, con la presentazione del suo ultimo libro \u201cLa signora [&hellip;]<\/p>\n","protected":false},"author":2,"featured_media":167323,"comment_status":"closed","ping_status":"open","sticky":false,"template":"","format":"standard","meta":{"footnotes":""},"categories":[27,3,3446,25],"tags":[],"class_list":["post-167322","post","type-post","status-publish","format-standard","has-post-thumbnail","category-appuntamenti","category-arte-cultura-spettacoli-scienza-archivi","category-featured","category-pausa-caffe"],"yoast_head":"<!-- This site is optimized with the Yoast SEO plugin v28.4 - https:\/\/yoast.com\/product\/yoast-seo-wordpress\/ -->\n<title>Libri in Caffetteria. Venerd\u00ec all&#039;Unisono di Feltre la presentazione de \u201cLa signora con due pistole\u201d di Roberto De Nart - Bellunopress - Dolomiti<\/title>\n<meta name=\"robots\" content=\"index, follow, max-snippet:-1, max-image-preview:large, max-video-preview:-1\" \/>\n<link rel=\"canonical\" href=\"https:\/\/www.bellunopress.it\/fr\/2026\/02\/10\/libri-in-caffetteria-venerdi-allunisono-di-feltre-la-presentazione-de-la-signora-con-due-pistole-di-roberto-de-nart\/\" \/>\n<meta property=\"og:locale\" content=\"fr_FR\" \/>\n<meta property=\"og:type\" content=\"article\" \/>\n<meta property=\"og:title\" content=\"Libri in Caffetteria. Venerd\u00ec all&#039;Unisono di Feltre la presentazione de \u201cLa signora con due pistole\u201d di Roberto De Nart - Bellunopress - Dolomiti\" \/>\n<meta property=\"og:description\" content=\"Feltre, 10 febbraio 2026 &#8211;\u00a0Continua il ciclo di appuntamenti \u201cLibri in Caffetteria\u201d all\u2019Unisono, lo storico locale di piazza Maggiore a Feltre che da sempre \u00e8 spazio di incontro, musica e cultura. Venerd\u00ec 13 febbraio alle ore 18:30 sar\u00e0 protagonista Roberto De Nart, giornalista e autore bellunese, con la presentazione del suo ultimo libro \u201cLa signora [&hellip;]\" \/>\n<meta property=\"og:url\" content=\"https:\/\/www.bellunopress.it\/fr\/2026\/02\/10\/libri-in-caffetteria-venerdi-allunisono-di-feltre-la-presentazione-de-la-signora-con-due-pistole-di-roberto-de-nart\/\" \/>\n<meta property=\"og:site_name\" content=\"Bellunopress - Dolomiti\" \/>\n<meta property=\"article:publisher\" content=\"https:\/\/www.facebook.com\/profile.php?id=100008943462799\" \/>\n<meta property=\"article:published_time\" content=\"2026-02-10T09:00:57+00:00\" \/>\n<meta property=\"article:modified_time\" content=\"2026-03-11T08:09:28+00:00\" \/>\n<meta property=\"og:image\" content=\"https:\/\/www.bellunopress.it\/wp-content\/uploads\/2026\/02\/libri-in-caffetteria.jpeg\" \/>\n\t<meta property=\"og:image:width\" content=\"940\" \/>\n\t<meta property=\"og:image:height\" content=\"788\" \/>\n\t<meta property=\"og:image:type\" content=\"image\/jpeg\" \/>\n<meta name=\"author\" content=\"redazione\" \/>\n<meta name=\"twitter:card\" content=\"summary_large_image\" \/>\n<meta name=\"twitter:creator\" content=\"@bellunopress\" \/>\n<meta name=\"twitter:site\" content=\"@bellunopress\" \/>\n<meta name=\"twitter:label1\" content=\"\u00c9crit par\" \/>\n\t<meta name=\"twitter:data1\" content=\"redazione\" \/>\n\t<meta name=\"twitter:label2\" content=\"Dur\u00e9e de lecture estim\u00e9e\" \/>\n\t<meta name=\"twitter:data2\" content=\"2 minutes\" \/>\n<script type=\"application\/ld+json\" class=\"yoast-schema-graph\">{\"@context\":\"https:\\\/\\\/schema.org\",\"@graph\":[{\"@type\":\"Article\",\"@id\":\"https:\\\/\\\/www.bellunopress.it\\\/2026\\\/02\\\/10\\\/libri-in-caffetteria-venerdi-allunisono-di-feltre-la-presentazione-de-la-signora-con-due-pistole-di-roberto-de-nart\\\/#article\",\"isPartOf\":{\"@id\":\"https:\\\/\\\/www.bellunopress.it\\\/2026\\\/02\\\/10\\\/libri-in-caffetteria-venerdi-allunisono-di-feltre-la-presentazione-de-la-signora-con-due-pistole-di-roberto-de-nart\\\/\"},\"author\":{\"name\":\"redazione\",\"@id\":\"https:\\\/\\\/www.bellunopress.it\\\/#\\\/schema\\\/person\\\/79bb06722b37ece1c03d3e94beb30d73\"},\"headline\":\"Libri in Caffetteria. Venerd\u00ec all&#8217;Unisono di Feltre la presentazione de \u201cLa signora con due pistole\u201d di Roberto De Nart\",\"datePublished\":\"2026-02-10T09:00:57+00:00\",\"dateModified\":\"2026-03-11T08:09:28+00:00\",\"mainEntityOfPage\":{\"@id\":\"https:\\\/\\\/www.bellunopress.it\\\/2026\\\/02\\\/10\\\/libri-in-caffetteria-venerdi-allunisono-di-feltre-la-presentazione-de-la-signora-con-due-pistole-di-roberto-de-nart\\\/\"},\"wordCount\":386,\"publisher\":{\"@id\":\"https:\\\/\\\/www.bellunopress.it\\\/#organization\"},\"image\":{\"@id\":\"https:\\\/\\\/www.bellunopress.it\\\/2026\\\/02\\\/10\\\/libri-in-caffetteria-venerdi-allunisono-di-feltre-la-presentazione-de-la-signora-con-due-pistole-di-roberto-de-nart\\\/#primaryimage\"},\"thumbnailUrl\":\"https:\\\/\\\/www.bellunopress.it\\\/wp-content\\\/uploads\\\/2026\\\/02\\\/libri-in-caffetteria.jpeg\",\"articleSection\":[\"Appuntamenti, Eventi\",\"Arte, Cultura, Spettacoli, Scienza\",\"Featured\",\"Pausa Caff\u00e8\"],\"inLanguage\":\"fr-FR\"},{\"@type\":\"WebPage\",\"@id\":\"https:\\\/\\\/www.bellunopress.it\\\/2026\\\/02\\\/10\\\/libri-in-caffetteria-venerdi-allunisono-di-feltre-la-presentazione-de-la-signora-con-due-pistole-di-roberto-de-nart\\\/\",\"url\":\"https:\\\/\\\/www.bellunopress.it\\\/2026\\\/02\\\/10\\\/libri-in-caffetteria-venerdi-allunisono-di-feltre-la-presentazione-de-la-signora-con-due-pistole-di-roberto-de-nart\\\/\",\"name\":\"Libri in Caffetteria. Venerd\u00ec all'Unisono di Feltre la presentazione de \u201cLa signora con due pistole\u201d di Roberto De Nart - Bellunopress - Dolomiti\",\"isPartOf\":{\"@id\":\"https:\\\/\\\/www.bellunopress.it\\\/#website\"},\"primaryImageOfPage\":{\"@id\":\"https:\\\/\\\/www.bellunopress.it\\\/2026\\\/02\\\/10\\\/libri-in-caffetteria-venerdi-allunisono-di-feltre-la-presentazione-de-la-signora-con-due-pistole-di-roberto-de-nart\\\/#primaryimage\"},\"image\":{\"@id\":\"https:\\\/\\\/www.bellunopress.it\\\/2026\\\/02\\\/10\\\/libri-in-caffetteria-venerdi-allunisono-di-feltre-la-presentazione-de-la-signora-con-due-pistole-di-roberto-de-nart\\\/#primaryimage\"},\"thumbnailUrl\":\"https:\\\/\\\/www.bellunopress.it\\\/wp-content\\\/uploads\\\/2026\\\/02\\\/libri-in-caffetteria.jpeg\",\"datePublished\":\"2026-02-10T09:00:57+00:00\",\"dateModified\":\"2026-03-11T08:09:28+00:00\",\"breadcrumb\":{\"@id\":\"https:\\\/\\\/www.bellunopress.it\\\/2026\\\/02\\\/10\\\/libri-in-caffetteria-venerdi-allunisono-di-feltre-la-presentazione-de-la-signora-con-due-pistole-di-roberto-de-nart\\\/#breadcrumb\"},\"inLanguage\":\"fr-FR\",\"potentialAction\":[{\"@type\":\"ReadAction\",\"target\":[\"https:\\\/\\\/www.bellunopress.it\\\/2026\\\/02\\\/10\\\/libri-in-caffetteria-venerdi-allunisono-di-feltre-la-presentazione-de-la-signora-con-due-pistole-di-roberto-de-nart\\\/\"]}]},{\"@type\":\"ImageObject\",\"inLanguage\":\"fr-FR\",\"@id\":\"https:\\\/\\\/www.bellunopress.it\\\/2026\\\/02\\\/10\\\/libri-in-caffetteria-venerdi-allunisono-di-feltre-la-presentazione-de-la-signora-con-due-pistole-di-roberto-de-nart\\\/#primaryimage\",\"url\":\"https:\\\/\\\/www.bellunopress.it\\\/wp-content\\\/uploads\\\/2026\\\/02\\\/libri-in-caffetteria.jpeg\",\"contentUrl\":\"https:\\\/\\\/www.bellunopress.it\\\/wp-content\\\/uploads\\\/2026\\\/02\\\/libri-in-caffetteria.jpeg\",\"width\":940,\"height\":788},{\"@type\":\"BreadcrumbList\",\"@id\":\"https:\\\/\\\/www.bellunopress.it\\\/2026\\\/02\\\/10\\\/libri-in-caffetteria-venerdi-allunisono-di-feltre-la-presentazione-de-la-signora-con-due-pistole-di-roberto-de-nart\\\/#breadcrumb\",\"itemListElement\":[{\"@type\":\"ListItem\",\"position\":1,\"name\":\"Home\",\"item\":\"https:\\\/\\\/www.bellunopress.it\\\/\"},{\"@type\":\"ListItem\",\"position\":2,\"name\":\"Libri in Caffetteria. Venerd\u00ec all&#8217;Unisono di Feltre la presentazione de \u201cLa signora con due pistole\u201d di Roberto De Nart\"}]},{\"@type\":\"WebSite\",\"@id\":\"https:\\\/\\\/www.bellunopress.it\\\/#website\",\"url\":\"https:\\\/\\\/www.bellunopress.it\\\/\",\"name\":\"Bellunopress - Dolomiti\",\"description\":\"e-mail: redazione@bellunopress.it\",\"publisher\":{\"@id\":\"https:\\\/\\\/www.bellunopress.it\\\/#organization\"},\"potentialAction\":[{\"@type\":\"SearchAction\",\"target\":{\"@type\":\"EntryPoint\",\"urlTemplate\":\"https:\\\/\\\/www.bellunopress.it\\\/?s={search_term_string}\"},\"query-input\":{\"@type\":\"PropertyValueSpecification\",\"valueRequired\":true,\"valueName\":\"search_term_string\"}}],\"inLanguage\":\"fr-FR\"},{\"@type\":\"Organization\",\"@id\":\"https:\\\/\\\/www.bellunopress.it\\\/#organization\",\"name\":\"Bellunopress\",\"url\":\"https:\\\/\\\/www.bellunopress.it\\\/\",\"logo\":{\"@type\":\"ImageObject\",\"inLanguage\":\"fr-FR\",\"@id\":\"https:\\\/\\\/www.bellunopress.it\\\/#\\\/schema\\\/logo\\\/image\\\/\",\"url\":\"https:\\\/\\\/www.bellunopress.it\\\/wp-content\\\/uploads\\\/2011\\\/05\\\/cropped-logo-bellunopress-.jpg\",\"contentUrl\":\"https:\\\/\\\/www.bellunopress.it\\\/wp-content\\\/uploads\\\/2011\\\/05\\\/cropped-logo-bellunopress-.jpg\",\"width\":512,\"height\":512,\"caption\":\"Bellunopress\"},\"image\":{\"@id\":\"https:\\\/\\\/www.bellunopress.it\\\/#\\\/schema\\\/logo\\\/image\\\/\"},\"sameAs\":[\"https:\\\/\\\/www.facebook.com\\\/profile.php?id=100008943462799\",\"https:\\\/\\\/x.com\\\/bellunopress\",\"https:\\\/\\\/www.linkedin.com\\\/hp\\\/?dnr=JBzUWaJfMUw8vbXJJ2tVW5-I3jZKvC4wsoxE&amp;amp;amp;amp;amp;amp;trk=nav_responsive_tab_home\",\"https:\\\/\\\/www.youtube.com\\\/channel\\\/UCxL0wu1uN0_3_7hGG0306cw\"]},{\"@type\":\"Person\",\"@id\":\"https:\\\/\\\/www.bellunopress.it\\\/#\\\/schema\\\/person\\\/79bb06722b37ece1c03d3e94beb30d73\",\"name\":\"redazione\",\"image\":{\"@type\":\"ImageObject\",\"inLanguage\":\"fr-FR\",\"@id\":\"https:\\\/\\\/secure.gravatar.com\\\/avatar\\\/37d968a2e67a6fd04c169c4bdef102d0bc5d31b2546345219e348575eb80e9a0?s=96&d=mm&r=g\",\"url\":\"https:\\\/\\\/secure.gravatar.com\\\/avatar\\\/37d968a2e67a6fd04c169c4bdef102d0bc5d31b2546345219e348575eb80e9a0?s=96&d=mm&r=g\",\"contentUrl\":\"https:\\\/\\\/secure.gravatar.com\\\/avatar\\\/37d968a2e67a6fd04c169c4bdef102d0bc5d31b2546345219e348575eb80e9a0?s=96&d=mm&r=g\",\"caption\":\"redazione\"},\"sameAs\":[\"http:\\\/\\\/www.bellunopress.it\",\"https:\\\/\\\/x.com\\\/bellunopress\"],\"url\":\"https:\\\/\\\/www.bellunopress.it\\\/fr\\\/author\\\/redazione\\\/\"}]}<\/script>\n<!-- \/ Yoast SEO plugin. -->","yoast_head_json":{"title":"Libri in Caffetteria. Venerd\u00ec all'Unisono di Feltre la presentazione de \u201cLa signora con due pistole\u201d di Roberto De Nart - Bellunopress - Dolomiti","robots":{"index":"index","follow":"follow","max-snippet":"max-snippet:-1","max-image-preview":"max-image-preview:large","max-video-preview":"max-video-preview:-1"},"canonical":"https:\/\/www.bellunopress.it\/fr\/2026\/02\/10\/libri-in-caffetteria-venerdi-allunisono-di-feltre-la-presentazione-de-la-signora-con-due-pistole-di-roberto-de-nart\/","og_locale":"fr_FR","og_type":"article","og_title":"Libri in Caffetteria. Venerd\u00ec all'Unisono di Feltre la presentazione de \u201cLa signora con due pistole\u201d di Roberto De Nart - Bellunopress - Dolomiti","og_description":"Feltre, 10 febbraio 2026 &#8211;\u00a0Continua il ciclo di appuntamenti \u201cLibri in Caffetteria\u201d all\u2019Unisono, lo storico locale di piazza Maggiore a Feltre che da sempre \u00e8 spazio di incontro, musica e cultura. Venerd\u00ec 13 febbraio alle ore 18:30 sar\u00e0 protagonista Roberto De Nart, giornalista e autore bellunese, con la presentazione del suo ultimo libro \u201cLa signora [&hellip;]","og_url":"https:\/\/www.bellunopress.it\/fr\/2026\/02\/10\/libri-in-caffetteria-venerdi-allunisono-di-feltre-la-presentazione-de-la-signora-con-due-pistole-di-roberto-de-nart\/","og_site_name":"Bellunopress - Dolomiti","article_publisher":"https:\/\/www.facebook.com\/profile.php?id=100008943462799","article_published_time":"2026-02-10T09:00:57+00:00","article_modified_time":"2026-03-11T08:09:28+00:00","og_image":[{"width":940,"height":788,"url":"https:\/\/www.bellunopress.it\/wp-content\/uploads\/2026\/02\/libri-in-caffetteria.jpeg","type":"image\/jpeg"}],"author":"redazione","twitter_card":"summary_large_image","twitter_creator":"@bellunopress","twitter_site":"@bellunopress","twitter_misc":{"\u00c9crit par":"redazione","Dur\u00e9e de lecture estim\u00e9e":"2 minutes"},"schema":{"@context":"https:\/\/schema.org","@graph":[{"@type":"Article","@id":"https:\/\/www.bellunopress.it\/2026\/02\/10\/libri-in-caffetteria-venerdi-allunisono-di-feltre-la-presentazione-de-la-signora-con-due-pistole-di-roberto-de-nart\/#article","isPartOf":{"@id":"https:\/\/www.bellunopress.it\/2026\/02\/10\/libri-in-caffetteria-venerdi-allunisono-di-feltre-la-presentazione-de-la-signora-con-due-pistole-di-roberto-de-nart\/"},"author":{"name":"redazione","@id":"https:\/\/www.bellunopress.it\/#\/schema\/person\/79bb06722b37ece1c03d3e94beb30d73"},"headline":"Libri in Caffetteria. Venerd\u00ec all&#8217;Unisono di Feltre la presentazione de \u201cLa signora con due pistole\u201d di Roberto De Nart","datePublished":"2026-02-10T09:00:57+00:00","dateModified":"2026-03-11T08:09:28+00:00","mainEntityOfPage":{"@id":"https:\/\/www.bellunopress.it\/2026\/02\/10\/libri-in-caffetteria-venerdi-allunisono-di-feltre-la-presentazione-de-la-signora-con-due-pistole-di-roberto-de-nart\/"},"wordCount":386,"publisher":{"@id":"https:\/\/www.bellunopress.it\/#organization"},"image":{"@id":"https:\/\/www.bellunopress.it\/2026\/02\/10\/libri-in-caffetteria-venerdi-allunisono-di-feltre-la-presentazione-de-la-signora-con-due-pistole-di-roberto-de-nart\/#primaryimage"},"thumbnailUrl":"https:\/\/www.bellunopress.it\/wp-content\/uploads\/2026\/02\/libri-in-caffetteria.jpeg","articleSection":["Appuntamenti, Eventi","Arte, Cultura, Spettacoli, Scienza","Featured","Pausa Caff\u00e8"],"inLanguage":"fr-FR"},{"@type":"WebPage","@id":"https:\/\/www.bellunopress.it\/2026\/02\/10\/libri-in-caffetteria-venerdi-allunisono-di-feltre-la-presentazione-de-la-signora-con-due-pistole-di-roberto-de-nart\/","url":"https:\/\/www.bellunopress.it\/2026\/02\/10\/libri-in-caffetteria-venerdi-allunisono-di-feltre-la-presentazione-de-la-signora-con-due-pistole-di-roberto-de-nart\/","name":"Libri in Caffetteria. Venerd\u00ec all'Unisono di Feltre la presentazione de \u201cLa signora con due pistole\u201d di Roberto De Nart - Bellunopress - Dolomiti","isPartOf":{"@id":"https:\/\/www.bellunopress.it\/#website"},"primaryImageOfPage":{"@id":"https:\/\/www.bellunopress.it\/2026\/02\/10\/libri-in-caffetteria-venerdi-allunisono-di-feltre-la-presentazione-de-la-signora-con-due-pistole-di-roberto-de-nart\/#primaryimage"},"image":{"@id":"https:\/\/www.bellunopress.it\/2026\/02\/10\/libri-in-caffetteria-venerdi-allunisono-di-feltre-la-presentazione-de-la-signora-con-due-pistole-di-roberto-de-nart\/#primaryimage"},"thumbnailUrl":"https:\/\/www.bellunopress.it\/wp-content\/uploads\/2026\/02\/libri-in-caffetteria.jpeg","datePublished":"2026-02-10T09:00:57+00:00","dateModified":"2026-03-11T08:09:28+00:00","breadcrumb":{"@id":"https:\/\/www.bellunopress.it\/2026\/02\/10\/libri-in-caffetteria-venerdi-allunisono-di-feltre-la-presentazione-de-la-signora-con-due-pistole-di-roberto-de-nart\/#breadcrumb"},"inLanguage":"fr-FR","potentialAction":[{"@type":"ReadAction","target":["https:\/\/www.bellunopress.it\/2026\/02\/10\/libri-in-caffetteria-venerdi-allunisono-di-feltre-la-presentazione-de-la-signora-con-due-pistole-di-roberto-de-nart\/"]}]},{"@type":"ImageObject","inLanguage":"fr-FR","@id":"https:\/\/www.bellunopress.it\/2026\/02\/10\/libri-in-caffetteria-venerdi-allunisono-di-feltre-la-presentazione-de-la-signora-con-due-pistole-di-roberto-de-nart\/#primaryimage","url":"https:\/\/www.bellunopress.it\/wp-content\/uploads\/2026\/02\/libri-in-caffetteria.jpeg","contentUrl":"https:\/\/www.bellunopress.it\/wp-content\/uploads\/2026\/02\/libri-in-caffetteria.jpeg","width":940,"height":788},{"@type":"BreadcrumbList","@id":"https:\/\/www.bellunopress.it\/2026\/02\/10\/libri-in-caffetteria-venerdi-allunisono-di-feltre-la-presentazione-de-la-signora-con-due-pistole-di-roberto-de-nart\/#breadcrumb","itemListElement":[{"@type":"ListItem","position":1,"name":"Home","item":"https:\/\/www.bellunopress.it\/"},{"@type":"ListItem","position":2,"name":"Libri in Caffetteria. Venerd\u00ec all&#8217;Unisono di Feltre la presentazione de \u201cLa signora con due pistole\u201d di Roberto De Nart"}]},{"@type":"WebSite","@id":"https:\/\/www.bellunopress.it\/#website","url":"https:\/\/www.bellunopress.it\/","name":"Bellunopress - Dolomiti","description":"e-mail: redazione@bellunopress.it","publisher":{"@id":"https:\/\/www.bellunopress.it\/#organization"},"potentialAction":[{"@type":"SearchAction","target":{"@type":"EntryPoint","urlTemplate":"https:\/\/www.bellunopress.it\/?s={search_term_string}"},"query-input":{"@type":"PropertyValueSpecification","valueRequired":true,"valueName":"search_term_string"}}],"inLanguage":"fr-FR"},{"@type":"Organization","@id":"https:\/\/www.bellunopress.it\/#organization","name":"Bellunopress","url":"https:\/\/www.bellunopress.it\/","logo":{"@type":"ImageObject","inLanguage":"fr-FR","@id":"https:\/\/www.bellunopress.it\/#\/schema\/logo\/image\/","url":"https:\/\/www.bellunopress.it\/wp-content\/uploads\/2011\/05\/cropped-logo-bellunopress-.jpg","contentUrl":"https:\/\/www.bellunopress.it\/wp-content\/uploads\/2011\/05\/cropped-logo-bellunopress-.jpg","width":512,"height":512,"caption":"Bellunopress"},"image":{"@id":"https:\/\/www.bellunopress.it\/#\/schema\/logo\/image\/"},"sameAs":["https:\/\/www.facebook.com\/profile.php?id=100008943462799","https:\/\/x.com\/bellunopress","https:\/\/www.linkedin.com\/hp\/?dnr=JBzUWaJfMUw8vbXJJ2tVW5-I3jZKvC4wsoxE&amp;amp;amp;amp;amp;amp;trk=nav_responsive_tab_home","https:\/\/www.youtube.com\/channel\/UCxL0wu1uN0_3_7hGG0306cw"]},{"@type":"Person","@id":"https:\/\/www.bellunopress.it\/#\/schema\/person\/79bb06722b37ece1c03d3e94beb30d73","name":"r\u00e9daction","image":{"@type":"ImageObject","inLanguage":"fr-FR","@id":"https:\/\/secure.gravatar.com\/avatar\/37d968a2e67a6fd04c169c4bdef102d0bc5d31b2546345219e348575eb80e9a0?s=96&d=mm&r=g","url":"https:\/\/secure.gravatar.com\/avatar\/37d968a2e67a6fd04c169c4bdef102d0bc5d31b2546345219e348575eb80e9a0?s=96&d=mm&r=g","contentUrl":"https:\/\/secure.gravatar.com\/avatar\/37d968a2e67a6fd04c169c4bdef102d0bc5d31b2546345219e348575eb80e9a0?s=96&d=mm&r=g","caption":"redazione"},"sameAs":["http:\/\/www.bellunopress.it","https:\/\/x.com\/bellunopress"],"url":"https:\/\/www.bellunopress.it\/fr\/author\/redazione\/"}]}},"_links":{"self":[{"href":"https:\/\/www.bellunopress.it\/fr\/wp-json\/wp\/v2\/posts\/167322","targetHints":{"allow":["GET"]}}],"collection":[{"href":"https:\/\/www.bellunopress.it\/fr\/wp-json\/wp\/v2\/posts"}],"about":[{"href":"https:\/\/www.bellunopress.it\/fr\/wp-json\/wp\/v2\/types\/post"}],"author":[{"embeddable":true,"href":"https:\/\/www.bellunopress.it\/fr\/wp-json\/wp\/v2\/users\/2"}],"replies":[{"embeddable":true,"href":"https:\/\/www.bellunopress.it\/fr\/wp-json\/wp\/v2\/comments?post=167322"}],"version-history":[{"count":2,"href":"https:\/\/www.bellunopress.it\/fr\/wp-json\/wp\/v2\/posts\/167322\/revisions"}],"predecessor-version":[{"id":168055,"href":"https:\/\/www.bellunopress.it\/fr\/wp-json\/wp\/v2\/posts\/167322\/revisions\/168055"}],"wp:featuredmedia":[{"embeddable":true,"href":"https:\/\/www.bellunopress.it\/fr\/wp-json\/wp\/v2\/media\/167323"}],"wp:attachment":[{"href":"https:\/\/www.bellunopress.it\/fr\/wp-json\/wp\/v2\/media?parent=167322"}],"wp:term":[{"taxonomy":"category","embeddable":true,"href":"https:\/\/www.bellunopress.it\/fr\/wp-json\/wp\/v2\/categories?post=167322"},{"taxonomy":"post_tag","embeddable":true,"href":"https:\/\/www.bellunopress.it\/fr\/wp-json\/wp\/v2\/tags?post=167322"}],"curies":[{"name":"wp","href":"https:\/\/api.w.org\/{rel}","templated":true}]}}