{"id":167320,"date":"2026-02-09T18:50:29","date_gmt":"2026-02-09T17:50:29","guid":{"rendered":"https:\/\/www.bellunopress.it\/?p=167320"},"modified":"2026-02-09T18:50:29","modified_gmt":"2026-02-09T17:50:29","slug":"trasporto-pubblico-locale-ruzza-anticipati-1038-milioni-del-fondo-nazionale-trasporti-per-garantire-continuita-e-qualita-al-servizio","status":"publish","type":"post","link":"https:\/\/www.bellunopress.it\/fr\/2026\/02\/09\/trasporto-pubblico-locale-ruzza-anticipati-1038-milioni-del-fondo-nazionale-trasporti-per-garantire-continuita-e-qualita-al-servizio\/","title":{"rendered":"Trasporto pubblico locale, Ruzza: &#8220;Anticipati 103,8 milioni del Fondo Nazionale Trasporti per garantire continuit\u00e0 e qualit\u00e0 al servizio&#8221;"},"content":{"rendered":"<p>Venezia, 9 febbraio 2026 &#8211;\u00a0\u201cAnche quest\u2019anno la Regione ha anticipato le risorse del Fondo Nazionale Trasporti a sostegno del trasporto pubblico locale, per un totale di 103,8 milioni di euro, pari alle prime quattro mensilit\u00e0 della misura. Si tratta di un intervento fondamentale per garantire continuit\u00e0 e qualit\u00e0 del servizio su tutto il territorio regionale\u201d.<\/p>\n<p>Lo dichiara l\u2019Assessore della Regione del Veneto alla Mobilit\u00e0 e ai Trasporti, Diego Ruzza, con riferimento al provvedimento approvato nei giorni scorsi dalla giunta.<\/p>\n<p>&#8220;Le risorse, per un ammontare complessivo di 103.843.645,56 euro, sono assegnate ai territori provinciali secondo il seguente riparto &#8211; spiega l&#8217;Assessore Ruzza -: 42.217.655,76 euro a Venezia, 15.712.362,40 euro a Padova, 14.502.586,84 euro a Verona, 11.044.993,72 euro a Treviso, 10.804.743,04 euro a Vicenza, 5.229.746,72 euro a Belluno e 4.331.557,08 euro a Rovigo&#8221;.<\/p>\n<p>\u201cUna misura che conferma il forte impegno del Veneto a sostegno della mobilit\u00e0 sostenibile \u2013 conclude Ruzza \u2013 e permette alle aziende di disporre della liquidit\u00e0 necessaria per far fronte agli oneri derivanti dai contratti di servizio sottoscritti con gli enti locali, per potenziare l\u2019efficienza dei servizi di trasporto pubblico in tutto il territorio\u201d.<\/p>\n<p>Considerato che lo stanziamento si riferisce alle per le prime quattro mensilit\u00e0 del 2026, la somma \u00e8 in linea con il budget complessivo programmato per l&#8217;intero anno 2025, che era stato fissato a circa 311,5 milioni di euro.<\/p>\n<p>Poich\u00e9 103,8 milioni rappresentano esattamente un terzo (4 mesi su 12) del totale annuo previsto per il 2025, possiamo dire che i fondi sono rimasti sostanzialmente stabili rispetto all&#8217;anno appena concluso. La Regione ha mantenuto la stessa capacit\u00e0 di spesa per garantire la continuit\u00e0 dei servizi.<\/p>\n<p>Rispetto al 2024, si registra un leggero incremento. Questo \u00e8 dovuto all&#8217;adeguamento del Fondo Nazionale Trasporti stabilito a livello statale (Legge di Bilancio 2025), che ha visto un aumento nazionale di circa 120 milioni di euro per compensare i maggiori costi di carburante ed energia.<\/p>\n<p>Nel 2024 le anticipazioni erano spesso soggette a calcoli prudenziali pi\u00f9 bassi; il fatto che oggi si parta con oltre 103 milioni per soli 4 mesi conferma che il sistema \u00e8 ora a pieno regime e beneficia dell&#8217;incremento nazionale.<\/p>\n<p>Le percentuali di riparto tra i territori sono rimaste invariate nel tempo, seguendo i criteri storici e i contratti di servizio in essere.<\/p>","protected":false},"excerpt":{"rendered":"<p>Venezia, 9 febbraio 2026 &#8211;\u00a0\u201cAnche quest\u2019anno la Regione ha anticipato le risorse del Fondo Nazionale Trasporti a sostegno del trasporto pubblico locale, per un totale di 103,8 milioni di euro, pari alle prime quattro mensilit\u00e0 della misura. Si tratta di un intervento fondamentale per garantire continuit\u00e0 e qualit\u00e0 del servizio su tutto il territorio regionale\u201d. [&hellip;]<\/p>\n","protected":false},"author":2,"featured_media":166164,"comment_status":"closed","ping_status":"open","sticky":false,"template":"","format":"standard","meta":{"footnotes":""},"categories":[5,26],"tags":[],"class_list":["post-167320","post","type-post","status-publish","format-standard","has-post-thumbnail","category-cronaca","category-prima-pagina"],"yoast_head":"<!-- This site is optimized with the Yoast SEO plugin v28.4 - https:\/\/yoast.com\/product\/yoast-seo-wordpress\/ -->\n<title>Trasporto pubblico locale, Ruzza: &quot;Anticipati 103,8 milioni del Fondo Nazionale Trasporti per garantire continuit\u00e0 e qualit\u00e0 al servizio&quot; - Bellunopress - Dolomiti<\/title>\n<meta name=\"robots\" content=\"index, follow, max-snippet:-1, max-image-preview:large, max-video-preview:-1\" \/>\n<link rel=\"canonical\" href=\"https:\/\/www.bellunopress.it\/fr\/2026\/02\/09\/trasporto-pubblico-locale-ruzza-anticipati-1038-milioni-del-fondo-nazionale-trasporti-per-garantire-continuita-e-qualita-al-servizio\/\" \/>\n<meta property=\"og:locale\" content=\"fr_FR\" \/>\n<meta property=\"og:type\" content=\"article\" \/>\n<meta property=\"og:title\" content=\"Trasporto pubblico locale, Ruzza: &quot;Anticipati 103,8 milioni del Fondo Nazionale Trasporti per garantire continuit\u00e0 e qualit\u00e0 al servizio&quot; - Bellunopress - Dolomiti\" \/>\n<meta property=\"og:description\" content=\"Venezia, 9 febbraio 2026 &#8211;\u00a0\u201cAnche quest\u2019anno la Regione ha anticipato le risorse del Fondo Nazionale Trasporti a sostegno del trasporto pubblico locale, per un totale di 103,8 milioni di euro, pari alle prime quattro mensilit\u00e0 della misura. Si tratta di un intervento fondamentale per garantire continuit\u00e0 e qualit\u00e0 del servizio su tutto il territorio regionale\u201d. [&hellip;]\" \/>\n<meta property=\"og:url\" content=\"https:\/\/www.bellunopress.it\/fr\/2026\/02\/09\/trasporto-pubblico-locale-ruzza-anticipati-1038-milioni-del-fondo-nazionale-trasporti-per-garantire-continuita-e-qualita-al-servizio\/\" \/>\n<meta property=\"og:site_name\" content=\"Bellunopress - Dolomiti\" \/>\n<meta property=\"article:publisher\" content=\"https:\/\/www.facebook.com\/profile.php?id=100008943462799\" \/>\n<meta property=\"article:published_time\" content=\"2026-02-09T17:50:29+00:00\" \/>\n<meta property=\"og:image\" content=\"https:\/\/www.bellunopress.it\/wp-content\/uploads\/2026\/01\/Diego-Ruzza-assessore-regionale.jpg\" \/>\n\t<meta property=\"og:image:width\" content=\"522\" \/>\n\t<meta property=\"og:image:height\" content=\"591\" \/>\n\t<meta property=\"og:image:type\" content=\"image\/jpeg\" \/>\n<meta name=\"author\" content=\"redazione\" \/>\n<meta name=\"twitter:card\" content=\"summary_large_image\" \/>\n<meta name=\"twitter:creator\" content=\"@bellunopress\" \/>\n<meta name=\"twitter:site\" content=\"@bellunopress\" \/>\n<meta name=\"twitter:label1\" content=\"\u00c9crit par\" \/>\n\t<meta name=\"twitter:data1\" content=\"redazione\" \/>\n\t<meta name=\"twitter:label2\" content=\"Dur\u00e9e de lecture estim\u00e9e\" \/>\n\t<meta name=\"twitter:data2\" content=\"2 minutes\" \/>\n<script type=\"application\/ld+json\" class=\"yoast-schema-graph\">{\"@context\":\"https:\\\/\\\/schema.org\",\"@graph\":[{\"@type\":\"Article\",\"@id\":\"https:\\\/\\\/www.bellunopress.it\\\/2026\\\/02\\\/09\\\/trasporto-pubblico-locale-ruzza-anticipati-1038-milioni-del-fondo-nazionale-trasporti-per-garantire-continuita-e-qualita-al-servizio\\\/#article\",\"isPartOf\":{\"@id\":\"https:\\\/\\\/www.bellunopress.it\\\/2026\\\/02\\\/09\\\/trasporto-pubblico-locale-ruzza-anticipati-1038-milioni-del-fondo-nazionale-trasporti-per-garantire-continuita-e-qualita-al-servizio\\\/\"},\"author\":{\"name\":\"redazione\",\"@id\":\"https:\\\/\\\/www.bellunopress.it\\\/#\\\/schema\\\/person\\\/79bb06722b37ece1c03d3e94beb30d73\"},\"headline\":\"Trasporto pubblico locale, Ruzza: &#8220;Anticipati 103,8 milioni del Fondo Nazionale Trasporti per garantire continuit\u00e0 e qualit\u00e0 al servizio&#8221;\",\"datePublished\":\"2026-02-09T17:50:29+00:00\",\"mainEntityOfPage\":{\"@id\":\"https:\\\/\\\/www.bellunopress.it\\\/2026\\\/02\\\/09\\\/trasporto-pubblico-locale-ruzza-anticipati-1038-milioni-del-fondo-nazionale-trasporti-per-garantire-continuita-e-qualita-al-servizio\\\/\"},\"wordCount\":373,\"publisher\":{\"@id\":\"https:\\\/\\\/www.bellunopress.it\\\/#organization\"},\"image\":{\"@id\":\"https:\\\/\\\/www.bellunopress.it\\\/2026\\\/02\\\/09\\\/trasporto-pubblico-locale-ruzza-anticipati-1038-milioni-del-fondo-nazionale-trasporti-per-garantire-continuita-e-qualita-al-servizio\\\/#primaryimage\"},\"thumbnailUrl\":\"https:\\\/\\\/www.bellunopress.it\\\/wp-content\\\/uploads\\\/2026\\\/01\\\/Diego-Ruzza-assessore-regionale.jpg\",\"articleSection\":[\"Cronaca\\\/Politica\",\"Prima Pagina\"],\"inLanguage\":\"fr-FR\"},{\"@type\":\"WebPage\",\"@id\":\"https:\\\/\\\/www.bellunopress.it\\\/2026\\\/02\\\/09\\\/trasporto-pubblico-locale-ruzza-anticipati-1038-milioni-del-fondo-nazionale-trasporti-per-garantire-continuita-e-qualita-al-servizio\\\/\",\"url\":\"https:\\\/\\\/www.bellunopress.it\\\/2026\\\/02\\\/09\\\/trasporto-pubblico-locale-ruzza-anticipati-1038-milioni-del-fondo-nazionale-trasporti-per-garantire-continuita-e-qualita-al-servizio\\\/\",\"name\":\"Trasporto pubblico locale, Ruzza: \\\"Anticipati 103,8 milioni del Fondo Nazionale Trasporti per garantire continuit\u00e0 e qualit\u00e0 al servizio\\\" - Bellunopress - Dolomiti\",\"isPartOf\":{\"@id\":\"https:\\\/\\\/www.bellunopress.it\\\/#website\"},\"primaryImageOfPage\":{\"@id\":\"https:\\\/\\\/www.bellunopress.it\\\/2026\\\/02\\\/09\\\/trasporto-pubblico-locale-ruzza-anticipati-1038-milioni-del-fondo-nazionale-trasporti-per-garantire-continuita-e-qualita-al-servizio\\\/#primaryimage\"},\"image\":{\"@id\":\"https:\\\/\\\/www.bellunopress.it\\\/2026\\\/02\\\/09\\\/trasporto-pubblico-locale-ruzza-anticipati-1038-milioni-del-fondo-nazionale-trasporti-per-garantire-continuita-e-qualita-al-servizio\\\/#primaryimage\"},\"thumbnailUrl\":\"https:\\\/\\\/www.bellunopress.it\\\/wp-content\\\/uploads\\\/2026\\\/01\\\/Diego-Ruzza-assessore-regionale.jpg\",\"datePublished\":\"2026-02-09T17:50:29+00:00\",\"breadcrumb\":{\"@id\":\"https:\\\/\\\/www.bellunopress.it\\\/2026\\\/02\\\/09\\\/trasporto-pubblico-locale-ruzza-anticipati-1038-milioni-del-fondo-nazionale-trasporti-per-garantire-continuita-e-qualita-al-servizio\\\/#breadcrumb\"},\"inLanguage\":\"fr-FR\",\"potentialAction\":[{\"@type\":\"ReadAction\",\"target\":[\"https:\\\/\\\/www.bellunopress.it\\\/2026\\\/02\\\/09\\\/trasporto-pubblico-locale-ruzza-anticipati-1038-milioni-del-fondo-nazionale-trasporti-per-garantire-continuita-e-qualita-al-servizio\\\/\"]}]},{\"@type\":\"ImageObject\",\"inLanguage\":\"fr-FR\",\"@id\":\"https:\\\/\\\/www.bellunopress.it\\\/2026\\\/02\\\/09\\\/trasporto-pubblico-locale-ruzza-anticipati-1038-milioni-del-fondo-nazionale-trasporti-per-garantire-continuita-e-qualita-al-servizio\\\/#primaryimage\",\"url\":\"https:\\\/\\\/www.bellunopress.it\\\/wp-content\\\/uploads\\\/2026\\\/01\\\/Diego-Ruzza-assessore-regionale.jpg\",\"contentUrl\":\"https:\\\/\\\/www.bellunopress.it\\\/wp-content\\\/uploads\\\/2026\\\/01\\\/Diego-Ruzza-assessore-regionale.jpg\",\"width\":522,\"height\":591,\"caption\":\"Diego Ruzza, assessore regionale ai Trasporti\"},{\"@type\":\"BreadcrumbList\",\"@id\":\"https:\\\/\\\/www.bellunopress.it\\\/2026\\\/02\\\/09\\\/trasporto-pubblico-locale-ruzza-anticipati-1038-milioni-del-fondo-nazionale-trasporti-per-garantire-continuita-e-qualita-al-servizio\\\/#breadcrumb\",\"itemListElement\":[{\"@type\":\"ListItem\",\"position\":1,\"name\":\"Home\",\"item\":\"https:\\\/\\\/www.bellunopress.it\\\/\"},{\"@type\":\"ListItem\",\"position\":2,\"name\":\"Trasporto pubblico locale, Ruzza: &#8220;Anticipati 103,8 milioni del Fondo Nazionale Trasporti per garantire continuit\u00e0 e qualit\u00e0 al servizio&#8221;\"}]},{\"@type\":\"WebSite\",\"@id\":\"https:\\\/\\\/www.bellunopress.it\\\/#website\",\"url\":\"https:\\\/\\\/www.bellunopress.it\\\/\",\"name\":\"Bellunopress - Dolomiti\",\"description\":\"e-mail: redazione@bellunopress.it\",\"publisher\":{\"@id\":\"https:\\\/\\\/www.bellunopress.it\\\/#organization\"},\"potentialAction\":[{\"@type\":\"SearchAction\",\"target\":{\"@type\":\"EntryPoint\",\"urlTemplate\":\"https:\\\/\\\/www.bellunopress.it\\\/?s={search_term_string}\"},\"query-input\":{\"@type\":\"PropertyValueSpecification\",\"valueRequired\":true,\"valueName\":\"search_term_string\"}}],\"inLanguage\":\"fr-FR\"},{\"@type\":\"Organization\",\"@id\":\"https:\\\/\\\/www.bellunopress.it\\\/#organization\",\"name\":\"Bellunopress\",\"url\":\"https:\\\/\\\/www.bellunopress.it\\\/\",\"logo\":{\"@type\":\"ImageObject\",\"inLanguage\":\"fr-FR\",\"@id\":\"https:\\\/\\\/www.bellunopress.it\\\/#\\\/schema\\\/logo\\\/image\\\/\",\"url\":\"https:\\\/\\\/www.bellunopress.it\\\/wp-content\\\/uploads\\\/2011\\\/05\\\/cropped-logo-bellunopress-.jpg\",\"contentUrl\":\"https:\\\/\\\/www.bellunopress.it\\\/wp-content\\\/uploads\\\/2011\\\/05\\\/cropped-logo-bellunopress-.jpg\",\"width\":512,\"height\":512,\"caption\":\"Bellunopress\"},\"image\":{\"@id\":\"https:\\\/\\\/www.bellunopress.it\\\/#\\\/schema\\\/logo\\\/image\\\/\"},\"sameAs\":[\"https:\\\/\\\/www.facebook.com\\\/profile.php?id=100008943462799\",\"https:\\\/\\\/x.com\\\/bellunopress\",\"https:\\\/\\\/www.linkedin.com\\\/hp\\\/?dnr=JBzUWaJfMUw8vbXJJ2tVW5-I3jZKvC4wsoxE&amp;amp;amp;amp;amp;amp;trk=nav_responsive_tab_home\",\"https:\\\/\\\/www.youtube.com\\\/channel\\\/UCxL0wu1uN0_3_7hGG0306cw\"]},{\"@type\":\"Person\",\"@id\":\"https:\\\/\\\/www.bellunopress.it\\\/#\\\/schema\\\/person\\\/79bb06722b37ece1c03d3e94beb30d73\",\"name\":\"redazione\",\"image\":{\"@type\":\"ImageObject\",\"inLanguage\":\"fr-FR\",\"@id\":\"https:\\\/\\\/secure.gravatar.com\\\/avatar\\\/37d968a2e67a6fd04c169c4bdef102d0bc5d31b2546345219e348575eb80e9a0?s=96&d=mm&r=g\",\"url\":\"https:\\\/\\\/secure.gravatar.com\\\/avatar\\\/37d968a2e67a6fd04c169c4bdef102d0bc5d31b2546345219e348575eb80e9a0?s=96&d=mm&r=g\",\"contentUrl\":\"https:\\\/\\\/secure.gravatar.com\\\/avatar\\\/37d968a2e67a6fd04c169c4bdef102d0bc5d31b2546345219e348575eb80e9a0?s=96&d=mm&r=g\",\"caption\":\"redazione\"},\"sameAs\":[\"http:\\\/\\\/www.bellunopress.it\",\"https:\\\/\\\/x.com\\\/bellunopress\"],\"url\":\"https:\\\/\\\/www.bellunopress.it\\\/fr\\\/author\\\/redazione\\\/\"}]}<\/script>\n<!-- \/ Yoast SEO plugin. -->","yoast_head_json":{"title":"Trasporto pubblico locale, Ruzza: \"Anticipati 103,8 milioni del Fondo Nazionale Trasporti per garantire continuit\u00e0 e qualit\u00e0 al servizio\" - Bellunopress - Dolomiti","robots":{"index":"index","follow":"follow","max-snippet":"max-snippet:-1","max-image-preview":"max-image-preview:large","max-video-preview":"max-video-preview:-1"},"canonical":"https:\/\/www.bellunopress.it\/fr\/2026\/02\/09\/trasporto-pubblico-locale-ruzza-anticipati-1038-milioni-del-fondo-nazionale-trasporti-per-garantire-continuita-e-qualita-al-servizio\/","og_locale":"fr_FR","og_type":"article","og_title":"Trasporto pubblico locale, Ruzza: \"Anticipati 103,8 milioni del Fondo Nazionale Trasporti per garantire continuit\u00e0 e qualit\u00e0 al servizio\" - Bellunopress - Dolomiti","og_description":"Venezia, 9 febbraio 2026 &#8211;\u00a0\u201cAnche quest\u2019anno la Regione ha anticipato le risorse del Fondo Nazionale Trasporti a sostegno del trasporto pubblico locale, per un totale di 103,8 milioni di euro, pari alle prime quattro mensilit\u00e0 della misura. Si tratta di un intervento fondamentale per garantire continuit\u00e0 e qualit\u00e0 del servizio su tutto il territorio regionale\u201d. [&hellip;]","og_url":"https:\/\/www.bellunopress.it\/fr\/2026\/02\/09\/trasporto-pubblico-locale-ruzza-anticipati-1038-milioni-del-fondo-nazionale-trasporti-per-garantire-continuita-e-qualita-al-servizio\/","og_site_name":"Bellunopress - Dolomiti","article_publisher":"https:\/\/www.facebook.com\/profile.php?id=100008943462799","article_published_time":"2026-02-09T17:50:29+00:00","og_image":[{"width":522,"height":591,"url":"https:\/\/www.bellunopress.it\/wp-content\/uploads\/2026\/01\/Diego-Ruzza-assessore-regionale.jpg","type":"image\/jpeg"}],"author":"redazione","twitter_card":"summary_large_image","twitter_creator":"@bellunopress","twitter_site":"@bellunopress","twitter_misc":{"\u00c9crit par":"redazione","Dur\u00e9e de lecture estim\u00e9e":"2 minutes"},"schema":{"@context":"https:\/\/schema.org","@graph":[{"@type":"Article","@id":"https:\/\/www.bellunopress.it\/2026\/02\/09\/trasporto-pubblico-locale-ruzza-anticipati-1038-milioni-del-fondo-nazionale-trasporti-per-garantire-continuita-e-qualita-al-servizio\/#article","isPartOf":{"@id":"https:\/\/www.bellunopress.it\/2026\/02\/09\/trasporto-pubblico-locale-ruzza-anticipati-1038-milioni-del-fondo-nazionale-trasporti-per-garantire-continuita-e-qualita-al-servizio\/"},"author":{"name":"redazione","@id":"https:\/\/www.bellunopress.it\/#\/schema\/person\/79bb06722b37ece1c03d3e94beb30d73"},"headline":"Trasporto pubblico locale, Ruzza: &#8220;Anticipati 103,8 milioni del Fondo Nazionale Trasporti per garantire continuit\u00e0 e qualit\u00e0 al servizio&#8221;","datePublished":"2026-02-09T17:50:29+00:00","mainEntityOfPage":{"@id":"https:\/\/www.bellunopress.it\/2026\/02\/09\/trasporto-pubblico-locale-ruzza-anticipati-1038-milioni-del-fondo-nazionale-trasporti-per-garantire-continuita-e-qualita-al-servizio\/"},"wordCount":373,"publisher":{"@id":"https:\/\/www.bellunopress.it\/#organization"},"image":{"@id":"https:\/\/www.bellunopress.it\/2026\/02\/09\/trasporto-pubblico-locale-ruzza-anticipati-1038-milioni-del-fondo-nazionale-trasporti-per-garantire-continuita-e-qualita-al-servizio\/#primaryimage"},"thumbnailUrl":"https:\/\/www.bellunopress.it\/wp-content\/uploads\/2026\/01\/Diego-Ruzza-assessore-regionale.jpg","articleSection":["Cronaca\/Politica","Prima Pagina"],"inLanguage":"fr-FR"},{"@type":"WebPage","@id":"https:\/\/www.bellunopress.it\/2026\/02\/09\/trasporto-pubblico-locale-ruzza-anticipati-1038-milioni-del-fondo-nazionale-trasporti-per-garantire-continuita-e-qualita-al-servizio\/","url":"https:\/\/www.bellunopress.it\/2026\/02\/09\/trasporto-pubblico-locale-ruzza-anticipati-1038-milioni-del-fondo-nazionale-trasporti-per-garantire-continuita-e-qualita-al-servizio\/","name":"Trasporto pubblico locale, Ruzza: \"Anticipati 103,8 milioni del Fondo Nazionale Trasporti per garantire continuit\u00e0 e qualit\u00e0 al servizio\" - Bellunopress - Dolomiti","isPartOf":{"@id":"https:\/\/www.bellunopress.it\/#website"},"primaryImageOfPage":{"@id":"https:\/\/www.bellunopress.it\/2026\/02\/09\/trasporto-pubblico-locale-ruzza-anticipati-1038-milioni-del-fondo-nazionale-trasporti-per-garantire-continuita-e-qualita-al-servizio\/#primaryimage"},"image":{"@id":"https:\/\/www.bellunopress.it\/2026\/02\/09\/trasporto-pubblico-locale-ruzza-anticipati-1038-milioni-del-fondo-nazionale-trasporti-per-garantire-continuita-e-qualita-al-servizio\/#primaryimage"},"thumbnailUrl":"https:\/\/www.bellunopress.it\/wp-content\/uploads\/2026\/01\/Diego-Ruzza-assessore-regionale.jpg","datePublished":"2026-02-09T17:50:29+00:00","breadcrumb":{"@id":"https:\/\/www.bellunopress.it\/2026\/02\/09\/trasporto-pubblico-locale-ruzza-anticipati-1038-milioni-del-fondo-nazionale-trasporti-per-garantire-continuita-e-qualita-al-servizio\/#breadcrumb"},"inLanguage":"fr-FR","potentialAction":[{"@type":"ReadAction","target":["https:\/\/www.bellunopress.it\/2026\/02\/09\/trasporto-pubblico-locale-ruzza-anticipati-1038-milioni-del-fondo-nazionale-trasporti-per-garantire-continuita-e-qualita-al-servizio\/"]}]},{"@type":"ImageObject","inLanguage":"fr-FR","@id":"https:\/\/www.bellunopress.it\/2026\/02\/09\/trasporto-pubblico-locale-ruzza-anticipati-1038-milioni-del-fondo-nazionale-trasporti-per-garantire-continuita-e-qualita-al-servizio\/#primaryimage","url":"https:\/\/www.bellunopress.it\/wp-content\/uploads\/2026\/01\/Diego-Ruzza-assessore-regionale.jpg","contentUrl":"https:\/\/www.bellunopress.it\/wp-content\/uploads\/2026\/01\/Diego-Ruzza-assessore-regionale.jpg","width":522,"height":591,"caption":"Diego Ruzza, assessore regionale ai Trasporti"},{"@type":"BreadcrumbList","@id":"https:\/\/www.bellunopress.it\/2026\/02\/09\/trasporto-pubblico-locale-ruzza-anticipati-1038-milioni-del-fondo-nazionale-trasporti-per-garantire-continuita-e-qualita-al-servizio\/#breadcrumb","itemListElement":[{"@type":"ListItem","position":1,"name":"Home","item":"https:\/\/www.bellunopress.it\/"},{"@type":"ListItem","position":2,"name":"Trasporto pubblico locale, Ruzza: &#8220;Anticipati 103,8 milioni del Fondo Nazionale Trasporti per garantire continuit\u00e0 e qualit\u00e0 al servizio&#8221;"}]},{"@type":"WebSite","@id":"https:\/\/www.bellunopress.it\/#website","url":"https:\/\/www.bellunopress.it\/","name":"Bellunopress - Dolomiti","description":"e-mail: redazione@bellunopress.it","publisher":{"@id":"https:\/\/www.bellunopress.it\/#organization"},"potentialAction":[{"@type":"SearchAction","target":{"@type":"EntryPoint","urlTemplate":"https:\/\/www.bellunopress.it\/?s={search_term_string}"},"query-input":{"@type":"PropertyValueSpecification","valueRequired":true,"valueName":"search_term_string"}}],"inLanguage":"fr-FR"},{"@type":"Organization","@id":"https:\/\/www.bellunopress.it\/#organization","name":"Bellunopress","url":"https:\/\/www.bellunopress.it\/","logo":{"@type":"ImageObject","inLanguage":"fr-FR","@id":"https:\/\/www.bellunopress.it\/#\/schema\/logo\/image\/","url":"https:\/\/www.bellunopress.it\/wp-content\/uploads\/2011\/05\/cropped-logo-bellunopress-.jpg","contentUrl":"https:\/\/www.bellunopress.it\/wp-content\/uploads\/2011\/05\/cropped-logo-bellunopress-.jpg","width":512,"height":512,"caption":"Bellunopress"},"image":{"@id":"https:\/\/www.bellunopress.it\/#\/schema\/logo\/image\/"},"sameAs":["https:\/\/www.facebook.com\/profile.php?id=100008943462799","https:\/\/x.com\/bellunopress","https:\/\/www.linkedin.com\/hp\/?dnr=JBzUWaJfMUw8vbXJJ2tVW5-I3jZKvC4wsoxE&amp;amp;amp;amp;amp;amp;trk=nav_responsive_tab_home","https:\/\/www.youtube.com\/channel\/UCxL0wu1uN0_3_7hGG0306cw"]},{"@type":"Person","@id":"https:\/\/www.bellunopress.it\/#\/schema\/person\/79bb06722b37ece1c03d3e94beb30d73","name":"r\u00e9daction","image":{"@type":"ImageObject","inLanguage":"fr-FR","@id":"https:\/\/secure.gravatar.com\/avatar\/37d968a2e67a6fd04c169c4bdef102d0bc5d31b2546345219e348575eb80e9a0?s=96&d=mm&r=g","url":"https:\/\/secure.gravatar.com\/avatar\/37d968a2e67a6fd04c169c4bdef102d0bc5d31b2546345219e348575eb80e9a0?s=96&d=mm&r=g","contentUrl":"https:\/\/secure.gravatar.com\/avatar\/37d968a2e67a6fd04c169c4bdef102d0bc5d31b2546345219e348575eb80e9a0?s=96&d=mm&r=g","caption":"redazione"},"sameAs":["http:\/\/www.bellunopress.it","https:\/\/x.com\/bellunopress"],"url":"https:\/\/www.bellunopress.it\/fr\/author\/redazione\/"}]}},"_links":{"self":[{"href":"https:\/\/www.bellunopress.it\/fr\/wp-json\/wp\/v2\/posts\/167320","targetHints":{"allow":["GET"]}}],"collection":[{"href":"https:\/\/www.bellunopress.it\/fr\/wp-json\/wp\/v2\/posts"}],"about":[{"href":"https:\/\/www.bellunopress.it\/fr\/wp-json\/wp\/v2\/types\/post"}],"author":[{"embeddable":true,"href":"https:\/\/www.bellunopress.it\/fr\/wp-json\/wp\/v2\/users\/2"}],"replies":[{"embeddable":true,"href":"https:\/\/www.bellunopress.it\/fr\/wp-json\/wp\/v2\/comments?post=167320"}],"version-history":[{"count":1,"href":"https:\/\/www.bellunopress.it\/fr\/wp-json\/wp\/v2\/posts\/167320\/revisions"}],"predecessor-version":[{"id":167321,"href":"https:\/\/www.bellunopress.it\/fr\/wp-json\/wp\/v2\/posts\/167320\/revisions\/167321"}],"wp:featuredmedia":[{"embeddable":true,"href":"https:\/\/www.bellunopress.it\/fr\/wp-json\/wp\/v2\/media\/166164"}],"wp:attachment":[{"href":"https:\/\/www.bellunopress.it\/fr\/wp-json\/wp\/v2\/media?parent=167320"}],"wp:term":[{"taxonomy":"category","embeddable":true,"href":"https:\/\/www.bellunopress.it\/fr\/wp-json\/wp\/v2\/categories?post=167320"},{"taxonomy":"post_tag","embeddable":true,"href":"https:\/\/www.bellunopress.it\/fr\/wp-json\/wp\/v2\/tags?post=167320"}],"curies":[{"name":"wp","href":"https:\/\/api.w.org\/{rel}","templated":true}]}}