{"id":167314,"date":"2026-02-10T09:35:21","date_gmt":"2026-02-10T08:35:21","guid":{"rendered":"https:\/\/www.bellunopress.it\/?p=167314"},"modified":"2026-02-09T17:47:48","modified_gmt":"2026-02-09T16:47:48","slug":"donazione-di-un-ecografo-portatile-allhospice-casa-tua-due","status":"publish","type":"post","link":"https:\/\/www.bellunopress.it\/fr\/2026\/02\/10\/donazione-di-un-ecografo-portatile-allhospice-casa-tua-due\/","title":{"rendered":"Donazione di un ecografo portatile all\u2019Hospice \u201cCasa Tua Due\u201d"},"content":{"rendered":"<p>Belluno, 10 febbraio 2026 &#8211; L\u2019 Associazione Cucchini ha donato un ecografo portatile all\u2019Hospice \u201cCasa Tua Due\u201d di Belluno.<\/p>\n<p>L\u2019 acquisto dell\u2019ecografo da parte di Cucchini \u00e8 frutto di una donazione che il Rotary Club Belluno ha devoluto all\u2019Associazione in memoria di Gianmarco Zanchetta, gi\u00e0 presidente del Rotary Club Belluno e stimato professionista. L\u2019 Associazione ha deciso, quindi, di destinare l\u2019apparecchio alla struttura.<\/p>\n<p>In particolare, l\u2019ecografo portatile, del valore di 4.500 euro, sar\u00e0 utilizzato per agevolare l\u2019assistenza ai pazienti, consentendo al personale medico di poter effettuare alcune procedure e specifiche valutazioni, volte a portare sollievo, direttamente a letto del paziente.<\/p>\n<p>In questi giorni lo strumento \u00e8 stato ufficialmente consegnato all\u2019Hospice alla presenza del Direttore del Distretto di Belluno, Lucia Dalla Torre; del Direttore dell\u2019unit\u00e0 operativa di Cure Palliative di Belluno, Giuseppe Fornasier; del Presidente dell\u2019Associazione Cucchini, Paolo Colleselli e del Rotary Club Belluno, rappresentato dal Presidente Luca Luchetta.<\/p>\n<p>L\u2019Ulss Dolomiti ringrazia l\u2019 Associazione Cucchini, insieme al Rotary Club Belluno, per questo gesto di generosit\u00e0 che testimonia l\u2019attenzione e la sensibilit\u00e0 per la cura dei pazienti, sottolineando l\u2019impegno e il prezioso sostegno dell\u2019 Associazione nelle attivit\u00e0 di cure palliative e dell\u2019hospice a fianco delle persone e delle loro famiglie.<\/p>\n<p>&nbsp;<\/p>\n<p>&nbsp;<\/p>","protected":false},"excerpt":{"rendered":"<p>Belluno, 10 febbraio 2026 &#8211; L\u2019 Associazione Cucchini ha donato un ecografo portatile all\u2019Hospice \u201cCasa Tua Due\u201d di Belluno. L\u2019 acquisto dell\u2019ecografo da parte di Cucchini \u00e8 frutto di una donazione che il Rotary Club Belluno ha devoluto all\u2019Associazione in memoria di Gianmarco Zanchetta, gi\u00e0 presidente del Rotary Club Belluno e stimato professionista. L\u2019 Associazione [&hellip;]<\/p>\n","protected":false},"author":2,"featured_media":167315,"comment_status":"closed","ping_status":"open","sticky":false,"template":"","format":"standard","meta":{"footnotes":""},"categories":[17],"tags":[],"class_list":["post-167314","post","type-post","status-publish","format-standard","has-post-thumbnail","category-sanita"],"yoast_head":"<!-- This site is optimized with the Yoast SEO plugin v28.4 - https:\/\/yoast.com\/product\/yoast-seo-wordpress\/ -->\n<title>Donazione di un ecografo portatile all\u2019Hospice \u201cCasa Tua Due\u201d - Bellunopress - Dolomiti<\/title>\n<meta name=\"robots\" content=\"index, follow, max-snippet:-1, max-image-preview:large, max-video-preview:-1\" \/>\n<link rel=\"canonical\" href=\"https:\/\/www.bellunopress.it\/fr\/2026\/02\/10\/donazione-di-un-ecografo-portatile-allhospice-casa-tua-due\/\" \/>\n<meta property=\"og:locale\" content=\"fr_FR\" \/>\n<meta property=\"og:type\" content=\"article\" \/>\n<meta property=\"og:title\" content=\"Donazione di un ecografo portatile all\u2019Hospice \u201cCasa Tua Due\u201d - Bellunopress - Dolomiti\" \/>\n<meta property=\"og:description\" content=\"Belluno, 10 febbraio 2026 &#8211; L\u2019 Associazione Cucchini ha donato un ecografo portatile all\u2019Hospice \u201cCasa Tua Due\u201d di Belluno. L\u2019 acquisto dell\u2019ecografo da parte di Cucchini \u00e8 frutto di una donazione che il Rotary Club Belluno ha devoluto all\u2019Associazione in memoria di Gianmarco Zanchetta, gi\u00e0 presidente del Rotary Club Belluno e stimato professionista. L\u2019 Associazione [&hellip;]\" \/>\n<meta property=\"og:url\" content=\"https:\/\/www.bellunopress.it\/fr\/2026\/02\/10\/donazione-di-un-ecografo-portatile-allhospice-casa-tua-due\/\" \/>\n<meta property=\"og:site_name\" content=\"Bellunopress - Dolomiti\" \/>\n<meta property=\"article:publisher\" content=\"https:\/\/www.facebook.com\/profile.php?id=100008943462799\" \/>\n<meta property=\"article:published_time\" content=\"2026-02-10T08:35:21+00:00\" \/>\n<meta property=\"og:image\" content=\"https:\/\/www.bellunopress.it\/wp-content\/uploads\/2026\/02\/foto-donazione-ecografo-Ass-Cucchini.jpeg\" \/>\n\t<meta property=\"og:image:width\" content=\"500\" \/>\n\t<meta property=\"og:image:height\" content=\"330\" \/>\n\t<meta property=\"og:image:type\" content=\"image\/jpeg\" \/>\n<meta name=\"author\" content=\"redazione\" \/>\n<meta name=\"twitter:card\" content=\"summary_large_image\" \/>\n<meta name=\"twitter:creator\" content=\"@bellunopress\" \/>\n<meta name=\"twitter:site\" content=\"@bellunopress\" \/>\n<meta name=\"twitter:label1\" content=\"\u00c9crit par\" \/>\n\t<meta name=\"twitter:data1\" content=\"redazione\" \/>\n\t<meta name=\"twitter:label2\" content=\"Dur\u00e9e de lecture estim\u00e9e\" \/>\n\t<meta name=\"twitter:data2\" content=\"1 minute\" \/>\n<script type=\"application\/ld+json\" class=\"yoast-schema-graph\">{\"@context\":\"https:\\\/\\\/schema.org\",\"@graph\":[{\"@type\":\"Article\",\"@id\":\"https:\\\/\\\/www.bellunopress.it\\\/2026\\\/02\\\/10\\\/donazione-di-un-ecografo-portatile-allhospice-casa-tua-due\\\/#article\",\"isPartOf\":{\"@id\":\"https:\\\/\\\/www.bellunopress.it\\\/2026\\\/02\\\/10\\\/donazione-di-un-ecografo-portatile-allhospice-casa-tua-due\\\/\"},\"author\":{\"name\":\"redazione\",\"@id\":\"https:\\\/\\\/www.bellunopress.it\\\/#\\\/schema\\\/person\\\/79bb06722b37ece1c03d3e94beb30d73\"},\"headline\":\"Donazione di un ecografo portatile all\u2019Hospice \u201cCasa Tua Due\u201d\",\"datePublished\":\"2026-02-10T08:35:21+00:00\",\"mainEntityOfPage\":{\"@id\":\"https:\\\/\\\/www.bellunopress.it\\\/2026\\\/02\\\/10\\\/donazione-di-un-ecografo-portatile-allhospice-casa-tua-due\\\/\"},\"wordCount\":218,\"publisher\":{\"@id\":\"https:\\\/\\\/www.bellunopress.it\\\/#organization\"},\"image\":{\"@id\":\"https:\\\/\\\/www.bellunopress.it\\\/2026\\\/02\\\/10\\\/donazione-di-un-ecografo-portatile-allhospice-casa-tua-due\\\/#primaryimage\"},\"thumbnailUrl\":\"https:\\\/\\\/www.bellunopress.it\\\/wp-content\\\/uploads\\\/2026\\\/02\\\/foto-donazione-ecografo-Ass-Cucchini.jpeg\",\"articleSection\":[\"Sanit\u00e0 Medicina\"],\"inLanguage\":\"fr-FR\"},{\"@type\":\"WebPage\",\"@id\":\"https:\\\/\\\/www.bellunopress.it\\\/2026\\\/02\\\/10\\\/donazione-di-un-ecografo-portatile-allhospice-casa-tua-due\\\/\",\"url\":\"https:\\\/\\\/www.bellunopress.it\\\/2026\\\/02\\\/10\\\/donazione-di-un-ecografo-portatile-allhospice-casa-tua-due\\\/\",\"name\":\"Donazione di un ecografo portatile all\u2019Hospice \u201cCasa Tua Due\u201d - Bellunopress - Dolomiti\",\"isPartOf\":{\"@id\":\"https:\\\/\\\/www.bellunopress.it\\\/#website\"},\"primaryImageOfPage\":{\"@id\":\"https:\\\/\\\/www.bellunopress.it\\\/2026\\\/02\\\/10\\\/donazione-di-un-ecografo-portatile-allhospice-casa-tua-due\\\/#primaryimage\"},\"image\":{\"@id\":\"https:\\\/\\\/www.bellunopress.it\\\/2026\\\/02\\\/10\\\/donazione-di-un-ecografo-portatile-allhospice-casa-tua-due\\\/#primaryimage\"},\"thumbnailUrl\":\"https:\\\/\\\/www.bellunopress.it\\\/wp-content\\\/uploads\\\/2026\\\/02\\\/foto-donazione-ecografo-Ass-Cucchini.jpeg\",\"datePublished\":\"2026-02-10T08:35:21+00:00\",\"breadcrumb\":{\"@id\":\"https:\\\/\\\/www.bellunopress.it\\\/2026\\\/02\\\/10\\\/donazione-di-un-ecografo-portatile-allhospice-casa-tua-due\\\/#breadcrumb\"},\"inLanguage\":\"fr-FR\",\"potentialAction\":[{\"@type\":\"ReadAction\",\"target\":[\"https:\\\/\\\/www.bellunopress.it\\\/2026\\\/02\\\/10\\\/donazione-di-un-ecografo-portatile-allhospice-casa-tua-due\\\/\"]}]},{\"@type\":\"ImageObject\",\"inLanguage\":\"fr-FR\",\"@id\":\"https:\\\/\\\/www.bellunopress.it\\\/2026\\\/02\\\/10\\\/donazione-di-un-ecografo-portatile-allhospice-casa-tua-due\\\/#primaryimage\",\"url\":\"https:\\\/\\\/www.bellunopress.it\\\/wp-content\\\/uploads\\\/2026\\\/02\\\/foto-donazione-ecografo-Ass-Cucchini.jpeg\",\"contentUrl\":\"https:\\\/\\\/www.bellunopress.it\\\/wp-content\\\/uploads\\\/2026\\\/02\\\/foto-donazione-ecografo-Ass-Cucchini.jpeg\",\"width\":500,\"height\":330},{\"@type\":\"BreadcrumbList\",\"@id\":\"https:\\\/\\\/www.bellunopress.it\\\/2026\\\/02\\\/10\\\/donazione-di-un-ecografo-portatile-allhospice-casa-tua-due\\\/#breadcrumb\",\"itemListElement\":[{\"@type\":\"ListItem\",\"position\":1,\"name\":\"Home\",\"item\":\"https:\\\/\\\/www.bellunopress.it\\\/\"},{\"@type\":\"ListItem\",\"position\":2,\"name\":\"Donazione di un ecografo portatile all\u2019Hospice \u201cCasa Tua Due\u201d\"}]},{\"@type\":\"WebSite\",\"@id\":\"https:\\\/\\\/www.bellunopress.it\\\/#website\",\"url\":\"https:\\\/\\\/www.bellunopress.it\\\/\",\"name\":\"Bellunopress - Dolomiti\",\"description\":\"e-mail: redazione@bellunopress.it\",\"publisher\":{\"@id\":\"https:\\\/\\\/www.bellunopress.it\\\/#organization\"},\"potentialAction\":[{\"@type\":\"SearchAction\",\"target\":{\"@type\":\"EntryPoint\",\"urlTemplate\":\"https:\\\/\\\/www.bellunopress.it\\\/?s={search_term_string}\"},\"query-input\":{\"@type\":\"PropertyValueSpecification\",\"valueRequired\":true,\"valueName\":\"search_term_string\"}}],\"inLanguage\":\"fr-FR\"},{\"@type\":\"Organization\",\"@id\":\"https:\\\/\\\/www.bellunopress.it\\\/#organization\",\"name\":\"Bellunopress\",\"url\":\"https:\\\/\\\/www.bellunopress.it\\\/\",\"logo\":{\"@type\":\"ImageObject\",\"inLanguage\":\"fr-FR\",\"@id\":\"https:\\\/\\\/www.bellunopress.it\\\/#\\\/schema\\\/logo\\\/image\\\/\",\"url\":\"https:\\\/\\\/www.bellunopress.it\\\/wp-content\\\/uploads\\\/2011\\\/05\\\/cropped-logo-bellunopress-.jpg\",\"contentUrl\":\"https:\\\/\\\/www.bellunopress.it\\\/wp-content\\\/uploads\\\/2011\\\/05\\\/cropped-logo-bellunopress-.jpg\",\"width\":512,\"height\":512,\"caption\":\"Bellunopress\"},\"image\":{\"@id\":\"https:\\\/\\\/www.bellunopress.it\\\/#\\\/schema\\\/logo\\\/image\\\/\"},\"sameAs\":[\"https:\\\/\\\/www.facebook.com\\\/profile.php?id=100008943462799\",\"https:\\\/\\\/x.com\\\/bellunopress\",\"https:\\\/\\\/www.linkedin.com\\\/hp\\\/?dnr=JBzUWaJfMUw8vbXJJ2tVW5-I3jZKvC4wsoxE&amp;amp;amp;amp;amp;amp;trk=nav_responsive_tab_home\",\"https:\\\/\\\/www.youtube.com\\\/channel\\\/UCxL0wu1uN0_3_7hGG0306cw\"]},{\"@type\":\"Person\",\"@id\":\"https:\\\/\\\/www.bellunopress.it\\\/#\\\/schema\\\/person\\\/79bb06722b37ece1c03d3e94beb30d73\",\"name\":\"redazione\",\"image\":{\"@type\":\"ImageObject\",\"inLanguage\":\"fr-FR\",\"@id\":\"https:\\\/\\\/secure.gravatar.com\\\/avatar\\\/37d968a2e67a6fd04c169c4bdef102d0bc5d31b2546345219e348575eb80e9a0?s=96&d=mm&r=g\",\"url\":\"https:\\\/\\\/secure.gravatar.com\\\/avatar\\\/37d968a2e67a6fd04c169c4bdef102d0bc5d31b2546345219e348575eb80e9a0?s=96&d=mm&r=g\",\"contentUrl\":\"https:\\\/\\\/secure.gravatar.com\\\/avatar\\\/37d968a2e67a6fd04c169c4bdef102d0bc5d31b2546345219e348575eb80e9a0?s=96&d=mm&r=g\",\"caption\":\"redazione\"},\"sameAs\":[\"http:\\\/\\\/www.bellunopress.it\",\"https:\\\/\\\/x.com\\\/bellunopress\"],\"url\":\"https:\\\/\\\/www.bellunopress.it\\\/fr\\\/author\\\/redazione\\\/\"}]}<\/script>\n<!-- \/ Yoast SEO plugin. -->","yoast_head_json":{"title":"Donazione di un ecografo portatile all\u2019Hospice \u201cCasa Tua Due\u201d - Bellunopress - Dolomiti","robots":{"index":"index","follow":"follow","max-snippet":"max-snippet:-1","max-image-preview":"max-image-preview:large","max-video-preview":"max-video-preview:-1"},"canonical":"https:\/\/www.bellunopress.it\/fr\/2026\/02\/10\/donazione-di-un-ecografo-portatile-allhospice-casa-tua-due\/","og_locale":"fr_FR","og_type":"article","og_title":"Donazione di un ecografo portatile all\u2019Hospice \u201cCasa Tua Due\u201d - Bellunopress - Dolomiti","og_description":"Belluno, 10 febbraio 2026 &#8211; L\u2019 Associazione Cucchini ha donato un ecografo portatile all\u2019Hospice \u201cCasa Tua Due\u201d di Belluno. L\u2019 acquisto dell\u2019ecografo da parte di Cucchini \u00e8 frutto di una donazione che il Rotary Club Belluno ha devoluto all\u2019Associazione in memoria di Gianmarco Zanchetta, gi\u00e0 presidente del Rotary Club Belluno e stimato professionista. L\u2019 Associazione [&hellip;]","og_url":"https:\/\/www.bellunopress.it\/fr\/2026\/02\/10\/donazione-di-un-ecografo-portatile-allhospice-casa-tua-due\/","og_site_name":"Bellunopress - Dolomiti","article_publisher":"https:\/\/www.facebook.com\/profile.php?id=100008943462799","article_published_time":"2026-02-10T08:35:21+00:00","og_image":[{"width":500,"height":330,"url":"https:\/\/www.bellunopress.it\/wp-content\/uploads\/2026\/02\/foto-donazione-ecografo-Ass-Cucchini.jpeg","type":"image\/jpeg"}],"author":"redazione","twitter_card":"summary_large_image","twitter_creator":"@bellunopress","twitter_site":"@bellunopress","twitter_misc":{"\u00c9crit par":"redazione","Dur\u00e9e de lecture estim\u00e9e":"1 minute"},"schema":{"@context":"https:\/\/schema.org","@graph":[{"@type":"Article","@id":"https:\/\/www.bellunopress.it\/2026\/02\/10\/donazione-di-un-ecografo-portatile-allhospice-casa-tua-due\/#article","isPartOf":{"@id":"https:\/\/www.bellunopress.it\/2026\/02\/10\/donazione-di-un-ecografo-portatile-allhospice-casa-tua-due\/"},"author":{"name":"redazione","@id":"https:\/\/www.bellunopress.it\/#\/schema\/person\/79bb06722b37ece1c03d3e94beb30d73"},"headline":"Donazione di un ecografo portatile all\u2019Hospice \u201cCasa Tua Due\u201d","datePublished":"2026-02-10T08:35:21+00:00","mainEntityOfPage":{"@id":"https:\/\/www.bellunopress.it\/2026\/02\/10\/donazione-di-un-ecografo-portatile-allhospice-casa-tua-due\/"},"wordCount":218,"publisher":{"@id":"https:\/\/www.bellunopress.it\/#organization"},"image":{"@id":"https:\/\/www.bellunopress.it\/2026\/02\/10\/donazione-di-un-ecografo-portatile-allhospice-casa-tua-due\/#primaryimage"},"thumbnailUrl":"https:\/\/www.bellunopress.it\/wp-content\/uploads\/2026\/02\/foto-donazione-ecografo-Ass-Cucchini.jpeg","articleSection":["Sanit\u00e0 Medicina"],"inLanguage":"fr-FR"},{"@type":"WebPage","@id":"https:\/\/www.bellunopress.it\/2026\/02\/10\/donazione-di-un-ecografo-portatile-allhospice-casa-tua-due\/","url":"https:\/\/www.bellunopress.it\/2026\/02\/10\/donazione-di-un-ecografo-portatile-allhospice-casa-tua-due\/","name":"Donazione di un ecografo portatile all\u2019Hospice \u201cCasa Tua Due\u201d - Bellunopress - Dolomiti","isPartOf":{"@id":"https:\/\/www.bellunopress.it\/#website"},"primaryImageOfPage":{"@id":"https:\/\/www.bellunopress.it\/2026\/02\/10\/donazione-di-un-ecografo-portatile-allhospice-casa-tua-due\/#primaryimage"},"image":{"@id":"https:\/\/www.bellunopress.it\/2026\/02\/10\/donazione-di-un-ecografo-portatile-allhospice-casa-tua-due\/#primaryimage"},"thumbnailUrl":"https:\/\/www.bellunopress.it\/wp-content\/uploads\/2026\/02\/foto-donazione-ecografo-Ass-Cucchini.jpeg","datePublished":"2026-02-10T08:35:21+00:00","breadcrumb":{"@id":"https:\/\/www.bellunopress.it\/2026\/02\/10\/donazione-di-un-ecografo-portatile-allhospice-casa-tua-due\/#breadcrumb"},"inLanguage":"fr-FR","potentialAction":[{"@type":"ReadAction","target":["https:\/\/www.bellunopress.it\/2026\/02\/10\/donazione-di-un-ecografo-portatile-allhospice-casa-tua-due\/"]}]},{"@type":"ImageObject","inLanguage":"fr-FR","@id":"https:\/\/www.bellunopress.it\/2026\/02\/10\/donazione-di-un-ecografo-portatile-allhospice-casa-tua-due\/#primaryimage","url":"https:\/\/www.bellunopress.it\/wp-content\/uploads\/2026\/02\/foto-donazione-ecografo-Ass-Cucchini.jpeg","contentUrl":"https:\/\/www.bellunopress.it\/wp-content\/uploads\/2026\/02\/foto-donazione-ecografo-Ass-Cucchini.jpeg","width":500,"height":330},{"@type":"BreadcrumbList","@id":"https:\/\/www.bellunopress.it\/2026\/02\/10\/donazione-di-un-ecografo-portatile-allhospice-casa-tua-due\/#breadcrumb","itemListElement":[{"@type":"ListItem","position":1,"name":"Home","item":"https:\/\/www.bellunopress.it\/"},{"@type":"ListItem","position":2,"name":"Donazione di un ecografo portatile all\u2019Hospice \u201cCasa Tua Due\u201d"}]},{"@type":"WebSite","@id":"https:\/\/www.bellunopress.it\/#website","url":"https:\/\/www.bellunopress.it\/","name":"Bellunopress - Dolomiti","description":"e-mail: redazione@bellunopress.it","publisher":{"@id":"https:\/\/www.bellunopress.it\/#organization"},"potentialAction":[{"@type":"SearchAction","target":{"@type":"EntryPoint","urlTemplate":"https:\/\/www.bellunopress.it\/?s={search_term_string}"},"query-input":{"@type":"PropertyValueSpecification","valueRequired":true,"valueName":"search_term_string"}}],"inLanguage":"fr-FR"},{"@type":"Organization","@id":"https:\/\/www.bellunopress.it\/#organization","name":"Bellunopress","url":"https:\/\/www.bellunopress.it\/","logo":{"@type":"ImageObject","inLanguage":"fr-FR","@id":"https:\/\/www.bellunopress.it\/#\/schema\/logo\/image\/","url":"https:\/\/www.bellunopress.it\/wp-content\/uploads\/2011\/05\/cropped-logo-bellunopress-.jpg","contentUrl":"https:\/\/www.bellunopress.it\/wp-content\/uploads\/2011\/05\/cropped-logo-bellunopress-.jpg","width":512,"height":512,"caption":"Bellunopress"},"image":{"@id":"https:\/\/www.bellunopress.it\/#\/schema\/logo\/image\/"},"sameAs":["https:\/\/www.facebook.com\/profile.php?id=100008943462799","https:\/\/x.com\/bellunopress","https:\/\/www.linkedin.com\/hp\/?dnr=JBzUWaJfMUw8vbXJJ2tVW5-I3jZKvC4wsoxE&amp;amp;amp;amp;amp;amp;trk=nav_responsive_tab_home","https:\/\/www.youtube.com\/channel\/UCxL0wu1uN0_3_7hGG0306cw"]},{"@type":"Person","@id":"https:\/\/www.bellunopress.it\/#\/schema\/person\/79bb06722b37ece1c03d3e94beb30d73","name":"r\u00e9daction","image":{"@type":"ImageObject","inLanguage":"fr-FR","@id":"https:\/\/secure.gravatar.com\/avatar\/37d968a2e67a6fd04c169c4bdef102d0bc5d31b2546345219e348575eb80e9a0?s=96&d=mm&r=g","url":"https:\/\/secure.gravatar.com\/avatar\/37d968a2e67a6fd04c169c4bdef102d0bc5d31b2546345219e348575eb80e9a0?s=96&d=mm&r=g","contentUrl":"https:\/\/secure.gravatar.com\/avatar\/37d968a2e67a6fd04c169c4bdef102d0bc5d31b2546345219e348575eb80e9a0?s=96&d=mm&r=g","caption":"redazione"},"sameAs":["http:\/\/www.bellunopress.it","https:\/\/x.com\/bellunopress"],"url":"https:\/\/www.bellunopress.it\/fr\/author\/redazione\/"}]}},"_links":{"self":[{"href":"https:\/\/www.bellunopress.it\/fr\/wp-json\/wp\/v2\/posts\/167314","targetHints":{"allow":["GET"]}}],"collection":[{"href":"https:\/\/www.bellunopress.it\/fr\/wp-json\/wp\/v2\/posts"}],"about":[{"href":"https:\/\/www.bellunopress.it\/fr\/wp-json\/wp\/v2\/types\/post"}],"author":[{"embeddable":true,"href":"https:\/\/www.bellunopress.it\/fr\/wp-json\/wp\/v2\/users\/2"}],"replies":[{"embeddable":true,"href":"https:\/\/www.bellunopress.it\/fr\/wp-json\/wp\/v2\/comments?post=167314"}],"version-history":[{"count":1,"href":"https:\/\/www.bellunopress.it\/fr\/wp-json\/wp\/v2\/posts\/167314\/revisions"}],"predecessor-version":[{"id":167316,"href":"https:\/\/www.bellunopress.it\/fr\/wp-json\/wp\/v2\/posts\/167314\/revisions\/167316"}],"wp:featuredmedia":[{"embeddable":true,"href":"https:\/\/www.bellunopress.it\/fr\/wp-json\/wp\/v2\/media\/167315"}],"wp:attachment":[{"href":"https:\/\/www.bellunopress.it\/fr\/wp-json\/wp\/v2\/media?parent=167314"}],"wp:term":[{"taxonomy":"category","embeddable":true,"href":"https:\/\/www.bellunopress.it\/fr\/wp-json\/wp\/v2\/categories?post=167314"},{"taxonomy":"post_tag","embeddable":true,"href":"https:\/\/www.bellunopress.it\/fr\/wp-json\/wp\/v2\/tags?post=167314"}],"curies":[{"name":"wp","href":"https:\/\/api.w.org\/{rel}","templated":true}]}}