{"id":167310,"date":"2026-02-09T17:37:39","date_gmt":"2026-02-09T16:37:39","guid":{"rendered":"https:\/\/www.bellunopress.it\/?p=167310"},"modified":"2026-02-09T17:37:39","modified_gmt":"2026-02-09T16:37:39","slug":"belluno-fontane-di-nogare-al-via-lintervento-di-pulizia-straordinaria","status":"publish","type":"post","link":"https:\/\/www.bellunopress.it\/fr\/2026\/02\/09\/belluno-fontane-di-nogare-al-via-lintervento-di-pulizia-straordinaria\/","title":{"rendered":"Belluno, Fontane di Nogar\u00e8: al via l&#8217;intervento di pulizia straordinaria"},"content":{"rendered":"<p>E&#8217; previsto nei prossimi giorni l\u2019intervento straordinario di pulizia delle Fontane di Nogar\u00e8 a cura dei Servizi forestali della Regione del Veneto, finalizzato alla salvaguardia di uno dei biotopi pi\u00f9 rilevanti del territorio comunale.<\/p>\n<p>\u201cLe Fontane di Nogar\u00e8 sono una zona di grandissimo pregio naturalistico e anche un luogo molto bello dove passeggiare \u2013 dichiara il sindaco, Oscar De Pellegrin \u2013. L\u2019area \u00e8 stata duramente colpita dalla tempesta Vaia, ma il Comune sta lavorando insieme alla Regione e al SIB a una serie di interventi per ripristinarla, valorizzarla e ripensare gli spazi verdi in modo definitivo, non con interventi provvisori\u201d.<\/p>\n<p>L\u2019intervento, finanziato e progettato dall\u2019Unit\u00e0 Operativa Servizi Forestali della Regione e realizzato da AVISP Veneto Agricoltura, \u00e8 finalizzato al ripristino dell\u2019officiosit\u00e0 idraulica dei tratti di confluenza del rio Cusighe e del rio Val Busalonga con l\u2019alveo del fiume Piave.<br \/>\nIn particolare, le opere prevedono la pulizia e il mantenimento dell\u2019efficienza della viabilit\u00e0 forestale \u201cL\u2019Anta \u2013 Fontane di Nogar\u00e8 \u2013 Safforze\u201d, con una funzione importante di prevenzione e contrasto agli incendi boschivi nell\u2019area di interfaccia urbano-foresta.\u00a0\u201cRingraziamo la Regione del Veneto per l\u2019attenzione e le risorse destinate ad un\u2019area di grande valore ambientale \u2013 spiega l\u2019assessore all\u2019ambiente, Lorenza De Kunovich \u2013. SIB sta approvando un progetto definitivo per la sistemazione dell\u2019accesso al sito e per il miglioramento del sistema di sollevamento per convogliare i reflui dell\u2019area verso il depuratore di Marisiga, contestualmente i Servizi regionali si stanno organizzando per l\u2019intervento di pulizia: l\u2019operazione sar\u00e0 quindi strutturata in pi\u00f9 fasi e andr\u00e0 a risolvere pi\u00f9 aspetti\u201d. I due interventi combinati consentiranno infatti di migliorare la conservazione ambientale dell\u2019area e permetteranno una migliore accessibilit\u00e0. Saranno poi valutati ulteriori progetti finalizzati all\u2019 arredo e a migliorare i collegamenti tra le varie zone pedonali.<\/p>\n<p>La denominazione Fontane di Nogar\u00e8 deriva dall\u2019omonimo abitato alla periferia di Belluno e dalla presenza, all\u2019interno di un\u2019ampia golena sulla destra idrografica del Piave, di numerosi affioramenti di falda, sorgenti e fontanili che caratterizzano l\u2019intero biotopo. L\u2019area rappresenta un importante esempio di ecosistema fluviale, con comunit\u00e0 vegetali e animali tipiche degli ambienti umidi. Inserito tra i Siti di Importanza Comunitaria (SIC) e classificato come Zona Speciale di Conservazione (ZSC), il biotopo delle Fontane di Nogar\u00e8 \u00e8 uno dei pochi presenti lungo questo tratto del Piave, dove la ridotta pendenza del fiume favorisce la formazione di rami laterali, canali di risorgiva e zone umide che rendono l\u2019idrografia particolarmente articolata e di alto valore naturalistico.<\/p>","protected":false},"excerpt":{"rendered":"<p>E&#8217; previsto nei prossimi giorni l\u2019intervento straordinario di pulizia delle Fontane di Nogar\u00e8 a cura dei Servizi forestali della Regione del Veneto, finalizzato alla salvaguardia di uno dei biotopi pi\u00f9 rilevanti del territorio comunale. \u201cLe Fontane di Nogar\u00e8 sono una zona di grandissimo pregio naturalistico e anche un luogo molto bello dove passeggiare \u2013 dichiara [&hellip;]<\/p>\n","protected":false},"author":2,"featured_media":149185,"comment_status":"closed","ping_status":"open","sticky":false,"template":"","format":"standard","meta":{"footnotes":""},"categories":[38],"tags":[],"class_list":["post-167310","post","type-post","status-publish","format-standard","has-post-thumbnail","category-natura-ambiente"],"yoast_head":"<!-- This site is optimized with the Yoast SEO plugin v28.4 - https:\/\/yoast.com\/product\/yoast-seo-wordpress\/ -->\n<title>Belluno, Fontane di Nogar\u00e8: al via l&#039;intervento di pulizia straordinaria - Bellunopress - Dolomiti<\/title>\n<meta name=\"robots\" content=\"index, follow, max-snippet:-1, max-image-preview:large, max-video-preview:-1\" \/>\n<link rel=\"canonical\" href=\"https:\/\/www.bellunopress.it\/fr\/2026\/02\/09\/belluno-fontane-di-nogare-al-via-lintervento-di-pulizia-straordinaria\/\" \/>\n<meta property=\"og:locale\" content=\"fr_FR\" \/>\n<meta property=\"og:type\" content=\"article\" \/>\n<meta property=\"og:title\" content=\"Belluno, Fontane di Nogar\u00e8: al via l&#039;intervento di pulizia straordinaria - Bellunopress - Dolomiti\" \/>\n<meta property=\"og:description\" content=\"E&#8217; previsto nei prossimi giorni l\u2019intervento straordinario di pulizia delle Fontane di Nogar\u00e8 a cura dei Servizi forestali della Regione del Veneto, finalizzato alla salvaguardia di uno dei biotopi pi\u00f9 rilevanti del territorio comunale. \u201cLe Fontane di Nogar\u00e8 sono una zona di grandissimo pregio naturalistico e anche un luogo molto bello dove passeggiare \u2013 dichiara [&hellip;]\" \/>\n<meta property=\"og:url\" content=\"https:\/\/www.bellunopress.it\/fr\/2026\/02\/09\/belluno-fontane-di-nogare-al-via-lintervento-di-pulizia-straordinaria\/\" \/>\n<meta property=\"og:site_name\" content=\"Bellunopress - Dolomiti\" \/>\n<meta property=\"article:publisher\" content=\"https:\/\/www.facebook.com\/profile.php?id=100008943462799\" \/>\n<meta property=\"article:published_time\" content=\"2026-02-09T16:37:39+00:00\" \/>\n<meta property=\"og:image\" content=\"https:\/\/www.bellunopress.it\/wp-content\/uploads\/2024\/03\/Fontane-di-Nogare_edited.jpg\" \/>\n\t<meta property=\"og:image:width\" content=\"1000\" \/>\n\t<meta property=\"og:image:height\" content=\"562\" \/>\n\t<meta property=\"og:image:type\" content=\"image\/jpeg\" \/>\n<meta name=\"author\" content=\"redazione\" \/>\n<meta name=\"twitter:card\" content=\"summary_large_image\" \/>\n<meta name=\"twitter:creator\" content=\"@bellunopress\" \/>\n<meta name=\"twitter:site\" content=\"@bellunopress\" \/>\n<meta name=\"twitter:label1\" content=\"\u00c9crit par\" \/>\n\t<meta name=\"twitter:data1\" content=\"redazione\" \/>\n\t<meta name=\"twitter:label2\" content=\"Dur\u00e9e de lecture estim\u00e9e\" \/>\n\t<meta name=\"twitter:data2\" content=\"2 minutes\" \/>\n<script type=\"application\/ld+json\" class=\"yoast-schema-graph\">{\"@context\":\"https:\\\/\\\/schema.org\",\"@graph\":[{\"@type\":\"Article\",\"@id\":\"https:\\\/\\\/www.bellunopress.it\\\/2026\\\/02\\\/09\\\/belluno-fontane-di-nogare-al-via-lintervento-di-pulizia-straordinaria\\\/#article\",\"isPartOf\":{\"@id\":\"https:\\\/\\\/www.bellunopress.it\\\/2026\\\/02\\\/09\\\/belluno-fontane-di-nogare-al-via-lintervento-di-pulizia-straordinaria\\\/\"},\"author\":{\"name\":\"redazione\",\"@id\":\"https:\\\/\\\/www.bellunopress.it\\\/#\\\/schema\\\/person\\\/79bb06722b37ece1c03d3e94beb30d73\"},\"headline\":\"Belluno, Fontane di Nogar\u00e8: al via l&#8217;intervento di pulizia straordinaria\",\"datePublished\":\"2026-02-09T16:37:39+00:00\",\"mainEntityOfPage\":{\"@id\":\"https:\\\/\\\/www.bellunopress.it\\\/2026\\\/02\\\/09\\\/belluno-fontane-di-nogare-al-via-lintervento-di-pulizia-straordinaria\\\/\"},\"wordCount\":428,\"publisher\":{\"@id\":\"https:\\\/\\\/www.bellunopress.it\\\/#organization\"},\"image\":{\"@id\":\"https:\\\/\\\/www.bellunopress.it\\\/2026\\\/02\\\/09\\\/belluno-fontane-di-nogare-al-via-lintervento-di-pulizia-straordinaria\\\/#primaryimage\"},\"thumbnailUrl\":\"https:\\\/\\\/www.bellunopress.it\\\/wp-content\\\/uploads\\\/2024\\\/03\\\/Fontane-di-Nogare_edited.jpg\",\"articleSection\":[\"Meteo, natura, ambiente, animali\"],\"inLanguage\":\"fr-FR\"},{\"@type\":\"WebPage\",\"@id\":\"https:\\\/\\\/www.bellunopress.it\\\/2026\\\/02\\\/09\\\/belluno-fontane-di-nogare-al-via-lintervento-di-pulizia-straordinaria\\\/\",\"url\":\"https:\\\/\\\/www.bellunopress.it\\\/2026\\\/02\\\/09\\\/belluno-fontane-di-nogare-al-via-lintervento-di-pulizia-straordinaria\\\/\",\"name\":\"Belluno, Fontane di Nogar\u00e8: al via l'intervento di pulizia straordinaria - Bellunopress - Dolomiti\",\"isPartOf\":{\"@id\":\"https:\\\/\\\/www.bellunopress.it\\\/#website\"},\"primaryImageOfPage\":{\"@id\":\"https:\\\/\\\/www.bellunopress.it\\\/2026\\\/02\\\/09\\\/belluno-fontane-di-nogare-al-via-lintervento-di-pulizia-straordinaria\\\/#primaryimage\"},\"image\":{\"@id\":\"https:\\\/\\\/www.bellunopress.it\\\/2026\\\/02\\\/09\\\/belluno-fontane-di-nogare-al-via-lintervento-di-pulizia-straordinaria\\\/#primaryimage\"},\"thumbnailUrl\":\"https:\\\/\\\/www.bellunopress.it\\\/wp-content\\\/uploads\\\/2024\\\/03\\\/Fontane-di-Nogare_edited.jpg\",\"datePublished\":\"2026-02-09T16:37:39+00:00\",\"breadcrumb\":{\"@id\":\"https:\\\/\\\/www.bellunopress.it\\\/2026\\\/02\\\/09\\\/belluno-fontane-di-nogare-al-via-lintervento-di-pulizia-straordinaria\\\/#breadcrumb\"},\"inLanguage\":\"fr-FR\",\"potentialAction\":[{\"@type\":\"ReadAction\",\"target\":[\"https:\\\/\\\/www.bellunopress.it\\\/2026\\\/02\\\/09\\\/belluno-fontane-di-nogare-al-via-lintervento-di-pulizia-straordinaria\\\/\"]}]},{\"@type\":\"ImageObject\",\"inLanguage\":\"fr-FR\",\"@id\":\"https:\\\/\\\/www.bellunopress.it\\\/2026\\\/02\\\/09\\\/belluno-fontane-di-nogare-al-via-lintervento-di-pulizia-straordinaria\\\/#primaryimage\",\"url\":\"https:\\\/\\\/www.bellunopress.it\\\/wp-content\\\/uploads\\\/2024\\\/03\\\/Fontane-di-Nogare_edited.jpg\",\"contentUrl\":\"https:\\\/\\\/www.bellunopress.it\\\/wp-content\\\/uploads\\\/2024\\\/03\\\/Fontane-di-Nogare_edited.jpg\",\"width\":1000,\"height\":562,\"caption\":\"Fontane di Nogar\u00e8 (Belluno)\"},{\"@type\":\"BreadcrumbList\",\"@id\":\"https:\\\/\\\/www.bellunopress.it\\\/2026\\\/02\\\/09\\\/belluno-fontane-di-nogare-al-via-lintervento-di-pulizia-straordinaria\\\/#breadcrumb\",\"itemListElement\":[{\"@type\":\"ListItem\",\"position\":1,\"name\":\"Home\",\"item\":\"https:\\\/\\\/www.bellunopress.it\\\/\"},{\"@type\":\"ListItem\",\"position\":2,\"name\":\"Belluno, Fontane di Nogar\u00e8: al via l&#8217;intervento di pulizia straordinaria\"}]},{\"@type\":\"WebSite\",\"@id\":\"https:\\\/\\\/www.bellunopress.it\\\/#website\",\"url\":\"https:\\\/\\\/www.bellunopress.it\\\/\",\"name\":\"Bellunopress - Dolomiti\",\"description\":\"e-mail: redazione@bellunopress.it\",\"publisher\":{\"@id\":\"https:\\\/\\\/www.bellunopress.it\\\/#organization\"},\"potentialAction\":[{\"@type\":\"SearchAction\",\"target\":{\"@type\":\"EntryPoint\",\"urlTemplate\":\"https:\\\/\\\/www.bellunopress.it\\\/?s={search_term_string}\"},\"query-input\":{\"@type\":\"PropertyValueSpecification\",\"valueRequired\":true,\"valueName\":\"search_term_string\"}}],\"inLanguage\":\"fr-FR\"},{\"@type\":\"Organization\",\"@id\":\"https:\\\/\\\/www.bellunopress.it\\\/#organization\",\"name\":\"Bellunopress\",\"url\":\"https:\\\/\\\/www.bellunopress.it\\\/\",\"logo\":{\"@type\":\"ImageObject\",\"inLanguage\":\"fr-FR\",\"@id\":\"https:\\\/\\\/www.bellunopress.it\\\/#\\\/schema\\\/logo\\\/image\\\/\",\"url\":\"https:\\\/\\\/www.bellunopress.it\\\/wp-content\\\/uploads\\\/2011\\\/05\\\/cropped-logo-bellunopress-.jpg\",\"contentUrl\":\"https:\\\/\\\/www.bellunopress.it\\\/wp-content\\\/uploads\\\/2011\\\/05\\\/cropped-logo-bellunopress-.jpg\",\"width\":512,\"height\":512,\"caption\":\"Bellunopress\"},\"image\":{\"@id\":\"https:\\\/\\\/www.bellunopress.it\\\/#\\\/schema\\\/logo\\\/image\\\/\"},\"sameAs\":[\"https:\\\/\\\/www.facebook.com\\\/profile.php?id=100008943462799\",\"https:\\\/\\\/x.com\\\/bellunopress\",\"https:\\\/\\\/www.linkedin.com\\\/hp\\\/?dnr=JBzUWaJfMUw8vbXJJ2tVW5-I3jZKvC4wsoxE&amp;amp;amp;amp;amp;amp;trk=nav_responsive_tab_home\",\"https:\\\/\\\/www.youtube.com\\\/channel\\\/UCxL0wu1uN0_3_7hGG0306cw\"]},{\"@type\":\"Person\",\"@id\":\"https:\\\/\\\/www.bellunopress.it\\\/#\\\/schema\\\/person\\\/79bb06722b37ece1c03d3e94beb30d73\",\"name\":\"redazione\",\"image\":{\"@type\":\"ImageObject\",\"inLanguage\":\"fr-FR\",\"@id\":\"https:\\\/\\\/secure.gravatar.com\\\/avatar\\\/37d968a2e67a6fd04c169c4bdef102d0bc5d31b2546345219e348575eb80e9a0?s=96&d=mm&r=g\",\"url\":\"https:\\\/\\\/secure.gravatar.com\\\/avatar\\\/37d968a2e67a6fd04c169c4bdef102d0bc5d31b2546345219e348575eb80e9a0?s=96&d=mm&r=g\",\"contentUrl\":\"https:\\\/\\\/secure.gravatar.com\\\/avatar\\\/37d968a2e67a6fd04c169c4bdef102d0bc5d31b2546345219e348575eb80e9a0?s=96&d=mm&r=g\",\"caption\":\"redazione\"},\"sameAs\":[\"http:\\\/\\\/www.bellunopress.it\",\"https:\\\/\\\/x.com\\\/bellunopress\"],\"url\":\"https:\\\/\\\/www.bellunopress.it\\\/fr\\\/author\\\/redazione\\\/\"}]}<\/script>\n<!-- \/ Yoast SEO plugin. -->","yoast_head_json":{"title":"Belluno, Fontane di Nogar\u00e8: al via l'intervento di pulizia straordinaria - Bellunopress - Dolomiti","robots":{"index":"index","follow":"follow","max-snippet":"max-snippet:-1","max-image-preview":"max-image-preview:large","max-video-preview":"max-video-preview:-1"},"canonical":"https:\/\/www.bellunopress.it\/fr\/2026\/02\/09\/belluno-fontane-di-nogare-al-via-lintervento-di-pulizia-straordinaria\/","og_locale":"fr_FR","og_type":"article","og_title":"Belluno, Fontane di Nogar\u00e8: al via l'intervento di pulizia straordinaria - Bellunopress - Dolomiti","og_description":"E&#8217; previsto nei prossimi giorni l\u2019intervento straordinario di pulizia delle Fontane di Nogar\u00e8 a cura dei Servizi forestali della Regione del Veneto, finalizzato alla salvaguardia di uno dei biotopi pi\u00f9 rilevanti del territorio comunale. \u201cLe Fontane di Nogar\u00e8 sono una zona di grandissimo pregio naturalistico e anche un luogo molto bello dove passeggiare \u2013 dichiara [&hellip;]","og_url":"https:\/\/www.bellunopress.it\/fr\/2026\/02\/09\/belluno-fontane-di-nogare-al-via-lintervento-di-pulizia-straordinaria\/","og_site_name":"Bellunopress - Dolomiti","article_publisher":"https:\/\/www.facebook.com\/profile.php?id=100008943462799","article_published_time":"2026-02-09T16:37:39+00:00","og_image":[{"width":1000,"height":562,"url":"https:\/\/www.bellunopress.it\/wp-content\/uploads\/2024\/03\/Fontane-di-Nogare_edited.jpg","type":"image\/jpeg"}],"author":"redazione","twitter_card":"summary_large_image","twitter_creator":"@bellunopress","twitter_site":"@bellunopress","twitter_misc":{"\u00c9crit par":"redazione","Dur\u00e9e de lecture estim\u00e9e":"2 minutes"},"schema":{"@context":"https:\/\/schema.org","@graph":[{"@type":"Article","@id":"https:\/\/www.bellunopress.it\/2026\/02\/09\/belluno-fontane-di-nogare-al-via-lintervento-di-pulizia-straordinaria\/#article","isPartOf":{"@id":"https:\/\/www.bellunopress.it\/2026\/02\/09\/belluno-fontane-di-nogare-al-via-lintervento-di-pulizia-straordinaria\/"},"author":{"name":"redazione","@id":"https:\/\/www.bellunopress.it\/#\/schema\/person\/79bb06722b37ece1c03d3e94beb30d73"},"headline":"Belluno, Fontane di Nogar\u00e8: al via l&#8217;intervento di pulizia straordinaria","datePublished":"2026-02-09T16:37:39+00:00","mainEntityOfPage":{"@id":"https:\/\/www.bellunopress.it\/2026\/02\/09\/belluno-fontane-di-nogare-al-via-lintervento-di-pulizia-straordinaria\/"},"wordCount":428,"publisher":{"@id":"https:\/\/www.bellunopress.it\/#organization"},"image":{"@id":"https:\/\/www.bellunopress.it\/2026\/02\/09\/belluno-fontane-di-nogare-al-via-lintervento-di-pulizia-straordinaria\/#primaryimage"},"thumbnailUrl":"https:\/\/www.bellunopress.it\/wp-content\/uploads\/2024\/03\/Fontane-di-Nogare_edited.jpg","articleSection":["Meteo, natura, ambiente, animali"],"inLanguage":"fr-FR"},{"@type":"WebPage","@id":"https:\/\/www.bellunopress.it\/2026\/02\/09\/belluno-fontane-di-nogare-al-via-lintervento-di-pulizia-straordinaria\/","url":"https:\/\/www.bellunopress.it\/2026\/02\/09\/belluno-fontane-di-nogare-al-via-lintervento-di-pulizia-straordinaria\/","name":"Belluno, Fontane di Nogar\u00e8: al via l'intervento di pulizia straordinaria - Bellunopress - Dolomiti","isPartOf":{"@id":"https:\/\/www.bellunopress.it\/#website"},"primaryImageOfPage":{"@id":"https:\/\/www.bellunopress.it\/2026\/02\/09\/belluno-fontane-di-nogare-al-via-lintervento-di-pulizia-straordinaria\/#primaryimage"},"image":{"@id":"https:\/\/www.bellunopress.it\/2026\/02\/09\/belluno-fontane-di-nogare-al-via-lintervento-di-pulizia-straordinaria\/#primaryimage"},"thumbnailUrl":"https:\/\/www.bellunopress.it\/wp-content\/uploads\/2024\/03\/Fontane-di-Nogare_edited.jpg","datePublished":"2026-02-09T16:37:39+00:00","breadcrumb":{"@id":"https:\/\/www.bellunopress.it\/2026\/02\/09\/belluno-fontane-di-nogare-al-via-lintervento-di-pulizia-straordinaria\/#breadcrumb"},"inLanguage":"fr-FR","potentialAction":[{"@type":"ReadAction","target":["https:\/\/www.bellunopress.it\/2026\/02\/09\/belluno-fontane-di-nogare-al-via-lintervento-di-pulizia-straordinaria\/"]}]},{"@type":"ImageObject","inLanguage":"fr-FR","@id":"https:\/\/www.bellunopress.it\/2026\/02\/09\/belluno-fontane-di-nogare-al-via-lintervento-di-pulizia-straordinaria\/#primaryimage","url":"https:\/\/www.bellunopress.it\/wp-content\/uploads\/2024\/03\/Fontane-di-Nogare_edited.jpg","contentUrl":"https:\/\/www.bellunopress.it\/wp-content\/uploads\/2024\/03\/Fontane-di-Nogare_edited.jpg","width":1000,"height":562,"caption":"Fontane di Nogar\u00e8 (Belluno)"},{"@type":"BreadcrumbList","@id":"https:\/\/www.bellunopress.it\/2026\/02\/09\/belluno-fontane-di-nogare-al-via-lintervento-di-pulizia-straordinaria\/#breadcrumb","itemListElement":[{"@type":"ListItem","position":1,"name":"Home","item":"https:\/\/www.bellunopress.it\/"},{"@type":"ListItem","position":2,"name":"Belluno, Fontane di Nogar\u00e8: al via l&#8217;intervento di pulizia straordinaria"}]},{"@type":"WebSite","@id":"https:\/\/www.bellunopress.it\/#website","url":"https:\/\/www.bellunopress.it\/","name":"Bellunopress - Dolomiti","description":"e-mail: redazione@bellunopress.it","publisher":{"@id":"https:\/\/www.bellunopress.it\/#organization"},"potentialAction":[{"@type":"SearchAction","target":{"@type":"EntryPoint","urlTemplate":"https:\/\/www.bellunopress.it\/?s={search_term_string}"},"query-input":{"@type":"PropertyValueSpecification","valueRequired":true,"valueName":"search_term_string"}}],"inLanguage":"fr-FR"},{"@type":"Organization","@id":"https:\/\/www.bellunopress.it\/#organization","name":"Bellunopress","url":"https:\/\/www.bellunopress.it\/","logo":{"@type":"ImageObject","inLanguage":"fr-FR","@id":"https:\/\/www.bellunopress.it\/#\/schema\/logo\/image\/","url":"https:\/\/www.bellunopress.it\/wp-content\/uploads\/2011\/05\/cropped-logo-bellunopress-.jpg","contentUrl":"https:\/\/www.bellunopress.it\/wp-content\/uploads\/2011\/05\/cropped-logo-bellunopress-.jpg","width":512,"height":512,"caption":"Bellunopress"},"image":{"@id":"https:\/\/www.bellunopress.it\/#\/schema\/logo\/image\/"},"sameAs":["https:\/\/www.facebook.com\/profile.php?id=100008943462799","https:\/\/x.com\/bellunopress","https:\/\/www.linkedin.com\/hp\/?dnr=JBzUWaJfMUw8vbXJJ2tVW5-I3jZKvC4wsoxE&amp;amp;amp;amp;amp;amp;trk=nav_responsive_tab_home","https:\/\/www.youtube.com\/channel\/UCxL0wu1uN0_3_7hGG0306cw"]},{"@type":"Person","@id":"https:\/\/www.bellunopress.it\/#\/schema\/person\/79bb06722b37ece1c03d3e94beb30d73","name":"r\u00e9daction","image":{"@type":"ImageObject","inLanguage":"fr-FR","@id":"https:\/\/secure.gravatar.com\/avatar\/37d968a2e67a6fd04c169c4bdef102d0bc5d31b2546345219e348575eb80e9a0?s=96&d=mm&r=g","url":"https:\/\/secure.gravatar.com\/avatar\/37d968a2e67a6fd04c169c4bdef102d0bc5d31b2546345219e348575eb80e9a0?s=96&d=mm&r=g","contentUrl":"https:\/\/secure.gravatar.com\/avatar\/37d968a2e67a6fd04c169c4bdef102d0bc5d31b2546345219e348575eb80e9a0?s=96&d=mm&r=g","caption":"redazione"},"sameAs":["http:\/\/www.bellunopress.it","https:\/\/x.com\/bellunopress"],"url":"https:\/\/www.bellunopress.it\/fr\/author\/redazione\/"}]}},"_links":{"self":[{"href":"https:\/\/www.bellunopress.it\/fr\/wp-json\/wp\/v2\/posts\/167310","targetHints":{"allow":["GET"]}}],"collection":[{"href":"https:\/\/www.bellunopress.it\/fr\/wp-json\/wp\/v2\/posts"}],"about":[{"href":"https:\/\/www.bellunopress.it\/fr\/wp-json\/wp\/v2\/types\/post"}],"author":[{"embeddable":true,"href":"https:\/\/www.bellunopress.it\/fr\/wp-json\/wp\/v2\/users\/2"}],"replies":[{"embeddable":true,"href":"https:\/\/www.bellunopress.it\/fr\/wp-json\/wp\/v2\/comments?post=167310"}],"version-history":[{"count":1,"href":"https:\/\/www.bellunopress.it\/fr\/wp-json\/wp\/v2\/posts\/167310\/revisions"}],"predecessor-version":[{"id":167311,"href":"https:\/\/www.bellunopress.it\/fr\/wp-json\/wp\/v2\/posts\/167310\/revisions\/167311"}],"wp:featuredmedia":[{"embeddable":true,"href":"https:\/\/www.bellunopress.it\/fr\/wp-json\/wp\/v2\/media\/149185"}],"wp:attachment":[{"href":"https:\/\/www.bellunopress.it\/fr\/wp-json\/wp\/v2\/media?parent=167310"}],"wp:term":[{"taxonomy":"category","embeddable":true,"href":"https:\/\/www.bellunopress.it\/fr\/wp-json\/wp\/v2\/categories?post=167310"},{"taxonomy":"post_tag","embeddable":true,"href":"https:\/\/www.bellunopress.it\/fr\/wp-json\/wp\/v2\/tags?post=167310"}],"curies":[{"name":"wp","href":"https:\/\/api.w.org\/{rel}","templated":true}]}}