{"id":167300,"date":"2026-02-09T12:15:00","date_gmt":"2026-02-09T11:15:00","guid":{"rendered":"https:\/\/www.bellunopress.it\/?p=167300"},"modified":"2026-02-09T12:15:01","modified_gmt":"2026-02-09T11:15:01","slug":"scie-a-impatto-zero-larchivio-di-stato-di-belluno-riavvolge-il-nastro-sugli-sport-invernali-pre-56","status":"publish","type":"post","link":"https:\/\/www.bellunopress.it\/fr\/2026\/02\/09\/scie-a-impatto-zero-larchivio-di-stato-di-belluno-riavvolge-il-nastro-sugli-sport-invernali-pre-56\/","title":{"rendered":"Scie a impatto zero: l&#8217;Archivio di Stato di Belluno riavvolge il nastro sugli sport invernali pre-&#8217;56"},"content":{"rendered":"<p data-path-to-node=\"3\"><b data-path-to-node=\"3\" data-index-in-node=\"0\">Dal 11 febbraio al 31 marzo 2026, una mostra documentaria esplora le origini della tradizione sciistica bellunese prima dello storico spartiacque delle Olimpiadi di Cortina.<\/b><\/p>\n<p data-path-to-node=\"5\"><span class=\"citation-55\">Belluno, 9 febbraio 2026<\/span><span class=\"citation-55\">\u00a0\u2013 Prima che i riflettori del mondo si accendessero sulle piste dolomitiche per le Olimpiadi del 1956, la provincia di Belluno viveva gi\u00e0 una stagione pionieristica e affascinante legata alla neve<\/span>. <span class=\"citation-54\">Per riscoprire quelle radici, l\u2019<\/span><span class=\"citation-54\">Archivio di Stato di Belluno<\/span><span class=\"citation-54\"> presenta la mostra documentaria <\/span><span class=\"citation-54\">&#8220;SCIE A IMPATTO ZERO: sport invernali in provincia di Belluno prima delle Olimpiadi del &#8217;56&#8221;<\/span>.<\/p>\n<p data-path-to-node=\"6\"><span data-path-to-node=\"6,1\"><span class=\"citation-53\">L&#8217;esposizione, ospitata a Belluno nella sede di via S. Maria dei Battuti, aprir\u00e0 ufficialmente i battenti <\/span><span class=\"citation-53\">mercoled\u00ec 11 febbraio alle ore 11:00<\/span><span class=\"citation-53\"> con un&#8217;inaugurazione su prenotazione<\/span><\/span><span data-path-to-node=\"6,3\">.<\/span><\/p>\n<p data-path-to-node=\"8\"><span data-path-to-node=\"8,1\"><span class=\"citation-52\">L&#8217;iniziativa, promossa dal <\/span><span class=\"citation-52\">Ministero della Cultura<\/span><span class=\"citation-52\"> in collaborazione con l&#8217;Archivio Storico del Comune di Belluno e la Provincia di Belluno, si propone di illustrare come lo sci e gli sport invernali si siano integrati nel tessuto sociale bellunese ben prima della grande trasformazione infrastrutturale degli anni &#8217;50<\/span><\/span><span data-path-to-node=\"8,3\">. <\/span><span data-path-to-node=\"8,5\"><span class=\"citation-51\">Attraverso documenti e testimonianze d&#8217;archivio, la mostra offre uno sguardo su un&#8217;epoca in cui la passione per la montagna si coniugava con un approccio quasi &#8220;ancestrale&#8221; e a basso impatto ambientale, da cui il titolo evocativo della rassegna<\/span><\/span><span data-path-to-node=\"8,7\">.<\/span><\/p>\n<p data-path-to-node=\"10\"><span data-path-to-node=\"10,1\"><span class=\"citation-50\">La mostra rimarr\u00e0 visitabile fino al <\/span><span class=\"citation-50\">31 marzo 2026<\/span><\/span>. <span data-path-to-node=\"10,5\"><span class=\"citation-49\">L&#8217;<\/span><span class=\"citation-49\">ingresso \u00e8 gratuito<\/span><span class=\"citation-49\">, ma l&#8217;accesso \u00e8 regolato da modalit\u00e0 specifiche per garantire la migliore fruizione dei materiali<\/span><\/span><span data-path-to-node=\"10,7\">:<\/span><\/p>\n<div class=\"source-inline-chip-container ng-star-inserted\"><\/div>\n<ul data-path-to-node=\"11\">\n<li>\n<p data-path-to-node=\"11,0,0\"><b data-path-to-node=\"11,0,0\" data-index-in-node=\"0\">Orari di apertura:<\/b><\/p>\n<p data-path-to-node=\"11,0,1,0,0\"><span data-path-to-node=\"11,0,1,0,0,1\"><span class=\"citation-48\">Marted\u00ec, mercoled\u00ec e venerd\u00ec: dalle 9:00 alle 13:00<\/span><\/span><span data-path-to-node=\"11,0,1,0,0,3\">.<\/span><\/p>\n<p data-path-to-node=\"11,0,1,1,0\"><span data-path-to-node=\"11,0,1,1,0,1\"><span class=\"citation-47\">Luned\u00ec e gioved\u00ec: apertura continuata anche nel pomeriggio, dalle 14:30 alle 17:00<\/span><\/span><span data-path-to-node=\"11,0,1,1,0,3\">.<\/span><\/p>\n<p data-path-to-node=\"11,1,1\"><span data-path-to-node=\"11,1,1,0\"><b data-path-to-node=\"11,1,1,0\" data-index-in-node=\"0\"><span class=\"citation-46\">Modalit\u00e0 di accesso:<\/span><\/b><span class=\"citation-46\"> \u00c8 richiesta la <\/span><span class=\"citation-46\">prenotazione telefonica<\/span><span class=\"citation-46\"> per le visite individuali<\/span><\/span>.<\/p>\n<p data-path-to-node=\"11,2,1\"><span data-path-to-node=\"11,2,1,0\"><span class=\"citation-45\">Gruppi:<\/span><span class=\"citation-45\"> \u00c8 possibile concordare <\/span><span class=\"citation-45\">visite guidate<\/span><span class=\"citation-45\"> dedicate per gruppi<\/span><\/span><span data-path-to-node=\"11,2,1,2\">.<\/span><\/p>\n<div class=\"source-inline-chip-container ng-star-inserted\"><\/div>\n<\/li>\n<\/ul>\n<blockquote data-path-to-node=\"13\">\n<h6 style=\"text-align: left;\" data-path-to-node=\"13,0\"><span data-path-to-node=\"13,0,0\"><b data-path-to-node=\"13,0,0\" data-index-in-node=\"0\">Contatti e Prenotazioni:<\/b> <\/span><span data-path-to-node=\"13,0,2\"><span class=\"citation-44\">* <\/span><b data-path-to-node=\"13,0,2\" data-index-in-node=\"2\"><span class=\"citation-44\">Sede:<\/span><\/b><span class=\"citation-44\"> Archivio di Stato di Belluno, via S. Maria dei Battuti, 3<\/span><\/span><span data-path-to-node=\"13,0,4\">. <\/span><span data-path-to-node=\"13,0,6\"><span class=\"citation-43\">* <\/span><b data-path-to-node=\"13,0,6\" data-index-in-node=\"2\"><span class=\"citation-43\">Telefono:<\/span><\/b><span class=\"citation-43\"> 0437 940061<\/span><\/span><span data-path-to-node=\"13,0,8\">. <\/span><span data-path-to-node=\"13,0,10\"><span class=\"citation-42\">* <\/span><b data-path-to-node=\"13,0,10\" data-index-in-node=\"2\"><span class=\"citation-42\">Email:<\/span><\/b><span class=\"citation-42\"> as-bl@cultura.gov.it<\/span><\/span><span data-path-to-node=\"13,0,12\">.<\/span><\/h6>\n<\/blockquote>","protected":false},"excerpt":{"rendered":"<p>Dal 11 febbraio al 31 marzo 2026, una mostra documentaria esplora le origini della tradizione sciistica bellunese prima dello storico spartiacque delle Olimpiadi di Cortina. Belluno, 9 febbraio 2026\u00a0\u2013 Prima che i riflettori del mondo si accendessero sulle piste dolomitiche per le Olimpiadi del 1956, la provincia di Belluno viveva gi\u00e0 una stagione pionieristica e [&hellip;]<\/p>\n","protected":false},"author":2,"featured_media":167301,"comment_status":"closed","ping_status":"open","sticky":false,"template":"","format":"standard","meta":{"footnotes":""},"categories":[3],"tags":[],"class_list":["post-167300","post","type-post","status-publish","format-standard","has-post-thumbnail","category-arte-cultura-spettacoli-scienza-archivi"],"yoast_head":"<!-- This site is optimized with the Yoast SEO plugin v28.4 - https:\/\/yoast.com\/product\/yoast-seo-wordpress\/ -->\n<title>Scie a impatto zero: l&#039;Archivio di Stato di Belluno riavvolge il nastro sugli sport invernali pre-&#039;56 - Bellunopress - Dolomiti<\/title>\n<meta name=\"robots\" content=\"index, follow, max-snippet:-1, max-image-preview:large, max-video-preview:-1\" \/>\n<link rel=\"canonical\" href=\"https:\/\/www.bellunopress.it\/fr\/2026\/02\/09\/scie-a-impatto-zero-larchivio-di-stato-di-belluno-riavvolge-il-nastro-sugli-sport-invernali-pre-56\/\" \/>\n<meta property=\"og:locale\" content=\"fr_FR\" \/>\n<meta property=\"og:type\" content=\"article\" \/>\n<meta property=\"og:title\" content=\"Scie a impatto zero: l&#039;Archivio di Stato di Belluno riavvolge il nastro sugli sport invernali pre-&#039;56 - Bellunopress - Dolomiti\" \/>\n<meta property=\"og:description\" content=\"Dal 11 febbraio al 31 marzo 2026, una mostra documentaria esplora le origini della tradizione sciistica bellunese prima dello storico spartiacque delle Olimpiadi di Cortina. Belluno, 9 febbraio 2026\u00a0\u2013 Prima che i riflettori del mondo si accendessero sulle piste dolomitiche per le Olimpiadi del 1956, la provincia di Belluno viveva gi\u00e0 una stagione pionieristica e [&hellip;]\" \/>\n<meta property=\"og:url\" content=\"https:\/\/www.bellunopress.it\/fr\/2026\/02\/09\/scie-a-impatto-zero-larchivio-di-stato-di-belluno-riavvolge-il-nastro-sugli-sport-invernali-pre-56\/\" \/>\n<meta property=\"og:site_name\" content=\"Bellunopress - Dolomiti\" \/>\n<meta property=\"article:publisher\" content=\"https:\/\/www.facebook.com\/profile.php?id=100008943462799\" \/>\n<meta property=\"article:published_time\" content=\"2026-02-09T11:15:00+00:00\" \/>\n<meta property=\"article:modified_time\" content=\"2026-02-09T11:15:01+00:00\" \/>\n<meta property=\"og:image\" content=\"https:\/\/www.bellunopress.it\/wp-content\/uploads\/2026\/02\/scie-a-impatto-zero-mostra-archivio-di-stato.jpg\" \/>\n\t<meta property=\"og:image:width\" content=\"421\" \/>\n\t<meta property=\"og:image:height\" content=\"600\" \/>\n\t<meta property=\"og:image:type\" content=\"image\/jpeg\" \/>\n<meta name=\"author\" content=\"redazione\" \/>\n<meta name=\"twitter:card\" content=\"summary_large_image\" \/>\n<meta name=\"twitter:creator\" content=\"@bellunopress\" \/>\n<meta name=\"twitter:site\" content=\"@bellunopress\" \/>\n<meta name=\"twitter:label1\" content=\"\u00c9crit par\" \/>\n\t<meta name=\"twitter:data1\" content=\"redazione\" \/>\n\t<meta name=\"twitter:label2\" content=\"Dur\u00e9e de lecture estim\u00e9e\" \/>\n\t<meta name=\"twitter:data2\" content=\"1 minute\" \/>\n<script type=\"application\/ld+json\" class=\"yoast-schema-graph\">{\"@context\":\"https:\\\/\\\/schema.org\",\"@graph\":[{\"@type\":\"Article\",\"@id\":\"https:\\\/\\\/www.bellunopress.it\\\/2026\\\/02\\\/09\\\/scie-a-impatto-zero-larchivio-di-stato-di-belluno-riavvolge-il-nastro-sugli-sport-invernali-pre-56\\\/#article\",\"isPartOf\":{\"@id\":\"https:\\\/\\\/www.bellunopress.it\\\/2026\\\/02\\\/09\\\/scie-a-impatto-zero-larchivio-di-stato-di-belluno-riavvolge-il-nastro-sugli-sport-invernali-pre-56\\\/\"},\"author\":{\"name\":\"redazione\",\"@id\":\"https:\\\/\\\/www.bellunopress.it\\\/#\\\/schema\\\/person\\\/79bb06722b37ece1c03d3e94beb30d73\"},\"headline\":\"Scie a impatto zero: l&#8217;Archivio di Stato di Belluno riavvolge il nastro sugli sport invernali pre-&#8217;56\",\"datePublished\":\"2026-02-09T11:15:00+00:00\",\"dateModified\":\"2026-02-09T11:15:01+00:00\",\"mainEntityOfPage\":{\"@id\":\"https:\\\/\\\/www.bellunopress.it\\\/2026\\\/02\\\/09\\\/scie-a-impatto-zero-larchivio-di-stato-di-belluno-riavvolge-il-nastro-sugli-sport-invernali-pre-56\\\/\"},\"wordCount\":294,\"publisher\":{\"@id\":\"https:\\\/\\\/www.bellunopress.it\\\/#organization\"},\"image\":{\"@id\":\"https:\\\/\\\/www.bellunopress.it\\\/2026\\\/02\\\/09\\\/scie-a-impatto-zero-larchivio-di-stato-di-belluno-riavvolge-il-nastro-sugli-sport-invernali-pre-56\\\/#primaryimage\"},\"thumbnailUrl\":\"https:\\\/\\\/www.bellunopress.it\\\/wp-content\\\/uploads\\\/2026\\\/02\\\/scie-a-impatto-zero-mostra-archivio-di-stato.jpg\",\"articleSection\":[\"Arte, Cultura, Spettacoli, Scienza\"],\"inLanguage\":\"fr-FR\"},{\"@type\":\"WebPage\",\"@id\":\"https:\\\/\\\/www.bellunopress.it\\\/2026\\\/02\\\/09\\\/scie-a-impatto-zero-larchivio-di-stato-di-belluno-riavvolge-il-nastro-sugli-sport-invernali-pre-56\\\/\",\"url\":\"https:\\\/\\\/www.bellunopress.it\\\/2026\\\/02\\\/09\\\/scie-a-impatto-zero-larchivio-di-stato-di-belluno-riavvolge-il-nastro-sugli-sport-invernali-pre-56\\\/\",\"name\":\"Scie a impatto zero: l'Archivio di Stato di Belluno riavvolge il nastro sugli sport invernali pre-'56 - Bellunopress - Dolomiti\",\"isPartOf\":{\"@id\":\"https:\\\/\\\/www.bellunopress.it\\\/#website\"},\"primaryImageOfPage\":{\"@id\":\"https:\\\/\\\/www.bellunopress.it\\\/2026\\\/02\\\/09\\\/scie-a-impatto-zero-larchivio-di-stato-di-belluno-riavvolge-il-nastro-sugli-sport-invernali-pre-56\\\/#primaryimage\"},\"image\":{\"@id\":\"https:\\\/\\\/www.bellunopress.it\\\/2026\\\/02\\\/09\\\/scie-a-impatto-zero-larchivio-di-stato-di-belluno-riavvolge-il-nastro-sugli-sport-invernali-pre-56\\\/#primaryimage\"},\"thumbnailUrl\":\"https:\\\/\\\/www.bellunopress.it\\\/wp-content\\\/uploads\\\/2026\\\/02\\\/scie-a-impatto-zero-mostra-archivio-di-stato.jpg\",\"datePublished\":\"2026-02-09T11:15:00+00:00\",\"dateModified\":\"2026-02-09T11:15:01+00:00\",\"breadcrumb\":{\"@id\":\"https:\\\/\\\/www.bellunopress.it\\\/2026\\\/02\\\/09\\\/scie-a-impatto-zero-larchivio-di-stato-di-belluno-riavvolge-il-nastro-sugli-sport-invernali-pre-56\\\/#breadcrumb\"},\"inLanguage\":\"fr-FR\",\"potentialAction\":[{\"@type\":\"ReadAction\",\"target\":[\"https:\\\/\\\/www.bellunopress.it\\\/2026\\\/02\\\/09\\\/scie-a-impatto-zero-larchivio-di-stato-di-belluno-riavvolge-il-nastro-sugli-sport-invernali-pre-56\\\/\"]}]},{\"@type\":\"ImageObject\",\"inLanguage\":\"fr-FR\",\"@id\":\"https:\\\/\\\/www.bellunopress.it\\\/2026\\\/02\\\/09\\\/scie-a-impatto-zero-larchivio-di-stato-di-belluno-riavvolge-il-nastro-sugli-sport-invernali-pre-56\\\/#primaryimage\",\"url\":\"https:\\\/\\\/www.bellunopress.it\\\/wp-content\\\/uploads\\\/2026\\\/02\\\/scie-a-impatto-zero-mostra-archivio-di-stato.jpg\",\"contentUrl\":\"https:\\\/\\\/www.bellunopress.it\\\/wp-content\\\/uploads\\\/2026\\\/02\\\/scie-a-impatto-zero-mostra-archivio-di-stato.jpg\",\"width\":421,\"height\":600},{\"@type\":\"BreadcrumbList\",\"@id\":\"https:\\\/\\\/www.bellunopress.it\\\/2026\\\/02\\\/09\\\/scie-a-impatto-zero-larchivio-di-stato-di-belluno-riavvolge-il-nastro-sugli-sport-invernali-pre-56\\\/#breadcrumb\",\"itemListElement\":[{\"@type\":\"ListItem\",\"position\":1,\"name\":\"Home\",\"item\":\"https:\\\/\\\/www.bellunopress.it\\\/\"},{\"@type\":\"ListItem\",\"position\":2,\"name\":\"Scie a impatto zero: l&#8217;Archivio di Stato di Belluno riavvolge il nastro sugli sport invernali pre-&#8217;56\"}]},{\"@type\":\"WebSite\",\"@id\":\"https:\\\/\\\/www.bellunopress.it\\\/#website\",\"url\":\"https:\\\/\\\/www.bellunopress.it\\\/\",\"name\":\"Bellunopress - Dolomiti\",\"description\":\"e-mail: redazione@bellunopress.it\",\"publisher\":{\"@id\":\"https:\\\/\\\/www.bellunopress.it\\\/#organization\"},\"potentialAction\":[{\"@type\":\"SearchAction\",\"target\":{\"@type\":\"EntryPoint\",\"urlTemplate\":\"https:\\\/\\\/www.bellunopress.it\\\/?s={search_term_string}\"},\"query-input\":{\"@type\":\"PropertyValueSpecification\",\"valueRequired\":true,\"valueName\":\"search_term_string\"}}],\"inLanguage\":\"fr-FR\"},{\"@type\":\"Organization\",\"@id\":\"https:\\\/\\\/www.bellunopress.it\\\/#organization\",\"name\":\"Bellunopress\",\"url\":\"https:\\\/\\\/www.bellunopress.it\\\/\",\"logo\":{\"@type\":\"ImageObject\",\"inLanguage\":\"fr-FR\",\"@id\":\"https:\\\/\\\/www.bellunopress.it\\\/#\\\/schema\\\/logo\\\/image\\\/\",\"url\":\"https:\\\/\\\/www.bellunopress.it\\\/wp-content\\\/uploads\\\/2011\\\/05\\\/cropped-logo-bellunopress-.jpg\",\"contentUrl\":\"https:\\\/\\\/www.bellunopress.it\\\/wp-content\\\/uploads\\\/2011\\\/05\\\/cropped-logo-bellunopress-.jpg\",\"width\":512,\"height\":512,\"caption\":\"Bellunopress\"},\"image\":{\"@id\":\"https:\\\/\\\/www.bellunopress.it\\\/#\\\/schema\\\/logo\\\/image\\\/\"},\"sameAs\":[\"https:\\\/\\\/www.facebook.com\\\/profile.php?id=100008943462799\",\"https:\\\/\\\/x.com\\\/bellunopress\",\"https:\\\/\\\/www.linkedin.com\\\/hp\\\/?dnr=JBzUWaJfMUw8vbXJJ2tVW5-I3jZKvC4wsoxE&amp;amp;amp;amp;amp;amp;trk=nav_responsive_tab_home\",\"https:\\\/\\\/www.youtube.com\\\/channel\\\/UCxL0wu1uN0_3_7hGG0306cw\"]},{\"@type\":\"Person\",\"@id\":\"https:\\\/\\\/www.bellunopress.it\\\/#\\\/schema\\\/person\\\/79bb06722b37ece1c03d3e94beb30d73\",\"name\":\"redazione\",\"image\":{\"@type\":\"ImageObject\",\"inLanguage\":\"fr-FR\",\"@id\":\"https:\\\/\\\/secure.gravatar.com\\\/avatar\\\/37d968a2e67a6fd04c169c4bdef102d0bc5d31b2546345219e348575eb80e9a0?s=96&d=mm&r=g\",\"url\":\"https:\\\/\\\/secure.gravatar.com\\\/avatar\\\/37d968a2e67a6fd04c169c4bdef102d0bc5d31b2546345219e348575eb80e9a0?s=96&d=mm&r=g\",\"contentUrl\":\"https:\\\/\\\/secure.gravatar.com\\\/avatar\\\/37d968a2e67a6fd04c169c4bdef102d0bc5d31b2546345219e348575eb80e9a0?s=96&d=mm&r=g\",\"caption\":\"redazione\"},\"sameAs\":[\"http:\\\/\\\/www.bellunopress.it\",\"https:\\\/\\\/x.com\\\/bellunopress\"],\"url\":\"https:\\\/\\\/www.bellunopress.it\\\/fr\\\/author\\\/redazione\\\/\"}]}<\/script>\n<!-- \/ Yoast SEO plugin. -->","yoast_head_json":{"title":"Scie a impatto zero: l'Archivio di Stato di Belluno riavvolge il nastro sugli sport invernali pre-'56 - Bellunopress - Dolomiti","robots":{"index":"index","follow":"follow","max-snippet":"max-snippet:-1","max-image-preview":"max-image-preview:large","max-video-preview":"max-video-preview:-1"},"canonical":"https:\/\/www.bellunopress.it\/fr\/2026\/02\/09\/scie-a-impatto-zero-larchivio-di-stato-di-belluno-riavvolge-il-nastro-sugli-sport-invernali-pre-56\/","og_locale":"fr_FR","og_type":"article","og_title":"Scie a impatto zero: l'Archivio di Stato di Belluno riavvolge il nastro sugli sport invernali pre-'56 - Bellunopress - Dolomiti","og_description":"Dal 11 febbraio al 31 marzo 2026, una mostra documentaria esplora le origini della tradizione sciistica bellunese prima dello storico spartiacque delle Olimpiadi di Cortina. Belluno, 9 febbraio 2026\u00a0\u2013 Prima che i riflettori del mondo si accendessero sulle piste dolomitiche per le Olimpiadi del 1956, la provincia di Belluno viveva gi\u00e0 una stagione pionieristica e [&hellip;]","og_url":"https:\/\/www.bellunopress.it\/fr\/2026\/02\/09\/scie-a-impatto-zero-larchivio-di-stato-di-belluno-riavvolge-il-nastro-sugli-sport-invernali-pre-56\/","og_site_name":"Bellunopress - Dolomiti","article_publisher":"https:\/\/www.facebook.com\/profile.php?id=100008943462799","article_published_time":"2026-02-09T11:15:00+00:00","article_modified_time":"2026-02-09T11:15:01+00:00","og_image":[{"width":421,"height":600,"url":"https:\/\/www.bellunopress.it\/wp-content\/uploads\/2026\/02\/scie-a-impatto-zero-mostra-archivio-di-stato.jpg","type":"image\/jpeg"}],"author":"redazione","twitter_card":"summary_large_image","twitter_creator":"@bellunopress","twitter_site":"@bellunopress","twitter_misc":{"\u00c9crit par":"redazione","Dur\u00e9e de lecture estim\u00e9e":"1 minute"},"schema":{"@context":"https:\/\/schema.org","@graph":[{"@type":"Article","@id":"https:\/\/www.bellunopress.it\/2026\/02\/09\/scie-a-impatto-zero-larchivio-di-stato-di-belluno-riavvolge-il-nastro-sugli-sport-invernali-pre-56\/#article","isPartOf":{"@id":"https:\/\/www.bellunopress.it\/2026\/02\/09\/scie-a-impatto-zero-larchivio-di-stato-di-belluno-riavvolge-il-nastro-sugli-sport-invernali-pre-56\/"},"author":{"name":"redazione","@id":"https:\/\/www.bellunopress.it\/#\/schema\/person\/79bb06722b37ece1c03d3e94beb30d73"},"headline":"Scie a impatto zero: l&#8217;Archivio di Stato di Belluno riavvolge il nastro sugli sport invernali pre-&#8217;56","datePublished":"2026-02-09T11:15:00+00:00","dateModified":"2026-02-09T11:15:01+00:00","mainEntityOfPage":{"@id":"https:\/\/www.bellunopress.it\/2026\/02\/09\/scie-a-impatto-zero-larchivio-di-stato-di-belluno-riavvolge-il-nastro-sugli-sport-invernali-pre-56\/"},"wordCount":294,"publisher":{"@id":"https:\/\/www.bellunopress.it\/#organization"},"image":{"@id":"https:\/\/www.bellunopress.it\/2026\/02\/09\/scie-a-impatto-zero-larchivio-di-stato-di-belluno-riavvolge-il-nastro-sugli-sport-invernali-pre-56\/#primaryimage"},"thumbnailUrl":"https:\/\/www.bellunopress.it\/wp-content\/uploads\/2026\/02\/scie-a-impatto-zero-mostra-archivio-di-stato.jpg","articleSection":["Arte, Cultura, Spettacoli, Scienza"],"inLanguage":"fr-FR"},{"@type":"WebPage","@id":"https:\/\/www.bellunopress.it\/2026\/02\/09\/scie-a-impatto-zero-larchivio-di-stato-di-belluno-riavvolge-il-nastro-sugli-sport-invernali-pre-56\/","url":"https:\/\/www.bellunopress.it\/2026\/02\/09\/scie-a-impatto-zero-larchivio-di-stato-di-belluno-riavvolge-il-nastro-sugli-sport-invernali-pre-56\/","name":"Scie a impatto zero: l'Archivio di Stato di Belluno riavvolge il nastro sugli sport invernali pre-'56 - Bellunopress - Dolomiti","isPartOf":{"@id":"https:\/\/www.bellunopress.it\/#website"},"primaryImageOfPage":{"@id":"https:\/\/www.bellunopress.it\/2026\/02\/09\/scie-a-impatto-zero-larchivio-di-stato-di-belluno-riavvolge-il-nastro-sugli-sport-invernali-pre-56\/#primaryimage"},"image":{"@id":"https:\/\/www.bellunopress.it\/2026\/02\/09\/scie-a-impatto-zero-larchivio-di-stato-di-belluno-riavvolge-il-nastro-sugli-sport-invernali-pre-56\/#primaryimage"},"thumbnailUrl":"https:\/\/www.bellunopress.it\/wp-content\/uploads\/2026\/02\/scie-a-impatto-zero-mostra-archivio-di-stato.jpg","datePublished":"2026-02-09T11:15:00+00:00","dateModified":"2026-02-09T11:15:01+00:00","breadcrumb":{"@id":"https:\/\/www.bellunopress.it\/2026\/02\/09\/scie-a-impatto-zero-larchivio-di-stato-di-belluno-riavvolge-il-nastro-sugli-sport-invernali-pre-56\/#breadcrumb"},"inLanguage":"fr-FR","potentialAction":[{"@type":"ReadAction","target":["https:\/\/www.bellunopress.it\/2026\/02\/09\/scie-a-impatto-zero-larchivio-di-stato-di-belluno-riavvolge-il-nastro-sugli-sport-invernali-pre-56\/"]}]},{"@type":"ImageObject","inLanguage":"fr-FR","@id":"https:\/\/www.bellunopress.it\/2026\/02\/09\/scie-a-impatto-zero-larchivio-di-stato-di-belluno-riavvolge-il-nastro-sugli-sport-invernali-pre-56\/#primaryimage","url":"https:\/\/www.bellunopress.it\/wp-content\/uploads\/2026\/02\/scie-a-impatto-zero-mostra-archivio-di-stato.jpg","contentUrl":"https:\/\/www.bellunopress.it\/wp-content\/uploads\/2026\/02\/scie-a-impatto-zero-mostra-archivio-di-stato.jpg","width":421,"height":600},{"@type":"BreadcrumbList","@id":"https:\/\/www.bellunopress.it\/2026\/02\/09\/scie-a-impatto-zero-larchivio-di-stato-di-belluno-riavvolge-il-nastro-sugli-sport-invernali-pre-56\/#breadcrumb","itemListElement":[{"@type":"ListItem","position":1,"name":"Home","item":"https:\/\/www.bellunopress.it\/"},{"@type":"ListItem","position":2,"name":"Scie a impatto zero: l&#8217;Archivio di Stato di Belluno riavvolge il nastro sugli sport invernali pre-&#8217;56"}]},{"@type":"WebSite","@id":"https:\/\/www.bellunopress.it\/#website","url":"https:\/\/www.bellunopress.it\/","name":"Bellunopress - Dolomiti","description":"e-mail: redazione@bellunopress.it","publisher":{"@id":"https:\/\/www.bellunopress.it\/#organization"},"potentialAction":[{"@type":"SearchAction","target":{"@type":"EntryPoint","urlTemplate":"https:\/\/www.bellunopress.it\/?s={search_term_string}"},"query-input":{"@type":"PropertyValueSpecification","valueRequired":true,"valueName":"search_term_string"}}],"inLanguage":"fr-FR"},{"@type":"Organization","@id":"https:\/\/www.bellunopress.it\/#organization","name":"Bellunopress","url":"https:\/\/www.bellunopress.it\/","logo":{"@type":"ImageObject","inLanguage":"fr-FR","@id":"https:\/\/www.bellunopress.it\/#\/schema\/logo\/image\/","url":"https:\/\/www.bellunopress.it\/wp-content\/uploads\/2011\/05\/cropped-logo-bellunopress-.jpg","contentUrl":"https:\/\/www.bellunopress.it\/wp-content\/uploads\/2011\/05\/cropped-logo-bellunopress-.jpg","width":512,"height":512,"caption":"Bellunopress"},"image":{"@id":"https:\/\/www.bellunopress.it\/#\/schema\/logo\/image\/"},"sameAs":["https:\/\/www.facebook.com\/profile.php?id=100008943462799","https:\/\/x.com\/bellunopress","https:\/\/www.linkedin.com\/hp\/?dnr=JBzUWaJfMUw8vbXJJ2tVW5-I3jZKvC4wsoxE&amp;amp;amp;amp;amp;amp;trk=nav_responsive_tab_home","https:\/\/www.youtube.com\/channel\/UCxL0wu1uN0_3_7hGG0306cw"]},{"@type":"Person","@id":"https:\/\/www.bellunopress.it\/#\/schema\/person\/79bb06722b37ece1c03d3e94beb30d73","name":"r\u00e9daction","image":{"@type":"ImageObject","inLanguage":"fr-FR","@id":"https:\/\/secure.gravatar.com\/avatar\/37d968a2e67a6fd04c169c4bdef102d0bc5d31b2546345219e348575eb80e9a0?s=96&d=mm&r=g","url":"https:\/\/secure.gravatar.com\/avatar\/37d968a2e67a6fd04c169c4bdef102d0bc5d31b2546345219e348575eb80e9a0?s=96&d=mm&r=g","contentUrl":"https:\/\/secure.gravatar.com\/avatar\/37d968a2e67a6fd04c169c4bdef102d0bc5d31b2546345219e348575eb80e9a0?s=96&d=mm&r=g","caption":"redazione"},"sameAs":["http:\/\/www.bellunopress.it","https:\/\/x.com\/bellunopress"],"url":"https:\/\/www.bellunopress.it\/fr\/author\/redazione\/"}]}},"_links":{"self":[{"href":"https:\/\/www.bellunopress.it\/fr\/wp-json\/wp\/v2\/posts\/167300","targetHints":{"allow":["GET"]}}],"collection":[{"href":"https:\/\/www.bellunopress.it\/fr\/wp-json\/wp\/v2\/posts"}],"about":[{"href":"https:\/\/www.bellunopress.it\/fr\/wp-json\/wp\/v2\/types\/post"}],"author":[{"embeddable":true,"href":"https:\/\/www.bellunopress.it\/fr\/wp-json\/wp\/v2\/users\/2"}],"replies":[{"embeddable":true,"href":"https:\/\/www.bellunopress.it\/fr\/wp-json\/wp\/v2\/comments?post=167300"}],"version-history":[{"count":1,"href":"https:\/\/www.bellunopress.it\/fr\/wp-json\/wp\/v2\/posts\/167300\/revisions"}],"predecessor-version":[{"id":167302,"href":"https:\/\/www.bellunopress.it\/fr\/wp-json\/wp\/v2\/posts\/167300\/revisions\/167302"}],"wp:featuredmedia":[{"embeddable":true,"href":"https:\/\/www.bellunopress.it\/fr\/wp-json\/wp\/v2\/media\/167301"}],"wp:attachment":[{"href":"https:\/\/www.bellunopress.it\/fr\/wp-json\/wp\/v2\/media?parent=167300"}],"wp:term":[{"taxonomy":"category","embeddable":true,"href":"https:\/\/www.bellunopress.it\/fr\/wp-json\/wp\/v2\/categories?post=167300"},{"taxonomy":"post_tag","embeddable":true,"href":"https:\/\/www.bellunopress.it\/fr\/wp-json\/wp\/v2\/tags?post=167300"}],"curies":[{"name":"wp","href":"https:\/\/api.w.org\/{rel}","templated":true}]}}