{"id":1673,"date":"2009-03-16T14:13:16","date_gmt":"2009-03-16T13:13:16","guid":{"rendered":"http:\/\/www.bellunopress.it\/?p=1673"},"modified":"2009-03-16T14:13:16","modified_gmt":"2009-03-16T13:13:16","slug":"il-governo-prende-in-giro-gli-italiani-sulle-misure-anticrisi-di-valerio-tabacchi-coordinatore-provinciale-del-pd","status":"publish","type":"post","link":"https:\/\/www.bellunopress.it\/fr\/2009\/03\/16\/il-governo-prende-in-giro-gli-italiani-sulle-misure-anticrisi-di-valerio-tabacchi-coordinatore-provinciale-del-pd\/","title":{"rendered":"&#8220;Il Governo prende in giro gli italiani sulle misure anticrisi&#8221; di Valerio Tabacchi, coordinatore provinciale del Pd"},"content":{"rendered":"<p><a href=\"http:\/\/www.bellunopress.it\/wp-content\/uploads\/2009\/02\/valerio-tabacchi-270x1781.jpg\"><img loading=\"lazy\" decoding=\"async\" class=\"alignleft size-medium wp-image-534\" title=\"valerio-tabacchi-270x1781\" src=\"http:\/\/www.bellunopress.it\/wp-content\/uploads\/2009\/02\/valerio-tabacchi-270x1781.jpg\" alt=\"\" width=\"270\" height=\"202\" \/><\/a>In una recente intervista il ministro dell&#8217;economia Giulio Tremonti ha esaltato lo sforzo messo in campo dal governo italiano per contrastare la crisi economica, affermando che &#8220;sommando le cifre, quelle messe a disposizione dal governo italiano sono maggiori rispetto a quelle degli altri Paesi europei&#8221;.\u00a0 L&#8217;enfasi sull&#8217;entit\u00e0 delle misure anti-crisi sta diventando un ritornello ossessivo anche nelle esternazioni del premier ed \u00e8 parte di una precisa strategia comunicativa. Da una parte si minimizza la gravit\u00e0 della crisi economica, dall&#8217;altra si magnificano le decisioni di politica economica del governo italiano. Ma quali sono i dati reali? Dall&#8217;insediamento ad oggi, la politica economica dell&#8217;esecutivo Berlusconi si \u00e8 sviluppata attraverso cinque provvedimenti adottati tra il 2008 e i primi mesi del 2009: il decreto legge 93\/2008 (abolizione Ici prima casa e detassazione straordinari); il decreto legge 112\/2008 (la cosiddetta \u201cmanovra finanziaria estiva\u201d); la legge finanziaria 2009; il decreto legge 185\/2008 (pacchetto anti-crisi) ed il decreto legge 5\/2009 (incentivi auto in corso di conversione). Stando alle relazioni tecniche del governo e ai dati della Ragioneria Generale dello Stato la sommatoria delle risorse lorde impiegate da questi provvedimenti ammonta a 18,1 miliardi nel 2009, l&#8217;1,2% del Pil. Al di l\u00e0 della retorica sulle grandi opere dunque, nel 2009 le spese per investimenti pubblici verranno tagliate. Restringendo poi l&#8217;analisi ai soli provvedimenti finalizzati al sostegno dell&#8217;economia la sommatoria delle risorse stanziate dal governo \u00e8 pari a 7,4 miliardi nel 2009, ovvero lo 0,5% del Pil. Questi numeri dimostrano come il Governo stia mentendo agli italiani. La crisi c\u2019\u00e8 e colpisce duro, il Governo se ne disinteressa e anzi fa pagare pi\u00f9 tasse agli italiani. Gli interventi di stimolo adottati dall\u2019Italia infatti, non solo hanno sulla crisi un impatto pari a zero, ma determinano anche un aumento del prelievo fiscale pari a 300 milioni di euro. Ben altra cosa succede all\u2019estero, dove gli interventi fiscali producono tagli che sfiorano i 36 miliardi in Germania, i 17 in Francia e i 12 in Spagna.<\/p>","protected":false},"excerpt":{"rendered":"<p>In una recente intervista il ministro dell&#8217;economia Giulio Tremonti ha esaltato lo sforzo messo in campo dal governo italiano per contrastare la crisi economica, affermando che &#8220;sommando le cifre, quelle messe a disposizione dal governo italiano sono maggiori rispetto a quelle degli altri Paesi europei&#8221;.\u00a0 L&#8217;enfasi sull&#8217;entit\u00e0 delle misure anti-crisi sta diventando un ritornello ossessivo [&hellip;]<\/p>\n","protected":false},"author":2,"featured_media":0,"comment_status":"closed","ping_status":"open","sticky":false,"template":"","format":"standard","meta":{"footnotes":""},"categories":[1],"tags":[139],"class_list":["post-1673","post","type-post","status-publish","format-standard","category-leo","tag-belluno"],"yoast_head":"<!-- This site is optimized with the Yoast SEO plugin v28.4 - https:\/\/yoast.com\/product\/yoast-seo-wordpress\/ -->\n<title>&quot;Il Governo prende in giro gli italiani sulle misure anticrisi&quot; di Valerio Tabacchi, coordinatore provinciale del Pd - Bellunopress - Dolomiti<\/title>\n<meta name=\"robots\" content=\"index, follow, max-snippet:-1, max-image-preview:large, max-video-preview:-1\" \/>\n<link rel=\"canonical\" href=\"https:\/\/www.bellunopress.it\/fr\/2009\/03\/16\/il-governo-prende-in-giro-gli-italiani-sulle-misure-anticrisi-di-valerio-tabacchi-coordinatore-provinciale-del-pd\/\" \/>\n<meta property=\"og:locale\" content=\"fr_FR\" \/>\n<meta property=\"og:type\" content=\"article\" \/>\n<meta property=\"og:title\" content=\"&quot;Il Governo prende in giro gli italiani sulle misure anticrisi&quot; di Valerio Tabacchi, coordinatore provinciale del Pd - Bellunopress - Dolomiti\" \/>\n<meta property=\"og:description\" content=\"In una recente intervista il ministro dell&#8217;economia Giulio Tremonti ha esaltato lo sforzo messo in campo dal governo italiano per contrastare la crisi economica, affermando che &#8220;sommando le cifre, quelle messe a disposizione dal governo italiano sono maggiori rispetto a quelle degli altri Paesi europei&#8221;.\u00a0 L&#8217;enfasi sull&#8217;entit\u00e0 delle misure anti-crisi sta diventando un ritornello ossessivo [&hellip;]\" \/>\n<meta property=\"og:url\" content=\"https:\/\/www.bellunopress.it\/fr\/2009\/03\/16\/il-governo-prende-in-giro-gli-italiani-sulle-misure-anticrisi-di-valerio-tabacchi-coordinatore-provinciale-del-pd\/\" \/>\n<meta property=\"og:site_name\" content=\"Bellunopress - Dolomiti\" \/>\n<meta property=\"article:publisher\" content=\"https:\/\/www.facebook.com\/profile.php?id=100008943462799\" \/>\n<meta property=\"article:published_time\" content=\"2009-03-16T13:13:16+00:00\" \/>\n<meta property=\"og:image\" content=\"http:\/\/www.bellunopress.it\/wp-content\/uploads\/2009\/02\/valerio-tabacchi-270x1781.jpg\" \/>\n<meta name=\"author\" content=\"redazione\" \/>\n<meta name=\"twitter:card\" content=\"summary_large_image\" \/>\n<meta name=\"twitter:creator\" content=\"@bellunopress\" \/>\n<meta name=\"twitter:site\" content=\"@bellunopress\" \/>\n<meta name=\"twitter:label1\" content=\"\u00c9crit par\" \/>\n\t<meta name=\"twitter:data1\" content=\"redazione\" \/>\n\t<meta name=\"twitter:label2\" content=\"Dur\u00e9e de lecture estim\u00e9e\" \/>\n\t<meta name=\"twitter:data2\" content=\"2 minutes\" \/>\n<script type=\"application\/ld+json\" class=\"yoast-schema-graph\">{\"@context\":\"https:\\\/\\\/schema.org\",\"@graph\":[{\"@type\":\"Article\",\"@id\":\"https:\\\/\\\/www.bellunopress.it\\\/2009\\\/03\\\/16\\\/il-governo-prende-in-giro-gli-italiani-sulle-misure-anticrisi-di-valerio-tabacchi-coordinatore-provinciale-del-pd\\\/#article\",\"isPartOf\":{\"@id\":\"https:\\\/\\\/www.bellunopress.it\\\/2009\\\/03\\\/16\\\/il-governo-prende-in-giro-gli-italiani-sulle-misure-anticrisi-di-valerio-tabacchi-coordinatore-provinciale-del-pd\\\/\"},\"author\":{\"name\":\"redazione\",\"@id\":\"https:\\\/\\\/www.bellunopress.it\\\/#\\\/schema\\\/person\\\/79bb06722b37ece1c03d3e94beb30d73\"},\"headline\":\"&#8220;Il Governo prende in giro gli italiani sulle misure anticrisi&#8221; di Valerio Tabacchi, coordinatore provinciale del Pd\",\"datePublished\":\"2009-03-16T13:13:16+00:00\",\"mainEntityOfPage\":{\"@id\":\"https:\\\/\\\/www.bellunopress.it\\\/2009\\\/03\\\/16\\\/il-governo-prende-in-giro-gli-italiani-sulle-misure-anticrisi-di-valerio-tabacchi-coordinatore-provinciale-del-pd\\\/\"},\"wordCount\":333,\"publisher\":{\"@id\":\"https:\\\/\\\/www.bellunopress.it\\\/#organization\"},\"image\":{\"@id\":\"https:\\\/\\\/www.bellunopress.it\\\/2009\\\/03\\\/16\\\/il-governo-prende-in-giro-gli-italiani-sulle-misure-anticrisi-di-valerio-tabacchi-coordinatore-provinciale-del-pd\\\/#primaryimage\"},\"thumbnailUrl\":\"http:\\\/\\\/www.bellunopress.it\\\/wp-content\\\/uploads\\\/2009\\\/02\\\/valerio-tabacchi-270x1781.jpg\",\"keywords\":[\"Belluno\"],\"articleSection\":[\"Lettere Opinioni\"],\"inLanguage\":\"fr-FR\"},{\"@type\":\"WebPage\",\"@id\":\"https:\\\/\\\/www.bellunopress.it\\\/2009\\\/03\\\/16\\\/il-governo-prende-in-giro-gli-italiani-sulle-misure-anticrisi-di-valerio-tabacchi-coordinatore-provinciale-del-pd\\\/\",\"url\":\"https:\\\/\\\/www.bellunopress.it\\\/2009\\\/03\\\/16\\\/il-governo-prende-in-giro-gli-italiani-sulle-misure-anticrisi-di-valerio-tabacchi-coordinatore-provinciale-del-pd\\\/\",\"name\":\"\\\"Il Governo prende in giro gli italiani sulle misure anticrisi\\\" di Valerio Tabacchi, coordinatore provinciale del Pd - Bellunopress - Dolomiti\",\"isPartOf\":{\"@id\":\"https:\\\/\\\/www.bellunopress.it\\\/#website\"},\"primaryImageOfPage\":{\"@id\":\"https:\\\/\\\/www.bellunopress.it\\\/2009\\\/03\\\/16\\\/il-governo-prende-in-giro-gli-italiani-sulle-misure-anticrisi-di-valerio-tabacchi-coordinatore-provinciale-del-pd\\\/#primaryimage\"},\"image\":{\"@id\":\"https:\\\/\\\/www.bellunopress.it\\\/2009\\\/03\\\/16\\\/il-governo-prende-in-giro-gli-italiani-sulle-misure-anticrisi-di-valerio-tabacchi-coordinatore-provinciale-del-pd\\\/#primaryimage\"},\"thumbnailUrl\":\"http:\\\/\\\/www.bellunopress.it\\\/wp-content\\\/uploads\\\/2009\\\/02\\\/valerio-tabacchi-270x1781.jpg\",\"datePublished\":\"2009-03-16T13:13:16+00:00\",\"breadcrumb\":{\"@id\":\"https:\\\/\\\/www.bellunopress.it\\\/2009\\\/03\\\/16\\\/il-governo-prende-in-giro-gli-italiani-sulle-misure-anticrisi-di-valerio-tabacchi-coordinatore-provinciale-del-pd\\\/#breadcrumb\"},\"inLanguage\":\"fr-FR\",\"potentialAction\":[{\"@type\":\"ReadAction\",\"target\":[\"https:\\\/\\\/www.bellunopress.it\\\/2009\\\/03\\\/16\\\/il-governo-prende-in-giro-gli-italiani-sulle-misure-anticrisi-di-valerio-tabacchi-coordinatore-provinciale-del-pd\\\/\"]}]},{\"@type\":\"ImageObject\",\"inLanguage\":\"fr-FR\",\"@id\":\"https:\\\/\\\/www.bellunopress.it\\\/2009\\\/03\\\/16\\\/il-governo-prende-in-giro-gli-italiani-sulle-misure-anticrisi-di-valerio-tabacchi-coordinatore-provinciale-del-pd\\\/#primaryimage\",\"url\":\"http:\\\/\\\/www.bellunopress.it\\\/wp-content\\\/uploads\\\/2009\\\/02\\\/valerio-tabacchi-270x1781.jpg\",\"contentUrl\":\"http:\\\/\\\/www.bellunopress.it\\\/wp-content\\\/uploads\\\/2009\\\/02\\\/valerio-tabacchi-270x1781.jpg\"},{\"@type\":\"BreadcrumbList\",\"@id\":\"https:\\\/\\\/www.bellunopress.it\\\/2009\\\/03\\\/16\\\/il-governo-prende-in-giro-gli-italiani-sulle-misure-anticrisi-di-valerio-tabacchi-coordinatore-provinciale-del-pd\\\/#breadcrumb\",\"itemListElement\":[{\"@type\":\"ListItem\",\"position\":1,\"name\":\"Home\",\"item\":\"https:\\\/\\\/www.bellunopress.it\\\/\"},{\"@type\":\"ListItem\",\"position\":2,\"name\":\"&#8220;Il Governo prende in giro gli italiani sulle misure anticrisi&#8221; di Valerio Tabacchi, coordinatore provinciale del Pd\"}]},{\"@type\":\"WebSite\",\"@id\":\"https:\\\/\\\/www.bellunopress.it\\\/#website\",\"url\":\"https:\\\/\\\/www.bellunopress.it\\\/\",\"name\":\"Bellunopress - Dolomiti\",\"description\":\"e-mail: redazione@bellunopress.it\",\"publisher\":{\"@id\":\"https:\\\/\\\/www.bellunopress.it\\\/#organization\"},\"potentialAction\":[{\"@type\":\"SearchAction\",\"target\":{\"@type\":\"EntryPoint\",\"urlTemplate\":\"https:\\\/\\\/www.bellunopress.it\\\/?s={search_term_string}\"},\"query-input\":{\"@type\":\"PropertyValueSpecification\",\"valueRequired\":true,\"valueName\":\"search_term_string\"}}],\"inLanguage\":\"fr-FR\"},{\"@type\":\"Organization\",\"@id\":\"https:\\\/\\\/www.bellunopress.it\\\/#organization\",\"name\":\"Bellunopress\",\"url\":\"https:\\\/\\\/www.bellunopress.it\\\/\",\"logo\":{\"@type\":\"ImageObject\",\"inLanguage\":\"fr-FR\",\"@id\":\"https:\\\/\\\/www.bellunopress.it\\\/#\\\/schema\\\/logo\\\/image\\\/\",\"url\":\"https:\\\/\\\/www.bellunopress.it\\\/wp-content\\\/uploads\\\/2011\\\/05\\\/cropped-logo-bellunopress-.jpg\",\"contentUrl\":\"https:\\\/\\\/www.bellunopress.it\\\/wp-content\\\/uploads\\\/2011\\\/05\\\/cropped-logo-bellunopress-.jpg\",\"width\":512,\"height\":512,\"caption\":\"Bellunopress\"},\"image\":{\"@id\":\"https:\\\/\\\/www.bellunopress.it\\\/#\\\/schema\\\/logo\\\/image\\\/\"},\"sameAs\":[\"https:\\\/\\\/www.facebook.com\\\/profile.php?id=100008943462799\",\"https:\\\/\\\/x.com\\\/bellunopress\",\"https:\\\/\\\/www.linkedin.com\\\/hp\\\/?dnr=JBzUWaJfMUw8vbXJJ2tVW5-I3jZKvC4wsoxE&amp;amp;amp;amp;amp;amp;trk=nav_responsive_tab_home\",\"https:\\\/\\\/www.youtube.com\\\/channel\\\/UCxL0wu1uN0_3_7hGG0306cw\"]},{\"@type\":\"Person\",\"@id\":\"https:\\\/\\\/www.bellunopress.it\\\/#\\\/schema\\\/person\\\/79bb06722b37ece1c03d3e94beb30d73\",\"name\":\"redazione\",\"image\":{\"@type\":\"ImageObject\",\"inLanguage\":\"fr-FR\",\"@id\":\"https:\\\/\\\/secure.gravatar.com\\\/avatar\\\/37d968a2e67a6fd04c169c4bdef102d0bc5d31b2546345219e348575eb80e9a0?s=96&d=mm&r=g\",\"url\":\"https:\\\/\\\/secure.gravatar.com\\\/avatar\\\/37d968a2e67a6fd04c169c4bdef102d0bc5d31b2546345219e348575eb80e9a0?s=96&d=mm&r=g\",\"contentUrl\":\"https:\\\/\\\/secure.gravatar.com\\\/avatar\\\/37d968a2e67a6fd04c169c4bdef102d0bc5d31b2546345219e348575eb80e9a0?s=96&d=mm&r=g\",\"caption\":\"redazione\"},\"sameAs\":[\"http:\\\/\\\/www.bellunopress.it\",\"https:\\\/\\\/x.com\\\/bellunopress\"],\"url\":\"https:\\\/\\\/www.bellunopress.it\\\/fr\\\/author\\\/redazione\\\/\"}]}<\/script>\n<!-- \/ Yoast SEO plugin. -->","yoast_head_json":{"title":"\"Il Governo prende in giro gli italiani sulle misure anticrisi\" di Valerio Tabacchi, coordinatore provinciale del Pd - Bellunopress - Dolomiti","robots":{"index":"index","follow":"follow","max-snippet":"max-snippet:-1","max-image-preview":"max-image-preview:large","max-video-preview":"max-video-preview:-1"},"canonical":"https:\/\/www.bellunopress.it\/fr\/2009\/03\/16\/il-governo-prende-in-giro-gli-italiani-sulle-misure-anticrisi-di-valerio-tabacchi-coordinatore-provinciale-del-pd\/","og_locale":"fr_FR","og_type":"article","og_title":"\"Il Governo prende in giro gli italiani sulle misure anticrisi\" di Valerio Tabacchi, coordinatore provinciale del Pd - Bellunopress - Dolomiti","og_description":"In una recente intervista il ministro dell&#8217;economia Giulio Tremonti ha esaltato lo sforzo messo in campo dal governo italiano per contrastare la crisi economica, affermando che &#8220;sommando le cifre, quelle messe a disposizione dal governo italiano sono maggiori rispetto a quelle degli altri Paesi europei&#8221;.\u00a0 L&#8217;enfasi sull&#8217;entit\u00e0 delle misure anti-crisi sta diventando un ritornello ossessivo [&hellip;]","og_url":"https:\/\/www.bellunopress.it\/fr\/2009\/03\/16\/il-governo-prende-in-giro-gli-italiani-sulle-misure-anticrisi-di-valerio-tabacchi-coordinatore-provinciale-del-pd\/","og_site_name":"Bellunopress - Dolomiti","article_publisher":"https:\/\/www.facebook.com\/profile.php?id=100008943462799","article_published_time":"2009-03-16T13:13:16+00:00","og_image":[{"url":"http:\/\/www.bellunopress.it\/wp-content\/uploads\/2009\/02\/valerio-tabacchi-270x1781.jpg","type":"","width":"","height":""}],"author":"redazione","twitter_card":"summary_large_image","twitter_creator":"@bellunopress","twitter_site":"@bellunopress","twitter_misc":{"\u00c9crit par":"redazione","Dur\u00e9e de lecture estim\u00e9e":"2 minutes"},"schema":{"@context":"https:\/\/schema.org","@graph":[{"@type":"Article","@id":"https:\/\/www.bellunopress.it\/2009\/03\/16\/il-governo-prende-in-giro-gli-italiani-sulle-misure-anticrisi-di-valerio-tabacchi-coordinatore-provinciale-del-pd\/#article","isPartOf":{"@id":"https:\/\/www.bellunopress.it\/2009\/03\/16\/il-governo-prende-in-giro-gli-italiani-sulle-misure-anticrisi-di-valerio-tabacchi-coordinatore-provinciale-del-pd\/"},"author":{"name":"redazione","@id":"https:\/\/www.bellunopress.it\/#\/schema\/person\/79bb06722b37ece1c03d3e94beb30d73"},"headline":"&#8220;Il Governo prende in giro gli italiani sulle misure anticrisi&#8221; di Valerio Tabacchi, coordinatore provinciale del Pd","datePublished":"2009-03-16T13:13:16+00:00","mainEntityOfPage":{"@id":"https:\/\/www.bellunopress.it\/2009\/03\/16\/il-governo-prende-in-giro-gli-italiani-sulle-misure-anticrisi-di-valerio-tabacchi-coordinatore-provinciale-del-pd\/"},"wordCount":333,"publisher":{"@id":"https:\/\/www.bellunopress.it\/#organization"},"image":{"@id":"https:\/\/www.bellunopress.it\/2009\/03\/16\/il-governo-prende-in-giro-gli-italiani-sulle-misure-anticrisi-di-valerio-tabacchi-coordinatore-provinciale-del-pd\/#primaryimage"},"thumbnailUrl":"http:\/\/www.bellunopress.it\/wp-content\/uploads\/2009\/02\/valerio-tabacchi-270x1781.jpg","keywords":["Belluno"],"articleSection":["Lettere Opinioni"],"inLanguage":"fr-FR"},{"@type":"WebPage","@id":"https:\/\/www.bellunopress.it\/2009\/03\/16\/il-governo-prende-in-giro-gli-italiani-sulle-misure-anticrisi-di-valerio-tabacchi-coordinatore-provinciale-del-pd\/","url":"https:\/\/www.bellunopress.it\/2009\/03\/16\/il-governo-prende-in-giro-gli-italiani-sulle-misure-anticrisi-di-valerio-tabacchi-coordinatore-provinciale-del-pd\/","name":"\"Il Governo prende in giro gli italiani sulle misure anticrisi\" di Valerio Tabacchi, coordinatore provinciale del Pd - Bellunopress - Dolomiti","isPartOf":{"@id":"https:\/\/www.bellunopress.it\/#website"},"primaryImageOfPage":{"@id":"https:\/\/www.bellunopress.it\/2009\/03\/16\/il-governo-prende-in-giro-gli-italiani-sulle-misure-anticrisi-di-valerio-tabacchi-coordinatore-provinciale-del-pd\/#primaryimage"},"image":{"@id":"https:\/\/www.bellunopress.it\/2009\/03\/16\/il-governo-prende-in-giro-gli-italiani-sulle-misure-anticrisi-di-valerio-tabacchi-coordinatore-provinciale-del-pd\/#primaryimage"},"thumbnailUrl":"http:\/\/www.bellunopress.it\/wp-content\/uploads\/2009\/02\/valerio-tabacchi-270x1781.jpg","datePublished":"2009-03-16T13:13:16+00:00","breadcrumb":{"@id":"https:\/\/www.bellunopress.it\/2009\/03\/16\/il-governo-prende-in-giro-gli-italiani-sulle-misure-anticrisi-di-valerio-tabacchi-coordinatore-provinciale-del-pd\/#breadcrumb"},"inLanguage":"fr-FR","potentialAction":[{"@type":"ReadAction","target":["https:\/\/www.bellunopress.it\/2009\/03\/16\/il-governo-prende-in-giro-gli-italiani-sulle-misure-anticrisi-di-valerio-tabacchi-coordinatore-provinciale-del-pd\/"]}]},{"@type":"ImageObject","inLanguage":"fr-FR","@id":"https:\/\/www.bellunopress.it\/2009\/03\/16\/il-governo-prende-in-giro-gli-italiani-sulle-misure-anticrisi-di-valerio-tabacchi-coordinatore-provinciale-del-pd\/#primaryimage","url":"http:\/\/www.bellunopress.it\/wp-content\/uploads\/2009\/02\/valerio-tabacchi-270x1781.jpg","contentUrl":"http:\/\/www.bellunopress.it\/wp-content\/uploads\/2009\/02\/valerio-tabacchi-270x1781.jpg"},{"@type":"BreadcrumbList","@id":"https:\/\/www.bellunopress.it\/2009\/03\/16\/il-governo-prende-in-giro-gli-italiani-sulle-misure-anticrisi-di-valerio-tabacchi-coordinatore-provinciale-del-pd\/#breadcrumb","itemListElement":[{"@type":"ListItem","position":1,"name":"Home","item":"https:\/\/www.bellunopress.it\/"},{"@type":"ListItem","position":2,"name":"&#8220;Il Governo prende in giro gli italiani sulle misure anticrisi&#8221; di Valerio Tabacchi, coordinatore provinciale del Pd"}]},{"@type":"WebSite","@id":"https:\/\/www.bellunopress.it\/#website","url":"https:\/\/www.bellunopress.it\/","name":"Bellunopress - Dolomiti","description":"e-mail: redazione@bellunopress.it","publisher":{"@id":"https:\/\/www.bellunopress.it\/#organization"},"potentialAction":[{"@type":"SearchAction","target":{"@type":"EntryPoint","urlTemplate":"https:\/\/www.bellunopress.it\/?s={search_term_string}"},"query-input":{"@type":"PropertyValueSpecification","valueRequired":true,"valueName":"search_term_string"}}],"inLanguage":"fr-FR"},{"@type":"Organization","@id":"https:\/\/www.bellunopress.it\/#organization","name":"Bellunopress","url":"https:\/\/www.bellunopress.it\/","logo":{"@type":"ImageObject","inLanguage":"fr-FR","@id":"https:\/\/www.bellunopress.it\/#\/schema\/logo\/image\/","url":"https:\/\/www.bellunopress.it\/wp-content\/uploads\/2011\/05\/cropped-logo-bellunopress-.jpg","contentUrl":"https:\/\/www.bellunopress.it\/wp-content\/uploads\/2011\/05\/cropped-logo-bellunopress-.jpg","width":512,"height":512,"caption":"Bellunopress"},"image":{"@id":"https:\/\/www.bellunopress.it\/#\/schema\/logo\/image\/"},"sameAs":["https:\/\/www.facebook.com\/profile.php?id=100008943462799","https:\/\/x.com\/bellunopress","https:\/\/www.linkedin.com\/hp\/?dnr=JBzUWaJfMUw8vbXJJ2tVW5-I3jZKvC4wsoxE&amp;amp;amp;amp;amp;amp;trk=nav_responsive_tab_home","https:\/\/www.youtube.com\/channel\/UCxL0wu1uN0_3_7hGG0306cw"]},{"@type":"Person","@id":"https:\/\/www.bellunopress.it\/#\/schema\/person\/79bb06722b37ece1c03d3e94beb30d73","name":"r\u00e9daction","image":{"@type":"ImageObject","inLanguage":"fr-FR","@id":"https:\/\/secure.gravatar.com\/avatar\/37d968a2e67a6fd04c169c4bdef102d0bc5d31b2546345219e348575eb80e9a0?s=96&d=mm&r=g","url":"https:\/\/secure.gravatar.com\/avatar\/37d968a2e67a6fd04c169c4bdef102d0bc5d31b2546345219e348575eb80e9a0?s=96&d=mm&r=g","contentUrl":"https:\/\/secure.gravatar.com\/avatar\/37d968a2e67a6fd04c169c4bdef102d0bc5d31b2546345219e348575eb80e9a0?s=96&d=mm&r=g","caption":"redazione"},"sameAs":["http:\/\/www.bellunopress.it","https:\/\/x.com\/bellunopress"],"url":"https:\/\/www.bellunopress.it\/fr\/author\/redazione\/"}]}},"_links":{"self":[{"href":"https:\/\/www.bellunopress.it\/fr\/wp-json\/wp\/v2\/posts\/1673","targetHints":{"allow":["GET"]}}],"collection":[{"href":"https:\/\/www.bellunopress.it\/fr\/wp-json\/wp\/v2\/posts"}],"about":[{"href":"https:\/\/www.bellunopress.it\/fr\/wp-json\/wp\/v2\/types\/post"}],"author":[{"embeddable":true,"href":"https:\/\/www.bellunopress.it\/fr\/wp-json\/wp\/v2\/users\/2"}],"replies":[{"embeddable":true,"href":"https:\/\/www.bellunopress.it\/fr\/wp-json\/wp\/v2\/comments?post=1673"}],"version-history":[{"count":1,"href":"https:\/\/www.bellunopress.it\/fr\/wp-json\/wp\/v2\/posts\/1673\/revisions"}],"predecessor-version":[{"id":1674,"href":"https:\/\/www.bellunopress.it\/fr\/wp-json\/wp\/v2\/posts\/1673\/revisions\/1674"}],"wp:attachment":[{"href":"https:\/\/www.bellunopress.it\/fr\/wp-json\/wp\/v2\/media?parent=1673"}],"wp:term":[{"taxonomy":"category","embeddable":true,"href":"https:\/\/www.bellunopress.it\/fr\/wp-json\/wp\/v2\/categories?post=1673"},{"taxonomy":"post_tag","embeddable":true,"href":"https:\/\/www.bellunopress.it\/fr\/wp-json\/wp\/v2\/tags?post=1673"}],"curies":[{"name":"wp","href":"https:\/\/api.w.org\/{rel}","templated":true}]}}