{"id":167297,"date":"2026-02-09T12:03:19","date_gmt":"2026-02-09T11:03:19","guid":{"rendered":"https:\/\/www.bellunopress.it\/?p=167297"},"modified":"2026-03-11T09:10:14","modified_gmt":"2026-03-11T08:10:14","slug":"uxoricidio-a-mellame-giovedi-alla-biblioteca-di-arsie-la-vicesindaca-alison-de-nando-dialoga-con-lautore-roberto-de-nart","status":"publish","type":"post","link":"https:\/\/www.bellunopress.it\/fr\/2026\/02\/09\/uxoricidio-a-mellame-giovedi-alla-biblioteca-di-arsie-la-vicesindaca-alison-de-nando-dialoga-con-lautore-roberto-de-nart\/","title":{"rendered":"Uxoricidio a Mellame. \u00a0Gioved\u00ec alla Biblioteca di Arsi\u00e9 la vicesindaca Alison De Nando dialoga con l\u2019autore Roberto De Nart"},"content":{"rendered":"<p>Gioved\u00ec 12 febbraio alle ore 20:30 alla Biblioteca di Arsi\u00e9 si terr\u00e0 la presentazione dl libro \u201cUxoricidio a Mellame\u201d di <a href=\"https:\/\/www.robertodenart.com\/\">Roberto De Nart<\/a>. A dialogare con l\u2019autore la vicesindaca di Arsi\u00e9, avvocata Alison De Nando. Il confronto permetter\u00e0 di analizzare il caso sotto una duplice lente: quella storica e documentale del ricercatore e quella legale e sociale della professionista, offrendo spunti di riflessione su quanto, nonostante il passare dei decenni, certe dinamiche di prevaricazione siano purtroppo ancora drammaticamente attuali.<\/p>\n<p><strong>Una storia locale, un problema attuale<\/strong><\/p>\n<p>Come suggerisce il sottotitolo della locandina, il libro di De Nart non si limita alla ricostruzione dei fatti. L&#8217;autore si interroga sulla solitudine delle vittime: Maria Gasperin, ieri come troppe donne oggi, si ritrov\u00f2 sola di fronte al proprio carnefice in una societ\u00e0 che spesso fatica a riconoscere e fermare i segnali della violenza prima che sia troppo tardi. Un tragico fatto di cronaca nera del 1936, dunque, rimosso dalla memoria comune, tratto dagli atti processuali dell\u2019Archivio di Stato di Venezia e dagli archivi storici dei giornali. Il racconto di una vicenda brutale di cronaca. L\u2019omicida \u00e8 il coniuge, Giovanni Mores che, l&#8217;11 luglio 1936 a Mellame di Arsi\u00e9, uccide la moglie Maria Gasperin con 29 coltellate. Un anno dopo il fatto, l&#8217;uomo sar\u00e0 condannato all\u2019ergastolo dalla Corte d&#8217;Assise di Belluno per omicidio premeditato. &#8220;Uxoricidio a Mellame&#8221; non \u00e8 solo il crudo racconto di un delitto, ma si propone come un profondo riflesso di una societ\u00e0 che, allora come oggi, spesso abbandona le vittime di violenza di fronte ai loro carnefici.<\/p>\n<p>L&#8217;evento \u00e8 patrocinato dal Comune di Arsi\u00e9, dalla Biblioteca Comunale e dalla Consulta Giovanile.<\/p>\n<p><strong>Dettagli dell&#8217;evento:<\/strong><\/p>\n<ul>\n<li><strong>Cosa:<\/strong> Presentazione del libro &#8220;Uxoricidio a Mellame&#8221; di Roberto De Nart.<\/li>\n<li><strong>Dove:<\/strong> Biblioteca di Arsi\u00e9.<\/li>\n<li><strong>Quando:<\/strong> Gioved\u00ec 12 febbraio, ore 20:30.<\/li>\n<li><strong>Intervengono:<\/strong> Roberto De Nart (autore) e Alison De Nando (vicesindaca e avvocata).<\/li>\n<\/ul>\n<p>&nbsp;<\/p>\n<p>&nbsp;<\/p>","protected":false},"excerpt":{"rendered":"<p>Gioved\u00ec 12 febbraio alle ore 20:30 alla Biblioteca di Arsi\u00e9 si terr\u00e0 la presentazione dl libro \u201cUxoricidio a Mellame\u201d di Roberto De Nart. A dialogare con l\u2019autore la vicesindaca di Arsi\u00e9, avvocata Alison De Nando. Il confronto permetter\u00e0 di analizzare il caso sotto una duplice lente: quella storica e documentale del ricercatore e quella legale [&hellip;]<\/p>\n","protected":false},"author":2,"featured_media":167298,"comment_status":"closed","ping_status":"open","sticky":false,"template":"","format":"standard","meta":{"footnotes":""},"categories":[27,3446,25],"tags":[],"class_list":["post-167297","post","type-post","status-publish","format-standard","has-post-thumbnail","category-appuntamenti","category-featured","category-pausa-caffe"],"yoast_head":"<!-- This site is optimized with the Yoast SEO plugin v28.4 - https:\/\/yoast.com\/product\/yoast-seo-wordpress\/ -->\n<title>Uxoricidio a Mellame. \u00a0Gioved\u00ec alla Biblioteca di Arsi\u00e9 la vicesindaca Alison De Nando dialoga con l\u2019autore Roberto De Nart - Bellunopress - Dolomiti<\/title>\n<meta name=\"robots\" content=\"index, follow, max-snippet:-1, max-image-preview:large, max-video-preview:-1\" \/>\n<link rel=\"canonical\" href=\"https:\/\/www.bellunopress.it\/fr\/2026\/02\/09\/uxoricidio-a-mellame-giovedi-alla-biblioteca-di-arsie-la-vicesindaca-alison-de-nando-dialoga-con-lautore-roberto-de-nart\/\" \/>\n<meta property=\"og:locale\" content=\"fr_FR\" \/>\n<meta property=\"og:type\" content=\"article\" \/>\n<meta property=\"og:title\" content=\"Uxoricidio a Mellame. \u00a0Gioved\u00ec alla Biblioteca di Arsi\u00e9 la vicesindaca Alison De Nando dialoga con l\u2019autore Roberto De Nart - Bellunopress - Dolomiti\" \/>\n<meta property=\"og:description\" content=\"Gioved\u00ec 12 febbraio alle ore 20:30 alla Biblioteca di Arsi\u00e9 si terr\u00e0 la presentazione dl libro \u201cUxoricidio a Mellame\u201d di Roberto De Nart. A dialogare con l\u2019autore la vicesindaca di Arsi\u00e9, avvocata Alison De Nando. Il confronto permetter\u00e0 di analizzare il caso sotto una duplice lente: quella storica e documentale del ricercatore e quella legale [&hellip;]\" \/>\n<meta property=\"og:url\" content=\"https:\/\/www.bellunopress.it\/fr\/2026\/02\/09\/uxoricidio-a-mellame-giovedi-alla-biblioteca-di-arsie-la-vicesindaca-alison-de-nando-dialoga-con-lautore-roberto-de-nart\/\" \/>\n<meta property=\"og:site_name\" content=\"Bellunopress - Dolomiti\" \/>\n<meta property=\"article:publisher\" content=\"https:\/\/www.facebook.com\/profile.php?id=100008943462799\" \/>\n<meta property=\"article:published_time\" content=\"2026-02-09T11:03:19+00:00\" \/>\n<meta property=\"article:modified_time\" content=\"2026-03-11T08:10:14+00:00\" \/>\n<meta property=\"og:image\" content=\"https:\/\/www.bellunopress.it\/wp-content\/uploads\/2026\/02\/Uxoricidio-a-Mellame-12-febbraio-Arsie.jpeg\" \/>\n\t<meta property=\"og:image:width\" content=\"424\" \/>\n\t<meta property=\"og:image:height\" content=\"600\" \/>\n\t<meta property=\"og:image:type\" content=\"image\/jpeg\" \/>\n<meta name=\"author\" content=\"redazione\" \/>\n<meta name=\"twitter:card\" content=\"summary_large_image\" \/>\n<meta name=\"twitter:creator\" content=\"@bellunopress\" \/>\n<meta name=\"twitter:site\" content=\"@bellunopress\" \/>\n<meta name=\"twitter:label1\" content=\"\u00c9crit par\" \/>\n\t<meta name=\"twitter:data1\" content=\"redazione\" \/>\n\t<meta name=\"twitter:label2\" content=\"Dur\u00e9e de lecture estim\u00e9e\" \/>\n\t<meta name=\"twitter:data2\" content=\"2 minutes\" \/>\n<script type=\"application\/ld+json\" class=\"yoast-schema-graph\">{\"@context\":\"https:\\\/\\\/schema.org\",\"@graph\":[{\"@type\":\"Article\",\"@id\":\"https:\\\/\\\/www.bellunopress.it\\\/2026\\\/02\\\/09\\\/uxoricidio-a-mellame-giovedi-alla-biblioteca-di-arsie-la-vicesindaca-alison-de-nando-dialoga-con-lautore-roberto-de-nart\\\/#article\",\"isPartOf\":{\"@id\":\"https:\\\/\\\/www.bellunopress.it\\\/2026\\\/02\\\/09\\\/uxoricidio-a-mellame-giovedi-alla-biblioteca-di-arsie-la-vicesindaca-alison-de-nando-dialoga-con-lautore-roberto-de-nart\\\/\"},\"author\":{\"name\":\"redazione\",\"@id\":\"https:\\\/\\\/www.bellunopress.it\\\/#\\\/schema\\\/person\\\/79bb06722b37ece1c03d3e94beb30d73\"},\"headline\":\"Uxoricidio a Mellame. \u00a0Gioved\u00ec alla Biblioteca di Arsi\u00e9 la vicesindaca Alison De Nando dialoga con l\u2019autore Roberto De Nart\",\"datePublished\":\"2026-02-09T11:03:19+00:00\",\"dateModified\":\"2026-03-11T08:10:14+00:00\",\"mainEntityOfPage\":{\"@id\":\"https:\\\/\\\/www.bellunopress.it\\\/2026\\\/02\\\/09\\\/uxoricidio-a-mellame-giovedi-alla-biblioteca-di-arsie-la-vicesindaca-alison-de-nando-dialoga-con-lautore-roberto-de-nart\\\/\"},\"wordCount\":326,\"publisher\":{\"@id\":\"https:\\\/\\\/www.bellunopress.it\\\/#organization\"},\"image\":{\"@id\":\"https:\\\/\\\/www.bellunopress.it\\\/2026\\\/02\\\/09\\\/uxoricidio-a-mellame-giovedi-alla-biblioteca-di-arsie-la-vicesindaca-alison-de-nando-dialoga-con-lautore-roberto-de-nart\\\/#primaryimage\"},\"thumbnailUrl\":\"https:\\\/\\\/www.bellunopress.it\\\/wp-content\\\/uploads\\\/2026\\\/02\\\/Uxoricidio-a-Mellame-12-febbraio-Arsie.jpeg\",\"articleSection\":[\"Appuntamenti, Eventi\",\"Featured\",\"Pausa Caff\u00e8\"],\"inLanguage\":\"fr-FR\"},{\"@type\":\"WebPage\",\"@id\":\"https:\\\/\\\/www.bellunopress.it\\\/2026\\\/02\\\/09\\\/uxoricidio-a-mellame-giovedi-alla-biblioteca-di-arsie-la-vicesindaca-alison-de-nando-dialoga-con-lautore-roberto-de-nart\\\/\",\"url\":\"https:\\\/\\\/www.bellunopress.it\\\/2026\\\/02\\\/09\\\/uxoricidio-a-mellame-giovedi-alla-biblioteca-di-arsie-la-vicesindaca-alison-de-nando-dialoga-con-lautore-roberto-de-nart\\\/\",\"name\":\"Uxoricidio a Mellame. \u00a0Gioved\u00ec alla Biblioteca di Arsi\u00e9 la vicesindaca Alison De Nando dialoga con l\u2019autore Roberto De Nart - Bellunopress - Dolomiti\",\"isPartOf\":{\"@id\":\"https:\\\/\\\/www.bellunopress.it\\\/#website\"},\"primaryImageOfPage\":{\"@id\":\"https:\\\/\\\/www.bellunopress.it\\\/2026\\\/02\\\/09\\\/uxoricidio-a-mellame-giovedi-alla-biblioteca-di-arsie-la-vicesindaca-alison-de-nando-dialoga-con-lautore-roberto-de-nart\\\/#primaryimage\"},\"image\":{\"@id\":\"https:\\\/\\\/www.bellunopress.it\\\/2026\\\/02\\\/09\\\/uxoricidio-a-mellame-giovedi-alla-biblioteca-di-arsie-la-vicesindaca-alison-de-nando-dialoga-con-lautore-roberto-de-nart\\\/#primaryimage\"},\"thumbnailUrl\":\"https:\\\/\\\/www.bellunopress.it\\\/wp-content\\\/uploads\\\/2026\\\/02\\\/Uxoricidio-a-Mellame-12-febbraio-Arsie.jpeg\",\"datePublished\":\"2026-02-09T11:03:19+00:00\",\"dateModified\":\"2026-03-11T08:10:14+00:00\",\"breadcrumb\":{\"@id\":\"https:\\\/\\\/www.bellunopress.it\\\/2026\\\/02\\\/09\\\/uxoricidio-a-mellame-giovedi-alla-biblioteca-di-arsie-la-vicesindaca-alison-de-nando-dialoga-con-lautore-roberto-de-nart\\\/#breadcrumb\"},\"inLanguage\":\"fr-FR\",\"potentialAction\":[{\"@type\":\"ReadAction\",\"target\":[\"https:\\\/\\\/www.bellunopress.it\\\/2026\\\/02\\\/09\\\/uxoricidio-a-mellame-giovedi-alla-biblioteca-di-arsie-la-vicesindaca-alison-de-nando-dialoga-con-lautore-roberto-de-nart\\\/\"]}]},{\"@type\":\"ImageObject\",\"inLanguage\":\"fr-FR\",\"@id\":\"https:\\\/\\\/www.bellunopress.it\\\/2026\\\/02\\\/09\\\/uxoricidio-a-mellame-giovedi-alla-biblioteca-di-arsie-la-vicesindaca-alison-de-nando-dialoga-con-lautore-roberto-de-nart\\\/#primaryimage\",\"url\":\"https:\\\/\\\/www.bellunopress.it\\\/wp-content\\\/uploads\\\/2026\\\/02\\\/Uxoricidio-a-Mellame-12-febbraio-Arsie.jpeg\",\"contentUrl\":\"https:\\\/\\\/www.bellunopress.it\\\/wp-content\\\/uploads\\\/2026\\\/02\\\/Uxoricidio-a-Mellame-12-febbraio-Arsie.jpeg\",\"width\":424,\"height\":600},{\"@type\":\"BreadcrumbList\",\"@id\":\"https:\\\/\\\/www.bellunopress.it\\\/2026\\\/02\\\/09\\\/uxoricidio-a-mellame-giovedi-alla-biblioteca-di-arsie-la-vicesindaca-alison-de-nando-dialoga-con-lautore-roberto-de-nart\\\/#breadcrumb\",\"itemListElement\":[{\"@type\":\"ListItem\",\"position\":1,\"name\":\"Home\",\"item\":\"https:\\\/\\\/www.bellunopress.it\\\/\"},{\"@type\":\"ListItem\",\"position\":2,\"name\":\"Uxoricidio a Mellame. \u00a0Gioved\u00ec alla Biblioteca di Arsi\u00e9 la vicesindaca Alison De Nando dialoga con l\u2019autore Roberto De Nart\"}]},{\"@type\":\"WebSite\",\"@id\":\"https:\\\/\\\/www.bellunopress.it\\\/#website\",\"url\":\"https:\\\/\\\/www.bellunopress.it\\\/\",\"name\":\"Bellunopress - Dolomiti\",\"description\":\"e-mail: redazione@bellunopress.it\",\"publisher\":{\"@id\":\"https:\\\/\\\/www.bellunopress.it\\\/#organization\"},\"potentialAction\":[{\"@type\":\"SearchAction\",\"target\":{\"@type\":\"EntryPoint\",\"urlTemplate\":\"https:\\\/\\\/www.bellunopress.it\\\/?s={search_term_string}\"},\"query-input\":{\"@type\":\"PropertyValueSpecification\",\"valueRequired\":true,\"valueName\":\"search_term_string\"}}],\"inLanguage\":\"fr-FR\"},{\"@type\":\"Organization\",\"@id\":\"https:\\\/\\\/www.bellunopress.it\\\/#organization\",\"name\":\"Bellunopress\",\"url\":\"https:\\\/\\\/www.bellunopress.it\\\/\",\"logo\":{\"@type\":\"ImageObject\",\"inLanguage\":\"fr-FR\",\"@id\":\"https:\\\/\\\/www.bellunopress.it\\\/#\\\/schema\\\/logo\\\/image\\\/\",\"url\":\"https:\\\/\\\/www.bellunopress.it\\\/wp-content\\\/uploads\\\/2011\\\/05\\\/cropped-logo-bellunopress-.jpg\",\"contentUrl\":\"https:\\\/\\\/www.bellunopress.it\\\/wp-content\\\/uploads\\\/2011\\\/05\\\/cropped-logo-bellunopress-.jpg\",\"width\":512,\"height\":512,\"caption\":\"Bellunopress\"},\"image\":{\"@id\":\"https:\\\/\\\/www.bellunopress.it\\\/#\\\/schema\\\/logo\\\/image\\\/\"},\"sameAs\":[\"https:\\\/\\\/www.facebook.com\\\/profile.php?id=100008943462799\",\"https:\\\/\\\/x.com\\\/bellunopress\",\"https:\\\/\\\/www.linkedin.com\\\/hp\\\/?dnr=JBzUWaJfMUw8vbXJJ2tVW5-I3jZKvC4wsoxE&amp;amp;amp;amp;amp;amp;trk=nav_responsive_tab_home\",\"https:\\\/\\\/www.youtube.com\\\/channel\\\/UCxL0wu1uN0_3_7hGG0306cw\"]},{\"@type\":\"Person\",\"@id\":\"https:\\\/\\\/www.bellunopress.it\\\/#\\\/schema\\\/person\\\/79bb06722b37ece1c03d3e94beb30d73\",\"name\":\"redazione\",\"image\":{\"@type\":\"ImageObject\",\"inLanguage\":\"fr-FR\",\"@id\":\"https:\\\/\\\/secure.gravatar.com\\\/avatar\\\/37d968a2e67a6fd04c169c4bdef102d0bc5d31b2546345219e348575eb80e9a0?s=96&d=mm&r=g\",\"url\":\"https:\\\/\\\/secure.gravatar.com\\\/avatar\\\/37d968a2e67a6fd04c169c4bdef102d0bc5d31b2546345219e348575eb80e9a0?s=96&d=mm&r=g\",\"contentUrl\":\"https:\\\/\\\/secure.gravatar.com\\\/avatar\\\/37d968a2e67a6fd04c169c4bdef102d0bc5d31b2546345219e348575eb80e9a0?s=96&d=mm&r=g\",\"caption\":\"redazione\"},\"sameAs\":[\"http:\\\/\\\/www.bellunopress.it\",\"https:\\\/\\\/x.com\\\/bellunopress\"],\"url\":\"https:\\\/\\\/www.bellunopress.it\\\/fr\\\/author\\\/redazione\\\/\"}]}<\/script>\n<!-- \/ Yoast SEO plugin. -->","yoast_head_json":{"title":"Uxoricidio a Mellame. \u00a0Gioved\u00ec alla Biblioteca di Arsi\u00e9 la vicesindaca Alison De Nando dialoga con l\u2019autore Roberto De Nart - Bellunopress - Dolomiti","robots":{"index":"index","follow":"follow","max-snippet":"max-snippet:-1","max-image-preview":"max-image-preview:large","max-video-preview":"max-video-preview:-1"},"canonical":"https:\/\/www.bellunopress.it\/fr\/2026\/02\/09\/uxoricidio-a-mellame-giovedi-alla-biblioteca-di-arsie-la-vicesindaca-alison-de-nando-dialoga-con-lautore-roberto-de-nart\/","og_locale":"fr_FR","og_type":"article","og_title":"Uxoricidio a Mellame. \u00a0Gioved\u00ec alla Biblioteca di Arsi\u00e9 la vicesindaca Alison De Nando dialoga con l\u2019autore Roberto De Nart - Bellunopress - Dolomiti","og_description":"Gioved\u00ec 12 febbraio alle ore 20:30 alla Biblioteca di Arsi\u00e9 si terr\u00e0 la presentazione dl libro \u201cUxoricidio a Mellame\u201d di Roberto De Nart. A dialogare con l\u2019autore la vicesindaca di Arsi\u00e9, avvocata Alison De Nando. Il confronto permetter\u00e0 di analizzare il caso sotto una duplice lente: quella storica e documentale del ricercatore e quella legale [&hellip;]","og_url":"https:\/\/www.bellunopress.it\/fr\/2026\/02\/09\/uxoricidio-a-mellame-giovedi-alla-biblioteca-di-arsie-la-vicesindaca-alison-de-nando-dialoga-con-lautore-roberto-de-nart\/","og_site_name":"Bellunopress - Dolomiti","article_publisher":"https:\/\/www.facebook.com\/profile.php?id=100008943462799","article_published_time":"2026-02-09T11:03:19+00:00","article_modified_time":"2026-03-11T08:10:14+00:00","og_image":[{"width":424,"height":600,"url":"https:\/\/www.bellunopress.it\/wp-content\/uploads\/2026\/02\/Uxoricidio-a-Mellame-12-febbraio-Arsie.jpeg","type":"image\/jpeg"}],"author":"redazione","twitter_card":"summary_large_image","twitter_creator":"@bellunopress","twitter_site":"@bellunopress","twitter_misc":{"\u00c9crit par":"redazione","Dur\u00e9e de lecture estim\u00e9e":"2 minutes"},"schema":{"@context":"https:\/\/schema.org","@graph":[{"@type":"Article","@id":"https:\/\/www.bellunopress.it\/2026\/02\/09\/uxoricidio-a-mellame-giovedi-alla-biblioteca-di-arsie-la-vicesindaca-alison-de-nando-dialoga-con-lautore-roberto-de-nart\/#article","isPartOf":{"@id":"https:\/\/www.bellunopress.it\/2026\/02\/09\/uxoricidio-a-mellame-giovedi-alla-biblioteca-di-arsie-la-vicesindaca-alison-de-nando-dialoga-con-lautore-roberto-de-nart\/"},"author":{"name":"redazione","@id":"https:\/\/www.bellunopress.it\/#\/schema\/person\/79bb06722b37ece1c03d3e94beb30d73"},"headline":"Uxoricidio a Mellame. \u00a0Gioved\u00ec alla Biblioteca di Arsi\u00e9 la vicesindaca Alison De Nando dialoga con l\u2019autore Roberto De Nart","datePublished":"2026-02-09T11:03:19+00:00","dateModified":"2026-03-11T08:10:14+00:00","mainEntityOfPage":{"@id":"https:\/\/www.bellunopress.it\/2026\/02\/09\/uxoricidio-a-mellame-giovedi-alla-biblioteca-di-arsie-la-vicesindaca-alison-de-nando-dialoga-con-lautore-roberto-de-nart\/"},"wordCount":326,"publisher":{"@id":"https:\/\/www.bellunopress.it\/#organization"},"image":{"@id":"https:\/\/www.bellunopress.it\/2026\/02\/09\/uxoricidio-a-mellame-giovedi-alla-biblioteca-di-arsie-la-vicesindaca-alison-de-nando-dialoga-con-lautore-roberto-de-nart\/#primaryimage"},"thumbnailUrl":"https:\/\/www.bellunopress.it\/wp-content\/uploads\/2026\/02\/Uxoricidio-a-Mellame-12-febbraio-Arsie.jpeg","articleSection":["Appuntamenti, Eventi","Featured","Pausa Caff\u00e8"],"inLanguage":"fr-FR"},{"@type":"WebPage","@id":"https:\/\/www.bellunopress.it\/2026\/02\/09\/uxoricidio-a-mellame-giovedi-alla-biblioteca-di-arsie-la-vicesindaca-alison-de-nando-dialoga-con-lautore-roberto-de-nart\/","url":"https:\/\/www.bellunopress.it\/2026\/02\/09\/uxoricidio-a-mellame-giovedi-alla-biblioteca-di-arsie-la-vicesindaca-alison-de-nando-dialoga-con-lautore-roberto-de-nart\/","name":"Uxoricidio a Mellame. \u00a0Gioved\u00ec alla Biblioteca di Arsi\u00e9 la vicesindaca Alison De Nando dialoga con l\u2019autore Roberto De Nart - Bellunopress - Dolomiti","isPartOf":{"@id":"https:\/\/www.bellunopress.it\/#website"},"primaryImageOfPage":{"@id":"https:\/\/www.bellunopress.it\/2026\/02\/09\/uxoricidio-a-mellame-giovedi-alla-biblioteca-di-arsie-la-vicesindaca-alison-de-nando-dialoga-con-lautore-roberto-de-nart\/#primaryimage"},"image":{"@id":"https:\/\/www.bellunopress.it\/2026\/02\/09\/uxoricidio-a-mellame-giovedi-alla-biblioteca-di-arsie-la-vicesindaca-alison-de-nando-dialoga-con-lautore-roberto-de-nart\/#primaryimage"},"thumbnailUrl":"https:\/\/www.bellunopress.it\/wp-content\/uploads\/2026\/02\/Uxoricidio-a-Mellame-12-febbraio-Arsie.jpeg","datePublished":"2026-02-09T11:03:19+00:00","dateModified":"2026-03-11T08:10:14+00:00","breadcrumb":{"@id":"https:\/\/www.bellunopress.it\/2026\/02\/09\/uxoricidio-a-mellame-giovedi-alla-biblioteca-di-arsie-la-vicesindaca-alison-de-nando-dialoga-con-lautore-roberto-de-nart\/#breadcrumb"},"inLanguage":"fr-FR","potentialAction":[{"@type":"ReadAction","target":["https:\/\/www.bellunopress.it\/2026\/02\/09\/uxoricidio-a-mellame-giovedi-alla-biblioteca-di-arsie-la-vicesindaca-alison-de-nando-dialoga-con-lautore-roberto-de-nart\/"]}]},{"@type":"ImageObject","inLanguage":"fr-FR","@id":"https:\/\/www.bellunopress.it\/2026\/02\/09\/uxoricidio-a-mellame-giovedi-alla-biblioteca-di-arsie-la-vicesindaca-alison-de-nando-dialoga-con-lautore-roberto-de-nart\/#primaryimage","url":"https:\/\/www.bellunopress.it\/wp-content\/uploads\/2026\/02\/Uxoricidio-a-Mellame-12-febbraio-Arsie.jpeg","contentUrl":"https:\/\/www.bellunopress.it\/wp-content\/uploads\/2026\/02\/Uxoricidio-a-Mellame-12-febbraio-Arsie.jpeg","width":424,"height":600},{"@type":"BreadcrumbList","@id":"https:\/\/www.bellunopress.it\/2026\/02\/09\/uxoricidio-a-mellame-giovedi-alla-biblioteca-di-arsie-la-vicesindaca-alison-de-nando-dialoga-con-lautore-roberto-de-nart\/#breadcrumb","itemListElement":[{"@type":"ListItem","position":1,"name":"Home","item":"https:\/\/www.bellunopress.it\/"},{"@type":"ListItem","position":2,"name":"Uxoricidio a Mellame. \u00a0Gioved\u00ec alla Biblioteca di Arsi\u00e9 la vicesindaca Alison De Nando dialoga con l\u2019autore Roberto De Nart"}]},{"@type":"WebSite","@id":"https:\/\/www.bellunopress.it\/#website","url":"https:\/\/www.bellunopress.it\/","name":"Bellunopress - Dolomiti","description":"e-mail: redazione@bellunopress.it","publisher":{"@id":"https:\/\/www.bellunopress.it\/#organization"},"potentialAction":[{"@type":"SearchAction","target":{"@type":"EntryPoint","urlTemplate":"https:\/\/www.bellunopress.it\/?s={search_term_string}"},"query-input":{"@type":"PropertyValueSpecification","valueRequired":true,"valueName":"search_term_string"}}],"inLanguage":"fr-FR"},{"@type":"Organization","@id":"https:\/\/www.bellunopress.it\/#organization","name":"Bellunopress","url":"https:\/\/www.bellunopress.it\/","logo":{"@type":"ImageObject","inLanguage":"fr-FR","@id":"https:\/\/www.bellunopress.it\/#\/schema\/logo\/image\/","url":"https:\/\/www.bellunopress.it\/wp-content\/uploads\/2011\/05\/cropped-logo-bellunopress-.jpg","contentUrl":"https:\/\/www.bellunopress.it\/wp-content\/uploads\/2011\/05\/cropped-logo-bellunopress-.jpg","width":512,"height":512,"caption":"Bellunopress"},"image":{"@id":"https:\/\/www.bellunopress.it\/#\/schema\/logo\/image\/"},"sameAs":["https:\/\/www.facebook.com\/profile.php?id=100008943462799","https:\/\/x.com\/bellunopress","https:\/\/www.linkedin.com\/hp\/?dnr=JBzUWaJfMUw8vbXJJ2tVW5-I3jZKvC4wsoxE&amp;amp;amp;amp;amp;amp;trk=nav_responsive_tab_home","https:\/\/www.youtube.com\/channel\/UCxL0wu1uN0_3_7hGG0306cw"]},{"@type":"Person","@id":"https:\/\/www.bellunopress.it\/#\/schema\/person\/79bb06722b37ece1c03d3e94beb30d73","name":"r\u00e9daction","image":{"@type":"ImageObject","inLanguage":"fr-FR","@id":"https:\/\/secure.gravatar.com\/avatar\/37d968a2e67a6fd04c169c4bdef102d0bc5d31b2546345219e348575eb80e9a0?s=96&d=mm&r=g","url":"https:\/\/secure.gravatar.com\/avatar\/37d968a2e67a6fd04c169c4bdef102d0bc5d31b2546345219e348575eb80e9a0?s=96&d=mm&r=g","contentUrl":"https:\/\/secure.gravatar.com\/avatar\/37d968a2e67a6fd04c169c4bdef102d0bc5d31b2546345219e348575eb80e9a0?s=96&d=mm&r=g","caption":"redazione"},"sameAs":["http:\/\/www.bellunopress.it","https:\/\/x.com\/bellunopress"],"url":"https:\/\/www.bellunopress.it\/fr\/author\/redazione\/"}]}},"_links":{"self":[{"href":"https:\/\/www.bellunopress.it\/fr\/wp-json\/wp\/v2\/posts\/167297","targetHints":{"allow":["GET"]}}],"collection":[{"href":"https:\/\/www.bellunopress.it\/fr\/wp-json\/wp\/v2\/posts"}],"about":[{"href":"https:\/\/www.bellunopress.it\/fr\/wp-json\/wp\/v2\/types\/post"}],"author":[{"embeddable":true,"href":"https:\/\/www.bellunopress.it\/fr\/wp-json\/wp\/v2\/users\/2"}],"replies":[{"embeddable":true,"href":"https:\/\/www.bellunopress.it\/fr\/wp-json\/wp\/v2\/comments?post=167297"}],"version-history":[{"count":2,"href":"https:\/\/www.bellunopress.it\/fr\/wp-json\/wp\/v2\/posts\/167297\/revisions"}],"predecessor-version":[{"id":168056,"href":"https:\/\/www.bellunopress.it\/fr\/wp-json\/wp\/v2\/posts\/167297\/revisions\/168056"}],"wp:featuredmedia":[{"embeddable":true,"href":"https:\/\/www.bellunopress.it\/fr\/wp-json\/wp\/v2\/media\/167298"}],"wp:attachment":[{"href":"https:\/\/www.bellunopress.it\/fr\/wp-json\/wp\/v2\/media?parent=167297"}],"wp:term":[{"taxonomy":"category","embeddable":true,"href":"https:\/\/www.bellunopress.it\/fr\/wp-json\/wp\/v2\/categories?post=167297"},{"taxonomy":"post_tag","embeddable":true,"href":"https:\/\/www.bellunopress.it\/fr\/wp-json\/wp\/v2\/tags?post=167297"}],"curies":[{"name":"wp","href":"https:\/\/api.w.org\/{rel}","templated":true}]}}