{"id":167292,"date":"2026-02-09T11:07:35","date_gmt":"2026-02-09T10:07:35","guid":{"rendered":"https:\/\/www.bellunopress.it\/?p=167292"},"modified":"2026-02-09T11:07:35","modified_gmt":"2026-02-09T10:07:35","slug":"innovazione-tra-le-dolomiti-a-casa-veneto-il-primo-centro-internazionale-per-lai-nellocchialeria","status":"publish","type":"post","link":"https:\/\/www.bellunopress.it\/fr\/2026\/02\/09\/innovazione-tra-le-dolomiti-a-casa-veneto-il-primo-centro-internazionale-per-lai-nellocchialeria\/","title":{"rendered":"Innovazione tra le Dolomiti. A Casa Veneto il primo centro internazionale per l&#8217;AI nell&#8217;occhialeria"},"content":{"rendered":"<p class=\"v1MsoNormal\"><i>Cortina d&#8217;Ampezzo, 9 febbraio 2026<\/i>\u00a0&#8211; L&#8217;innovazione protagonista di due appuntamenti domani, marted\u00ec 10 febbraio, negli spazi di Casa Veneto a Cortina d&#8217;Ampezzo messi a disposizione dalla Regione.<\/p>\n<p class=\"v1MsoNormal\">Confindustria Belluno Dolomiti e ANFAO presentano Innovereye, il primo centro internazionale per lo sviluppo e l&#8217;applicazione delle nuove tecnologie e dell&#8217;intelligenza artificiale al settore dell&#8217;occhialeria. Promossa dalle Associazioni del Sistema Confindustria e Aivisory, Innovereye strutturer\u00e0 percorsi su misura per accelerare la digitalizzazione e la produttivit\u00e0 lungo l&#8217;intera filiera.<\/p>\n<p class=\"v1MsoNormal\">Sempre domani, Confindustria Belluno Dolomiti far\u00e0 il punto sulla Dolomiti Innovation Valley, l&#8217;iniziativa che punta a trasformare il territorio in ecosistema innovativo. Dolomiti Innovation Valley \u00e8 il pi\u00f9 grande laboratorio tecnologico condiviso d&#8217;Europa per la sperimentazione ed il testing di tecnologie innovative per la montagna legate alla sostenibilit\u00e0, allo sport e alla manifattura intelligente.<\/p>\n<p class=\"v1MsoNormal\">Questo il programma a Casa Veneto presso Casa delle Regole, corso Italia, Cortina d&#8217;Ampezzo:<\/p>\n<p class=\"v1MsoNormal\">ore 15.00 Dolomiti Innovation Valley &#8211; L&#8217;ecosistema dell&#8217;innovazione tra le Dolomiti Patrimonio dell&#8217;Umanit\u00e0<\/p>\n<p class=\"v1MsoNormal\">Speakers:<\/p>\n<p class=\"v1MsoNormal\">Luciano De Propris &#8211; Head of Open Innovation &amp; Sustainability di ELIS<\/p>\n<p class=\"v1MsoNormal\">Daniela De Nigris &#8211; Responsabile Innovation and Technical PoC e Digital Mobility Lab di ANAS<\/p>\n<p class=\"v1MsoNormal\">Mauro Giancaspro &#8211; Direttore Technology, Innovation &amp; Digital Spoke di Anas<\/p>\n<p class=\"v1MsoNormal\">Ore 16.00 Dolomiti Innovation Valley &#8211; Innovereye, il nuovo centro per lo sviluppo di una visione intelligente<\/p>\n<p class=\"v1MsoNormal\">Speakers:<\/p>\n<p class=\"v1MsoNormal\">Nicola Belli &#8211; Presidente CdA di Innovereye e delegato all&#8217;Innovazione di ANFAO<\/p>\n<p class=\"v1MsoNormal\">Pier Paolo Boccadamo &#8211; Chief Innovation Advisor di Innovereye<\/p>","protected":false},"excerpt":{"rendered":"<p>Cortina d&#8217;Ampezzo, 9 febbraio 2026\u00a0&#8211; L&#8217;innovazione protagonista di due appuntamenti domani, marted\u00ec 10 febbraio, negli spazi di Casa Veneto a Cortina d&#8217;Ampezzo messi a disposizione dalla Regione. Confindustria Belluno Dolomiti e ANFAO presentano Innovereye, il primo centro internazionale per lo sviluppo e l&#8217;applicazione delle nuove tecnologie e dell&#8217;intelligenza artificiale al settore dell&#8217;occhialeria. Promossa dalle Associazioni [&hellip;]<\/p>\n","protected":false},"author":2,"featured_media":110813,"comment_status":"closed","ping_status":"open","sticky":false,"template":"","format":"standard","meta":{"footnotes":""},"categories":[36],"tags":[],"class_list":["post-167292","post","type-post","status-publish","format-standard","has-post-thumbnail","category-lavoro-economia"],"yoast_head":"<!-- This site is optimized with the Yoast SEO plugin v28.4 - https:\/\/yoast.com\/product\/yoast-seo-wordpress\/ -->\n<title>Innovazione tra le Dolomiti. A Casa Veneto il primo centro internazionale per l&#039;AI nell&#039;occhialeria - Bellunopress - Dolomiti<\/title>\n<meta name=\"robots\" content=\"index, follow, max-snippet:-1, max-image-preview:large, max-video-preview:-1\" \/>\n<link rel=\"canonical\" href=\"https:\/\/www.bellunopress.it\/fr\/2026\/02\/09\/innovazione-tra-le-dolomiti-a-casa-veneto-il-primo-centro-internazionale-per-lai-nellocchialeria\/\" \/>\n<meta property=\"og:locale\" content=\"fr_FR\" \/>\n<meta property=\"og:type\" content=\"article\" \/>\n<meta property=\"og:title\" content=\"Innovazione tra le Dolomiti. A Casa Veneto il primo centro internazionale per l&#039;AI nell&#039;occhialeria - Bellunopress - Dolomiti\" \/>\n<meta property=\"og:description\" content=\"Cortina d&#8217;Ampezzo, 9 febbraio 2026\u00a0&#8211; L&#8217;innovazione protagonista di due appuntamenti domani, marted\u00ec 10 febbraio, negli spazi di Casa Veneto a Cortina d&#8217;Ampezzo messi a disposizione dalla Regione. Confindustria Belluno Dolomiti e ANFAO presentano Innovereye, il primo centro internazionale per lo sviluppo e l&#8217;applicazione delle nuove tecnologie e dell&#8217;intelligenza artificiale al settore dell&#8217;occhialeria. Promossa dalle Associazioni [&hellip;]\" \/>\n<meta property=\"og:url\" content=\"https:\/\/www.bellunopress.it\/fr\/2026\/02\/09\/innovazione-tra-le-dolomiti-a-casa-veneto-il-primo-centro-internazionale-per-lai-nellocchialeria\/\" \/>\n<meta property=\"og:site_name\" content=\"Bellunopress - Dolomiti\" \/>\n<meta property=\"article:publisher\" content=\"https:\/\/www.facebook.com\/profile.php?id=100008943462799\" \/>\n<meta property=\"article:published_time\" content=\"2026-02-09T10:07:35+00:00\" \/>\n<meta property=\"og:image\" content=\"https:\/\/www.bellunopress.it\/wp-content\/uploads\/2019\/12\/cortina-casa-delle-regole-museo-rimoldi.jpg\" \/>\n\t<meta property=\"og:image:width\" content=\"300\" \/>\n\t<meta property=\"og:image:height\" content=\"219\" \/>\n\t<meta property=\"og:image:type\" content=\"image\/jpeg\" \/>\n<meta name=\"author\" content=\"redazione\" \/>\n<meta name=\"twitter:card\" content=\"summary_large_image\" \/>\n<meta name=\"twitter:creator\" content=\"@bellunopress\" \/>\n<meta name=\"twitter:site\" content=\"@bellunopress\" \/>\n<meta name=\"twitter:label1\" content=\"\u00c9crit par\" \/>\n\t<meta name=\"twitter:data1\" content=\"redazione\" \/>\n\t<meta name=\"twitter:label2\" content=\"Dur\u00e9e de lecture estim\u00e9e\" \/>\n\t<meta name=\"twitter:data2\" content=\"1 minute\" \/>\n<script type=\"application\/ld+json\" class=\"yoast-schema-graph\">{\"@context\":\"https:\\\/\\\/schema.org\",\"@graph\":[{\"@type\":\"Article\",\"@id\":\"https:\\\/\\\/www.bellunopress.it\\\/2026\\\/02\\\/09\\\/innovazione-tra-le-dolomiti-a-casa-veneto-il-primo-centro-internazionale-per-lai-nellocchialeria\\\/#article\",\"isPartOf\":{\"@id\":\"https:\\\/\\\/www.bellunopress.it\\\/2026\\\/02\\\/09\\\/innovazione-tra-le-dolomiti-a-casa-veneto-il-primo-centro-internazionale-per-lai-nellocchialeria\\\/\"},\"author\":{\"name\":\"redazione\",\"@id\":\"https:\\\/\\\/www.bellunopress.it\\\/#\\\/schema\\\/person\\\/79bb06722b37ece1c03d3e94beb30d73\"},\"headline\":\"Innovazione tra le Dolomiti. A Casa Veneto il primo centro internazionale per l&#8217;AI nell&#8217;occhialeria\",\"datePublished\":\"2026-02-09T10:07:35+00:00\",\"mainEntityOfPage\":{\"@id\":\"https:\\\/\\\/www.bellunopress.it\\\/2026\\\/02\\\/09\\\/innovazione-tra-le-dolomiti-a-casa-veneto-il-primo-centro-internazionale-per-lai-nellocchialeria\\\/\"},\"wordCount\":259,\"publisher\":{\"@id\":\"https:\\\/\\\/www.bellunopress.it\\\/#organization\"},\"image\":{\"@id\":\"https:\\\/\\\/www.bellunopress.it\\\/2026\\\/02\\\/09\\\/innovazione-tra-le-dolomiti-a-casa-veneto-il-primo-centro-internazionale-per-lai-nellocchialeria\\\/#primaryimage\"},\"thumbnailUrl\":\"https:\\\/\\\/www.bellunopress.it\\\/wp-content\\\/uploads\\\/2019\\\/12\\\/cortina-casa-delle-regole-museo-rimoldi.jpg\",\"articleSection\":[\"Lavoro, Economia, Turismo\"],\"inLanguage\":\"fr-FR\"},{\"@type\":\"WebPage\",\"@id\":\"https:\\\/\\\/www.bellunopress.it\\\/2026\\\/02\\\/09\\\/innovazione-tra-le-dolomiti-a-casa-veneto-il-primo-centro-internazionale-per-lai-nellocchialeria\\\/\",\"url\":\"https:\\\/\\\/www.bellunopress.it\\\/2026\\\/02\\\/09\\\/innovazione-tra-le-dolomiti-a-casa-veneto-il-primo-centro-internazionale-per-lai-nellocchialeria\\\/\",\"name\":\"Innovazione tra le Dolomiti. A Casa Veneto il primo centro internazionale per l'AI nell'occhialeria - Bellunopress - Dolomiti\",\"isPartOf\":{\"@id\":\"https:\\\/\\\/www.bellunopress.it\\\/#website\"},\"primaryImageOfPage\":{\"@id\":\"https:\\\/\\\/www.bellunopress.it\\\/2026\\\/02\\\/09\\\/innovazione-tra-le-dolomiti-a-casa-veneto-il-primo-centro-internazionale-per-lai-nellocchialeria\\\/#primaryimage\"},\"image\":{\"@id\":\"https:\\\/\\\/www.bellunopress.it\\\/2026\\\/02\\\/09\\\/innovazione-tra-le-dolomiti-a-casa-veneto-il-primo-centro-internazionale-per-lai-nellocchialeria\\\/#primaryimage\"},\"thumbnailUrl\":\"https:\\\/\\\/www.bellunopress.it\\\/wp-content\\\/uploads\\\/2019\\\/12\\\/cortina-casa-delle-regole-museo-rimoldi.jpg\",\"datePublished\":\"2026-02-09T10:07:35+00:00\",\"breadcrumb\":{\"@id\":\"https:\\\/\\\/www.bellunopress.it\\\/2026\\\/02\\\/09\\\/innovazione-tra-le-dolomiti-a-casa-veneto-il-primo-centro-internazionale-per-lai-nellocchialeria\\\/#breadcrumb\"},\"inLanguage\":\"fr-FR\",\"potentialAction\":[{\"@type\":\"ReadAction\",\"target\":[\"https:\\\/\\\/www.bellunopress.it\\\/2026\\\/02\\\/09\\\/innovazione-tra-le-dolomiti-a-casa-veneto-il-primo-centro-internazionale-per-lai-nellocchialeria\\\/\"]}]},{\"@type\":\"ImageObject\",\"inLanguage\":\"fr-FR\",\"@id\":\"https:\\\/\\\/www.bellunopress.it\\\/2026\\\/02\\\/09\\\/innovazione-tra-le-dolomiti-a-casa-veneto-il-primo-centro-internazionale-per-lai-nellocchialeria\\\/#primaryimage\",\"url\":\"https:\\\/\\\/www.bellunopress.it\\\/wp-content\\\/uploads\\\/2019\\\/12\\\/cortina-casa-delle-regole-museo-rimoldi.jpg\",\"contentUrl\":\"https:\\\/\\\/www.bellunopress.it\\\/wp-content\\\/uploads\\\/2019\\\/12\\\/cortina-casa-delle-regole-museo-rimoldi.jpg\",\"width\":300,\"height\":219,\"caption\":\"Cortina d'Ampezzo, Casa delle Regole\"},{\"@type\":\"BreadcrumbList\",\"@id\":\"https:\\\/\\\/www.bellunopress.it\\\/2026\\\/02\\\/09\\\/innovazione-tra-le-dolomiti-a-casa-veneto-il-primo-centro-internazionale-per-lai-nellocchialeria\\\/#breadcrumb\",\"itemListElement\":[{\"@type\":\"ListItem\",\"position\":1,\"name\":\"Home\",\"item\":\"https:\\\/\\\/www.bellunopress.it\\\/\"},{\"@type\":\"ListItem\",\"position\":2,\"name\":\"Innovazione tra le Dolomiti. A Casa Veneto il primo centro internazionale per l&#8217;AI nell&#8217;occhialeria\"}]},{\"@type\":\"WebSite\",\"@id\":\"https:\\\/\\\/www.bellunopress.it\\\/#website\",\"url\":\"https:\\\/\\\/www.bellunopress.it\\\/\",\"name\":\"Bellunopress - Dolomiti\",\"description\":\"e-mail: redazione@bellunopress.it\",\"publisher\":{\"@id\":\"https:\\\/\\\/www.bellunopress.it\\\/#organization\"},\"potentialAction\":[{\"@type\":\"SearchAction\",\"target\":{\"@type\":\"EntryPoint\",\"urlTemplate\":\"https:\\\/\\\/www.bellunopress.it\\\/?s={search_term_string}\"},\"query-input\":{\"@type\":\"PropertyValueSpecification\",\"valueRequired\":true,\"valueName\":\"search_term_string\"}}],\"inLanguage\":\"fr-FR\"},{\"@type\":\"Organization\",\"@id\":\"https:\\\/\\\/www.bellunopress.it\\\/#organization\",\"name\":\"Bellunopress\",\"url\":\"https:\\\/\\\/www.bellunopress.it\\\/\",\"logo\":{\"@type\":\"ImageObject\",\"inLanguage\":\"fr-FR\",\"@id\":\"https:\\\/\\\/www.bellunopress.it\\\/#\\\/schema\\\/logo\\\/image\\\/\",\"url\":\"https:\\\/\\\/www.bellunopress.it\\\/wp-content\\\/uploads\\\/2011\\\/05\\\/cropped-logo-bellunopress-.jpg\",\"contentUrl\":\"https:\\\/\\\/www.bellunopress.it\\\/wp-content\\\/uploads\\\/2011\\\/05\\\/cropped-logo-bellunopress-.jpg\",\"width\":512,\"height\":512,\"caption\":\"Bellunopress\"},\"image\":{\"@id\":\"https:\\\/\\\/www.bellunopress.it\\\/#\\\/schema\\\/logo\\\/image\\\/\"},\"sameAs\":[\"https:\\\/\\\/www.facebook.com\\\/profile.php?id=100008943462799\",\"https:\\\/\\\/x.com\\\/bellunopress\",\"https:\\\/\\\/www.linkedin.com\\\/hp\\\/?dnr=JBzUWaJfMUw8vbXJJ2tVW5-I3jZKvC4wsoxE&amp;amp;amp;amp;amp;amp;trk=nav_responsive_tab_home\",\"https:\\\/\\\/www.youtube.com\\\/channel\\\/UCxL0wu1uN0_3_7hGG0306cw\"]},{\"@type\":\"Person\",\"@id\":\"https:\\\/\\\/www.bellunopress.it\\\/#\\\/schema\\\/person\\\/79bb06722b37ece1c03d3e94beb30d73\",\"name\":\"redazione\",\"image\":{\"@type\":\"ImageObject\",\"inLanguage\":\"fr-FR\",\"@id\":\"https:\\\/\\\/secure.gravatar.com\\\/avatar\\\/37d968a2e67a6fd04c169c4bdef102d0bc5d31b2546345219e348575eb80e9a0?s=96&d=mm&r=g\",\"url\":\"https:\\\/\\\/secure.gravatar.com\\\/avatar\\\/37d968a2e67a6fd04c169c4bdef102d0bc5d31b2546345219e348575eb80e9a0?s=96&d=mm&r=g\",\"contentUrl\":\"https:\\\/\\\/secure.gravatar.com\\\/avatar\\\/37d968a2e67a6fd04c169c4bdef102d0bc5d31b2546345219e348575eb80e9a0?s=96&d=mm&r=g\",\"caption\":\"redazione\"},\"sameAs\":[\"http:\\\/\\\/www.bellunopress.it\",\"https:\\\/\\\/x.com\\\/bellunopress\"],\"url\":\"https:\\\/\\\/www.bellunopress.it\\\/fr\\\/author\\\/redazione\\\/\"}]}<\/script>\n<!-- \/ Yoast SEO plugin. -->","yoast_head_json":{"title":"Innovazione tra le Dolomiti. A Casa Veneto il primo centro internazionale per l'AI nell'occhialeria - Bellunopress - Dolomiti","robots":{"index":"index","follow":"follow","max-snippet":"max-snippet:-1","max-image-preview":"max-image-preview:large","max-video-preview":"max-video-preview:-1"},"canonical":"https:\/\/www.bellunopress.it\/fr\/2026\/02\/09\/innovazione-tra-le-dolomiti-a-casa-veneto-il-primo-centro-internazionale-per-lai-nellocchialeria\/","og_locale":"fr_FR","og_type":"article","og_title":"Innovazione tra le Dolomiti. A Casa Veneto il primo centro internazionale per l'AI nell'occhialeria - Bellunopress - Dolomiti","og_description":"Cortina d&#8217;Ampezzo, 9 febbraio 2026\u00a0&#8211; L&#8217;innovazione protagonista di due appuntamenti domani, marted\u00ec 10 febbraio, negli spazi di Casa Veneto a Cortina d&#8217;Ampezzo messi a disposizione dalla Regione. Confindustria Belluno Dolomiti e ANFAO presentano Innovereye, il primo centro internazionale per lo sviluppo e l&#8217;applicazione delle nuove tecnologie e dell&#8217;intelligenza artificiale al settore dell&#8217;occhialeria. Promossa dalle Associazioni [&hellip;]","og_url":"https:\/\/www.bellunopress.it\/fr\/2026\/02\/09\/innovazione-tra-le-dolomiti-a-casa-veneto-il-primo-centro-internazionale-per-lai-nellocchialeria\/","og_site_name":"Bellunopress - Dolomiti","article_publisher":"https:\/\/www.facebook.com\/profile.php?id=100008943462799","article_published_time":"2026-02-09T10:07:35+00:00","og_image":[{"width":300,"height":219,"url":"https:\/\/www.bellunopress.it\/wp-content\/uploads\/2019\/12\/cortina-casa-delle-regole-museo-rimoldi.jpg","type":"image\/jpeg"}],"author":"redazione","twitter_card":"summary_large_image","twitter_creator":"@bellunopress","twitter_site":"@bellunopress","twitter_misc":{"\u00c9crit par":"redazione","Dur\u00e9e de lecture estim\u00e9e":"1 minute"},"schema":{"@context":"https:\/\/schema.org","@graph":[{"@type":"Article","@id":"https:\/\/www.bellunopress.it\/2026\/02\/09\/innovazione-tra-le-dolomiti-a-casa-veneto-il-primo-centro-internazionale-per-lai-nellocchialeria\/#article","isPartOf":{"@id":"https:\/\/www.bellunopress.it\/2026\/02\/09\/innovazione-tra-le-dolomiti-a-casa-veneto-il-primo-centro-internazionale-per-lai-nellocchialeria\/"},"author":{"name":"redazione","@id":"https:\/\/www.bellunopress.it\/#\/schema\/person\/79bb06722b37ece1c03d3e94beb30d73"},"headline":"Innovazione tra le Dolomiti. A Casa Veneto il primo centro internazionale per l&#8217;AI nell&#8217;occhialeria","datePublished":"2026-02-09T10:07:35+00:00","mainEntityOfPage":{"@id":"https:\/\/www.bellunopress.it\/2026\/02\/09\/innovazione-tra-le-dolomiti-a-casa-veneto-il-primo-centro-internazionale-per-lai-nellocchialeria\/"},"wordCount":259,"publisher":{"@id":"https:\/\/www.bellunopress.it\/#organization"},"image":{"@id":"https:\/\/www.bellunopress.it\/2026\/02\/09\/innovazione-tra-le-dolomiti-a-casa-veneto-il-primo-centro-internazionale-per-lai-nellocchialeria\/#primaryimage"},"thumbnailUrl":"https:\/\/www.bellunopress.it\/wp-content\/uploads\/2019\/12\/cortina-casa-delle-regole-museo-rimoldi.jpg","articleSection":["Lavoro, Economia, Turismo"],"inLanguage":"fr-FR"},{"@type":"WebPage","@id":"https:\/\/www.bellunopress.it\/2026\/02\/09\/innovazione-tra-le-dolomiti-a-casa-veneto-il-primo-centro-internazionale-per-lai-nellocchialeria\/","url":"https:\/\/www.bellunopress.it\/2026\/02\/09\/innovazione-tra-le-dolomiti-a-casa-veneto-il-primo-centro-internazionale-per-lai-nellocchialeria\/","name":"Innovazione tra le Dolomiti. A Casa Veneto il primo centro internazionale per l'AI nell'occhialeria - Bellunopress - Dolomiti","isPartOf":{"@id":"https:\/\/www.bellunopress.it\/#website"},"primaryImageOfPage":{"@id":"https:\/\/www.bellunopress.it\/2026\/02\/09\/innovazione-tra-le-dolomiti-a-casa-veneto-il-primo-centro-internazionale-per-lai-nellocchialeria\/#primaryimage"},"image":{"@id":"https:\/\/www.bellunopress.it\/2026\/02\/09\/innovazione-tra-le-dolomiti-a-casa-veneto-il-primo-centro-internazionale-per-lai-nellocchialeria\/#primaryimage"},"thumbnailUrl":"https:\/\/www.bellunopress.it\/wp-content\/uploads\/2019\/12\/cortina-casa-delle-regole-museo-rimoldi.jpg","datePublished":"2026-02-09T10:07:35+00:00","breadcrumb":{"@id":"https:\/\/www.bellunopress.it\/2026\/02\/09\/innovazione-tra-le-dolomiti-a-casa-veneto-il-primo-centro-internazionale-per-lai-nellocchialeria\/#breadcrumb"},"inLanguage":"fr-FR","potentialAction":[{"@type":"ReadAction","target":["https:\/\/www.bellunopress.it\/2026\/02\/09\/innovazione-tra-le-dolomiti-a-casa-veneto-il-primo-centro-internazionale-per-lai-nellocchialeria\/"]}]},{"@type":"ImageObject","inLanguage":"fr-FR","@id":"https:\/\/www.bellunopress.it\/2026\/02\/09\/innovazione-tra-le-dolomiti-a-casa-veneto-il-primo-centro-internazionale-per-lai-nellocchialeria\/#primaryimage","url":"https:\/\/www.bellunopress.it\/wp-content\/uploads\/2019\/12\/cortina-casa-delle-regole-museo-rimoldi.jpg","contentUrl":"https:\/\/www.bellunopress.it\/wp-content\/uploads\/2019\/12\/cortina-casa-delle-regole-museo-rimoldi.jpg","width":300,"height":219,"caption":"Cortina d'Ampezzo, Casa delle Regole"},{"@type":"BreadcrumbList","@id":"https:\/\/www.bellunopress.it\/2026\/02\/09\/innovazione-tra-le-dolomiti-a-casa-veneto-il-primo-centro-internazionale-per-lai-nellocchialeria\/#breadcrumb","itemListElement":[{"@type":"ListItem","position":1,"name":"Home","item":"https:\/\/www.bellunopress.it\/"},{"@type":"ListItem","position":2,"name":"Innovazione tra le Dolomiti. A Casa Veneto il primo centro internazionale per l&#8217;AI nell&#8217;occhialeria"}]},{"@type":"WebSite","@id":"https:\/\/www.bellunopress.it\/#website","url":"https:\/\/www.bellunopress.it\/","name":"Bellunopress - Dolomiti","description":"e-mail: redazione@bellunopress.it","publisher":{"@id":"https:\/\/www.bellunopress.it\/#organization"},"potentialAction":[{"@type":"SearchAction","target":{"@type":"EntryPoint","urlTemplate":"https:\/\/www.bellunopress.it\/?s={search_term_string}"},"query-input":{"@type":"PropertyValueSpecification","valueRequired":true,"valueName":"search_term_string"}}],"inLanguage":"fr-FR"},{"@type":"Organization","@id":"https:\/\/www.bellunopress.it\/#organization","name":"Bellunopress","url":"https:\/\/www.bellunopress.it\/","logo":{"@type":"ImageObject","inLanguage":"fr-FR","@id":"https:\/\/www.bellunopress.it\/#\/schema\/logo\/image\/","url":"https:\/\/www.bellunopress.it\/wp-content\/uploads\/2011\/05\/cropped-logo-bellunopress-.jpg","contentUrl":"https:\/\/www.bellunopress.it\/wp-content\/uploads\/2011\/05\/cropped-logo-bellunopress-.jpg","width":512,"height":512,"caption":"Bellunopress"},"image":{"@id":"https:\/\/www.bellunopress.it\/#\/schema\/logo\/image\/"},"sameAs":["https:\/\/www.facebook.com\/profile.php?id=100008943462799","https:\/\/x.com\/bellunopress","https:\/\/www.linkedin.com\/hp\/?dnr=JBzUWaJfMUw8vbXJJ2tVW5-I3jZKvC4wsoxE&amp;amp;amp;amp;amp;amp;trk=nav_responsive_tab_home","https:\/\/www.youtube.com\/channel\/UCxL0wu1uN0_3_7hGG0306cw"]},{"@type":"Person","@id":"https:\/\/www.bellunopress.it\/#\/schema\/person\/79bb06722b37ece1c03d3e94beb30d73","name":"r\u00e9daction","image":{"@type":"ImageObject","inLanguage":"fr-FR","@id":"https:\/\/secure.gravatar.com\/avatar\/37d968a2e67a6fd04c169c4bdef102d0bc5d31b2546345219e348575eb80e9a0?s=96&d=mm&r=g","url":"https:\/\/secure.gravatar.com\/avatar\/37d968a2e67a6fd04c169c4bdef102d0bc5d31b2546345219e348575eb80e9a0?s=96&d=mm&r=g","contentUrl":"https:\/\/secure.gravatar.com\/avatar\/37d968a2e67a6fd04c169c4bdef102d0bc5d31b2546345219e348575eb80e9a0?s=96&d=mm&r=g","caption":"redazione"},"sameAs":["http:\/\/www.bellunopress.it","https:\/\/x.com\/bellunopress"],"url":"https:\/\/www.bellunopress.it\/fr\/author\/redazione\/"}]}},"_links":{"self":[{"href":"https:\/\/www.bellunopress.it\/fr\/wp-json\/wp\/v2\/posts\/167292","targetHints":{"allow":["GET"]}}],"collection":[{"href":"https:\/\/www.bellunopress.it\/fr\/wp-json\/wp\/v2\/posts"}],"about":[{"href":"https:\/\/www.bellunopress.it\/fr\/wp-json\/wp\/v2\/types\/post"}],"author":[{"embeddable":true,"href":"https:\/\/www.bellunopress.it\/fr\/wp-json\/wp\/v2\/users\/2"}],"replies":[{"embeddable":true,"href":"https:\/\/www.bellunopress.it\/fr\/wp-json\/wp\/v2\/comments?post=167292"}],"version-history":[{"count":1,"href":"https:\/\/www.bellunopress.it\/fr\/wp-json\/wp\/v2\/posts\/167292\/revisions"}],"predecessor-version":[{"id":167293,"href":"https:\/\/www.bellunopress.it\/fr\/wp-json\/wp\/v2\/posts\/167292\/revisions\/167293"}],"wp:featuredmedia":[{"embeddable":true,"href":"https:\/\/www.bellunopress.it\/fr\/wp-json\/wp\/v2\/media\/110813"}],"wp:attachment":[{"href":"https:\/\/www.bellunopress.it\/fr\/wp-json\/wp\/v2\/media?parent=167292"}],"wp:term":[{"taxonomy":"category","embeddable":true,"href":"https:\/\/www.bellunopress.it\/fr\/wp-json\/wp\/v2\/categories?post=167292"},{"taxonomy":"post_tag","embeddable":true,"href":"https:\/\/www.bellunopress.it\/fr\/wp-json\/wp\/v2\/tags?post=167292"}],"curies":[{"name":"wp","href":"https:\/\/api.w.org\/{rel}","templated":true}]}}