{"id":167274,"date":"2026-02-08T18:16:13","date_gmt":"2026-02-08T17:16:13","guid":{"rendered":"https:\/\/www.bellunopress.it\/?p=167274"},"modified":"2026-02-08T18:16:13","modified_gmt":"2026-02-08T17:16:13","slug":"olimpiadi-un-weekend-da-incorniciare-padrin-giornata-memorabile-per-le-nostre-dolomiti","status":"publish","type":"post","link":"https:\/\/www.bellunopress.it\/fr\/2026\/02\/08\/olimpiadi-un-weekend-da-incorniciare-padrin-giornata-memorabile-per-le-nostre-dolomiti\/","title":{"rendered":"Olimpiadi. Un weekend da incorniciare. Padrin: \u00abGiornata memorabile per le nostre Dolomiti\u00bb"},"content":{"rendered":"<p>Cortina d&#8217;Ampezzo, 08\/02\/2026 \u2013 Non \u00e8 solo una questione di medaglie, \u00e8 una questione di identit\u00e0. Il primo weekend delle Olimpiadi di Milano Cortina 2026 si chiude con un bilancio trionfale per la provincia di Belluno, capace di piazzare i propri talenti sui podi pi\u00f9 prestigiosi, dalla neve di casa delle Tofane alle piste di Livigno e Anterselva.<\/p>\n<p>Il Presidente della Provincia, Roberto Padrin, ha commentato con entusiasmo i risultati odierni, definendo quella appena trascorsa come una \u00abgiornata straordinaria di sport, emozioni e orgoglio\u00bb.<\/p>\n<p>Il momento pi\u00f9 iconico per il movimento sportivo locale si \u00e8 consumato sulla neve di Livigno, nel gigante parallelo femminile di snowboard. La finale per il terzo posto \u00e8 stata un affare tutto bellunese: Lucia Dalmasso ha conquistato il bronzo superando la compagna di squadra (e conterranea) Elisa Caffont.<\/p>\n<p>\u00abUn derby tutto bellunese che racconta meglio di qualsiasi parola la qualit\u00e0 e la passione del nostro movimento sportivo\u00bb, ha sottolineato Padrin, evidenziando come la provincia sia diventata una vera e propria fucina di campioni nelle discipline invernali.<\/p>\n<p>Mentre a Cortina il pubblico esplodeva per il bronzo di Sofia Goggia sull&#8217;Olympia delle Tofane \u2013 un risultato che conferma la solidit\u00e0 della fuoriclasse azzurra \u2013 le notizie arrivate da Anterselva hanno completato il quadro dei successi. Lisa Vittozzi, punta di diamante del biathlon azzurro, ha trascinato la staffetta mista a una splendida medaglia d\u2019argento, chiudendo la gara con una frazione magistrale.<\/p>\n<p>Il Presidente ha voluto per\u00f2 allargare il ringraziamento a tutta la delegazione: \u00abUn pensiero speciale va a tutti gli atleti bellunesi impegnati in questi giorni. Rappresentano il nostro territorio con un impegno che ci rende profondamente fieri\u00bb.<\/p>\n<p>Non sono stati per\u00f2 solo momenti di festa. La giornata \u00e8 stata segnata dal grave incidente occorso a Lindsey Vonn durante la discesa libera. La campionessa americana, da sempre legatissima alla Regina delle Dolomiti, \u00e8 stata soccorsa in pista tra il silenzio del pubblico.<\/p>\n<p>Padrin ha voluto inviarle un messaggio di pronta guarigione:<\/p>\n<p>\u00abA Lindsey va il nostro pensiero. Cortina \u00e8 e rimarr\u00e0 sempre casa sua: le auguriamo di tornare presto e di guarire completamente\u00bb.<\/p>\n<p>Il bilancio finale del Presidente della Provincia va oltre il dato tecnico. Le immagini delle Dolomiti bellunesi che fanno il giro del mondo, unite alle prestazioni degli atleti locali, confermano la riuscita di questa prima fase dei Giochi.<\/p>\n<p>\u00abLe nostre montagne e il nostro pubblico hanno dato il meglio di s\u00e9\u00bb, conclude Padrin. \u00abMilano Cortina 2026 si sta confermando una straordinaria festa dello sport e dei territori che la ospitano\u00bb.<\/p>","protected":false},"excerpt":{"rendered":"<p>Cortina d&#8217;Ampezzo, 08\/02\/2026 \u2013 Non \u00e8 solo una questione di medaglie, \u00e8 una questione di identit\u00e0. Il primo weekend delle Olimpiadi di Milano Cortina 2026 si chiude con un bilancio trionfale per la provincia di Belluno, capace di piazzare i propri talenti sui podi pi\u00f9 prestigiosi, dalla neve di casa delle Tofane alle piste di [&hellip;]<\/p>\n","protected":false},"author":2,"featured_media":167275,"comment_status":"closed","ping_status":"open","sticky":false,"template":"","format":"standard","meta":{"footnotes":""},"categories":[26],"tags":[],"class_list":["post-167274","post","type-post","status-publish","format-standard","has-post-thumbnail","category-prima-pagina"],"yoast_head":"<!-- This site is optimized with the Yoast SEO plugin v28.4 - https:\/\/yoast.com\/product\/yoast-seo-wordpress\/ -->\n<title>Olimpiadi. Un weekend da incorniciare. Padrin: \u00abGiornata memorabile per le nostre Dolomiti\u00bb - Bellunopress - Dolomiti<\/title>\n<meta name=\"robots\" content=\"index, follow, max-snippet:-1, max-image-preview:large, max-video-preview:-1\" \/>\n<link rel=\"canonical\" href=\"https:\/\/www.bellunopress.it\/fr\/2026\/02\/08\/olimpiadi-un-weekend-da-incorniciare-padrin-giornata-memorabile-per-le-nostre-dolomiti\/\" \/>\n<meta property=\"og:locale\" content=\"fr_FR\" \/>\n<meta property=\"og:type\" content=\"article\" \/>\n<meta property=\"og:title\" content=\"Olimpiadi. Un weekend da incorniciare. Padrin: \u00abGiornata memorabile per le nostre Dolomiti\u00bb - Bellunopress - Dolomiti\" \/>\n<meta property=\"og:description\" content=\"Cortina d&#8217;Ampezzo, 08\/02\/2026 \u2013 Non \u00e8 solo una questione di medaglie, \u00e8 una questione di identit\u00e0. Il primo weekend delle Olimpiadi di Milano Cortina 2026 si chiude con un bilancio trionfale per la provincia di Belluno, capace di piazzare i propri talenti sui podi pi\u00f9 prestigiosi, dalla neve di casa delle Tofane alle piste di [&hellip;]\" \/>\n<meta property=\"og:url\" content=\"https:\/\/www.bellunopress.it\/fr\/2026\/02\/08\/olimpiadi-un-weekend-da-incorniciare-padrin-giornata-memorabile-per-le-nostre-dolomiti\/\" \/>\n<meta property=\"og:site_name\" content=\"Bellunopress - Dolomiti\" \/>\n<meta property=\"article:publisher\" content=\"https:\/\/www.facebook.com\/profile.php?id=100008943462799\" \/>\n<meta property=\"article:published_time\" content=\"2026-02-08T17:16:13+00:00\" \/>\n<meta property=\"og:image\" content=\"https:\/\/www.bellunopress.it\/wp-content\/uploads\/2026\/02\/Padrin-con-il-presid-repubblica-tedesca-e-autorita.jpeg\" \/>\n\t<meta property=\"og:image:width\" content=\"600\" \/>\n\t<meta property=\"og:image:height\" content=\"450\" \/>\n\t<meta property=\"og:image:type\" content=\"image\/jpeg\" \/>\n<meta name=\"author\" content=\"redazione\" \/>\n<meta name=\"twitter:card\" content=\"summary_large_image\" \/>\n<meta name=\"twitter:creator\" content=\"@bellunopress\" \/>\n<meta name=\"twitter:site\" content=\"@bellunopress\" \/>\n<meta name=\"twitter:label1\" content=\"\u00c9crit par\" \/>\n\t<meta name=\"twitter:data1\" content=\"redazione\" \/>\n\t<meta name=\"twitter:label2\" content=\"Dur\u00e9e de lecture estim\u00e9e\" \/>\n\t<meta name=\"twitter:data2\" content=\"2 minutes\" \/>\n<script type=\"application\/ld+json\" class=\"yoast-schema-graph\">{\"@context\":\"https:\\\/\\\/schema.org\",\"@graph\":[{\"@type\":\"Article\",\"@id\":\"https:\\\/\\\/www.bellunopress.it\\\/2026\\\/02\\\/08\\\/olimpiadi-un-weekend-da-incorniciare-padrin-giornata-memorabile-per-le-nostre-dolomiti\\\/#article\",\"isPartOf\":{\"@id\":\"https:\\\/\\\/www.bellunopress.it\\\/2026\\\/02\\\/08\\\/olimpiadi-un-weekend-da-incorniciare-padrin-giornata-memorabile-per-le-nostre-dolomiti\\\/\"},\"author\":{\"name\":\"redazione\",\"@id\":\"https:\\\/\\\/www.bellunopress.it\\\/#\\\/schema\\\/person\\\/79bb06722b37ece1c03d3e94beb30d73\"},\"headline\":\"Olimpiadi. Un weekend da incorniciare. Padrin: \u00abGiornata memorabile per le nostre Dolomiti\u00bb\",\"datePublished\":\"2026-02-08T17:16:13+00:00\",\"mainEntityOfPage\":{\"@id\":\"https:\\\/\\\/www.bellunopress.it\\\/2026\\\/02\\\/08\\\/olimpiadi-un-weekend-da-incorniciare-padrin-giornata-memorabile-per-le-nostre-dolomiti\\\/\"},\"wordCount\":417,\"publisher\":{\"@id\":\"https:\\\/\\\/www.bellunopress.it\\\/#organization\"},\"image\":{\"@id\":\"https:\\\/\\\/www.bellunopress.it\\\/2026\\\/02\\\/08\\\/olimpiadi-un-weekend-da-incorniciare-padrin-giornata-memorabile-per-le-nostre-dolomiti\\\/#primaryimage\"},\"thumbnailUrl\":\"https:\\\/\\\/www.bellunopress.it\\\/wp-content\\\/uploads\\\/2026\\\/02\\\/Padrin-con-il-presid-repubblica-tedesca-e-autorita.jpeg\",\"articleSection\":[\"Prima Pagina\"],\"inLanguage\":\"fr-FR\"},{\"@type\":\"WebPage\",\"@id\":\"https:\\\/\\\/www.bellunopress.it\\\/2026\\\/02\\\/08\\\/olimpiadi-un-weekend-da-incorniciare-padrin-giornata-memorabile-per-le-nostre-dolomiti\\\/\",\"url\":\"https:\\\/\\\/www.bellunopress.it\\\/2026\\\/02\\\/08\\\/olimpiadi-un-weekend-da-incorniciare-padrin-giornata-memorabile-per-le-nostre-dolomiti\\\/\",\"name\":\"Olimpiadi. Un weekend da incorniciare. Padrin: \u00abGiornata memorabile per le nostre Dolomiti\u00bb - Bellunopress - Dolomiti\",\"isPartOf\":{\"@id\":\"https:\\\/\\\/www.bellunopress.it\\\/#website\"},\"primaryImageOfPage\":{\"@id\":\"https:\\\/\\\/www.bellunopress.it\\\/2026\\\/02\\\/08\\\/olimpiadi-un-weekend-da-incorniciare-padrin-giornata-memorabile-per-le-nostre-dolomiti\\\/#primaryimage\"},\"image\":{\"@id\":\"https:\\\/\\\/www.bellunopress.it\\\/2026\\\/02\\\/08\\\/olimpiadi-un-weekend-da-incorniciare-padrin-giornata-memorabile-per-le-nostre-dolomiti\\\/#primaryimage\"},\"thumbnailUrl\":\"https:\\\/\\\/www.bellunopress.it\\\/wp-content\\\/uploads\\\/2026\\\/02\\\/Padrin-con-il-presid-repubblica-tedesca-e-autorita.jpeg\",\"datePublished\":\"2026-02-08T17:16:13+00:00\",\"breadcrumb\":{\"@id\":\"https:\\\/\\\/www.bellunopress.it\\\/2026\\\/02\\\/08\\\/olimpiadi-un-weekend-da-incorniciare-padrin-giornata-memorabile-per-le-nostre-dolomiti\\\/#breadcrumb\"},\"inLanguage\":\"fr-FR\",\"potentialAction\":[{\"@type\":\"ReadAction\",\"target\":[\"https:\\\/\\\/www.bellunopress.it\\\/2026\\\/02\\\/08\\\/olimpiadi-un-weekend-da-incorniciare-padrin-giornata-memorabile-per-le-nostre-dolomiti\\\/\"]}]},{\"@type\":\"ImageObject\",\"inLanguage\":\"fr-FR\",\"@id\":\"https:\\\/\\\/www.bellunopress.it\\\/2026\\\/02\\\/08\\\/olimpiadi-un-weekend-da-incorniciare-padrin-giornata-memorabile-per-le-nostre-dolomiti\\\/#primaryimage\",\"url\":\"https:\\\/\\\/www.bellunopress.it\\\/wp-content\\\/uploads\\\/2026\\\/02\\\/Padrin-con-il-presid-repubblica-tedesca-e-autorita.jpeg\",\"contentUrl\":\"https:\\\/\\\/www.bellunopress.it\\\/wp-content\\\/uploads\\\/2026\\\/02\\\/Padrin-con-il-presid-repubblica-tedesca-e-autorita.jpeg\",\"width\":600,\"height\":450,\"caption\":\"Il presidente della Repubblica tedesca a Cortina con le autorit\u00e0\"},{\"@type\":\"BreadcrumbList\",\"@id\":\"https:\\\/\\\/www.bellunopress.it\\\/2026\\\/02\\\/08\\\/olimpiadi-un-weekend-da-incorniciare-padrin-giornata-memorabile-per-le-nostre-dolomiti\\\/#breadcrumb\",\"itemListElement\":[{\"@type\":\"ListItem\",\"position\":1,\"name\":\"Home\",\"item\":\"https:\\\/\\\/www.bellunopress.it\\\/\"},{\"@type\":\"ListItem\",\"position\":2,\"name\":\"Olimpiadi. Un weekend da incorniciare. Padrin: \u00abGiornata memorabile per le nostre Dolomiti\u00bb\"}]},{\"@type\":\"WebSite\",\"@id\":\"https:\\\/\\\/www.bellunopress.it\\\/#website\",\"url\":\"https:\\\/\\\/www.bellunopress.it\\\/\",\"name\":\"Bellunopress - Dolomiti\",\"description\":\"e-mail: redazione@bellunopress.it\",\"publisher\":{\"@id\":\"https:\\\/\\\/www.bellunopress.it\\\/#organization\"},\"potentialAction\":[{\"@type\":\"SearchAction\",\"target\":{\"@type\":\"EntryPoint\",\"urlTemplate\":\"https:\\\/\\\/www.bellunopress.it\\\/?s={search_term_string}\"},\"query-input\":{\"@type\":\"PropertyValueSpecification\",\"valueRequired\":true,\"valueName\":\"search_term_string\"}}],\"inLanguage\":\"fr-FR\"},{\"@type\":\"Organization\",\"@id\":\"https:\\\/\\\/www.bellunopress.it\\\/#organization\",\"name\":\"Bellunopress\",\"url\":\"https:\\\/\\\/www.bellunopress.it\\\/\",\"logo\":{\"@type\":\"ImageObject\",\"inLanguage\":\"fr-FR\",\"@id\":\"https:\\\/\\\/www.bellunopress.it\\\/#\\\/schema\\\/logo\\\/image\\\/\",\"url\":\"https:\\\/\\\/www.bellunopress.it\\\/wp-content\\\/uploads\\\/2011\\\/05\\\/cropped-logo-bellunopress-.jpg\",\"contentUrl\":\"https:\\\/\\\/www.bellunopress.it\\\/wp-content\\\/uploads\\\/2011\\\/05\\\/cropped-logo-bellunopress-.jpg\",\"width\":512,\"height\":512,\"caption\":\"Bellunopress\"},\"image\":{\"@id\":\"https:\\\/\\\/www.bellunopress.it\\\/#\\\/schema\\\/logo\\\/image\\\/\"},\"sameAs\":[\"https:\\\/\\\/www.facebook.com\\\/profile.php?id=100008943462799\",\"https:\\\/\\\/x.com\\\/bellunopress\",\"https:\\\/\\\/www.linkedin.com\\\/hp\\\/?dnr=JBzUWaJfMUw8vbXJJ2tVW5-I3jZKvC4wsoxE&amp;amp;amp;amp;amp;amp;trk=nav_responsive_tab_home\",\"https:\\\/\\\/www.youtube.com\\\/channel\\\/UCxL0wu1uN0_3_7hGG0306cw\"]},{\"@type\":\"Person\",\"@id\":\"https:\\\/\\\/www.bellunopress.it\\\/#\\\/schema\\\/person\\\/79bb06722b37ece1c03d3e94beb30d73\",\"name\":\"redazione\",\"image\":{\"@type\":\"ImageObject\",\"inLanguage\":\"fr-FR\",\"@id\":\"https:\\\/\\\/secure.gravatar.com\\\/avatar\\\/37d968a2e67a6fd04c169c4bdef102d0bc5d31b2546345219e348575eb80e9a0?s=96&d=mm&r=g\",\"url\":\"https:\\\/\\\/secure.gravatar.com\\\/avatar\\\/37d968a2e67a6fd04c169c4bdef102d0bc5d31b2546345219e348575eb80e9a0?s=96&d=mm&r=g\",\"contentUrl\":\"https:\\\/\\\/secure.gravatar.com\\\/avatar\\\/37d968a2e67a6fd04c169c4bdef102d0bc5d31b2546345219e348575eb80e9a0?s=96&d=mm&r=g\",\"caption\":\"redazione\"},\"sameAs\":[\"http:\\\/\\\/www.bellunopress.it\",\"https:\\\/\\\/x.com\\\/bellunopress\"],\"url\":\"https:\\\/\\\/www.bellunopress.it\\\/fr\\\/author\\\/redazione\\\/\"}]}<\/script>\n<!-- \/ Yoast SEO plugin. -->","yoast_head_json":{"title":"Olimpiadi. Un weekend da incorniciare. Padrin: \u00abGiornata memorabile per le nostre Dolomiti\u00bb - Bellunopress - Dolomiti","robots":{"index":"index","follow":"follow","max-snippet":"max-snippet:-1","max-image-preview":"max-image-preview:large","max-video-preview":"max-video-preview:-1"},"canonical":"https:\/\/www.bellunopress.it\/fr\/2026\/02\/08\/olimpiadi-un-weekend-da-incorniciare-padrin-giornata-memorabile-per-le-nostre-dolomiti\/","og_locale":"fr_FR","og_type":"article","og_title":"Olimpiadi. Un weekend da incorniciare. Padrin: \u00abGiornata memorabile per le nostre Dolomiti\u00bb - Bellunopress - Dolomiti","og_description":"Cortina d&#8217;Ampezzo, 08\/02\/2026 \u2013 Non \u00e8 solo una questione di medaglie, \u00e8 una questione di identit\u00e0. Il primo weekend delle Olimpiadi di Milano Cortina 2026 si chiude con un bilancio trionfale per la provincia di Belluno, capace di piazzare i propri talenti sui podi pi\u00f9 prestigiosi, dalla neve di casa delle Tofane alle piste di [&hellip;]","og_url":"https:\/\/www.bellunopress.it\/fr\/2026\/02\/08\/olimpiadi-un-weekend-da-incorniciare-padrin-giornata-memorabile-per-le-nostre-dolomiti\/","og_site_name":"Bellunopress - Dolomiti","article_publisher":"https:\/\/www.facebook.com\/profile.php?id=100008943462799","article_published_time":"2026-02-08T17:16:13+00:00","og_image":[{"width":600,"height":450,"url":"https:\/\/www.bellunopress.it\/wp-content\/uploads\/2026\/02\/Padrin-con-il-presid-repubblica-tedesca-e-autorita.jpeg","type":"image\/jpeg"}],"author":"redazione","twitter_card":"summary_large_image","twitter_creator":"@bellunopress","twitter_site":"@bellunopress","twitter_misc":{"\u00c9crit par":"redazione","Dur\u00e9e de lecture estim\u00e9e":"2 minutes"},"schema":{"@context":"https:\/\/schema.org","@graph":[{"@type":"Article","@id":"https:\/\/www.bellunopress.it\/2026\/02\/08\/olimpiadi-un-weekend-da-incorniciare-padrin-giornata-memorabile-per-le-nostre-dolomiti\/#article","isPartOf":{"@id":"https:\/\/www.bellunopress.it\/2026\/02\/08\/olimpiadi-un-weekend-da-incorniciare-padrin-giornata-memorabile-per-le-nostre-dolomiti\/"},"author":{"name":"redazione","@id":"https:\/\/www.bellunopress.it\/#\/schema\/person\/79bb06722b37ece1c03d3e94beb30d73"},"headline":"Olimpiadi. Un weekend da incorniciare. Padrin: \u00abGiornata memorabile per le nostre Dolomiti\u00bb","datePublished":"2026-02-08T17:16:13+00:00","mainEntityOfPage":{"@id":"https:\/\/www.bellunopress.it\/2026\/02\/08\/olimpiadi-un-weekend-da-incorniciare-padrin-giornata-memorabile-per-le-nostre-dolomiti\/"},"wordCount":417,"publisher":{"@id":"https:\/\/www.bellunopress.it\/#organization"},"image":{"@id":"https:\/\/www.bellunopress.it\/2026\/02\/08\/olimpiadi-un-weekend-da-incorniciare-padrin-giornata-memorabile-per-le-nostre-dolomiti\/#primaryimage"},"thumbnailUrl":"https:\/\/www.bellunopress.it\/wp-content\/uploads\/2026\/02\/Padrin-con-il-presid-repubblica-tedesca-e-autorita.jpeg","articleSection":["Prima Pagina"],"inLanguage":"fr-FR"},{"@type":"WebPage","@id":"https:\/\/www.bellunopress.it\/2026\/02\/08\/olimpiadi-un-weekend-da-incorniciare-padrin-giornata-memorabile-per-le-nostre-dolomiti\/","url":"https:\/\/www.bellunopress.it\/2026\/02\/08\/olimpiadi-un-weekend-da-incorniciare-padrin-giornata-memorabile-per-le-nostre-dolomiti\/","name":"Olimpiadi. Un weekend da incorniciare. Padrin: \u00abGiornata memorabile per le nostre Dolomiti\u00bb - Bellunopress - Dolomiti","isPartOf":{"@id":"https:\/\/www.bellunopress.it\/#website"},"primaryImageOfPage":{"@id":"https:\/\/www.bellunopress.it\/2026\/02\/08\/olimpiadi-un-weekend-da-incorniciare-padrin-giornata-memorabile-per-le-nostre-dolomiti\/#primaryimage"},"image":{"@id":"https:\/\/www.bellunopress.it\/2026\/02\/08\/olimpiadi-un-weekend-da-incorniciare-padrin-giornata-memorabile-per-le-nostre-dolomiti\/#primaryimage"},"thumbnailUrl":"https:\/\/www.bellunopress.it\/wp-content\/uploads\/2026\/02\/Padrin-con-il-presid-repubblica-tedesca-e-autorita.jpeg","datePublished":"2026-02-08T17:16:13+00:00","breadcrumb":{"@id":"https:\/\/www.bellunopress.it\/2026\/02\/08\/olimpiadi-un-weekend-da-incorniciare-padrin-giornata-memorabile-per-le-nostre-dolomiti\/#breadcrumb"},"inLanguage":"fr-FR","potentialAction":[{"@type":"ReadAction","target":["https:\/\/www.bellunopress.it\/2026\/02\/08\/olimpiadi-un-weekend-da-incorniciare-padrin-giornata-memorabile-per-le-nostre-dolomiti\/"]}]},{"@type":"ImageObject","inLanguage":"fr-FR","@id":"https:\/\/www.bellunopress.it\/2026\/02\/08\/olimpiadi-un-weekend-da-incorniciare-padrin-giornata-memorabile-per-le-nostre-dolomiti\/#primaryimage","url":"https:\/\/www.bellunopress.it\/wp-content\/uploads\/2026\/02\/Padrin-con-il-presid-repubblica-tedesca-e-autorita.jpeg","contentUrl":"https:\/\/www.bellunopress.it\/wp-content\/uploads\/2026\/02\/Padrin-con-il-presid-repubblica-tedesca-e-autorita.jpeg","width":600,"height":450,"caption":"Il presidente della Repubblica tedesca a Cortina con le autorit\u00e0"},{"@type":"BreadcrumbList","@id":"https:\/\/www.bellunopress.it\/2026\/02\/08\/olimpiadi-un-weekend-da-incorniciare-padrin-giornata-memorabile-per-le-nostre-dolomiti\/#breadcrumb","itemListElement":[{"@type":"ListItem","position":1,"name":"Home","item":"https:\/\/www.bellunopress.it\/"},{"@type":"ListItem","position":2,"name":"Olimpiadi. Un weekend da incorniciare. Padrin: \u00abGiornata memorabile per le nostre Dolomiti\u00bb"}]},{"@type":"WebSite","@id":"https:\/\/www.bellunopress.it\/#website","url":"https:\/\/www.bellunopress.it\/","name":"Bellunopress - Dolomiti","description":"e-mail: redazione@bellunopress.it","publisher":{"@id":"https:\/\/www.bellunopress.it\/#organization"},"potentialAction":[{"@type":"SearchAction","target":{"@type":"EntryPoint","urlTemplate":"https:\/\/www.bellunopress.it\/?s={search_term_string}"},"query-input":{"@type":"PropertyValueSpecification","valueRequired":true,"valueName":"search_term_string"}}],"inLanguage":"fr-FR"},{"@type":"Organization","@id":"https:\/\/www.bellunopress.it\/#organization","name":"Bellunopress","url":"https:\/\/www.bellunopress.it\/","logo":{"@type":"ImageObject","inLanguage":"fr-FR","@id":"https:\/\/www.bellunopress.it\/#\/schema\/logo\/image\/","url":"https:\/\/www.bellunopress.it\/wp-content\/uploads\/2011\/05\/cropped-logo-bellunopress-.jpg","contentUrl":"https:\/\/www.bellunopress.it\/wp-content\/uploads\/2011\/05\/cropped-logo-bellunopress-.jpg","width":512,"height":512,"caption":"Bellunopress"},"image":{"@id":"https:\/\/www.bellunopress.it\/#\/schema\/logo\/image\/"},"sameAs":["https:\/\/www.facebook.com\/profile.php?id=100008943462799","https:\/\/x.com\/bellunopress","https:\/\/www.linkedin.com\/hp\/?dnr=JBzUWaJfMUw8vbXJJ2tVW5-I3jZKvC4wsoxE&amp;amp;amp;amp;amp;amp;trk=nav_responsive_tab_home","https:\/\/www.youtube.com\/channel\/UCxL0wu1uN0_3_7hGG0306cw"]},{"@type":"Person","@id":"https:\/\/www.bellunopress.it\/#\/schema\/person\/79bb06722b37ece1c03d3e94beb30d73","name":"r\u00e9daction","image":{"@type":"ImageObject","inLanguage":"fr-FR","@id":"https:\/\/secure.gravatar.com\/avatar\/37d968a2e67a6fd04c169c4bdef102d0bc5d31b2546345219e348575eb80e9a0?s=96&d=mm&r=g","url":"https:\/\/secure.gravatar.com\/avatar\/37d968a2e67a6fd04c169c4bdef102d0bc5d31b2546345219e348575eb80e9a0?s=96&d=mm&r=g","contentUrl":"https:\/\/secure.gravatar.com\/avatar\/37d968a2e67a6fd04c169c4bdef102d0bc5d31b2546345219e348575eb80e9a0?s=96&d=mm&r=g","caption":"redazione"},"sameAs":["http:\/\/www.bellunopress.it","https:\/\/x.com\/bellunopress"],"url":"https:\/\/www.bellunopress.it\/fr\/author\/redazione\/"}]}},"_links":{"self":[{"href":"https:\/\/www.bellunopress.it\/fr\/wp-json\/wp\/v2\/posts\/167274","targetHints":{"allow":["GET"]}}],"collection":[{"href":"https:\/\/www.bellunopress.it\/fr\/wp-json\/wp\/v2\/posts"}],"about":[{"href":"https:\/\/www.bellunopress.it\/fr\/wp-json\/wp\/v2\/types\/post"}],"author":[{"embeddable":true,"href":"https:\/\/www.bellunopress.it\/fr\/wp-json\/wp\/v2\/users\/2"}],"replies":[{"embeddable":true,"href":"https:\/\/www.bellunopress.it\/fr\/wp-json\/wp\/v2\/comments?post=167274"}],"version-history":[{"count":1,"href":"https:\/\/www.bellunopress.it\/fr\/wp-json\/wp\/v2\/posts\/167274\/revisions"}],"predecessor-version":[{"id":167276,"href":"https:\/\/www.bellunopress.it\/fr\/wp-json\/wp\/v2\/posts\/167274\/revisions\/167276"}],"wp:featuredmedia":[{"embeddable":true,"href":"https:\/\/www.bellunopress.it\/fr\/wp-json\/wp\/v2\/media\/167275"}],"wp:attachment":[{"href":"https:\/\/www.bellunopress.it\/fr\/wp-json\/wp\/v2\/media?parent=167274"}],"wp:term":[{"taxonomy":"category","embeddable":true,"href":"https:\/\/www.bellunopress.it\/fr\/wp-json\/wp\/v2\/categories?post=167274"},{"taxonomy":"post_tag","embeddable":true,"href":"https:\/\/www.bellunopress.it\/fr\/wp-json\/wp\/v2\/tags?post=167274"}],"curies":[{"name":"wp","href":"https:\/\/api.w.org\/{rel}","templated":true}]}}