{"id":167272,"date":"2026-02-08T18:05:37","date_gmt":"2026-02-08T17:05:37","guid":{"rendered":"https:\/\/www.bellunopress.it\/?p=167272"},"modified":"2026-02-08T18:05:37","modified_gmt":"2026-02-08T17:05:37","slug":"olimpiadi-cortina-2026-bortoluzzi-il-piano-trasporti-supera-lesame-del-debutto-elogi-anche-dal-cio","status":"publish","type":"post","link":"https:\/\/www.bellunopress.it\/fr\/2026\/02\/08\/olimpiadi-cortina-2026-bortoluzzi-il-piano-trasporti-supera-lesame-del-debutto-elogi-anche-dal-cio\/","title":{"rendered":"Olimpiadi Cortina 2026: Bortoluzzi: il piano trasporti supera l&#8217;esame del debutto. Elogi anche dal CIO"},"content":{"rendered":"<p>Cortina d&#8217;Ampezzo, 08\/02\/2026 \u2013 La grande macchina olimpica ha acceso i motori e, per quanto riguarda la logistica, il primo bilancio \u00e8 decisamente positivo. In occasione della giornata inaugurale della discesa libera femminile sulle Tofane, il sistema di trasporto pubblico predisposto per l&#8217;evento ha affrontato il suo primo vero banco di prova, superandolo con successo.<\/p>\n<p>Soddisfazione espressa direttamente da Massimo Bortoluzzi, consigliere provinciale con delega ai Trasporti, che ha seguito da vicino le operazioni sul campo.<\/p>\n<p>Il piano, frutto della collaborazione tra la Provincia di Belluno e Dolomiti Bus, ha dimostrato di poter gestire i grandi volumi di spettatori diretti verso i campi di gara. Non \u00e8 passato inosservato, inoltre, un feedback di peso: secondo quanto riferito da Bortoluzzi, anche il Comitato Olimpico Internazionale (CIO) avrebbe espresso, in via informale, parole di apprezzamento per l&#8217;efficienza organizzativa.<\/p>\n<p>&#8220;\u00c8 un motivo d&#8217;orgoglio per tutti noi \u2013 ha dichiarato il consigliere \u2013 vedere che il lavoro di pianificazione si sta traducendo in un servizio all&#8217;altezza di un evento mondiale.&#8221;<\/p>\n<p>Uno dei punti pi\u00f9 critici della giornata riguardava la gestione dei flussi verso l&#8217;area di gara, resa pi\u00f9 complessa dall&#8217;assenza di un impianto di risalita inizialmente previsto nel progetto originario.<\/p>\n<p>La soluzione adottata ha per\u00f2 funzionato:<\/p>\n<p>5 mezzi in rotazione costante tra Crignes e l\u2019area sottostante gli impianti di Ista (ex Meloncino).<\/p>\n<p>Puntualit\u00e0 garantita, gli spettatori hanno raggiunto l&#8217;area delle Tofane senza ritardi significativi.<\/p>\n<p>Nonostante il successo generale, il monitoraggio costante ha evidenziato un&#8217;unica vera criticit\u00e0: la linea 30 &#8220;Calalzo-Cortina&#8221;. Il collegamento, fondamentale per chi arriva da sud e da nord, ha registrato un carico di passeggeri molto elevato.<\/p>\n<p>Bortoluzzi ha assicurato che la situazione \u00e8 gi\u00e0 al vaglio dei tecnici:<\/p>\n<p>&#8220;Valuteremo nelle prossime ore se rafforzare il servizio con corse bis. L&#8217;obiettivo \u00e8 mantenere alta la qualit\u00e0 e minimizzare i disagi, reagendo prontamente alle fluttuazioni dell&#8217;affluenza.&#8221;<\/p>\n<p>Il dato politico e sociale pi\u00f9 rilevante resta la progressiva riduzione del traffico privato a favore di quello collettivo, uno dei pilastri della visione olimpica &#8220;green&#8221;. Il piano traffico sembra aver centrato l&#8217;obiettivo, convincendo turisti e appassionati a lasciare l&#8217;auto per affidarsi ai bus.<\/p>\n<p>Il lavoro di squadra tra enti locali e operatori del trasporto prosegue: la vigilanza resta alta per i prossimi giorni di gare, ma il &#8220;test del fuoco&#8221; di oggi conferma che la direzione intrapresa \u00e8 quella corretta.<\/p>","protected":false},"excerpt":{"rendered":"<p>Cortina d&#8217;Ampezzo, 08\/02\/2026 \u2013 La grande macchina olimpica ha acceso i motori e, per quanto riguarda la logistica, il primo bilancio \u00e8 decisamente positivo. In occasione della giornata inaugurale della discesa libera femminile sulle Tofane, il sistema di trasporto pubblico predisposto per l&#8217;evento ha affrontato il suo primo vero banco di prova, superandolo con successo. [&hellip;]<\/p>\n","protected":false},"author":2,"featured_media":152663,"comment_status":"closed","ping_status":"open","sticky":false,"template":"","format":"standard","meta":{"footnotes":""},"categories":[5],"tags":[],"class_list":["post-167272","post","type-post","status-publish","format-standard","has-post-thumbnail","category-cronaca"],"yoast_head":"<!-- This site is optimized with the Yoast SEO plugin v28.4 - https:\/\/yoast.com\/product\/yoast-seo-wordpress\/ -->\n<title>Olimpiadi Cortina 2026: Bortoluzzi: il piano trasporti supera l&#039;esame del debutto. Elogi anche dal CIO - Bellunopress - Dolomiti<\/title>\n<meta name=\"robots\" content=\"index, follow, max-snippet:-1, max-image-preview:large, max-video-preview:-1\" \/>\n<link rel=\"canonical\" href=\"https:\/\/www.bellunopress.it\/fr\/2026\/02\/08\/olimpiadi-cortina-2026-bortoluzzi-il-piano-trasporti-supera-lesame-del-debutto-elogi-anche-dal-cio\/\" \/>\n<meta property=\"og:locale\" content=\"fr_FR\" \/>\n<meta property=\"og:type\" content=\"article\" \/>\n<meta property=\"og:title\" content=\"Olimpiadi Cortina 2026: Bortoluzzi: il piano trasporti supera l&#039;esame del debutto. Elogi anche dal CIO - Bellunopress - Dolomiti\" \/>\n<meta property=\"og:description\" content=\"Cortina d&#8217;Ampezzo, 08\/02\/2026 \u2013 La grande macchina olimpica ha acceso i motori e, per quanto riguarda la logistica, il primo bilancio \u00e8 decisamente positivo. In occasione della giornata inaugurale della discesa libera femminile sulle Tofane, il sistema di trasporto pubblico predisposto per l&#8217;evento ha affrontato il suo primo vero banco di prova, superandolo con successo. [&hellip;]\" \/>\n<meta property=\"og:url\" content=\"https:\/\/www.bellunopress.it\/fr\/2026\/02\/08\/olimpiadi-cortina-2026-bortoluzzi-il-piano-trasporti-supera-lesame-del-debutto-elogi-anche-dal-cio\/\" \/>\n<meta property=\"og:site_name\" content=\"Bellunopress - Dolomiti\" \/>\n<meta property=\"article:publisher\" content=\"https:\/\/www.facebook.com\/profile.php?id=100008943462799\" \/>\n<meta property=\"article:published_time\" content=\"2026-02-08T17:05:37+00:00\" \/>\n<meta property=\"og:image\" content=\"https:\/\/www.bellunopress.it\/wp-content\/uploads\/2024\/07\/Massimo-Bortoluzzi-consigloiere-provinciale.jpg\" \/>\n\t<meta property=\"og:image:width\" content=\"643\" \/>\n\t<meta property=\"og:image:height\" content=\"491\" \/>\n\t<meta property=\"og:image:type\" content=\"image\/jpeg\" \/>\n<meta name=\"author\" content=\"redazione\" \/>\n<meta name=\"twitter:card\" content=\"summary_large_image\" \/>\n<meta name=\"twitter:creator\" content=\"@bellunopress\" \/>\n<meta name=\"twitter:site\" content=\"@bellunopress\" \/>\n<meta name=\"twitter:label1\" content=\"\u00c9crit par\" \/>\n\t<meta name=\"twitter:data1\" content=\"redazione\" \/>\n\t<meta name=\"twitter:label2\" content=\"Dur\u00e9e de lecture estim\u00e9e\" \/>\n\t<meta name=\"twitter:data2\" content=\"2 minutes\" \/>\n<script type=\"application\/ld+json\" class=\"yoast-schema-graph\">{\"@context\":\"https:\\\/\\\/schema.org\",\"@graph\":[{\"@type\":\"Article\",\"@id\":\"https:\\\/\\\/www.bellunopress.it\\\/2026\\\/02\\\/08\\\/olimpiadi-cortina-2026-bortoluzzi-il-piano-trasporti-supera-lesame-del-debutto-elogi-anche-dal-cio\\\/#article\",\"isPartOf\":{\"@id\":\"https:\\\/\\\/www.bellunopress.it\\\/2026\\\/02\\\/08\\\/olimpiadi-cortina-2026-bortoluzzi-il-piano-trasporti-supera-lesame-del-debutto-elogi-anche-dal-cio\\\/\"},\"author\":{\"name\":\"redazione\",\"@id\":\"https:\\\/\\\/www.bellunopress.it\\\/#\\\/schema\\\/person\\\/79bb06722b37ece1c03d3e94beb30d73\"},\"headline\":\"Olimpiadi Cortina 2026: Bortoluzzi: il piano trasporti supera l&#8217;esame del debutto. Elogi anche dal CIO\",\"datePublished\":\"2026-02-08T17:05:37+00:00\",\"mainEntityOfPage\":{\"@id\":\"https:\\\/\\\/www.bellunopress.it\\\/2026\\\/02\\\/08\\\/olimpiadi-cortina-2026-bortoluzzi-il-piano-trasporti-supera-lesame-del-debutto-elogi-anche-dal-cio\\\/\"},\"wordCount\":401,\"publisher\":{\"@id\":\"https:\\\/\\\/www.bellunopress.it\\\/#organization\"},\"image\":{\"@id\":\"https:\\\/\\\/www.bellunopress.it\\\/2026\\\/02\\\/08\\\/olimpiadi-cortina-2026-bortoluzzi-il-piano-trasporti-supera-lesame-del-debutto-elogi-anche-dal-cio\\\/#primaryimage\"},\"thumbnailUrl\":\"https:\\\/\\\/www.bellunopress.it\\\/wp-content\\\/uploads\\\/2024\\\/07\\\/Massimo-Bortoluzzi-consigloiere-provinciale.jpg\",\"articleSection\":[\"Cronaca\\\/Politica\"],\"inLanguage\":\"fr-FR\"},{\"@type\":\"WebPage\",\"@id\":\"https:\\\/\\\/www.bellunopress.it\\\/2026\\\/02\\\/08\\\/olimpiadi-cortina-2026-bortoluzzi-il-piano-trasporti-supera-lesame-del-debutto-elogi-anche-dal-cio\\\/\",\"url\":\"https:\\\/\\\/www.bellunopress.it\\\/2026\\\/02\\\/08\\\/olimpiadi-cortina-2026-bortoluzzi-il-piano-trasporti-supera-lesame-del-debutto-elogi-anche-dal-cio\\\/\",\"name\":\"Olimpiadi Cortina 2026: Bortoluzzi: il piano trasporti supera l'esame del debutto. Elogi anche dal CIO - Bellunopress - Dolomiti\",\"isPartOf\":{\"@id\":\"https:\\\/\\\/www.bellunopress.it\\\/#website\"},\"primaryImageOfPage\":{\"@id\":\"https:\\\/\\\/www.bellunopress.it\\\/2026\\\/02\\\/08\\\/olimpiadi-cortina-2026-bortoluzzi-il-piano-trasporti-supera-lesame-del-debutto-elogi-anche-dal-cio\\\/#primaryimage\"},\"image\":{\"@id\":\"https:\\\/\\\/www.bellunopress.it\\\/2026\\\/02\\\/08\\\/olimpiadi-cortina-2026-bortoluzzi-il-piano-trasporti-supera-lesame-del-debutto-elogi-anche-dal-cio\\\/#primaryimage\"},\"thumbnailUrl\":\"https:\\\/\\\/www.bellunopress.it\\\/wp-content\\\/uploads\\\/2024\\\/07\\\/Massimo-Bortoluzzi-consigloiere-provinciale.jpg\",\"datePublished\":\"2026-02-08T17:05:37+00:00\",\"breadcrumb\":{\"@id\":\"https:\\\/\\\/www.bellunopress.it\\\/2026\\\/02\\\/08\\\/olimpiadi-cortina-2026-bortoluzzi-il-piano-trasporti-supera-lesame-del-debutto-elogi-anche-dal-cio\\\/#breadcrumb\"},\"inLanguage\":\"fr-FR\",\"potentialAction\":[{\"@type\":\"ReadAction\",\"target\":[\"https:\\\/\\\/www.bellunopress.it\\\/2026\\\/02\\\/08\\\/olimpiadi-cortina-2026-bortoluzzi-il-piano-trasporti-supera-lesame-del-debutto-elogi-anche-dal-cio\\\/\"]}]},{\"@type\":\"ImageObject\",\"inLanguage\":\"fr-FR\",\"@id\":\"https:\\\/\\\/www.bellunopress.it\\\/2026\\\/02\\\/08\\\/olimpiadi-cortina-2026-bortoluzzi-il-piano-trasporti-supera-lesame-del-debutto-elogi-anche-dal-cio\\\/#primaryimage\",\"url\":\"https:\\\/\\\/www.bellunopress.it\\\/wp-content\\\/uploads\\\/2024\\\/07\\\/Massimo-Bortoluzzi-consigloiere-provinciale.jpg\",\"contentUrl\":\"https:\\\/\\\/www.bellunopress.it\\\/wp-content\\\/uploads\\\/2024\\\/07\\\/Massimo-Bortoluzzi-consigloiere-provinciale.jpg\",\"width\":643,\"height\":491,\"caption\":\"Massimo Bortoluzzi, gi\u00e0 consigliere provinciale delegato al Demanio idrico e Trasporti, Protezione civile e Difesa del suolo\"},{\"@type\":\"BreadcrumbList\",\"@id\":\"https:\\\/\\\/www.bellunopress.it\\\/2026\\\/02\\\/08\\\/olimpiadi-cortina-2026-bortoluzzi-il-piano-trasporti-supera-lesame-del-debutto-elogi-anche-dal-cio\\\/#breadcrumb\",\"itemListElement\":[{\"@type\":\"ListItem\",\"position\":1,\"name\":\"Home\",\"item\":\"https:\\\/\\\/www.bellunopress.it\\\/\"},{\"@type\":\"ListItem\",\"position\":2,\"name\":\"Olimpiadi Cortina 2026: Bortoluzzi: il piano trasporti supera l&#8217;esame del debutto. Elogi anche dal CIO\"}]},{\"@type\":\"WebSite\",\"@id\":\"https:\\\/\\\/www.bellunopress.it\\\/#website\",\"url\":\"https:\\\/\\\/www.bellunopress.it\\\/\",\"name\":\"Bellunopress - Dolomiti\",\"description\":\"e-mail: redazione@bellunopress.it\",\"publisher\":{\"@id\":\"https:\\\/\\\/www.bellunopress.it\\\/#organization\"},\"potentialAction\":[{\"@type\":\"SearchAction\",\"target\":{\"@type\":\"EntryPoint\",\"urlTemplate\":\"https:\\\/\\\/www.bellunopress.it\\\/?s={search_term_string}\"},\"query-input\":{\"@type\":\"PropertyValueSpecification\",\"valueRequired\":true,\"valueName\":\"search_term_string\"}}],\"inLanguage\":\"fr-FR\"},{\"@type\":\"Organization\",\"@id\":\"https:\\\/\\\/www.bellunopress.it\\\/#organization\",\"name\":\"Bellunopress\",\"url\":\"https:\\\/\\\/www.bellunopress.it\\\/\",\"logo\":{\"@type\":\"ImageObject\",\"inLanguage\":\"fr-FR\",\"@id\":\"https:\\\/\\\/www.bellunopress.it\\\/#\\\/schema\\\/logo\\\/image\\\/\",\"url\":\"https:\\\/\\\/www.bellunopress.it\\\/wp-content\\\/uploads\\\/2011\\\/05\\\/cropped-logo-bellunopress-.jpg\",\"contentUrl\":\"https:\\\/\\\/www.bellunopress.it\\\/wp-content\\\/uploads\\\/2011\\\/05\\\/cropped-logo-bellunopress-.jpg\",\"width\":512,\"height\":512,\"caption\":\"Bellunopress\"},\"image\":{\"@id\":\"https:\\\/\\\/www.bellunopress.it\\\/#\\\/schema\\\/logo\\\/image\\\/\"},\"sameAs\":[\"https:\\\/\\\/www.facebook.com\\\/profile.php?id=100008943462799\",\"https:\\\/\\\/x.com\\\/bellunopress\",\"https:\\\/\\\/www.linkedin.com\\\/hp\\\/?dnr=JBzUWaJfMUw8vbXJJ2tVW5-I3jZKvC4wsoxE&amp;amp;amp;amp;amp;amp;trk=nav_responsive_tab_home\",\"https:\\\/\\\/www.youtube.com\\\/channel\\\/UCxL0wu1uN0_3_7hGG0306cw\"]},{\"@type\":\"Person\",\"@id\":\"https:\\\/\\\/www.bellunopress.it\\\/#\\\/schema\\\/person\\\/79bb06722b37ece1c03d3e94beb30d73\",\"name\":\"redazione\",\"image\":{\"@type\":\"ImageObject\",\"inLanguage\":\"fr-FR\",\"@id\":\"https:\\\/\\\/secure.gravatar.com\\\/avatar\\\/37d968a2e67a6fd04c169c4bdef102d0bc5d31b2546345219e348575eb80e9a0?s=96&d=mm&r=g\",\"url\":\"https:\\\/\\\/secure.gravatar.com\\\/avatar\\\/37d968a2e67a6fd04c169c4bdef102d0bc5d31b2546345219e348575eb80e9a0?s=96&d=mm&r=g\",\"contentUrl\":\"https:\\\/\\\/secure.gravatar.com\\\/avatar\\\/37d968a2e67a6fd04c169c4bdef102d0bc5d31b2546345219e348575eb80e9a0?s=96&d=mm&r=g\",\"caption\":\"redazione\"},\"sameAs\":[\"http:\\\/\\\/www.bellunopress.it\",\"https:\\\/\\\/x.com\\\/bellunopress\"],\"url\":\"https:\\\/\\\/www.bellunopress.it\\\/fr\\\/author\\\/redazione\\\/\"}]}<\/script>\n<!-- \/ Yoast SEO plugin. -->","yoast_head_json":{"title":"Olimpiadi Cortina 2026: Bortoluzzi: il piano trasporti supera l'esame del debutto. Elogi anche dal CIO - Bellunopress - Dolomiti","robots":{"index":"index","follow":"follow","max-snippet":"max-snippet:-1","max-image-preview":"max-image-preview:large","max-video-preview":"max-video-preview:-1"},"canonical":"https:\/\/www.bellunopress.it\/fr\/2026\/02\/08\/olimpiadi-cortina-2026-bortoluzzi-il-piano-trasporti-supera-lesame-del-debutto-elogi-anche-dal-cio\/","og_locale":"fr_FR","og_type":"article","og_title":"Olimpiadi Cortina 2026: Bortoluzzi: il piano trasporti supera l'esame del debutto. Elogi anche dal CIO - Bellunopress - Dolomiti","og_description":"Cortina d&#8217;Ampezzo, 08\/02\/2026 \u2013 La grande macchina olimpica ha acceso i motori e, per quanto riguarda la logistica, il primo bilancio \u00e8 decisamente positivo. In occasione della giornata inaugurale della discesa libera femminile sulle Tofane, il sistema di trasporto pubblico predisposto per l&#8217;evento ha affrontato il suo primo vero banco di prova, superandolo con successo. [&hellip;]","og_url":"https:\/\/www.bellunopress.it\/fr\/2026\/02\/08\/olimpiadi-cortina-2026-bortoluzzi-il-piano-trasporti-supera-lesame-del-debutto-elogi-anche-dal-cio\/","og_site_name":"Bellunopress - Dolomiti","article_publisher":"https:\/\/www.facebook.com\/profile.php?id=100008943462799","article_published_time":"2026-02-08T17:05:37+00:00","og_image":[{"width":643,"height":491,"url":"https:\/\/www.bellunopress.it\/wp-content\/uploads\/2024\/07\/Massimo-Bortoluzzi-consigloiere-provinciale.jpg","type":"image\/jpeg"}],"author":"redazione","twitter_card":"summary_large_image","twitter_creator":"@bellunopress","twitter_site":"@bellunopress","twitter_misc":{"\u00c9crit par":"redazione","Dur\u00e9e de lecture estim\u00e9e":"2 minutes"},"schema":{"@context":"https:\/\/schema.org","@graph":[{"@type":"Article","@id":"https:\/\/www.bellunopress.it\/2026\/02\/08\/olimpiadi-cortina-2026-bortoluzzi-il-piano-trasporti-supera-lesame-del-debutto-elogi-anche-dal-cio\/#article","isPartOf":{"@id":"https:\/\/www.bellunopress.it\/2026\/02\/08\/olimpiadi-cortina-2026-bortoluzzi-il-piano-trasporti-supera-lesame-del-debutto-elogi-anche-dal-cio\/"},"author":{"name":"redazione","@id":"https:\/\/www.bellunopress.it\/#\/schema\/person\/79bb06722b37ece1c03d3e94beb30d73"},"headline":"Olimpiadi Cortina 2026: Bortoluzzi: il piano trasporti supera l&#8217;esame del debutto. Elogi anche dal CIO","datePublished":"2026-02-08T17:05:37+00:00","mainEntityOfPage":{"@id":"https:\/\/www.bellunopress.it\/2026\/02\/08\/olimpiadi-cortina-2026-bortoluzzi-il-piano-trasporti-supera-lesame-del-debutto-elogi-anche-dal-cio\/"},"wordCount":401,"publisher":{"@id":"https:\/\/www.bellunopress.it\/#organization"},"image":{"@id":"https:\/\/www.bellunopress.it\/2026\/02\/08\/olimpiadi-cortina-2026-bortoluzzi-il-piano-trasporti-supera-lesame-del-debutto-elogi-anche-dal-cio\/#primaryimage"},"thumbnailUrl":"https:\/\/www.bellunopress.it\/wp-content\/uploads\/2024\/07\/Massimo-Bortoluzzi-consigloiere-provinciale.jpg","articleSection":["Cronaca\/Politica"],"inLanguage":"fr-FR"},{"@type":"WebPage","@id":"https:\/\/www.bellunopress.it\/2026\/02\/08\/olimpiadi-cortina-2026-bortoluzzi-il-piano-trasporti-supera-lesame-del-debutto-elogi-anche-dal-cio\/","url":"https:\/\/www.bellunopress.it\/2026\/02\/08\/olimpiadi-cortina-2026-bortoluzzi-il-piano-trasporti-supera-lesame-del-debutto-elogi-anche-dal-cio\/","name":"Olimpiadi Cortina 2026: Bortoluzzi: il piano trasporti supera l'esame del debutto. Elogi anche dal CIO - Bellunopress - Dolomiti","isPartOf":{"@id":"https:\/\/www.bellunopress.it\/#website"},"primaryImageOfPage":{"@id":"https:\/\/www.bellunopress.it\/2026\/02\/08\/olimpiadi-cortina-2026-bortoluzzi-il-piano-trasporti-supera-lesame-del-debutto-elogi-anche-dal-cio\/#primaryimage"},"image":{"@id":"https:\/\/www.bellunopress.it\/2026\/02\/08\/olimpiadi-cortina-2026-bortoluzzi-il-piano-trasporti-supera-lesame-del-debutto-elogi-anche-dal-cio\/#primaryimage"},"thumbnailUrl":"https:\/\/www.bellunopress.it\/wp-content\/uploads\/2024\/07\/Massimo-Bortoluzzi-consigloiere-provinciale.jpg","datePublished":"2026-02-08T17:05:37+00:00","breadcrumb":{"@id":"https:\/\/www.bellunopress.it\/2026\/02\/08\/olimpiadi-cortina-2026-bortoluzzi-il-piano-trasporti-supera-lesame-del-debutto-elogi-anche-dal-cio\/#breadcrumb"},"inLanguage":"fr-FR","potentialAction":[{"@type":"ReadAction","target":["https:\/\/www.bellunopress.it\/2026\/02\/08\/olimpiadi-cortina-2026-bortoluzzi-il-piano-trasporti-supera-lesame-del-debutto-elogi-anche-dal-cio\/"]}]},{"@type":"ImageObject","inLanguage":"fr-FR","@id":"https:\/\/www.bellunopress.it\/2026\/02\/08\/olimpiadi-cortina-2026-bortoluzzi-il-piano-trasporti-supera-lesame-del-debutto-elogi-anche-dal-cio\/#primaryimage","url":"https:\/\/www.bellunopress.it\/wp-content\/uploads\/2024\/07\/Massimo-Bortoluzzi-consigloiere-provinciale.jpg","contentUrl":"https:\/\/www.bellunopress.it\/wp-content\/uploads\/2024\/07\/Massimo-Bortoluzzi-consigloiere-provinciale.jpg","width":643,"height":491,"caption":"Massimo Bortoluzzi, gi\u00e0 consigliere provinciale delegato al Demanio idrico e Trasporti, Protezione civile e Difesa del suolo"},{"@type":"BreadcrumbList","@id":"https:\/\/www.bellunopress.it\/2026\/02\/08\/olimpiadi-cortina-2026-bortoluzzi-il-piano-trasporti-supera-lesame-del-debutto-elogi-anche-dal-cio\/#breadcrumb","itemListElement":[{"@type":"ListItem","position":1,"name":"Home","item":"https:\/\/www.bellunopress.it\/"},{"@type":"ListItem","position":2,"name":"Olimpiadi Cortina 2026: Bortoluzzi: il piano trasporti supera l&#8217;esame del debutto. Elogi anche dal CIO"}]},{"@type":"WebSite","@id":"https:\/\/www.bellunopress.it\/#website","url":"https:\/\/www.bellunopress.it\/","name":"Bellunopress - Dolomiti","description":"e-mail: redazione@bellunopress.it","publisher":{"@id":"https:\/\/www.bellunopress.it\/#organization"},"potentialAction":[{"@type":"SearchAction","target":{"@type":"EntryPoint","urlTemplate":"https:\/\/www.bellunopress.it\/?s={search_term_string}"},"query-input":{"@type":"PropertyValueSpecification","valueRequired":true,"valueName":"search_term_string"}}],"inLanguage":"fr-FR"},{"@type":"Organization","@id":"https:\/\/www.bellunopress.it\/#organization","name":"Bellunopress","url":"https:\/\/www.bellunopress.it\/","logo":{"@type":"ImageObject","inLanguage":"fr-FR","@id":"https:\/\/www.bellunopress.it\/#\/schema\/logo\/image\/","url":"https:\/\/www.bellunopress.it\/wp-content\/uploads\/2011\/05\/cropped-logo-bellunopress-.jpg","contentUrl":"https:\/\/www.bellunopress.it\/wp-content\/uploads\/2011\/05\/cropped-logo-bellunopress-.jpg","width":512,"height":512,"caption":"Bellunopress"},"image":{"@id":"https:\/\/www.bellunopress.it\/#\/schema\/logo\/image\/"},"sameAs":["https:\/\/www.facebook.com\/profile.php?id=100008943462799","https:\/\/x.com\/bellunopress","https:\/\/www.linkedin.com\/hp\/?dnr=JBzUWaJfMUw8vbXJJ2tVW5-I3jZKvC4wsoxE&amp;amp;amp;amp;amp;amp;trk=nav_responsive_tab_home","https:\/\/www.youtube.com\/channel\/UCxL0wu1uN0_3_7hGG0306cw"]},{"@type":"Person","@id":"https:\/\/www.bellunopress.it\/#\/schema\/person\/79bb06722b37ece1c03d3e94beb30d73","name":"r\u00e9daction","image":{"@type":"ImageObject","inLanguage":"fr-FR","@id":"https:\/\/secure.gravatar.com\/avatar\/37d968a2e67a6fd04c169c4bdef102d0bc5d31b2546345219e348575eb80e9a0?s=96&d=mm&r=g","url":"https:\/\/secure.gravatar.com\/avatar\/37d968a2e67a6fd04c169c4bdef102d0bc5d31b2546345219e348575eb80e9a0?s=96&d=mm&r=g","contentUrl":"https:\/\/secure.gravatar.com\/avatar\/37d968a2e67a6fd04c169c4bdef102d0bc5d31b2546345219e348575eb80e9a0?s=96&d=mm&r=g","caption":"redazione"},"sameAs":["http:\/\/www.bellunopress.it","https:\/\/x.com\/bellunopress"],"url":"https:\/\/www.bellunopress.it\/fr\/author\/redazione\/"}]}},"_links":{"self":[{"href":"https:\/\/www.bellunopress.it\/fr\/wp-json\/wp\/v2\/posts\/167272","targetHints":{"allow":["GET"]}}],"collection":[{"href":"https:\/\/www.bellunopress.it\/fr\/wp-json\/wp\/v2\/posts"}],"about":[{"href":"https:\/\/www.bellunopress.it\/fr\/wp-json\/wp\/v2\/types\/post"}],"author":[{"embeddable":true,"href":"https:\/\/www.bellunopress.it\/fr\/wp-json\/wp\/v2\/users\/2"}],"replies":[{"embeddable":true,"href":"https:\/\/www.bellunopress.it\/fr\/wp-json\/wp\/v2\/comments?post=167272"}],"version-history":[{"count":1,"href":"https:\/\/www.bellunopress.it\/fr\/wp-json\/wp\/v2\/posts\/167272\/revisions"}],"predecessor-version":[{"id":167273,"href":"https:\/\/www.bellunopress.it\/fr\/wp-json\/wp\/v2\/posts\/167272\/revisions\/167273"}],"wp:featuredmedia":[{"embeddable":true,"href":"https:\/\/www.bellunopress.it\/fr\/wp-json\/wp\/v2\/media\/152663"}],"wp:attachment":[{"href":"https:\/\/www.bellunopress.it\/fr\/wp-json\/wp\/v2\/media?parent=167272"}],"wp:term":[{"taxonomy":"category","embeddable":true,"href":"https:\/\/www.bellunopress.it\/fr\/wp-json\/wp\/v2\/categories?post=167272"},{"taxonomy":"post_tag","embeddable":true,"href":"https:\/\/www.bellunopress.it\/fr\/wp-json\/wp\/v2\/tags?post=167272"}],"curies":[{"name":"wp","href":"https:\/\/api.w.org\/{rel}","templated":true}]}}