{"id":167257,"date":"2026-02-08T09:38:24","date_gmt":"2026-02-08T08:38:24","guid":{"rendered":"https:\/\/www.bellunopress.it\/?p=167257"},"modified":"2026-02-07T20:45:38","modified_gmt":"2026-02-07T19:45:38","slug":"pedemontana-veneta-szumski-i-veneti-sborseranno-decine-di-milioni-per-decenni","status":"publish","type":"post","link":"https:\/\/www.bellunopress.it\/fr\/2026\/02\/08\/pedemontana-veneta-szumski-i-veneti-sborseranno-decine-di-milioni-per-decenni\/","title":{"rendered":"Pedemontana veneta. Szumski: i veneti sborseranno decine di milioni per decenni"},"content":{"rendered":"<p>&#8220;Lo ammette anche l&#8217;ex assessore Elisa De Berti che, a tornare indietro, la Pedemontana non andava fatta cos\u00ec. Soprattutto non si dovrebbero fare opere dove i privati ci guadagnano e il pubblico sborsa miliardi di euro per generazioni.<\/p>\n<p>LO sostiene il consigliere regionale Riccardo Szumski di &#8220;Resistere Veneto&#8221;.<\/p>\n<p>&#8220;Si realizzano opere &#8220;a debito&#8221; e i cittadini ne faranno le spese per i prossimi 40 anni. Poi si fanno stime che nessuno puo&#8217; controllare sul traffico ipotizzato, ma nella realt\u00e0 si scopre che tutto questo uso della strada non c&#8217;\u00e8. Allora per alzare i numeri si fanno affidi a societ\u00e0 private &#8211; aggiungendo costi a costi &#8211; e si incentivano i transiti, utilizzando altro denaro pubblico o aumentando i pedaggi. Oppure si fanno accrocchi: si pensa di mettere insieme Cav e autostrade e da qui prendere la cassa e utilizzarla per coprire i buchi. Insomma, un coacervo di circoli viziosi e fanfaronate per alimentare la fuffa per i cittadini.<\/p>\n<p>La sostanza \u00e8 che l&#8217;anno scorso per far reggere i conti della Pedemontana ci sono voluti una cinquantina di milioni di euro e quest&#8217;anno, pi\u00f9 o meno, la stessa cifra. Soldi che vengono tolti da altri servizi. Infatti, sull&#8217;altro fronte, la Regione Veneto dall&#8217;anno scorso ha aumentato l&#8217;Irap e uno degli aumenti pi\u00f9 alti (+ 0,65) \u00e8 ricaduto sul farmaceutico. Furbescamente si colpiscono i cittadini pi\u00f9 anziani che devono frequentare pi\u00f9 di altri le farmacie. Aumenti che toccano centinaia di migliaia di aziende venete e quindi prodotti che poi costano di pi\u00f9 a tutti. Poi ci si lamenta se la spesa al supermercato costa sempre di pi\u00f9. Intanto si corre, con i debiti, sulle strade e superstrade.<\/p>\n<p>Ma non basta.<\/p>\n<p>La Regione non stampa denaro e quindi se spende male deve trovare risorse o aumentando le tasse o tagliando servizi e siccome i servizi sono prevalentemente sanitari e sociali si va a tagliare in questi settori. Durante le legislature del Presidente Zaia ci sono state: sospensione\/riduzione delle prestazioni &#8220;extra-LEA (Livelli Essenziali di Assistenza), che includevano interventi specifici per disabili e anziani non autosufficienti. Restrizioni nei criteri di accesso alle Impegnative di Cura Domiciliari (ICD). Nel 2025, ad esempio, i contributi regionali di 400 euro\/mese per anziani non autosufficienti hanno escluso chi ha gi\u00e0 beneficiato del contributo nel 2024 e, in alcuni bandi, sono stati differenziati i requisiti tra assistiti a domicilio e in struttura, con una contrazione della platea beneficiaria. Sono stati messi in discussione o ridimensionati progetti legati alla &#8220;vita indipendente&#8221;. Tagli al telesoccorso e teleassistenza. Aumenti delle rette delle Rsa dove, come nella sanit\u00e0, non si trovano operatori sanitari perch\u00e9 sono sottopagati. Per non parlare di liste d&#8217;attesa sempre pi\u00f9 lunghe.<\/p>\n<p>Non so se le categorie che sostengono questo modo di fare ne traggono vantaggio: penso sempre che con una gestione pi\u00f9 oculata dei fondi pubblici anche loro pagherebbero meno tasse e avrebbero meno burocrazia attorno. Dalle dichiarazioni che leggo sembrano contenti di avere l&#8217;Irap aumentata e una strada &#8220;a debito&#8221;. Ora rischiano anche un aumento dell&#8217;Irap come tutti i veneti. Io, invece &#8211; conclude Szumski &#8211;\u00a0 credo che questo modo di amministrare debba essere completamente ribaltato.&#8221;<\/p>\n<p>&nbsp;<\/p>\n<p>&nbsp;<\/p>","protected":false},"excerpt":{"rendered":"<p>&#8220;Lo ammette anche l&#8217;ex assessore Elisa De Berti che, a tornare indietro, la Pedemontana non andava fatta cos\u00ec. Soprattutto non si dovrebbero fare opere dove i privati ci guadagnano e il pubblico sborsa miliardi di euro per generazioni. LO sostiene il consigliere regionale Riccardo Szumski di &#8220;Resistere Veneto&#8221;. &#8220;Si realizzano opere &#8220;a debito&#8221; e i [&hellip;]<\/p>\n","protected":false},"author":2,"featured_media":166973,"comment_status":"closed","ping_status":"open","sticky":false,"template":"","format":"standard","meta":{"footnotes":""},"categories":[5],"tags":[],"class_list":["post-167257","post","type-post","status-publish","format-standard","has-post-thumbnail","category-cronaca"],"yoast_head":"<!-- This site is optimized with the Yoast SEO plugin v28.4 - https:\/\/yoast.com\/product\/yoast-seo-wordpress\/ -->\n<title>Pedemontana veneta. Szumski: i veneti sborseranno decine di milioni per decenni - Bellunopress - Dolomiti<\/title>\n<meta name=\"robots\" content=\"index, follow, max-snippet:-1, max-image-preview:large, max-video-preview:-1\" \/>\n<link rel=\"canonical\" href=\"https:\/\/www.bellunopress.it\/fr\/2026\/02\/08\/pedemontana-veneta-szumski-i-veneti-sborseranno-decine-di-milioni-per-decenni\/\" \/>\n<meta property=\"og:locale\" content=\"fr_FR\" \/>\n<meta property=\"og:type\" content=\"article\" \/>\n<meta property=\"og:title\" content=\"Pedemontana veneta. Szumski: i veneti sborseranno decine di milioni per decenni - Bellunopress - Dolomiti\" \/>\n<meta property=\"og:description\" content=\"&#8220;Lo ammette anche l&#8217;ex assessore Elisa De Berti che, a tornare indietro, la Pedemontana non andava fatta cos\u00ec. Soprattutto non si dovrebbero fare opere dove i privati ci guadagnano e il pubblico sborsa miliardi di euro per generazioni. LO sostiene il consigliere regionale Riccardo Szumski di &#8220;Resistere Veneto&#8221;. &#8220;Si realizzano opere &#8220;a debito&#8221; e i [&hellip;]\" \/>\n<meta property=\"og:url\" content=\"https:\/\/www.bellunopress.it\/fr\/2026\/02\/08\/pedemontana-veneta-szumski-i-veneti-sborseranno-decine-di-milioni-per-decenni\/\" \/>\n<meta property=\"og:site_name\" content=\"Bellunopress - Dolomiti\" \/>\n<meta property=\"article:publisher\" content=\"https:\/\/www.facebook.com\/profile.php?id=100008943462799\" \/>\n<meta property=\"article:published_time\" content=\"2026-02-08T08:38:24+00:00\" \/>\n<meta property=\"og:image\" content=\"https:\/\/www.bellunopress.it\/wp-content\/uploads\/2026\/01\/Szumski-Resistere-Veneto.png\" \/>\n\t<meta property=\"og:image:width\" content=\"600\" \/>\n\t<meta property=\"og:image:height\" content=\"337\" \/>\n\t<meta property=\"og:image:type\" content=\"image\/png\" \/>\n<meta name=\"author\" content=\"redazione\" \/>\n<meta name=\"twitter:card\" content=\"summary_large_image\" \/>\n<meta name=\"twitter:creator\" content=\"@bellunopress\" \/>\n<meta name=\"twitter:site\" content=\"@bellunopress\" \/>\n<meta name=\"twitter:label1\" content=\"\u00c9crit par\" \/>\n\t<meta name=\"twitter:data1\" content=\"redazione\" \/>\n\t<meta name=\"twitter:label2\" content=\"Dur\u00e9e de lecture estim\u00e9e\" \/>\n\t<meta name=\"twitter:data2\" content=\"3 minutes\" \/>\n<script type=\"application\/ld+json\" class=\"yoast-schema-graph\">{\"@context\":\"https:\\\/\\\/schema.org\",\"@graph\":[{\"@type\":\"Article\",\"@id\":\"https:\\\/\\\/www.bellunopress.it\\\/2026\\\/02\\\/08\\\/pedemontana-veneta-szumski-i-veneti-sborseranno-decine-di-milioni-per-decenni\\\/#article\",\"isPartOf\":{\"@id\":\"https:\\\/\\\/www.bellunopress.it\\\/2026\\\/02\\\/08\\\/pedemontana-veneta-szumski-i-veneti-sborseranno-decine-di-milioni-per-decenni\\\/\"},\"author\":{\"name\":\"redazione\",\"@id\":\"https:\\\/\\\/www.bellunopress.it\\\/#\\\/schema\\\/person\\\/79bb06722b37ece1c03d3e94beb30d73\"},\"headline\":\"Pedemontana veneta. Szumski: i veneti sborseranno decine di milioni per decenni\",\"datePublished\":\"2026-02-08T08:38:24+00:00\",\"mainEntityOfPage\":{\"@id\":\"https:\\\/\\\/www.bellunopress.it\\\/2026\\\/02\\\/08\\\/pedemontana-veneta-szumski-i-veneti-sborseranno-decine-di-milioni-per-decenni\\\/\"},\"wordCount\":533,\"publisher\":{\"@id\":\"https:\\\/\\\/www.bellunopress.it\\\/#organization\"},\"image\":{\"@id\":\"https:\\\/\\\/www.bellunopress.it\\\/2026\\\/02\\\/08\\\/pedemontana-veneta-szumski-i-veneti-sborseranno-decine-di-milioni-per-decenni\\\/#primaryimage\"},\"thumbnailUrl\":\"https:\\\/\\\/www.bellunopress.it\\\/wp-content\\\/uploads\\\/2026\\\/01\\\/Szumski-Resistere-Veneto.png\",\"articleSection\":[\"Cronaca\\\/Politica\"],\"inLanguage\":\"fr-FR\"},{\"@type\":\"WebPage\",\"@id\":\"https:\\\/\\\/www.bellunopress.it\\\/2026\\\/02\\\/08\\\/pedemontana-veneta-szumski-i-veneti-sborseranno-decine-di-milioni-per-decenni\\\/\",\"url\":\"https:\\\/\\\/www.bellunopress.it\\\/2026\\\/02\\\/08\\\/pedemontana-veneta-szumski-i-veneti-sborseranno-decine-di-milioni-per-decenni\\\/\",\"name\":\"Pedemontana veneta. Szumski: i veneti sborseranno decine di milioni per decenni - Bellunopress - Dolomiti\",\"isPartOf\":{\"@id\":\"https:\\\/\\\/www.bellunopress.it\\\/#website\"},\"primaryImageOfPage\":{\"@id\":\"https:\\\/\\\/www.bellunopress.it\\\/2026\\\/02\\\/08\\\/pedemontana-veneta-szumski-i-veneti-sborseranno-decine-di-milioni-per-decenni\\\/#primaryimage\"},\"image\":{\"@id\":\"https:\\\/\\\/www.bellunopress.it\\\/2026\\\/02\\\/08\\\/pedemontana-veneta-szumski-i-veneti-sborseranno-decine-di-milioni-per-decenni\\\/#primaryimage\"},\"thumbnailUrl\":\"https:\\\/\\\/www.bellunopress.it\\\/wp-content\\\/uploads\\\/2026\\\/01\\\/Szumski-Resistere-Veneto.png\",\"datePublished\":\"2026-02-08T08:38:24+00:00\",\"breadcrumb\":{\"@id\":\"https:\\\/\\\/www.bellunopress.it\\\/2026\\\/02\\\/08\\\/pedemontana-veneta-szumski-i-veneti-sborseranno-decine-di-milioni-per-decenni\\\/#breadcrumb\"},\"inLanguage\":\"fr-FR\",\"potentialAction\":[{\"@type\":\"ReadAction\",\"target\":[\"https:\\\/\\\/www.bellunopress.it\\\/2026\\\/02\\\/08\\\/pedemontana-veneta-szumski-i-veneti-sborseranno-decine-di-milioni-per-decenni\\\/\"]}]},{\"@type\":\"ImageObject\",\"inLanguage\":\"fr-FR\",\"@id\":\"https:\\\/\\\/www.bellunopress.it\\\/2026\\\/02\\\/08\\\/pedemontana-veneta-szumski-i-veneti-sborseranno-decine-di-milioni-per-decenni\\\/#primaryimage\",\"url\":\"https:\\\/\\\/www.bellunopress.it\\\/wp-content\\\/uploads\\\/2026\\\/01\\\/Szumski-Resistere-Veneto.png\",\"contentUrl\":\"https:\\\/\\\/www.bellunopress.it\\\/wp-content\\\/uploads\\\/2026\\\/01\\\/Szumski-Resistere-Veneto.png\",\"width\":600,\"height\":337},{\"@type\":\"BreadcrumbList\",\"@id\":\"https:\\\/\\\/www.bellunopress.it\\\/2026\\\/02\\\/08\\\/pedemontana-veneta-szumski-i-veneti-sborseranno-decine-di-milioni-per-decenni\\\/#breadcrumb\",\"itemListElement\":[{\"@type\":\"ListItem\",\"position\":1,\"name\":\"Home\",\"item\":\"https:\\\/\\\/www.bellunopress.it\\\/\"},{\"@type\":\"ListItem\",\"position\":2,\"name\":\"Pedemontana veneta. Szumski: i veneti sborseranno decine di milioni per decenni\"}]},{\"@type\":\"WebSite\",\"@id\":\"https:\\\/\\\/www.bellunopress.it\\\/#website\",\"url\":\"https:\\\/\\\/www.bellunopress.it\\\/\",\"name\":\"Bellunopress - Dolomiti\",\"description\":\"e-mail: redazione@bellunopress.it\",\"publisher\":{\"@id\":\"https:\\\/\\\/www.bellunopress.it\\\/#organization\"},\"potentialAction\":[{\"@type\":\"SearchAction\",\"target\":{\"@type\":\"EntryPoint\",\"urlTemplate\":\"https:\\\/\\\/www.bellunopress.it\\\/?s={search_term_string}\"},\"query-input\":{\"@type\":\"PropertyValueSpecification\",\"valueRequired\":true,\"valueName\":\"search_term_string\"}}],\"inLanguage\":\"fr-FR\"},{\"@type\":\"Organization\",\"@id\":\"https:\\\/\\\/www.bellunopress.it\\\/#organization\",\"name\":\"Bellunopress\",\"url\":\"https:\\\/\\\/www.bellunopress.it\\\/\",\"logo\":{\"@type\":\"ImageObject\",\"inLanguage\":\"fr-FR\",\"@id\":\"https:\\\/\\\/www.bellunopress.it\\\/#\\\/schema\\\/logo\\\/image\\\/\",\"url\":\"https:\\\/\\\/www.bellunopress.it\\\/wp-content\\\/uploads\\\/2011\\\/05\\\/cropped-logo-bellunopress-.jpg\",\"contentUrl\":\"https:\\\/\\\/www.bellunopress.it\\\/wp-content\\\/uploads\\\/2011\\\/05\\\/cropped-logo-bellunopress-.jpg\",\"width\":512,\"height\":512,\"caption\":\"Bellunopress\"},\"image\":{\"@id\":\"https:\\\/\\\/www.bellunopress.it\\\/#\\\/schema\\\/logo\\\/image\\\/\"},\"sameAs\":[\"https:\\\/\\\/www.facebook.com\\\/profile.php?id=100008943462799\",\"https:\\\/\\\/x.com\\\/bellunopress\",\"https:\\\/\\\/www.linkedin.com\\\/hp\\\/?dnr=JBzUWaJfMUw8vbXJJ2tVW5-I3jZKvC4wsoxE&amp;amp;amp;amp;amp;amp;trk=nav_responsive_tab_home\",\"https:\\\/\\\/www.youtube.com\\\/channel\\\/UCxL0wu1uN0_3_7hGG0306cw\"]},{\"@type\":\"Person\",\"@id\":\"https:\\\/\\\/www.bellunopress.it\\\/#\\\/schema\\\/person\\\/79bb06722b37ece1c03d3e94beb30d73\",\"name\":\"redazione\",\"image\":{\"@type\":\"ImageObject\",\"inLanguage\":\"fr-FR\",\"@id\":\"https:\\\/\\\/secure.gravatar.com\\\/avatar\\\/37d968a2e67a6fd04c169c4bdef102d0bc5d31b2546345219e348575eb80e9a0?s=96&d=mm&r=g\",\"url\":\"https:\\\/\\\/secure.gravatar.com\\\/avatar\\\/37d968a2e67a6fd04c169c4bdef102d0bc5d31b2546345219e348575eb80e9a0?s=96&d=mm&r=g\",\"contentUrl\":\"https:\\\/\\\/secure.gravatar.com\\\/avatar\\\/37d968a2e67a6fd04c169c4bdef102d0bc5d31b2546345219e348575eb80e9a0?s=96&d=mm&r=g\",\"caption\":\"redazione\"},\"sameAs\":[\"http:\\\/\\\/www.bellunopress.it\",\"https:\\\/\\\/x.com\\\/bellunopress\"],\"url\":\"https:\\\/\\\/www.bellunopress.it\\\/fr\\\/author\\\/redazione\\\/\"}]}<\/script>\n<!-- \/ Yoast SEO plugin. -->","yoast_head_json":{"title":"Pedemontana veneta. Szumski: i veneti sborseranno decine di milioni per decenni - Bellunopress - Dolomiti","robots":{"index":"index","follow":"follow","max-snippet":"max-snippet:-1","max-image-preview":"max-image-preview:large","max-video-preview":"max-video-preview:-1"},"canonical":"https:\/\/www.bellunopress.it\/fr\/2026\/02\/08\/pedemontana-veneta-szumski-i-veneti-sborseranno-decine-di-milioni-per-decenni\/","og_locale":"fr_FR","og_type":"article","og_title":"Pedemontana veneta. Szumski: i veneti sborseranno decine di milioni per decenni - Bellunopress - Dolomiti","og_description":"&#8220;Lo ammette anche l&#8217;ex assessore Elisa De Berti che, a tornare indietro, la Pedemontana non andava fatta cos\u00ec. Soprattutto non si dovrebbero fare opere dove i privati ci guadagnano e il pubblico sborsa miliardi di euro per generazioni. LO sostiene il consigliere regionale Riccardo Szumski di &#8220;Resistere Veneto&#8221;. &#8220;Si realizzano opere &#8220;a debito&#8221; e i [&hellip;]","og_url":"https:\/\/www.bellunopress.it\/fr\/2026\/02\/08\/pedemontana-veneta-szumski-i-veneti-sborseranno-decine-di-milioni-per-decenni\/","og_site_name":"Bellunopress - Dolomiti","article_publisher":"https:\/\/www.facebook.com\/profile.php?id=100008943462799","article_published_time":"2026-02-08T08:38:24+00:00","og_image":[{"width":600,"height":337,"url":"https:\/\/www.bellunopress.it\/wp-content\/uploads\/2026\/01\/Szumski-Resistere-Veneto.png","type":"image\/png"}],"author":"redazione","twitter_card":"summary_large_image","twitter_creator":"@bellunopress","twitter_site":"@bellunopress","twitter_misc":{"\u00c9crit par":"redazione","Dur\u00e9e de lecture estim\u00e9e":"3 minutes"},"schema":{"@context":"https:\/\/schema.org","@graph":[{"@type":"Article","@id":"https:\/\/www.bellunopress.it\/2026\/02\/08\/pedemontana-veneta-szumski-i-veneti-sborseranno-decine-di-milioni-per-decenni\/#article","isPartOf":{"@id":"https:\/\/www.bellunopress.it\/2026\/02\/08\/pedemontana-veneta-szumski-i-veneti-sborseranno-decine-di-milioni-per-decenni\/"},"author":{"name":"redazione","@id":"https:\/\/www.bellunopress.it\/#\/schema\/person\/79bb06722b37ece1c03d3e94beb30d73"},"headline":"Pedemontana veneta. Szumski: i veneti sborseranno decine di milioni per decenni","datePublished":"2026-02-08T08:38:24+00:00","mainEntityOfPage":{"@id":"https:\/\/www.bellunopress.it\/2026\/02\/08\/pedemontana-veneta-szumski-i-veneti-sborseranno-decine-di-milioni-per-decenni\/"},"wordCount":533,"publisher":{"@id":"https:\/\/www.bellunopress.it\/#organization"},"image":{"@id":"https:\/\/www.bellunopress.it\/2026\/02\/08\/pedemontana-veneta-szumski-i-veneti-sborseranno-decine-di-milioni-per-decenni\/#primaryimage"},"thumbnailUrl":"https:\/\/www.bellunopress.it\/wp-content\/uploads\/2026\/01\/Szumski-Resistere-Veneto.png","articleSection":["Cronaca\/Politica"],"inLanguage":"fr-FR"},{"@type":"WebPage","@id":"https:\/\/www.bellunopress.it\/2026\/02\/08\/pedemontana-veneta-szumski-i-veneti-sborseranno-decine-di-milioni-per-decenni\/","url":"https:\/\/www.bellunopress.it\/2026\/02\/08\/pedemontana-veneta-szumski-i-veneti-sborseranno-decine-di-milioni-per-decenni\/","name":"Pedemontana veneta. Szumski: i veneti sborseranno decine di milioni per decenni - Bellunopress - Dolomiti","isPartOf":{"@id":"https:\/\/www.bellunopress.it\/#website"},"primaryImageOfPage":{"@id":"https:\/\/www.bellunopress.it\/2026\/02\/08\/pedemontana-veneta-szumski-i-veneti-sborseranno-decine-di-milioni-per-decenni\/#primaryimage"},"image":{"@id":"https:\/\/www.bellunopress.it\/2026\/02\/08\/pedemontana-veneta-szumski-i-veneti-sborseranno-decine-di-milioni-per-decenni\/#primaryimage"},"thumbnailUrl":"https:\/\/www.bellunopress.it\/wp-content\/uploads\/2026\/01\/Szumski-Resistere-Veneto.png","datePublished":"2026-02-08T08:38:24+00:00","breadcrumb":{"@id":"https:\/\/www.bellunopress.it\/2026\/02\/08\/pedemontana-veneta-szumski-i-veneti-sborseranno-decine-di-milioni-per-decenni\/#breadcrumb"},"inLanguage":"fr-FR","potentialAction":[{"@type":"ReadAction","target":["https:\/\/www.bellunopress.it\/2026\/02\/08\/pedemontana-veneta-szumski-i-veneti-sborseranno-decine-di-milioni-per-decenni\/"]}]},{"@type":"ImageObject","inLanguage":"fr-FR","@id":"https:\/\/www.bellunopress.it\/2026\/02\/08\/pedemontana-veneta-szumski-i-veneti-sborseranno-decine-di-milioni-per-decenni\/#primaryimage","url":"https:\/\/www.bellunopress.it\/wp-content\/uploads\/2026\/01\/Szumski-Resistere-Veneto.png","contentUrl":"https:\/\/www.bellunopress.it\/wp-content\/uploads\/2026\/01\/Szumski-Resistere-Veneto.png","width":600,"height":337},{"@type":"BreadcrumbList","@id":"https:\/\/www.bellunopress.it\/2026\/02\/08\/pedemontana-veneta-szumski-i-veneti-sborseranno-decine-di-milioni-per-decenni\/#breadcrumb","itemListElement":[{"@type":"ListItem","position":1,"name":"Home","item":"https:\/\/www.bellunopress.it\/"},{"@type":"ListItem","position":2,"name":"Pedemontana veneta. Szumski: i veneti sborseranno decine di milioni per decenni"}]},{"@type":"WebSite","@id":"https:\/\/www.bellunopress.it\/#website","url":"https:\/\/www.bellunopress.it\/","name":"Bellunopress - Dolomiti","description":"e-mail: redazione@bellunopress.it","publisher":{"@id":"https:\/\/www.bellunopress.it\/#organization"},"potentialAction":[{"@type":"SearchAction","target":{"@type":"EntryPoint","urlTemplate":"https:\/\/www.bellunopress.it\/?s={search_term_string}"},"query-input":{"@type":"PropertyValueSpecification","valueRequired":true,"valueName":"search_term_string"}}],"inLanguage":"fr-FR"},{"@type":"Organization","@id":"https:\/\/www.bellunopress.it\/#organization","name":"Bellunopress","url":"https:\/\/www.bellunopress.it\/","logo":{"@type":"ImageObject","inLanguage":"fr-FR","@id":"https:\/\/www.bellunopress.it\/#\/schema\/logo\/image\/","url":"https:\/\/www.bellunopress.it\/wp-content\/uploads\/2011\/05\/cropped-logo-bellunopress-.jpg","contentUrl":"https:\/\/www.bellunopress.it\/wp-content\/uploads\/2011\/05\/cropped-logo-bellunopress-.jpg","width":512,"height":512,"caption":"Bellunopress"},"image":{"@id":"https:\/\/www.bellunopress.it\/#\/schema\/logo\/image\/"},"sameAs":["https:\/\/www.facebook.com\/profile.php?id=100008943462799","https:\/\/x.com\/bellunopress","https:\/\/www.linkedin.com\/hp\/?dnr=JBzUWaJfMUw8vbXJJ2tVW5-I3jZKvC4wsoxE&amp;amp;amp;amp;amp;amp;trk=nav_responsive_tab_home","https:\/\/www.youtube.com\/channel\/UCxL0wu1uN0_3_7hGG0306cw"]},{"@type":"Person","@id":"https:\/\/www.bellunopress.it\/#\/schema\/person\/79bb06722b37ece1c03d3e94beb30d73","name":"r\u00e9daction","image":{"@type":"ImageObject","inLanguage":"fr-FR","@id":"https:\/\/secure.gravatar.com\/avatar\/37d968a2e67a6fd04c169c4bdef102d0bc5d31b2546345219e348575eb80e9a0?s=96&d=mm&r=g","url":"https:\/\/secure.gravatar.com\/avatar\/37d968a2e67a6fd04c169c4bdef102d0bc5d31b2546345219e348575eb80e9a0?s=96&d=mm&r=g","contentUrl":"https:\/\/secure.gravatar.com\/avatar\/37d968a2e67a6fd04c169c4bdef102d0bc5d31b2546345219e348575eb80e9a0?s=96&d=mm&r=g","caption":"redazione"},"sameAs":["http:\/\/www.bellunopress.it","https:\/\/x.com\/bellunopress"],"url":"https:\/\/www.bellunopress.it\/fr\/author\/redazione\/"}]}},"_links":{"self":[{"href":"https:\/\/www.bellunopress.it\/fr\/wp-json\/wp\/v2\/posts\/167257","targetHints":{"allow":["GET"]}}],"collection":[{"href":"https:\/\/www.bellunopress.it\/fr\/wp-json\/wp\/v2\/posts"}],"about":[{"href":"https:\/\/www.bellunopress.it\/fr\/wp-json\/wp\/v2\/types\/post"}],"author":[{"embeddable":true,"href":"https:\/\/www.bellunopress.it\/fr\/wp-json\/wp\/v2\/users\/2"}],"replies":[{"embeddable":true,"href":"https:\/\/www.bellunopress.it\/fr\/wp-json\/wp\/v2\/comments?post=167257"}],"version-history":[{"count":1,"href":"https:\/\/www.bellunopress.it\/fr\/wp-json\/wp\/v2\/posts\/167257\/revisions"}],"predecessor-version":[{"id":167258,"href":"https:\/\/www.bellunopress.it\/fr\/wp-json\/wp\/v2\/posts\/167257\/revisions\/167258"}],"wp:featuredmedia":[{"embeddable":true,"href":"https:\/\/www.bellunopress.it\/fr\/wp-json\/wp\/v2\/media\/166973"}],"wp:attachment":[{"href":"https:\/\/www.bellunopress.it\/fr\/wp-json\/wp\/v2\/media?parent=167257"}],"wp:term":[{"taxonomy":"category","embeddable":true,"href":"https:\/\/www.bellunopress.it\/fr\/wp-json\/wp\/v2\/categories?post=167257"},{"taxonomy":"post_tag","embeddable":true,"href":"https:\/\/www.bellunopress.it\/fr\/wp-json\/wp\/v2\/tags?post=167257"}],"curies":[{"name":"wp","href":"https:\/\/api.w.org\/{rel}","templated":true}]}}