{"id":167254,"date":"2026-02-08T09:30:56","date_gmt":"2026-02-08T08:30:56","guid":{"rendered":"https:\/\/www.bellunopress.it\/?p=167254"},"modified":"2026-02-07T20:35:52","modified_gmt":"2026-02-07T19:35:52","slug":"borgo-valbelluna-una-panchina-per-combattere-il-bullismo","status":"publish","type":"post","link":"https:\/\/www.bellunopress.it\/fr\/2026\/02\/08\/borgo-valbelluna-una-panchina-per-combattere-il-bullismo\/","title":{"rendered":"Borgo Valbelluna: una panchina per combattere il bullismo"},"content":{"rendered":"<p>C\u2019\u00e8 una panchina rossa in piazza a Lentiai per ricordare a tutti che la violenza di genere va combattuta e da febbraio ce n\u2019\u00e8 un\u2019altra gialla e blu nel parco del Peep, una panchina per sedersi, per riflettere, magari per chiedere aiuto e, perch\u00e9 no, per sentirsi meno soli.<\/p>\n<p>Continua cos\u00ec la proposta di collaborazione tra scuola e Circolo Auser Il Narciso di Lentiai per la valorizzazione di spazi pubblici, il rilancio del concetto di comunit\u00e0 attraverso l\u2019approfondimento culturale su tematiche che riguardano soprattutto il mondo giovanile.<br \/>\nDopo il successo della \u201cPanchina Rossa\u201d, si \u00e8 pensato di proseguire con un nuovo progetto, capace di coinvolgere l\u2019intera popolazione di Lentiai, ma soprattutto le ragazze e i ragazzi delle Scuole primarie e Secondaria.<\/p>\n<p>\u201cQUESTA PANCHINA \u00e8 IMPEGNATA\u201d \u00e8 il titolo nato da una felice riflessione dei bambini delle Scuole Primarie.<br \/>\nL\u2019iniziativa, che sar\u00e0 triennale \u2013 ha spiegato il presidente Durante all\u2019inaugurazione tenutasi il 6 febbraio nell\u2019aula magna della scuola secondaria di Lentiai &#8211; nasce con l\u2019obiettivo di rilanciare il senso di comunit\u00e0, stimolare la riflessione e favorire un dialogo tra generazioni, posando Panchine Impegnate in luoghi significativi del territorio di Lentiai.<br \/>\nOgni anno scolastico, saranno i ragazzi delle Scuole primarie e Secondaria, coordinati dalle loro insegnanti, a scegliere il tema rappresentandolo poi con un decoro e un colore specifico.<\/p>\n<p>Il tema di quest\u2019anno \u00e8 stato il Bullismo: i bambini delle classi quarte e quinte delle primarie di Lentiai e Villapiana hanno approfondito alcuni aspetti legati a questo fenomeno, mentre i pi\u00f9 grandi delle seconde della secondaria hanno realizzato prima il progetto grafico riprodotto poi sulla panchina a suon di vernice e pennelli: un puzzle a rappresentare, con tessere gialle e blu, la lotta contro il bullismo e il cyberbullismo e come l\u2019unione di pi\u00f9 parti possa rendere un tessuto sociale pi\u00f9 coeso e quindi pi\u00f9 forte.<br \/>\nLa Panchina Pensante \u00e8 stata inaugurata in occasione della Giornata Mondiale contro il Bullismo e il Cyberbullismo. Presenti gli alunni artefici del progetto con i loro insegnanti, il Dirigente Scolastico, molti rappresentanti dell\u2019Auser di Lentiai insieme ai presidenti provinciale e regionale Eldo Candeago e Danilo Viero e le assessore Chiara Scarton alla cultura e Chiara Cesa alle politiche educative. Quest\u2019ultima ha ricordato ai ragazzi come sia importante la consapevolezza che non si \u00e8 e non ci si deve sentire come alcuni ci possono descrivere e che la violenza del bullo nasce da un senso di inadeguatezza di cui lui per primo \u00e8 vittima.<\/p>\n<p>Dopo aver ribadito che \u201cil bullo \u00e8 trullo\u201d con il canto dei bambini, il folto pubblico \u00e8 salito al primo piano dove i ragazzi della secondaria hanno allestito una mostra originale: mettendoci la faccia hanno creato dei manifesti riportanti slogan contro il bullismo ottenuti con la tecnica del collage testuale, in cui i pezzi di carta vengono incollati su un supporto per creare il testo. Le opere saranno visibili sino alla fine dell\u2019anno scolastico ma si \u00e8 gi\u00e0 pensato che possano poi trovare sede presso la biblioteca.<\/p>\n<p>&nbsp;<\/p>\n<p>&nbsp;<\/p>\n<p>&nbsp;<\/p>","protected":false},"excerpt":{"rendered":"<p>C\u2019\u00e8 una panchina rossa in piazza a Lentiai per ricordare a tutti che la violenza di genere va combattuta e da febbraio ce n\u2019\u00e8 un\u2019altra gialla e blu nel parco del Peep, una panchina per sedersi, per riflettere, magari per chiedere aiuto e, perch\u00e9 no, per sentirsi meno soli. Continua cos\u00ec la proposta di collaborazione [&hellip;]<\/p>\n","protected":false},"author":2,"featured_media":167255,"comment_status":"closed","ping_status":"open","sticky":false,"template":"","format":"standard","meta":{"footnotes":""},"categories":[15],"tags":[],"class_list":["post-167254","post","type-post","status-publish","format-standard","has-post-thumbnail","category-scuola"],"yoast_head":"<!-- This site is optimized with the Yoast SEO plugin v28.4 - https:\/\/yoast.com\/product\/yoast-seo-wordpress\/ -->\n<title>Borgo Valbelluna: una panchina per combattere il bullismo - Bellunopress - Dolomiti<\/title>\n<meta name=\"robots\" content=\"index, follow, max-snippet:-1, max-image-preview:large, max-video-preview:-1\" \/>\n<link rel=\"canonical\" href=\"https:\/\/www.bellunopress.it\/fr\/2026\/02\/08\/borgo-valbelluna-una-panchina-per-combattere-il-bullismo\/\" \/>\n<meta property=\"og:locale\" content=\"fr_FR\" \/>\n<meta property=\"og:type\" content=\"article\" \/>\n<meta property=\"og:title\" content=\"Borgo Valbelluna: una panchina per combattere il bullismo - Bellunopress - Dolomiti\" \/>\n<meta property=\"og:description\" content=\"C\u2019\u00e8 una panchina rossa in piazza a Lentiai per ricordare a tutti che la violenza di genere va combattuta e da febbraio ce n\u2019\u00e8 un\u2019altra gialla e blu nel parco del Peep, una panchina per sedersi, per riflettere, magari per chiedere aiuto e, perch\u00e9 no, per sentirsi meno soli. Continua cos\u00ec la proposta di collaborazione [&hellip;]\" \/>\n<meta property=\"og:url\" content=\"https:\/\/www.bellunopress.it\/fr\/2026\/02\/08\/borgo-valbelluna-una-panchina-per-combattere-il-bullismo\/\" \/>\n<meta property=\"og:site_name\" content=\"Bellunopress - Dolomiti\" \/>\n<meta property=\"article:publisher\" content=\"https:\/\/www.facebook.com\/profile.php?id=100008943462799\" \/>\n<meta property=\"article:published_time\" content=\"2026-02-08T08:30:56+00:00\" \/>\n<meta property=\"og:image\" content=\"https:\/\/www.bellunopress.it\/wp-content\/uploads\/2026\/02\/manifesto-contro-bullismo-Lentiai.jpg\" \/>\n\t<meta property=\"og:image:width\" content=\"376\" \/>\n\t<meta property=\"og:image:height\" content=\"600\" \/>\n\t<meta property=\"og:image:type\" content=\"image\/jpeg\" \/>\n<meta name=\"author\" content=\"redazione\" \/>\n<meta name=\"twitter:card\" content=\"summary_large_image\" \/>\n<meta name=\"twitter:creator\" content=\"@bellunopress\" \/>\n<meta name=\"twitter:site\" content=\"@bellunopress\" \/>\n<meta name=\"twitter:label1\" content=\"\u00c9crit par\" \/>\n\t<meta name=\"twitter:data1\" content=\"redazione\" \/>\n\t<meta name=\"twitter:label2\" content=\"Dur\u00e9e de lecture estim\u00e9e\" \/>\n\t<meta name=\"twitter:data2\" content=\"2 minutes\" \/>\n<script type=\"application\/ld+json\" class=\"yoast-schema-graph\">{\"@context\":\"https:\\\/\\\/schema.org\",\"@graph\":[{\"@type\":\"Article\",\"@id\":\"https:\\\/\\\/www.bellunopress.it\\\/2026\\\/02\\\/08\\\/borgo-valbelluna-una-panchina-per-combattere-il-bullismo\\\/#article\",\"isPartOf\":{\"@id\":\"https:\\\/\\\/www.bellunopress.it\\\/2026\\\/02\\\/08\\\/borgo-valbelluna-una-panchina-per-combattere-il-bullismo\\\/\"},\"author\":{\"name\":\"redazione\",\"@id\":\"https:\\\/\\\/www.bellunopress.it\\\/#\\\/schema\\\/person\\\/79bb06722b37ece1c03d3e94beb30d73\"},\"headline\":\"Borgo Valbelluna: una panchina per combattere il bullismo\",\"datePublished\":\"2026-02-08T08:30:56+00:00\",\"mainEntityOfPage\":{\"@id\":\"https:\\\/\\\/www.bellunopress.it\\\/2026\\\/02\\\/08\\\/borgo-valbelluna-una-panchina-per-combattere-il-bullismo\\\/\"},\"wordCount\":505,\"publisher\":{\"@id\":\"https:\\\/\\\/www.bellunopress.it\\\/#organization\"},\"image\":{\"@id\":\"https:\\\/\\\/www.bellunopress.it\\\/2026\\\/02\\\/08\\\/borgo-valbelluna-una-panchina-per-combattere-il-bullismo\\\/#primaryimage\"},\"thumbnailUrl\":\"https:\\\/\\\/www.bellunopress.it\\\/wp-content\\\/uploads\\\/2026\\\/02\\\/manifesto-contro-bullismo-Lentiai.jpg\",\"articleSection\":[\"Scuola\"],\"inLanguage\":\"fr-FR\"},{\"@type\":\"WebPage\",\"@id\":\"https:\\\/\\\/www.bellunopress.it\\\/2026\\\/02\\\/08\\\/borgo-valbelluna-una-panchina-per-combattere-il-bullismo\\\/\",\"url\":\"https:\\\/\\\/www.bellunopress.it\\\/2026\\\/02\\\/08\\\/borgo-valbelluna-una-panchina-per-combattere-il-bullismo\\\/\",\"name\":\"Borgo Valbelluna: una panchina per combattere il bullismo - Bellunopress - Dolomiti\",\"isPartOf\":{\"@id\":\"https:\\\/\\\/www.bellunopress.it\\\/#website\"},\"primaryImageOfPage\":{\"@id\":\"https:\\\/\\\/www.bellunopress.it\\\/2026\\\/02\\\/08\\\/borgo-valbelluna-una-panchina-per-combattere-il-bullismo\\\/#primaryimage\"},\"image\":{\"@id\":\"https:\\\/\\\/www.bellunopress.it\\\/2026\\\/02\\\/08\\\/borgo-valbelluna-una-panchina-per-combattere-il-bullismo\\\/#primaryimage\"},\"thumbnailUrl\":\"https:\\\/\\\/www.bellunopress.it\\\/wp-content\\\/uploads\\\/2026\\\/02\\\/manifesto-contro-bullismo-Lentiai.jpg\",\"datePublished\":\"2026-02-08T08:30:56+00:00\",\"breadcrumb\":{\"@id\":\"https:\\\/\\\/www.bellunopress.it\\\/2026\\\/02\\\/08\\\/borgo-valbelluna-una-panchina-per-combattere-il-bullismo\\\/#breadcrumb\"},\"inLanguage\":\"fr-FR\",\"potentialAction\":[{\"@type\":\"ReadAction\",\"target\":[\"https:\\\/\\\/www.bellunopress.it\\\/2026\\\/02\\\/08\\\/borgo-valbelluna-una-panchina-per-combattere-il-bullismo\\\/\"]}]},{\"@type\":\"ImageObject\",\"inLanguage\":\"fr-FR\",\"@id\":\"https:\\\/\\\/www.bellunopress.it\\\/2026\\\/02\\\/08\\\/borgo-valbelluna-una-panchina-per-combattere-il-bullismo\\\/#primaryimage\",\"url\":\"https:\\\/\\\/www.bellunopress.it\\\/wp-content\\\/uploads\\\/2026\\\/02\\\/manifesto-contro-bullismo-Lentiai.jpg\",\"contentUrl\":\"https:\\\/\\\/www.bellunopress.it\\\/wp-content\\\/uploads\\\/2026\\\/02\\\/manifesto-contro-bullismo-Lentiai.jpg\",\"width\":376,\"height\":600},{\"@type\":\"BreadcrumbList\",\"@id\":\"https:\\\/\\\/www.bellunopress.it\\\/2026\\\/02\\\/08\\\/borgo-valbelluna-una-panchina-per-combattere-il-bullismo\\\/#breadcrumb\",\"itemListElement\":[{\"@type\":\"ListItem\",\"position\":1,\"name\":\"Home\",\"item\":\"https:\\\/\\\/www.bellunopress.it\\\/\"},{\"@type\":\"ListItem\",\"position\":2,\"name\":\"Borgo Valbelluna: una panchina per combattere il bullismo\"}]},{\"@type\":\"WebSite\",\"@id\":\"https:\\\/\\\/www.bellunopress.it\\\/#website\",\"url\":\"https:\\\/\\\/www.bellunopress.it\\\/\",\"name\":\"Bellunopress - Dolomiti\",\"description\":\"e-mail: redazione@bellunopress.it\",\"publisher\":{\"@id\":\"https:\\\/\\\/www.bellunopress.it\\\/#organization\"},\"potentialAction\":[{\"@type\":\"SearchAction\",\"target\":{\"@type\":\"EntryPoint\",\"urlTemplate\":\"https:\\\/\\\/www.bellunopress.it\\\/?s={search_term_string}\"},\"query-input\":{\"@type\":\"PropertyValueSpecification\",\"valueRequired\":true,\"valueName\":\"search_term_string\"}}],\"inLanguage\":\"fr-FR\"},{\"@type\":\"Organization\",\"@id\":\"https:\\\/\\\/www.bellunopress.it\\\/#organization\",\"name\":\"Bellunopress\",\"url\":\"https:\\\/\\\/www.bellunopress.it\\\/\",\"logo\":{\"@type\":\"ImageObject\",\"inLanguage\":\"fr-FR\",\"@id\":\"https:\\\/\\\/www.bellunopress.it\\\/#\\\/schema\\\/logo\\\/image\\\/\",\"url\":\"https:\\\/\\\/www.bellunopress.it\\\/wp-content\\\/uploads\\\/2011\\\/05\\\/cropped-logo-bellunopress-.jpg\",\"contentUrl\":\"https:\\\/\\\/www.bellunopress.it\\\/wp-content\\\/uploads\\\/2011\\\/05\\\/cropped-logo-bellunopress-.jpg\",\"width\":512,\"height\":512,\"caption\":\"Bellunopress\"},\"image\":{\"@id\":\"https:\\\/\\\/www.bellunopress.it\\\/#\\\/schema\\\/logo\\\/image\\\/\"},\"sameAs\":[\"https:\\\/\\\/www.facebook.com\\\/profile.php?id=100008943462799\",\"https:\\\/\\\/x.com\\\/bellunopress\",\"https:\\\/\\\/www.linkedin.com\\\/hp\\\/?dnr=JBzUWaJfMUw8vbXJJ2tVW5-I3jZKvC4wsoxE&amp;amp;amp;amp;amp;amp;trk=nav_responsive_tab_home\",\"https:\\\/\\\/www.youtube.com\\\/channel\\\/UCxL0wu1uN0_3_7hGG0306cw\"]},{\"@type\":\"Person\",\"@id\":\"https:\\\/\\\/www.bellunopress.it\\\/#\\\/schema\\\/person\\\/79bb06722b37ece1c03d3e94beb30d73\",\"name\":\"redazione\",\"image\":{\"@type\":\"ImageObject\",\"inLanguage\":\"fr-FR\",\"@id\":\"https:\\\/\\\/secure.gravatar.com\\\/avatar\\\/37d968a2e67a6fd04c169c4bdef102d0bc5d31b2546345219e348575eb80e9a0?s=96&d=mm&r=g\",\"url\":\"https:\\\/\\\/secure.gravatar.com\\\/avatar\\\/37d968a2e67a6fd04c169c4bdef102d0bc5d31b2546345219e348575eb80e9a0?s=96&d=mm&r=g\",\"contentUrl\":\"https:\\\/\\\/secure.gravatar.com\\\/avatar\\\/37d968a2e67a6fd04c169c4bdef102d0bc5d31b2546345219e348575eb80e9a0?s=96&d=mm&r=g\",\"caption\":\"redazione\"},\"sameAs\":[\"http:\\\/\\\/www.bellunopress.it\",\"https:\\\/\\\/x.com\\\/bellunopress\"],\"url\":\"https:\\\/\\\/www.bellunopress.it\\\/fr\\\/author\\\/redazione\\\/\"}]}<\/script>\n<!-- \/ Yoast SEO plugin. -->","yoast_head_json":{"title":"Borgo Valbelluna: una panchina per combattere il bullismo - Bellunopress - Dolomiti","robots":{"index":"index","follow":"follow","max-snippet":"max-snippet:-1","max-image-preview":"max-image-preview:large","max-video-preview":"max-video-preview:-1"},"canonical":"https:\/\/www.bellunopress.it\/fr\/2026\/02\/08\/borgo-valbelluna-una-panchina-per-combattere-il-bullismo\/","og_locale":"fr_FR","og_type":"article","og_title":"Borgo Valbelluna: una panchina per combattere il bullismo - Bellunopress - Dolomiti","og_description":"C\u2019\u00e8 una panchina rossa in piazza a Lentiai per ricordare a tutti che la violenza di genere va combattuta e da febbraio ce n\u2019\u00e8 un\u2019altra gialla e blu nel parco del Peep, una panchina per sedersi, per riflettere, magari per chiedere aiuto e, perch\u00e9 no, per sentirsi meno soli. Continua cos\u00ec la proposta di collaborazione [&hellip;]","og_url":"https:\/\/www.bellunopress.it\/fr\/2026\/02\/08\/borgo-valbelluna-una-panchina-per-combattere-il-bullismo\/","og_site_name":"Bellunopress - Dolomiti","article_publisher":"https:\/\/www.facebook.com\/profile.php?id=100008943462799","article_published_time":"2026-02-08T08:30:56+00:00","og_image":[{"width":376,"height":600,"url":"https:\/\/www.bellunopress.it\/wp-content\/uploads\/2026\/02\/manifesto-contro-bullismo-Lentiai.jpg","type":"image\/jpeg"}],"author":"redazione","twitter_card":"summary_large_image","twitter_creator":"@bellunopress","twitter_site":"@bellunopress","twitter_misc":{"\u00c9crit par":"redazione","Dur\u00e9e de lecture estim\u00e9e":"2 minutes"},"schema":{"@context":"https:\/\/schema.org","@graph":[{"@type":"Article","@id":"https:\/\/www.bellunopress.it\/2026\/02\/08\/borgo-valbelluna-una-panchina-per-combattere-il-bullismo\/#article","isPartOf":{"@id":"https:\/\/www.bellunopress.it\/2026\/02\/08\/borgo-valbelluna-una-panchina-per-combattere-il-bullismo\/"},"author":{"name":"redazione","@id":"https:\/\/www.bellunopress.it\/#\/schema\/person\/79bb06722b37ece1c03d3e94beb30d73"},"headline":"Borgo Valbelluna: una panchina per combattere il bullismo","datePublished":"2026-02-08T08:30:56+00:00","mainEntityOfPage":{"@id":"https:\/\/www.bellunopress.it\/2026\/02\/08\/borgo-valbelluna-una-panchina-per-combattere-il-bullismo\/"},"wordCount":505,"publisher":{"@id":"https:\/\/www.bellunopress.it\/#organization"},"image":{"@id":"https:\/\/www.bellunopress.it\/2026\/02\/08\/borgo-valbelluna-una-panchina-per-combattere-il-bullismo\/#primaryimage"},"thumbnailUrl":"https:\/\/www.bellunopress.it\/wp-content\/uploads\/2026\/02\/manifesto-contro-bullismo-Lentiai.jpg","articleSection":["Scuola"],"inLanguage":"fr-FR"},{"@type":"WebPage","@id":"https:\/\/www.bellunopress.it\/2026\/02\/08\/borgo-valbelluna-una-panchina-per-combattere-il-bullismo\/","url":"https:\/\/www.bellunopress.it\/2026\/02\/08\/borgo-valbelluna-una-panchina-per-combattere-il-bullismo\/","name":"Borgo Valbelluna: una panchina per combattere il bullismo - Bellunopress - Dolomiti","isPartOf":{"@id":"https:\/\/www.bellunopress.it\/#website"},"primaryImageOfPage":{"@id":"https:\/\/www.bellunopress.it\/2026\/02\/08\/borgo-valbelluna-una-panchina-per-combattere-il-bullismo\/#primaryimage"},"image":{"@id":"https:\/\/www.bellunopress.it\/2026\/02\/08\/borgo-valbelluna-una-panchina-per-combattere-il-bullismo\/#primaryimage"},"thumbnailUrl":"https:\/\/www.bellunopress.it\/wp-content\/uploads\/2026\/02\/manifesto-contro-bullismo-Lentiai.jpg","datePublished":"2026-02-08T08:30:56+00:00","breadcrumb":{"@id":"https:\/\/www.bellunopress.it\/2026\/02\/08\/borgo-valbelluna-una-panchina-per-combattere-il-bullismo\/#breadcrumb"},"inLanguage":"fr-FR","potentialAction":[{"@type":"ReadAction","target":["https:\/\/www.bellunopress.it\/2026\/02\/08\/borgo-valbelluna-una-panchina-per-combattere-il-bullismo\/"]}]},{"@type":"ImageObject","inLanguage":"fr-FR","@id":"https:\/\/www.bellunopress.it\/2026\/02\/08\/borgo-valbelluna-una-panchina-per-combattere-il-bullismo\/#primaryimage","url":"https:\/\/www.bellunopress.it\/wp-content\/uploads\/2026\/02\/manifesto-contro-bullismo-Lentiai.jpg","contentUrl":"https:\/\/www.bellunopress.it\/wp-content\/uploads\/2026\/02\/manifesto-contro-bullismo-Lentiai.jpg","width":376,"height":600},{"@type":"BreadcrumbList","@id":"https:\/\/www.bellunopress.it\/2026\/02\/08\/borgo-valbelluna-una-panchina-per-combattere-il-bullismo\/#breadcrumb","itemListElement":[{"@type":"ListItem","position":1,"name":"Home","item":"https:\/\/www.bellunopress.it\/"},{"@type":"ListItem","position":2,"name":"Borgo Valbelluna: una panchina per combattere il bullismo"}]},{"@type":"WebSite","@id":"https:\/\/www.bellunopress.it\/#website","url":"https:\/\/www.bellunopress.it\/","name":"Bellunopress - Dolomiti","description":"e-mail: redazione@bellunopress.it","publisher":{"@id":"https:\/\/www.bellunopress.it\/#organization"},"potentialAction":[{"@type":"SearchAction","target":{"@type":"EntryPoint","urlTemplate":"https:\/\/www.bellunopress.it\/?s={search_term_string}"},"query-input":{"@type":"PropertyValueSpecification","valueRequired":true,"valueName":"search_term_string"}}],"inLanguage":"fr-FR"},{"@type":"Organization","@id":"https:\/\/www.bellunopress.it\/#organization","name":"Bellunopress","url":"https:\/\/www.bellunopress.it\/","logo":{"@type":"ImageObject","inLanguage":"fr-FR","@id":"https:\/\/www.bellunopress.it\/#\/schema\/logo\/image\/","url":"https:\/\/www.bellunopress.it\/wp-content\/uploads\/2011\/05\/cropped-logo-bellunopress-.jpg","contentUrl":"https:\/\/www.bellunopress.it\/wp-content\/uploads\/2011\/05\/cropped-logo-bellunopress-.jpg","width":512,"height":512,"caption":"Bellunopress"},"image":{"@id":"https:\/\/www.bellunopress.it\/#\/schema\/logo\/image\/"},"sameAs":["https:\/\/www.facebook.com\/profile.php?id=100008943462799","https:\/\/x.com\/bellunopress","https:\/\/www.linkedin.com\/hp\/?dnr=JBzUWaJfMUw8vbXJJ2tVW5-I3jZKvC4wsoxE&amp;amp;amp;amp;amp;amp;trk=nav_responsive_tab_home","https:\/\/www.youtube.com\/channel\/UCxL0wu1uN0_3_7hGG0306cw"]},{"@type":"Person","@id":"https:\/\/www.bellunopress.it\/#\/schema\/person\/79bb06722b37ece1c03d3e94beb30d73","name":"r\u00e9daction","image":{"@type":"ImageObject","inLanguage":"fr-FR","@id":"https:\/\/secure.gravatar.com\/avatar\/37d968a2e67a6fd04c169c4bdef102d0bc5d31b2546345219e348575eb80e9a0?s=96&d=mm&r=g","url":"https:\/\/secure.gravatar.com\/avatar\/37d968a2e67a6fd04c169c4bdef102d0bc5d31b2546345219e348575eb80e9a0?s=96&d=mm&r=g","contentUrl":"https:\/\/secure.gravatar.com\/avatar\/37d968a2e67a6fd04c169c4bdef102d0bc5d31b2546345219e348575eb80e9a0?s=96&d=mm&r=g","caption":"redazione"},"sameAs":["http:\/\/www.bellunopress.it","https:\/\/x.com\/bellunopress"],"url":"https:\/\/www.bellunopress.it\/fr\/author\/redazione\/"}]}},"_links":{"self":[{"href":"https:\/\/www.bellunopress.it\/fr\/wp-json\/wp\/v2\/posts\/167254","targetHints":{"allow":["GET"]}}],"collection":[{"href":"https:\/\/www.bellunopress.it\/fr\/wp-json\/wp\/v2\/posts"}],"about":[{"href":"https:\/\/www.bellunopress.it\/fr\/wp-json\/wp\/v2\/types\/post"}],"author":[{"embeddable":true,"href":"https:\/\/www.bellunopress.it\/fr\/wp-json\/wp\/v2\/users\/2"}],"replies":[{"embeddable":true,"href":"https:\/\/www.bellunopress.it\/fr\/wp-json\/wp\/v2\/comments?post=167254"}],"version-history":[{"count":1,"href":"https:\/\/www.bellunopress.it\/fr\/wp-json\/wp\/v2\/posts\/167254\/revisions"}],"predecessor-version":[{"id":167256,"href":"https:\/\/www.bellunopress.it\/fr\/wp-json\/wp\/v2\/posts\/167254\/revisions\/167256"}],"wp:featuredmedia":[{"embeddable":true,"href":"https:\/\/www.bellunopress.it\/fr\/wp-json\/wp\/v2\/media\/167255"}],"wp:attachment":[{"href":"https:\/\/www.bellunopress.it\/fr\/wp-json\/wp\/v2\/media?parent=167254"}],"wp:term":[{"taxonomy":"category","embeddable":true,"href":"https:\/\/www.bellunopress.it\/fr\/wp-json\/wp\/v2\/categories?post=167254"},{"taxonomy":"post_tag","embeddable":true,"href":"https:\/\/www.bellunopress.it\/fr\/wp-json\/wp\/v2\/tags?post=167254"}],"curies":[{"name":"wp","href":"https:\/\/api.w.org\/{rel}","templated":true}]}}