{"id":167240,"date":"2026-02-07T11:01:18","date_gmt":"2026-02-07T10:01:18","guid":{"rendered":"https:\/\/www.bellunopress.it\/?p=167240"},"modified":"2026-02-07T11:01:18","modified_gmt":"2026-02-07T10:01:18","slug":"olimpiadi-soddisfatto-il-consigliere-provinciale-bortoluzzi-macchina-operativa-al-100","status":"publish","type":"post","link":"https:\/\/www.bellunopress.it\/fr\/2026\/02\/07\/olimpiadi-soddisfatto-il-consigliere-provinciale-bortoluzzi-macchina-operativa-al-100\/","title":{"rendered":"Olimpiadi. Soddisfatto il consigliere provinciale Bortoluzzi: &#8220;Macchina operativa al 100%&#8221;"},"content":{"rendered":"<p data-path-to-node=\"3\"><b data-path-to-node=\"3\" data-index-in-node=\"0\">Cortina d&#8217;Ampezzo, 07\/02\/2026<\/b>\u00a0\u2013 Con l&#8217;accensione ufficiale dei riflettori sulle Olimpiadi invernali, la macchina organizzativa della Provincia di Belluno entra nel vivo della sua attivit\u00e0. Il Consigliere provinciale con delega alla Protezione Civile e ai Trasporti, Massimo Bortoluzzi, ha effettuato una serie di sopralluoghi tecnici per verificare sul campo la tenuta del sistema di accoglienza, sicurezza e mobilit\u00e0 in vista del grande afflusso di pubblico previsto per le prossime ore.<\/p>\n<h3 data-path-to-node=\"4\">La &#8220;Sala Safety&#8221;: il cuore del controllo<\/h3>\n<h6 style=\"text-align: left;\" data-path-to-node=\"5\">La giornata di verifiche \u00e8 iniziata presso la Sala Safety, il centro nevralgico dove convergono le informazioni per la gestione operativa e delle emergenze. Bortoluzzi ha analizzato i protocolli d&#8217;intervento, confermando che la struttura \u00e8 pronta a gestire i picchi di presenze.<\/h6>\n<blockquote data-path-to-node=\"6\">\n<h6 style=\"text-align: left;\" data-path-to-node=\"6,0\">&#8220;La macchina organizzativa \u00e8 attiva e pienamente operativa,&#8221; ha dichiarato il Consigliere. &#8220;Tutti gli attori coinvolti stanno dimostrando una professionalit\u00e0 altissima per garantire che l&#8217;evento si svolga nella massima sicurezza.&#8221;<\/h6>\n<\/blockquote>\n<h3 data-path-to-node=\"7\">Il grazie ai volontari in Valle del Boite<\/h3>\n<p data-path-to-node=\"8\">Un passaggio fondamentale della visita ha riguardato la Valle del Boite, dove Bortoluzzi ha incontrato i volontari della Protezione Civile. A loro \u00e8 andato il riconoscimento pi\u00f9 sentito per il presidio costante del territorio:<\/p>\n<ul data-path-to-node=\"9\">\n<li>\n<p data-path-to-node=\"9,0,0\">Servizio essenziale: Supporto logistico e assistenza alla popolazione e ai visitatori.<\/p>\n<\/li>\n<li>\n<p data-path-to-node=\"9,1,0\">Spirito di servizio: Un lavoro spesso silenzioso ma determinante per la riuscita della kermesse. <i data-path-to-node=\"9,1,0\" data-index-in-node=\"97\">&#8220;Un grazie sincero va a questi uomini e donne per il loro senso di responsabilit\u00e0,&#8221;<\/i> ha sottolineato Bortoluzzi.<\/p>\n<\/li>\n<\/ul>\n<h3 data-path-to-node=\"10\">Mobilit\u00e0: il test dei trasporti a Cortina<\/h3>\n<p data-path-to-node=\"11\">Nel pomeriggio, l&#8217;attenzione si \u00e8 spostata su Cortina d&#8217;Ampezzo. Qui, il Consigliere ha incontrato i referenti di Dolomitibus per monitorare il funzionamento del trasporto pubblico potenziato e, nello specifico, le aree destinate ai transporter MOLL. Si tratta di elementi chiave per il sistema di mobilit\u00e0 dedicato agli spettatori, progettato per ridurre l&#8217;impatto del traffico privato e garantire flussi ordinati verso le sedi di gara.<\/p>\n<h3 data-path-to-node=\"12\">Un coordinamento costante<\/h3>\n<p data-path-to-node=\"13\">Il bilancio delle prime ore \u00e8 positivo. Secondo Bortoluzzi, l&#8217;integrazione tra i diversi enti sta dando i frutti sperati:<\/p>\n<ol start=\"1\" data-path-to-node=\"14\">\n<li>\n<p data-path-to-node=\"14,0,0\">Monitoraggio continuo: Il raccordo tra Provincia e operatori \u00e8 costante.<\/p>\n<\/li>\n<li>\n<p data-path-to-node=\"14,1,0\">Efficienza: Il servizio trasporti sta rispondendo bene alle sollecitazioni iniziali.<\/p>\n<\/li>\n<li>\n<p data-path-to-node=\"14,2,0\">Sicurezza: Presidio capillare su tutte le aree sensibili.<\/p>\n<\/li>\n<\/ol>\n<p data-path-to-node=\"15\"><i data-path-to-node=\"15\" data-index-in-node=\"0\">&#8220;Tutto sta funzionando nel migliore dei modi,&#8221;<\/i> ha concluso il Consigliere. <i data-path-to-node=\"15\" data-index-in-node=\"75\">&#8220;Continueremo a vigilare per garantire ordine e un servizio efficiente per tutta la durata dei Giochi. La Provincia di Belluno c&#8217;\u00e8, offrendo un supporto concreto su ogni fronte.&#8221;<\/i><\/p>","protected":false},"excerpt":{"rendered":"<p>Cortina d&#8217;Ampezzo, 07\/02\/2026\u00a0\u2013 Con l&#8217;accensione ufficiale dei riflettori sulle Olimpiadi invernali, la macchina organizzativa della Provincia di Belluno entra nel vivo della sua attivit\u00e0. Il Consigliere provinciale con delega alla Protezione Civile e ai Trasporti, Massimo Bortoluzzi, ha effettuato una serie di sopralluoghi tecnici per verificare sul campo la tenuta del sistema di accoglienza, sicurezza [&hellip;]<\/p>\n","protected":false},"author":2,"featured_media":167241,"comment_status":"closed","ping_status":"open","sticky":false,"template":"","format":"standard","meta":{"footnotes":""},"categories":[5],"tags":[],"class_list":["post-167240","post","type-post","status-publish","format-standard","has-post-thumbnail","category-cronaca"],"yoast_head":"<!-- This site is optimized with the Yoast SEO plugin v28.4 - https:\/\/yoast.com\/product\/yoast-seo-wordpress\/ -->\n<title>Olimpiadi. Soddisfatto il consigliere provinciale Bortoluzzi: &quot;Macchina operativa al 100%&quot; - Bellunopress - Dolomiti<\/title>\n<meta name=\"robots\" content=\"index, follow, max-snippet:-1, max-image-preview:large, max-video-preview:-1\" \/>\n<link rel=\"canonical\" href=\"https:\/\/www.bellunopress.it\/fr\/2026\/02\/07\/olimpiadi-soddisfatto-il-consigliere-provinciale-bortoluzzi-macchina-operativa-al-100\/\" \/>\n<meta property=\"og:locale\" content=\"fr_FR\" \/>\n<meta property=\"og:type\" content=\"article\" \/>\n<meta property=\"og:title\" content=\"Olimpiadi. Soddisfatto il consigliere provinciale Bortoluzzi: &quot;Macchina operativa al 100%&quot; - Bellunopress - Dolomiti\" \/>\n<meta property=\"og:description\" content=\"Cortina d&#8217;Ampezzo, 07\/02\/2026\u00a0\u2013 Con l&#8217;accensione ufficiale dei riflettori sulle Olimpiadi invernali, la macchina organizzativa della Provincia di Belluno entra nel vivo della sua attivit\u00e0. Il Consigliere provinciale con delega alla Protezione Civile e ai Trasporti, Massimo Bortoluzzi, ha effettuato una serie di sopralluoghi tecnici per verificare sul campo la tenuta del sistema di accoglienza, sicurezza [&hellip;]\" \/>\n<meta property=\"og:url\" content=\"https:\/\/www.bellunopress.it\/fr\/2026\/02\/07\/olimpiadi-soddisfatto-il-consigliere-provinciale-bortoluzzi-macchina-operativa-al-100\/\" \/>\n<meta property=\"og:site_name\" content=\"Bellunopress - Dolomiti\" \/>\n<meta property=\"article:publisher\" content=\"https:\/\/www.facebook.com\/profile.php?id=100008943462799\" \/>\n<meta property=\"article:published_time\" content=\"2026-02-07T10:01:18+00:00\" \/>\n<meta property=\"og:image\" content=\"https:\/\/www.bellunopress.it\/wp-content\/uploads\/2026\/02\/Massimo-Bortoluzzi-e-i-volontari-della-protez-civile-x-Olimpiadi-Cortina.jpeg\" \/>\n\t<meta property=\"og:image:width\" content=\"600\" \/>\n\t<meta property=\"og:image:height\" content=\"308\" \/>\n\t<meta property=\"og:image:type\" content=\"image\/jpeg\" \/>\n<meta name=\"author\" content=\"redazione\" \/>\n<meta name=\"twitter:card\" content=\"summary_large_image\" \/>\n<meta name=\"twitter:creator\" content=\"@bellunopress\" \/>\n<meta name=\"twitter:site\" content=\"@bellunopress\" \/>\n<meta name=\"twitter:label1\" content=\"\u00c9crit par\" \/>\n\t<meta name=\"twitter:data1\" content=\"redazione\" \/>\n\t<meta name=\"twitter:label2\" content=\"Dur\u00e9e de lecture estim\u00e9e\" \/>\n\t<meta name=\"twitter:data2\" content=\"2 minutes\" \/>\n<script type=\"application\/ld+json\" class=\"yoast-schema-graph\">{\"@context\":\"https:\\\/\\\/schema.org\",\"@graph\":[{\"@type\":\"Article\",\"@id\":\"https:\\\/\\\/www.bellunopress.it\\\/2026\\\/02\\\/07\\\/olimpiadi-soddisfatto-il-consigliere-provinciale-bortoluzzi-macchina-operativa-al-100\\\/#article\",\"isPartOf\":{\"@id\":\"https:\\\/\\\/www.bellunopress.it\\\/2026\\\/02\\\/07\\\/olimpiadi-soddisfatto-il-consigliere-provinciale-bortoluzzi-macchina-operativa-al-100\\\/\"},\"author\":{\"name\":\"redazione\",\"@id\":\"https:\\\/\\\/www.bellunopress.it\\\/#\\\/schema\\\/person\\\/79bb06722b37ece1c03d3e94beb30d73\"},\"headline\":\"Olimpiadi. Soddisfatto il consigliere provinciale Bortoluzzi: &#8220;Macchina operativa al 100%&#8221;\",\"datePublished\":\"2026-02-07T10:01:18+00:00\",\"mainEntityOfPage\":{\"@id\":\"https:\\\/\\\/www.bellunopress.it\\\/2026\\\/02\\\/07\\\/olimpiadi-soddisfatto-il-consigliere-provinciale-bortoluzzi-macchina-operativa-al-100\\\/\"},\"wordCount\":402,\"publisher\":{\"@id\":\"https:\\\/\\\/www.bellunopress.it\\\/#organization\"},\"image\":{\"@id\":\"https:\\\/\\\/www.bellunopress.it\\\/2026\\\/02\\\/07\\\/olimpiadi-soddisfatto-il-consigliere-provinciale-bortoluzzi-macchina-operativa-al-100\\\/#primaryimage\"},\"thumbnailUrl\":\"https:\\\/\\\/www.bellunopress.it\\\/wp-content\\\/uploads\\\/2026\\\/02\\\/Massimo-Bortoluzzi-e-i-volontari-della-protez-civile-x-Olimpiadi-Cortina.jpeg\",\"articleSection\":[\"Cronaca\\\/Politica\"],\"inLanguage\":\"fr-FR\"},{\"@type\":\"WebPage\",\"@id\":\"https:\\\/\\\/www.bellunopress.it\\\/2026\\\/02\\\/07\\\/olimpiadi-soddisfatto-il-consigliere-provinciale-bortoluzzi-macchina-operativa-al-100\\\/\",\"url\":\"https:\\\/\\\/www.bellunopress.it\\\/2026\\\/02\\\/07\\\/olimpiadi-soddisfatto-il-consigliere-provinciale-bortoluzzi-macchina-operativa-al-100\\\/\",\"name\":\"Olimpiadi. Soddisfatto il consigliere provinciale Bortoluzzi: \\\"Macchina operativa al 100%\\\" - Bellunopress - Dolomiti\",\"isPartOf\":{\"@id\":\"https:\\\/\\\/www.bellunopress.it\\\/#website\"},\"primaryImageOfPage\":{\"@id\":\"https:\\\/\\\/www.bellunopress.it\\\/2026\\\/02\\\/07\\\/olimpiadi-soddisfatto-il-consigliere-provinciale-bortoluzzi-macchina-operativa-al-100\\\/#primaryimage\"},\"image\":{\"@id\":\"https:\\\/\\\/www.bellunopress.it\\\/2026\\\/02\\\/07\\\/olimpiadi-soddisfatto-il-consigliere-provinciale-bortoluzzi-macchina-operativa-al-100\\\/#primaryimage\"},\"thumbnailUrl\":\"https:\\\/\\\/www.bellunopress.it\\\/wp-content\\\/uploads\\\/2026\\\/02\\\/Massimo-Bortoluzzi-e-i-volontari-della-protez-civile-x-Olimpiadi-Cortina.jpeg\",\"datePublished\":\"2026-02-07T10:01:18+00:00\",\"breadcrumb\":{\"@id\":\"https:\\\/\\\/www.bellunopress.it\\\/2026\\\/02\\\/07\\\/olimpiadi-soddisfatto-il-consigliere-provinciale-bortoluzzi-macchina-operativa-al-100\\\/#breadcrumb\"},\"inLanguage\":\"fr-FR\",\"potentialAction\":[{\"@type\":\"ReadAction\",\"target\":[\"https:\\\/\\\/www.bellunopress.it\\\/2026\\\/02\\\/07\\\/olimpiadi-soddisfatto-il-consigliere-provinciale-bortoluzzi-macchina-operativa-al-100\\\/\"]}]},{\"@type\":\"ImageObject\",\"inLanguage\":\"fr-FR\",\"@id\":\"https:\\\/\\\/www.bellunopress.it\\\/2026\\\/02\\\/07\\\/olimpiadi-soddisfatto-il-consigliere-provinciale-bortoluzzi-macchina-operativa-al-100\\\/#primaryimage\",\"url\":\"https:\\\/\\\/www.bellunopress.it\\\/wp-content\\\/uploads\\\/2026\\\/02\\\/Massimo-Bortoluzzi-e-i-volontari-della-protez-civile-x-Olimpiadi-Cortina.jpeg\",\"contentUrl\":\"https:\\\/\\\/www.bellunopress.it\\\/wp-content\\\/uploads\\\/2026\\\/02\\\/Massimo-Bortoluzzi-e-i-volontari-della-protez-civile-x-Olimpiadi-Cortina.jpeg\",\"width\":600,\"height\":308},{\"@type\":\"BreadcrumbList\",\"@id\":\"https:\\\/\\\/www.bellunopress.it\\\/2026\\\/02\\\/07\\\/olimpiadi-soddisfatto-il-consigliere-provinciale-bortoluzzi-macchina-operativa-al-100\\\/#breadcrumb\",\"itemListElement\":[{\"@type\":\"ListItem\",\"position\":1,\"name\":\"Home\",\"item\":\"https:\\\/\\\/www.bellunopress.it\\\/\"},{\"@type\":\"ListItem\",\"position\":2,\"name\":\"Olimpiadi. Soddisfatto il consigliere provinciale Bortoluzzi: &#8220;Macchina operativa al 100%&#8221;\"}]},{\"@type\":\"WebSite\",\"@id\":\"https:\\\/\\\/www.bellunopress.it\\\/#website\",\"url\":\"https:\\\/\\\/www.bellunopress.it\\\/\",\"name\":\"Bellunopress - Dolomiti\",\"description\":\"e-mail: redazione@bellunopress.it\",\"publisher\":{\"@id\":\"https:\\\/\\\/www.bellunopress.it\\\/#organization\"},\"potentialAction\":[{\"@type\":\"SearchAction\",\"target\":{\"@type\":\"EntryPoint\",\"urlTemplate\":\"https:\\\/\\\/www.bellunopress.it\\\/?s={search_term_string}\"},\"query-input\":{\"@type\":\"PropertyValueSpecification\",\"valueRequired\":true,\"valueName\":\"search_term_string\"}}],\"inLanguage\":\"fr-FR\"},{\"@type\":\"Organization\",\"@id\":\"https:\\\/\\\/www.bellunopress.it\\\/#organization\",\"name\":\"Bellunopress\",\"url\":\"https:\\\/\\\/www.bellunopress.it\\\/\",\"logo\":{\"@type\":\"ImageObject\",\"inLanguage\":\"fr-FR\",\"@id\":\"https:\\\/\\\/www.bellunopress.it\\\/#\\\/schema\\\/logo\\\/image\\\/\",\"url\":\"https:\\\/\\\/www.bellunopress.it\\\/wp-content\\\/uploads\\\/2011\\\/05\\\/cropped-logo-bellunopress-.jpg\",\"contentUrl\":\"https:\\\/\\\/www.bellunopress.it\\\/wp-content\\\/uploads\\\/2011\\\/05\\\/cropped-logo-bellunopress-.jpg\",\"width\":512,\"height\":512,\"caption\":\"Bellunopress\"},\"image\":{\"@id\":\"https:\\\/\\\/www.bellunopress.it\\\/#\\\/schema\\\/logo\\\/image\\\/\"},\"sameAs\":[\"https:\\\/\\\/www.facebook.com\\\/profile.php?id=100008943462799\",\"https:\\\/\\\/x.com\\\/bellunopress\",\"https:\\\/\\\/www.linkedin.com\\\/hp\\\/?dnr=JBzUWaJfMUw8vbXJJ2tVW5-I3jZKvC4wsoxE&amp;amp;amp;amp;amp;amp;trk=nav_responsive_tab_home\",\"https:\\\/\\\/www.youtube.com\\\/channel\\\/UCxL0wu1uN0_3_7hGG0306cw\"]},{\"@type\":\"Person\",\"@id\":\"https:\\\/\\\/www.bellunopress.it\\\/#\\\/schema\\\/person\\\/79bb06722b37ece1c03d3e94beb30d73\",\"name\":\"redazione\",\"image\":{\"@type\":\"ImageObject\",\"inLanguage\":\"fr-FR\",\"@id\":\"https:\\\/\\\/secure.gravatar.com\\\/avatar\\\/37d968a2e67a6fd04c169c4bdef102d0bc5d31b2546345219e348575eb80e9a0?s=96&d=mm&r=g\",\"url\":\"https:\\\/\\\/secure.gravatar.com\\\/avatar\\\/37d968a2e67a6fd04c169c4bdef102d0bc5d31b2546345219e348575eb80e9a0?s=96&d=mm&r=g\",\"contentUrl\":\"https:\\\/\\\/secure.gravatar.com\\\/avatar\\\/37d968a2e67a6fd04c169c4bdef102d0bc5d31b2546345219e348575eb80e9a0?s=96&d=mm&r=g\",\"caption\":\"redazione\"},\"sameAs\":[\"http:\\\/\\\/www.bellunopress.it\",\"https:\\\/\\\/x.com\\\/bellunopress\"],\"url\":\"https:\\\/\\\/www.bellunopress.it\\\/fr\\\/author\\\/redazione\\\/\"}]}<\/script>\n<!-- \/ Yoast SEO plugin. -->","yoast_head_json":{"title":"Olimpiadi. Soddisfatto il consigliere provinciale Bortoluzzi: \"Macchina operativa al 100%\" - Bellunopress - Dolomiti","robots":{"index":"index","follow":"follow","max-snippet":"max-snippet:-1","max-image-preview":"max-image-preview:large","max-video-preview":"max-video-preview:-1"},"canonical":"https:\/\/www.bellunopress.it\/fr\/2026\/02\/07\/olimpiadi-soddisfatto-il-consigliere-provinciale-bortoluzzi-macchina-operativa-al-100\/","og_locale":"fr_FR","og_type":"article","og_title":"Olimpiadi. Soddisfatto il consigliere provinciale Bortoluzzi: \"Macchina operativa al 100%\" - Bellunopress - Dolomiti","og_description":"Cortina d&#8217;Ampezzo, 07\/02\/2026\u00a0\u2013 Con l&#8217;accensione ufficiale dei riflettori sulle Olimpiadi invernali, la macchina organizzativa della Provincia di Belluno entra nel vivo della sua attivit\u00e0. Il Consigliere provinciale con delega alla Protezione Civile e ai Trasporti, Massimo Bortoluzzi, ha effettuato una serie di sopralluoghi tecnici per verificare sul campo la tenuta del sistema di accoglienza, sicurezza [&hellip;]","og_url":"https:\/\/www.bellunopress.it\/fr\/2026\/02\/07\/olimpiadi-soddisfatto-il-consigliere-provinciale-bortoluzzi-macchina-operativa-al-100\/","og_site_name":"Bellunopress - Dolomiti","article_publisher":"https:\/\/www.facebook.com\/profile.php?id=100008943462799","article_published_time":"2026-02-07T10:01:18+00:00","og_image":[{"width":600,"height":308,"url":"https:\/\/www.bellunopress.it\/wp-content\/uploads\/2026\/02\/Massimo-Bortoluzzi-e-i-volontari-della-protez-civile-x-Olimpiadi-Cortina.jpeg","type":"image\/jpeg"}],"author":"redazione","twitter_card":"summary_large_image","twitter_creator":"@bellunopress","twitter_site":"@bellunopress","twitter_misc":{"\u00c9crit par":"redazione","Dur\u00e9e de lecture estim\u00e9e":"2 minutes"},"schema":{"@context":"https:\/\/schema.org","@graph":[{"@type":"Article","@id":"https:\/\/www.bellunopress.it\/2026\/02\/07\/olimpiadi-soddisfatto-il-consigliere-provinciale-bortoluzzi-macchina-operativa-al-100\/#article","isPartOf":{"@id":"https:\/\/www.bellunopress.it\/2026\/02\/07\/olimpiadi-soddisfatto-il-consigliere-provinciale-bortoluzzi-macchina-operativa-al-100\/"},"author":{"name":"redazione","@id":"https:\/\/www.bellunopress.it\/#\/schema\/person\/79bb06722b37ece1c03d3e94beb30d73"},"headline":"Olimpiadi. Soddisfatto il consigliere provinciale Bortoluzzi: &#8220;Macchina operativa al 100%&#8221;","datePublished":"2026-02-07T10:01:18+00:00","mainEntityOfPage":{"@id":"https:\/\/www.bellunopress.it\/2026\/02\/07\/olimpiadi-soddisfatto-il-consigliere-provinciale-bortoluzzi-macchina-operativa-al-100\/"},"wordCount":402,"publisher":{"@id":"https:\/\/www.bellunopress.it\/#organization"},"image":{"@id":"https:\/\/www.bellunopress.it\/2026\/02\/07\/olimpiadi-soddisfatto-il-consigliere-provinciale-bortoluzzi-macchina-operativa-al-100\/#primaryimage"},"thumbnailUrl":"https:\/\/www.bellunopress.it\/wp-content\/uploads\/2026\/02\/Massimo-Bortoluzzi-e-i-volontari-della-protez-civile-x-Olimpiadi-Cortina.jpeg","articleSection":["Cronaca\/Politica"],"inLanguage":"fr-FR"},{"@type":"WebPage","@id":"https:\/\/www.bellunopress.it\/2026\/02\/07\/olimpiadi-soddisfatto-il-consigliere-provinciale-bortoluzzi-macchina-operativa-al-100\/","url":"https:\/\/www.bellunopress.it\/2026\/02\/07\/olimpiadi-soddisfatto-il-consigliere-provinciale-bortoluzzi-macchina-operativa-al-100\/","name":"Olimpiadi. Soddisfatto il consigliere provinciale Bortoluzzi: \"Macchina operativa al 100%\" - Bellunopress - Dolomiti","isPartOf":{"@id":"https:\/\/www.bellunopress.it\/#website"},"primaryImageOfPage":{"@id":"https:\/\/www.bellunopress.it\/2026\/02\/07\/olimpiadi-soddisfatto-il-consigliere-provinciale-bortoluzzi-macchina-operativa-al-100\/#primaryimage"},"image":{"@id":"https:\/\/www.bellunopress.it\/2026\/02\/07\/olimpiadi-soddisfatto-il-consigliere-provinciale-bortoluzzi-macchina-operativa-al-100\/#primaryimage"},"thumbnailUrl":"https:\/\/www.bellunopress.it\/wp-content\/uploads\/2026\/02\/Massimo-Bortoluzzi-e-i-volontari-della-protez-civile-x-Olimpiadi-Cortina.jpeg","datePublished":"2026-02-07T10:01:18+00:00","breadcrumb":{"@id":"https:\/\/www.bellunopress.it\/2026\/02\/07\/olimpiadi-soddisfatto-il-consigliere-provinciale-bortoluzzi-macchina-operativa-al-100\/#breadcrumb"},"inLanguage":"fr-FR","potentialAction":[{"@type":"ReadAction","target":["https:\/\/www.bellunopress.it\/2026\/02\/07\/olimpiadi-soddisfatto-il-consigliere-provinciale-bortoluzzi-macchina-operativa-al-100\/"]}]},{"@type":"ImageObject","inLanguage":"fr-FR","@id":"https:\/\/www.bellunopress.it\/2026\/02\/07\/olimpiadi-soddisfatto-il-consigliere-provinciale-bortoluzzi-macchina-operativa-al-100\/#primaryimage","url":"https:\/\/www.bellunopress.it\/wp-content\/uploads\/2026\/02\/Massimo-Bortoluzzi-e-i-volontari-della-protez-civile-x-Olimpiadi-Cortina.jpeg","contentUrl":"https:\/\/www.bellunopress.it\/wp-content\/uploads\/2026\/02\/Massimo-Bortoluzzi-e-i-volontari-della-protez-civile-x-Olimpiadi-Cortina.jpeg","width":600,"height":308},{"@type":"BreadcrumbList","@id":"https:\/\/www.bellunopress.it\/2026\/02\/07\/olimpiadi-soddisfatto-il-consigliere-provinciale-bortoluzzi-macchina-operativa-al-100\/#breadcrumb","itemListElement":[{"@type":"ListItem","position":1,"name":"Home","item":"https:\/\/www.bellunopress.it\/"},{"@type":"ListItem","position":2,"name":"Olimpiadi. Soddisfatto il consigliere provinciale Bortoluzzi: &#8220;Macchina operativa al 100%&#8221;"}]},{"@type":"WebSite","@id":"https:\/\/www.bellunopress.it\/#website","url":"https:\/\/www.bellunopress.it\/","name":"Bellunopress - Dolomiti","description":"e-mail: redazione@bellunopress.it","publisher":{"@id":"https:\/\/www.bellunopress.it\/#organization"},"potentialAction":[{"@type":"SearchAction","target":{"@type":"EntryPoint","urlTemplate":"https:\/\/www.bellunopress.it\/?s={search_term_string}"},"query-input":{"@type":"PropertyValueSpecification","valueRequired":true,"valueName":"search_term_string"}}],"inLanguage":"fr-FR"},{"@type":"Organization","@id":"https:\/\/www.bellunopress.it\/#organization","name":"Bellunopress","url":"https:\/\/www.bellunopress.it\/","logo":{"@type":"ImageObject","inLanguage":"fr-FR","@id":"https:\/\/www.bellunopress.it\/#\/schema\/logo\/image\/","url":"https:\/\/www.bellunopress.it\/wp-content\/uploads\/2011\/05\/cropped-logo-bellunopress-.jpg","contentUrl":"https:\/\/www.bellunopress.it\/wp-content\/uploads\/2011\/05\/cropped-logo-bellunopress-.jpg","width":512,"height":512,"caption":"Bellunopress"},"image":{"@id":"https:\/\/www.bellunopress.it\/#\/schema\/logo\/image\/"},"sameAs":["https:\/\/www.facebook.com\/profile.php?id=100008943462799","https:\/\/x.com\/bellunopress","https:\/\/www.linkedin.com\/hp\/?dnr=JBzUWaJfMUw8vbXJJ2tVW5-I3jZKvC4wsoxE&amp;amp;amp;amp;amp;amp;trk=nav_responsive_tab_home","https:\/\/www.youtube.com\/channel\/UCxL0wu1uN0_3_7hGG0306cw"]},{"@type":"Person","@id":"https:\/\/www.bellunopress.it\/#\/schema\/person\/79bb06722b37ece1c03d3e94beb30d73","name":"r\u00e9daction","image":{"@type":"ImageObject","inLanguage":"fr-FR","@id":"https:\/\/secure.gravatar.com\/avatar\/37d968a2e67a6fd04c169c4bdef102d0bc5d31b2546345219e348575eb80e9a0?s=96&d=mm&r=g","url":"https:\/\/secure.gravatar.com\/avatar\/37d968a2e67a6fd04c169c4bdef102d0bc5d31b2546345219e348575eb80e9a0?s=96&d=mm&r=g","contentUrl":"https:\/\/secure.gravatar.com\/avatar\/37d968a2e67a6fd04c169c4bdef102d0bc5d31b2546345219e348575eb80e9a0?s=96&d=mm&r=g","caption":"redazione"},"sameAs":["http:\/\/www.bellunopress.it","https:\/\/x.com\/bellunopress"],"url":"https:\/\/www.bellunopress.it\/fr\/author\/redazione\/"}]}},"_links":{"self":[{"href":"https:\/\/www.bellunopress.it\/fr\/wp-json\/wp\/v2\/posts\/167240","targetHints":{"allow":["GET"]}}],"collection":[{"href":"https:\/\/www.bellunopress.it\/fr\/wp-json\/wp\/v2\/posts"}],"about":[{"href":"https:\/\/www.bellunopress.it\/fr\/wp-json\/wp\/v2\/types\/post"}],"author":[{"embeddable":true,"href":"https:\/\/www.bellunopress.it\/fr\/wp-json\/wp\/v2\/users\/2"}],"replies":[{"embeddable":true,"href":"https:\/\/www.bellunopress.it\/fr\/wp-json\/wp\/v2\/comments?post=167240"}],"version-history":[{"count":1,"href":"https:\/\/www.bellunopress.it\/fr\/wp-json\/wp\/v2\/posts\/167240\/revisions"}],"predecessor-version":[{"id":167242,"href":"https:\/\/www.bellunopress.it\/fr\/wp-json\/wp\/v2\/posts\/167240\/revisions\/167242"}],"wp:featuredmedia":[{"embeddable":true,"href":"https:\/\/www.bellunopress.it\/fr\/wp-json\/wp\/v2\/media\/167241"}],"wp:attachment":[{"href":"https:\/\/www.bellunopress.it\/fr\/wp-json\/wp\/v2\/media?parent=167240"}],"wp:term":[{"taxonomy":"category","embeddable":true,"href":"https:\/\/www.bellunopress.it\/fr\/wp-json\/wp\/v2\/categories?post=167240"},{"taxonomy":"post_tag","embeddable":true,"href":"https:\/\/www.bellunopress.it\/fr\/wp-json\/wp\/v2\/tags?post=167240"}],"curies":[{"name":"wp","href":"https:\/\/api.w.org\/{rel}","templated":true}]}}