{"id":167237,"date":"2026-02-07T10:41:22","date_gmt":"2026-02-07T09:41:22","guid":{"rendered":"https:\/\/www.bellunopress.it\/?p=167237"},"modified":"2026-02-07T11:17:01","modified_gmt":"2026-02-07T10:17:01","slug":"buona-la-prima-tra-sfarzo-globale-e-ombre-locali-iniziano-i-giochi-di-milano-cortina-2026","status":"publish","type":"post","link":"https:\/\/www.bellunopress.it\/fr\/2026\/02\/07\/buona-la-prima-tra-sfarzo-globale-e-ombre-locali-iniziano-i-giochi-di-milano-cortina-2026\/","title":{"rendered":"Buona la prima: tra sfarzo globale e ombre locali, iniziano i Giochi di Milano-Cortina 2026"},"content":{"rendered":"<p data-path-to-node=\"3\">Il sipario si \u00e8 alzato. Ieri, venerd\u00ec 6 febbraio 2026, l\u2019Italia \u00e8 tornata ufficialmente al centro del mondo sportivo con la cerimonia d\u2019apertura dei Giochi Olimpici Invernali. Un evento che, stando ai primi dati, ha centrato l&#8217;obiettivo del grande impatto mediatico, pur lasciando dietro di s\u00e9 una scia di polemiche e disagi logistici che pesano sul territorio bellunese.<\/p>\n<h3 data-path-to-node=\"4\">Un miliardo di sguardi su San Siro<\/h3>\n<p data-path-to-node=\"5\">Sotto il profilo dello spettacolo e della risonanza internazionale, la macchina organizzativa ha girato a pieno regime. Le dirette televisive hanno restituito un&#8217;immagine dell&#8217;Italia moderna e vibrante, con una stima impressionante di un miliardo di spettatori collegati da ogni angolo del pianeta. San Siro, trasformato in un palcoscenico tecnologico senza precedenti, ha saputo emozionare, confermando che il &#8220;brand Italia&#8221; gode ancora di un fascino magnetico.<\/p>\n<h3 data-path-to-node=\"6\">Cortina: la perla tra i blocchi stradali<\/h3>\n<p data-path-to-node=\"7\">Se Milano ha festeggiato, a Cortina d&#8217;Ampezzo il clima \u00e8 apparso pi\u00f9 rarefatto. La &#8220;Regina delle Dolomiti&#8221; \u00e8 stata protetta da un imponente sistema di sicurezza e sbarramenti: l&#8217;accesso \u00e8 stato limitato da un rigido sistema di pass che ha, di fatto, penalizzato l&#8217;afflusso spontaneo di curiosi e turisti della domenica. Una Cortina blindata, magnifica nelle inquadrature aeree, ma difficile da raggiungere e vivere per chi non faceva parte della &#8220;bolla&#8221; olimpica.<\/p>\n<p data-path-to-node=\"8\">A Belluno, cuore della provincia, l\u2019atmosfera \u00e8 stata pi\u00f9 sobria. Un gruppetto di cittadini si \u00e8 ritrovato davanti al maxischermo allestito in citt\u00e0 per seguire la diretta, tra applausi e qualche commento scettico sulla gestione dei flussi e sull&#8217;eredit\u00e0 che i Giochi lasceranno al territorio.<\/p>\n<h3 data-path-to-node=\"10\">La voce del dissenso: &#8220;Debiti pubblici e profitti privati&#8221;<\/h3>\n<p data-path-to-node=\"11\">Non tutto \u00e8 stato per\u00f2 luci e fuochi d&#8217;artificio. Mentre le autorit\u00e0 celebravano l&#8217;inizio delle competizioni, si alzava forte la voce della protesta. Rifondazione Comunista, attraverso un comunicato della Segretaria della Federazione di Belluno, Moira Fiorot, ha espresso una posizione durissima, annunciando la partecipazione alla manifestazione del 7 febbraio a Feltre, indetta dal &#8220;Comitato Insostenibili Olimpiadi&#8221;.<\/p>\n<blockquote data-path-to-node=\"12\">\n<h6 style=\"text-align: left;\" data-path-to-node=\"12,0\">&#8220;Denunciamo da sempre che il megaevento si accompagna a speculazione immobiliare, territori devastati e lavoro dequalificato,&#8221; si legge nella nota.<\/h6>\n<\/blockquote>\n<p data-path-to-node=\"13\">I punti critici sollevati dal PRC toccano nervi scoperti della gestione olimpica:<\/p>\n<ul data-path-to-node=\"14\">\n<li>\n<p data-path-to-node=\"14,0,0\">Sicurezza sul lavoro: Il ricordo del tragico incidente in cui ha perso la vita un operaio nei cantieri olimpici resta una ferita aperta.<\/p>\n<\/li>\n<li>\n<p data-path-to-node=\"14,1,0\">Bilancio economico: L&#8217;accusa \u00e8 che i debiti restino a carico della collettivit\u00e0, mentre i profitti vengano privatizzati.<\/p>\n<\/li>\n<li>\n<p data-path-to-node=\"14,2,0\">Presenze controverse: Viene contestata la presenza della milizia USA dell&#8217;ICE, gi\u00e0 oggetto di proteste a Milano nei giorni scorsi.<\/p>\n<\/li>\n<\/ul>\n<h3 data-path-to-node=\"15\">Uno spirito olimpico &#8220;tradito&#8221;?<\/h3>\n<p data-path-to-node=\"16\">Secondo i manifestanti, lo &#8220;spirito olimpico&#8221; sarebbe stato sacrificato sull&#8217;altare delle grandi opere, spesso rimaste incompiute sia in citt\u00e0 che in quota. Le promesse fatte alle comunit\u00e0 locali sono viste come &#8220;tradite&#8221;, trasformando quella che dovrebbe essere una festa dello sport in un&#8217;operazione economica dai contorni incerti per chi la montagna la vive quotidianamente.<\/p>\n<p data-path-to-node=\"17\">La sfida di Milano-Cortina 2026 inizia dunque cos\u00ec: con un successo d&#8217;ascolti globale, ma con un territorio che chiede risposte concrete su sostenibilit\u00e0, costi e futuro.<\/p>","protected":false},"excerpt":{"rendered":"<p>Il sipario si \u00e8 alzato. Ieri, venerd\u00ec 6 febbraio 2026, l\u2019Italia \u00e8 tornata ufficialmente al centro del mondo sportivo con la cerimonia d\u2019apertura dei Giochi Olimpici Invernali. Un evento che, stando ai primi dati, ha centrato l&#8217;obiettivo del grande impatto mediatico, pur lasciando dietro di s\u00e9 una scia di polemiche e disagi logistici che pesano [&hellip;]<\/p>\n","protected":false},"author":2,"featured_media":167238,"comment_status":"closed","ping_status":"open","sticky":false,"template":"","format":"standard","meta":{"footnotes":""},"categories":[5,3446],"tags":[],"class_list":["post-167237","post","type-post","status-publish","format-standard","has-post-thumbnail","category-cronaca","category-featured"],"yoast_head":"<!-- This site is optimized with the Yoast SEO plugin v28.4 - https:\/\/yoast.com\/product\/yoast-seo-wordpress\/ -->\n<title>Buona la prima: tra sfarzo globale e ombre locali, iniziano i Giochi di Milano-Cortina 2026 - Bellunopress - Dolomiti<\/title>\n<meta name=\"robots\" content=\"index, follow, max-snippet:-1, max-image-preview:large, max-video-preview:-1\" \/>\n<link rel=\"canonical\" href=\"https:\/\/www.bellunopress.it\/fr\/2026\/02\/07\/buona-la-prima-tra-sfarzo-globale-e-ombre-locali-iniziano-i-giochi-di-milano-cortina-2026\/\" \/>\n<meta property=\"og:locale\" content=\"fr_FR\" \/>\n<meta property=\"og:type\" content=\"article\" \/>\n<meta property=\"og:title\" content=\"Buona la prima: tra sfarzo globale e ombre locali, iniziano i Giochi di Milano-Cortina 2026 - Bellunopress - Dolomiti\" \/>\n<meta property=\"og:description\" content=\"Il sipario si \u00e8 alzato. Ieri, venerd\u00ec 6 febbraio 2026, l\u2019Italia \u00e8 tornata ufficialmente al centro del mondo sportivo con la cerimonia d\u2019apertura dei Giochi Olimpici Invernali. Un evento che, stando ai primi dati, ha centrato l&#8217;obiettivo del grande impatto mediatico, pur lasciando dietro di s\u00e9 una scia di polemiche e disagi logistici che pesano [&hellip;]\" \/>\n<meta property=\"og:url\" content=\"https:\/\/www.bellunopress.it\/fr\/2026\/02\/07\/buona-la-prima-tra-sfarzo-globale-e-ombre-locali-iniziano-i-giochi-di-milano-cortina-2026\/\" \/>\n<meta property=\"og:site_name\" content=\"Bellunopress - Dolomiti\" \/>\n<meta property=\"article:publisher\" content=\"https:\/\/www.facebook.com\/profile.php?id=100008943462799\" \/>\n<meta property=\"article:published_time\" content=\"2026-02-07T09:41:22+00:00\" \/>\n<meta property=\"article:modified_time\" content=\"2026-02-07T10:17:01+00:00\" \/>\n<meta property=\"og:image\" content=\"https:\/\/www.bellunopress.it\/wp-content\/uploads\/2026\/02\/maxi-schermo-olimpiadi.jpg\" \/>\n\t<meta property=\"og:image:width\" content=\"600\" \/>\n\t<meta property=\"og:image:height\" content=\"450\" \/>\n\t<meta property=\"og:image:type\" content=\"image\/jpeg\" \/>\n<meta name=\"author\" content=\"redazione\" \/>\n<meta name=\"twitter:card\" content=\"summary_large_image\" \/>\n<meta name=\"twitter:creator\" content=\"@bellunopress\" \/>\n<meta name=\"twitter:site\" content=\"@bellunopress\" \/>\n<meta name=\"twitter:label1\" content=\"\u00c9crit par\" \/>\n\t<meta name=\"twitter:data1\" content=\"redazione\" \/>\n\t<meta name=\"twitter:label2\" content=\"Dur\u00e9e de lecture estim\u00e9e\" \/>\n\t<meta name=\"twitter:data2\" content=\"2 minutes\" \/>\n<script type=\"application\/ld+json\" class=\"yoast-schema-graph\">{\"@context\":\"https:\\\/\\\/schema.org\",\"@graph\":[{\"@type\":\"Article\",\"@id\":\"https:\\\/\\\/www.bellunopress.it\\\/2026\\\/02\\\/07\\\/buona-la-prima-tra-sfarzo-globale-e-ombre-locali-iniziano-i-giochi-di-milano-cortina-2026\\\/#article\",\"isPartOf\":{\"@id\":\"https:\\\/\\\/www.bellunopress.it\\\/2026\\\/02\\\/07\\\/buona-la-prima-tra-sfarzo-globale-e-ombre-locali-iniziano-i-giochi-di-milano-cortina-2026\\\/\"},\"author\":{\"name\":\"redazione\",\"@id\":\"https:\\\/\\\/www.bellunopress.it\\\/#\\\/schema\\\/person\\\/79bb06722b37ece1c03d3e94beb30d73\"},\"headline\":\"Buona la prima: tra sfarzo globale e ombre locali, iniziano i Giochi di Milano-Cortina 2026\",\"datePublished\":\"2026-02-07T09:41:22+00:00\",\"dateModified\":\"2026-02-07T10:17:01+00:00\",\"mainEntityOfPage\":{\"@id\":\"https:\\\/\\\/www.bellunopress.it\\\/2026\\\/02\\\/07\\\/buona-la-prima-tra-sfarzo-globale-e-ombre-locali-iniziano-i-giochi-di-milano-cortina-2026\\\/\"},\"wordCount\":512,\"publisher\":{\"@id\":\"https:\\\/\\\/www.bellunopress.it\\\/#organization\"},\"image\":{\"@id\":\"https:\\\/\\\/www.bellunopress.it\\\/2026\\\/02\\\/07\\\/buona-la-prima-tra-sfarzo-globale-e-ombre-locali-iniziano-i-giochi-di-milano-cortina-2026\\\/#primaryimage\"},\"thumbnailUrl\":\"https:\\\/\\\/www.bellunopress.it\\\/wp-content\\\/uploads\\\/2026\\\/02\\\/maxi-schermo-olimpiadi.jpg\",\"articleSection\":[\"Cronaca\\\/Politica\",\"Featured\"],\"inLanguage\":\"fr-FR\"},{\"@type\":\"WebPage\",\"@id\":\"https:\\\/\\\/www.bellunopress.it\\\/2026\\\/02\\\/07\\\/buona-la-prima-tra-sfarzo-globale-e-ombre-locali-iniziano-i-giochi-di-milano-cortina-2026\\\/\",\"url\":\"https:\\\/\\\/www.bellunopress.it\\\/2026\\\/02\\\/07\\\/buona-la-prima-tra-sfarzo-globale-e-ombre-locali-iniziano-i-giochi-di-milano-cortina-2026\\\/\",\"name\":\"Buona la prima: tra sfarzo globale e ombre locali, iniziano i Giochi di Milano-Cortina 2026 - Bellunopress - Dolomiti\",\"isPartOf\":{\"@id\":\"https:\\\/\\\/www.bellunopress.it\\\/#website\"},\"primaryImageOfPage\":{\"@id\":\"https:\\\/\\\/www.bellunopress.it\\\/2026\\\/02\\\/07\\\/buona-la-prima-tra-sfarzo-globale-e-ombre-locali-iniziano-i-giochi-di-milano-cortina-2026\\\/#primaryimage\"},\"image\":{\"@id\":\"https:\\\/\\\/www.bellunopress.it\\\/2026\\\/02\\\/07\\\/buona-la-prima-tra-sfarzo-globale-e-ombre-locali-iniziano-i-giochi-di-milano-cortina-2026\\\/#primaryimage\"},\"thumbnailUrl\":\"https:\\\/\\\/www.bellunopress.it\\\/wp-content\\\/uploads\\\/2026\\\/02\\\/maxi-schermo-olimpiadi.jpg\",\"datePublished\":\"2026-02-07T09:41:22+00:00\",\"dateModified\":\"2026-02-07T10:17:01+00:00\",\"breadcrumb\":{\"@id\":\"https:\\\/\\\/www.bellunopress.it\\\/2026\\\/02\\\/07\\\/buona-la-prima-tra-sfarzo-globale-e-ombre-locali-iniziano-i-giochi-di-milano-cortina-2026\\\/#breadcrumb\"},\"inLanguage\":\"fr-FR\",\"potentialAction\":[{\"@type\":\"ReadAction\",\"target\":[\"https:\\\/\\\/www.bellunopress.it\\\/2026\\\/02\\\/07\\\/buona-la-prima-tra-sfarzo-globale-e-ombre-locali-iniziano-i-giochi-di-milano-cortina-2026\\\/\"]}]},{\"@type\":\"ImageObject\",\"inLanguage\":\"fr-FR\",\"@id\":\"https:\\\/\\\/www.bellunopress.it\\\/2026\\\/02\\\/07\\\/buona-la-prima-tra-sfarzo-globale-e-ombre-locali-iniziano-i-giochi-di-milano-cortina-2026\\\/#primaryimage\",\"url\":\"https:\\\/\\\/www.bellunopress.it\\\/wp-content\\\/uploads\\\/2026\\\/02\\\/maxi-schermo-olimpiadi.jpg\",\"contentUrl\":\"https:\\\/\\\/www.bellunopress.it\\\/wp-content\\\/uploads\\\/2026\\\/02\\\/maxi-schermo-olimpiadi.jpg\",\"width\":600,\"height\":450},{\"@type\":\"BreadcrumbList\",\"@id\":\"https:\\\/\\\/www.bellunopress.it\\\/2026\\\/02\\\/07\\\/buona-la-prima-tra-sfarzo-globale-e-ombre-locali-iniziano-i-giochi-di-milano-cortina-2026\\\/#breadcrumb\",\"itemListElement\":[{\"@type\":\"ListItem\",\"position\":1,\"name\":\"Home\",\"item\":\"https:\\\/\\\/www.bellunopress.it\\\/\"},{\"@type\":\"ListItem\",\"position\":2,\"name\":\"Buona la prima: tra sfarzo globale e ombre locali, iniziano i Giochi di Milano-Cortina 2026\"}]},{\"@type\":\"WebSite\",\"@id\":\"https:\\\/\\\/www.bellunopress.it\\\/#website\",\"url\":\"https:\\\/\\\/www.bellunopress.it\\\/\",\"name\":\"Bellunopress - Dolomiti\",\"description\":\"e-mail: redazione@bellunopress.it\",\"publisher\":{\"@id\":\"https:\\\/\\\/www.bellunopress.it\\\/#organization\"},\"potentialAction\":[{\"@type\":\"SearchAction\",\"target\":{\"@type\":\"EntryPoint\",\"urlTemplate\":\"https:\\\/\\\/www.bellunopress.it\\\/?s={search_term_string}\"},\"query-input\":{\"@type\":\"PropertyValueSpecification\",\"valueRequired\":true,\"valueName\":\"search_term_string\"}}],\"inLanguage\":\"fr-FR\"},{\"@type\":\"Organization\",\"@id\":\"https:\\\/\\\/www.bellunopress.it\\\/#organization\",\"name\":\"Bellunopress\",\"url\":\"https:\\\/\\\/www.bellunopress.it\\\/\",\"logo\":{\"@type\":\"ImageObject\",\"inLanguage\":\"fr-FR\",\"@id\":\"https:\\\/\\\/www.bellunopress.it\\\/#\\\/schema\\\/logo\\\/image\\\/\",\"url\":\"https:\\\/\\\/www.bellunopress.it\\\/wp-content\\\/uploads\\\/2011\\\/05\\\/cropped-logo-bellunopress-.jpg\",\"contentUrl\":\"https:\\\/\\\/www.bellunopress.it\\\/wp-content\\\/uploads\\\/2011\\\/05\\\/cropped-logo-bellunopress-.jpg\",\"width\":512,\"height\":512,\"caption\":\"Bellunopress\"},\"image\":{\"@id\":\"https:\\\/\\\/www.bellunopress.it\\\/#\\\/schema\\\/logo\\\/image\\\/\"},\"sameAs\":[\"https:\\\/\\\/www.facebook.com\\\/profile.php?id=100008943462799\",\"https:\\\/\\\/x.com\\\/bellunopress\",\"https:\\\/\\\/www.linkedin.com\\\/hp\\\/?dnr=JBzUWaJfMUw8vbXJJ2tVW5-I3jZKvC4wsoxE&amp;amp;amp;amp;amp;amp;trk=nav_responsive_tab_home\",\"https:\\\/\\\/www.youtube.com\\\/channel\\\/UCxL0wu1uN0_3_7hGG0306cw\"]},{\"@type\":\"Person\",\"@id\":\"https:\\\/\\\/www.bellunopress.it\\\/#\\\/schema\\\/person\\\/79bb06722b37ece1c03d3e94beb30d73\",\"name\":\"redazione\",\"image\":{\"@type\":\"ImageObject\",\"inLanguage\":\"fr-FR\",\"@id\":\"https:\\\/\\\/secure.gravatar.com\\\/avatar\\\/37d968a2e67a6fd04c169c4bdef102d0bc5d31b2546345219e348575eb80e9a0?s=96&d=mm&r=g\",\"url\":\"https:\\\/\\\/secure.gravatar.com\\\/avatar\\\/37d968a2e67a6fd04c169c4bdef102d0bc5d31b2546345219e348575eb80e9a0?s=96&d=mm&r=g\",\"contentUrl\":\"https:\\\/\\\/secure.gravatar.com\\\/avatar\\\/37d968a2e67a6fd04c169c4bdef102d0bc5d31b2546345219e348575eb80e9a0?s=96&d=mm&r=g\",\"caption\":\"redazione\"},\"sameAs\":[\"http:\\\/\\\/www.bellunopress.it\",\"https:\\\/\\\/x.com\\\/bellunopress\"],\"url\":\"https:\\\/\\\/www.bellunopress.it\\\/fr\\\/author\\\/redazione\\\/\"}]}<\/script>\n<!-- \/ Yoast SEO plugin. -->","yoast_head_json":{"title":"Buona la prima: tra sfarzo globale e ombre locali, iniziano i Giochi di Milano-Cortina 2026 - Bellunopress - Dolomiti","robots":{"index":"index","follow":"follow","max-snippet":"max-snippet:-1","max-image-preview":"max-image-preview:large","max-video-preview":"max-video-preview:-1"},"canonical":"https:\/\/www.bellunopress.it\/fr\/2026\/02\/07\/buona-la-prima-tra-sfarzo-globale-e-ombre-locali-iniziano-i-giochi-di-milano-cortina-2026\/","og_locale":"fr_FR","og_type":"article","og_title":"Buona la prima: tra sfarzo globale e ombre locali, iniziano i Giochi di Milano-Cortina 2026 - Bellunopress - Dolomiti","og_description":"Il sipario si \u00e8 alzato. Ieri, venerd\u00ec 6 febbraio 2026, l\u2019Italia \u00e8 tornata ufficialmente al centro del mondo sportivo con la cerimonia d\u2019apertura dei Giochi Olimpici Invernali. Un evento che, stando ai primi dati, ha centrato l&#8217;obiettivo del grande impatto mediatico, pur lasciando dietro di s\u00e9 una scia di polemiche e disagi logistici che pesano [&hellip;]","og_url":"https:\/\/www.bellunopress.it\/fr\/2026\/02\/07\/buona-la-prima-tra-sfarzo-globale-e-ombre-locali-iniziano-i-giochi-di-milano-cortina-2026\/","og_site_name":"Bellunopress - Dolomiti","article_publisher":"https:\/\/www.facebook.com\/profile.php?id=100008943462799","article_published_time":"2026-02-07T09:41:22+00:00","article_modified_time":"2026-02-07T10:17:01+00:00","og_image":[{"width":600,"height":450,"url":"https:\/\/www.bellunopress.it\/wp-content\/uploads\/2026\/02\/maxi-schermo-olimpiadi.jpg","type":"image\/jpeg"}],"author":"redazione","twitter_card":"summary_large_image","twitter_creator":"@bellunopress","twitter_site":"@bellunopress","twitter_misc":{"\u00c9crit par":"redazione","Dur\u00e9e de lecture estim\u00e9e":"2 minutes"},"schema":{"@context":"https:\/\/schema.org","@graph":[{"@type":"Article","@id":"https:\/\/www.bellunopress.it\/2026\/02\/07\/buona-la-prima-tra-sfarzo-globale-e-ombre-locali-iniziano-i-giochi-di-milano-cortina-2026\/#article","isPartOf":{"@id":"https:\/\/www.bellunopress.it\/2026\/02\/07\/buona-la-prima-tra-sfarzo-globale-e-ombre-locali-iniziano-i-giochi-di-milano-cortina-2026\/"},"author":{"name":"redazione","@id":"https:\/\/www.bellunopress.it\/#\/schema\/person\/79bb06722b37ece1c03d3e94beb30d73"},"headline":"Buona la prima: tra sfarzo globale e ombre locali, iniziano i Giochi di Milano-Cortina 2026","datePublished":"2026-02-07T09:41:22+00:00","dateModified":"2026-02-07T10:17:01+00:00","mainEntityOfPage":{"@id":"https:\/\/www.bellunopress.it\/2026\/02\/07\/buona-la-prima-tra-sfarzo-globale-e-ombre-locali-iniziano-i-giochi-di-milano-cortina-2026\/"},"wordCount":512,"publisher":{"@id":"https:\/\/www.bellunopress.it\/#organization"},"image":{"@id":"https:\/\/www.bellunopress.it\/2026\/02\/07\/buona-la-prima-tra-sfarzo-globale-e-ombre-locali-iniziano-i-giochi-di-milano-cortina-2026\/#primaryimage"},"thumbnailUrl":"https:\/\/www.bellunopress.it\/wp-content\/uploads\/2026\/02\/maxi-schermo-olimpiadi.jpg","articleSection":["Cronaca\/Politica","Featured"],"inLanguage":"fr-FR"},{"@type":"WebPage","@id":"https:\/\/www.bellunopress.it\/2026\/02\/07\/buona-la-prima-tra-sfarzo-globale-e-ombre-locali-iniziano-i-giochi-di-milano-cortina-2026\/","url":"https:\/\/www.bellunopress.it\/2026\/02\/07\/buona-la-prima-tra-sfarzo-globale-e-ombre-locali-iniziano-i-giochi-di-milano-cortina-2026\/","name":"Buona la prima: tra sfarzo globale e ombre locali, iniziano i Giochi di Milano-Cortina 2026 - Bellunopress - Dolomiti","isPartOf":{"@id":"https:\/\/www.bellunopress.it\/#website"},"primaryImageOfPage":{"@id":"https:\/\/www.bellunopress.it\/2026\/02\/07\/buona-la-prima-tra-sfarzo-globale-e-ombre-locali-iniziano-i-giochi-di-milano-cortina-2026\/#primaryimage"},"image":{"@id":"https:\/\/www.bellunopress.it\/2026\/02\/07\/buona-la-prima-tra-sfarzo-globale-e-ombre-locali-iniziano-i-giochi-di-milano-cortina-2026\/#primaryimage"},"thumbnailUrl":"https:\/\/www.bellunopress.it\/wp-content\/uploads\/2026\/02\/maxi-schermo-olimpiadi.jpg","datePublished":"2026-02-07T09:41:22+00:00","dateModified":"2026-02-07T10:17:01+00:00","breadcrumb":{"@id":"https:\/\/www.bellunopress.it\/2026\/02\/07\/buona-la-prima-tra-sfarzo-globale-e-ombre-locali-iniziano-i-giochi-di-milano-cortina-2026\/#breadcrumb"},"inLanguage":"fr-FR","potentialAction":[{"@type":"ReadAction","target":["https:\/\/www.bellunopress.it\/2026\/02\/07\/buona-la-prima-tra-sfarzo-globale-e-ombre-locali-iniziano-i-giochi-di-milano-cortina-2026\/"]}]},{"@type":"ImageObject","inLanguage":"fr-FR","@id":"https:\/\/www.bellunopress.it\/2026\/02\/07\/buona-la-prima-tra-sfarzo-globale-e-ombre-locali-iniziano-i-giochi-di-milano-cortina-2026\/#primaryimage","url":"https:\/\/www.bellunopress.it\/wp-content\/uploads\/2026\/02\/maxi-schermo-olimpiadi.jpg","contentUrl":"https:\/\/www.bellunopress.it\/wp-content\/uploads\/2026\/02\/maxi-schermo-olimpiadi.jpg","width":600,"height":450},{"@type":"BreadcrumbList","@id":"https:\/\/www.bellunopress.it\/2026\/02\/07\/buona-la-prima-tra-sfarzo-globale-e-ombre-locali-iniziano-i-giochi-di-milano-cortina-2026\/#breadcrumb","itemListElement":[{"@type":"ListItem","position":1,"name":"Home","item":"https:\/\/www.bellunopress.it\/"},{"@type":"ListItem","position":2,"name":"Buona la prima: tra sfarzo globale e ombre locali, iniziano i Giochi di Milano-Cortina 2026"}]},{"@type":"WebSite","@id":"https:\/\/www.bellunopress.it\/#website","url":"https:\/\/www.bellunopress.it\/","name":"Bellunopress - Dolomiti","description":"e-mail: redazione@bellunopress.it","publisher":{"@id":"https:\/\/www.bellunopress.it\/#organization"},"potentialAction":[{"@type":"SearchAction","target":{"@type":"EntryPoint","urlTemplate":"https:\/\/www.bellunopress.it\/?s={search_term_string}"},"query-input":{"@type":"PropertyValueSpecification","valueRequired":true,"valueName":"search_term_string"}}],"inLanguage":"fr-FR"},{"@type":"Organization","@id":"https:\/\/www.bellunopress.it\/#organization","name":"Bellunopress","url":"https:\/\/www.bellunopress.it\/","logo":{"@type":"ImageObject","inLanguage":"fr-FR","@id":"https:\/\/www.bellunopress.it\/#\/schema\/logo\/image\/","url":"https:\/\/www.bellunopress.it\/wp-content\/uploads\/2011\/05\/cropped-logo-bellunopress-.jpg","contentUrl":"https:\/\/www.bellunopress.it\/wp-content\/uploads\/2011\/05\/cropped-logo-bellunopress-.jpg","width":512,"height":512,"caption":"Bellunopress"},"image":{"@id":"https:\/\/www.bellunopress.it\/#\/schema\/logo\/image\/"},"sameAs":["https:\/\/www.facebook.com\/profile.php?id=100008943462799","https:\/\/x.com\/bellunopress","https:\/\/www.linkedin.com\/hp\/?dnr=JBzUWaJfMUw8vbXJJ2tVW5-I3jZKvC4wsoxE&amp;amp;amp;amp;amp;amp;trk=nav_responsive_tab_home","https:\/\/www.youtube.com\/channel\/UCxL0wu1uN0_3_7hGG0306cw"]},{"@type":"Person","@id":"https:\/\/www.bellunopress.it\/#\/schema\/person\/79bb06722b37ece1c03d3e94beb30d73","name":"r\u00e9daction","image":{"@type":"ImageObject","inLanguage":"fr-FR","@id":"https:\/\/secure.gravatar.com\/avatar\/37d968a2e67a6fd04c169c4bdef102d0bc5d31b2546345219e348575eb80e9a0?s=96&d=mm&r=g","url":"https:\/\/secure.gravatar.com\/avatar\/37d968a2e67a6fd04c169c4bdef102d0bc5d31b2546345219e348575eb80e9a0?s=96&d=mm&r=g","contentUrl":"https:\/\/secure.gravatar.com\/avatar\/37d968a2e67a6fd04c169c4bdef102d0bc5d31b2546345219e348575eb80e9a0?s=96&d=mm&r=g","caption":"redazione"},"sameAs":["http:\/\/www.bellunopress.it","https:\/\/x.com\/bellunopress"],"url":"https:\/\/www.bellunopress.it\/fr\/author\/redazione\/"}]}},"_links":{"self":[{"href":"https:\/\/www.bellunopress.it\/fr\/wp-json\/wp\/v2\/posts\/167237","targetHints":{"allow":["GET"]}}],"collection":[{"href":"https:\/\/www.bellunopress.it\/fr\/wp-json\/wp\/v2\/posts"}],"about":[{"href":"https:\/\/www.bellunopress.it\/fr\/wp-json\/wp\/v2\/types\/post"}],"author":[{"embeddable":true,"href":"https:\/\/www.bellunopress.it\/fr\/wp-json\/wp\/v2\/users\/2"}],"replies":[{"embeddable":true,"href":"https:\/\/www.bellunopress.it\/fr\/wp-json\/wp\/v2\/comments?post=167237"}],"version-history":[{"count":1,"href":"https:\/\/www.bellunopress.it\/fr\/wp-json\/wp\/v2\/posts\/167237\/revisions"}],"predecessor-version":[{"id":167239,"href":"https:\/\/www.bellunopress.it\/fr\/wp-json\/wp\/v2\/posts\/167237\/revisions\/167239"}],"wp:featuredmedia":[{"embeddable":true,"href":"https:\/\/www.bellunopress.it\/fr\/wp-json\/wp\/v2\/media\/167238"}],"wp:attachment":[{"href":"https:\/\/www.bellunopress.it\/fr\/wp-json\/wp\/v2\/media?parent=167237"}],"wp:term":[{"taxonomy":"category","embeddable":true,"href":"https:\/\/www.bellunopress.it\/fr\/wp-json\/wp\/v2\/categories?post=167237"},{"taxonomy":"post_tag","embeddable":true,"href":"https:\/\/www.bellunopress.it\/fr\/wp-json\/wp\/v2\/tags?post=167237"}],"curies":[{"name":"wp","href":"https:\/\/api.w.org\/{rel}","templated":true}]}}