{"id":167223,"date":"2026-02-08T10:00:06","date_gmt":"2026-02-08T09:00:06","guid":{"rendered":"https:\/\/www.bellunopress.it\/?p=167223"},"modified":"2026-02-06T17:45:41","modified_gmt":"2026-02-06T16:45:41","slug":"creativita-e-visione-piazza-piloni-si-colora-con-il-nuovo-studio-grafico-di-riccardo-armeni","status":"publish","type":"post","link":"https:\/\/www.bellunopress.it\/fr\/2026\/02\/08\/creativita-e-visione-piazza-piloni-si-colora-con-il-nuovo-studio-grafico-di-riccardo-armeni\/","title":{"rendered":"Creativit\u00e0 e visione: Piazza Piloni si colora con il nuovo studio grafico di Riccardo Armeni"},"content":{"rendered":"<p data-path-to-node=\"3\"><b data-path-to-node=\"3\" data-index-in-node=\"0\">Dalla laurea in Arti Visive a Milano al ritorno in citt\u00e0: apre un nuovo spazio che unisce design moderno e coworking per professionisti.<\/b><\/p>\n<p data-path-to-node=\"4\">Belluno, 8 febbraio 2026\u00a0\u2013 C\u2019\u00e8 una nuova insegna in Piazza Piloni, e porta con s\u00e9 il profumo dell\u2019entusiasmo e dell\u2019innovazione. Riccardo Armeni, classe 1996, ha deciso di scommettere sul cuore di Belluno inaugurando il suo Studio Grafico al civico 18. Non si tratta solo di una nuova apertura, ma della chiusura di un cerchio iniziato anni fa, quando Riccardo era solo un bambino con una matita perennemente in mano.<\/p>\n<h3 data-path-to-node=\"5\">Una strada tracciata tra Belluno e Milano<\/h3>\n<p data-path-to-node=\"6\">Dopo il diploma al liceo scientifico, Riccardo ha scelto di trasformare la sua vocazione in una professione solida, conseguendo nel 2021 la laurea in Arti Visive a Milano. Dopo diverse esperienze tra libera professione e collaborazioni nel settore, il 2025 ha segnato il momento del &#8220;grande salto&#8221;: il ritorno a casa per offrire alla sua citt\u00e0 un\u2019impronta grafica moderna, capace di guardare avanti senza timore di innovare.<\/p>\n<h3 data-path-to-node=\"7\">Dare forma alle idee<\/h3>\n<p data-path-to-node=\"8\">Il cuore dell&#8217;attivit\u00e0 di Riccardo \u00e8 la brand identity. Lo studio si propone come partner per privati e aziende che hanno bisogno di costruire o rinnovare la propria immagine:<\/p>\n<ul data-path-to-node=\"9\">\n<li>\n<p data-path-to-node=\"9,0,0\">Progettazione di logo design da zero;<\/p>\n<\/li>\n<li>\n<p data-path-to-node=\"9,1,0\">Creazione di materiali coordinati (biglietti da visita, volantini, brochure);<\/p>\n<\/li>\n<li>\n<p data-path-to-node=\"9,2,0\">Studio di identit\u00e0 visive complete e funzionali.<\/p>\n<\/li>\n<\/ul>\n<p data-path-to-node=\"10\">Il suo punto di forza? La capacit\u00e0 di ascolto. &#8220;Spesso i clienti arrivano con idee vaghe,&#8221; spiega Riccardo. &#8220;Il mio compito \u00e8 tradurre quei pensieri astratti in progetti grafici concreti che rappresentino davvero chi ho di fronte.&#8221;<\/p>\n<h3 data-path-to-node=\"11\">Uno spazio condiviso: la novit\u00e0 del Coworking<\/h3>\n<p data-path-to-node=\"12\">Lo Studio Armeni non \u00e8 per\u00f2 un luogo chiuso. Credendo fermamente nel valore della condivisione e dello scambio tra professionisti, Riccardo ha allestito all&#8217;interno dello studio una postazione dedicata al coworking.<\/p>\n<p data-path-to-node=\"13\">Si tratta di una soluzione pensata per freelance e professionisti che cercano una scrivania pronta all&#8217;uso in una posizione strategica, nel centro cittadino. Un ambiente stimolante dove la &#8220;contaminazione creativa&#8221; pu\u00f2 dare vita a nuove sinergie lavorative.<\/p>\n<h3 data-path-to-node=\"15\">Info e Orari<\/h3>\n<p data-path-to-node=\"16\">Se avete un progetto nel cassetto o state cercando uno spazio di lavoro funzionale, lo studio \u00e8 aperto in Piazza G. Piloni 18 dal luned\u00ec al venerd\u00ec:<\/p>\n<ul data-path-to-node=\"17\">\n<li>\n<p data-path-to-node=\"17,0,0\">Mattina: 09:00 \u2013 13:00<\/p>\n<\/li>\n<li>\n<p data-path-to-node=\"17,1,0\">Pomeriggio: 15:00 \u2013 18:00<\/p>\n<\/li>\n<\/ul>\n<blockquote data-path-to-node=\"18\">\n<h6 style=\"text-align: left;\" data-path-to-node=\"18,0\">&#8220;Passate a trovarmi, anche solo per fare due chiacchiere su come dare forma alla vostra prossima idea,&#8221; invita Riccardo. Un invito che sa di futuro per il centro storico bellunese.<\/h6>\n<\/blockquote>","protected":false},"excerpt":{"rendered":"<p>Dalla laurea in Arti Visive a Milano al ritorno in citt\u00e0: apre un nuovo spazio che unisce design moderno e coworking per professionisti. Belluno, 8 febbraio 2026\u00a0\u2013 C\u2019\u00e8 una nuova insegna in Piazza Piloni, e porta con s\u00e9 il profumo dell\u2019entusiasmo e dell\u2019innovazione. Riccardo Armeni, classe 1996, ha deciso di scommettere sul cuore di Belluno [&hellip;]<\/p>\n","protected":false},"author":2,"featured_media":167224,"comment_status":"closed","ping_status":"open","sticky":false,"template":"","format":"standard","meta":{"footnotes":""},"categories":[36],"tags":[],"class_list":["post-167223","post","type-post","status-publish","format-standard","has-post-thumbnail","category-lavoro-economia"],"yoast_head":"<!-- This site is optimized with the Yoast SEO plugin v28.4 - https:\/\/yoast.com\/product\/yoast-seo-wordpress\/ -->\n<title>Creativit\u00e0 e visione: Piazza Piloni si colora con il nuovo studio grafico di Riccardo Armeni - Bellunopress - Dolomiti<\/title>\n<meta name=\"robots\" content=\"index, follow, max-snippet:-1, max-image-preview:large, max-video-preview:-1\" \/>\n<link rel=\"canonical\" href=\"https:\/\/www.bellunopress.it\/fr\/2026\/02\/08\/creativita-e-visione-piazza-piloni-si-colora-con-il-nuovo-studio-grafico-di-riccardo-armeni\/\" \/>\n<meta property=\"og:locale\" content=\"fr_FR\" \/>\n<meta property=\"og:type\" content=\"article\" \/>\n<meta property=\"og:title\" content=\"Creativit\u00e0 e visione: Piazza Piloni si colora con il nuovo studio grafico di Riccardo Armeni - Bellunopress - Dolomiti\" \/>\n<meta property=\"og:description\" content=\"Dalla laurea in Arti Visive a Milano al ritorno in citt\u00e0: apre un nuovo spazio che unisce design moderno e coworking per professionisti. Belluno, 8 febbraio 2026\u00a0\u2013 C\u2019\u00e8 una nuova insegna in Piazza Piloni, e porta con s\u00e9 il profumo dell\u2019entusiasmo e dell\u2019innovazione. Riccardo Armeni, classe 1996, ha deciso di scommettere sul cuore di Belluno [&hellip;]\" \/>\n<meta property=\"og:url\" content=\"https:\/\/www.bellunopress.it\/fr\/2026\/02\/08\/creativita-e-visione-piazza-piloni-si-colora-con-il-nuovo-studio-grafico-di-riccardo-armeni\/\" \/>\n<meta property=\"og:site_name\" content=\"Bellunopress - Dolomiti\" \/>\n<meta property=\"article:publisher\" content=\"https:\/\/www.facebook.com\/profile.php?id=100008943462799\" \/>\n<meta property=\"article:published_time\" content=\"2026-02-08T09:00:06+00:00\" \/>\n<meta property=\"og:image\" content=\"https:\/\/www.bellunopress.it\/wp-content\/uploads\/2026\/02\/Grafica-Riccardo-Armeni-pizza-Piloni.jpg\" \/>\n\t<meta property=\"og:image:width\" content=\"579\" \/>\n\t<meta property=\"og:image:height\" content=\"600\" \/>\n\t<meta property=\"og:image:type\" content=\"image\/jpeg\" \/>\n<meta name=\"author\" content=\"redazione\" \/>\n<meta name=\"twitter:card\" content=\"summary_large_image\" \/>\n<meta name=\"twitter:creator\" content=\"@bellunopress\" \/>\n<meta name=\"twitter:site\" content=\"@bellunopress\" \/>\n<meta name=\"twitter:label1\" content=\"\u00c9crit par\" \/>\n\t<meta name=\"twitter:data1\" content=\"redazione\" \/>\n\t<meta name=\"twitter:label2\" content=\"Dur\u00e9e de lecture estim\u00e9e\" \/>\n\t<meta name=\"twitter:data2\" content=\"2 minutes\" \/>\n<script type=\"application\/ld+json\" class=\"yoast-schema-graph\">{\"@context\":\"https:\\\/\\\/schema.org\",\"@graph\":[{\"@type\":\"Article\",\"@id\":\"https:\\\/\\\/www.bellunopress.it\\\/2026\\\/02\\\/08\\\/creativita-e-visione-piazza-piloni-si-colora-con-il-nuovo-studio-grafico-di-riccardo-armeni\\\/#article\",\"isPartOf\":{\"@id\":\"https:\\\/\\\/www.bellunopress.it\\\/2026\\\/02\\\/08\\\/creativita-e-visione-piazza-piloni-si-colora-con-il-nuovo-studio-grafico-di-riccardo-armeni\\\/\"},\"author\":{\"name\":\"redazione\",\"@id\":\"https:\\\/\\\/www.bellunopress.it\\\/#\\\/schema\\\/person\\\/79bb06722b37ece1c03d3e94beb30d73\"},\"headline\":\"Creativit\u00e0 e visione: Piazza Piloni si colora con il nuovo studio grafico di Riccardo Armeni\",\"datePublished\":\"2026-02-08T09:00:06+00:00\",\"mainEntityOfPage\":{\"@id\":\"https:\\\/\\\/www.bellunopress.it\\\/2026\\\/02\\\/08\\\/creativita-e-visione-piazza-piloni-si-colora-con-il-nuovo-studio-grafico-di-riccardo-armeni\\\/\"},\"wordCount\":405,\"publisher\":{\"@id\":\"https:\\\/\\\/www.bellunopress.it\\\/#organization\"},\"image\":{\"@id\":\"https:\\\/\\\/www.bellunopress.it\\\/2026\\\/02\\\/08\\\/creativita-e-visione-piazza-piloni-si-colora-con-il-nuovo-studio-grafico-di-riccardo-armeni\\\/#primaryimage\"},\"thumbnailUrl\":\"https:\\\/\\\/www.bellunopress.it\\\/wp-content\\\/uploads\\\/2026\\\/02\\\/Grafica-Riccardo-Armeni-pizza-Piloni.jpg\",\"articleSection\":[\"Lavoro, Economia, Turismo\"],\"inLanguage\":\"fr-FR\"},{\"@type\":\"WebPage\",\"@id\":\"https:\\\/\\\/www.bellunopress.it\\\/2026\\\/02\\\/08\\\/creativita-e-visione-piazza-piloni-si-colora-con-il-nuovo-studio-grafico-di-riccardo-armeni\\\/\",\"url\":\"https:\\\/\\\/www.bellunopress.it\\\/2026\\\/02\\\/08\\\/creativita-e-visione-piazza-piloni-si-colora-con-il-nuovo-studio-grafico-di-riccardo-armeni\\\/\",\"name\":\"Creativit\u00e0 e visione: Piazza Piloni si colora con il nuovo studio grafico di Riccardo Armeni - Bellunopress - Dolomiti\",\"isPartOf\":{\"@id\":\"https:\\\/\\\/www.bellunopress.it\\\/#website\"},\"primaryImageOfPage\":{\"@id\":\"https:\\\/\\\/www.bellunopress.it\\\/2026\\\/02\\\/08\\\/creativita-e-visione-piazza-piloni-si-colora-con-il-nuovo-studio-grafico-di-riccardo-armeni\\\/#primaryimage\"},\"image\":{\"@id\":\"https:\\\/\\\/www.bellunopress.it\\\/2026\\\/02\\\/08\\\/creativita-e-visione-piazza-piloni-si-colora-con-il-nuovo-studio-grafico-di-riccardo-armeni\\\/#primaryimage\"},\"thumbnailUrl\":\"https:\\\/\\\/www.bellunopress.it\\\/wp-content\\\/uploads\\\/2026\\\/02\\\/Grafica-Riccardo-Armeni-pizza-Piloni.jpg\",\"datePublished\":\"2026-02-08T09:00:06+00:00\",\"breadcrumb\":{\"@id\":\"https:\\\/\\\/www.bellunopress.it\\\/2026\\\/02\\\/08\\\/creativita-e-visione-piazza-piloni-si-colora-con-il-nuovo-studio-grafico-di-riccardo-armeni\\\/#breadcrumb\"},\"inLanguage\":\"fr-FR\",\"potentialAction\":[{\"@type\":\"ReadAction\",\"target\":[\"https:\\\/\\\/www.bellunopress.it\\\/2026\\\/02\\\/08\\\/creativita-e-visione-piazza-piloni-si-colora-con-il-nuovo-studio-grafico-di-riccardo-armeni\\\/\"]}]},{\"@type\":\"ImageObject\",\"inLanguage\":\"fr-FR\",\"@id\":\"https:\\\/\\\/www.bellunopress.it\\\/2026\\\/02\\\/08\\\/creativita-e-visione-piazza-piloni-si-colora-con-il-nuovo-studio-grafico-di-riccardo-armeni\\\/#primaryimage\",\"url\":\"https:\\\/\\\/www.bellunopress.it\\\/wp-content\\\/uploads\\\/2026\\\/02\\\/Grafica-Riccardo-Armeni-pizza-Piloni.jpg\",\"contentUrl\":\"https:\\\/\\\/www.bellunopress.it\\\/wp-content\\\/uploads\\\/2026\\\/02\\\/Grafica-Riccardo-Armeni-pizza-Piloni.jpg\",\"width\":579,\"height\":600},{\"@type\":\"BreadcrumbList\",\"@id\":\"https:\\\/\\\/www.bellunopress.it\\\/2026\\\/02\\\/08\\\/creativita-e-visione-piazza-piloni-si-colora-con-il-nuovo-studio-grafico-di-riccardo-armeni\\\/#breadcrumb\",\"itemListElement\":[{\"@type\":\"ListItem\",\"position\":1,\"name\":\"Home\",\"item\":\"https:\\\/\\\/www.bellunopress.it\\\/\"},{\"@type\":\"ListItem\",\"position\":2,\"name\":\"Creativit\u00e0 e visione: Piazza Piloni si colora con il nuovo studio grafico di Riccardo Armeni\"}]},{\"@type\":\"WebSite\",\"@id\":\"https:\\\/\\\/www.bellunopress.it\\\/#website\",\"url\":\"https:\\\/\\\/www.bellunopress.it\\\/\",\"name\":\"Bellunopress - Dolomiti\",\"description\":\"e-mail: redazione@bellunopress.it\",\"publisher\":{\"@id\":\"https:\\\/\\\/www.bellunopress.it\\\/#organization\"},\"potentialAction\":[{\"@type\":\"SearchAction\",\"target\":{\"@type\":\"EntryPoint\",\"urlTemplate\":\"https:\\\/\\\/www.bellunopress.it\\\/?s={search_term_string}\"},\"query-input\":{\"@type\":\"PropertyValueSpecification\",\"valueRequired\":true,\"valueName\":\"search_term_string\"}}],\"inLanguage\":\"fr-FR\"},{\"@type\":\"Organization\",\"@id\":\"https:\\\/\\\/www.bellunopress.it\\\/#organization\",\"name\":\"Bellunopress\",\"url\":\"https:\\\/\\\/www.bellunopress.it\\\/\",\"logo\":{\"@type\":\"ImageObject\",\"inLanguage\":\"fr-FR\",\"@id\":\"https:\\\/\\\/www.bellunopress.it\\\/#\\\/schema\\\/logo\\\/image\\\/\",\"url\":\"https:\\\/\\\/www.bellunopress.it\\\/wp-content\\\/uploads\\\/2011\\\/05\\\/cropped-logo-bellunopress-.jpg\",\"contentUrl\":\"https:\\\/\\\/www.bellunopress.it\\\/wp-content\\\/uploads\\\/2011\\\/05\\\/cropped-logo-bellunopress-.jpg\",\"width\":512,\"height\":512,\"caption\":\"Bellunopress\"},\"image\":{\"@id\":\"https:\\\/\\\/www.bellunopress.it\\\/#\\\/schema\\\/logo\\\/image\\\/\"},\"sameAs\":[\"https:\\\/\\\/www.facebook.com\\\/profile.php?id=100008943462799\",\"https:\\\/\\\/x.com\\\/bellunopress\",\"https:\\\/\\\/www.linkedin.com\\\/hp\\\/?dnr=JBzUWaJfMUw8vbXJJ2tVW5-I3jZKvC4wsoxE&amp;amp;amp;amp;amp;amp;trk=nav_responsive_tab_home\",\"https:\\\/\\\/www.youtube.com\\\/channel\\\/UCxL0wu1uN0_3_7hGG0306cw\"]},{\"@type\":\"Person\",\"@id\":\"https:\\\/\\\/www.bellunopress.it\\\/#\\\/schema\\\/person\\\/79bb06722b37ece1c03d3e94beb30d73\",\"name\":\"redazione\",\"image\":{\"@type\":\"ImageObject\",\"inLanguage\":\"fr-FR\",\"@id\":\"https:\\\/\\\/secure.gravatar.com\\\/avatar\\\/37d968a2e67a6fd04c169c4bdef102d0bc5d31b2546345219e348575eb80e9a0?s=96&d=mm&r=g\",\"url\":\"https:\\\/\\\/secure.gravatar.com\\\/avatar\\\/37d968a2e67a6fd04c169c4bdef102d0bc5d31b2546345219e348575eb80e9a0?s=96&d=mm&r=g\",\"contentUrl\":\"https:\\\/\\\/secure.gravatar.com\\\/avatar\\\/37d968a2e67a6fd04c169c4bdef102d0bc5d31b2546345219e348575eb80e9a0?s=96&d=mm&r=g\",\"caption\":\"redazione\"},\"sameAs\":[\"http:\\\/\\\/www.bellunopress.it\",\"https:\\\/\\\/x.com\\\/bellunopress\"],\"url\":\"https:\\\/\\\/www.bellunopress.it\\\/fr\\\/author\\\/redazione\\\/\"}]}<\/script>\n<!-- \/ Yoast SEO plugin. -->","yoast_head_json":{"title":"Creativit\u00e0 e visione: Piazza Piloni si colora con il nuovo studio grafico di Riccardo Armeni - Bellunopress - Dolomiti","robots":{"index":"index","follow":"follow","max-snippet":"max-snippet:-1","max-image-preview":"max-image-preview:large","max-video-preview":"max-video-preview:-1"},"canonical":"https:\/\/www.bellunopress.it\/fr\/2026\/02\/08\/creativita-e-visione-piazza-piloni-si-colora-con-il-nuovo-studio-grafico-di-riccardo-armeni\/","og_locale":"fr_FR","og_type":"article","og_title":"Creativit\u00e0 e visione: Piazza Piloni si colora con il nuovo studio grafico di Riccardo Armeni - Bellunopress - Dolomiti","og_description":"Dalla laurea in Arti Visive a Milano al ritorno in citt\u00e0: apre un nuovo spazio che unisce design moderno e coworking per professionisti. Belluno, 8 febbraio 2026\u00a0\u2013 C\u2019\u00e8 una nuova insegna in Piazza Piloni, e porta con s\u00e9 il profumo dell\u2019entusiasmo e dell\u2019innovazione. Riccardo Armeni, classe 1996, ha deciso di scommettere sul cuore di Belluno [&hellip;]","og_url":"https:\/\/www.bellunopress.it\/fr\/2026\/02\/08\/creativita-e-visione-piazza-piloni-si-colora-con-il-nuovo-studio-grafico-di-riccardo-armeni\/","og_site_name":"Bellunopress - Dolomiti","article_publisher":"https:\/\/www.facebook.com\/profile.php?id=100008943462799","article_published_time":"2026-02-08T09:00:06+00:00","og_image":[{"width":579,"height":600,"url":"https:\/\/www.bellunopress.it\/wp-content\/uploads\/2026\/02\/Grafica-Riccardo-Armeni-pizza-Piloni.jpg","type":"image\/jpeg"}],"author":"redazione","twitter_card":"summary_large_image","twitter_creator":"@bellunopress","twitter_site":"@bellunopress","twitter_misc":{"\u00c9crit par":"redazione","Dur\u00e9e de lecture estim\u00e9e":"2 minutes"},"schema":{"@context":"https:\/\/schema.org","@graph":[{"@type":"Article","@id":"https:\/\/www.bellunopress.it\/2026\/02\/08\/creativita-e-visione-piazza-piloni-si-colora-con-il-nuovo-studio-grafico-di-riccardo-armeni\/#article","isPartOf":{"@id":"https:\/\/www.bellunopress.it\/2026\/02\/08\/creativita-e-visione-piazza-piloni-si-colora-con-il-nuovo-studio-grafico-di-riccardo-armeni\/"},"author":{"name":"redazione","@id":"https:\/\/www.bellunopress.it\/#\/schema\/person\/79bb06722b37ece1c03d3e94beb30d73"},"headline":"Creativit\u00e0 e visione: Piazza Piloni si colora con il nuovo studio grafico di Riccardo Armeni","datePublished":"2026-02-08T09:00:06+00:00","mainEntityOfPage":{"@id":"https:\/\/www.bellunopress.it\/2026\/02\/08\/creativita-e-visione-piazza-piloni-si-colora-con-il-nuovo-studio-grafico-di-riccardo-armeni\/"},"wordCount":405,"publisher":{"@id":"https:\/\/www.bellunopress.it\/#organization"},"image":{"@id":"https:\/\/www.bellunopress.it\/2026\/02\/08\/creativita-e-visione-piazza-piloni-si-colora-con-il-nuovo-studio-grafico-di-riccardo-armeni\/#primaryimage"},"thumbnailUrl":"https:\/\/www.bellunopress.it\/wp-content\/uploads\/2026\/02\/Grafica-Riccardo-Armeni-pizza-Piloni.jpg","articleSection":["Lavoro, Economia, Turismo"],"inLanguage":"fr-FR"},{"@type":"WebPage","@id":"https:\/\/www.bellunopress.it\/2026\/02\/08\/creativita-e-visione-piazza-piloni-si-colora-con-il-nuovo-studio-grafico-di-riccardo-armeni\/","url":"https:\/\/www.bellunopress.it\/2026\/02\/08\/creativita-e-visione-piazza-piloni-si-colora-con-il-nuovo-studio-grafico-di-riccardo-armeni\/","name":"Creativit\u00e0 e visione: Piazza Piloni si colora con il nuovo studio grafico di Riccardo Armeni - Bellunopress - Dolomiti","isPartOf":{"@id":"https:\/\/www.bellunopress.it\/#website"},"primaryImageOfPage":{"@id":"https:\/\/www.bellunopress.it\/2026\/02\/08\/creativita-e-visione-piazza-piloni-si-colora-con-il-nuovo-studio-grafico-di-riccardo-armeni\/#primaryimage"},"image":{"@id":"https:\/\/www.bellunopress.it\/2026\/02\/08\/creativita-e-visione-piazza-piloni-si-colora-con-il-nuovo-studio-grafico-di-riccardo-armeni\/#primaryimage"},"thumbnailUrl":"https:\/\/www.bellunopress.it\/wp-content\/uploads\/2026\/02\/Grafica-Riccardo-Armeni-pizza-Piloni.jpg","datePublished":"2026-02-08T09:00:06+00:00","breadcrumb":{"@id":"https:\/\/www.bellunopress.it\/2026\/02\/08\/creativita-e-visione-piazza-piloni-si-colora-con-il-nuovo-studio-grafico-di-riccardo-armeni\/#breadcrumb"},"inLanguage":"fr-FR","potentialAction":[{"@type":"ReadAction","target":["https:\/\/www.bellunopress.it\/2026\/02\/08\/creativita-e-visione-piazza-piloni-si-colora-con-il-nuovo-studio-grafico-di-riccardo-armeni\/"]}]},{"@type":"ImageObject","inLanguage":"fr-FR","@id":"https:\/\/www.bellunopress.it\/2026\/02\/08\/creativita-e-visione-piazza-piloni-si-colora-con-il-nuovo-studio-grafico-di-riccardo-armeni\/#primaryimage","url":"https:\/\/www.bellunopress.it\/wp-content\/uploads\/2026\/02\/Grafica-Riccardo-Armeni-pizza-Piloni.jpg","contentUrl":"https:\/\/www.bellunopress.it\/wp-content\/uploads\/2026\/02\/Grafica-Riccardo-Armeni-pizza-Piloni.jpg","width":579,"height":600},{"@type":"BreadcrumbList","@id":"https:\/\/www.bellunopress.it\/2026\/02\/08\/creativita-e-visione-piazza-piloni-si-colora-con-il-nuovo-studio-grafico-di-riccardo-armeni\/#breadcrumb","itemListElement":[{"@type":"ListItem","position":1,"name":"Home","item":"https:\/\/www.bellunopress.it\/"},{"@type":"ListItem","position":2,"name":"Creativit\u00e0 e visione: Piazza Piloni si colora con il nuovo studio grafico di Riccardo Armeni"}]},{"@type":"WebSite","@id":"https:\/\/www.bellunopress.it\/#website","url":"https:\/\/www.bellunopress.it\/","name":"Bellunopress - Dolomiti","description":"e-mail: redazione@bellunopress.it","publisher":{"@id":"https:\/\/www.bellunopress.it\/#organization"},"potentialAction":[{"@type":"SearchAction","target":{"@type":"EntryPoint","urlTemplate":"https:\/\/www.bellunopress.it\/?s={search_term_string}"},"query-input":{"@type":"PropertyValueSpecification","valueRequired":true,"valueName":"search_term_string"}}],"inLanguage":"fr-FR"},{"@type":"Organization","@id":"https:\/\/www.bellunopress.it\/#organization","name":"Bellunopress","url":"https:\/\/www.bellunopress.it\/","logo":{"@type":"ImageObject","inLanguage":"fr-FR","@id":"https:\/\/www.bellunopress.it\/#\/schema\/logo\/image\/","url":"https:\/\/www.bellunopress.it\/wp-content\/uploads\/2011\/05\/cropped-logo-bellunopress-.jpg","contentUrl":"https:\/\/www.bellunopress.it\/wp-content\/uploads\/2011\/05\/cropped-logo-bellunopress-.jpg","width":512,"height":512,"caption":"Bellunopress"},"image":{"@id":"https:\/\/www.bellunopress.it\/#\/schema\/logo\/image\/"},"sameAs":["https:\/\/www.facebook.com\/profile.php?id=100008943462799","https:\/\/x.com\/bellunopress","https:\/\/www.linkedin.com\/hp\/?dnr=JBzUWaJfMUw8vbXJJ2tVW5-I3jZKvC4wsoxE&amp;amp;amp;amp;amp;amp;trk=nav_responsive_tab_home","https:\/\/www.youtube.com\/channel\/UCxL0wu1uN0_3_7hGG0306cw"]},{"@type":"Person","@id":"https:\/\/www.bellunopress.it\/#\/schema\/person\/79bb06722b37ece1c03d3e94beb30d73","name":"r\u00e9daction","image":{"@type":"ImageObject","inLanguage":"fr-FR","@id":"https:\/\/secure.gravatar.com\/avatar\/37d968a2e67a6fd04c169c4bdef102d0bc5d31b2546345219e348575eb80e9a0?s=96&d=mm&r=g","url":"https:\/\/secure.gravatar.com\/avatar\/37d968a2e67a6fd04c169c4bdef102d0bc5d31b2546345219e348575eb80e9a0?s=96&d=mm&r=g","contentUrl":"https:\/\/secure.gravatar.com\/avatar\/37d968a2e67a6fd04c169c4bdef102d0bc5d31b2546345219e348575eb80e9a0?s=96&d=mm&r=g","caption":"redazione"},"sameAs":["http:\/\/www.bellunopress.it","https:\/\/x.com\/bellunopress"],"url":"https:\/\/www.bellunopress.it\/fr\/author\/redazione\/"}]}},"_links":{"self":[{"href":"https:\/\/www.bellunopress.it\/fr\/wp-json\/wp\/v2\/posts\/167223","targetHints":{"allow":["GET"]}}],"collection":[{"href":"https:\/\/www.bellunopress.it\/fr\/wp-json\/wp\/v2\/posts"}],"about":[{"href":"https:\/\/www.bellunopress.it\/fr\/wp-json\/wp\/v2\/types\/post"}],"author":[{"embeddable":true,"href":"https:\/\/www.bellunopress.it\/fr\/wp-json\/wp\/v2\/users\/2"}],"replies":[{"embeddable":true,"href":"https:\/\/www.bellunopress.it\/fr\/wp-json\/wp\/v2\/comments?post=167223"}],"version-history":[{"count":1,"href":"https:\/\/www.bellunopress.it\/fr\/wp-json\/wp\/v2\/posts\/167223\/revisions"}],"predecessor-version":[{"id":167225,"href":"https:\/\/www.bellunopress.it\/fr\/wp-json\/wp\/v2\/posts\/167223\/revisions\/167225"}],"wp:featuredmedia":[{"embeddable":true,"href":"https:\/\/www.bellunopress.it\/fr\/wp-json\/wp\/v2\/media\/167224"}],"wp:attachment":[{"href":"https:\/\/www.bellunopress.it\/fr\/wp-json\/wp\/v2\/media?parent=167223"}],"wp:term":[{"taxonomy":"category","embeddable":true,"href":"https:\/\/www.bellunopress.it\/fr\/wp-json\/wp\/v2\/categories?post=167223"},{"taxonomy":"post_tag","embeddable":true,"href":"https:\/\/www.bellunopress.it\/fr\/wp-json\/wp\/v2\/tags?post=167223"}],"curies":[{"name":"wp","href":"https:\/\/api.w.org\/{rel}","templated":true}]}}