{"id":167214,"date":"2026-02-15T15:48:48","date_gmt":"2026-02-15T14:48:48","guid":{"rendered":"https:\/\/www.bellunopress.it\/?p=167214"},"modified":"2026-02-06T15:57:40","modified_gmt":"2026-02-06T14:57:40","slug":"rinnovo-in-vista-per-il-comitato-gemellaggi-di-feltre","status":"publish","type":"post","link":"https:\/\/www.bellunopress.it\/fr\/2026\/02\/15\/rinnovo-in-vista-per-il-comitato-gemellaggi-di-feltre\/","title":{"rendered":"Rinnovo in vista per il Comitato Gemellaggi di Feltre"},"content":{"rendered":"<p>\u00c8 convocata per sabato 21 febbraio l\u2019assemblea pubblica dedicata al rinnovo del Comitato comunale per i Gemellaggi di Feltre.<\/p>\n<p>Un appuntamento cruciale per la vita associativa della citt\u00e0, chiamato a definire la squadra che guider\u00e0 le relazioni internazionali del Comune per il prossimo triennio.<br \/>\nCome previsto dallo statuto, l&#8217;assemblea dovr\u00e0 eleggere dieci nuovi membri, selezionati tra singoli cittadini e rappresentanti di associazioni locali desiderosi di impegnarsi nel volontariato europeo. Questi andranno a unirsi ai cinque componenti che saranno nominati dall\u2019attuale direttivo per garantire la necessaria continuit\u00e0 d&#8217;azione. Il Comitato uscente, guidato da Katia Girardini, ringrazia sentitamente tutti coloro che, nell&#8217;ultimo triennio, si sono adoperati per far crescere la famiglia europea dei gemellaggi e che hanno deciso, per motivi diversi, di non proseguire l\u2019esperienza.<br \/>\nIl mandato che si avvia alla conclusione \u00e8 stato denso di impegni e traguardi. Negli ultimi anni, il Comitato, oltre a partecipare agli incontri nelle citt\u00e0 gemelle (Bagnols-sur-C\u00e8ze,<br \/>\nFrancia; Braunfels, Germania; Carcaixent, Spagna; Eeklo, Belgio; Kiskunf\u00e9legyh\u00e1za, Ungheria; Newbury, Inghilterra; Zamo\u015b\u0107, Polonia), ha organizzato diverse iniziative a Feltre. Tra i momenti pi\u00f9 significativi spiccano l\u2019organizzazione delle celebrazioni per i 25 anni di gemellaggio con Braunfels ed Eeklo nel 2025, l&#8217;accoglienza dell\u2019incontro internazionale nel 2023 e, nel 2024, la gestione dello Youth for Europe meeting &#8211; dedicato<br \/>\nai giovani tra i 16 e i 26 anni delle citt\u00e0 gemelle. Sempre nel 2023, significativa \u00e8 stata la collaborazione con l\u2019associazione Bellunesi nel Mondo per la mostra storica sui gemellaggi della provincia.<\/p>\n<p>Infine, va ricordato che recentemente l\u2019amministrazione comunale di Feltre e il Comitato Gemellaggi &#8211; dopo che la precedente sede a palazzo Borgasio si \u00e8 resa indisponibile ragioni strutturali &#8211; hanno firmato una convenzione per la nuova casa del sodalizio, ospitata al piano terra dei palazzetti Bovio Da Romagno, in piazza Vittorio Emanuele II (sede in coabitazione con la Famiglia feltrina).<br \/>\nIl nuovo triennio si preannuncia altrettanto stimolante. Il Comitato Gemellaggi sar\u00e0 impegnato in un importante progetto di rete promosso dai partner polacchi, che vedr\u00e0 Feltre ospitare, a settembre 2027, un incontro dedicato all\u2019economia circolare e al<br \/>\nturismo sostenibile. Nell\u2019occasione, saranno celebrati anche i 25 anni di amicizia con la cittadina inglese di Newbury.<br \/>\nAll\u2019interno dello stesso progetto, i componenti del Comitato saranno invitati a partecipare agli incontri che si terranno a Braunfels e Zamo\u015b\u0107 nel 2026 e a Carcaixent nel 2027 &#8211; senza<br \/>\ndimenticare che le celebrazioni per l\u2019anniversario del gemellaggio con Newbury si terranno anche nel West Berkshire.<br \/>\nSono molteplici quindi i motivi per i quali il Comitato \u00e8, ancora una volta, alla ricerca di persone desiderose di impegnarsi per diffondere i valori europei, di adoperarsi per<br \/>\nfar crescere una coscienza collettiva tra i popoli attraverso contatti concreti e scambi culturali, e di essere parte attiva e propositiva della famiglia delle citt\u00e0 gemelle. Per questo<br \/>\nmotivo, si invitano le associazioni feltrine e tutti i cittadini interessati a farsi avanti. In particolare, per motivi organizzativi, si chiede alle associazioni cittadine interessate<br \/>\na collaborare con il Comitato per i Gemellaggi la disponibilit\u00e0 a segnalare entro gioved\u00ec 19 febbraio le proprie candidature inviando una mail all\u2019indirizzo: gemellaggi@comune.feltre.bl.it<\/p>","protected":false},"excerpt":{"rendered":"<p>\u00c8 convocata per sabato 21 febbraio l\u2019assemblea pubblica dedicata al rinnovo del Comitato comunale per i Gemellaggi di Feltre. Un appuntamento cruciale per la vita associativa della citt\u00e0, chiamato a definire la squadra che guider\u00e0 le relazioni internazionali del Comune per il prossimo triennio. Come previsto dallo statuto, l&#8217;assemblea dovr\u00e0 eleggere dieci nuovi membri, selezionati [&hellip;]<\/p>\n","protected":false},"author":2,"featured_media":167215,"comment_status":"closed","ping_status":"open","sticky":false,"template":"","format":"standard","meta":{"footnotes":""},"categories":[8],"tags":[],"class_list":["post-167214","post","type-post","status-publish","format-standard","has-post-thumbnail","category-societa-istituzioni"],"yoast_head":"<!-- This site is optimized with the Yoast SEO plugin v28.4 - https:\/\/yoast.com\/product\/yoast-seo-wordpress\/ -->\n<title>Rinnovo in vista per il Comitato Gemellaggi di Feltre - Bellunopress - Dolomiti<\/title>\n<meta name=\"robots\" content=\"index, follow, max-snippet:-1, max-image-preview:large, max-video-preview:-1\" \/>\n<link rel=\"canonical\" href=\"https:\/\/www.bellunopress.it\/fr\/2026\/02\/15\/rinnovo-in-vista-per-il-comitato-gemellaggi-di-feltre\/\" \/>\n<meta property=\"og:locale\" content=\"fr_FR\" \/>\n<meta property=\"og:type\" content=\"article\" \/>\n<meta property=\"og:title\" content=\"Rinnovo in vista per il Comitato Gemellaggi di Feltre - Bellunopress - Dolomiti\" \/>\n<meta property=\"og:description\" content=\"\u00c8 convocata per sabato 21 febbraio l\u2019assemblea pubblica dedicata al rinnovo del Comitato comunale per i Gemellaggi di Feltre. Un appuntamento cruciale per la vita associativa della citt\u00e0, chiamato a definire la squadra che guider\u00e0 le relazioni internazionali del Comune per il prossimo triennio. Come previsto dallo statuto, l&#8217;assemblea dovr\u00e0 eleggere dieci nuovi membri, selezionati [&hellip;]\" \/>\n<meta property=\"og:url\" content=\"https:\/\/www.bellunopress.it\/fr\/2026\/02\/15\/rinnovo-in-vista-per-il-comitato-gemellaggi-di-feltre\/\" \/>\n<meta property=\"og:site_name\" content=\"Bellunopress - Dolomiti\" \/>\n<meta property=\"article:publisher\" content=\"https:\/\/www.facebook.com\/profile.php?id=100008943462799\" \/>\n<meta property=\"article:published_time\" content=\"2026-02-15T14:48:48+00:00\" \/>\n<meta property=\"og:image\" content=\"https:\/\/www.bellunopress.it\/wp-content\/uploads\/2026\/02\/Comitato-gemellaggi-Feltre.jpg\" \/>\n\t<meta property=\"og:image:width\" content=\"600\" \/>\n\t<meta property=\"og:image:height\" content=\"408\" \/>\n\t<meta property=\"og:image:type\" content=\"image\/jpeg\" \/>\n<meta name=\"author\" content=\"redazione\" \/>\n<meta name=\"twitter:card\" content=\"summary_large_image\" \/>\n<meta name=\"twitter:creator\" content=\"@bellunopress\" \/>\n<meta name=\"twitter:site\" content=\"@bellunopress\" \/>\n<meta name=\"twitter:label1\" content=\"\u00c9crit par\" \/>\n\t<meta name=\"twitter:data1\" content=\"redazione\" \/>\n\t<meta name=\"twitter:label2\" content=\"Dur\u00e9e de lecture estim\u00e9e\" \/>\n\t<meta name=\"twitter:data2\" content=\"3 minutes\" \/>\n<script type=\"application\/ld+json\" class=\"yoast-schema-graph\">{\"@context\":\"https:\\\/\\\/schema.org\",\"@graph\":[{\"@type\":\"Article\",\"@id\":\"https:\\\/\\\/www.bellunopress.it\\\/2026\\\/02\\\/15\\\/rinnovo-in-vista-per-il-comitato-gemellaggi-di-feltre\\\/#article\",\"isPartOf\":{\"@id\":\"https:\\\/\\\/www.bellunopress.it\\\/2026\\\/02\\\/15\\\/rinnovo-in-vista-per-il-comitato-gemellaggi-di-feltre\\\/\"},\"author\":{\"name\":\"redazione\",\"@id\":\"https:\\\/\\\/www.bellunopress.it\\\/#\\\/schema\\\/person\\\/79bb06722b37ece1c03d3e94beb30d73\"},\"headline\":\"Rinnovo in vista per il Comitato Gemellaggi di Feltre\",\"datePublished\":\"2026-02-15T14:48:48+00:00\",\"mainEntityOfPage\":{\"@id\":\"https:\\\/\\\/www.bellunopress.it\\\/2026\\\/02\\\/15\\\/rinnovo-in-vista-per-il-comitato-gemellaggi-di-feltre\\\/\"},\"wordCount\":520,\"publisher\":{\"@id\":\"https:\\\/\\\/www.bellunopress.it\\\/#organization\"},\"image\":{\"@id\":\"https:\\\/\\\/www.bellunopress.it\\\/2026\\\/02\\\/15\\\/rinnovo-in-vista-per-il-comitato-gemellaggi-di-feltre\\\/#primaryimage\"},\"thumbnailUrl\":\"https:\\\/\\\/www.bellunopress.it\\\/wp-content\\\/uploads\\\/2026\\\/02\\\/Comitato-gemellaggi-Feltre.jpg\",\"articleSection\":[\"Societ\u00e0, Associazioni, Istituzioni\"],\"inLanguage\":\"fr-FR\"},{\"@type\":\"WebPage\",\"@id\":\"https:\\\/\\\/www.bellunopress.it\\\/2026\\\/02\\\/15\\\/rinnovo-in-vista-per-il-comitato-gemellaggi-di-feltre\\\/\",\"url\":\"https:\\\/\\\/www.bellunopress.it\\\/2026\\\/02\\\/15\\\/rinnovo-in-vista-per-il-comitato-gemellaggi-di-feltre\\\/\",\"name\":\"Rinnovo in vista per il Comitato Gemellaggi di Feltre - Bellunopress - Dolomiti\",\"isPartOf\":{\"@id\":\"https:\\\/\\\/www.bellunopress.it\\\/#website\"},\"primaryImageOfPage\":{\"@id\":\"https:\\\/\\\/www.bellunopress.it\\\/2026\\\/02\\\/15\\\/rinnovo-in-vista-per-il-comitato-gemellaggi-di-feltre\\\/#primaryimage\"},\"image\":{\"@id\":\"https:\\\/\\\/www.bellunopress.it\\\/2026\\\/02\\\/15\\\/rinnovo-in-vista-per-il-comitato-gemellaggi-di-feltre\\\/#primaryimage\"},\"thumbnailUrl\":\"https:\\\/\\\/www.bellunopress.it\\\/wp-content\\\/uploads\\\/2026\\\/02\\\/Comitato-gemellaggi-Feltre.jpg\",\"datePublished\":\"2026-02-15T14:48:48+00:00\",\"breadcrumb\":{\"@id\":\"https:\\\/\\\/www.bellunopress.it\\\/2026\\\/02\\\/15\\\/rinnovo-in-vista-per-il-comitato-gemellaggi-di-feltre\\\/#breadcrumb\"},\"inLanguage\":\"fr-FR\",\"potentialAction\":[{\"@type\":\"ReadAction\",\"target\":[\"https:\\\/\\\/www.bellunopress.it\\\/2026\\\/02\\\/15\\\/rinnovo-in-vista-per-il-comitato-gemellaggi-di-feltre\\\/\"]}]},{\"@type\":\"ImageObject\",\"inLanguage\":\"fr-FR\",\"@id\":\"https:\\\/\\\/www.bellunopress.it\\\/2026\\\/02\\\/15\\\/rinnovo-in-vista-per-il-comitato-gemellaggi-di-feltre\\\/#primaryimage\",\"url\":\"https:\\\/\\\/www.bellunopress.it\\\/wp-content\\\/uploads\\\/2026\\\/02\\\/Comitato-gemellaggi-Feltre.jpg\",\"contentUrl\":\"https:\\\/\\\/www.bellunopress.it\\\/wp-content\\\/uploads\\\/2026\\\/02\\\/Comitato-gemellaggi-Feltre.jpg\",\"width\":600,\"height\":408},{\"@type\":\"BreadcrumbList\",\"@id\":\"https:\\\/\\\/www.bellunopress.it\\\/2026\\\/02\\\/15\\\/rinnovo-in-vista-per-il-comitato-gemellaggi-di-feltre\\\/#breadcrumb\",\"itemListElement\":[{\"@type\":\"ListItem\",\"position\":1,\"name\":\"Home\",\"item\":\"https:\\\/\\\/www.bellunopress.it\\\/\"},{\"@type\":\"ListItem\",\"position\":2,\"name\":\"Rinnovo in vista per il Comitato Gemellaggi di Feltre\"}]},{\"@type\":\"WebSite\",\"@id\":\"https:\\\/\\\/www.bellunopress.it\\\/#website\",\"url\":\"https:\\\/\\\/www.bellunopress.it\\\/\",\"name\":\"Bellunopress - Dolomiti\",\"description\":\"e-mail: redazione@bellunopress.it\",\"publisher\":{\"@id\":\"https:\\\/\\\/www.bellunopress.it\\\/#organization\"},\"potentialAction\":[{\"@type\":\"SearchAction\",\"target\":{\"@type\":\"EntryPoint\",\"urlTemplate\":\"https:\\\/\\\/www.bellunopress.it\\\/?s={search_term_string}\"},\"query-input\":{\"@type\":\"PropertyValueSpecification\",\"valueRequired\":true,\"valueName\":\"search_term_string\"}}],\"inLanguage\":\"fr-FR\"},{\"@type\":\"Organization\",\"@id\":\"https:\\\/\\\/www.bellunopress.it\\\/#organization\",\"name\":\"Bellunopress\",\"url\":\"https:\\\/\\\/www.bellunopress.it\\\/\",\"logo\":{\"@type\":\"ImageObject\",\"inLanguage\":\"fr-FR\",\"@id\":\"https:\\\/\\\/www.bellunopress.it\\\/#\\\/schema\\\/logo\\\/image\\\/\",\"url\":\"https:\\\/\\\/www.bellunopress.it\\\/wp-content\\\/uploads\\\/2011\\\/05\\\/cropped-logo-bellunopress-.jpg\",\"contentUrl\":\"https:\\\/\\\/www.bellunopress.it\\\/wp-content\\\/uploads\\\/2011\\\/05\\\/cropped-logo-bellunopress-.jpg\",\"width\":512,\"height\":512,\"caption\":\"Bellunopress\"},\"image\":{\"@id\":\"https:\\\/\\\/www.bellunopress.it\\\/#\\\/schema\\\/logo\\\/image\\\/\"},\"sameAs\":[\"https:\\\/\\\/www.facebook.com\\\/profile.php?id=100008943462799\",\"https:\\\/\\\/x.com\\\/bellunopress\",\"https:\\\/\\\/www.linkedin.com\\\/hp\\\/?dnr=JBzUWaJfMUw8vbXJJ2tVW5-I3jZKvC4wsoxE&amp;amp;amp;amp;amp;amp;trk=nav_responsive_tab_home\",\"https:\\\/\\\/www.youtube.com\\\/channel\\\/UCxL0wu1uN0_3_7hGG0306cw\"]},{\"@type\":\"Person\",\"@id\":\"https:\\\/\\\/www.bellunopress.it\\\/#\\\/schema\\\/person\\\/79bb06722b37ece1c03d3e94beb30d73\",\"name\":\"redazione\",\"image\":{\"@type\":\"ImageObject\",\"inLanguage\":\"fr-FR\",\"@id\":\"https:\\\/\\\/secure.gravatar.com\\\/avatar\\\/37d968a2e67a6fd04c169c4bdef102d0bc5d31b2546345219e348575eb80e9a0?s=96&d=mm&r=g\",\"url\":\"https:\\\/\\\/secure.gravatar.com\\\/avatar\\\/37d968a2e67a6fd04c169c4bdef102d0bc5d31b2546345219e348575eb80e9a0?s=96&d=mm&r=g\",\"contentUrl\":\"https:\\\/\\\/secure.gravatar.com\\\/avatar\\\/37d968a2e67a6fd04c169c4bdef102d0bc5d31b2546345219e348575eb80e9a0?s=96&d=mm&r=g\",\"caption\":\"redazione\"},\"sameAs\":[\"http:\\\/\\\/www.bellunopress.it\",\"https:\\\/\\\/x.com\\\/bellunopress\"],\"url\":\"https:\\\/\\\/www.bellunopress.it\\\/fr\\\/author\\\/redazione\\\/\"}]}<\/script>\n<!-- \/ Yoast SEO plugin. -->","yoast_head_json":{"title":"Rinnovo in vista per il Comitato Gemellaggi di Feltre - Bellunopress - Dolomiti","robots":{"index":"index","follow":"follow","max-snippet":"max-snippet:-1","max-image-preview":"max-image-preview:large","max-video-preview":"max-video-preview:-1"},"canonical":"https:\/\/www.bellunopress.it\/fr\/2026\/02\/15\/rinnovo-in-vista-per-il-comitato-gemellaggi-di-feltre\/","og_locale":"fr_FR","og_type":"article","og_title":"Rinnovo in vista per il Comitato Gemellaggi di Feltre - Bellunopress - Dolomiti","og_description":"\u00c8 convocata per sabato 21 febbraio l\u2019assemblea pubblica dedicata al rinnovo del Comitato comunale per i Gemellaggi di Feltre. Un appuntamento cruciale per la vita associativa della citt\u00e0, chiamato a definire la squadra che guider\u00e0 le relazioni internazionali del Comune per il prossimo triennio. Come previsto dallo statuto, l&#8217;assemblea dovr\u00e0 eleggere dieci nuovi membri, selezionati [&hellip;]","og_url":"https:\/\/www.bellunopress.it\/fr\/2026\/02\/15\/rinnovo-in-vista-per-il-comitato-gemellaggi-di-feltre\/","og_site_name":"Bellunopress - Dolomiti","article_publisher":"https:\/\/www.facebook.com\/profile.php?id=100008943462799","article_published_time":"2026-02-15T14:48:48+00:00","og_image":[{"width":600,"height":408,"url":"https:\/\/www.bellunopress.it\/wp-content\/uploads\/2026\/02\/Comitato-gemellaggi-Feltre.jpg","type":"image\/jpeg"}],"author":"redazione","twitter_card":"summary_large_image","twitter_creator":"@bellunopress","twitter_site":"@bellunopress","twitter_misc":{"\u00c9crit par":"redazione","Dur\u00e9e de lecture estim\u00e9e":"3 minutes"},"schema":{"@context":"https:\/\/schema.org","@graph":[{"@type":"Article","@id":"https:\/\/www.bellunopress.it\/2026\/02\/15\/rinnovo-in-vista-per-il-comitato-gemellaggi-di-feltre\/#article","isPartOf":{"@id":"https:\/\/www.bellunopress.it\/2026\/02\/15\/rinnovo-in-vista-per-il-comitato-gemellaggi-di-feltre\/"},"author":{"name":"redazione","@id":"https:\/\/www.bellunopress.it\/#\/schema\/person\/79bb06722b37ece1c03d3e94beb30d73"},"headline":"Rinnovo in vista per il Comitato Gemellaggi di Feltre","datePublished":"2026-02-15T14:48:48+00:00","mainEntityOfPage":{"@id":"https:\/\/www.bellunopress.it\/2026\/02\/15\/rinnovo-in-vista-per-il-comitato-gemellaggi-di-feltre\/"},"wordCount":520,"publisher":{"@id":"https:\/\/www.bellunopress.it\/#organization"},"image":{"@id":"https:\/\/www.bellunopress.it\/2026\/02\/15\/rinnovo-in-vista-per-il-comitato-gemellaggi-di-feltre\/#primaryimage"},"thumbnailUrl":"https:\/\/www.bellunopress.it\/wp-content\/uploads\/2026\/02\/Comitato-gemellaggi-Feltre.jpg","articleSection":["Societ\u00e0, Associazioni, Istituzioni"],"inLanguage":"fr-FR"},{"@type":"WebPage","@id":"https:\/\/www.bellunopress.it\/2026\/02\/15\/rinnovo-in-vista-per-il-comitato-gemellaggi-di-feltre\/","url":"https:\/\/www.bellunopress.it\/2026\/02\/15\/rinnovo-in-vista-per-il-comitato-gemellaggi-di-feltre\/","name":"Rinnovo in vista per il Comitato Gemellaggi di Feltre - Bellunopress - Dolomiti","isPartOf":{"@id":"https:\/\/www.bellunopress.it\/#website"},"primaryImageOfPage":{"@id":"https:\/\/www.bellunopress.it\/2026\/02\/15\/rinnovo-in-vista-per-il-comitato-gemellaggi-di-feltre\/#primaryimage"},"image":{"@id":"https:\/\/www.bellunopress.it\/2026\/02\/15\/rinnovo-in-vista-per-il-comitato-gemellaggi-di-feltre\/#primaryimage"},"thumbnailUrl":"https:\/\/www.bellunopress.it\/wp-content\/uploads\/2026\/02\/Comitato-gemellaggi-Feltre.jpg","datePublished":"2026-02-15T14:48:48+00:00","breadcrumb":{"@id":"https:\/\/www.bellunopress.it\/2026\/02\/15\/rinnovo-in-vista-per-il-comitato-gemellaggi-di-feltre\/#breadcrumb"},"inLanguage":"fr-FR","potentialAction":[{"@type":"ReadAction","target":["https:\/\/www.bellunopress.it\/2026\/02\/15\/rinnovo-in-vista-per-il-comitato-gemellaggi-di-feltre\/"]}]},{"@type":"ImageObject","inLanguage":"fr-FR","@id":"https:\/\/www.bellunopress.it\/2026\/02\/15\/rinnovo-in-vista-per-il-comitato-gemellaggi-di-feltre\/#primaryimage","url":"https:\/\/www.bellunopress.it\/wp-content\/uploads\/2026\/02\/Comitato-gemellaggi-Feltre.jpg","contentUrl":"https:\/\/www.bellunopress.it\/wp-content\/uploads\/2026\/02\/Comitato-gemellaggi-Feltre.jpg","width":600,"height":408},{"@type":"BreadcrumbList","@id":"https:\/\/www.bellunopress.it\/2026\/02\/15\/rinnovo-in-vista-per-il-comitato-gemellaggi-di-feltre\/#breadcrumb","itemListElement":[{"@type":"ListItem","position":1,"name":"Home","item":"https:\/\/www.bellunopress.it\/"},{"@type":"ListItem","position":2,"name":"Rinnovo in vista per il Comitato Gemellaggi di Feltre"}]},{"@type":"WebSite","@id":"https:\/\/www.bellunopress.it\/#website","url":"https:\/\/www.bellunopress.it\/","name":"Bellunopress - Dolomiti","description":"e-mail: redazione@bellunopress.it","publisher":{"@id":"https:\/\/www.bellunopress.it\/#organization"},"potentialAction":[{"@type":"SearchAction","target":{"@type":"EntryPoint","urlTemplate":"https:\/\/www.bellunopress.it\/?s={search_term_string}"},"query-input":{"@type":"PropertyValueSpecification","valueRequired":true,"valueName":"search_term_string"}}],"inLanguage":"fr-FR"},{"@type":"Organization","@id":"https:\/\/www.bellunopress.it\/#organization","name":"Bellunopress","url":"https:\/\/www.bellunopress.it\/","logo":{"@type":"ImageObject","inLanguage":"fr-FR","@id":"https:\/\/www.bellunopress.it\/#\/schema\/logo\/image\/","url":"https:\/\/www.bellunopress.it\/wp-content\/uploads\/2011\/05\/cropped-logo-bellunopress-.jpg","contentUrl":"https:\/\/www.bellunopress.it\/wp-content\/uploads\/2011\/05\/cropped-logo-bellunopress-.jpg","width":512,"height":512,"caption":"Bellunopress"},"image":{"@id":"https:\/\/www.bellunopress.it\/#\/schema\/logo\/image\/"},"sameAs":["https:\/\/www.facebook.com\/profile.php?id=100008943462799","https:\/\/x.com\/bellunopress","https:\/\/www.linkedin.com\/hp\/?dnr=JBzUWaJfMUw8vbXJJ2tVW5-I3jZKvC4wsoxE&amp;amp;amp;amp;amp;amp;trk=nav_responsive_tab_home","https:\/\/www.youtube.com\/channel\/UCxL0wu1uN0_3_7hGG0306cw"]},{"@type":"Person","@id":"https:\/\/www.bellunopress.it\/#\/schema\/person\/79bb06722b37ece1c03d3e94beb30d73","name":"r\u00e9daction","image":{"@type":"ImageObject","inLanguage":"fr-FR","@id":"https:\/\/secure.gravatar.com\/avatar\/37d968a2e67a6fd04c169c4bdef102d0bc5d31b2546345219e348575eb80e9a0?s=96&d=mm&r=g","url":"https:\/\/secure.gravatar.com\/avatar\/37d968a2e67a6fd04c169c4bdef102d0bc5d31b2546345219e348575eb80e9a0?s=96&d=mm&r=g","contentUrl":"https:\/\/secure.gravatar.com\/avatar\/37d968a2e67a6fd04c169c4bdef102d0bc5d31b2546345219e348575eb80e9a0?s=96&d=mm&r=g","caption":"redazione"},"sameAs":["http:\/\/www.bellunopress.it","https:\/\/x.com\/bellunopress"],"url":"https:\/\/www.bellunopress.it\/fr\/author\/redazione\/"}]}},"_links":{"self":[{"href":"https:\/\/www.bellunopress.it\/fr\/wp-json\/wp\/v2\/posts\/167214","targetHints":{"allow":["GET"]}}],"collection":[{"href":"https:\/\/www.bellunopress.it\/fr\/wp-json\/wp\/v2\/posts"}],"about":[{"href":"https:\/\/www.bellunopress.it\/fr\/wp-json\/wp\/v2\/types\/post"}],"author":[{"embeddable":true,"href":"https:\/\/www.bellunopress.it\/fr\/wp-json\/wp\/v2\/users\/2"}],"replies":[{"embeddable":true,"href":"https:\/\/www.bellunopress.it\/fr\/wp-json\/wp\/v2\/comments?post=167214"}],"version-history":[{"count":1,"href":"https:\/\/www.bellunopress.it\/fr\/wp-json\/wp\/v2\/posts\/167214\/revisions"}],"predecessor-version":[{"id":167216,"href":"https:\/\/www.bellunopress.it\/fr\/wp-json\/wp\/v2\/posts\/167214\/revisions\/167216"}],"wp:featuredmedia":[{"embeddable":true,"href":"https:\/\/www.bellunopress.it\/fr\/wp-json\/wp\/v2\/media\/167215"}],"wp:attachment":[{"href":"https:\/\/www.bellunopress.it\/fr\/wp-json\/wp\/v2\/media?parent=167214"}],"wp:term":[{"taxonomy":"category","embeddable":true,"href":"https:\/\/www.bellunopress.it\/fr\/wp-json\/wp\/v2\/categories?post=167214"},{"taxonomy":"post_tag","embeddable":true,"href":"https:\/\/www.bellunopress.it\/fr\/wp-json\/wp\/v2\/tags?post=167214"}],"curies":[{"name":"wp","href":"https:\/\/api.w.org\/{rel}","templated":true}]}}