{"id":167207,"date":"2026-02-06T13:21:08","date_gmt":"2026-02-06T12:21:08","guid":{"rendered":"https:\/\/www.bellunopress.it\/?p=167207"},"modified":"2026-02-06T17:50:30","modified_gmt":"2026-02-06T16:50:30","slug":"crisi-a-palazzo-rosso-forza-italia-chiede-il-tagliando-di-fine-mandato","status":"publish","type":"post","link":"https:\/\/www.bellunopress.it\/fr\/2026\/02\/06\/crisi-a-palazzo-rosso-forza-italia-chiede-il-tagliando-di-fine-mandato\/","title":{"rendered":"Crisi a Palazzo Rosso: Forza Italia chiede il \u201ctagliando\u201d di fine mandato"},"content":{"rendered":"<h3 data-path-to-node=\"3\">Dopo l\u2019addio del consigliere Garzotto, il capogruppo La Grua lancia l\u2019ultimatum: \u00abVerificare se ci sono le condizioni per proseguire. Basta fughe in avanti del Sindaco\u00bb.<\/h3>\n<p data-path-to-node=\"4\">Belluno, 06\/02\/2026\u00a0 &#8211;\u00a0 Il clima politico nel capoluogo dolomitico si fa rovente. L\u2019uscita del consigliere Massimo Garzotto dalla maggioranza non \u00e8 passata come un semplice avvicendamento tecnico, ma ha innescato una reazione a catena che vede ora Forza Italia vestire i panni del &#8220;pompiere critico&#8221; (o forse del supervisore severo).<\/p>\n<h3 data-path-to-node=\"5\">Fondamenta instabili<\/h3>\n<p data-path-to-node=\"6\">Il capogruppo azzurro, Francesco La Grua, non usa giri di parole e ricorre a una metafora sismica per descrivere lo stato di salute dell&#8217;amministrazione De Pellegrin:<\/p>\n<blockquote data-path-to-node=\"7\">\n<h6 style=\"text-align: left;\" data-path-to-node=\"7,0\">\u00abDopo l&#8217;ennesima scossa tellurica le fondamenta di Palazzo Rosso risultano sempre meno stabili. \u00c8 tempo di prendere decisioni importanti per valutare se esistano ancora le condizioni per proseguire nel governo della citt\u00e0\u00bb.<\/h6>\n<\/blockquote>\n<p data-path-to-node=\"8\">Il malumore di Forza Italia non nasce solo dall&#8217;addio di Garzotto, ma da un senso di esclusione dai processi decisionali. Secondo La Grua, il partito sarebbe stato tenuto all&#8217;oscuro di partite amministrative di estremo rilievo, venendo a conoscenza dei fatti solo a cose fatte.<\/p>\n<h3 data-path-to-node=\"10\">La proposta: un vertice per un &#8220;cronoprogramma&#8221; di fine mandato<\/h3>\n<p data-path-to-node=\"11\">A poco pi\u00f9 di un anno dal rinnovo amministrativo, Forza Italia ha formalizzato stamattina la richiesta di una riunione immediata dei capigruppo di maggioranza. L\u2019obiettivo \u00e8 chiaro: capire chi ci sta e per fare cosa.<\/p>\n<p data-path-to-node=\"12\">Ecco i punti cardine della proposta di La Grua:<\/p>\n<ul data-path-to-node=\"13\">\n<li>\n<p data-path-to-node=\"13,0,0\"><b data-path-to-node=\"13,0,0\" data-index-in-node=\"0\">Apertura al dialogo:<\/b> Coinvolgere nel confronto anche il gruppo &#8220;Il Patto&#8221; e lo stesso Garzotto.<\/p>\n<\/li>\n<li>\n<p data-path-to-node=\"13,1,0\"><b data-path-to-node=\"13,1,0\" data-index-in-node=\"0\">Sintesi programmatica:<\/b> Stilare un programma di fine mandato basato su <b data-path-to-node=\"13,1,0\" data-index-in-node=\"70\">pochi punti condivisi<\/b>.<\/p>\n<\/li>\n<li>\n<p data-path-to-node=\"13,2,0\"><b data-path-to-node=\"13,2,0\" data-index-in-node=\"0\">Stop ai personalismi:<\/b> Mettere fine a quelle che La Grua definisce le \u00abcontinue fughe in avanti\u00bb della giunta.<\/p>\n<\/li>\n<\/ul>\n<h3 data-path-to-node=\"14\">Nel mirino il &#8220;quasi sindaco&#8221; e i solisti<\/h3>\n<p data-path-to-node=\"15\">L\u2019affondo finale di La Grua \u00e8 rivolto direttamente ai vertici dell\u2019esecutivo. Il capogruppo punta il dito contro il sindaco De Pellegrin, l&#8217;assessore Gamba (definito ironicamente <i data-path-to-node=\"15\" data-index-in-node=\"179\">&#8220;quasi sindaco&#8221;<\/i>) e alcuni assessori accusati di eccessivo protagonismo.<\/p>\n<p data-path-to-node=\"16\">\u00abLe scelte devono essere condivise con chiarezza\u00bb, conclude La Grua. \u00abTutti devono avere contezza dell&#8217;azione amministrativa senza doverla scoprire <i data-path-to-node=\"16\" data-index-in-node=\"148\">ex post<\/i>\u00bb. L&#8217;obiettivo dichiarato \u00e8 arrivare alla fine di questo \u00abtravagliato percorso\u00bb in maniera dignitosa. Resta da vedere se il Sindaco raccoglier\u00e0 l&#8217;invito al dialogo o se le scosse a Palazzo Rosso continueranno fino a far crollare l&#8217;intero edificio.<\/p>","protected":false},"excerpt":{"rendered":"<p>Dopo l\u2019addio del consigliere Garzotto, il capogruppo La Grua lancia l\u2019ultimatum: \u00abVerificare se ci sono le condizioni per proseguire. Basta fughe in avanti del Sindaco\u00bb. Belluno, 06\/02\/2026\u00a0 &#8211;\u00a0 Il clima politico nel capoluogo dolomitico si fa rovente. L\u2019uscita del consigliere Massimo Garzotto dalla maggioranza non \u00e8 passata come un semplice avvicendamento tecnico, ma ha innescato [&hellip;]<\/p>\n","protected":false},"author":2,"featured_media":144369,"comment_status":"closed","ping_status":"open","sticky":false,"template":"","format":"standard","meta":{"footnotes":""},"categories":[5,3446],"tags":[],"class_list":["post-167207","post","type-post","status-publish","format-standard","has-post-thumbnail","category-cronaca","category-featured"],"yoast_head":"<!-- This site is optimized with the Yoast SEO plugin v28.4 - https:\/\/yoast.com\/product\/yoast-seo-wordpress\/ -->\n<title>Crisi a Palazzo Rosso: Forza Italia chiede il \u201ctagliando\u201d di fine mandato - Bellunopress - Dolomiti<\/title>\n<meta name=\"robots\" content=\"index, follow, max-snippet:-1, max-image-preview:large, max-video-preview:-1\" \/>\n<link rel=\"canonical\" href=\"https:\/\/www.bellunopress.it\/fr\/2026\/02\/06\/crisi-a-palazzo-rosso-forza-italia-chiede-il-tagliando-di-fine-mandato\/\" \/>\n<meta property=\"og:locale\" content=\"fr_FR\" \/>\n<meta property=\"og:type\" content=\"article\" \/>\n<meta property=\"og:title\" content=\"Crisi a Palazzo Rosso: Forza Italia chiede il \u201ctagliando\u201d di fine mandato - Bellunopress - Dolomiti\" \/>\n<meta property=\"og:description\" content=\"Dopo l\u2019addio del consigliere Garzotto, il capogruppo La Grua lancia l\u2019ultimatum: \u00abVerificare se ci sono le condizioni per proseguire. Basta fughe in avanti del Sindaco\u00bb. Belluno, 06\/02\/2026\u00a0 &#8211;\u00a0 Il clima politico nel capoluogo dolomitico si fa rovente. L\u2019uscita del consigliere Massimo Garzotto dalla maggioranza non \u00e8 passata come un semplice avvicendamento tecnico, ma ha innescato [&hellip;]\" \/>\n<meta property=\"og:url\" content=\"https:\/\/www.bellunopress.it\/fr\/2026\/02\/06\/crisi-a-palazzo-rosso-forza-italia-chiede-il-tagliando-di-fine-mandato\/\" \/>\n<meta property=\"og:site_name\" content=\"Bellunopress - Dolomiti\" \/>\n<meta property=\"article:publisher\" content=\"https:\/\/www.facebook.com\/profile.php?id=100008943462799\" \/>\n<meta property=\"article:published_time\" content=\"2026-02-06T12:21:08+00:00\" \/>\n<meta property=\"article:modified_time\" content=\"2026-02-06T16:50:30+00:00\" \/>\n<meta property=\"og:image\" content=\"https:\/\/www.bellunopress.it\/wp-content\/uploads\/2023\/09\/Francesco-La-Grua_edited_edited.jpg\" \/>\n\t<meta property=\"og:image:width\" content=\"288\" \/>\n\t<meta property=\"og:image:height\" content=\"349\" \/>\n\t<meta property=\"og:image:type\" content=\"image\/jpeg\" \/>\n<meta name=\"author\" content=\"redazione\" \/>\n<meta name=\"twitter:card\" content=\"summary_large_image\" \/>\n<meta name=\"twitter:creator\" content=\"@bellunopress\" \/>\n<meta name=\"twitter:site\" content=\"@bellunopress\" \/>\n<meta name=\"twitter:label1\" content=\"\u00c9crit par\" \/>\n\t<meta name=\"twitter:data1\" content=\"redazione\" \/>\n\t<meta name=\"twitter:label2\" content=\"Dur\u00e9e de lecture estim\u00e9e\" \/>\n\t<meta name=\"twitter:data2\" content=\"2 minutes\" \/>\n<script type=\"application\/ld+json\" class=\"yoast-schema-graph\">{\"@context\":\"https:\\\/\\\/schema.org\",\"@graph\":[{\"@type\":\"Article\",\"@id\":\"https:\\\/\\\/www.bellunopress.it\\\/2026\\\/02\\\/06\\\/crisi-a-palazzo-rosso-forza-italia-chiede-il-tagliando-di-fine-mandato\\\/#article\",\"isPartOf\":{\"@id\":\"https:\\\/\\\/www.bellunopress.it\\\/2026\\\/02\\\/06\\\/crisi-a-palazzo-rosso-forza-italia-chiede-il-tagliando-di-fine-mandato\\\/\"},\"author\":{\"name\":\"redazione\",\"@id\":\"https:\\\/\\\/www.bellunopress.it\\\/#\\\/schema\\\/person\\\/79bb06722b37ece1c03d3e94beb30d73\"},\"headline\":\"Crisi a Palazzo Rosso: Forza Italia chiede il \u201ctagliando\u201d di fine mandato\",\"datePublished\":\"2026-02-06T12:21:08+00:00\",\"dateModified\":\"2026-02-06T16:50:30+00:00\",\"mainEntityOfPage\":{\"@id\":\"https:\\\/\\\/www.bellunopress.it\\\/2026\\\/02\\\/06\\\/crisi-a-palazzo-rosso-forza-italia-chiede-il-tagliando-di-fine-mandato\\\/\"},\"wordCount\":400,\"publisher\":{\"@id\":\"https:\\\/\\\/www.bellunopress.it\\\/#organization\"},\"image\":{\"@id\":\"https:\\\/\\\/www.bellunopress.it\\\/2026\\\/02\\\/06\\\/crisi-a-palazzo-rosso-forza-italia-chiede-il-tagliando-di-fine-mandato\\\/#primaryimage\"},\"thumbnailUrl\":\"https:\\\/\\\/www.bellunopress.it\\\/wp-content\\\/uploads\\\/2023\\\/09\\\/Francesco-La-Grua_edited_edited.jpg\",\"articleSection\":[\"Cronaca\\\/Politica\",\"Featured\"],\"inLanguage\":\"fr-FR\"},{\"@type\":\"WebPage\",\"@id\":\"https:\\\/\\\/www.bellunopress.it\\\/2026\\\/02\\\/06\\\/crisi-a-palazzo-rosso-forza-italia-chiede-il-tagliando-di-fine-mandato\\\/\",\"url\":\"https:\\\/\\\/www.bellunopress.it\\\/2026\\\/02\\\/06\\\/crisi-a-palazzo-rosso-forza-italia-chiede-il-tagliando-di-fine-mandato\\\/\",\"name\":\"Crisi a Palazzo Rosso: Forza Italia chiede il \u201ctagliando\u201d di fine mandato - Bellunopress - Dolomiti\",\"isPartOf\":{\"@id\":\"https:\\\/\\\/www.bellunopress.it\\\/#website\"},\"primaryImageOfPage\":{\"@id\":\"https:\\\/\\\/www.bellunopress.it\\\/2026\\\/02\\\/06\\\/crisi-a-palazzo-rosso-forza-italia-chiede-il-tagliando-di-fine-mandato\\\/#primaryimage\"},\"image\":{\"@id\":\"https:\\\/\\\/www.bellunopress.it\\\/2026\\\/02\\\/06\\\/crisi-a-palazzo-rosso-forza-italia-chiede-il-tagliando-di-fine-mandato\\\/#primaryimage\"},\"thumbnailUrl\":\"https:\\\/\\\/www.bellunopress.it\\\/wp-content\\\/uploads\\\/2023\\\/09\\\/Francesco-La-Grua_edited_edited.jpg\",\"datePublished\":\"2026-02-06T12:21:08+00:00\",\"dateModified\":\"2026-02-06T16:50:30+00:00\",\"breadcrumb\":{\"@id\":\"https:\\\/\\\/www.bellunopress.it\\\/2026\\\/02\\\/06\\\/crisi-a-palazzo-rosso-forza-italia-chiede-il-tagliando-di-fine-mandato\\\/#breadcrumb\"},\"inLanguage\":\"fr-FR\",\"potentialAction\":[{\"@type\":\"ReadAction\",\"target\":[\"https:\\\/\\\/www.bellunopress.it\\\/2026\\\/02\\\/06\\\/crisi-a-palazzo-rosso-forza-italia-chiede-il-tagliando-di-fine-mandato\\\/\"]}]},{\"@type\":\"ImageObject\",\"inLanguage\":\"fr-FR\",\"@id\":\"https:\\\/\\\/www.bellunopress.it\\\/2026\\\/02\\\/06\\\/crisi-a-palazzo-rosso-forza-italia-chiede-il-tagliando-di-fine-mandato\\\/#primaryimage\",\"url\":\"https:\\\/\\\/www.bellunopress.it\\\/wp-content\\\/uploads\\\/2023\\\/09\\\/Francesco-La-Grua_edited_edited.jpg\",\"contentUrl\":\"https:\\\/\\\/www.bellunopress.it\\\/wp-content\\\/uploads\\\/2023\\\/09\\\/Francesco-La-Grua_edited_edited.jpg\",\"width\":288,\"height\":349,\"caption\":\"Francesco La Grua, capogruppo Forza Italia in consiglio comunale di Belluno\"},{\"@type\":\"BreadcrumbList\",\"@id\":\"https:\\\/\\\/www.bellunopress.it\\\/2026\\\/02\\\/06\\\/crisi-a-palazzo-rosso-forza-italia-chiede-il-tagliando-di-fine-mandato\\\/#breadcrumb\",\"itemListElement\":[{\"@type\":\"ListItem\",\"position\":1,\"name\":\"Home\",\"item\":\"https:\\\/\\\/www.bellunopress.it\\\/\"},{\"@type\":\"ListItem\",\"position\":2,\"name\":\"Crisi a Palazzo Rosso: Forza Italia chiede il \u201ctagliando\u201d di fine mandato\"}]},{\"@type\":\"WebSite\",\"@id\":\"https:\\\/\\\/www.bellunopress.it\\\/#website\",\"url\":\"https:\\\/\\\/www.bellunopress.it\\\/\",\"name\":\"Bellunopress - Dolomiti\",\"description\":\"e-mail: redazione@bellunopress.it\",\"publisher\":{\"@id\":\"https:\\\/\\\/www.bellunopress.it\\\/#organization\"},\"potentialAction\":[{\"@type\":\"SearchAction\",\"target\":{\"@type\":\"EntryPoint\",\"urlTemplate\":\"https:\\\/\\\/www.bellunopress.it\\\/?s={search_term_string}\"},\"query-input\":{\"@type\":\"PropertyValueSpecification\",\"valueRequired\":true,\"valueName\":\"search_term_string\"}}],\"inLanguage\":\"fr-FR\"},{\"@type\":\"Organization\",\"@id\":\"https:\\\/\\\/www.bellunopress.it\\\/#organization\",\"name\":\"Bellunopress\",\"url\":\"https:\\\/\\\/www.bellunopress.it\\\/\",\"logo\":{\"@type\":\"ImageObject\",\"inLanguage\":\"fr-FR\",\"@id\":\"https:\\\/\\\/www.bellunopress.it\\\/#\\\/schema\\\/logo\\\/image\\\/\",\"url\":\"https:\\\/\\\/www.bellunopress.it\\\/wp-content\\\/uploads\\\/2011\\\/05\\\/cropped-logo-bellunopress-.jpg\",\"contentUrl\":\"https:\\\/\\\/www.bellunopress.it\\\/wp-content\\\/uploads\\\/2011\\\/05\\\/cropped-logo-bellunopress-.jpg\",\"width\":512,\"height\":512,\"caption\":\"Bellunopress\"},\"image\":{\"@id\":\"https:\\\/\\\/www.bellunopress.it\\\/#\\\/schema\\\/logo\\\/image\\\/\"},\"sameAs\":[\"https:\\\/\\\/www.facebook.com\\\/profile.php?id=100008943462799\",\"https:\\\/\\\/x.com\\\/bellunopress\",\"https:\\\/\\\/www.linkedin.com\\\/hp\\\/?dnr=JBzUWaJfMUw8vbXJJ2tVW5-I3jZKvC4wsoxE&amp;amp;amp;amp;amp;amp;trk=nav_responsive_tab_home\",\"https:\\\/\\\/www.youtube.com\\\/channel\\\/UCxL0wu1uN0_3_7hGG0306cw\"]},{\"@type\":\"Person\",\"@id\":\"https:\\\/\\\/www.bellunopress.it\\\/#\\\/schema\\\/person\\\/79bb06722b37ece1c03d3e94beb30d73\",\"name\":\"redazione\",\"image\":{\"@type\":\"ImageObject\",\"inLanguage\":\"fr-FR\",\"@id\":\"https:\\\/\\\/secure.gravatar.com\\\/avatar\\\/37d968a2e67a6fd04c169c4bdef102d0bc5d31b2546345219e348575eb80e9a0?s=96&d=mm&r=g\",\"url\":\"https:\\\/\\\/secure.gravatar.com\\\/avatar\\\/37d968a2e67a6fd04c169c4bdef102d0bc5d31b2546345219e348575eb80e9a0?s=96&d=mm&r=g\",\"contentUrl\":\"https:\\\/\\\/secure.gravatar.com\\\/avatar\\\/37d968a2e67a6fd04c169c4bdef102d0bc5d31b2546345219e348575eb80e9a0?s=96&d=mm&r=g\",\"caption\":\"redazione\"},\"sameAs\":[\"http:\\\/\\\/www.bellunopress.it\",\"https:\\\/\\\/x.com\\\/bellunopress\"],\"url\":\"https:\\\/\\\/www.bellunopress.it\\\/fr\\\/author\\\/redazione\\\/\"}]}<\/script>\n<!-- \/ Yoast SEO plugin. -->","yoast_head_json":{"title":"Crisi a Palazzo Rosso: Forza Italia chiede il \u201ctagliando\u201d di fine mandato - Bellunopress - Dolomiti","robots":{"index":"index","follow":"follow","max-snippet":"max-snippet:-1","max-image-preview":"max-image-preview:large","max-video-preview":"max-video-preview:-1"},"canonical":"https:\/\/www.bellunopress.it\/fr\/2026\/02\/06\/crisi-a-palazzo-rosso-forza-italia-chiede-il-tagliando-di-fine-mandato\/","og_locale":"fr_FR","og_type":"article","og_title":"Crisi a Palazzo Rosso: Forza Italia chiede il \u201ctagliando\u201d di fine mandato - Bellunopress - Dolomiti","og_description":"Dopo l\u2019addio del consigliere Garzotto, il capogruppo La Grua lancia l\u2019ultimatum: \u00abVerificare se ci sono le condizioni per proseguire. Basta fughe in avanti del Sindaco\u00bb. Belluno, 06\/02\/2026\u00a0 &#8211;\u00a0 Il clima politico nel capoluogo dolomitico si fa rovente. L\u2019uscita del consigliere Massimo Garzotto dalla maggioranza non \u00e8 passata come un semplice avvicendamento tecnico, ma ha innescato [&hellip;]","og_url":"https:\/\/www.bellunopress.it\/fr\/2026\/02\/06\/crisi-a-palazzo-rosso-forza-italia-chiede-il-tagliando-di-fine-mandato\/","og_site_name":"Bellunopress - Dolomiti","article_publisher":"https:\/\/www.facebook.com\/profile.php?id=100008943462799","article_published_time":"2026-02-06T12:21:08+00:00","article_modified_time":"2026-02-06T16:50:30+00:00","og_image":[{"width":288,"height":349,"url":"https:\/\/www.bellunopress.it\/wp-content\/uploads\/2023\/09\/Francesco-La-Grua_edited_edited.jpg","type":"image\/jpeg"}],"author":"redazione","twitter_card":"summary_large_image","twitter_creator":"@bellunopress","twitter_site":"@bellunopress","twitter_misc":{"\u00c9crit par":"redazione","Dur\u00e9e de lecture estim\u00e9e":"2 minutes"},"schema":{"@context":"https:\/\/schema.org","@graph":[{"@type":"Article","@id":"https:\/\/www.bellunopress.it\/2026\/02\/06\/crisi-a-palazzo-rosso-forza-italia-chiede-il-tagliando-di-fine-mandato\/#article","isPartOf":{"@id":"https:\/\/www.bellunopress.it\/2026\/02\/06\/crisi-a-palazzo-rosso-forza-italia-chiede-il-tagliando-di-fine-mandato\/"},"author":{"name":"redazione","@id":"https:\/\/www.bellunopress.it\/#\/schema\/person\/79bb06722b37ece1c03d3e94beb30d73"},"headline":"Crisi a Palazzo Rosso: Forza Italia chiede il \u201ctagliando\u201d di fine mandato","datePublished":"2026-02-06T12:21:08+00:00","dateModified":"2026-02-06T16:50:30+00:00","mainEntityOfPage":{"@id":"https:\/\/www.bellunopress.it\/2026\/02\/06\/crisi-a-palazzo-rosso-forza-italia-chiede-il-tagliando-di-fine-mandato\/"},"wordCount":400,"publisher":{"@id":"https:\/\/www.bellunopress.it\/#organization"},"image":{"@id":"https:\/\/www.bellunopress.it\/2026\/02\/06\/crisi-a-palazzo-rosso-forza-italia-chiede-il-tagliando-di-fine-mandato\/#primaryimage"},"thumbnailUrl":"https:\/\/www.bellunopress.it\/wp-content\/uploads\/2023\/09\/Francesco-La-Grua_edited_edited.jpg","articleSection":["Cronaca\/Politica","Featured"],"inLanguage":"fr-FR"},{"@type":"WebPage","@id":"https:\/\/www.bellunopress.it\/2026\/02\/06\/crisi-a-palazzo-rosso-forza-italia-chiede-il-tagliando-di-fine-mandato\/","url":"https:\/\/www.bellunopress.it\/2026\/02\/06\/crisi-a-palazzo-rosso-forza-italia-chiede-il-tagliando-di-fine-mandato\/","name":"Crisi a Palazzo Rosso: Forza Italia chiede il \u201ctagliando\u201d di fine mandato - Bellunopress - Dolomiti","isPartOf":{"@id":"https:\/\/www.bellunopress.it\/#website"},"primaryImageOfPage":{"@id":"https:\/\/www.bellunopress.it\/2026\/02\/06\/crisi-a-palazzo-rosso-forza-italia-chiede-il-tagliando-di-fine-mandato\/#primaryimage"},"image":{"@id":"https:\/\/www.bellunopress.it\/2026\/02\/06\/crisi-a-palazzo-rosso-forza-italia-chiede-il-tagliando-di-fine-mandato\/#primaryimage"},"thumbnailUrl":"https:\/\/www.bellunopress.it\/wp-content\/uploads\/2023\/09\/Francesco-La-Grua_edited_edited.jpg","datePublished":"2026-02-06T12:21:08+00:00","dateModified":"2026-02-06T16:50:30+00:00","breadcrumb":{"@id":"https:\/\/www.bellunopress.it\/2026\/02\/06\/crisi-a-palazzo-rosso-forza-italia-chiede-il-tagliando-di-fine-mandato\/#breadcrumb"},"inLanguage":"fr-FR","potentialAction":[{"@type":"ReadAction","target":["https:\/\/www.bellunopress.it\/2026\/02\/06\/crisi-a-palazzo-rosso-forza-italia-chiede-il-tagliando-di-fine-mandato\/"]}]},{"@type":"ImageObject","inLanguage":"fr-FR","@id":"https:\/\/www.bellunopress.it\/2026\/02\/06\/crisi-a-palazzo-rosso-forza-italia-chiede-il-tagliando-di-fine-mandato\/#primaryimage","url":"https:\/\/www.bellunopress.it\/wp-content\/uploads\/2023\/09\/Francesco-La-Grua_edited_edited.jpg","contentUrl":"https:\/\/www.bellunopress.it\/wp-content\/uploads\/2023\/09\/Francesco-La-Grua_edited_edited.jpg","width":288,"height":349,"caption":"Francesco La Grua, capogruppo Forza Italia in consiglio comunale di Belluno"},{"@type":"BreadcrumbList","@id":"https:\/\/www.bellunopress.it\/2026\/02\/06\/crisi-a-palazzo-rosso-forza-italia-chiede-il-tagliando-di-fine-mandato\/#breadcrumb","itemListElement":[{"@type":"ListItem","position":1,"name":"Home","item":"https:\/\/www.bellunopress.it\/"},{"@type":"ListItem","position":2,"name":"Crisi a Palazzo Rosso: Forza Italia chiede il \u201ctagliando\u201d di fine mandato"}]},{"@type":"WebSite","@id":"https:\/\/www.bellunopress.it\/#website","url":"https:\/\/www.bellunopress.it\/","name":"Bellunopress - Dolomiti","description":"e-mail: redazione@bellunopress.it","publisher":{"@id":"https:\/\/www.bellunopress.it\/#organization"},"potentialAction":[{"@type":"SearchAction","target":{"@type":"EntryPoint","urlTemplate":"https:\/\/www.bellunopress.it\/?s={search_term_string}"},"query-input":{"@type":"PropertyValueSpecification","valueRequired":true,"valueName":"search_term_string"}}],"inLanguage":"fr-FR"},{"@type":"Organization","@id":"https:\/\/www.bellunopress.it\/#organization","name":"Bellunopress","url":"https:\/\/www.bellunopress.it\/","logo":{"@type":"ImageObject","inLanguage":"fr-FR","@id":"https:\/\/www.bellunopress.it\/#\/schema\/logo\/image\/","url":"https:\/\/www.bellunopress.it\/wp-content\/uploads\/2011\/05\/cropped-logo-bellunopress-.jpg","contentUrl":"https:\/\/www.bellunopress.it\/wp-content\/uploads\/2011\/05\/cropped-logo-bellunopress-.jpg","width":512,"height":512,"caption":"Bellunopress"},"image":{"@id":"https:\/\/www.bellunopress.it\/#\/schema\/logo\/image\/"},"sameAs":["https:\/\/www.facebook.com\/profile.php?id=100008943462799","https:\/\/x.com\/bellunopress","https:\/\/www.linkedin.com\/hp\/?dnr=JBzUWaJfMUw8vbXJJ2tVW5-I3jZKvC4wsoxE&amp;amp;amp;amp;amp;amp;trk=nav_responsive_tab_home","https:\/\/www.youtube.com\/channel\/UCxL0wu1uN0_3_7hGG0306cw"]},{"@type":"Person","@id":"https:\/\/www.bellunopress.it\/#\/schema\/person\/79bb06722b37ece1c03d3e94beb30d73","name":"r\u00e9daction","image":{"@type":"ImageObject","inLanguage":"fr-FR","@id":"https:\/\/secure.gravatar.com\/avatar\/37d968a2e67a6fd04c169c4bdef102d0bc5d31b2546345219e348575eb80e9a0?s=96&d=mm&r=g","url":"https:\/\/secure.gravatar.com\/avatar\/37d968a2e67a6fd04c169c4bdef102d0bc5d31b2546345219e348575eb80e9a0?s=96&d=mm&r=g","contentUrl":"https:\/\/secure.gravatar.com\/avatar\/37d968a2e67a6fd04c169c4bdef102d0bc5d31b2546345219e348575eb80e9a0?s=96&d=mm&r=g","caption":"redazione"},"sameAs":["http:\/\/www.bellunopress.it","https:\/\/x.com\/bellunopress"],"url":"https:\/\/www.bellunopress.it\/fr\/author\/redazione\/"}]}},"_links":{"self":[{"href":"https:\/\/www.bellunopress.it\/fr\/wp-json\/wp\/v2\/posts\/167207","targetHints":{"allow":["GET"]}}],"collection":[{"href":"https:\/\/www.bellunopress.it\/fr\/wp-json\/wp\/v2\/posts"}],"about":[{"href":"https:\/\/www.bellunopress.it\/fr\/wp-json\/wp\/v2\/types\/post"}],"author":[{"embeddable":true,"href":"https:\/\/www.bellunopress.it\/fr\/wp-json\/wp\/v2\/users\/2"}],"replies":[{"embeddable":true,"href":"https:\/\/www.bellunopress.it\/fr\/wp-json\/wp\/v2\/comments?post=167207"}],"version-history":[{"count":1,"href":"https:\/\/www.bellunopress.it\/fr\/wp-json\/wp\/v2\/posts\/167207\/revisions"}],"predecessor-version":[{"id":167208,"href":"https:\/\/www.bellunopress.it\/fr\/wp-json\/wp\/v2\/posts\/167207\/revisions\/167208"}],"wp:featuredmedia":[{"embeddable":true,"href":"https:\/\/www.bellunopress.it\/fr\/wp-json\/wp\/v2\/media\/144369"}],"wp:attachment":[{"href":"https:\/\/www.bellunopress.it\/fr\/wp-json\/wp\/v2\/media?parent=167207"}],"wp:term":[{"taxonomy":"category","embeddable":true,"href":"https:\/\/www.bellunopress.it\/fr\/wp-json\/wp\/v2\/categories?post=167207"},{"taxonomy":"post_tag","embeddable":true,"href":"https:\/\/www.bellunopress.it\/fr\/wp-json\/wp\/v2\/tags?post=167207"}],"curies":[{"name":"wp","href":"https:\/\/api.w.org\/{rel}","templated":true}]}}