{"id":167200,"date":"2026-02-06T10:07:23","date_gmt":"2026-02-06T09:07:23","guid":{"rendered":"https:\/\/www.bellunopress.it\/?p=167200"},"modified":"2026-02-06T10:07:23","modified_gmt":"2026-02-06T09:07:23","slug":"veneto-lautonomia-e-un-pasticcio-davide-lovat-rompe-gli-indugi-e-punta-allindipendenza","status":"publish","type":"post","link":"https:\/\/www.bellunopress.it\/fr\/2026\/02\/06\/veneto-lautonomia-e-un-pasticcio-davide-lovat-rompe-gli-indugi-e-punta-allindipendenza\/","title":{"rendered":"Veneto, l\u2019autonomia \u00e8 un \u201cpasticcio\u201d: Davide Lovat rompe gli indugi e punta all\u2019indipendenza"},"content":{"rendered":"<p data-path-to-node=\"3\">Venezia, 06\/02\/2026 &#8211; Il fronte autonomista veneto si spacca e vira con decisione verso l&#8217;indipendentismo internazionale. Il consigliere regionale Davide Lovat, esponente di <i data-path-to-node=\"3\" data-index-in-node=\"162\">Resistere Veneto<\/i> insieme al collega Szumski, ha lanciato un guanto di sfida aperto alle attuali politiche regionali e nazionali, definendo l&#8217;autonomia differenziata una &#8220;presa in giro&#8221; e annunciando una nuova strategia che guarda oltre i confini dello Stato italiano.<\/p>\n<h3 data-path-to-node=\"4\">Il &#8220;tradimento&#8221; del 2017 e la rottura con la Lega<\/h3>\n<p data-path-to-node=\"5\">Il punto di rottura \u00e8 l\u2019ultimo voto in Consiglio regionale. Lovat e Szumski hanno espresso voto contrario alla richiesta di mandato al Presidente Stefani per trattare sull&#8217;autonomia. Una scelta simbolica e politica forte, motivata dalla convinzione che il percorso attuale sia un lontano parente di quanto richiesto dai cittadini veneti con il referendum del 2017.<\/p>\n<p data-path-to-node=\"6\">Secondo Lovat, quella spinta popolare \u00e8 stata &#8220;tradita&#8221; da una classe politica che ha usato l\u2019autonomia come merce di scambio elettorale. Il consigliere non risparmia critiche alla Lega Salvini Premier, citando le parole del deputato ligure Rixi:<\/p>\n<blockquote data-path-to-node=\"7\">\n<h6 style=\"text-align: left;\" data-path-to-node=\"7,0\"><i data-path-to-node=\"7,0\" data-index-in-node=\"0\">&#8220;La Lega ha avuto la funzione di frenare le spinte centrifughe del Veneto. \u00c8 l&#8217;evidenza dei fatti: il partito \u00e8 diventato l&#8217;argine, non il motore del cambiamento.&#8221;<\/i><\/h6>\n<\/blockquote>\n<h3 data-path-to-node=\"9\">L\u2019asse internazionale: tornano Scozia e Catalogna<\/h3>\n<p data-path-to-node=\"10\">Se Roma e Venezia sembrano distanti, Lovat accorcia le distanze con l&#8217;Europa dei popoli. Gi\u00e0 dai prossimi giorni, <i data-path-to-node=\"10\" data-index-in-node=\"114\">Resistere Veneto<\/i> ospiter\u00e0 esponenti scozzesi e catalani. L&#8217;obiettivo \u00e8 riannodare il filo interrotto anni fa e rilanciare il processo di autodeterminazione basato sul Diritto Naturale e Internazionale.<\/p>\n<p data-path-to-node=\"11\">L&#8217;idea \u00e8 quella di uscire dall&#8217;isolamento istituzionale per creare un coordinamento europeo che metta in discussione l&#8217;attuale assetto dell&#8217;Unione Europea, definita da Lovat come una &#8220;tecnocrazia lontana dai popoli&#8221;.<\/p>\n<h3 data-path-to-node=\"13\">Una nuova &#8220;Costituente&#8221; e il modello svizzero<\/h3>\n<p data-path-to-node=\"14\">La proposta di <i data-path-to-node=\"14\" data-index-in-node=\"15\">Resistere Veneto<\/i> non si limita alla protesta, ma delinea una visione strutturale per il futuro dell&#8217;Italia e dell&#8217;Europa in vista degli 80 anni della Repubblica:<\/p>\n<ul data-path-to-node=\"15\">\n<li>\n<p data-path-to-node=\"15,0,0\">Riforma Macroregionale e Cantonale: Superamento dell&#8217;attuale centralismo in favore di un sistema ispirato al modello svizzero.<\/p>\n<\/li>\n<li>\n<p data-path-to-node=\"15,1,0\">Sussidiariet\u00e0 Autentica: Potere decisionale riportato ai territori per contrastare l&#8217;impoverimento generale.<\/p>\n<\/li>\n<li>\n<p data-path-to-node=\"15,2,0\">Contrasto al Globalismo: Una struttura capace di difendere le culture locali dalla standardizzazione tecnocratica.<\/p>\n<\/li>\n<\/ul>\n<p data-path-to-node=\"16\">&#8220;Vogliamo riforme vere e profonde,&#8221; conclude Lovat. &#8220;L&#8217;obiettivo \u00e8 un impianto istituzionale capace di governare la globalizzazione anzich\u00e9 subirla, restituendo dignit\u00e0 alle coscienze e alle identit\u00e0 dei popoli.&#8221;<\/p>","protected":false},"excerpt":{"rendered":"<p>Venezia, 06\/02\/2026 &#8211; Il fronte autonomista veneto si spacca e vira con decisione verso l&#8217;indipendentismo internazionale. Il consigliere regionale Davide Lovat, esponente di Resistere Veneto insieme al collega Szumski, ha lanciato un guanto di sfida aperto alle attuali politiche regionali e nazionali, definendo l&#8217;autonomia differenziata una &#8220;presa in giro&#8221; e annunciando una nuova strategia che [&hellip;]<\/p>\n","protected":false},"author":2,"featured_media":167201,"comment_status":"closed","ping_status":"open","sticky":false,"template":"","format":"standard","meta":{"footnotes":""},"categories":[5],"tags":[],"class_list":["post-167200","post","type-post","status-publish","format-standard","has-post-thumbnail","category-cronaca"],"yoast_head":"<!-- This site is optimized with the Yoast SEO plugin v28.4 - https:\/\/yoast.com\/product\/yoast-seo-wordpress\/ -->\n<title>Veneto, l\u2019autonomia \u00e8 un \u201cpasticcio\u201d: Davide Lovat rompe gli indugi e punta all\u2019indipendenza - Bellunopress - Dolomiti<\/title>\n<meta name=\"robots\" content=\"index, follow, max-snippet:-1, max-image-preview:large, max-video-preview:-1\" \/>\n<link rel=\"canonical\" href=\"https:\/\/www.bellunopress.it\/fr\/2026\/02\/06\/veneto-lautonomia-e-un-pasticcio-davide-lovat-rompe-gli-indugi-e-punta-allindipendenza\/\" \/>\n<meta property=\"og:locale\" content=\"fr_FR\" \/>\n<meta property=\"og:type\" content=\"article\" \/>\n<meta property=\"og:title\" content=\"Veneto, l\u2019autonomia \u00e8 un \u201cpasticcio\u201d: Davide Lovat rompe gli indugi e punta all\u2019indipendenza - Bellunopress - Dolomiti\" \/>\n<meta property=\"og:description\" content=\"Venezia, 06\/02\/2026 &#8211; Il fronte autonomista veneto si spacca e vira con decisione verso l&#8217;indipendentismo internazionale. Il consigliere regionale Davide Lovat, esponente di Resistere Veneto insieme al collega Szumski, ha lanciato un guanto di sfida aperto alle attuali politiche regionali e nazionali, definendo l&#8217;autonomia differenziata una &#8220;presa in giro&#8221; e annunciando una nuova strategia che [&hellip;]\" \/>\n<meta property=\"og:url\" content=\"https:\/\/www.bellunopress.it\/fr\/2026\/02\/06\/veneto-lautonomia-e-un-pasticcio-davide-lovat-rompe-gli-indugi-e-punta-allindipendenza\/\" \/>\n<meta property=\"og:site_name\" content=\"Bellunopress - Dolomiti\" \/>\n<meta property=\"article:publisher\" content=\"https:\/\/www.facebook.com\/profile.php?id=100008943462799\" \/>\n<meta property=\"article:published_time\" content=\"2026-02-06T09:07:23+00:00\" \/>\n<meta property=\"og:image\" content=\"https:\/\/www.bellunopress.it\/wp-content\/uploads\/2026\/02\/Davide-Lovat-consigliere-regionale.jpg\" \/>\n\t<meta property=\"og:image:width\" content=\"255\" \/>\n\t<meta property=\"og:image:height\" content=\"351\" \/>\n\t<meta property=\"og:image:type\" content=\"image\/jpeg\" \/>\n<meta name=\"author\" content=\"redazione\" \/>\n<meta name=\"twitter:card\" content=\"summary_large_image\" \/>\n<meta name=\"twitter:creator\" content=\"@bellunopress\" \/>\n<meta name=\"twitter:site\" content=\"@bellunopress\" \/>\n<meta name=\"twitter:label1\" content=\"Written by\" \/>\n\t<meta name=\"twitter:data1\" content=\"redazione\" \/>\n\t<meta name=\"twitter:label2\" content=\"Est. reading time\" \/>\n\t<meta name=\"twitter:data2\" content=\"2 minutes\" \/>\n<script type=\"application\/ld+json\" class=\"yoast-schema-graph\">{\"@context\":\"https:\\\/\\\/schema.org\",\"@graph\":[{\"@type\":\"Article\",\"@id\":\"https:\\\/\\\/www.bellunopress.it\\\/2026\\\/02\\\/06\\\/veneto-lautonomia-e-un-pasticcio-davide-lovat-rompe-gli-indugi-e-punta-allindipendenza\\\/#article\",\"isPartOf\":{\"@id\":\"https:\\\/\\\/www.bellunopress.it\\\/2026\\\/02\\\/06\\\/veneto-lautonomia-e-un-pasticcio-davide-lovat-rompe-gli-indugi-e-punta-allindipendenza\\\/\"},\"author\":{\"name\":\"redazione\",\"@id\":\"https:\\\/\\\/www.bellunopress.it\\\/#\\\/schema\\\/person\\\/79bb06722b37ece1c03d3e94beb30d73\"},\"headline\":\"Veneto, l\u2019autonomia \u00e8 un \u201cpasticcio\u201d: Davide Lovat rompe gli indugi e punta all\u2019indipendenza\",\"datePublished\":\"2026-02-06T09:07:23+00:00\",\"mainEntityOfPage\":{\"@id\":\"https:\\\/\\\/www.bellunopress.it\\\/2026\\\/02\\\/06\\\/veneto-lautonomia-e-un-pasticcio-davide-lovat-rompe-gli-indugi-e-punta-allindipendenza\\\/\"},\"wordCount\":397,\"publisher\":{\"@id\":\"https:\\\/\\\/www.bellunopress.it\\\/#organization\"},\"image\":{\"@id\":\"https:\\\/\\\/www.bellunopress.it\\\/2026\\\/02\\\/06\\\/veneto-lautonomia-e-un-pasticcio-davide-lovat-rompe-gli-indugi-e-punta-allindipendenza\\\/#primaryimage\"},\"thumbnailUrl\":\"https:\\\/\\\/www.bellunopress.it\\\/wp-content\\\/uploads\\\/2026\\\/02\\\/Davide-Lovat-consigliere-regionale.jpg\",\"articleSection\":[\"Cronaca\\\/Politica\"],\"inLanguage\":\"fr-FR\"},{\"@type\":\"WebPage\",\"@id\":\"https:\\\/\\\/www.bellunopress.it\\\/2026\\\/02\\\/06\\\/veneto-lautonomia-e-un-pasticcio-davide-lovat-rompe-gli-indugi-e-punta-allindipendenza\\\/\",\"url\":\"https:\\\/\\\/www.bellunopress.it\\\/2026\\\/02\\\/06\\\/veneto-lautonomia-e-un-pasticcio-davide-lovat-rompe-gli-indugi-e-punta-allindipendenza\\\/\",\"name\":\"Veneto, l\u2019autonomia \u00e8 un \u201cpasticcio\u201d: Davide Lovat rompe gli indugi e punta all\u2019indipendenza - Bellunopress - Dolomiti\",\"isPartOf\":{\"@id\":\"https:\\\/\\\/www.bellunopress.it\\\/#website\"},\"primaryImageOfPage\":{\"@id\":\"https:\\\/\\\/www.bellunopress.it\\\/2026\\\/02\\\/06\\\/veneto-lautonomia-e-un-pasticcio-davide-lovat-rompe-gli-indugi-e-punta-allindipendenza\\\/#primaryimage\"},\"image\":{\"@id\":\"https:\\\/\\\/www.bellunopress.it\\\/2026\\\/02\\\/06\\\/veneto-lautonomia-e-un-pasticcio-davide-lovat-rompe-gli-indugi-e-punta-allindipendenza\\\/#primaryimage\"},\"thumbnailUrl\":\"https:\\\/\\\/www.bellunopress.it\\\/wp-content\\\/uploads\\\/2026\\\/02\\\/Davide-Lovat-consigliere-regionale.jpg\",\"datePublished\":\"2026-02-06T09:07:23+00:00\",\"breadcrumb\":{\"@id\":\"https:\\\/\\\/www.bellunopress.it\\\/2026\\\/02\\\/06\\\/veneto-lautonomia-e-un-pasticcio-davide-lovat-rompe-gli-indugi-e-punta-allindipendenza\\\/#breadcrumb\"},\"inLanguage\":\"fr-FR\",\"potentialAction\":[{\"@type\":\"ReadAction\",\"target\":[\"https:\\\/\\\/www.bellunopress.it\\\/2026\\\/02\\\/06\\\/veneto-lautonomia-e-un-pasticcio-davide-lovat-rompe-gli-indugi-e-punta-allindipendenza\\\/\"]}]},{\"@type\":\"ImageObject\",\"inLanguage\":\"fr-FR\",\"@id\":\"https:\\\/\\\/www.bellunopress.it\\\/2026\\\/02\\\/06\\\/veneto-lautonomia-e-un-pasticcio-davide-lovat-rompe-gli-indugi-e-punta-allindipendenza\\\/#primaryimage\",\"url\":\"https:\\\/\\\/www.bellunopress.it\\\/wp-content\\\/uploads\\\/2026\\\/02\\\/Davide-Lovat-consigliere-regionale.jpg\",\"contentUrl\":\"https:\\\/\\\/www.bellunopress.it\\\/wp-content\\\/uploads\\\/2026\\\/02\\\/Davide-Lovat-consigliere-regionale.jpg\",\"width\":255,\"height\":351,\"caption\":\"Davide Lovat, consigliere regionale\"},{\"@type\":\"BreadcrumbList\",\"@id\":\"https:\\\/\\\/www.bellunopress.it\\\/2026\\\/02\\\/06\\\/veneto-lautonomia-e-un-pasticcio-davide-lovat-rompe-gli-indugi-e-punta-allindipendenza\\\/#breadcrumb\",\"itemListElement\":[{\"@type\":\"ListItem\",\"position\":1,\"name\":\"Home\",\"item\":\"https:\\\/\\\/www.bellunopress.it\\\/\"},{\"@type\":\"ListItem\",\"position\":2,\"name\":\"Veneto, l\u2019autonomia \u00e8 un \u201cpasticcio\u201d: Davide Lovat rompe gli indugi e punta all\u2019indipendenza\"}]},{\"@type\":\"WebSite\",\"@id\":\"https:\\\/\\\/www.bellunopress.it\\\/#website\",\"url\":\"https:\\\/\\\/www.bellunopress.it\\\/\",\"name\":\"Bellunopress - Dolomiti\",\"description\":\"e-mail: redazione@bellunopress.it\",\"publisher\":{\"@id\":\"https:\\\/\\\/www.bellunopress.it\\\/#organization\"},\"potentialAction\":[{\"@type\":\"SearchAction\",\"target\":{\"@type\":\"EntryPoint\",\"urlTemplate\":\"https:\\\/\\\/www.bellunopress.it\\\/?s={search_term_string}\"},\"query-input\":{\"@type\":\"PropertyValueSpecification\",\"valueRequired\":true,\"valueName\":\"search_term_string\"}}],\"inLanguage\":\"fr-FR\"},{\"@type\":\"Organization\",\"@id\":\"https:\\\/\\\/www.bellunopress.it\\\/#organization\",\"name\":\"Bellunopress\",\"url\":\"https:\\\/\\\/www.bellunopress.it\\\/\",\"logo\":{\"@type\":\"ImageObject\",\"inLanguage\":\"fr-FR\",\"@id\":\"https:\\\/\\\/www.bellunopress.it\\\/#\\\/schema\\\/logo\\\/image\\\/\",\"url\":\"https:\\\/\\\/www.bellunopress.it\\\/wp-content\\\/uploads\\\/2011\\\/05\\\/cropped-logo-bellunopress-.jpg\",\"contentUrl\":\"https:\\\/\\\/www.bellunopress.it\\\/wp-content\\\/uploads\\\/2011\\\/05\\\/cropped-logo-bellunopress-.jpg\",\"width\":512,\"height\":512,\"caption\":\"Bellunopress\"},\"image\":{\"@id\":\"https:\\\/\\\/www.bellunopress.it\\\/#\\\/schema\\\/logo\\\/image\\\/\"},\"sameAs\":[\"https:\\\/\\\/www.facebook.com\\\/profile.php?id=100008943462799\",\"https:\\\/\\\/x.com\\\/bellunopress\",\"https:\\\/\\\/www.linkedin.com\\\/hp\\\/?dnr=JBzUWaJfMUw8vbXJJ2tVW5-I3jZKvC4wsoxE&amp;amp;amp;amp;amp;amp;trk=nav_responsive_tab_home\",\"https:\\\/\\\/www.youtube.com\\\/channel\\\/UCxL0wu1uN0_3_7hGG0306cw\"]},{\"@type\":\"Person\",\"@id\":\"https:\\\/\\\/www.bellunopress.it\\\/#\\\/schema\\\/person\\\/79bb06722b37ece1c03d3e94beb30d73\",\"name\":\"redazione\",\"image\":{\"@type\":\"ImageObject\",\"inLanguage\":\"fr-FR\",\"@id\":\"https:\\\/\\\/secure.gravatar.com\\\/avatar\\\/37d968a2e67a6fd04c169c4bdef102d0bc5d31b2546345219e348575eb80e9a0?s=96&d=mm&r=g\",\"url\":\"https:\\\/\\\/secure.gravatar.com\\\/avatar\\\/37d968a2e67a6fd04c169c4bdef102d0bc5d31b2546345219e348575eb80e9a0?s=96&d=mm&r=g\",\"contentUrl\":\"https:\\\/\\\/secure.gravatar.com\\\/avatar\\\/37d968a2e67a6fd04c169c4bdef102d0bc5d31b2546345219e348575eb80e9a0?s=96&d=mm&r=g\",\"caption\":\"redazione\"},\"sameAs\":[\"http:\\\/\\\/www.bellunopress.it\",\"https:\\\/\\\/x.com\\\/bellunopress\"],\"url\":\"https:\\\/\\\/www.bellunopress.it\\\/fr\\\/author\\\/redazione\\\/\"}]}<\/script>\n<!-- \/ Yoast SEO plugin. -->","yoast_head_json":{"title":"Veneto, l\u2019autonomia \u00e8 un \u201cpasticcio\u201d: Davide Lovat rompe gli indugi e punta all\u2019indipendenza - Bellunopress - Dolomiti","robots":{"index":"index","follow":"follow","max-snippet":"max-snippet:-1","max-image-preview":"max-image-preview:large","max-video-preview":"max-video-preview:-1"},"canonical":"https:\/\/www.bellunopress.it\/fr\/2026\/02\/06\/veneto-lautonomia-e-un-pasticcio-davide-lovat-rompe-gli-indugi-e-punta-allindipendenza\/","og_locale":"fr_FR","og_type":"article","og_title":"Veneto, l\u2019autonomia \u00e8 un \u201cpasticcio\u201d: Davide Lovat rompe gli indugi e punta all\u2019indipendenza - Bellunopress - Dolomiti","og_description":"Venezia, 06\/02\/2026 &#8211; Il fronte autonomista veneto si spacca e vira con decisione verso l&#8217;indipendentismo internazionale. Il consigliere regionale Davide Lovat, esponente di Resistere Veneto insieme al collega Szumski, ha lanciato un guanto di sfida aperto alle attuali politiche regionali e nazionali, definendo l&#8217;autonomia differenziata una &#8220;presa in giro&#8221; e annunciando una nuova strategia che [&hellip;]","og_url":"https:\/\/www.bellunopress.it\/fr\/2026\/02\/06\/veneto-lautonomia-e-un-pasticcio-davide-lovat-rompe-gli-indugi-e-punta-allindipendenza\/","og_site_name":"Bellunopress - Dolomiti","article_publisher":"https:\/\/www.facebook.com\/profile.php?id=100008943462799","article_published_time":"2026-02-06T09:07:23+00:00","og_image":[{"width":255,"height":351,"url":"https:\/\/www.bellunopress.it\/wp-content\/uploads\/2026\/02\/Davide-Lovat-consigliere-regionale.jpg","type":"image\/jpeg"}],"author":"redazione","twitter_card":"summary_large_image","twitter_creator":"@bellunopress","twitter_site":"@bellunopress","twitter_misc":{"Written by":"redazione","Est. reading time":"2 minutes"},"schema":{"@context":"https:\/\/schema.org","@graph":[{"@type":"Article","@id":"https:\/\/www.bellunopress.it\/2026\/02\/06\/veneto-lautonomia-e-un-pasticcio-davide-lovat-rompe-gli-indugi-e-punta-allindipendenza\/#article","isPartOf":{"@id":"https:\/\/www.bellunopress.it\/2026\/02\/06\/veneto-lautonomia-e-un-pasticcio-davide-lovat-rompe-gli-indugi-e-punta-allindipendenza\/"},"author":{"name":"redazione","@id":"https:\/\/www.bellunopress.it\/#\/schema\/person\/79bb06722b37ece1c03d3e94beb30d73"},"headline":"Veneto, l\u2019autonomia \u00e8 un \u201cpasticcio\u201d: Davide Lovat rompe gli indugi e punta all\u2019indipendenza","datePublished":"2026-02-06T09:07:23+00:00","mainEntityOfPage":{"@id":"https:\/\/www.bellunopress.it\/2026\/02\/06\/veneto-lautonomia-e-un-pasticcio-davide-lovat-rompe-gli-indugi-e-punta-allindipendenza\/"},"wordCount":397,"publisher":{"@id":"https:\/\/www.bellunopress.it\/#organization"},"image":{"@id":"https:\/\/www.bellunopress.it\/2026\/02\/06\/veneto-lautonomia-e-un-pasticcio-davide-lovat-rompe-gli-indugi-e-punta-allindipendenza\/#primaryimage"},"thumbnailUrl":"https:\/\/www.bellunopress.it\/wp-content\/uploads\/2026\/02\/Davide-Lovat-consigliere-regionale.jpg","articleSection":["Cronaca\/Politica"],"inLanguage":"fr-FR"},{"@type":"WebPage","@id":"https:\/\/www.bellunopress.it\/2026\/02\/06\/veneto-lautonomia-e-un-pasticcio-davide-lovat-rompe-gli-indugi-e-punta-allindipendenza\/","url":"https:\/\/www.bellunopress.it\/2026\/02\/06\/veneto-lautonomia-e-un-pasticcio-davide-lovat-rompe-gli-indugi-e-punta-allindipendenza\/","name":"Veneto, l\u2019autonomia \u00e8 un \u201cpasticcio\u201d: Davide Lovat rompe gli indugi e punta all\u2019indipendenza - Bellunopress - Dolomiti","isPartOf":{"@id":"https:\/\/www.bellunopress.it\/#website"},"primaryImageOfPage":{"@id":"https:\/\/www.bellunopress.it\/2026\/02\/06\/veneto-lautonomia-e-un-pasticcio-davide-lovat-rompe-gli-indugi-e-punta-allindipendenza\/#primaryimage"},"image":{"@id":"https:\/\/www.bellunopress.it\/2026\/02\/06\/veneto-lautonomia-e-un-pasticcio-davide-lovat-rompe-gli-indugi-e-punta-allindipendenza\/#primaryimage"},"thumbnailUrl":"https:\/\/www.bellunopress.it\/wp-content\/uploads\/2026\/02\/Davide-Lovat-consigliere-regionale.jpg","datePublished":"2026-02-06T09:07:23+00:00","breadcrumb":{"@id":"https:\/\/www.bellunopress.it\/2026\/02\/06\/veneto-lautonomia-e-un-pasticcio-davide-lovat-rompe-gli-indugi-e-punta-allindipendenza\/#breadcrumb"},"inLanguage":"fr-FR","potentialAction":[{"@type":"ReadAction","target":["https:\/\/www.bellunopress.it\/2026\/02\/06\/veneto-lautonomia-e-un-pasticcio-davide-lovat-rompe-gli-indugi-e-punta-allindipendenza\/"]}]},{"@type":"ImageObject","inLanguage":"fr-FR","@id":"https:\/\/www.bellunopress.it\/2026\/02\/06\/veneto-lautonomia-e-un-pasticcio-davide-lovat-rompe-gli-indugi-e-punta-allindipendenza\/#primaryimage","url":"https:\/\/www.bellunopress.it\/wp-content\/uploads\/2026\/02\/Davide-Lovat-consigliere-regionale.jpg","contentUrl":"https:\/\/www.bellunopress.it\/wp-content\/uploads\/2026\/02\/Davide-Lovat-consigliere-regionale.jpg","width":255,"height":351,"caption":"Davide Lovat, consigliere regionale"},{"@type":"BreadcrumbList","@id":"https:\/\/www.bellunopress.it\/2026\/02\/06\/veneto-lautonomia-e-un-pasticcio-davide-lovat-rompe-gli-indugi-e-punta-allindipendenza\/#breadcrumb","itemListElement":[{"@type":"ListItem","position":1,"name":"Home","item":"https:\/\/www.bellunopress.it\/"},{"@type":"ListItem","position":2,"name":"Veneto, l\u2019autonomia \u00e8 un \u201cpasticcio\u201d: Davide Lovat rompe gli indugi e punta all\u2019indipendenza"}]},{"@type":"WebSite","@id":"https:\/\/www.bellunopress.it\/#website","url":"https:\/\/www.bellunopress.it\/","name":"Bellunopress - Dolomiti","description":"e-mail: redazione@bellunopress.it","publisher":{"@id":"https:\/\/www.bellunopress.it\/#organization"},"potentialAction":[{"@type":"SearchAction","target":{"@type":"EntryPoint","urlTemplate":"https:\/\/www.bellunopress.it\/?s={search_term_string}"},"query-input":{"@type":"PropertyValueSpecification","valueRequired":true,"valueName":"search_term_string"}}],"inLanguage":"fr-FR"},{"@type":"Organization","@id":"https:\/\/www.bellunopress.it\/#organization","name":"Bellunopress","url":"https:\/\/www.bellunopress.it\/","logo":{"@type":"ImageObject","inLanguage":"fr-FR","@id":"https:\/\/www.bellunopress.it\/#\/schema\/logo\/image\/","url":"https:\/\/www.bellunopress.it\/wp-content\/uploads\/2011\/05\/cropped-logo-bellunopress-.jpg","contentUrl":"https:\/\/www.bellunopress.it\/wp-content\/uploads\/2011\/05\/cropped-logo-bellunopress-.jpg","width":512,"height":512,"caption":"Bellunopress"},"image":{"@id":"https:\/\/www.bellunopress.it\/#\/schema\/logo\/image\/"},"sameAs":["https:\/\/www.facebook.com\/profile.php?id=100008943462799","https:\/\/x.com\/bellunopress","https:\/\/www.linkedin.com\/hp\/?dnr=JBzUWaJfMUw8vbXJJ2tVW5-I3jZKvC4wsoxE&amp;amp;amp;amp;amp;amp;trk=nav_responsive_tab_home","https:\/\/www.youtube.com\/channel\/UCxL0wu1uN0_3_7hGG0306cw"]},{"@type":"Person","@id":"https:\/\/www.bellunopress.it\/#\/schema\/person\/79bb06722b37ece1c03d3e94beb30d73","name":"r\u00e9daction","image":{"@type":"ImageObject","inLanguage":"fr-FR","@id":"https:\/\/secure.gravatar.com\/avatar\/37d968a2e67a6fd04c169c4bdef102d0bc5d31b2546345219e348575eb80e9a0?s=96&d=mm&r=g","url":"https:\/\/secure.gravatar.com\/avatar\/37d968a2e67a6fd04c169c4bdef102d0bc5d31b2546345219e348575eb80e9a0?s=96&d=mm&r=g","contentUrl":"https:\/\/secure.gravatar.com\/avatar\/37d968a2e67a6fd04c169c4bdef102d0bc5d31b2546345219e348575eb80e9a0?s=96&d=mm&r=g","caption":"redazione"},"sameAs":["http:\/\/www.bellunopress.it","https:\/\/x.com\/bellunopress"],"url":"https:\/\/www.bellunopress.it\/fr\/author\/redazione\/"}]}},"_links":{"self":[{"href":"https:\/\/www.bellunopress.it\/fr\/wp-json\/wp\/v2\/posts\/167200","targetHints":{"allow":["GET"]}}],"collection":[{"href":"https:\/\/www.bellunopress.it\/fr\/wp-json\/wp\/v2\/posts"}],"about":[{"href":"https:\/\/www.bellunopress.it\/fr\/wp-json\/wp\/v2\/types\/post"}],"author":[{"embeddable":true,"href":"https:\/\/www.bellunopress.it\/fr\/wp-json\/wp\/v2\/users\/2"}],"replies":[{"embeddable":true,"href":"https:\/\/www.bellunopress.it\/fr\/wp-json\/wp\/v2\/comments?post=167200"}],"version-history":[{"count":1,"href":"https:\/\/www.bellunopress.it\/fr\/wp-json\/wp\/v2\/posts\/167200\/revisions"}],"predecessor-version":[{"id":167202,"href":"https:\/\/www.bellunopress.it\/fr\/wp-json\/wp\/v2\/posts\/167200\/revisions\/167202"}],"wp:featuredmedia":[{"embeddable":true,"href":"https:\/\/www.bellunopress.it\/fr\/wp-json\/wp\/v2\/media\/167201"}],"wp:attachment":[{"href":"https:\/\/www.bellunopress.it\/fr\/wp-json\/wp\/v2\/media?parent=167200"}],"wp:term":[{"taxonomy":"category","embeddable":true,"href":"https:\/\/www.bellunopress.it\/fr\/wp-json\/wp\/v2\/categories?post=167200"},{"taxonomy":"post_tag","embeddable":true,"href":"https:\/\/www.bellunopress.it\/fr\/wp-json\/wp\/v2\/tags?post=167200"}],"curies":[{"name":"wp","href":"https:\/\/api.w.org\/{rel}","templated":true}]}}