{"id":167197,"date":"2026-02-06T09:07:41","date_gmt":"2026-02-06T08:07:41","guid":{"rendered":"https:\/\/www.bellunopress.it\/?p=167197"},"modified":"2026-02-06T09:08:54","modified_gmt":"2026-02-06T08:08:54","slug":"sedico-si-maschera-al-via-il-carnevale-2026","status":"publish","type":"post","link":"https:\/\/www.bellunopress.it\/fr\/2026\/02\/06\/sedico-si-maschera-al-via-il-carnevale-2026\/","title":{"rendered":"Sedico si maschera: al via il Carnevale 2026"},"content":{"rendered":"<p data-path-to-node=\"3\"><b data-path-to-node=\"3\" data-index-in-node=\"0\">Domani il debutto al Palaskating con il &#8220;Carnival Party&#8221;. Poi due settimane di sfilate, arte e l&#8217;atteso ritorno dei carri allegorici: ecco il programma completo della kermesse che trasforma Sedico nella capitale del divertimento bellunese.<\/b><\/p>\n<p data-path-to-node=\"4\"><b data-path-to-node=\"4\" data-index-in-node=\"0\">SEDICO<\/b> \u2013 L\u2019attesa \u00e8 finita. Con l&#8217;arrivo di febbraio, Sedico si riprende lo scettro di &#8220;capitale del Carnevale&#8221; della provincia. L&#8217;atmosfera in citt\u00e0 \u00e8 elettrica, specialmente nei capannoni di via Vittime del Vajont, dove i maestri carristi dell\u2019Associazione Carnevale Sedico stanno lavorando senza sosta, rubando ore al sonno per ultimare i giganti di cartapesta iniziati lo scorso giugno.\u00a0Il sipario si \u00e8 alzato sabato scorso al Palaskating di via Ricolt e prosegue domani.<\/p>\n<h3 data-path-to-node=\"7\">Un Carnevale &#8220;Olimpico&#8221; e la prima sfilata<\/h3>\n<p data-path-to-node=\"8\">Il weekend successivo entrer\u00e0 nel vivo della tradizione. <strong>Sabato 7 febbraio<\/strong>, presso il Nuovo Polo Culturale, verr\u00e0 inaugurata la quarta edizione di <i data-path-to-node=\"8\" data-index-in-node=\"147\">Carnevalarte<\/i>, una mostra dedicata agli elaborati delle scuole locali sul tema quanto mai attuale \u201cUn Carnevale\u2026 Olimpico\u201d, in memoria di Livio Maraga.<\/p>\n<p data-path-to-node=\"9\">Il momento pi\u00f9 atteso dai cittadini \u00e8 per\u00f2 fissato per <strong>domenica 8 febbraio<\/strong>: dalle ore 15:00, le vie del centro ospiteranno il primo corso mascherato dei grandiosi carri allegorici. Ad accompagnare la sfilata ci saranno le note del Corpo Musicale Comunale e l\u2019animazione per i pi\u00f9 piccoli con il duo Cirillo e B\u00f2.<\/p>\n<h3 data-path-to-node=\"10\">Il weekend clou: fuochi d\u2019artificio e l&#8217;Heroebus<\/h3>\n<p data-path-to-node=\"11\">Il cuore della manifestazione batter\u00e0 forte nel fine settimana di met\u00e0 febbraio:<\/p>\n<ul data-path-to-node=\"12\">\n<li>\n<p data-path-to-node=\"12,0,0\"><strong>Sabato 14 febbraio<\/strong>: Un pomeriggio dedicato interamente ai bambini con la sfilata delle scuole e la partecipazione dell&#8217;Heroebus, l&#8217;autobus dei supereroi (in collaborazione con Supermercati Kanguro). La giornata si chiuder\u00e0 in bellezza con un grande spettacolo pirotecnico firmato Pirotecnica Papa.<\/p>\n<\/li>\n<li>\n<p data-path-to-node=\"12,1,0\"><b data-path-to-node=\"12,1,0\" data-index-in-node=\"0\">Domenica 15 febbraio:<\/b> Il secondo grande corso mascherato, che vedr\u00e0 la partecipazione di carri provenienti da tutta la provincia e l&#8217;originale raduno delle Ape50 del gruppo \u201cScarburati in zona\u201d.<\/p>\n<\/li>\n<\/ul>\n<h3 data-path-to-node=\"13\">Non solo sfilate: servizi e lotteria<\/h3>\n<p data-path-to-node=\"14\">Il Carnevale di Sedico non dimentica i dettagli: per tutta la durata dell\u2019evento saranno attivi un mini luna park, lo stand truccabimbi e i chioschi con bevande calde. Grande attesa anche per la Lotteria di Carnevale, che quest&#8217;anno mette in palio un primo premio d&#8217;eccezione: un buono viaggio da 1.000 euro (estrazione il 28 febbraio).<\/p>\n<p data-path-to-node=\"15\">La chiusura ufficiale della kermesse avverr\u00e0 <b data-path-to-node=\"15\" data-index-in-node=\"45\">marted\u00ec 17 febbraio<\/b>, l&#8217;ultimo giorno di Carnevale, con i laboratori creativi dedicati ai bambini, a testimonianza di una festa che sa guardare alle nuove generazioni senza dimenticare la maestria artigianale dei suoi carristi.<\/p>","protected":false},"excerpt":{"rendered":"<p>Domani il debutto al Palaskating con il &#8220;Carnival Party&#8221;. Poi due settimane di sfilate, arte e l&#8217;atteso ritorno dei carri allegorici: ecco il programma completo della kermesse che trasforma Sedico nella capitale del divertimento bellunese. SEDICO \u2013 L\u2019attesa \u00e8 finita. Con l&#8217;arrivo di febbraio, Sedico si riprende lo scettro di &#8220;capitale del Carnevale&#8221; della provincia. [&hellip;]<\/p>\n","protected":false},"author":2,"featured_media":131559,"comment_status":"closed","ping_status":"open","sticky":false,"template":"","format":"standard","meta":{"footnotes":""},"categories":[27],"tags":[],"class_list":["post-167197","post","type-post","status-publish","format-standard","has-post-thumbnail","category-appuntamenti"],"yoast_head":"<!-- This site is optimized with the Yoast SEO plugin v28.4 - https:\/\/yoast.com\/product\/yoast-seo-wordpress\/ -->\n<title>Sedico si maschera: al via il Carnevale 2026 - Bellunopress - Dolomiti<\/title>\n<meta name=\"robots\" content=\"index, follow, max-snippet:-1, max-image-preview:large, max-video-preview:-1\" \/>\n<link rel=\"canonical\" href=\"https:\/\/www.bellunopress.it\/fr\/2026\/02\/06\/sedico-si-maschera-al-via-il-carnevale-2026\/\" \/>\n<meta property=\"og:locale\" content=\"fr_FR\" \/>\n<meta property=\"og:type\" content=\"article\" \/>\n<meta property=\"og:title\" content=\"Sedico si maschera: al via il Carnevale 2026 - Bellunopress - Dolomiti\" \/>\n<meta property=\"og:description\" content=\"Domani il debutto al Palaskating con il &#8220;Carnival Party&#8221;. Poi due settimane di sfilate, arte e l&#8217;atteso ritorno dei carri allegorici: ecco il programma completo della kermesse che trasforma Sedico nella capitale del divertimento bellunese. SEDICO \u2013 L\u2019attesa \u00e8 finita. Con l&#8217;arrivo di febbraio, Sedico si riprende lo scettro di &#8220;capitale del Carnevale&#8221; della provincia. [&hellip;]\" \/>\n<meta property=\"og:url\" content=\"https:\/\/www.bellunopress.it\/fr\/2026\/02\/06\/sedico-si-maschera-al-via-il-carnevale-2026\/\" \/>\n<meta property=\"og:site_name\" content=\"Bellunopress - Dolomiti\" \/>\n<meta property=\"article:publisher\" content=\"https:\/\/www.facebook.com\/profile.php?id=100008943462799\" \/>\n<meta property=\"article:published_time\" content=\"2026-02-06T08:07:41+00:00\" \/>\n<meta property=\"article:modified_time\" content=\"2026-02-06T08:08:54+00:00\" \/>\n<meta property=\"og:image\" content=\"https:\/\/www.bellunopress.it\/wp-content\/uploads\/2022\/02\/Carnevale-Sedico-2021.jpg\" \/>\n\t<meta property=\"og:image:width\" content=\"1000\" \/>\n\t<meta property=\"og:image:height\" content=\"667\" \/>\n\t<meta property=\"og:image:type\" content=\"image\/jpeg\" \/>\n<meta name=\"author\" content=\"redazione\" \/>\n<meta name=\"twitter:card\" content=\"summary_large_image\" \/>\n<meta name=\"twitter:creator\" content=\"@bellunopress\" \/>\n<meta name=\"twitter:site\" content=\"@bellunopress\" \/>\n<meta name=\"twitter:label1\" content=\"Written by\" \/>\n\t<meta name=\"twitter:data1\" content=\"redazione\" \/>\n\t<meta name=\"twitter:label2\" content=\"Est. reading time\" \/>\n\t<meta name=\"twitter:data2\" content=\"2 minutes\" \/>\n<script type=\"application\/ld+json\" class=\"yoast-schema-graph\">{\"@context\":\"https:\\\/\\\/schema.org\",\"@graph\":[{\"@type\":\"Article\",\"@id\":\"https:\\\/\\\/www.bellunopress.it\\\/2026\\\/02\\\/06\\\/sedico-si-maschera-al-via-il-carnevale-2026\\\/#article\",\"isPartOf\":{\"@id\":\"https:\\\/\\\/www.bellunopress.it\\\/2026\\\/02\\\/06\\\/sedico-si-maschera-al-via-il-carnevale-2026\\\/\"},\"author\":{\"name\":\"redazione\",\"@id\":\"https:\\\/\\\/www.bellunopress.it\\\/#\\\/schema\\\/person\\\/79bb06722b37ece1c03d3e94beb30d73\"},\"headline\":\"Sedico si maschera: al via il Carnevale 2026\",\"datePublished\":\"2026-02-06T08:07:41+00:00\",\"dateModified\":\"2026-02-06T08:08:54+00:00\",\"mainEntityOfPage\":{\"@id\":\"https:\\\/\\\/www.bellunopress.it\\\/2026\\\/02\\\/06\\\/sedico-si-maschera-al-via-il-carnevale-2026\\\/\"},\"wordCount\":409,\"publisher\":{\"@id\":\"https:\\\/\\\/www.bellunopress.it\\\/#organization\"},\"image\":{\"@id\":\"https:\\\/\\\/www.bellunopress.it\\\/2026\\\/02\\\/06\\\/sedico-si-maschera-al-via-il-carnevale-2026\\\/#primaryimage\"},\"thumbnailUrl\":\"https:\\\/\\\/www.bellunopress.it\\\/wp-content\\\/uploads\\\/2022\\\/02\\\/Carnevale-Sedico-2021.jpg\",\"articleSection\":[\"Appuntamenti, Eventi\"],\"inLanguage\":\"fr-FR\"},{\"@type\":\"WebPage\",\"@id\":\"https:\\\/\\\/www.bellunopress.it\\\/2026\\\/02\\\/06\\\/sedico-si-maschera-al-via-il-carnevale-2026\\\/\",\"url\":\"https:\\\/\\\/www.bellunopress.it\\\/2026\\\/02\\\/06\\\/sedico-si-maschera-al-via-il-carnevale-2026\\\/\",\"name\":\"Sedico si maschera: al via il Carnevale 2026 - Bellunopress - Dolomiti\",\"isPartOf\":{\"@id\":\"https:\\\/\\\/www.bellunopress.it\\\/#website\"},\"primaryImageOfPage\":{\"@id\":\"https:\\\/\\\/www.bellunopress.it\\\/2026\\\/02\\\/06\\\/sedico-si-maschera-al-via-il-carnevale-2026\\\/#primaryimage\"},\"image\":{\"@id\":\"https:\\\/\\\/www.bellunopress.it\\\/2026\\\/02\\\/06\\\/sedico-si-maschera-al-via-il-carnevale-2026\\\/#primaryimage\"},\"thumbnailUrl\":\"https:\\\/\\\/www.bellunopress.it\\\/wp-content\\\/uploads\\\/2022\\\/02\\\/Carnevale-Sedico-2021.jpg\",\"datePublished\":\"2026-02-06T08:07:41+00:00\",\"dateModified\":\"2026-02-06T08:08:54+00:00\",\"breadcrumb\":{\"@id\":\"https:\\\/\\\/www.bellunopress.it\\\/2026\\\/02\\\/06\\\/sedico-si-maschera-al-via-il-carnevale-2026\\\/#breadcrumb\"},\"inLanguage\":\"fr-FR\",\"potentialAction\":[{\"@type\":\"ReadAction\",\"target\":[\"https:\\\/\\\/www.bellunopress.it\\\/2026\\\/02\\\/06\\\/sedico-si-maschera-al-via-il-carnevale-2026\\\/\"]}]},{\"@type\":\"ImageObject\",\"inLanguage\":\"fr-FR\",\"@id\":\"https:\\\/\\\/www.bellunopress.it\\\/2026\\\/02\\\/06\\\/sedico-si-maschera-al-via-il-carnevale-2026\\\/#primaryimage\",\"url\":\"https:\\\/\\\/www.bellunopress.it\\\/wp-content\\\/uploads\\\/2022\\\/02\\\/Carnevale-Sedico-2021.jpg\",\"contentUrl\":\"https:\\\/\\\/www.bellunopress.it\\\/wp-content\\\/uploads\\\/2022\\\/02\\\/Carnevale-Sedico-2021.jpg\",\"width\":1000,\"height\":667,\"caption\":\"Carnevale di Sedico 2021\"},{\"@type\":\"BreadcrumbList\",\"@id\":\"https:\\\/\\\/www.bellunopress.it\\\/2026\\\/02\\\/06\\\/sedico-si-maschera-al-via-il-carnevale-2026\\\/#breadcrumb\",\"itemListElement\":[{\"@type\":\"ListItem\",\"position\":1,\"name\":\"Home\",\"item\":\"https:\\\/\\\/www.bellunopress.it\\\/\"},{\"@type\":\"ListItem\",\"position\":2,\"name\":\"Sedico si maschera: al via il Carnevale 2026\"}]},{\"@type\":\"WebSite\",\"@id\":\"https:\\\/\\\/www.bellunopress.it\\\/#website\",\"url\":\"https:\\\/\\\/www.bellunopress.it\\\/\",\"name\":\"Bellunopress - Dolomiti\",\"description\":\"e-mail: redazione@bellunopress.it\",\"publisher\":{\"@id\":\"https:\\\/\\\/www.bellunopress.it\\\/#organization\"},\"potentialAction\":[{\"@type\":\"SearchAction\",\"target\":{\"@type\":\"EntryPoint\",\"urlTemplate\":\"https:\\\/\\\/www.bellunopress.it\\\/?s={search_term_string}\"},\"query-input\":{\"@type\":\"PropertyValueSpecification\",\"valueRequired\":true,\"valueName\":\"search_term_string\"}}],\"inLanguage\":\"fr-FR\"},{\"@type\":\"Organization\",\"@id\":\"https:\\\/\\\/www.bellunopress.it\\\/#organization\",\"name\":\"Bellunopress\",\"url\":\"https:\\\/\\\/www.bellunopress.it\\\/\",\"logo\":{\"@type\":\"ImageObject\",\"inLanguage\":\"fr-FR\",\"@id\":\"https:\\\/\\\/www.bellunopress.it\\\/#\\\/schema\\\/logo\\\/image\\\/\",\"url\":\"https:\\\/\\\/www.bellunopress.it\\\/wp-content\\\/uploads\\\/2011\\\/05\\\/cropped-logo-bellunopress-.jpg\",\"contentUrl\":\"https:\\\/\\\/www.bellunopress.it\\\/wp-content\\\/uploads\\\/2011\\\/05\\\/cropped-logo-bellunopress-.jpg\",\"width\":512,\"height\":512,\"caption\":\"Bellunopress\"},\"image\":{\"@id\":\"https:\\\/\\\/www.bellunopress.it\\\/#\\\/schema\\\/logo\\\/image\\\/\"},\"sameAs\":[\"https:\\\/\\\/www.facebook.com\\\/profile.php?id=100008943462799\",\"https:\\\/\\\/x.com\\\/bellunopress\",\"https:\\\/\\\/www.linkedin.com\\\/hp\\\/?dnr=JBzUWaJfMUw8vbXJJ2tVW5-I3jZKvC4wsoxE&amp;amp;amp;amp;amp;amp;trk=nav_responsive_tab_home\",\"https:\\\/\\\/www.youtube.com\\\/channel\\\/UCxL0wu1uN0_3_7hGG0306cw\"]},{\"@type\":\"Person\",\"@id\":\"https:\\\/\\\/www.bellunopress.it\\\/#\\\/schema\\\/person\\\/79bb06722b37ece1c03d3e94beb30d73\",\"name\":\"redazione\",\"image\":{\"@type\":\"ImageObject\",\"inLanguage\":\"fr-FR\",\"@id\":\"https:\\\/\\\/secure.gravatar.com\\\/avatar\\\/37d968a2e67a6fd04c169c4bdef102d0bc5d31b2546345219e348575eb80e9a0?s=96&d=mm&r=g\",\"url\":\"https:\\\/\\\/secure.gravatar.com\\\/avatar\\\/37d968a2e67a6fd04c169c4bdef102d0bc5d31b2546345219e348575eb80e9a0?s=96&d=mm&r=g\",\"contentUrl\":\"https:\\\/\\\/secure.gravatar.com\\\/avatar\\\/37d968a2e67a6fd04c169c4bdef102d0bc5d31b2546345219e348575eb80e9a0?s=96&d=mm&r=g\",\"caption\":\"redazione\"},\"sameAs\":[\"http:\\\/\\\/www.bellunopress.it\",\"https:\\\/\\\/x.com\\\/bellunopress\"],\"url\":\"https:\\\/\\\/www.bellunopress.it\\\/fr\\\/author\\\/redazione\\\/\"}]}<\/script>\n<!-- \/ Yoast SEO plugin. -->","yoast_head_json":{"title":"Sedico si maschera: al via il Carnevale 2026 - Bellunopress - Dolomiti","robots":{"index":"index","follow":"follow","max-snippet":"max-snippet:-1","max-image-preview":"max-image-preview:large","max-video-preview":"max-video-preview:-1"},"canonical":"https:\/\/www.bellunopress.it\/fr\/2026\/02\/06\/sedico-si-maschera-al-via-il-carnevale-2026\/","og_locale":"fr_FR","og_type":"article","og_title":"Sedico si maschera: al via il Carnevale 2026 - Bellunopress - Dolomiti","og_description":"Domani il debutto al Palaskating con il &#8220;Carnival Party&#8221;. Poi due settimane di sfilate, arte e l&#8217;atteso ritorno dei carri allegorici: ecco il programma completo della kermesse che trasforma Sedico nella capitale del divertimento bellunese. SEDICO \u2013 L\u2019attesa \u00e8 finita. Con l&#8217;arrivo di febbraio, Sedico si riprende lo scettro di &#8220;capitale del Carnevale&#8221; della provincia. [&hellip;]","og_url":"https:\/\/www.bellunopress.it\/fr\/2026\/02\/06\/sedico-si-maschera-al-via-il-carnevale-2026\/","og_site_name":"Bellunopress - Dolomiti","article_publisher":"https:\/\/www.facebook.com\/profile.php?id=100008943462799","article_published_time":"2026-02-06T08:07:41+00:00","article_modified_time":"2026-02-06T08:08:54+00:00","og_image":[{"width":1000,"height":667,"url":"https:\/\/www.bellunopress.it\/wp-content\/uploads\/2022\/02\/Carnevale-Sedico-2021.jpg","type":"image\/jpeg"}],"author":"redazione","twitter_card":"summary_large_image","twitter_creator":"@bellunopress","twitter_site":"@bellunopress","twitter_misc":{"Written by":"redazione","Est. reading time":"2 minutes"},"schema":{"@context":"https:\/\/schema.org","@graph":[{"@type":"Article","@id":"https:\/\/www.bellunopress.it\/2026\/02\/06\/sedico-si-maschera-al-via-il-carnevale-2026\/#article","isPartOf":{"@id":"https:\/\/www.bellunopress.it\/2026\/02\/06\/sedico-si-maschera-al-via-il-carnevale-2026\/"},"author":{"name":"redazione","@id":"https:\/\/www.bellunopress.it\/#\/schema\/person\/79bb06722b37ece1c03d3e94beb30d73"},"headline":"Sedico si maschera: al via il Carnevale 2026","datePublished":"2026-02-06T08:07:41+00:00","dateModified":"2026-02-06T08:08:54+00:00","mainEntityOfPage":{"@id":"https:\/\/www.bellunopress.it\/2026\/02\/06\/sedico-si-maschera-al-via-il-carnevale-2026\/"},"wordCount":409,"publisher":{"@id":"https:\/\/www.bellunopress.it\/#organization"},"image":{"@id":"https:\/\/www.bellunopress.it\/2026\/02\/06\/sedico-si-maschera-al-via-il-carnevale-2026\/#primaryimage"},"thumbnailUrl":"https:\/\/www.bellunopress.it\/wp-content\/uploads\/2022\/02\/Carnevale-Sedico-2021.jpg","articleSection":["Appuntamenti, Eventi"],"inLanguage":"fr-FR"},{"@type":"WebPage","@id":"https:\/\/www.bellunopress.it\/2026\/02\/06\/sedico-si-maschera-al-via-il-carnevale-2026\/","url":"https:\/\/www.bellunopress.it\/2026\/02\/06\/sedico-si-maschera-al-via-il-carnevale-2026\/","name":"Sedico si maschera: al via il Carnevale 2026 - Bellunopress - Dolomiti","isPartOf":{"@id":"https:\/\/www.bellunopress.it\/#website"},"primaryImageOfPage":{"@id":"https:\/\/www.bellunopress.it\/2026\/02\/06\/sedico-si-maschera-al-via-il-carnevale-2026\/#primaryimage"},"image":{"@id":"https:\/\/www.bellunopress.it\/2026\/02\/06\/sedico-si-maschera-al-via-il-carnevale-2026\/#primaryimage"},"thumbnailUrl":"https:\/\/www.bellunopress.it\/wp-content\/uploads\/2022\/02\/Carnevale-Sedico-2021.jpg","datePublished":"2026-02-06T08:07:41+00:00","dateModified":"2026-02-06T08:08:54+00:00","breadcrumb":{"@id":"https:\/\/www.bellunopress.it\/2026\/02\/06\/sedico-si-maschera-al-via-il-carnevale-2026\/#breadcrumb"},"inLanguage":"fr-FR","potentialAction":[{"@type":"ReadAction","target":["https:\/\/www.bellunopress.it\/2026\/02\/06\/sedico-si-maschera-al-via-il-carnevale-2026\/"]}]},{"@type":"ImageObject","inLanguage":"fr-FR","@id":"https:\/\/www.bellunopress.it\/2026\/02\/06\/sedico-si-maschera-al-via-il-carnevale-2026\/#primaryimage","url":"https:\/\/www.bellunopress.it\/wp-content\/uploads\/2022\/02\/Carnevale-Sedico-2021.jpg","contentUrl":"https:\/\/www.bellunopress.it\/wp-content\/uploads\/2022\/02\/Carnevale-Sedico-2021.jpg","width":1000,"height":667,"caption":"Carnevale di Sedico 2021"},{"@type":"BreadcrumbList","@id":"https:\/\/www.bellunopress.it\/2026\/02\/06\/sedico-si-maschera-al-via-il-carnevale-2026\/#breadcrumb","itemListElement":[{"@type":"ListItem","position":1,"name":"Home","item":"https:\/\/www.bellunopress.it\/"},{"@type":"ListItem","position":2,"name":"Sedico si maschera: al via il Carnevale 2026"}]},{"@type":"WebSite","@id":"https:\/\/www.bellunopress.it\/#website","url":"https:\/\/www.bellunopress.it\/","name":"Bellunopress - Dolomiti","description":"e-mail: redazione@bellunopress.it","publisher":{"@id":"https:\/\/www.bellunopress.it\/#organization"},"potentialAction":[{"@type":"SearchAction","target":{"@type":"EntryPoint","urlTemplate":"https:\/\/www.bellunopress.it\/?s={search_term_string}"},"query-input":{"@type":"PropertyValueSpecification","valueRequired":true,"valueName":"search_term_string"}}],"inLanguage":"fr-FR"},{"@type":"Organization","@id":"https:\/\/www.bellunopress.it\/#organization","name":"Bellunopress","url":"https:\/\/www.bellunopress.it\/","logo":{"@type":"ImageObject","inLanguage":"fr-FR","@id":"https:\/\/www.bellunopress.it\/#\/schema\/logo\/image\/","url":"https:\/\/www.bellunopress.it\/wp-content\/uploads\/2011\/05\/cropped-logo-bellunopress-.jpg","contentUrl":"https:\/\/www.bellunopress.it\/wp-content\/uploads\/2011\/05\/cropped-logo-bellunopress-.jpg","width":512,"height":512,"caption":"Bellunopress"},"image":{"@id":"https:\/\/www.bellunopress.it\/#\/schema\/logo\/image\/"},"sameAs":["https:\/\/www.facebook.com\/profile.php?id=100008943462799","https:\/\/x.com\/bellunopress","https:\/\/www.linkedin.com\/hp\/?dnr=JBzUWaJfMUw8vbXJJ2tVW5-I3jZKvC4wsoxE&amp;amp;amp;amp;amp;amp;trk=nav_responsive_tab_home","https:\/\/www.youtube.com\/channel\/UCxL0wu1uN0_3_7hGG0306cw"]},{"@type":"Person","@id":"https:\/\/www.bellunopress.it\/#\/schema\/person\/79bb06722b37ece1c03d3e94beb30d73","name":"r\u00e9daction","image":{"@type":"ImageObject","inLanguage":"fr-FR","@id":"https:\/\/secure.gravatar.com\/avatar\/37d968a2e67a6fd04c169c4bdef102d0bc5d31b2546345219e348575eb80e9a0?s=96&d=mm&r=g","url":"https:\/\/secure.gravatar.com\/avatar\/37d968a2e67a6fd04c169c4bdef102d0bc5d31b2546345219e348575eb80e9a0?s=96&d=mm&r=g","contentUrl":"https:\/\/secure.gravatar.com\/avatar\/37d968a2e67a6fd04c169c4bdef102d0bc5d31b2546345219e348575eb80e9a0?s=96&d=mm&r=g","caption":"redazione"},"sameAs":["http:\/\/www.bellunopress.it","https:\/\/x.com\/bellunopress"],"url":"https:\/\/www.bellunopress.it\/fr\/author\/redazione\/"}]}},"_links":{"self":[{"href":"https:\/\/www.bellunopress.it\/fr\/wp-json\/wp\/v2\/posts\/167197","targetHints":{"allow":["GET"]}}],"collection":[{"href":"https:\/\/www.bellunopress.it\/fr\/wp-json\/wp\/v2\/posts"}],"about":[{"href":"https:\/\/www.bellunopress.it\/fr\/wp-json\/wp\/v2\/types\/post"}],"author":[{"embeddable":true,"href":"https:\/\/www.bellunopress.it\/fr\/wp-json\/wp\/v2\/users\/2"}],"replies":[{"embeddable":true,"href":"https:\/\/www.bellunopress.it\/fr\/wp-json\/wp\/v2\/comments?post=167197"}],"version-history":[{"count":2,"href":"https:\/\/www.bellunopress.it\/fr\/wp-json\/wp\/v2\/posts\/167197\/revisions"}],"predecessor-version":[{"id":167199,"href":"https:\/\/www.bellunopress.it\/fr\/wp-json\/wp\/v2\/posts\/167197\/revisions\/167199"}],"wp:featuredmedia":[{"embeddable":true,"href":"https:\/\/www.bellunopress.it\/fr\/wp-json\/wp\/v2\/media\/131559"}],"wp:attachment":[{"href":"https:\/\/www.bellunopress.it\/fr\/wp-json\/wp\/v2\/media?parent=167197"}],"wp:term":[{"taxonomy":"category","embeddable":true,"href":"https:\/\/www.bellunopress.it\/fr\/wp-json\/wp\/v2\/categories?post=167197"},{"taxonomy":"post_tag","embeddable":true,"href":"https:\/\/www.bellunopress.it\/fr\/wp-json\/wp\/v2\/tags?post=167197"}],"curies":[{"name":"wp","href":"https:\/\/api.w.org\/{rel}","templated":true}]}}