{"id":167189,"date":"2026-02-05T18:41:19","date_gmt":"2026-02-05T17:41:19","guid":{"rendered":"https:\/\/www.bellunopress.it\/?p=167189"},"modified":"2026-02-05T22:26:50","modified_gmt":"2026-02-05T21:26:50","slug":"olimpiadi-la-cerimonia-di-apertura-in-diretta-anche-sul-maxi-schermo-in-piazza-dei-martiri","status":"publish","type":"post","link":"https:\/\/www.bellunopress.it\/fr\/2026\/02\/05\/olimpiadi-la-cerimonia-di-apertura-in-diretta-anche-sul-maxi-schermo-in-piazza-dei-martiri\/","title":{"rendered":"Olimpiadi. La cerimonia di apertura in diretta anche sul maxi schermo in piazza dei Martiri"},"content":{"rendered":"<p><strong><img loading=\"lazy\" decoding=\"async\" class=\"aligncenter size-full wp-image-167190\" src=\"https:\/\/www.bellunopress.it\/wp-content\/uploads\/2026\/02\/maxi-schermo-olimpiadi-belluno.jpg\" alt=\"\" width=\"600\" height=\"450\" srcset=\"https:\/\/www.bellunopress.it\/wp-content\/uploads\/2026\/02\/maxi-schermo-olimpiadi-belluno.jpg 600w, https:\/\/www.bellunopress.it\/wp-content\/uploads\/2026\/02\/maxi-schermo-olimpiadi-belluno-500x375.jpg 500w, https:\/\/www.bellunopress.it\/wp-content\/uploads\/2026\/02\/maxi-schermo-olimpiadi-belluno-560x420.jpg 560w, https:\/\/www.bellunopress.it\/wp-content\/uploads\/2026\/02\/maxi-schermo-olimpiadi-belluno-80x60.jpg 80w, https:\/\/www.bellunopress.it\/wp-content\/uploads\/2026\/02\/maxi-schermo-olimpiadi-belluno-150x113.jpg 150w, https:\/\/www.bellunopress.it\/wp-content\/uploads\/2026\/02\/maxi-schermo-olimpiadi-belluno-300x225.jpg 300w\" sizes=\"auto, (max-width: 600px) 100vw, 600px\" \/>Domani, venerd\u00ec 6 febbraio, inaugurazione dei Giochi olimpici e paralimpici invernali Milano Cortina 2026<\/strong><\/p>\n<p>Nello spazio tra i giardini di piazza dei Martiri \u00e8 stato installato un maxischermo per consentire ai cittadini di seguire le principali gare dei Giochi in compagnia.<br \/>\nL\u2019installazione sar\u00e0 corredata da un secondo ledwall con il programma delle<br \/>\ncompetizioni trasmesse e da un punto di ristoro.<br \/>\nPrimo appuntamento, quindi, domani sera, venerd\u00ec 6 febbraio, a partire dalle 20, per<br \/>\nla cerimonia di apertura dei Giochi, che dalle prime indiscrezioni si prospetta come<br \/>\nuno spettacolo da ricordare.<br \/>\nTutta la cittadinanza \u00e8 invitata a partecipare, per godere insieme di queste prime<br \/>\nemozioni olimpiche.<\/p>\n<p><strong>\u201cTransition\u201d degli Spectaculars tra Giochi olimpici e Giochi paralimpici<\/strong><br \/>\nNel periodo dei Giochi olimpici e dei Giochi paralimpici saranno visibili solamente i rispettivi segni Da oggi in piazza dei Martiri, nell\u2019area dedicata agli Spectaculars Olimpici e<br \/>\nParalimpici, saranno visibili solamente gli Olympic Rings, i 5 cerchi legati alla<br \/>\ncompetizione sportiva invernale ormai giunta al via, mentre sono stati coperti i<br \/>\nsimboli dei Giochi paralimpici.<br \/>\nSi tratta di quella che in gergo tecnico viene chiamata \u201ctransition\u201d: i Comitati olimpico<br \/>\ne paralimpico prescrivono, infatti, che nel periodo dei Giochi olimpici, dal 6 al 22<br \/>\nfebbraio, siano visibili soltanto i Rings, mentre nel periodo dei Giochi paralimpici, dal<br \/>\n6 al 15 marzo, vengano lasciati visibili i soli Agitos paralimpici.<br \/>\nUn gesto dal valore simbolico, che invita a puntare i riflettori e a dedicare tutta<br \/>\nl\u2019attenzione, di volta in volta, all\u2019evento che sar\u00e0 in corso di svolgimento.<\/p>\n<p>&nbsp;<\/p>\n<p><strong>Il sindaco De Pellegrin: &#8220;Un traguardo importante raggiunto&#8221;<\/strong><\/p>\n<p>Cari concittadini,<br \/>\ndomani prenderanno ufficialmente il via i Giochi Olimpici Invernali. Per il nostro territorio non si tratta solo di un grande evento sportivo, ma di un traguardo importante, raggiunto dopo anni di lavoro, di confronto e di impegno condiviso e, soprattutto, si tratta di un trampolino di lancio per il futuro delle nostre terre. Un percorso, quello che ci ha portato fino a qui, che ha coinvolto istituzioni, enti locali, imprese e comunit\u00e0, e che \u00e8 stato portato avanti con impegno, anche quando non era semplice e non tutti i punti di vista erano uguali.<\/p>\n<p>Il 6 febbraio questo cammino arriva a un momento molto significativo. Per questo desidero invitare tutte le cittadine e tutti i cittadini a essere in Piazza dei Martiri a Belluno, venerd\u00ec, per seguire insieme l\u2019inaugurazione dei Giochi attraverso il maxi schermo. Sar\u00e0 un\u2019occasione per ritrovarsi, per stare insieme e per vivere un\u2019emozione condivisa, sentendosi parte di una comunit\u00e0 che ha dato un contributo importante a questo evento.<br \/>\nPurtroppo non potr\u00f2 essere presente di persona, ma ci tenevo comunque a farvi arrivare il mio pensiero e la mia vicinanza. Questo \u00e8 un momento che riguarda da vicino il nostro territorio e che merita di essere vissuto insieme. Sono orgoglioso di ci\u00f2 che questa terra ha saputo offrire alle Olimpiadi: competenza, impegno, seriet\u00e0 e capacit\u00e0 di collaborare. Ancora una volta Belluno ha dimostrato di saper affrontare sfide importanti con responsabilit\u00e0 e spirito di squadra.<\/p>\n<p>Le Olimpiadi hanno un valore che va oltre lo sport. In un periodo storico segnato da tensioni e conflitti, rappresentano un\u2019occasione concreta per ricordare l\u2019importanza del rispetto reciproco, delle regole condivise, della lealt\u00e0 e dell\u2019uguaglianza. Non sono solo principi astratti, ma valori che si vedono e si vivono davvero, e che ci ricordano che \u00e8 possibile stare insieme in modo diverso, pi\u00f9 corretto e pi\u00f9 giusto.<br \/>\nPer me questi valori hanno anche un significato personale molto forte. Ho avuto la fortuna di vivere le Olimpiadi e le Paralimpiadi da atleta, e quell\u2019esperienza \u00e8 stata una grande lezione di vita. Mi ha insegnato il rispetto per gli altri, il senso del proprio limite, la perseveranza, l\u2019inclusione. Insegnamenti che porto con me ancora oggi e che hanno contribuito a formarmi come persona, prima ancora che come sportivo. Insieme all\u2019essere sindaco e all\u2019essere padre, \u00e8 stata una delle esperienze pi\u00f9 intense e importanti della mia vita.<\/p>\n<p>Ai Giochi Olimpici che iniziano venerd\u00ec, e alle Paralimpiadi che seguiranno a marzo, va il mio augurio pi\u00f9 sincero. Che siano un tempo di incontro, di condivisione e di speranza. Alla nostra comunit\u00e0 va il mio grazie, per il lavoro fatto in questi anni e per la capacit\u00e0 di vivere questo momento con consapevolezza, partecipazione e orgoglio.<\/p>\n<p><strong>Oscar De Pellegrin &#8211;\u00a0Sindaco di Belluno<\/strong><\/p>","protected":false},"excerpt":{"rendered":"<p>Domani, venerd\u00ec 6 febbraio, inaugurazione dei Giochi olimpici e paralimpici invernali Milano Cortina 2026 Nello spazio tra i giardini di piazza dei Martiri \u00e8 stato installato un maxischermo per consentire ai cittadini di seguire le principali gare dei Giochi in compagnia. L\u2019installazione sar\u00e0 corredata da un secondo ledwall con il programma delle competizioni trasmesse e [&hellip;]<\/p>\n","protected":false},"author":2,"featured_media":167191,"comment_status":"closed","ping_status":"open","sticky":false,"template":"","format":"standard","meta":{"footnotes":""},"categories":[27,3446],"tags":[],"class_list":["post-167189","post","type-post","status-publish","format-standard","has-post-thumbnail","category-appuntamenti","category-featured"],"yoast_head":"<!-- This site is optimized with the Yoast SEO plugin v28.4 - https:\/\/yoast.com\/product\/yoast-seo-wordpress\/ -->\n<title>Olimpiadi. La cerimonia di apertura in diretta anche sul maxi schermo in piazza dei Martiri - Bellunopress - Dolomiti<\/title>\n<meta name=\"robots\" content=\"index, follow, max-snippet:-1, max-image-preview:large, max-video-preview:-1\" \/>\n<link rel=\"canonical\" href=\"https:\/\/www.bellunopress.it\/fr\/2026\/02\/05\/olimpiadi-la-cerimonia-di-apertura-in-diretta-anche-sul-maxi-schermo-in-piazza-dei-martiri\/\" \/>\n<meta property=\"og:locale\" content=\"fr_FR\" \/>\n<meta property=\"og:type\" content=\"article\" \/>\n<meta property=\"og:title\" content=\"Olimpiadi. La cerimonia di apertura in diretta anche sul maxi schermo in piazza dei Martiri - Bellunopress - Dolomiti\" \/>\n<meta property=\"og:description\" content=\"Domani, venerd\u00ec 6 febbraio, inaugurazione dei Giochi olimpici e paralimpici invernali Milano Cortina 2026 Nello spazio tra i giardini di piazza dei Martiri \u00e8 stato installato un maxischermo per consentire ai cittadini di seguire le principali gare dei Giochi in compagnia. L\u2019installazione sar\u00e0 corredata da un secondo ledwall con il programma delle competizioni trasmesse e [&hellip;]\" \/>\n<meta property=\"og:url\" content=\"https:\/\/www.bellunopress.it\/fr\/2026\/02\/05\/olimpiadi-la-cerimonia-di-apertura-in-diretta-anche-sul-maxi-schermo-in-piazza-dei-martiri\/\" \/>\n<meta property=\"og:site_name\" content=\"Bellunopress - Dolomiti\" \/>\n<meta property=\"article:publisher\" content=\"https:\/\/www.facebook.com\/profile.php?id=100008943462799\" \/>\n<meta property=\"article:published_time\" content=\"2026-02-05T17:41:19+00:00\" \/>\n<meta property=\"article:modified_time\" content=\"2026-02-05T21:26:50+00:00\" \/>\n<meta property=\"og:image\" content=\"https:\/\/www.bellunopress.it\/wp-content\/uploads\/2026\/02\/maxi-schermo-olimpiadi-centro-belluno.jpg\" \/>\n\t<meta property=\"og:image:width\" content=\"600\" \/>\n\t<meta property=\"og:image:height\" content=\"449\" \/>\n\t<meta property=\"og:image:type\" content=\"image\/jpeg\" \/>\n<meta name=\"author\" content=\"redazione\" \/>\n<meta name=\"twitter:card\" content=\"summary_large_image\" \/>\n<meta name=\"twitter:creator\" content=\"@bellunopress\" \/>\n<meta name=\"twitter:site\" content=\"@bellunopress\" \/>\n<meta name=\"twitter:label1\" content=\"\u00c9crit par\" \/>\n\t<meta name=\"twitter:data1\" content=\"redazione\" \/>\n\t<meta name=\"twitter:label2\" content=\"Dur\u00e9e de lecture estim\u00e9e\" \/>\n\t<meta name=\"twitter:data2\" content=\"4 minutes\" \/>\n<script type=\"application\/ld+json\" class=\"yoast-schema-graph\">{\"@context\":\"https:\\\/\\\/schema.org\",\"@graph\":[{\"@type\":\"Article\",\"@id\":\"https:\\\/\\\/www.bellunopress.it\\\/2026\\\/02\\\/05\\\/olimpiadi-la-cerimonia-di-apertura-in-diretta-anche-sul-maxi-schermo-in-piazza-dei-martiri\\\/#article\",\"isPartOf\":{\"@id\":\"https:\\\/\\\/www.bellunopress.it\\\/2026\\\/02\\\/05\\\/olimpiadi-la-cerimonia-di-apertura-in-diretta-anche-sul-maxi-schermo-in-piazza-dei-martiri\\\/\"},\"author\":{\"name\":\"redazione\",\"@id\":\"https:\\\/\\\/www.bellunopress.it\\\/#\\\/schema\\\/person\\\/79bb06722b37ece1c03d3e94beb30d73\"},\"headline\":\"Olimpiadi. La cerimonia di apertura in diretta anche sul maxi schermo in piazza dei Martiri\",\"datePublished\":\"2026-02-05T17:41:19+00:00\",\"dateModified\":\"2026-02-05T21:26:50+00:00\",\"mainEntityOfPage\":{\"@id\":\"https:\\\/\\\/www.bellunopress.it\\\/2026\\\/02\\\/05\\\/olimpiadi-la-cerimonia-di-apertura-in-diretta-anche-sul-maxi-schermo-in-piazza-dei-martiri\\\/\"},\"wordCount\":724,\"publisher\":{\"@id\":\"https:\\\/\\\/www.bellunopress.it\\\/#organization\"},\"image\":{\"@id\":\"https:\\\/\\\/www.bellunopress.it\\\/2026\\\/02\\\/05\\\/olimpiadi-la-cerimonia-di-apertura-in-diretta-anche-sul-maxi-schermo-in-piazza-dei-martiri\\\/#primaryimage\"},\"thumbnailUrl\":\"https:\\\/\\\/www.bellunopress.it\\\/wp-content\\\/uploads\\\/2026\\\/02\\\/maxi-schermo-olimpiadi-centro-belluno.jpg\",\"articleSection\":[\"Appuntamenti, Eventi\",\"Featured\"],\"inLanguage\":\"fr-FR\"},{\"@type\":\"WebPage\",\"@id\":\"https:\\\/\\\/www.bellunopress.it\\\/2026\\\/02\\\/05\\\/olimpiadi-la-cerimonia-di-apertura-in-diretta-anche-sul-maxi-schermo-in-piazza-dei-martiri\\\/\",\"url\":\"https:\\\/\\\/www.bellunopress.it\\\/2026\\\/02\\\/05\\\/olimpiadi-la-cerimonia-di-apertura-in-diretta-anche-sul-maxi-schermo-in-piazza-dei-martiri\\\/\",\"name\":\"Olimpiadi. La cerimonia di apertura in diretta anche sul maxi schermo in piazza dei Martiri - Bellunopress - Dolomiti\",\"isPartOf\":{\"@id\":\"https:\\\/\\\/www.bellunopress.it\\\/#website\"},\"primaryImageOfPage\":{\"@id\":\"https:\\\/\\\/www.bellunopress.it\\\/2026\\\/02\\\/05\\\/olimpiadi-la-cerimonia-di-apertura-in-diretta-anche-sul-maxi-schermo-in-piazza-dei-martiri\\\/#primaryimage\"},\"image\":{\"@id\":\"https:\\\/\\\/www.bellunopress.it\\\/2026\\\/02\\\/05\\\/olimpiadi-la-cerimonia-di-apertura-in-diretta-anche-sul-maxi-schermo-in-piazza-dei-martiri\\\/#primaryimage\"},\"thumbnailUrl\":\"https:\\\/\\\/www.bellunopress.it\\\/wp-content\\\/uploads\\\/2026\\\/02\\\/maxi-schermo-olimpiadi-centro-belluno.jpg\",\"datePublished\":\"2026-02-05T17:41:19+00:00\",\"dateModified\":\"2026-02-05T21:26:50+00:00\",\"breadcrumb\":{\"@id\":\"https:\\\/\\\/www.bellunopress.it\\\/2026\\\/02\\\/05\\\/olimpiadi-la-cerimonia-di-apertura-in-diretta-anche-sul-maxi-schermo-in-piazza-dei-martiri\\\/#breadcrumb\"},\"inLanguage\":\"fr-FR\",\"potentialAction\":[{\"@type\":\"ReadAction\",\"target\":[\"https:\\\/\\\/www.bellunopress.it\\\/2026\\\/02\\\/05\\\/olimpiadi-la-cerimonia-di-apertura-in-diretta-anche-sul-maxi-schermo-in-piazza-dei-martiri\\\/\"]}]},{\"@type\":\"ImageObject\",\"inLanguage\":\"fr-FR\",\"@id\":\"https:\\\/\\\/www.bellunopress.it\\\/2026\\\/02\\\/05\\\/olimpiadi-la-cerimonia-di-apertura-in-diretta-anche-sul-maxi-schermo-in-piazza-dei-martiri\\\/#primaryimage\",\"url\":\"https:\\\/\\\/www.bellunopress.it\\\/wp-content\\\/uploads\\\/2026\\\/02\\\/maxi-schermo-olimpiadi-centro-belluno.jpg\",\"contentUrl\":\"https:\\\/\\\/www.bellunopress.it\\\/wp-content\\\/uploads\\\/2026\\\/02\\\/maxi-schermo-olimpiadi-centro-belluno.jpg\",\"width\":600,\"height\":449},{\"@type\":\"BreadcrumbList\",\"@id\":\"https:\\\/\\\/www.bellunopress.it\\\/2026\\\/02\\\/05\\\/olimpiadi-la-cerimonia-di-apertura-in-diretta-anche-sul-maxi-schermo-in-piazza-dei-martiri\\\/#breadcrumb\",\"itemListElement\":[{\"@type\":\"ListItem\",\"position\":1,\"name\":\"Home\",\"item\":\"https:\\\/\\\/www.bellunopress.it\\\/\"},{\"@type\":\"ListItem\",\"position\":2,\"name\":\"Olimpiadi. La cerimonia di apertura in diretta anche sul maxi schermo in piazza dei Martiri\"}]},{\"@type\":\"WebSite\",\"@id\":\"https:\\\/\\\/www.bellunopress.it\\\/#website\",\"url\":\"https:\\\/\\\/www.bellunopress.it\\\/\",\"name\":\"Bellunopress - Dolomiti\",\"description\":\"e-mail: redazione@bellunopress.it\",\"publisher\":{\"@id\":\"https:\\\/\\\/www.bellunopress.it\\\/#organization\"},\"potentialAction\":[{\"@type\":\"SearchAction\",\"target\":{\"@type\":\"EntryPoint\",\"urlTemplate\":\"https:\\\/\\\/www.bellunopress.it\\\/?s={search_term_string}\"},\"query-input\":{\"@type\":\"PropertyValueSpecification\",\"valueRequired\":true,\"valueName\":\"search_term_string\"}}],\"inLanguage\":\"fr-FR\"},{\"@type\":\"Organization\",\"@id\":\"https:\\\/\\\/www.bellunopress.it\\\/#organization\",\"name\":\"Bellunopress\",\"url\":\"https:\\\/\\\/www.bellunopress.it\\\/\",\"logo\":{\"@type\":\"ImageObject\",\"inLanguage\":\"fr-FR\",\"@id\":\"https:\\\/\\\/www.bellunopress.it\\\/#\\\/schema\\\/logo\\\/image\\\/\",\"url\":\"https:\\\/\\\/www.bellunopress.it\\\/wp-content\\\/uploads\\\/2011\\\/05\\\/cropped-logo-bellunopress-.jpg\",\"contentUrl\":\"https:\\\/\\\/www.bellunopress.it\\\/wp-content\\\/uploads\\\/2011\\\/05\\\/cropped-logo-bellunopress-.jpg\",\"width\":512,\"height\":512,\"caption\":\"Bellunopress\"},\"image\":{\"@id\":\"https:\\\/\\\/www.bellunopress.it\\\/#\\\/schema\\\/logo\\\/image\\\/\"},\"sameAs\":[\"https:\\\/\\\/www.facebook.com\\\/profile.php?id=100008943462799\",\"https:\\\/\\\/x.com\\\/bellunopress\",\"https:\\\/\\\/www.linkedin.com\\\/hp\\\/?dnr=JBzUWaJfMUw8vbXJJ2tVW5-I3jZKvC4wsoxE&amp;amp;amp;amp;amp;amp;trk=nav_responsive_tab_home\",\"https:\\\/\\\/www.youtube.com\\\/channel\\\/UCxL0wu1uN0_3_7hGG0306cw\"]},{\"@type\":\"Person\",\"@id\":\"https:\\\/\\\/www.bellunopress.it\\\/#\\\/schema\\\/person\\\/79bb06722b37ece1c03d3e94beb30d73\",\"name\":\"redazione\",\"image\":{\"@type\":\"ImageObject\",\"inLanguage\":\"fr-FR\",\"@id\":\"https:\\\/\\\/secure.gravatar.com\\\/avatar\\\/37d968a2e67a6fd04c169c4bdef102d0bc5d31b2546345219e348575eb80e9a0?s=96&d=mm&r=g\",\"url\":\"https:\\\/\\\/secure.gravatar.com\\\/avatar\\\/37d968a2e67a6fd04c169c4bdef102d0bc5d31b2546345219e348575eb80e9a0?s=96&d=mm&r=g\",\"contentUrl\":\"https:\\\/\\\/secure.gravatar.com\\\/avatar\\\/37d968a2e67a6fd04c169c4bdef102d0bc5d31b2546345219e348575eb80e9a0?s=96&d=mm&r=g\",\"caption\":\"redazione\"},\"sameAs\":[\"http:\\\/\\\/www.bellunopress.it\",\"https:\\\/\\\/x.com\\\/bellunopress\"],\"url\":\"https:\\\/\\\/www.bellunopress.it\\\/fr\\\/author\\\/redazione\\\/\"}]}<\/script>\n<!-- \/ Yoast SEO plugin. -->","yoast_head_json":{"title":"Olimpiadi. La cerimonia di apertura in diretta anche sul maxi schermo in piazza dei Martiri - Bellunopress - Dolomiti","robots":{"index":"index","follow":"follow","max-snippet":"max-snippet:-1","max-image-preview":"max-image-preview:large","max-video-preview":"max-video-preview:-1"},"canonical":"https:\/\/www.bellunopress.it\/fr\/2026\/02\/05\/olimpiadi-la-cerimonia-di-apertura-in-diretta-anche-sul-maxi-schermo-in-piazza-dei-martiri\/","og_locale":"fr_FR","og_type":"article","og_title":"Olimpiadi. La cerimonia di apertura in diretta anche sul maxi schermo in piazza dei Martiri - Bellunopress - Dolomiti","og_description":"Domani, venerd\u00ec 6 febbraio, inaugurazione dei Giochi olimpici e paralimpici invernali Milano Cortina 2026 Nello spazio tra i giardini di piazza dei Martiri \u00e8 stato installato un maxischermo per consentire ai cittadini di seguire le principali gare dei Giochi in compagnia. L\u2019installazione sar\u00e0 corredata da un secondo ledwall con il programma delle competizioni trasmesse e [&hellip;]","og_url":"https:\/\/www.bellunopress.it\/fr\/2026\/02\/05\/olimpiadi-la-cerimonia-di-apertura-in-diretta-anche-sul-maxi-schermo-in-piazza-dei-martiri\/","og_site_name":"Bellunopress - Dolomiti","article_publisher":"https:\/\/www.facebook.com\/profile.php?id=100008943462799","article_published_time":"2026-02-05T17:41:19+00:00","article_modified_time":"2026-02-05T21:26:50+00:00","og_image":[{"width":600,"height":449,"url":"https:\/\/www.bellunopress.it\/wp-content\/uploads\/2026\/02\/maxi-schermo-olimpiadi-centro-belluno.jpg","type":"image\/jpeg"}],"author":"redazione","twitter_card":"summary_large_image","twitter_creator":"@bellunopress","twitter_site":"@bellunopress","twitter_misc":{"\u00c9crit par":"redazione","Dur\u00e9e de lecture estim\u00e9e":"4 minutes"},"schema":{"@context":"https:\/\/schema.org","@graph":[{"@type":"Article","@id":"https:\/\/www.bellunopress.it\/2026\/02\/05\/olimpiadi-la-cerimonia-di-apertura-in-diretta-anche-sul-maxi-schermo-in-piazza-dei-martiri\/#article","isPartOf":{"@id":"https:\/\/www.bellunopress.it\/2026\/02\/05\/olimpiadi-la-cerimonia-di-apertura-in-diretta-anche-sul-maxi-schermo-in-piazza-dei-martiri\/"},"author":{"name":"redazione","@id":"https:\/\/www.bellunopress.it\/#\/schema\/person\/79bb06722b37ece1c03d3e94beb30d73"},"headline":"Olimpiadi. La cerimonia di apertura in diretta anche sul maxi schermo in piazza dei Martiri","datePublished":"2026-02-05T17:41:19+00:00","dateModified":"2026-02-05T21:26:50+00:00","mainEntityOfPage":{"@id":"https:\/\/www.bellunopress.it\/2026\/02\/05\/olimpiadi-la-cerimonia-di-apertura-in-diretta-anche-sul-maxi-schermo-in-piazza-dei-martiri\/"},"wordCount":724,"publisher":{"@id":"https:\/\/www.bellunopress.it\/#organization"},"image":{"@id":"https:\/\/www.bellunopress.it\/2026\/02\/05\/olimpiadi-la-cerimonia-di-apertura-in-diretta-anche-sul-maxi-schermo-in-piazza-dei-martiri\/#primaryimage"},"thumbnailUrl":"https:\/\/www.bellunopress.it\/wp-content\/uploads\/2026\/02\/maxi-schermo-olimpiadi-centro-belluno.jpg","articleSection":["Appuntamenti, Eventi","Featured"],"inLanguage":"fr-FR"},{"@type":"WebPage","@id":"https:\/\/www.bellunopress.it\/2026\/02\/05\/olimpiadi-la-cerimonia-di-apertura-in-diretta-anche-sul-maxi-schermo-in-piazza-dei-martiri\/","url":"https:\/\/www.bellunopress.it\/2026\/02\/05\/olimpiadi-la-cerimonia-di-apertura-in-diretta-anche-sul-maxi-schermo-in-piazza-dei-martiri\/","name":"Olimpiadi. La cerimonia di apertura in diretta anche sul maxi schermo in piazza dei Martiri - Bellunopress - Dolomiti","isPartOf":{"@id":"https:\/\/www.bellunopress.it\/#website"},"primaryImageOfPage":{"@id":"https:\/\/www.bellunopress.it\/2026\/02\/05\/olimpiadi-la-cerimonia-di-apertura-in-diretta-anche-sul-maxi-schermo-in-piazza-dei-martiri\/#primaryimage"},"image":{"@id":"https:\/\/www.bellunopress.it\/2026\/02\/05\/olimpiadi-la-cerimonia-di-apertura-in-diretta-anche-sul-maxi-schermo-in-piazza-dei-martiri\/#primaryimage"},"thumbnailUrl":"https:\/\/www.bellunopress.it\/wp-content\/uploads\/2026\/02\/maxi-schermo-olimpiadi-centro-belluno.jpg","datePublished":"2026-02-05T17:41:19+00:00","dateModified":"2026-02-05T21:26:50+00:00","breadcrumb":{"@id":"https:\/\/www.bellunopress.it\/2026\/02\/05\/olimpiadi-la-cerimonia-di-apertura-in-diretta-anche-sul-maxi-schermo-in-piazza-dei-martiri\/#breadcrumb"},"inLanguage":"fr-FR","potentialAction":[{"@type":"ReadAction","target":["https:\/\/www.bellunopress.it\/2026\/02\/05\/olimpiadi-la-cerimonia-di-apertura-in-diretta-anche-sul-maxi-schermo-in-piazza-dei-martiri\/"]}]},{"@type":"ImageObject","inLanguage":"fr-FR","@id":"https:\/\/www.bellunopress.it\/2026\/02\/05\/olimpiadi-la-cerimonia-di-apertura-in-diretta-anche-sul-maxi-schermo-in-piazza-dei-martiri\/#primaryimage","url":"https:\/\/www.bellunopress.it\/wp-content\/uploads\/2026\/02\/maxi-schermo-olimpiadi-centro-belluno.jpg","contentUrl":"https:\/\/www.bellunopress.it\/wp-content\/uploads\/2026\/02\/maxi-schermo-olimpiadi-centro-belluno.jpg","width":600,"height":449},{"@type":"BreadcrumbList","@id":"https:\/\/www.bellunopress.it\/2026\/02\/05\/olimpiadi-la-cerimonia-di-apertura-in-diretta-anche-sul-maxi-schermo-in-piazza-dei-martiri\/#breadcrumb","itemListElement":[{"@type":"ListItem","position":1,"name":"Home","item":"https:\/\/www.bellunopress.it\/"},{"@type":"ListItem","position":2,"name":"Olimpiadi. La cerimonia di apertura in diretta anche sul maxi schermo in piazza dei Martiri"}]},{"@type":"WebSite","@id":"https:\/\/www.bellunopress.it\/#website","url":"https:\/\/www.bellunopress.it\/","name":"Bellunopress - Dolomiti","description":"e-mail: redazione@bellunopress.it","publisher":{"@id":"https:\/\/www.bellunopress.it\/#organization"},"potentialAction":[{"@type":"SearchAction","target":{"@type":"EntryPoint","urlTemplate":"https:\/\/www.bellunopress.it\/?s={search_term_string}"},"query-input":{"@type":"PropertyValueSpecification","valueRequired":true,"valueName":"search_term_string"}}],"inLanguage":"fr-FR"},{"@type":"Organization","@id":"https:\/\/www.bellunopress.it\/#organization","name":"Bellunopress","url":"https:\/\/www.bellunopress.it\/","logo":{"@type":"ImageObject","inLanguage":"fr-FR","@id":"https:\/\/www.bellunopress.it\/#\/schema\/logo\/image\/","url":"https:\/\/www.bellunopress.it\/wp-content\/uploads\/2011\/05\/cropped-logo-bellunopress-.jpg","contentUrl":"https:\/\/www.bellunopress.it\/wp-content\/uploads\/2011\/05\/cropped-logo-bellunopress-.jpg","width":512,"height":512,"caption":"Bellunopress"},"image":{"@id":"https:\/\/www.bellunopress.it\/#\/schema\/logo\/image\/"},"sameAs":["https:\/\/www.facebook.com\/profile.php?id=100008943462799","https:\/\/x.com\/bellunopress","https:\/\/www.linkedin.com\/hp\/?dnr=JBzUWaJfMUw8vbXJJ2tVW5-I3jZKvC4wsoxE&amp;amp;amp;amp;amp;amp;trk=nav_responsive_tab_home","https:\/\/www.youtube.com\/channel\/UCxL0wu1uN0_3_7hGG0306cw"]},{"@type":"Person","@id":"https:\/\/www.bellunopress.it\/#\/schema\/person\/79bb06722b37ece1c03d3e94beb30d73","name":"r\u00e9daction","image":{"@type":"ImageObject","inLanguage":"fr-FR","@id":"https:\/\/secure.gravatar.com\/avatar\/37d968a2e67a6fd04c169c4bdef102d0bc5d31b2546345219e348575eb80e9a0?s=96&d=mm&r=g","url":"https:\/\/secure.gravatar.com\/avatar\/37d968a2e67a6fd04c169c4bdef102d0bc5d31b2546345219e348575eb80e9a0?s=96&d=mm&r=g","contentUrl":"https:\/\/secure.gravatar.com\/avatar\/37d968a2e67a6fd04c169c4bdef102d0bc5d31b2546345219e348575eb80e9a0?s=96&d=mm&r=g","caption":"redazione"},"sameAs":["http:\/\/www.bellunopress.it","https:\/\/x.com\/bellunopress"],"url":"https:\/\/www.bellunopress.it\/fr\/author\/redazione\/"}]}},"_links":{"self":[{"href":"https:\/\/www.bellunopress.it\/fr\/wp-json\/wp\/v2\/posts\/167189","targetHints":{"allow":["GET"]}}],"collection":[{"href":"https:\/\/www.bellunopress.it\/fr\/wp-json\/wp\/v2\/posts"}],"about":[{"href":"https:\/\/www.bellunopress.it\/fr\/wp-json\/wp\/v2\/types\/post"}],"author":[{"embeddable":true,"href":"https:\/\/www.bellunopress.it\/fr\/wp-json\/wp\/v2\/users\/2"}],"replies":[{"embeddable":true,"href":"https:\/\/www.bellunopress.it\/fr\/wp-json\/wp\/v2\/comments?post=167189"}],"version-history":[{"count":1,"href":"https:\/\/www.bellunopress.it\/fr\/wp-json\/wp\/v2\/posts\/167189\/revisions"}],"predecessor-version":[{"id":167192,"href":"https:\/\/www.bellunopress.it\/fr\/wp-json\/wp\/v2\/posts\/167189\/revisions\/167192"}],"wp:featuredmedia":[{"embeddable":true,"href":"https:\/\/www.bellunopress.it\/fr\/wp-json\/wp\/v2\/media\/167191"}],"wp:attachment":[{"href":"https:\/\/www.bellunopress.it\/fr\/wp-json\/wp\/v2\/media?parent=167189"}],"wp:term":[{"taxonomy":"category","embeddable":true,"href":"https:\/\/www.bellunopress.it\/fr\/wp-json\/wp\/v2\/categories?post=167189"},{"taxonomy":"post_tag","embeddable":true,"href":"https:\/\/www.bellunopress.it\/fr\/wp-json\/wp\/v2\/tags?post=167189"}],"curies":[{"name":"wp","href":"https:\/\/api.w.org\/{rel}","templated":true}]}}