{"id":167182,"date":"2026-02-05T12:25:10","date_gmt":"2026-02-05T11:25:10","guid":{"rendered":"https:\/\/www.bellunopress.it\/?p=167182"},"modified":"2026-02-05T14:35:59","modified_gmt":"2026-02-05T13:35:59","slug":"il-dispositivo-dellarma-dei-carabinieri-nel-cluster-olimpico-di-cortina-dampezzo","status":"publish","type":"post","link":"https:\/\/www.bellunopress.it\/fr\/2026\/02\/05\/il-dispositivo-dellarma-dei-carabinieri-nel-cluster-olimpico-di-cortina-dampezzo\/","title":{"rendered":"L\u2019Arma dei Carabinieri nel cluster olimpico di Cortina d\u2019Ampezzo"},"content":{"rendered":"<p>L\u2019Arma dei Carabinieri, in occasione delle Olimpiadi e Paralimpiadi invernali, ha schierato numerosi e diversificati assetti di rinforzo, per un totale di circa 300 unit\u00e0 provenienti da tutt\u2019Italia, in aggiunta ai militari che vengono quotidianamente espressi dal Comando Provinciale di Belluno attraverso le articolazioni dipendenti, tra le quali, in particolare, la Compagnia di Cortina d\u2019Ampezzo.<\/p>\n<p>Nel quadro del dispositivo interforze disposto dal Dipartimento della P.S. (composto da appartenenti alla Polizia di Stato, militari dell\u2019Arma e della Guardia di Finanza), ci sono Carabinieri provenienti da Tenenze e Stazioni di ogni parte del Paese che svolgono:<br \/>\nservizi di vigilanza fissa presso le venue olimpiche e nei luoghi simbolo dei Giochi Olimpici;<br \/>\nservizi di pattugliamento appiedato nel centro cittadino, espressione pi\u00f9 immediata della prossimit\u00e0 alla comunit\u00e0 locale, ai visitatori e a tutte le persone che in questo periodo popolano la cittadina ampezzana;<br \/>\nservizi di vigilanza automontata, che pattugliano costantemente i perimetri delle \u201czone rosse\u201d e presidiano le strade che attraversano la \u201czone gialla\u201d.<\/p>\n<p>Per quanto attiene alle specialit\u00e0, sono presenti militari dell\u2019Arma specializzati in tutti i settori d\u2019interesse per un evento di questa portata:<br \/>\nCarabinieri delle Squadre di Intervento Operativo (S.I.O.), con il compito di presidiare le arterie extraurbane verso\/da Cortina d\u2019Ampezzo.<br \/>\nCarabinieri della Squadre Operative di Supporto (S.O.S.), dotati di equipaggiamenti speciali e altamente addestrati per assicurare il primo intervento in situazione ad alto rischio, anche di natura terroristica.<br \/>\nCarabinieri del Gruppo di Intervento Speciale (G.I.S.), ossia la \u201cForza speciale\u201d italiana prescelta per questo evento, in quanto reparto d\u2019\u00e9lite, noto in tutto il mondo per le elevate capacit\u00e0 nell\u2019affrontare operazioni ad altissimo rischio, quali la liberazione di ostaggi e la cattura di soggetti pericolosi armati. La presenza dei militari del G.I.S. a Cortina sar\u00e0 non invasiva e discreta &#8211; per non dire invisibile &#8211; anche al fine di tutelare la riservatezza delle operazioni e l\u2019identit\u00e0 degli operatori.<br \/>\nCarabinieri dei Nuclei Investigativi\/Informativi, che operano in abiti civili con compiti info-investigativi. Tra loro vi sono anche militari \u201cnegoziatori\u201d e specializzati nei sopralluoghi.<br \/>\nCarabinieri dei Nuclei Scorte, per garantire la sicurezza di Autorit\u00e0 e Dignitari stranieri esposti a rischio.<br \/>\nCarabinieri Tiratori scelti, dotati di armi di precisone e altamente addestrati al tiro da lunghe distanze.<br \/>\nCarabinieri Artificieri\/antisabotaggio e Cinofili antiesplosivo (con tre cani: 2 Pastori tedeschi e 1 Malinois), che garantiscono la bonifica dei siti di gara e, all\u2019occorrenza, sono pronti a disinnescare eventuali ordigni.<br \/>\nCarabinieri dei Reggimenti e Battaglioni dell\u2019Organizzane Mobile, articolati in squadre per l\u2019ordine pubblico, equipaggiati e addestrati per prevenire, contenere e sedare eventuali disordini e turbative dell\u2019ordine pubblico.<br \/>\nCarabinieri addetti alle Centrali, che operano insieme alle altre FF.PP. nell\u2019ambito della Sala Operativa Interforze (S.O.I.) attivata a Belluno e che, soprattutto, rinforzano le Centrali Operative Arma di Cortina e Belluno, per garantire standard di massima efficienza al servizio di risposta al numero di emergenza \u201c112\u201d che, a seguito del grande evento, sta registrando un fisiologico aumento di chiamate da parte dei cittadini.<br \/>\nCarabinieri Sciatori, i quali assicurano sia i servizi di vigilanza nei comprensori olimpici e in quelli circostanti a bordo di motoslitte, sia il servizio di soccorso piste (anche in favore degli atleti) attraverso team facenti parte integrate dell\u2019apparato di soccorso predisposto per il grande evento dal Sistema Sanitario regionale e locale. Analogamente, i Carabinieri rocciatori garantiranno sia il soccorso sanitario in occasione delle competizioni sulla pista da bob\/slittino\/skeleton, sia un servizio di polizia e di pronto impiego nei comprensori circostanti la zona olimpica.<br \/>\nCarabinieri del Servizio Aereo che, per l\u2019occasione, hanno schierato un AW139, elicottero capofila della flotta ad elica dell\u2019Arma, prodotto da Leonardo s.p.a., dotato di sofisticati e moderni equipaggiamenti, tra cui un sistema elivideo in grado di trasmettere videoriprese dall\u2019alto alle centrali di tutte le FF.PP.<\/p>\n<p>Tale manovra, ossia la movimentazione nel cluster di Cortina di Carabinieri da tutt\u2019Italia (anche dal Sud e dalle Isole) \u00e8 stata preceduta da accurate pianificazioni operative e logistiche, svolte sin dal 2024 dal Comando Generale di Roma e dalla Legione \u201cVeneto\u201d di Padova, affinch\u00e9 i militari di rinforzo giungessero perfettamente equipaggiati di vestiario e mezzi idonei agli scenari innevati ampezzani, per taluni completamente diversi da quelli di provenienza. C\u2019\u00e8 stata e c\u2019\u00e8 una scrupolosa attenzione alle dotazioni di ogni tipo fornite al personale di rinforzo (dal vestiario da neve, agli occhiali da sole, alle creme protettive per gli sciatori e rocciatori, al carro ristoro che porta caff\u00e8\/the caldo ai Carabinieri che lavorano di notte).<\/p>\n<p>Pi\u00f9 in generale, si \u00e8 trattato di una manovra orientata a una policy istituzionale secondo cui il grande evento non deve incidere sull\u2019efficienza\/efficacia delle attivit\u00e0 che i Carabinieri del luogo svolgono quotidianamente a favore delle comunit\u00e0 della provincia bellunese. E in effetti, l\u2019Arma territoriale, attraverso i propri presidi, sta continuando a garantire &#8211; in misura accresciuta &#8211; gli ordinari servizi di controllo del territorio, di prevenzione\/repressione dei reati e di prossimit\u00e0 alle comunit\u00e0, adoperandosi affinch\u00e9 i residenti nell\u2019area delle Olimpiadi risentano il meno possibile di eventuali disagi, mentre quelli che abitano nei borghi pi\u00f9 isolati e lontani dal grande evento avvertano sempre e comunque la concreta vicinanza dello Stato.<\/p>\n<p>In tal senso, il N.O.R.M. e le 8 Stazioni dipendenti dalla Compagnia di Cortina d\u2019Ampezzo (Cortina, San Vito di C., Pieve di C., Vigo di C., Auronzo di C., Santo Stefano di C., Caprile Bellunese, Arabba), oltre al quotidiano servizio di ricezione del pubblico presso le caserme, stanno esprimendo in media 15 pattuglie al giorno.<\/p>\n<p>In ultimo, e non certo per importanza, va sottolineato che anche i Carabinieri dell\u2019Organizzazione Forestale, in particolare dei Nuclei di Cortina, Auronzo di C., Santo Stefano di C. e Caprile, stanno contribuendo al dispositivo di sicurezza olimpico e al mantenimento dell\u2019efficienza dei servizi ordinari, impiegando i propri militari sciatori, disponendo rafforzati pattugliamenti per la tutela ambientale, a difesa della biodiversit\u00e0 e del patrimonio paesaggistico delle Dolomiti, nonch\u00e9 svolgendo le preziosissime rilevazioni meteonivometriche per la pubblicazione giornaliera del bollettino di Previsione pericolo valanghe.<\/p>","protected":false},"excerpt":{"rendered":"<p>L\u2019Arma dei Carabinieri, in occasione delle Olimpiadi e Paralimpiadi invernali, ha schierato numerosi e diversificati assetti di rinforzo, per un totale di circa 300 unit\u00e0 provenienti da tutt\u2019Italia, in aggiunta ai militari che vengono quotidianamente espressi dal Comando Provinciale di Belluno attraverso le articolazioni dipendenti, tra le quali, in particolare, la Compagnia di Cortina d\u2019Ampezzo. [&hellip;]<\/p>\n","protected":false},"author":2,"featured_media":167183,"comment_status":"closed","ping_status":"open","sticky":false,"template":"","format":"standard","meta":{"footnotes":""},"categories":[8],"tags":[],"class_list":["post-167182","post","type-post","status-publish","format-standard","has-post-thumbnail","category-societa-istituzioni"],"yoast_head":"<!-- This site is optimized with the Yoast SEO plugin v28.4 - https:\/\/yoast.com\/product\/yoast-seo-wordpress\/ -->\n<title>L\u2019Arma dei Carabinieri nel cluster olimpico di Cortina d\u2019Ampezzo - Bellunopress - Dolomiti<\/title>\n<meta name=\"robots\" content=\"index, follow, max-snippet:-1, max-image-preview:large, max-video-preview:-1\" \/>\n<link rel=\"canonical\" href=\"https:\/\/www.bellunopress.it\/fr\/2026\/02\/05\/il-dispositivo-dellarma-dei-carabinieri-nel-cluster-olimpico-di-cortina-dampezzo\/\" \/>\n<meta property=\"og:locale\" content=\"fr_FR\" \/>\n<meta property=\"og:type\" content=\"article\" \/>\n<meta property=\"og:title\" content=\"L\u2019Arma dei Carabinieri nel cluster olimpico di Cortina d\u2019Ampezzo - Bellunopress - Dolomiti\" \/>\n<meta property=\"og:description\" content=\"L\u2019Arma dei Carabinieri, in occasione delle Olimpiadi e Paralimpiadi invernali, ha schierato numerosi e diversificati assetti di rinforzo, per un totale di circa 300 unit\u00e0 provenienti da tutt\u2019Italia, in aggiunta ai militari che vengono quotidianamente espressi dal Comando Provinciale di Belluno attraverso le articolazioni dipendenti, tra le quali, in particolare, la Compagnia di Cortina d\u2019Ampezzo. [&hellip;]\" \/>\n<meta property=\"og:url\" content=\"https:\/\/www.bellunopress.it\/fr\/2026\/02\/05\/il-dispositivo-dellarma-dei-carabinieri-nel-cluster-olimpico-di-cortina-dampezzo\/\" \/>\n<meta property=\"og:site_name\" content=\"Bellunopress - Dolomiti\" \/>\n<meta property=\"article:publisher\" content=\"https:\/\/www.facebook.com\/profile.php?id=100008943462799\" \/>\n<meta property=\"article:published_time\" content=\"2026-02-05T11:25:10+00:00\" \/>\n<meta property=\"article:modified_time\" content=\"2026-02-05T13:35:59+00:00\" \/>\n<meta property=\"og:image\" content=\"https:\/\/www.bellunopress.it\/wp-content\/uploads\/2026\/02\/Carabinieri-a-Cortina-per-Olimpiadi.jpg\" \/>\n\t<meta property=\"og:image:width\" content=\"575\" \/>\n\t<meta property=\"og:image:height\" content=\"389\" \/>\n\t<meta property=\"og:image:type\" content=\"image\/jpeg\" \/>\n<meta name=\"author\" content=\"redazione\" \/>\n<meta name=\"twitter:card\" content=\"summary_large_image\" \/>\n<meta name=\"twitter:creator\" content=\"@bellunopress\" \/>\n<meta name=\"twitter:site\" content=\"@bellunopress\" \/>\n<meta name=\"twitter:label1\" content=\"\u00c9crit par\" \/>\n\t<meta name=\"twitter:data1\" content=\"redazione\" \/>\n\t<meta name=\"twitter:label2\" content=\"Dur\u00e9e de lecture estim\u00e9e\" \/>\n\t<meta name=\"twitter:data2\" content=\"5 minutes\" \/>\n<script type=\"application\/ld+json\" class=\"yoast-schema-graph\">{\"@context\":\"https:\\\/\\\/schema.org\",\"@graph\":[{\"@type\":\"Article\",\"@id\":\"https:\\\/\\\/www.bellunopress.it\\\/2026\\\/02\\\/05\\\/il-dispositivo-dellarma-dei-carabinieri-nel-cluster-olimpico-di-cortina-dampezzo\\\/#article\",\"isPartOf\":{\"@id\":\"https:\\\/\\\/www.bellunopress.it\\\/2026\\\/02\\\/05\\\/il-dispositivo-dellarma-dei-carabinieri-nel-cluster-olimpico-di-cortina-dampezzo\\\/\"},\"author\":{\"name\":\"redazione\",\"@id\":\"https:\\\/\\\/www.bellunopress.it\\\/#\\\/schema\\\/person\\\/79bb06722b37ece1c03d3e94beb30d73\"},\"headline\":\"L\u2019Arma dei Carabinieri nel cluster olimpico di Cortina d\u2019Ampezzo\",\"datePublished\":\"2026-02-05T11:25:10+00:00\",\"dateModified\":\"2026-02-05T13:35:59+00:00\",\"mainEntityOfPage\":{\"@id\":\"https:\\\/\\\/www.bellunopress.it\\\/2026\\\/02\\\/05\\\/il-dispositivo-dellarma-dei-carabinieri-nel-cluster-olimpico-di-cortina-dampezzo\\\/\"},\"wordCount\":1022,\"publisher\":{\"@id\":\"https:\\\/\\\/www.bellunopress.it\\\/#organization\"},\"image\":{\"@id\":\"https:\\\/\\\/www.bellunopress.it\\\/2026\\\/02\\\/05\\\/il-dispositivo-dellarma-dei-carabinieri-nel-cluster-olimpico-di-cortina-dampezzo\\\/#primaryimage\"},\"thumbnailUrl\":\"https:\\\/\\\/www.bellunopress.it\\\/wp-content\\\/uploads\\\/2026\\\/02\\\/Carabinieri-a-Cortina-per-Olimpiadi.jpg\",\"articleSection\":[\"Societ\u00e0, Associazioni, Istituzioni\"],\"inLanguage\":\"fr-FR\"},{\"@type\":\"WebPage\",\"@id\":\"https:\\\/\\\/www.bellunopress.it\\\/2026\\\/02\\\/05\\\/il-dispositivo-dellarma-dei-carabinieri-nel-cluster-olimpico-di-cortina-dampezzo\\\/\",\"url\":\"https:\\\/\\\/www.bellunopress.it\\\/2026\\\/02\\\/05\\\/il-dispositivo-dellarma-dei-carabinieri-nel-cluster-olimpico-di-cortina-dampezzo\\\/\",\"name\":\"L\u2019Arma dei Carabinieri nel cluster olimpico di Cortina d\u2019Ampezzo - Bellunopress - Dolomiti\",\"isPartOf\":{\"@id\":\"https:\\\/\\\/www.bellunopress.it\\\/#website\"},\"primaryImageOfPage\":{\"@id\":\"https:\\\/\\\/www.bellunopress.it\\\/2026\\\/02\\\/05\\\/il-dispositivo-dellarma-dei-carabinieri-nel-cluster-olimpico-di-cortina-dampezzo\\\/#primaryimage\"},\"image\":{\"@id\":\"https:\\\/\\\/www.bellunopress.it\\\/2026\\\/02\\\/05\\\/il-dispositivo-dellarma-dei-carabinieri-nel-cluster-olimpico-di-cortina-dampezzo\\\/#primaryimage\"},\"thumbnailUrl\":\"https:\\\/\\\/www.bellunopress.it\\\/wp-content\\\/uploads\\\/2026\\\/02\\\/Carabinieri-a-Cortina-per-Olimpiadi.jpg\",\"datePublished\":\"2026-02-05T11:25:10+00:00\",\"dateModified\":\"2026-02-05T13:35:59+00:00\",\"breadcrumb\":{\"@id\":\"https:\\\/\\\/www.bellunopress.it\\\/2026\\\/02\\\/05\\\/il-dispositivo-dellarma-dei-carabinieri-nel-cluster-olimpico-di-cortina-dampezzo\\\/#breadcrumb\"},\"inLanguage\":\"fr-FR\",\"potentialAction\":[{\"@type\":\"ReadAction\",\"target\":[\"https:\\\/\\\/www.bellunopress.it\\\/2026\\\/02\\\/05\\\/il-dispositivo-dellarma-dei-carabinieri-nel-cluster-olimpico-di-cortina-dampezzo\\\/\"]}]},{\"@type\":\"ImageObject\",\"inLanguage\":\"fr-FR\",\"@id\":\"https:\\\/\\\/www.bellunopress.it\\\/2026\\\/02\\\/05\\\/il-dispositivo-dellarma-dei-carabinieri-nel-cluster-olimpico-di-cortina-dampezzo\\\/#primaryimage\",\"url\":\"https:\\\/\\\/www.bellunopress.it\\\/wp-content\\\/uploads\\\/2026\\\/02\\\/Carabinieri-a-Cortina-per-Olimpiadi.jpg\",\"contentUrl\":\"https:\\\/\\\/www.bellunopress.it\\\/wp-content\\\/uploads\\\/2026\\\/02\\\/Carabinieri-a-Cortina-per-Olimpiadi.jpg\",\"width\":575,\"height\":389},{\"@type\":\"BreadcrumbList\",\"@id\":\"https:\\\/\\\/www.bellunopress.it\\\/2026\\\/02\\\/05\\\/il-dispositivo-dellarma-dei-carabinieri-nel-cluster-olimpico-di-cortina-dampezzo\\\/#breadcrumb\",\"itemListElement\":[{\"@type\":\"ListItem\",\"position\":1,\"name\":\"Home\",\"item\":\"https:\\\/\\\/www.bellunopress.it\\\/\"},{\"@type\":\"ListItem\",\"position\":2,\"name\":\"L\u2019Arma dei Carabinieri nel cluster olimpico di Cortina d\u2019Ampezzo\"}]},{\"@type\":\"WebSite\",\"@id\":\"https:\\\/\\\/www.bellunopress.it\\\/#website\",\"url\":\"https:\\\/\\\/www.bellunopress.it\\\/\",\"name\":\"Bellunopress - Dolomiti\",\"description\":\"e-mail: redazione@bellunopress.it\",\"publisher\":{\"@id\":\"https:\\\/\\\/www.bellunopress.it\\\/#organization\"},\"potentialAction\":[{\"@type\":\"SearchAction\",\"target\":{\"@type\":\"EntryPoint\",\"urlTemplate\":\"https:\\\/\\\/www.bellunopress.it\\\/?s={search_term_string}\"},\"query-input\":{\"@type\":\"PropertyValueSpecification\",\"valueRequired\":true,\"valueName\":\"search_term_string\"}}],\"inLanguage\":\"fr-FR\"},{\"@type\":\"Organization\",\"@id\":\"https:\\\/\\\/www.bellunopress.it\\\/#organization\",\"name\":\"Bellunopress\",\"url\":\"https:\\\/\\\/www.bellunopress.it\\\/\",\"logo\":{\"@type\":\"ImageObject\",\"inLanguage\":\"fr-FR\",\"@id\":\"https:\\\/\\\/www.bellunopress.it\\\/#\\\/schema\\\/logo\\\/image\\\/\",\"url\":\"https:\\\/\\\/www.bellunopress.it\\\/wp-content\\\/uploads\\\/2011\\\/05\\\/cropped-logo-bellunopress-.jpg\",\"contentUrl\":\"https:\\\/\\\/www.bellunopress.it\\\/wp-content\\\/uploads\\\/2011\\\/05\\\/cropped-logo-bellunopress-.jpg\",\"width\":512,\"height\":512,\"caption\":\"Bellunopress\"},\"image\":{\"@id\":\"https:\\\/\\\/www.bellunopress.it\\\/#\\\/schema\\\/logo\\\/image\\\/\"},\"sameAs\":[\"https:\\\/\\\/www.facebook.com\\\/profile.php?id=100008943462799\",\"https:\\\/\\\/x.com\\\/bellunopress\",\"https:\\\/\\\/www.linkedin.com\\\/hp\\\/?dnr=JBzUWaJfMUw8vbXJJ2tVW5-I3jZKvC4wsoxE&amp;amp;amp;amp;amp;amp;trk=nav_responsive_tab_home\",\"https:\\\/\\\/www.youtube.com\\\/channel\\\/UCxL0wu1uN0_3_7hGG0306cw\"]},{\"@type\":\"Person\",\"@id\":\"https:\\\/\\\/www.bellunopress.it\\\/#\\\/schema\\\/person\\\/79bb06722b37ece1c03d3e94beb30d73\",\"name\":\"redazione\",\"image\":{\"@type\":\"ImageObject\",\"inLanguage\":\"fr-FR\",\"@id\":\"https:\\\/\\\/secure.gravatar.com\\\/avatar\\\/37d968a2e67a6fd04c169c4bdef102d0bc5d31b2546345219e348575eb80e9a0?s=96&d=mm&r=g\",\"url\":\"https:\\\/\\\/secure.gravatar.com\\\/avatar\\\/37d968a2e67a6fd04c169c4bdef102d0bc5d31b2546345219e348575eb80e9a0?s=96&d=mm&r=g\",\"contentUrl\":\"https:\\\/\\\/secure.gravatar.com\\\/avatar\\\/37d968a2e67a6fd04c169c4bdef102d0bc5d31b2546345219e348575eb80e9a0?s=96&d=mm&r=g\",\"caption\":\"redazione\"},\"sameAs\":[\"http:\\\/\\\/www.bellunopress.it\",\"https:\\\/\\\/x.com\\\/bellunopress\"],\"url\":\"https:\\\/\\\/www.bellunopress.it\\\/fr\\\/author\\\/redazione\\\/\"}]}<\/script>\n<!-- \/ Yoast SEO plugin. -->","yoast_head_json":{"title":"L\u2019Arma dei Carabinieri nel cluster olimpico di Cortina d\u2019Ampezzo - Bellunopress - Dolomiti","robots":{"index":"index","follow":"follow","max-snippet":"max-snippet:-1","max-image-preview":"max-image-preview:large","max-video-preview":"max-video-preview:-1"},"canonical":"https:\/\/www.bellunopress.it\/fr\/2026\/02\/05\/il-dispositivo-dellarma-dei-carabinieri-nel-cluster-olimpico-di-cortina-dampezzo\/","og_locale":"fr_FR","og_type":"article","og_title":"L\u2019Arma dei Carabinieri nel cluster olimpico di Cortina d\u2019Ampezzo - Bellunopress - Dolomiti","og_description":"L\u2019Arma dei Carabinieri, in occasione delle Olimpiadi e Paralimpiadi invernali, ha schierato numerosi e diversificati assetti di rinforzo, per un totale di circa 300 unit\u00e0 provenienti da tutt\u2019Italia, in aggiunta ai militari che vengono quotidianamente espressi dal Comando Provinciale di Belluno attraverso le articolazioni dipendenti, tra le quali, in particolare, la Compagnia di Cortina d\u2019Ampezzo. [&hellip;]","og_url":"https:\/\/www.bellunopress.it\/fr\/2026\/02\/05\/il-dispositivo-dellarma-dei-carabinieri-nel-cluster-olimpico-di-cortina-dampezzo\/","og_site_name":"Bellunopress - Dolomiti","article_publisher":"https:\/\/www.facebook.com\/profile.php?id=100008943462799","article_published_time":"2026-02-05T11:25:10+00:00","article_modified_time":"2026-02-05T13:35:59+00:00","og_image":[{"width":575,"height":389,"url":"https:\/\/www.bellunopress.it\/wp-content\/uploads\/2026\/02\/Carabinieri-a-Cortina-per-Olimpiadi.jpg","type":"image\/jpeg"}],"author":"redazione","twitter_card":"summary_large_image","twitter_creator":"@bellunopress","twitter_site":"@bellunopress","twitter_misc":{"\u00c9crit par":"redazione","Dur\u00e9e de lecture estim\u00e9e":"5 minutes"},"schema":{"@context":"https:\/\/schema.org","@graph":[{"@type":"Article","@id":"https:\/\/www.bellunopress.it\/2026\/02\/05\/il-dispositivo-dellarma-dei-carabinieri-nel-cluster-olimpico-di-cortina-dampezzo\/#article","isPartOf":{"@id":"https:\/\/www.bellunopress.it\/2026\/02\/05\/il-dispositivo-dellarma-dei-carabinieri-nel-cluster-olimpico-di-cortina-dampezzo\/"},"author":{"name":"redazione","@id":"https:\/\/www.bellunopress.it\/#\/schema\/person\/79bb06722b37ece1c03d3e94beb30d73"},"headline":"L\u2019Arma dei Carabinieri nel cluster olimpico di Cortina d\u2019Ampezzo","datePublished":"2026-02-05T11:25:10+00:00","dateModified":"2026-02-05T13:35:59+00:00","mainEntityOfPage":{"@id":"https:\/\/www.bellunopress.it\/2026\/02\/05\/il-dispositivo-dellarma-dei-carabinieri-nel-cluster-olimpico-di-cortina-dampezzo\/"},"wordCount":1022,"publisher":{"@id":"https:\/\/www.bellunopress.it\/#organization"},"image":{"@id":"https:\/\/www.bellunopress.it\/2026\/02\/05\/il-dispositivo-dellarma-dei-carabinieri-nel-cluster-olimpico-di-cortina-dampezzo\/#primaryimage"},"thumbnailUrl":"https:\/\/www.bellunopress.it\/wp-content\/uploads\/2026\/02\/Carabinieri-a-Cortina-per-Olimpiadi.jpg","articleSection":["Societ\u00e0, Associazioni, Istituzioni"],"inLanguage":"fr-FR"},{"@type":"WebPage","@id":"https:\/\/www.bellunopress.it\/2026\/02\/05\/il-dispositivo-dellarma-dei-carabinieri-nel-cluster-olimpico-di-cortina-dampezzo\/","url":"https:\/\/www.bellunopress.it\/2026\/02\/05\/il-dispositivo-dellarma-dei-carabinieri-nel-cluster-olimpico-di-cortina-dampezzo\/","name":"L\u2019Arma dei Carabinieri nel cluster olimpico di Cortina d\u2019Ampezzo - Bellunopress - Dolomiti","isPartOf":{"@id":"https:\/\/www.bellunopress.it\/#website"},"primaryImageOfPage":{"@id":"https:\/\/www.bellunopress.it\/2026\/02\/05\/il-dispositivo-dellarma-dei-carabinieri-nel-cluster-olimpico-di-cortina-dampezzo\/#primaryimage"},"image":{"@id":"https:\/\/www.bellunopress.it\/2026\/02\/05\/il-dispositivo-dellarma-dei-carabinieri-nel-cluster-olimpico-di-cortina-dampezzo\/#primaryimage"},"thumbnailUrl":"https:\/\/www.bellunopress.it\/wp-content\/uploads\/2026\/02\/Carabinieri-a-Cortina-per-Olimpiadi.jpg","datePublished":"2026-02-05T11:25:10+00:00","dateModified":"2026-02-05T13:35:59+00:00","breadcrumb":{"@id":"https:\/\/www.bellunopress.it\/2026\/02\/05\/il-dispositivo-dellarma-dei-carabinieri-nel-cluster-olimpico-di-cortina-dampezzo\/#breadcrumb"},"inLanguage":"fr-FR","potentialAction":[{"@type":"ReadAction","target":["https:\/\/www.bellunopress.it\/2026\/02\/05\/il-dispositivo-dellarma-dei-carabinieri-nel-cluster-olimpico-di-cortina-dampezzo\/"]}]},{"@type":"ImageObject","inLanguage":"fr-FR","@id":"https:\/\/www.bellunopress.it\/2026\/02\/05\/il-dispositivo-dellarma-dei-carabinieri-nel-cluster-olimpico-di-cortina-dampezzo\/#primaryimage","url":"https:\/\/www.bellunopress.it\/wp-content\/uploads\/2026\/02\/Carabinieri-a-Cortina-per-Olimpiadi.jpg","contentUrl":"https:\/\/www.bellunopress.it\/wp-content\/uploads\/2026\/02\/Carabinieri-a-Cortina-per-Olimpiadi.jpg","width":575,"height":389},{"@type":"BreadcrumbList","@id":"https:\/\/www.bellunopress.it\/2026\/02\/05\/il-dispositivo-dellarma-dei-carabinieri-nel-cluster-olimpico-di-cortina-dampezzo\/#breadcrumb","itemListElement":[{"@type":"ListItem","position":1,"name":"Home","item":"https:\/\/www.bellunopress.it\/"},{"@type":"ListItem","position":2,"name":"L\u2019Arma dei Carabinieri nel cluster olimpico di Cortina d\u2019Ampezzo"}]},{"@type":"WebSite","@id":"https:\/\/www.bellunopress.it\/#website","url":"https:\/\/www.bellunopress.it\/","name":"Bellunopress - Dolomiti","description":"e-mail: redazione@bellunopress.it","publisher":{"@id":"https:\/\/www.bellunopress.it\/#organization"},"potentialAction":[{"@type":"SearchAction","target":{"@type":"EntryPoint","urlTemplate":"https:\/\/www.bellunopress.it\/?s={search_term_string}"},"query-input":{"@type":"PropertyValueSpecification","valueRequired":true,"valueName":"search_term_string"}}],"inLanguage":"fr-FR"},{"@type":"Organization","@id":"https:\/\/www.bellunopress.it\/#organization","name":"Bellunopress","url":"https:\/\/www.bellunopress.it\/","logo":{"@type":"ImageObject","inLanguage":"fr-FR","@id":"https:\/\/www.bellunopress.it\/#\/schema\/logo\/image\/","url":"https:\/\/www.bellunopress.it\/wp-content\/uploads\/2011\/05\/cropped-logo-bellunopress-.jpg","contentUrl":"https:\/\/www.bellunopress.it\/wp-content\/uploads\/2011\/05\/cropped-logo-bellunopress-.jpg","width":512,"height":512,"caption":"Bellunopress"},"image":{"@id":"https:\/\/www.bellunopress.it\/#\/schema\/logo\/image\/"},"sameAs":["https:\/\/www.facebook.com\/profile.php?id=100008943462799","https:\/\/x.com\/bellunopress","https:\/\/www.linkedin.com\/hp\/?dnr=JBzUWaJfMUw8vbXJJ2tVW5-I3jZKvC4wsoxE&amp;amp;amp;amp;amp;amp;trk=nav_responsive_tab_home","https:\/\/www.youtube.com\/channel\/UCxL0wu1uN0_3_7hGG0306cw"]},{"@type":"Person","@id":"https:\/\/www.bellunopress.it\/#\/schema\/person\/79bb06722b37ece1c03d3e94beb30d73","name":"r\u00e9daction","image":{"@type":"ImageObject","inLanguage":"fr-FR","@id":"https:\/\/secure.gravatar.com\/avatar\/37d968a2e67a6fd04c169c4bdef102d0bc5d31b2546345219e348575eb80e9a0?s=96&d=mm&r=g","url":"https:\/\/secure.gravatar.com\/avatar\/37d968a2e67a6fd04c169c4bdef102d0bc5d31b2546345219e348575eb80e9a0?s=96&d=mm&r=g","contentUrl":"https:\/\/secure.gravatar.com\/avatar\/37d968a2e67a6fd04c169c4bdef102d0bc5d31b2546345219e348575eb80e9a0?s=96&d=mm&r=g","caption":"redazione"},"sameAs":["http:\/\/www.bellunopress.it","https:\/\/x.com\/bellunopress"],"url":"https:\/\/www.bellunopress.it\/fr\/author\/redazione\/"}]}},"_links":{"self":[{"href":"https:\/\/www.bellunopress.it\/fr\/wp-json\/wp\/v2\/posts\/167182","targetHints":{"allow":["GET"]}}],"collection":[{"href":"https:\/\/www.bellunopress.it\/fr\/wp-json\/wp\/v2\/posts"}],"about":[{"href":"https:\/\/www.bellunopress.it\/fr\/wp-json\/wp\/v2\/types\/post"}],"author":[{"embeddable":true,"href":"https:\/\/www.bellunopress.it\/fr\/wp-json\/wp\/v2\/users\/2"}],"replies":[{"embeddable":true,"href":"https:\/\/www.bellunopress.it\/fr\/wp-json\/wp\/v2\/comments?post=167182"}],"version-history":[{"count":2,"href":"https:\/\/www.bellunopress.it\/fr\/wp-json\/wp\/v2\/posts\/167182\/revisions"}],"predecessor-version":[{"id":167185,"href":"https:\/\/www.bellunopress.it\/fr\/wp-json\/wp\/v2\/posts\/167182\/revisions\/167185"}],"wp:featuredmedia":[{"embeddable":true,"href":"https:\/\/www.bellunopress.it\/fr\/wp-json\/wp\/v2\/media\/167183"}],"wp:attachment":[{"href":"https:\/\/www.bellunopress.it\/fr\/wp-json\/wp\/v2\/media?parent=167182"}],"wp:term":[{"taxonomy":"category","embeddable":true,"href":"https:\/\/www.bellunopress.it\/fr\/wp-json\/wp\/v2\/categories?post=167182"},{"taxonomy":"post_tag","embeddable":true,"href":"https:\/\/www.bellunopress.it\/fr\/wp-json\/wp\/v2\/tags?post=167182"}],"curies":[{"name":"wp","href":"https:\/\/api.w.org\/{rel}","templated":true}]}}