{"id":167170,"date":"2026-02-05T07:21:44","date_gmt":"2026-02-05T06:21:44","guid":{"rendered":"https:\/\/www.bellunopress.it\/?p=167170"},"modified":"2026-02-05T07:21:44","modified_gmt":"2026-02-05T06:21:44","slug":"il-22mo-premio-italia-medievale-al-palio-di-feltre","status":"publish","type":"post","link":"https:\/\/www.bellunopress.it\/fr\/2026\/02\/05\/il-22mo-premio-italia-medievale-al-palio-di-feltre\/","title":{"rendered":"Il 22mo Premio Italia Medievale al Palio di Feltre"},"content":{"rendered":"<p><strong>L\u2019Associazione Palio Citt\u00e0 di Feltre si \u00e8 aggiudicata, per la categoria F, il XXII Premio Italia Medievale<\/strong><\/p>\n<p><strong>La premiazione si terr\u00e0 nel corso di una cerimonia ufficiale nella mattinata di sabato 14 febbraio all&#8217;Universit\u00e0 Cattolica del Sacro Cuore di Milano<\/strong><\/p>\n<p>Il Premio Italia Medievale \u00e8 un riconoscimento istituito dall\u2019Associazione Culturale Italia Medievale che viene assegnato annualmente a personalit\u00e0, istituzioni o privati distintisi nella promozione e valorizzazione del patrimonio medievale italiano, suddiviso in sette categorie pi\u00f9 premi speciali decisi dal Consiglio Direttivo. Partecipazione e votazione si svolgono in due fasi: una prima fase di segnalazione candidati (aperta a tutti) e una fase di votazione pubblica in cui ogni votante esprime una preferenza per categoria secondo il regolamento e i tempi stabiliti.<\/p>\n<p>La cerimonia si inserir\u00e0 nella giornata di studi \u201cIl Medioevo tra storiografia e divulgazione\u201d, promossa dal Dipartimento di Studi Medioevali, Umanistici e Rinascimentali e dall\u2019Associazione Culturale Italia Medievale (ACIM) e dedicata alla memoria di Maurizio Cal\u00ec, fondatore e presidente dell\u2019Associazione, scomparso nel settembre 2025.<br \/>\nLa giornata sar\u00e0 aperta da una lectio magistralis di Franco Cardini sul tema Comunicare l\u2019Evo di mezzo tra storiografia e divulgazione, seguita dagli interventi di medievisti, tra cui la feltrina Virtus Zallot, e del direttore del Festival del Medioevo di Gubbio, Federico Fioravanti.<\/p>\n<p><strong>I VINCITORI DEL XXII PREMIO ITALIA MEDIEVALE<\/strong><br \/>\nA -categoria Editoria: Marco Brando con il libro &#8220;Medi@Evo&#8221; (Salerno Editrice)<br \/>\nB- categoria Arte: Sergio Verna, liutaio, Biella<br \/>\nC- categoria Spettacolo: Compagnia del Saltarello, di san Possidonio (MO)<br \/>\nD- categoria Gruppi storici: Associazione White Company A.P.S. , di Livorno<br \/>\nE- categoria Istituzioni: Dipart. Studi medioevali, umanistici e rinascimentali Univ. Cattolica Mi<br \/>\nF- categoria Turismo: Associazione Palio Citt\u00e0 di Feltre, di Feltre (BL)<br \/>\nG- categoria Multimediale: La Macchina del Tempo, di Bologna<\/p>\n<p>Il presidente Eugenio Tamburrino ha cos\u00ec commentato: \u201c\u00c8 un onore e un piacere ricevere il ventiduesimo Premio Italia Medievale, un riconoscimento alla qualit\u00e0 del percorso che da quarantasette edizioni l\u2019Associazione Palio Citt\u00e0 di Feltre sta offrendo al pubblico e al territorio. Ed \u00e8 a maggior ragione una soddisfazione sapere che il successo deriva anche dai voti popolari, segno che quanto viene proposto trova un apprezzamento ampio e condiviso. Un grande ringraziamento ai volontari che durante tutto l\u2019anno contribuiscono a consolidare la manifestazione e le attivit\u00e0 associative e alle persone che hanno investito il proprio tempo per votare il Palio. Un ringraziamento particolare a Virtus Zallot, studiosa di vaglia e amica del Palio, che per prima ci ha segnalato la possibilit\u00e0 di questo concorso e che poi si \u00e8 molto spesa per far arrivare alla nostra candidatura le preferenze necessarie\u201d.<\/p>","protected":false},"excerpt":{"rendered":"<p>L\u2019Associazione Palio Citt\u00e0 di Feltre si \u00e8 aggiudicata, per la categoria F, il XXII Premio Italia Medievale La premiazione si terr\u00e0 nel corso di una cerimonia ufficiale nella mattinata di sabato 14 febbraio all&#8217;Universit\u00e0 Cattolica del Sacro Cuore di Milano Il Premio Italia Medievale \u00e8 un riconoscimento istituito dall\u2019Associazione Culturale Italia Medievale che viene assegnato [&hellip;]<\/p>\n","protected":false},"author":2,"featured_media":167171,"comment_status":"closed","ping_status":"open","sticky":false,"template":"","format":"standard","meta":{"footnotes":""},"categories":[3,26],"tags":[],"class_list":["post-167170","post","type-post","status-publish","format-standard","has-post-thumbnail","category-arte-cultura-spettacoli-scienza-archivi","category-prima-pagina"],"yoast_head":"<!-- This site is optimized with the Yoast SEO plugin v28.4 - https:\/\/yoast.com\/product\/yoast-seo-wordpress\/ -->\n<title>Il 22mo Premio Italia Medievale al Palio di Feltre - Bellunopress - Dolomiti<\/title>\n<meta name=\"robots\" content=\"index, follow, max-snippet:-1, max-image-preview:large, max-video-preview:-1\" \/>\n<link rel=\"canonical\" href=\"https:\/\/www.bellunopress.it\/fr\/2026\/02\/05\/il-22mo-premio-italia-medievale-al-palio-di-feltre\/\" \/>\n<meta property=\"og:locale\" content=\"fr_FR\" \/>\n<meta property=\"og:type\" content=\"article\" \/>\n<meta property=\"og:title\" content=\"Il 22mo Premio Italia Medievale al Palio di Feltre - Bellunopress - Dolomiti\" \/>\n<meta property=\"og:description\" content=\"L\u2019Associazione Palio Citt\u00e0 di Feltre si \u00e8 aggiudicata, per la categoria F, il XXII Premio Italia Medievale La premiazione si terr\u00e0 nel corso di una cerimonia ufficiale nella mattinata di sabato 14 febbraio all&#8217;Universit\u00e0 Cattolica del Sacro Cuore di Milano Il Premio Italia Medievale \u00e8 un riconoscimento istituito dall\u2019Associazione Culturale Italia Medievale che viene assegnato [&hellip;]\" \/>\n<meta property=\"og:url\" content=\"https:\/\/www.bellunopress.it\/fr\/2026\/02\/05\/il-22mo-premio-italia-medievale-al-palio-di-feltre\/\" \/>\n<meta property=\"og:site_name\" content=\"Bellunopress - Dolomiti\" \/>\n<meta property=\"article:publisher\" content=\"https:\/\/www.facebook.com\/profile.php?id=100008943462799\" \/>\n<meta property=\"article:published_time\" content=\"2026-02-05T06:21:44+00:00\" \/>\n<meta property=\"og:image\" content=\"https:\/\/www.bellunopress.it\/wp-content\/uploads\/2026\/02\/Palio-di-Feltre-Ph-Daniela-Cingolani-La-gioia-di-esserci.jpg\" \/>\n\t<meta property=\"og:image:width\" content=\"412\" \/>\n\t<meta property=\"og:image:height\" content=\"600\" \/>\n\t<meta property=\"og:image:type\" content=\"image\/jpeg\" \/>\n<meta name=\"author\" content=\"redazione\" \/>\n<meta name=\"twitter:card\" content=\"summary_large_image\" \/>\n<meta name=\"twitter:creator\" content=\"@bellunopress\" \/>\n<meta name=\"twitter:site\" content=\"@bellunopress\" \/>\n<meta name=\"twitter:label1\" content=\"\u00c9crit par\" \/>\n\t<meta name=\"twitter:data1\" content=\"redazione\" \/>\n\t<meta name=\"twitter:label2\" content=\"Dur\u00e9e de lecture estim\u00e9e\" \/>\n\t<meta name=\"twitter:data2\" content=\"2 minutes\" \/>\n<script type=\"application\/ld+json\" class=\"yoast-schema-graph\">{\"@context\":\"https:\\\/\\\/schema.org\",\"@graph\":[{\"@type\":\"Article\",\"@id\":\"https:\\\/\\\/www.bellunopress.it\\\/2026\\\/02\\\/05\\\/il-22mo-premio-italia-medievale-al-palio-di-feltre\\\/#article\",\"isPartOf\":{\"@id\":\"https:\\\/\\\/www.bellunopress.it\\\/2026\\\/02\\\/05\\\/il-22mo-premio-italia-medievale-al-palio-di-feltre\\\/\"},\"author\":{\"name\":\"redazione\",\"@id\":\"https:\\\/\\\/www.bellunopress.it\\\/#\\\/schema\\\/person\\\/79bb06722b37ece1c03d3e94beb30d73\"},\"headline\":\"Il 22mo Premio Italia Medievale al Palio di Feltre\",\"datePublished\":\"2026-02-05T06:21:44+00:00\",\"mainEntityOfPage\":{\"@id\":\"https:\\\/\\\/www.bellunopress.it\\\/2026\\\/02\\\/05\\\/il-22mo-premio-italia-medievale-al-palio-di-feltre\\\/\"},\"wordCount\":436,\"publisher\":{\"@id\":\"https:\\\/\\\/www.bellunopress.it\\\/#organization\"},\"image\":{\"@id\":\"https:\\\/\\\/www.bellunopress.it\\\/2026\\\/02\\\/05\\\/il-22mo-premio-italia-medievale-al-palio-di-feltre\\\/#primaryimage\"},\"thumbnailUrl\":\"https:\\\/\\\/www.bellunopress.it\\\/wp-content\\\/uploads\\\/2026\\\/02\\\/Palio-di-Feltre-Ph-Daniela-Cingolani-La-gioia-di-esserci.jpg\",\"articleSection\":[\"Arte, Cultura, Spettacoli, Scienza\",\"Prima Pagina\"],\"inLanguage\":\"fr-FR\"},{\"@type\":\"WebPage\",\"@id\":\"https:\\\/\\\/www.bellunopress.it\\\/2026\\\/02\\\/05\\\/il-22mo-premio-italia-medievale-al-palio-di-feltre\\\/\",\"url\":\"https:\\\/\\\/www.bellunopress.it\\\/2026\\\/02\\\/05\\\/il-22mo-premio-italia-medievale-al-palio-di-feltre\\\/\",\"name\":\"Il 22mo Premio Italia Medievale al Palio di Feltre - Bellunopress - Dolomiti\",\"isPartOf\":{\"@id\":\"https:\\\/\\\/www.bellunopress.it\\\/#website\"},\"primaryImageOfPage\":{\"@id\":\"https:\\\/\\\/www.bellunopress.it\\\/2026\\\/02\\\/05\\\/il-22mo-premio-italia-medievale-al-palio-di-feltre\\\/#primaryimage\"},\"image\":{\"@id\":\"https:\\\/\\\/www.bellunopress.it\\\/2026\\\/02\\\/05\\\/il-22mo-premio-italia-medievale-al-palio-di-feltre\\\/#primaryimage\"},\"thumbnailUrl\":\"https:\\\/\\\/www.bellunopress.it\\\/wp-content\\\/uploads\\\/2026\\\/02\\\/Palio-di-Feltre-Ph-Daniela-Cingolani-La-gioia-di-esserci.jpg\",\"datePublished\":\"2026-02-05T06:21:44+00:00\",\"breadcrumb\":{\"@id\":\"https:\\\/\\\/www.bellunopress.it\\\/2026\\\/02\\\/05\\\/il-22mo-premio-italia-medievale-al-palio-di-feltre\\\/#breadcrumb\"},\"inLanguage\":\"fr-FR\",\"potentialAction\":[{\"@type\":\"ReadAction\",\"target\":[\"https:\\\/\\\/www.bellunopress.it\\\/2026\\\/02\\\/05\\\/il-22mo-premio-italia-medievale-al-palio-di-feltre\\\/\"]}]},{\"@type\":\"ImageObject\",\"inLanguage\":\"fr-FR\",\"@id\":\"https:\\\/\\\/www.bellunopress.it\\\/2026\\\/02\\\/05\\\/il-22mo-premio-italia-medievale-al-palio-di-feltre\\\/#primaryimage\",\"url\":\"https:\\\/\\\/www.bellunopress.it\\\/wp-content\\\/uploads\\\/2026\\\/02\\\/Palio-di-Feltre-Ph-Daniela-Cingolani-La-gioia-di-esserci.jpg\",\"contentUrl\":\"https:\\\/\\\/www.bellunopress.it\\\/wp-content\\\/uploads\\\/2026\\\/02\\\/Palio-di-Feltre-Ph-Daniela-Cingolani-La-gioia-di-esserci.jpg\",\"width\":412,\"height\":600,\"caption\":\"Palio di Feltre (Foto: Daniela Cingolani: \\\"La gioia di esserci\\\"\"},{\"@type\":\"BreadcrumbList\",\"@id\":\"https:\\\/\\\/www.bellunopress.it\\\/2026\\\/02\\\/05\\\/il-22mo-premio-italia-medievale-al-palio-di-feltre\\\/#breadcrumb\",\"itemListElement\":[{\"@type\":\"ListItem\",\"position\":1,\"name\":\"Home\",\"item\":\"https:\\\/\\\/www.bellunopress.it\\\/\"},{\"@type\":\"ListItem\",\"position\":2,\"name\":\"Il 22mo Premio Italia Medievale al Palio di Feltre\"}]},{\"@type\":\"WebSite\",\"@id\":\"https:\\\/\\\/www.bellunopress.it\\\/#website\",\"url\":\"https:\\\/\\\/www.bellunopress.it\\\/\",\"name\":\"Bellunopress - Dolomiti\",\"description\":\"e-mail: redazione@bellunopress.it\",\"publisher\":{\"@id\":\"https:\\\/\\\/www.bellunopress.it\\\/#organization\"},\"potentialAction\":[{\"@type\":\"SearchAction\",\"target\":{\"@type\":\"EntryPoint\",\"urlTemplate\":\"https:\\\/\\\/www.bellunopress.it\\\/?s={search_term_string}\"},\"query-input\":{\"@type\":\"PropertyValueSpecification\",\"valueRequired\":true,\"valueName\":\"search_term_string\"}}],\"inLanguage\":\"fr-FR\"},{\"@type\":\"Organization\",\"@id\":\"https:\\\/\\\/www.bellunopress.it\\\/#organization\",\"name\":\"Bellunopress\",\"url\":\"https:\\\/\\\/www.bellunopress.it\\\/\",\"logo\":{\"@type\":\"ImageObject\",\"inLanguage\":\"fr-FR\",\"@id\":\"https:\\\/\\\/www.bellunopress.it\\\/#\\\/schema\\\/logo\\\/image\\\/\",\"url\":\"https:\\\/\\\/www.bellunopress.it\\\/wp-content\\\/uploads\\\/2011\\\/05\\\/cropped-logo-bellunopress-.jpg\",\"contentUrl\":\"https:\\\/\\\/www.bellunopress.it\\\/wp-content\\\/uploads\\\/2011\\\/05\\\/cropped-logo-bellunopress-.jpg\",\"width\":512,\"height\":512,\"caption\":\"Bellunopress\"},\"image\":{\"@id\":\"https:\\\/\\\/www.bellunopress.it\\\/#\\\/schema\\\/logo\\\/image\\\/\"},\"sameAs\":[\"https:\\\/\\\/www.facebook.com\\\/profile.php?id=100008943462799\",\"https:\\\/\\\/x.com\\\/bellunopress\",\"https:\\\/\\\/www.linkedin.com\\\/hp\\\/?dnr=JBzUWaJfMUw8vbXJJ2tVW5-I3jZKvC4wsoxE&amp;amp;amp;amp;amp;amp;trk=nav_responsive_tab_home\",\"https:\\\/\\\/www.youtube.com\\\/channel\\\/UCxL0wu1uN0_3_7hGG0306cw\"]},{\"@type\":\"Person\",\"@id\":\"https:\\\/\\\/www.bellunopress.it\\\/#\\\/schema\\\/person\\\/79bb06722b37ece1c03d3e94beb30d73\",\"name\":\"redazione\",\"image\":{\"@type\":\"ImageObject\",\"inLanguage\":\"fr-FR\",\"@id\":\"https:\\\/\\\/secure.gravatar.com\\\/avatar\\\/37d968a2e67a6fd04c169c4bdef102d0bc5d31b2546345219e348575eb80e9a0?s=96&d=mm&r=g\",\"url\":\"https:\\\/\\\/secure.gravatar.com\\\/avatar\\\/37d968a2e67a6fd04c169c4bdef102d0bc5d31b2546345219e348575eb80e9a0?s=96&d=mm&r=g\",\"contentUrl\":\"https:\\\/\\\/secure.gravatar.com\\\/avatar\\\/37d968a2e67a6fd04c169c4bdef102d0bc5d31b2546345219e348575eb80e9a0?s=96&d=mm&r=g\",\"caption\":\"redazione\"},\"sameAs\":[\"http:\\\/\\\/www.bellunopress.it\",\"https:\\\/\\\/x.com\\\/bellunopress\"],\"url\":\"https:\\\/\\\/www.bellunopress.it\\\/fr\\\/author\\\/redazione\\\/\"}]}<\/script>\n<!-- \/ Yoast SEO plugin. -->","yoast_head_json":{"title":"Il 22mo Premio Italia Medievale al Palio di Feltre - Bellunopress - Dolomiti","robots":{"index":"index","follow":"follow","max-snippet":"max-snippet:-1","max-image-preview":"max-image-preview:large","max-video-preview":"max-video-preview:-1"},"canonical":"https:\/\/www.bellunopress.it\/fr\/2026\/02\/05\/il-22mo-premio-italia-medievale-al-palio-di-feltre\/","og_locale":"fr_FR","og_type":"article","og_title":"Il 22mo Premio Italia Medievale al Palio di Feltre - Bellunopress - Dolomiti","og_description":"L\u2019Associazione Palio Citt\u00e0 di Feltre si \u00e8 aggiudicata, per la categoria F, il XXII Premio Italia Medievale La premiazione si terr\u00e0 nel corso di una cerimonia ufficiale nella mattinata di sabato 14 febbraio all&#8217;Universit\u00e0 Cattolica del Sacro Cuore di Milano Il Premio Italia Medievale \u00e8 un riconoscimento istituito dall\u2019Associazione Culturale Italia Medievale che viene assegnato [&hellip;]","og_url":"https:\/\/www.bellunopress.it\/fr\/2026\/02\/05\/il-22mo-premio-italia-medievale-al-palio-di-feltre\/","og_site_name":"Bellunopress - Dolomiti","article_publisher":"https:\/\/www.facebook.com\/profile.php?id=100008943462799","article_published_time":"2026-02-05T06:21:44+00:00","og_image":[{"width":412,"height":600,"url":"https:\/\/www.bellunopress.it\/wp-content\/uploads\/2026\/02\/Palio-di-Feltre-Ph-Daniela-Cingolani-La-gioia-di-esserci.jpg","type":"image\/jpeg"}],"author":"redazione","twitter_card":"summary_large_image","twitter_creator":"@bellunopress","twitter_site":"@bellunopress","twitter_misc":{"\u00c9crit par":"redazione","Dur\u00e9e de lecture estim\u00e9e":"2 minutes"},"schema":{"@context":"https:\/\/schema.org","@graph":[{"@type":"Article","@id":"https:\/\/www.bellunopress.it\/2026\/02\/05\/il-22mo-premio-italia-medievale-al-palio-di-feltre\/#article","isPartOf":{"@id":"https:\/\/www.bellunopress.it\/2026\/02\/05\/il-22mo-premio-italia-medievale-al-palio-di-feltre\/"},"author":{"name":"redazione","@id":"https:\/\/www.bellunopress.it\/#\/schema\/person\/79bb06722b37ece1c03d3e94beb30d73"},"headline":"Il 22mo Premio Italia Medievale al Palio di Feltre","datePublished":"2026-02-05T06:21:44+00:00","mainEntityOfPage":{"@id":"https:\/\/www.bellunopress.it\/2026\/02\/05\/il-22mo-premio-italia-medievale-al-palio-di-feltre\/"},"wordCount":436,"publisher":{"@id":"https:\/\/www.bellunopress.it\/#organization"},"image":{"@id":"https:\/\/www.bellunopress.it\/2026\/02\/05\/il-22mo-premio-italia-medievale-al-palio-di-feltre\/#primaryimage"},"thumbnailUrl":"https:\/\/www.bellunopress.it\/wp-content\/uploads\/2026\/02\/Palio-di-Feltre-Ph-Daniela-Cingolani-La-gioia-di-esserci.jpg","articleSection":["Arte, Cultura, Spettacoli, Scienza","Prima Pagina"],"inLanguage":"fr-FR"},{"@type":"WebPage","@id":"https:\/\/www.bellunopress.it\/2026\/02\/05\/il-22mo-premio-italia-medievale-al-palio-di-feltre\/","url":"https:\/\/www.bellunopress.it\/2026\/02\/05\/il-22mo-premio-italia-medievale-al-palio-di-feltre\/","name":"Il 22mo Premio Italia Medievale al Palio di Feltre - Bellunopress - Dolomiti","isPartOf":{"@id":"https:\/\/www.bellunopress.it\/#website"},"primaryImageOfPage":{"@id":"https:\/\/www.bellunopress.it\/2026\/02\/05\/il-22mo-premio-italia-medievale-al-palio-di-feltre\/#primaryimage"},"image":{"@id":"https:\/\/www.bellunopress.it\/2026\/02\/05\/il-22mo-premio-italia-medievale-al-palio-di-feltre\/#primaryimage"},"thumbnailUrl":"https:\/\/www.bellunopress.it\/wp-content\/uploads\/2026\/02\/Palio-di-Feltre-Ph-Daniela-Cingolani-La-gioia-di-esserci.jpg","datePublished":"2026-02-05T06:21:44+00:00","breadcrumb":{"@id":"https:\/\/www.bellunopress.it\/2026\/02\/05\/il-22mo-premio-italia-medievale-al-palio-di-feltre\/#breadcrumb"},"inLanguage":"fr-FR","potentialAction":[{"@type":"ReadAction","target":["https:\/\/www.bellunopress.it\/2026\/02\/05\/il-22mo-premio-italia-medievale-al-palio-di-feltre\/"]}]},{"@type":"ImageObject","inLanguage":"fr-FR","@id":"https:\/\/www.bellunopress.it\/2026\/02\/05\/il-22mo-premio-italia-medievale-al-palio-di-feltre\/#primaryimage","url":"https:\/\/www.bellunopress.it\/wp-content\/uploads\/2026\/02\/Palio-di-Feltre-Ph-Daniela-Cingolani-La-gioia-di-esserci.jpg","contentUrl":"https:\/\/www.bellunopress.it\/wp-content\/uploads\/2026\/02\/Palio-di-Feltre-Ph-Daniela-Cingolani-La-gioia-di-esserci.jpg","width":412,"height":600,"caption":"Palio di Feltre (Foto: Daniela Cingolani: \"La gioia di esserci\""},{"@type":"BreadcrumbList","@id":"https:\/\/www.bellunopress.it\/2026\/02\/05\/il-22mo-premio-italia-medievale-al-palio-di-feltre\/#breadcrumb","itemListElement":[{"@type":"ListItem","position":1,"name":"Home","item":"https:\/\/www.bellunopress.it\/"},{"@type":"ListItem","position":2,"name":"Il 22mo Premio Italia Medievale al Palio di Feltre"}]},{"@type":"WebSite","@id":"https:\/\/www.bellunopress.it\/#website","url":"https:\/\/www.bellunopress.it\/","name":"Bellunopress - Dolomiti","description":"e-mail: redazione@bellunopress.it","publisher":{"@id":"https:\/\/www.bellunopress.it\/#organization"},"potentialAction":[{"@type":"SearchAction","target":{"@type":"EntryPoint","urlTemplate":"https:\/\/www.bellunopress.it\/?s={search_term_string}"},"query-input":{"@type":"PropertyValueSpecification","valueRequired":true,"valueName":"search_term_string"}}],"inLanguage":"fr-FR"},{"@type":"Organization","@id":"https:\/\/www.bellunopress.it\/#organization","name":"Bellunopress","url":"https:\/\/www.bellunopress.it\/","logo":{"@type":"ImageObject","inLanguage":"fr-FR","@id":"https:\/\/www.bellunopress.it\/#\/schema\/logo\/image\/","url":"https:\/\/www.bellunopress.it\/wp-content\/uploads\/2011\/05\/cropped-logo-bellunopress-.jpg","contentUrl":"https:\/\/www.bellunopress.it\/wp-content\/uploads\/2011\/05\/cropped-logo-bellunopress-.jpg","width":512,"height":512,"caption":"Bellunopress"},"image":{"@id":"https:\/\/www.bellunopress.it\/#\/schema\/logo\/image\/"},"sameAs":["https:\/\/www.facebook.com\/profile.php?id=100008943462799","https:\/\/x.com\/bellunopress","https:\/\/www.linkedin.com\/hp\/?dnr=JBzUWaJfMUw8vbXJJ2tVW5-I3jZKvC4wsoxE&amp;amp;amp;amp;amp;amp;trk=nav_responsive_tab_home","https:\/\/www.youtube.com\/channel\/UCxL0wu1uN0_3_7hGG0306cw"]},{"@type":"Person","@id":"https:\/\/www.bellunopress.it\/#\/schema\/person\/79bb06722b37ece1c03d3e94beb30d73","name":"r\u00e9daction","image":{"@type":"ImageObject","inLanguage":"fr-FR","@id":"https:\/\/secure.gravatar.com\/avatar\/37d968a2e67a6fd04c169c4bdef102d0bc5d31b2546345219e348575eb80e9a0?s=96&d=mm&r=g","url":"https:\/\/secure.gravatar.com\/avatar\/37d968a2e67a6fd04c169c4bdef102d0bc5d31b2546345219e348575eb80e9a0?s=96&d=mm&r=g","contentUrl":"https:\/\/secure.gravatar.com\/avatar\/37d968a2e67a6fd04c169c4bdef102d0bc5d31b2546345219e348575eb80e9a0?s=96&d=mm&r=g","caption":"redazione"},"sameAs":["http:\/\/www.bellunopress.it","https:\/\/x.com\/bellunopress"],"url":"https:\/\/www.bellunopress.it\/fr\/author\/redazione\/"}]}},"_links":{"self":[{"href":"https:\/\/www.bellunopress.it\/fr\/wp-json\/wp\/v2\/posts\/167170","targetHints":{"allow":["GET"]}}],"collection":[{"href":"https:\/\/www.bellunopress.it\/fr\/wp-json\/wp\/v2\/posts"}],"about":[{"href":"https:\/\/www.bellunopress.it\/fr\/wp-json\/wp\/v2\/types\/post"}],"author":[{"embeddable":true,"href":"https:\/\/www.bellunopress.it\/fr\/wp-json\/wp\/v2\/users\/2"}],"replies":[{"embeddable":true,"href":"https:\/\/www.bellunopress.it\/fr\/wp-json\/wp\/v2\/comments?post=167170"}],"version-history":[{"count":1,"href":"https:\/\/www.bellunopress.it\/fr\/wp-json\/wp\/v2\/posts\/167170\/revisions"}],"predecessor-version":[{"id":167172,"href":"https:\/\/www.bellunopress.it\/fr\/wp-json\/wp\/v2\/posts\/167170\/revisions\/167172"}],"wp:featuredmedia":[{"embeddable":true,"href":"https:\/\/www.bellunopress.it\/fr\/wp-json\/wp\/v2\/media\/167171"}],"wp:attachment":[{"href":"https:\/\/www.bellunopress.it\/fr\/wp-json\/wp\/v2\/media?parent=167170"}],"wp:term":[{"taxonomy":"category","embeddable":true,"href":"https:\/\/www.bellunopress.it\/fr\/wp-json\/wp\/v2\/categories?post=167170"},{"taxonomy":"post_tag","embeddable":true,"href":"https:\/\/www.bellunopress.it\/fr\/wp-json\/wp\/v2\/tags?post=167170"}],"curies":[{"name":"wp","href":"https:\/\/api.w.org\/{rel}","templated":true}]}}