{"id":167167,"date":"2026-02-04T19:03:04","date_gmt":"2026-02-04T18:03:04","guid":{"rendered":"https:\/\/www.bellunopress.it\/?p=167167"},"modified":"2026-02-04T19:03:04","modified_gmt":"2026-02-04T18:03:04","slug":"belluno-scrutatori-e-presidenti-di-seggio-per-il-referendum-del-22-e-23-marzo","status":"publish","type":"post","link":"https:\/\/www.bellunopress.it\/fr\/2026\/02\/04\/belluno-scrutatori-e-presidenti-di-seggio-per-il-referendum-del-22-e-23-marzo\/","title":{"rendered":"Belluno. Scrutatori e presidenti di seggio per il referendum del 22 e 23 marzo"},"content":{"rendered":"<p>In vista delle prossime consultazioni referendarie che si terranno domenica 22 e<br \/>\nluned\u00ec 23 marzo, con apertura dei seggi rispettivamente dalle ore 7.00 alle ore 23.00<br \/>\ne dalle ore 7.00 alle ore 15.00, il Comune di Belluno, secondo quanto disposto dalla<br \/>\ncircolare della Prefettura di Belluno \u2013 UTG n. 4888 del 03\/07\/2026, intende<br \/>\nraccogliere la disponibilit\u00e0 preventiva, da parte di cittadini elettori dello stesso<br \/>\nComune, a essere inseriti in un elenco aggiuntivo rispetto agli albi esistenti.<\/p>\n<p>Tale elenco sar\u00e0 utilizzato per garantire il subentro nell\u2019incarico di scrutatore e, per<br \/>\nchi sia in possesso di adeguati requisiti di studio e professionali, anche di presidente<br \/>\ndi seggio, nei casi di improvvisa mancanza dei componenti degli uffici elettorali di<br \/>\nsezione originariamente nominati dalla Commissione elettorale comunale e dalla<br \/>\nCorte d\u2019Appello di Venezia, impossibilitati a garantire la loro presenza ai seggi.<br \/>\nLa comunicazione di disponibilit\u00e0 a svolgere l\u2019incarico di scrutatore o di presidente di<br \/>\nseggio dovr\u00e0 pervenire all\u2019Ufficio elettorale entro venerd\u00ec 6 marzo 2026 e potr\u00e0<br \/>\nessere consegnata a mano o trasmessa ai seguenti indirizzi di posta elettronica:<br \/>\nelettorale@comune.belluno.it o belluno.bl@cert.ip-veneto.net<\/p>\n<p>Anche chi fosse gi\u00e0 iscritto negli albi di scrutatore e presidente di seggio potr\u00e0<br \/>\ncomunicare la propria disponibilit\u00e0 e avr\u00e0 la precedenza nell\u2019eventuale nomina, che<br \/>\npotr\u00e0 avvenire nell\u2019imminenza della consultazione.<br \/>\nNella homepage del sito Internet istituzionale all\u2019indirizzo www.comune.belluno.it,<br \/>\ntutte le notizie dall\u2019Ufficio elettorale.<\/p>\n<p>Per informazioni:<br \/>\nUfficio elettorale<br \/>\nvia Mezzaterra 45<br \/>\ntelefono 0437 913477, interno 5<br \/>\nemail elettorale@comune.belluno.it<\/p>","protected":false},"excerpt":{"rendered":"<p>In vista delle prossime consultazioni referendarie che si terranno domenica 22 e luned\u00ec 23 marzo, con apertura dei seggi rispettivamente dalle ore 7.00 alle ore 23.00 e dalle ore 7.00 alle ore 15.00, il Comune di Belluno, secondo quanto disposto dalla circolare della Prefettura di Belluno \u2013 UTG n. 4888 del 03\/07\/2026, intende raccogliere la [&hellip;]<\/p>\n","protected":false},"author":2,"featured_media":113617,"comment_status":"closed","ping_status":"open","sticky":false,"template":"","format":"standard","meta":{"footnotes":""},"categories":[1],"tags":[],"class_list":["post-167167","post","type-post","status-publish","format-standard","has-post-thumbnail","category-leo"],"yoast_head":"<!-- This site is optimized with the Yoast SEO plugin v28.4 - https:\/\/yoast.com\/product\/yoast-seo-wordpress\/ -->\n<title>Belluno. Scrutatori e presidenti di seggio per il referendum del 22 e 23 marzo - Bellunopress - Dolomiti<\/title>\n<meta name=\"robots\" content=\"index, follow, max-snippet:-1, max-image-preview:large, max-video-preview:-1\" \/>\n<link rel=\"canonical\" href=\"https:\/\/www.bellunopress.it\/fr\/2026\/02\/04\/belluno-scrutatori-e-presidenti-di-seggio-per-il-referendum-del-22-e-23-marzo\/\" \/>\n<meta property=\"og:locale\" content=\"fr_FR\" \/>\n<meta property=\"og:type\" content=\"article\" \/>\n<meta property=\"og:title\" content=\"Belluno. Scrutatori e presidenti di seggio per il referendum del 22 e 23 marzo - Bellunopress - Dolomiti\" \/>\n<meta property=\"og:description\" content=\"In vista delle prossime consultazioni referendarie che si terranno domenica 22 e luned\u00ec 23 marzo, con apertura dei seggi rispettivamente dalle ore 7.00 alle ore 23.00 e dalle ore 7.00 alle ore 15.00, il Comune di Belluno, secondo quanto disposto dalla circolare della Prefettura di Belluno \u2013 UTG n. 4888 del 03\/07\/2026, intende raccogliere la [&hellip;]\" \/>\n<meta property=\"og:url\" content=\"https:\/\/www.bellunopress.it\/fr\/2026\/02\/04\/belluno-scrutatori-e-presidenti-di-seggio-per-il-referendum-del-22-e-23-marzo\/\" \/>\n<meta property=\"og:site_name\" content=\"Bellunopress - Dolomiti\" \/>\n<meta property=\"article:publisher\" content=\"https:\/\/www.facebook.com\/profile.php?id=100008943462799\" \/>\n<meta property=\"article:published_time\" content=\"2026-02-04T18:03:04+00:00\" \/>\n<meta property=\"og:image\" content=\"https:\/\/www.bellunopress.it\/wp-content\/uploads\/2020\/04\/palazzo-rosso_edited.jpg\" \/>\n\t<meta property=\"og:image:width\" content=\"800\" \/>\n\t<meta property=\"og:image:height\" content=\"563\" \/>\n\t<meta property=\"og:image:type\" content=\"image\/jpeg\" \/>\n<meta name=\"author\" content=\"redazione\" \/>\n<meta name=\"twitter:card\" content=\"summary_large_image\" \/>\n<meta name=\"twitter:creator\" content=\"@bellunopress\" \/>\n<meta name=\"twitter:site\" content=\"@bellunopress\" \/>\n<meta name=\"twitter:label1\" content=\"\u00c9crit par\" \/>\n\t<meta name=\"twitter:data1\" content=\"redazione\" \/>\n\t<meta name=\"twitter:label2\" content=\"Dur\u00e9e de lecture estim\u00e9e\" \/>\n\t<meta name=\"twitter:data2\" content=\"1 minute\" \/>\n<script type=\"application\/ld+json\" class=\"yoast-schema-graph\">{\"@context\":\"https:\\\/\\\/schema.org\",\"@graph\":[{\"@type\":\"Article\",\"@id\":\"https:\\\/\\\/www.bellunopress.it\\\/2026\\\/02\\\/04\\\/belluno-scrutatori-e-presidenti-di-seggio-per-il-referendum-del-22-e-23-marzo\\\/#article\",\"isPartOf\":{\"@id\":\"https:\\\/\\\/www.bellunopress.it\\\/2026\\\/02\\\/04\\\/belluno-scrutatori-e-presidenti-di-seggio-per-il-referendum-del-22-e-23-marzo\\\/\"},\"author\":{\"name\":\"redazione\",\"@id\":\"https:\\\/\\\/www.bellunopress.it\\\/#\\\/schema\\\/person\\\/79bb06722b37ece1c03d3e94beb30d73\"},\"headline\":\"Belluno. Scrutatori e presidenti di seggio per il referendum del 22 e 23 marzo\",\"datePublished\":\"2026-02-04T18:03:04+00:00\",\"mainEntityOfPage\":{\"@id\":\"https:\\\/\\\/www.bellunopress.it\\\/2026\\\/02\\\/04\\\/belluno-scrutatori-e-presidenti-di-seggio-per-il-referendum-del-22-e-23-marzo\\\/\"},\"wordCount\":252,\"publisher\":{\"@id\":\"https:\\\/\\\/www.bellunopress.it\\\/#organization\"},\"image\":{\"@id\":\"https:\\\/\\\/www.bellunopress.it\\\/2026\\\/02\\\/04\\\/belluno-scrutatori-e-presidenti-di-seggio-per-il-referendum-del-22-e-23-marzo\\\/#primaryimage\"},\"thumbnailUrl\":\"https:\\\/\\\/www.bellunopress.it\\\/wp-content\\\/uploads\\\/2020\\\/04\\\/palazzo-rosso_edited.jpg\",\"articleSection\":[\"Lettere Opinioni\"],\"inLanguage\":\"fr-FR\"},{\"@type\":\"WebPage\",\"@id\":\"https:\\\/\\\/www.bellunopress.it\\\/2026\\\/02\\\/04\\\/belluno-scrutatori-e-presidenti-di-seggio-per-il-referendum-del-22-e-23-marzo\\\/\",\"url\":\"https:\\\/\\\/www.bellunopress.it\\\/2026\\\/02\\\/04\\\/belluno-scrutatori-e-presidenti-di-seggio-per-il-referendum-del-22-e-23-marzo\\\/\",\"name\":\"Belluno. Scrutatori e presidenti di seggio per il referendum del 22 e 23 marzo - Bellunopress - Dolomiti\",\"isPartOf\":{\"@id\":\"https:\\\/\\\/www.bellunopress.it\\\/#website\"},\"primaryImageOfPage\":{\"@id\":\"https:\\\/\\\/www.bellunopress.it\\\/2026\\\/02\\\/04\\\/belluno-scrutatori-e-presidenti-di-seggio-per-il-referendum-del-22-e-23-marzo\\\/#primaryimage\"},\"image\":{\"@id\":\"https:\\\/\\\/www.bellunopress.it\\\/2026\\\/02\\\/04\\\/belluno-scrutatori-e-presidenti-di-seggio-per-il-referendum-del-22-e-23-marzo\\\/#primaryimage\"},\"thumbnailUrl\":\"https:\\\/\\\/www.bellunopress.it\\\/wp-content\\\/uploads\\\/2020\\\/04\\\/palazzo-rosso_edited.jpg\",\"datePublished\":\"2026-02-04T18:03:04+00:00\",\"breadcrumb\":{\"@id\":\"https:\\\/\\\/www.bellunopress.it\\\/2026\\\/02\\\/04\\\/belluno-scrutatori-e-presidenti-di-seggio-per-il-referendum-del-22-e-23-marzo\\\/#breadcrumb\"},\"inLanguage\":\"fr-FR\",\"potentialAction\":[{\"@type\":\"ReadAction\",\"target\":[\"https:\\\/\\\/www.bellunopress.it\\\/2026\\\/02\\\/04\\\/belluno-scrutatori-e-presidenti-di-seggio-per-il-referendum-del-22-e-23-marzo\\\/\"]}]},{\"@type\":\"ImageObject\",\"inLanguage\":\"fr-FR\",\"@id\":\"https:\\\/\\\/www.bellunopress.it\\\/2026\\\/02\\\/04\\\/belluno-scrutatori-e-presidenti-di-seggio-per-il-referendum-del-22-e-23-marzo\\\/#primaryimage\",\"url\":\"https:\\\/\\\/www.bellunopress.it\\\/wp-content\\\/uploads\\\/2020\\\/04\\\/palazzo-rosso_edited.jpg\",\"contentUrl\":\"https:\\\/\\\/www.bellunopress.it\\\/wp-content\\\/uploads\\\/2020\\\/04\\\/palazzo-rosso_edited.jpg\",\"width\":800,\"height\":563,\"caption\":\"Palazzo Rosso, sede dell'amministrazione comunale di Belluno\"},{\"@type\":\"BreadcrumbList\",\"@id\":\"https:\\\/\\\/www.bellunopress.it\\\/2026\\\/02\\\/04\\\/belluno-scrutatori-e-presidenti-di-seggio-per-il-referendum-del-22-e-23-marzo\\\/#breadcrumb\",\"itemListElement\":[{\"@type\":\"ListItem\",\"position\":1,\"name\":\"Home\",\"item\":\"https:\\\/\\\/www.bellunopress.it\\\/\"},{\"@type\":\"ListItem\",\"position\":2,\"name\":\"Belluno. Scrutatori e presidenti di seggio per il referendum del 22 e 23 marzo\"}]},{\"@type\":\"WebSite\",\"@id\":\"https:\\\/\\\/www.bellunopress.it\\\/#website\",\"url\":\"https:\\\/\\\/www.bellunopress.it\\\/\",\"name\":\"Bellunopress - Dolomiti\",\"description\":\"e-mail: redazione@bellunopress.it\",\"publisher\":{\"@id\":\"https:\\\/\\\/www.bellunopress.it\\\/#organization\"},\"potentialAction\":[{\"@type\":\"SearchAction\",\"target\":{\"@type\":\"EntryPoint\",\"urlTemplate\":\"https:\\\/\\\/www.bellunopress.it\\\/?s={search_term_string}\"},\"query-input\":{\"@type\":\"PropertyValueSpecification\",\"valueRequired\":true,\"valueName\":\"search_term_string\"}}],\"inLanguage\":\"fr-FR\"},{\"@type\":\"Organization\",\"@id\":\"https:\\\/\\\/www.bellunopress.it\\\/#organization\",\"name\":\"Bellunopress\",\"url\":\"https:\\\/\\\/www.bellunopress.it\\\/\",\"logo\":{\"@type\":\"ImageObject\",\"inLanguage\":\"fr-FR\",\"@id\":\"https:\\\/\\\/www.bellunopress.it\\\/#\\\/schema\\\/logo\\\/image\\\/\",\"url\":\"https:\\\/\\\/www.bellunopress.it\\\/wp-content\\\/uploads\\\/2011\\\/05\\\/cropped-logo-bellunopress-.jpg\",\"contentUrl\":\"https:\\\/\\\/www.bellunopress.it\\\/wp-content\\\/uploads\\\/2011\\\/05\\\/cropped-logo-bellunopress-.jpg\",\"width\":512,\"height\":512,\"caption\":\"Bellunopress\"},\"image\":{\"@id\":\"https:\\\/\\\/www.bellunopress.it\\\/#\\\/schema\\\/logo\\\/image\\\/\"},\"sameAs\":[\"https:\\\/\\\/www.facebook.com\\\/profile.php?id=100008943462799\",\"https:\\\/\\\/x.com\\\/bellunopress\",\"https:\\\/\\\/www.linkedin.com\\\/hp\\\/?dnr=JBzUWaJfMUw8vbXJJ2tVW5-I3jZKvC4wsoxE&amp;amp;amp;amp;amp;amp;trk=nav_responsive_tab_home\",\"https:\\\/\\\/www.youtube.com\\\/channel\\\/UCxL0wu1uN0_3_7hGG0306cw\"]},{\"@type\":\"Person\",\"@id\":\"https:\\\/\\\/www.bellunopress.it\\\/#\\\/schema\\\/person\\\/79bb06722b37ece1c03d3e94beb30d73\",\"name\":\"redazione\",\"image\":{\"@type\":\"ImageObject\",\"inLanguage\":\"fr-FR\",\"@id\":\"https:\\\/\\\/secure.gravatar.com\\\/avatar\\\/37d968a2e67a6fd04c169c4bdef102d0bc5d31b2546345219e348575eb80e9a0?s=96&d=mm&r=g\",\"url\":\"https:\\\/\\\/secure.gravatar.com\\\/avatar\\\/37d968a2e67a6fd04c169c4bdef102d0bc5d31b2546345219e348575eb80e9a0?s=96&d=mm&r=g\",\"contentUrl\":\"https:\\\/\\\/secure.gravatar.com\\\/avatar\\\/37d968a2e67a6fd04c169c4bdef102d0bc5d31b2546345219e348575eb80e9a0?s=96&d=mm&r=g\",\"caption\":\"redazione\"},\"sameAs\":[\"http:\\\/\\\/www.bellunopress.it\",\"https:\\\/\\\/x.com\\\/bellunopress\"],\"url\":\"https:\\\/\\\/www.bellunopress.it\\\/fr\\\/author\\\/redazione\\\/\"}]}<\/script>\n<!-- \/ Yoast SEO plugin. -->","yoast_head_json":{"title":"Belluno. Scrutatori e presidenti di seggio per il referendum del 22 e 23 marzo - Bellunopress - Dolomiti","robots":{"index":"index","follow":"follow","max-snippet":"max-snippet:-1","max-image-preview":"max-image-preview:large","max-video-preview":"max-video-preview:-1"},"canonical":"https:\/\/www.bellunopress.it\/fr\/2026\/02\/04\/belluno-scrutatori-e-presidenti-di-seggio-per-il-referendum-del-22-e-23-marzo\/","og_locale":"fr_FR","og_type":"article","og_title":"Belluno. Scrutatori e presidenti di seggio per il referendum del 22 e 23 marzo - Bellunopress - Dolomiti","og_description":"In vista delle prossime consultazioni referendarie che si terranno domenica 22 e luned\u00ec 23 marzo, con apertura dei seggi rispettivamente dalle ore 7.00 alle ore 23.00 e dalle ore 7.00 alle ore 15.00, il Comune di Belluno, secondo quanto disposto dalla circolare della Prefettura di Belluno \u2013 UTG n. 4888 del 03\/07\/2026, intende raccogliere la [&hellip;]","og_url":"https:\/\/www.bellunopress.it\/fr\/2026\/02\/04\/belluno-scrutatori-e-presidenti-di-seggio-per-il-referendum-del-22-e-23-marzo\/","og_site_name":"Bellunopress - Dolomiti","article_publisher":"https:\/\/www.facebook.com\/profile.php?id=100008943462799","article_published_time":"2026-02-04T18:03:04+00:00","og_image":[{"width":800,"height":563,"url":"https:\/\/www.bellunopress.it\/wp-content\/uploads\/2020\/04\/palazzo-rosso_edited.jpg","type":"image\/jpeg"}],"author":"redazione","twitter_card":"summary_large_image","twitter_creator":"@bellunopress","twitter_site":"@bellunopress","twitter_misc":{"\u00c9crit par":"redazione","Dur\u00e9e de lecture estim\u00e9e":"1 minute"},"schema":{"@context":"https:\/\/schema.org","@graph":[{"@type":"Article","@id":"https:\/\/www.bellunopress.it\/2026\/02\/04\/belluno-scrutatori-e-presidenti-di-seggio-per-il-referendum-del-22-e-23-marzo\/#article","isPartOf":{"@id":"https:\/\/www.bellunopress.it\/2026\/02\/04\/belluno-scrutatori-e-presidenti-di-seggio-per-il-referendum-del-22-e-23-marzo\/"},"author":{"name":"redazione","@id":"https:\/\/www.bellunopress.it\/#\/schema\/person\/79bb06722b37ece1c03d3e94beb30d73"},"headline":"Belluno. Scrutatori e presidenti di seggio per il referendum del 22 e 23 marzo","datePublished":"2026-02-04T18:03:04+00:00","mainEntityOfPage":{"@id":"https:\/\/www.bellunopress.it\/2026\/02\/04\/belluno-scrutatori-e-presidenti-di-seggio-per-il-referendum-del-22-e-23-marzo\/"},"wordCount":252,"publisher":{"@id":"https:\/\/www.bellunopress.it\/#organization"},"image":{"@id":"https:\/\/www.bellunopress.it\/2026\/02\/04\/belluno-scrutatori-e-presidenti-di-seggio-per-il-referendum-del-22-e-23-marzo\/#primaryimage"},"thumbnailUrl":"https:\/\/www.bellunopress.it\/wp-content\/uploads\/2020\/04\/palazzo-rosso_edited.jpg","articleSection":["Lettere Opinioni"],"inLanguage":"fr-FR"},{"@type":"WebPage","@id":"https:\/\/www.bellunopress.it\/2026\/02\/04\/belluno-scrutatori-e-presidenti-di-seggio-per-il-referendum-del-22-e-23-marzo\/","url":"https:\/\/www.bellunopress.it\/2026\/02\/04\/belluno-scrutatori-e-presidenti-di-seggio-per-il-referendum-del-22-e-23-marzo\/","name":"Belluno. Scrutatori e presidenti di seggio per il referendum del 22 e 23 marzo - Bellunopress - Dolomiti","isPartOf":{"@id":"https:\/\/www.bellunopress.it\/#website"},"primaryImageOfPage":{"@id":"https:\/\/www.bellunopress.it\/2026\/02\/04\/belluno-scrutatori-e-presidenti-di-seggio-per-il-referendum-del-22-e-23-marzo\/#primaryimage"},"image":{"@id":"https:\/\/www.bellunopress.it\/2026\/02\/04\/belluno-scrutatori-e-presidenti-di-seggio-per-il-referendum-del-22-e-23-marzo\/#primaryimage"},"thumbnailUrl":"https:\/\/www.bellunopress.it\/wp-content\/uploads\/2020\/04\/palazzo-rosso_edited.jpg","datePublished":"2026-02-04T18:03:04+00:00","breadcrumb":{"@id":"https:\/\/www.bellunopress.it\/2026\/02\/04\/belluno-scrutatori-e-presidenti-di-seggio-per-il-referendum-del-22-e-23-marzo\/#breadcrumb"},"inLanguage":"fr-FR","potentialAction":[{"@type":"ReadAction","target":["https:\/\/www.bellunopress.it\/2026\/02\/04\/belluno-scrutatori-e-presidenti-di-seggio-per-il-referendum-del-22-e-23-marzo\/"]}]},{"@type":"ImageObject","inLanguage":"fr-FR","@id":"https:\/\/www.bellunopress.it\/2026\/02\/04\/belluno-scrutatori-e-presidenti-di-seggio-per-il-referendum-del-22-e-23-marzo\/#primaryimage","url":"https:\/\/www.bellunopress.it\/wp-content\/uploads\/2020\/04\/palazzo-rosso_edited.jpg","contentUrl":"https:\/\/www.bellunopress.it\/wp-content\/uploads\/2020\/04\/palazzo-rosso_edited.jpg","width":800,"height":563,"caption":"Palazzo Rosso, sede dell'amministrazione comunale di Belluno"},{"@type":"BreadcrumbList","@id":"https:\/\/www.bellunopress.it\/2026\/02\/04\/belluno-scrutatori-e-presidenti-di-seggio-per-il-referendum-del-22-e-23-marzo\/#breadcrumb","itemListElement":[{"@type":"ListItem","position":1,"name":"Home","item":"https:\/\/www.bellunopress.it\/"},{"@type":"ListItem","position":2,"name":"Belluno. Scrutatori e presidenti di seggio per il referendum del 22 e 23 marzo"}]},{"@type":"WebSite","@id":"https:\/\/www.bellunopress.it\/#website","url":"https:\/\/www.bellunopress.it\/","name":"Bellunopress - Dolomiti","description":"e-mail: redazione@bellunopress.it","publisher":{"@id":"https:\/\/www.bellunopress.it\/#organization"},"potentialAction":[{"@type":"SearchAction","target":{"@type":"EntryPoint","urlTemplate":"https:\/\/www.bellunopress.it\/?s={search_term_string}"},"query-input":{"@type":"PropertyValueSpecification","valueRequired":true,"valueName":"search_term_string"}}],"inLanguage":"fr-FR"},{"@type":"Organization","@id":"https:\/\/www.bellunopress.it\/#organization","name":"Bellunopress","url":"https:\/\/www.bellunopress.it\/","logo":{"@type":"ImageObject","inLanguage":"fr-FR","@id":"https:\/\/www.bellunopress.it\/#\/schema\/logo\/image\/","url":"https:\/\/www.bellunopress.it\/wp-content\/uploads\/2011\/05\/cropped-logo-bellunopress-.jpg","contentUrl":"https:\/\/www.bellunopress.it\/wp-content\/uploads\/2011\/05\/cropped-logo-bellunopress-.jpg","width":512,"height":512,"caption":"Bellunopress"},"image":{"@id":"https:\/\/www.bellunopress.it\/#\/schema\/logo\/image\/"},"sameAs":["https:\/\/www.facebook.com\/profile.php?id=100008943462799","https:\/\/x.com\/bellunopress","https:\/\/www.linkedin.com\/hp\/?dnr=JBzUWaJfMUw8vbXJJ2tVW5-I3jZKvC4wsoxE&amp;amp;amp;amp;amp;amp;trk=nav_responsive_tab_home","https:\/\/www.youtube.com\/channel\/UCxL0wu1uN0_3_7hGG0306cw"]},{"@type":"Person","@id":"https:\/\/www.bellunopress.it\/#\/schema\/person\/79bb06722b37ece1c03d3e94beb30d73","name":"r\u00e9daction","image":{"@type":"ImageObject","inLanguage":"fr-FR","@id":"https:\/\/secure.gravatar.com\/avatar\/37d968a2e67a6fd04c169c4bdef102d0bc5d31b2546345219e348575eb80e9a0?s=96&d=mm&r=g","url":"https:\/\/secure.gravatar.com\/avatar\/37d968a2e67a6fd04c169c4bdef102d0bc5d31b2546345219e348575eb80e9a0?s=96&d=mm&r=g","contentUrl":"https:\/\/secure.gravatar.com\/avatar\/37d968a2e67a6fd04c169c4bdef102d0bc5d31b2546345219e348575eb80e9a0?s=96&d=mm&r=g","caption":"redazione"},"sameAs":["http:\/\/www.bellunopress.it","https:\/\/x.com\/bellunopress"],"url":"https:\/\/www.bellunopress.it\/fr\/author\/redazione\/"}]}},"_links":{"self":[{"href":"https:\/\/www.bellunopress.it\/fr\/wp-json\/wp\/v2\/posts\/167167","targetHints":{"allow":["GET"]}}],"collection":[{"href":"https:\/\/www.bellunopress.it\/fr\/wp-json\/wp\/v2\/posts"}],"about":[{"href":"https:\/\/www.bellunopress.it\/fr\/wp-json\/wp\/v2\/types\/post"}],"author":[{"embeddable":true,"href":"https:\/\/www.bellunopress.it\/fr\/wp-json\/wp\/v2\/users\/2"}],"replies":[{"embeddable":true,"href":"https:\/\/www.bellunopress.it\/fr\/wp-json\/wp\/v2\/comments?post=167167"}],"version-history":[{"count":1,"href":"https:\/\/www.bellunopress.it\/fr\/wp-json\/wp\/v2\/posts\/167167\/revisions"}],"predecessor-version":[{"id":167168,"href":"https:\/\/www.bellunopress.it\/fr\/wp-json\/wp\/v2\/posts\/167167\/revisions\/167168"}],"wp:featuredmedia":[{"embeddable":true,"href":"https:\/\/www.bellunopress.it\/fr\/wp-json\/wp\/v2\/media\/113617"}],"wp:attachment":[{"href":"https:\/\/www.bellunopress.it\/fr\/wp-json\/wp\/v2\/media?parent=167167"}],"wp:term":[{"taxonomy":"category","embeddable":true,"href":"https:\/\/www.bellunopress.it\/fr\/wp-json\/wp\/v2\/categories?post=167167"},{"taxonomy":"post_tag","embeddable":true,"href":"https:\/\/www.bellunopress.it\/fr\/wp-json\/wp\/v2\/tags?post=167167"}],"curies":[{"name":"wp","href":"https:\/\/api.w.org\/{rel}","templated":true}]}}