{"id":167165,"date":"2026-02-04T18:33:33","date_gmt":"2026-02-04T17:33:33","guid":{"rendered":"https:\/\/www.bellunopress.it\/?p=167165"},"modified":"2026-02-04T18:33:33","modified_gmt":"2026-02-04T17:33:33","slug":"rinnovo-consiglio-provinciale-del-bianco-e-perenzin-al-presidente-della-provincia-padrin-convochi-le-elezioni-tra-il-17-e-il-19-marzo","status":"publish","type":"post","link":"https:\/\/www.bellunopress.it\/fr\/2026\/02\/04\/rinnovo-consiglio-provinciale-del-bianco-e-perenzin-al-presidente-della-provincia-padrin-convochi-le-elezioni-tra-il-17-e-il-19-marzo\/","title":{"rendered":"Rinnovo consiglio provinciale. Del Bianco e Perenzin al presidente della Provincia Padrin: &#8220;Convochi le elezioni tra il 17 e il 19 marzo&#8221;"},"content":{"rendered":"<p><strong>Elezioni provinciali \u2013 richiesta convocazione contestuale<\/strong><\/p>\n<p>Egregio Presidente della Provincia di Belluno Roberto Padrin,<\/p>\n<p>abbiamo letto con attenzione le Sue recenti dichiarazioni sulla stampa nelle quali si<br \/>\nafferma che, ad oggi, i partiti non avrebbero formalizzato le proprie posizioni in merito<br \/>\nalle modalit\u00e0 di svolgimento delle prossime elezioni provinciali. Riteniamo pertanto<br \/>\nopportuno chiarire formalmente la posizione del Partito Democratico \u2013 peraltro a lei gi\u00e0<br \/>\npi\u00f9 volte manifestata informalmente \u2013 e di Alleanza Verdi Sinistra Belluno.<br \/>\nPur consapevoli che la normativa vigente distingue formalmente le elezioni del<br \/>\nPresidente della Provincia da quelle del Consiglio provinciale, riteniamo che esse<br \/>\ndebbano svolgersi nella medesima giornata, per ragioni tecniche, istituzionali,<br \/>\neconomiche e politiche che non possono essere ignorate.<\/p>\n<p>In primo luogo, \u00e8 opportuno chiarire che esistono tutte le condizioni normative per<br \/>\nprocedere con la convocazione contestuale delle elezioni. Il Suo mandato \u00e8 scaduto a<br \/>\nmet\u00e0 dicembre e la legge prevede un termine massimo di novanta giorni per l\u2019indizione<br \/>\ndelle elezioni del Consiglio provinciale, individuando nel 19 marzo la scadenza ultima. Il<br \/>\ntermine per la convocazione dei comizi elettorali \u00e8 invece fissato al 6 febbraio.<\/p>\n<p>Il Consiglio provinciale scadr\u00e0 il 16 marzo e, anche in questo caso, la normativa consente<br \/>\nl\u2019elezione entro i novanta giorni successivi. Ne consegue che le giornate comprese tra il<br \/>\n17 e il 19 marzo rappresentano una finestra temporale pienamente legittima per procedere<br \/>\ncontemporaneamente all\u2019elezione del Presidente e del Consiglio provinciale, considerato<br \/>\nche l\u2019elezione del Presidente dovr\u00e0 necessariamente avvenire in tale periodo.<\/p>\n<p>Non risulta inoltre convincente la motivazione secondo cui la convocazione contestuale<br \/>\ndelle elezioni penalizzerebbe i sei Comuni della provincia chiamati al rinnovo<br \/>\namministrativo nella prossima primavera.<\/p>\n<p>Le ipotesi oggi pi\u00f9 accreditate collocano infatti le elezioni amministrative nelle date del 23 e 24 maggio, con la concreta possibilit\u00e0 di uno slittamento al 30 e 31 maggio (per evitare una ulteriore chiusura delle scuole interessate in caso di ballottagio). In ogni caso, anche ipotizzando che l\u2019elezione del Consiglio provinciale venga posticipata sfruttando integralmente il periodo di proroga dei novanta giorni, il termine ultimo per il voto sarebbe il 15 giugno, con il conseguente obbligo di deposito delle liste ventuno giorni prima, cio\u00e8, nella migliore delle ipotesi, proprio in concomitanza con lo svolgimento delle elezioni amministrative o con le fasi immediatamente successive alla proclamazione degli eletti.\u00a0Ci\u00f2 renderebbe di fatto impossibile la candidatura di sindaci e consiglieri neoeletti, vanificando la stessa motivazione addotta a sostegno dello slittamento.<\/p>\n<p>Sussiste inoltre una rilevante criticit\u00e0 di natura istituzionale. La combinazione tra legge<br \/>\nDelrio e Statuto provinciale prevede che il Presidente eletto presenti il proprio<br \/>\nprogramma di governo al Consiglio entro novanta giorni dall\u2019elezione. L\u2019articolo 21<br \/>\ndello Statuto provinciale \u00e8 particolarmente chiaro nel disporre tale passaggio quale primo<br \/>\natto della nuova fase amministrativa. Qualora le elezioni del Presidente e del Consiglio<br \/>\nvenissero separate, il nuovo Presidente sarebbe costretto a presentare il proprio<br \/>\nprogramma al Consiglio in carica e successivamente a ripetere la medesima procedura<br \/>\nuna volta eletto il nuovo Consiglio provinciale. Si produrrebbe quindi un rallentamento<br \/>\nsignificativo dell\u2019attivit\u00e0 amministrativa con relativa fase di incertezza istituzionale<br \/>\nproprio in un momento strategico per il nostro territorio, all\u2019indomani di appuntamenti di<br \/>\nrilievo internazionale e di importanti scadenze amministrative.<\/p>\n<p>Vi \u00e8 poi un ulteriore elemento di responsabilit\u00e0 amministrativa e finanziaria. Due tornate<br \/>\nelettorali distinte comporterebbero inevitabilmente un raddoppio dei costi organizzativi,<br \/>\ndegli straordinari del personale e delle spese a carico dell\u2019Ente Provincia e, quindi, dei<br \/>\ncittadini bellunesi. \u00c8 difficile comprendere per quale ragione si debba gravare<br \/>\nulteriormente sulle risorse pubbliche senza che vi sia una reale necessit\u00e0 normativa o<br \/>\nfunzionale.<\/p>\n<p>Vi \u00e8 infine una questione di trasparenza politica e di chiarezza verso gli amministratori<br \/>\nelettori e verso i cittadini. Siamo tutti consapevoli dei limiti della legge Delrio e della<br \/>\nnecessit\u00e0 di restituire ai cittadini l\u2019elezione diretta degli organi provinciali. Proprio per<br \/>\nquesto riteniamo che, in un sistema gi\u00e0 complesso, sia doveroso garantire la massima<br \/>\nchiarezza consentendo che candidature, programmi e assetti politici vengano presentati in<br \/>\nmodo unitario. Separare le due votazioni rischierebbe di generare confusione e di<br \/>\nindebolire la leggibilit\u00e0 del confronto democratico.<\/p>\n<p>Non possiamo inoltre non rilevare come il rinvio della convocazione contestuale delle<br \/>\nelezioni rischi di essere percepito, all\u2019esterno, come una scelta pi\u00f9 legata a dinamiche<br \/>\npolitiche interne che a reali esigenze istituzionali. Comprendiamo le difficolt\u00e0 che ogni<br \/>\narea politica pu\u00f2 incontrare nella definizione delle proprie proposte e delle proprie<br \/>\ncandidature, ma riteniamo che l\u2019interesse generale dell\u2019ente e del territorio debba<br \/>\nprevalere su ogni valutazione di parte.<\/p>\n<p>Va ricordato, peraltro, che nella precedente tornata elettorale provinciale le elezioni del<br \/>\nPresidente e del Consiglio si svolsero contestualmente senza determinare alcuna criticit\u00e0<br \/>\norganizzativa o istituzionale.<\/p>\n<p>Alla luce di quanto esposto, Le chiediamo formalmente di convocare le elezioni del<br \/>\nPresidente della Provincia e del Consiglio provinciale nella medesima giornata,<br \/>\nindividuabile nel periodo compreso tra il 17 e il 19 marzo, nel pieno rispetto delle<br \/>\nscadenze normative vigenti.<\/p>\n<p>Abbiamo gi\u00e0 rivolto analogo appello alle forze politiche del centrodestra, senza ricevere,<br \/>\nallo stato attuale, riscontri chiari. Confidiamo pertanto in una Sua valutazione che tenga<br \/>\nconto dell\u2019interesse complessivo dell\u2019istituzione provinciale e della necessit\u00e0 di garantire<br \/>\ntrasparenza, efficienza e stabilit\u00e0 amministrativa al territorio bellunese.<\/p>\n<p><strong>Alessandro Del Bianco<\/strong><br \/>\n<strong>Partito Democratico Belluno Dolomiti<\/strong><br \/>\n<strong>Paolo Perenzin<\/strong><br \/>\n<strong>Sinistra Italiana\/Alleanza Verdi Sinistra Belluno<\/strong><\/p>","protected":false},"excerpt":{"rendered":"<p>Elezioni provinciali \u2013 richiesta convocazione contestuale Egregio Presidente della Provincia di Belluno Roberto Padrin, abbiamo letto con attenzione le Sue recenti dichiarazioni sulla stampa nelle quali si afferma che, ad oggi, i partiti non avrebbero formalizzato le proprie posizioni in merito alle modalit\u00e0 di svolgimento delle prossime elezioni provinciali. Riteniamo pertanto opportuno chiarire formalmente la [&hellip;]<\/p>\n","protected":false},"author":2,"featured_media":112875,"comment_status":"closed","ping_status":"open","sticky":false,"template":"","format":"standard","meta":{"footnotes":""},"categories":[5,1],"tags":[],"class_list":["post-167165","post","type-post","status-publish","format-standard","has-post-thumbnail","category-cronaca","category-leo"],"yoast_head":"<!-- This site is optimized with the Yoast SEO plugin v28.4 - https:\/\/yoast.com\/product\/yoast-seo-wordpress\/ -->\n<title>Rinnovo consiglio provinciale. Del Bianco e Perenzin al presidente della Provincia Padrin: &quot;Convochi le elezioni tra il 17 e il 19 marzo&quot; - Bellunopress - Dolomiti<\/title>\n<meta name=\"robots\" content=\"index, follow, max-snippet:-1, max-image-preview:large, max-video-preview:-1\" \/>\n<link rel=\"canonical\" href=\"https:\/\/www.bellunopress.it\/fr\/2026\/02\/04\/rinnovo-consiglio-provinciale-del-bianco-e-perenzin-al-presidente-della-provincia-padrin-convochi-le-elezioni-tra-il-17-e-il-19-marzo\/\" \/>\n<meta property=\"og:locale\" content=\"fr_FR\" \/>\n<meta property=\"og:type\" content=\"article\" \/>\n<meta property=\"og:title\" content=\"Rinnovo consiglio provinciale. Del Bianco e Perenzin al presidente della Provincia Padrin: &quot;Convochi le elezioni tra il 17 e il 19 marzo&quot; - Bellunopress - Dolomiti\" \/>\n<meta property=\"og:description\" content=\"Elezioni provinciali \u2013 richiesta convocazione contestuale Egregio Presidente della Provincia di Belluno Roberto Padrin, abbiamo letto con attenzione le Sue recenti dichiarazioni sulla stampa nelle quali si afferma che, ad oggi, i partiti non avrebbero formalizzato le proprie posizioni in merito alle modalit\u00e0 di svolgimento delle prossime elezioni provinciali. Riteniamo pertanto opportuno chiarire formalmente la [&hellip;]\" \/>\n<meta property=\"og:url\" content=\"https:\/\/www.bellunopress.it\/fr\/2026\/02\/04\/rinnovo-consiglio-provinciale-del-bianco-e-perenzin-al-presidente-della-provincia-padrin-convochi-le-elezioni-tra-il-17-e-il-19-marzo\/\" \/>\n<meta property=\"og:site_name\" content=\"Bellunopress - Dolomiti\" \/>\n<meta property=\"article:publisher\" content=\"https:\/\/www.facebook.com\/profile.php?id=100008943462799\" \/>\n<meta property=\"article:published_time\" content=\"2026-02-04T17:33:33+00:00\" \/>\n<meta property=\"og:image\" content=\"https:\/\/www.bellunopress.it\/wp-content\/uploads\/2020\/03\/palazzo-piloni.jpg\" \/>\n\t<meta property=\"og:image:width\" content=\"900\" \/>\n\t<meta property=\"og:image:height\" content=\"667\" \/>\n\t<meta property=\"og:image:type\" content=\"image\/jpeg\" \/>\n<meta name=\"author\" content=\"redazione\" \/>\n<meta name=\"twitter:card\" content=\"summary_large_image\" \/>\n<meta name=\"twitter:creator\" content=\"@bellunopress\" \/>\n<meta name=\"twitter:site\" content=\"@bellunopress\" \/>\n<meta name=\"twitter:label1\" content=\"\u00c9crit par\" \/>\n\t<meta name=\"twitter:data1\" content=\"redazione\" \/>\n\t<meta name=\"twitter:label2\" content=\"Dur\u00e9e de lecture estim\u00e9e\" \/>\n\t<meta name=\"twitter:data2\" content=\"4 minutes\" \/>\n<script type=\"application\/ld+json\" class=\"yoast-schema-graph\">{\"@context\":\"https:\\\/\\\/schema.org\",\"@graph\":[{\"@type\":\"Article\",\"@id\":\"https:\\\/\\\/www.bellunopress.it\\\/2026\\\/02\\\/04\\\/rinnovo-consiglio-provinciale-del-bianco-e-perenzin-al-presidente-della-provincia-padrin-convochi-le-elezioni-tra-il-17-e-il-19-marzo\\\/#article\",\"isPartOf\":{\"@id\":\"https:\\\/\\\/www.bellunopress.it\\\/2026\\\/02\\\/04\\\/rinnovo-consiglio-provinciale-del-bianco-e-perenzin-al-presidente-della-provincia-padrin-convochi-le-elezioni-tra-il-17-e-il-19-marzo\\\/\"},\"author\":{\"name\":\"redazione\",\"@id\":\"https:\\\/\\\/www.bellunopress.it\\\/#\\\/schema\\\/person\\\/79bb06722b37ece1c03d3e94beb30d73\"},\"headline\":\"Rinnovo consiglio provinciale. Del Bianco e Perenzin al presidente della Provincia Padrin: &#8220;Convochi le elezioni tra il 17 e il 19 marzo&#8221;\",\"datePublished\":\"2026-02-04T17:33:33+00:00\",\"mainEntityOfPage\":{\"@id\":\"https:\\\/\\\/www.bellunopress.it\\\/2026\\\/02\\\/04\\\/rinnovo-consiglio-provinciale-del-bianco-e-perenzin-al-presidente-della-provincia-padrin-convochi-le-elezioni-tra-il-17-e-il-19-marzo\\\/\"},\"wordCount\":867,\"publisher\":{\"@id\":\"https:\\\/\\\/www.bellunopress.it\\\/#organization\"},\"image\":{\"@id\":\"https:\\\/\\\/www.bellunopress.it\\\/2026\\\/02\\\/04\\\/rinnovo-consiglio-provinciale-del-bianco-e-perenzin-al-presidente-della-provincia-padrin-convochi-le-elezioni-tra-il-17-e-il-19-marzo\\\/#primaryimage\"},\"thumbnailUrl\":\"https:\\\/\\\/www.bellunopress.it\\\/wp-content\\\/uploads\\\/2020\\\/03\\\/palazzo-piloni.jpg\",\"articleSection\":[\"Cronaca\\\/Politica\",\"Lettere Opinioni\"],\"inLanguage\":\"fr-FR\"},{\"@type\":\"WebPage\",\"@id\":\"https:\\\/\\\/www.bellunopress.it\\\/2026\\\/02\\\/04\\\/rinnovo-consiglio-provinciale-del-bianco-e-perenzin-al-presidente-della-provincia-padrin-convochi-le-elezioni-tra-il-17-e-il-19-marzo\\\/\",\"url\":\"https:\\\/\\\/www.bellunopress.it\\\/2026\\\/02\\\/04\\\/rinnovo-consiglio-provinciale-del-bianco-e-perenzin-al-presidente-della-provincia-padrin-convochi-le-elezioni-tra-il-17-e-il-19-marzo\\\/\",\"name\":\"Rinnovo consiglio provinciale. Del Bianco e Perenzin al presidente della Provincia Padrin: \\\"Convochi le elezioni tra il 17 e il 19 marzo\\\" - Bellunopress - Dolomiti\",\"isPartOf\":{\"@id\":\"https:\\\/\\\/www.bellunopress.it\\\/#website\"},\"primaryImageOfPage\":{\"@id\":\"https:\\\/\\\/www.bellunopress.it\\\/2026\\\/02\\\/04\\\/rinnovo-consiglio-provinciale-del-bianco-e-perenzin-al-presidente-della-provincia-padrin-convochi-le-elezioni-tra-il-17-e-il-19-marzo\\\/#primaryimage\"},\"image\":{\"@id\":\"https:\\\/\\\/www.bellunopress.it\\\/2026\\\/02\\\/04\\\/rinnovo-consiglio-provinciale-del-bianco-e-perenzin-al-presidente-della-provincia-padrin-convochi-le-elezioni-tra-il-17-e-il-19-marzo\\\/#primaryimage\"},\"thumbnailUrl\":\"https:\\\/\\\/www.bellunopress.it\\\/wp-content\\\/uploads\\\/2020\\\/03\\\/palazzo-piloni.jpg\",\"datePublished\":\"2026-02-04T17:33:33+00:00\",\"breadcrumb\":{\"@id\":\"https:\\\/\\\/www.bellunopress.it\\\/2026\\\/02\\\/04\\\/rinnovo-consiglio-provinciale-del-bianco-e-perenzin-al-presidente-della-provincia-padrin-convochi-le-elezioni-tra-il-17-e-il-19-marzo\\\/#breadcrumb\"},\"inLanguage\":\"fr-FR\",\"potentialAction\":[{\"@type\":\"ReadAction\",\"target\":[\"https:\\\/\\\/www.bellunopress.it\\\/2026\\\/02\\\/04\\\/rinnovo-consiglio-provinciale-del-bianco-e-perenzin-al-presidente-della-provincia-padrin-convochi-le-elezioni-tra-il-17-e-il-19-marzo\\\/\"]}]},{\"@type\":\"ImageObject\",\"inLanguage\":\"fr-FR\",\"@id\":\"https:\\\/\\\/www.bellunopress.it\\\/2026\\\/02\\\/04\\\/rinnovo-consiglio-provinciale-del-bianco-e-perenzin-al-presidente-della-provincia-padrin-convochi-le-elezioni-tra-il-17-e-il-19-marzo\\\/#primaryimage\",\"url\":\"https:\\\/\\\/www.bellunopress.it\\\/wp-content\\\/uploads\\\/2020\\\/03\\\/palazzo-piloni.jpg\",\"contentUrl\":\"https:\\\/\\\/www.bellunopress.it\\\/wp-content\\\/uploads\\\/2020\\\/03\\\/palazzo-piloni.jpg\",\"width\":900,\"height\":667,\"caption\":\"Palazzo Piloni, sede dell'amministrazione provinciale\"},{\"@type\":\"BreadcrumbList\",\"@id\":\"https:\\\/\\\/www.bellunopress.it\\\/2026\\\/02\\\/04\\\/rinnovo-consiglio-provinciale-del-bianco-e-perenzin-al-presidente-della-provincia-padrin-convochi-le-elezioni-tra-il-17-e-il-19-marzo\\\/#breadcrumb\",\"itemListElement\":[{\"@type\":\"ListItem\",\"position\":1,\"name\":\"Home\",\"item\":\"https:\\\/\\\/www.bellunopress.it\\\/\"},{\"@type\":\"ListItem\",\"position\":2,\"name\":\"Rinnovo consiglio provinciale. Del Bianco e Perenzin al presidente della Provincia Padrin: &#8220;Convochi le elezioni tra il 17 e il 19 marzo&#8221;\"}]},{\"@type\":\"WebSite\",\"@id\":\"https:\\\/\\\/www.bellunopress.it\\\/#website\",\"url\":\"https:\\\/\\\/www.bellunopress.it\\\/\",\"name\":\"Bellunopress - Dolomiti\",\"description\":\"e-mail: redazione@bellunopress.it\",\"publisher\":{\"@id\":\"https:\\\/\\\/www.bellunopress.it\\\/#organization\"},\"potentialAction\":[{\"@type\":\"SearchAction\",\"target\":{\"@type\":\"EntryPoint\",\"urlTemplate\":\"https:\\\/\\\/www.bellunopress.it\\\/?s={search_term_string}\"},\"query-input\":{\"@type\":\"PropertyValueSpecification\",\"valueRequired\":true,\"valueName\":\"search_term_string\"}}],\"inLanguage\":\"fr-FR\"},{\"@type\":\"Organization\",\"@id\":\"https:\\\/\\\/www.bellunopress.it\\\/#organization\",\"name\":\"Bellunopress\",\"url\":\"https:\\\/\\\/www.bellunopress.it\\\/\",\"logo\":{\"@type\":\"ImageObject\",\"inLanguage\":\"fr-FR\",\"@id\":\"https:\\\/\\\/www.bellunopress.it\\\/#\\\/schema\\\/logo\\\/image\\\/\",\"url\":\"https:\\\/\\\/www.bellunopress.it\\\/wp-content\\\/uploads\\\/2011\\\/05\\\/cropped-logo-bellunopress-.jpg\",\"contentUrl\":\"https:\\\/\\\/www.bellunopress.it\\\/wp-content\\\/uploads\\\/2011\\\/05\\\/cropped-logo-bellunopress-.jpg\",\"width\":512,\"height\":512,\"caption\":\"Bellunopress\"},\"image\":{\"@id\":\"https:\\\/\\\/www.bellunopress.it\\\/#\\\/schema\\\/logo\\\/image\\\/\"},\"sameAs\":[\"https:\\\/\\\/www.facebook.com\\\/profile.php?id=100008943462799\",\"https:\\\/\\\/x.com\\\/bellunopress\",\"https:\\\/\\\/www.linkedin.com\\\/hp\\\/?dnr=JBzUWaJfMUw8vbXJJ2tVW5-I3jZKvC4wsoxE&amp;amp;amp;amp;amp;amp;trk=nav_responsive_tab_home\",\"https:\\\/\\\/www.youtube.com\\\/channel\\\/UCxL0wu1uN0_3_7hGG0306cw\"]},{\"@type\":\"Person\",\"@id\":\"https:\\\/\\\/www.bellunopress.it\\\/#\\\/schema\\\/person\\\/79bb06722b37ece1c03d3e94beb30d73\",\"name\":\"redazione\",\"image\":{\"@type\":\"ImageObject\",\"inLanguage\":\"fr-FR\",\"@id\":\"https:\\\/\\\/secure.gravatar.com\\\/avatar\\\/37d968a2e67a6fd04c169c4bdef102d0bc5d31b2546345219e348575eb80e9a0?s=96&d=mm&r=g\",\"url\":\"https:\\\/\\\/secure.gravatar.com\\\/avatar\\\/37d968a2e67a6fd04c169c4bdef102d0bc5d31b2546345219e348575eb80e9a0?s=96&d=mm&r=g\",\"contentUrl\":\"https:\\\/\\\/secure.gravatar.com\\\/avatar\\\/37d968a2e67a6fd04c169c4bdef102d0bc5d31b2546345219e348575eb80e9a0?s=96&d=mm&r=g\",\"caption\":\"redazione\"},\"sameAs\":[\"http:\\\/\\\/www.bellunopress.it\",\"https:\\\/\\\/x.com\\\/bellunopress\"],\"url\":\"https:\\\/\\\/www.bellunopress.it\\\/fr\\\/author\\\/redazione\\\/\"}]}<\/script>\n<!-- \/ Yoast SEO plugin. -->","yoast_head_json":{"title":"Rinnovo consiglio provinciale. Del Bianco e Perenzin al presidente della Provincia Padrin: \"Convochi le elezioni tra il 17 e il 19 marzo\" - Bellunopress - Dolomiti","robots":{"index":"index","follow":"follow","max-snippet":"max-snippet:-1","max-image-preview":"max-image-preview:large","max-video-preview":"max-video-preview:-1"},"canonical":"https:\/\/www.bellunopress.it\/fr\/2026\/02\/04\/rinnovo-consiglio-provinciale-del-bianco-e-perenzin-al-presidente-della-provincia-padrin-convochi-le-elezioni-tra-il-17-e-il-19-marzo\/","og_locale":"fr_FR","og_type":"article","og_title":"Rinnovo consiglio provinciale. Del Bianco e Perenzin al presidente della Provincia Padrin: \"Convochi le elezioni tra il 17 e il 19 marzo\" - Bellunopress - Dolomiti","og_description":"Elezioni provinciali \u2013 richiesta convocazione contestuale Egregio Presidente della Provincia di Belluno Roberto Padrin, abbiamo letto con attenzione le Sue recenti dichiarazioni sulla stampa nelle quali si afferma che, ad oggi, i partiti non avrebbero formalizzato le proprie posizioni in merito alle modalit\u00e0 di svolgimento delle prossime elezioni provinciali. Riteniamo pertanto opportuno chiarire formalmente la [&hellip;]","og_url":"https:\/\/www.bellunopress.it\/fr\/2026\/02\/04\/rinnovo-consiglio-provinciale-del-bianco-e-perenzin-al-presidente-della-provincia-padrin-convochi-le-elezioni-tra-il-17-e-il-19-marzo\/","og_site_name":"Bellunopress - Dolomiti","article_publisher":"https:\/\/www.facebook.com\/profile.php?id=100008943462799","article_published_time":"2026-02-04T17:33:33+00:00","og_image":[{"width":900,"height":667,"url":"https:\/\/www.bellunopress.it\/wp-content\/uploads\/2020\/03\/palazzo-piloni.jpg","type":"image\/jpeg"}],"author":"redazione","twitter_card":"summary_large_image","twitter_creator":"@bellunopress","twitter_site":"@bellunopress","twitter_misc":{"\u00c9crit par":"redazione","Dur\u00e9e de lecture estim\u00e9e":"4 minutes"},"schema":{"@context":"https:\/\/schema.org","@graph":[{"@type":"Article","@id":"https:\/\/www.bellunopress.it\/2026\/02\/04\/rinnovo-consiglio-provinciale-del-bianco-e-perenzin-al-presidente-della-provincia-padrin-convochi-le-elezioni-tra-il-17-e-il-19-marzo\/#article","isPartOf":{"@id":"https:\/\/www.bellunopress.it\/2026\/02\/04\/rinnovo-consiglio-provinciale-del-bianco-e-perenzin-al-presidente-della-provincia-padrin-convochi-le-elezioni-tra-il-17-e-il-19-marzo\/"},"author":{"name":"redazione","@id":"https:\/\/www.bellunopress.it\/#\/schema\/person\/79bb06722b37ece1c03d3e94beb30d73"},"headline":"Rinnovo consiglio provinciale. Del Bianco e Perenzin al presidente della Provincia Padrin: &#8220;Convochi le elezioni tra il 17 e il 19 marzo&#8221;","datePublished":"2026-02-04T17:33:33+00:00","mainEntityOfPage":{"@id":"https:\/\/www.bellunopress.it\/2026\/02\/04\/rinnovo-consiglio-provinciale-del-bianco-e-perenzin-al-presidente-della-provincia-padrin-convochi-le-elezioni-tra-il-17-e-il-19-marzo\/"},"wordCount":867,"publisher":{"@id":"https:\/\/www.bellunopress.it\/#organization"},"image":{"@id":"https:\/\/www.bellunopress.it\/2026\/02\/04\/rinnovo-consiglio-provinciale-del-bianco-e-perenzin-al-presidente-della-provincia-padrin-convochi-le-elezioni-tra-il-17-e-il-19-marzo\/#primaryimage"},"thumbnailUrl":"https:\/\/www.bellunopress.it\/wp-content\/uploads\/2020\/03\/palazzo-piloni.jpg","articleSection":["Cronaca\/Politica","Lettere Opinioni"],"inLanguage":"fr-FR"},{"@type":"WebPage","@id":"https:\/\/www.bellunopress.it\/2026\/02\/04\/rinnovo-consiglio-provinciale-del-bianco-e-perenzin-al-presidente-della-provincia-padrin-convochi-le-elezioni-tra-il-17-e-il-19-marzo\/","url":"https:\/\/www.bellunopress.it\/2026\/02\/04\/rinnovo-consiglio-provinciale-del-bianco-e-perenzin-al-presidente-della-provincia-padrin-convochi-le-elezioni-tra-il-17-e-il-19-marzo\/","name":"Rinnovo consiglio provinciale. Del Bianco e Perenzin al presidente della Provincia Padrin: \"Convochi le elezioni tra il 17 e il 19 marzo\" - Bellunopress - Dolomiti","isPartOf":{"@id":"https:\/\/www.bellunopress.it\/#website"},"primaryImageOfPage":{"@id":"https:\/\/www.bellunopress.it\/2026\/02\/04\/rinnovo-consiglio-provinciale-del-bianco-e-perenzin-al-presidente-della-provincia-padrin-convochi-le-elezioni-tra-il-17-e-il-19-marzo\/#primaryimage"},"image":{"@id":"https:\/\/www.bellunopress.it\/2026\/02\/04\/rinnovo-consiglio-provinciale-del-bianco-e-perenzin-al-presidente-della-provincia-padrin-convochi-le-elezioni-tra-il-17-e-il-19-marzo\/#primaryimage"},"thumbnailUrl":"https:\/\/www.bellunopress.it\/wp-content\/uploads\/2020\/03\/palazzo-piloni.jpg","datePublished":"2026-02-04T17:33:33+00:00","breadcrumb":{"@id":"https:\/\/www.bellunopress.it\/2026\/02\/04\/rinnovo-consiglio-provinciale-del-bianco-e-perenzin-al-presidente-della-provincia-padrin-convochi-le-elezioni-tra-il-17-e-il-19-marzo\/#breadcrumb"},"inLanguage":"fr-FR","potentialAction":[{"@type":"ReadAction","target":["https:\/\/www.bellunopress.it\/2026\/02\/04\/rinnovo-consiglio-provinciale-del-bianco-e-perenzin-al-presidente-della-provincia-padrin-convochi-le-elezioni-tra-il-17-e-il-19-marzo\/"]}]},{"@type":"ImageObject","inLanguage":"fr-FR","@id":"https:\/\/www.bellunopress.it\/2026\/02\/04\/rinnovo-consiglio-provinciale-del-bianco-e-perenzin-al-presidente-della-provincia-padrin-convochi-le-elezioni-tra-il-17-e-il-19-marzo\/#primaryimage","url":"https:\/\/www.bellunopress.it\/wp-content\/uploads\/2020\/03\/palazzo-piloni.jpg","contentUrl":"https:\/\/www.bellunopress.it\/wp-content\/uploads\/2020\/03\/palazzo-piloni.jpg","width":900,"height":667,"caption":"Palazzo Piloni, sede dell'amministrazione provinciale"},{"@type":"BreadcrumbList","@id":"https:\/\/www.bellunopress.it\/2026\/02\/04\/rinnovo-consiglio-provinciale-del-bianco-e-perenzin-al-presidente-della-provincia-padrin-convochi-le-elezioni-tra-il-17-e-il-19-marzo\/#breadcrumb","itemListElement":[{"@type":"ListItem","position":1,"name":"Home","item":"https:\/\/www.bellunopress.it\/"},{"@type":"ListItem","position":2,"name":"Rinnovo consiglio provinciale. Del Bianco e Perenzin al presidente della Provincia Padrin: &#8220;Convochi le elezioni tra il 17 e il 19 marzo&#8221;"}]},{"@type":"WebSite","@id":"https:\/\/www.bellunopress.it\/#website","url":"https:\/\/www.bellunopress.it\/","name":"Bellunopress - Dolomiti","description":"e-mail: redazione@bellunopress.it","publisher":{"@id":"https:\/\/www.bellunopress.it\/#organization"},"potentialAction":[{"@type":"SearchAction","target":{"@type":"EntryPoint","urlTemplate":"https:\/\/www.bellunopress.it\/?s={search_term_string}"},"query-input":{"@type":"PropertyValueSpecification","valueRequired":true,"valueName":"search_term_string"}}],"inLanguage":"fr-FR"},{"@type":"Organization","@id":"https:\/\/www.bellunopress.it\/#organization","name":"Bellunopress","url":"https:\/\/www.bellunopress.it\/","logo":{"@type":"ImageObject","inLanguage":"fr-FR","@id":"https:\/\/www.bellunopress.it\/#\/schema\/logo\/image\/","url":"https:\/\/www.bellunopress.it\/wp-content\/uploads\/2011\/05\/cropped-logo-bellunopress-.jpg","contentUrl":"https:\/\/www.bellunopress.it\/wp-content\/uploads\/2011\/05\/cropped-logo-bellunopress-.jpg","width":512,"height":512,"caption":"Bellunopress"},"image":{"@id":"https:\/\/www.bellunopress.it\/#\/schema\/logo\/image\/"},"sameAs":["https:\/\/www.facebook.com\/profile.php?id=100008943462799","https:\/\/x.com\/bellunopress","https:\/\/www.linkedin.com\/hp\/?dnr=JBzUWaJfMUw8vbXJJ2tVW5-I3jZKvC4wsoxE&amp;amp;amp;amp;amp;amp;trk=nav_responsive_tab_home","https:\/\/www.youtube.com\/channel\/UCxL0wu1uN0_3_7hGG0306cw"]},{"@type":"Person","@id":"https:\/\/www.bellunopress.it\/#\/schema\/person\/79bb06722b37ece1c03d3e94beb30d73","name":"r\u00e9daction","image":{"@type":"ImageObject","inLanguage":"fr-FR","@id":"https:\/\/secure.gravatar.com\/avatar\/37d968a2e67a6fd04c169c4bdef102d0bc5d31b2546345219e348575eb80e9a0?s=96&d=mm&r=g","url":"https:\/\/secure.gravatar.com\/avatar\/37d968a2e67a6fd04c169c4bdef102d0bc5d31b2546345219e348575eb80e9a0?s=96&d=mm&r=g","contentUrl":"https:\/\/secure.gravatar.com\/avatar\/37d968a2e67a6fd04c169c4bdef102d0bc5d31b2546345219e348575eb80e9a0?s=96&d=mm&r=g","caption":"redazione"},"sameAs":["http:\/\/www.bellunopress.it","https:\/\/x.com\/bellunopress"],"url":"https:\/\/www.bellunopress.it\/fr\/author\/redazione\/"}]}},"_links":{"self":[{"href":"https:\/\/www.bellunopress.it\/fr\/wp-json\/wp\/v2\/posts\/167165","targetHints":{"allow":["GET"]}}],"collection":[{"href":"https:\/\/www.bellunopress.it\/fr\/wp-json\/wp\/v2\/posts"}],"about":[{"href":"https:\/\/www.bellunopress.it\/fr\/wp-json\/wp\/v2\/types\/post"}],"author":[{"embeddable":true,"href":"https:\/\/www.bellunopress.it\/fr\/wp-json\/wp\/v2\/users\/2"}],"replies":[{"embeddable":true,"href":"https:\/\/www.bellunopress.it\/fr\/wp-json\/wp\/v2\/comments?post=167165"}],"version-history":[{"count":1,"href":"https:\/\/www.bellunopress.it\/fr\/wp-json\/wp\/v2\/posts\/167165\/revisions"}],"predecessor-version":[{"id":167166,"href":"https:\/\/www.bellunopress.it\/fr\/wp-json\/wp\/v2\/posts\/167165\/revisions\/167166"}],"wp:featuredmedia":[{"embeddable":true,"href":"https:\/\/www.bellunopress.it\/fr\/wp-json\/wp\/v2\/media\/112875"}],"wp:attachment":[{"href":"https:\/\/www.bellunopress.it\/fr\/wp-json\/wp\/v2\/media?parent=167165"}],"wp:term":[{"taxonomy":"category","embeddable":true,"href":"https:\/\/www.bellunopress.it\/fr\/wp-json\/wp\/v2\/categories?post=167165"},{"taxonomy":"post_tag","embeddable":true,"href":"https:\/\/www.bellunopress.it\/fr\/wp-json\/wp\/v2\/tags?post=167165"}],"curies":[{"name":"wp","href":"https:\/\/api.w.org\/{rel}","templated":true}]}}