{"id":167147,"date":"2026-02-15T20:29:33","date_gmt":"2026-02-15T19:29:33","guid":{"rendered":"https:\/\/www.bellunopress.it\/?p=167147"},"modified":"2026-02-04T10:34:04","modified_gmt":"2026-02-04T09:34:04","slug":"memoria-e-storia-a-belluno-i-giorni-drammatici-del-regio-esercito-dopo-l8-settembre","status":"publish","type":"post","link":"https:\/\/www.bellunopress.it\/fr\/2026\/02\/15\/memoria-e-storia-a-belluno-i-giorni-drammatici-del-regio-esercito-dopo-l8-settembre\/","title":{"rendered":"Memoria e storia: a Belluno i giorni drammatici del Regio Esercito dopo l&#8217;8 settembre"},"content":{"rendered":"<p data-path-to-node=\"3\">Belluno, 15\/02\/2026\u00a0\u2013 Il capoluogo bellunese si prepara a un nuovo appuntamento con la grande storia del confine orientale. Sabato 21 febbraio, alle ore 17.00, la sede del Circolo culturale &#8220;La Terra dei Padri&#8221; (via dei Molini, 10) ospiter\u00e0 la presentazione dell&#8217;ultimo saggio del ricercatore e saggista Franco Giuseppe Gobbato.<\/p>\n<p data-path-to-node=\"4\">L&#8217;opera, intitolata <i data-path-to-node=\"4\" data-index-in-node=\"20\">&#8220;I giorni dall&#8217;8 settembre 1943 per il Regio Esercito nel Nord-Est italiano&#8221;<\/i> (ed. Publimedia), getta nuova luce su uno dei momenti pi\u00f9 convulsi e tragici della storia patria: lo sbandamento e la resistenza dei militari italiani all&#8217;indomani dell&#8217;armistizio in un territorio strategico e tormentato.<\/p>\n<p data-path-to-node=\"6\">L&#8217;iniziativa nasce dalla sinergia tra la delegazione bellunese della Lega Nazionale di Trieste e il Circolo &#8220;La Terra dei Padri &#8211; Belluno APS&#8221;. L&#8217;incontro si inserisce ufficialmente nel quadro delle celebrazioni per il Giorno del Ricordo, istituito per legge nel 2004 per conservare la memoria della tragedia delle foibe, dell&#8217;esodo giuliano-dalmata e delle complessit\u00e0 storiche che hanno segnato il confine orientale italiano.<\/p>\n<p data-path-to-node=\"9\">Il volume di Gobbato analizza con rigore documentale il destino dei soldati del Regio Esercito che, dopo l&#8217;annuncio di Badoglio, si trovarono a operare nel Nord-Est, tra incertezza, occupazione tedesca e l&#8217;inizio della lotta partigiana.<\/p>\n<p data-path-to-node=\"10\"><strong>L&#8217;appuntamento con la grande storia:<\/strong><\/p>\n<ul data-path-to-node=\"11\">\n<li>\n<p data-path-to-node=\"11,0,0\">Relatore: Franco Giuseppe Gobbato, esperto ricercatore storico.<\/p>\n<\/li>\n<li>\n<p data-path-to-node=\"11,1,0\">Moderatore: L&#8217;introduzione e il dibattito saranno curati da Francesco Dematt\u00e8, Presidente del Circolo e delegato della Lega Nazionale.<\/p>\n<\/li>\n<li>\n<p data-path-to-node=\"11,2,0\">Location: La sala di Borgo Piave, situata davanti alla suggestiva chiesa di San Nicol\u00f2.<\/p>\n<\/li>\n<\/ul>\n<blockquote data-path-to-node=\"12\">\n<h6 style=\"text-align: left;\" data-path-to-node=\"12,0\">&#8220;Ricordare i fatti del confine orientale significa onorare la verit\u00e0 storica e il sacrificio di migliaia di italiani, militari e civili, che in quei giorni videro crollare il proprio mondo.&#8221;<\/h6>\n<\/blockquote>\n<p data-path-to-node=\"14\">L&#8217;ingresso \u00e8 aperto alla cittadinanza e rappresenta un&#8217;occasione preziosa per approfondire una pagina di storia locale e nazionale spesso rimasta in ombra nei manuali scolastici.<\/p>\n<ul data-path-to-node=\"15\">\n<li>\n<p data-path-to-node=\"15,0,0\">Dove: Via dei Molini, 10 &#8211; Belluno (Borgo Piave).<\/p>\n<\/li>\n<li>\n<p data-path-to-node=\"15,1,0\">Quando: Sabato 21 febbraio, ore 17.00.<\/p>\n<\/li>\n<\/ul>","protected":false},"excerpt":{"rendered":"<p>Belluno, 15\/02\/2026\u00a0\u2013 Il capoluogo bellunese si prepara a un nuovo appuntamento con la grande storia del confine orientale. Sabato 21 febbraio, alle ore 17.00, la sede del Circolo culturale &#8220;La Terra dei Padri&#8221; (via dei Molini, 10) ospiter\u00e0 la presentazione dell&#8217;ultimo saggio del ricercatore e saggista Franco Giuseppe Gobbato. L&#8217;opera, intitolata &#8220;I giorni dall&#8217;8 settembre [&hellip;]<\/p>\n","protected":false},"author":2,"featured_media":159629,"comment_status":"closed","ping_status":"open","sticky":false,"template":"","format":"standard","meta":{"footnotes":""},"categories":[27],"tags":[],"class_list":["post-167147","post","type-post","status-publish","format-standard","has-post-thumbnail","category-appuntamenti"],"yoast_head":"<!-- This site is optimized with the Yoast SEO plugin v28.4 - https:\/\/yoast.com\/product\/yoast-seo-wordpress\/ -->\n<title>Memoria e storia: a Belluno i giorni drammatici del Regio Esercito dopo l&#039;8 settembre - Bellunopress - Dolomiti<\/title>\n<meta name=\"robots\" content=\"index, follow, max-snippet:-1, max-image-preview:large, max-video-preview:-1\" \/>\n<link rel=\"canonical\" href=\"https:\/\/www.bellunopress.it\/fr\/2026\/02\/15\/memoria-e-storia-a-belluno-i-giorni-drammatici-del-regio-esercito-dopo-l8-settembre\/\" \/>\n<meta property=\"og:locale\" content=\"fr_FR\" \/>\n<meta property=\"og:type\" content=\"article\" \/>\n<meta property=\"og:title\" content=\"Memoria e storia: a Belluno i giorni drammatici del Regio Esercito dopo l&#039;8 settembre - Bellunopress - Dolomiti\" \/>\n<meta property=\"og:description\" content=\"Belluno, 15\/02\/2026\u00a0\u2013 Il capoluogo bellunese si prepara a un nuovo appuntamento con la grande storia del confine orientale. Sabato 21 febbraio, alle ore 17.00, la sede del Circolo culturale &#8220;La Terra dei Padri&#8221; (via dei Molini, 10) ospiter\u00e0 la presentazione dell&#8217;ultimo saggio del ricercatore e saggista Franco Giuseppe Gobbato. L&#8217;opera, intitolata &#8220;I giorni dall&#8217;8 settembre [&hellip;]\" \/>\n<meta property=\"og:url\" content=\"https:\/\/www.bellunopress.it\/fr\/2026\/02\/15\/memoria-e-storia-a-belluno-i-giorni-drammatici-del-regio-esercito-dopo-l8-settembre\/\" \/>\n<meta property=\"og:site_name\" content=\"Bellunopress - Dolomiti\" \/>\n<meta property=\"article:publisher\" content=\"https:\/\/www.facebook.com\/profile.php?id=100008943462799\" \/>\n<meta property=\"article:published_time\" content=\"2026-02-15T19:29:33+00:00\" \/>\n<meta property=\"og:image\" content=\"https:\/\/www.bellunopress.it\/wp-content\/uploads\/2025\/04\/Borgo-Piave-sede-Ass-Terra-dei-Padri-Dematte_edited.jpg\" \/>\n\t<meta property=\"og:image:width\" content=\"1000\" \/>\n\t<meta property=\"og:image:height\" content=\"690\" \/>\n\t<meta property=\"og:image:type\" content=\"image\/jpeg\" \/>\n<meta name=\"author\" content=\"redazione\" \/>\n<meta name=\"twitter:card\" content=\"summary_large_image\" \/>\n<meta name=\"twitter:creator\" content=\"@bellunopress\" \/>\n<meta name=\"twitter:site\" content=\"@bellunopress\" \/>\n<meta name=\"twitter:label1\" content=\"\u00c9crit par\" \/>\n\t<meta name=\"twitter:data1\" content=\"redazione\" \/>\n\t<meta name=\"twitter:label2\" content=\"Dur\u00e9e de lecture estim\u00e9e\" \/>\n\t<meta name=\"twitter:data2\" content=\"1 minute\" \/>\n<script type=\"application\/ld+json\" class=\"yoast-schema-graph\">{\"@context\":\"https:\\\/\\\/schema.org\",\"@graph\":[{\"@type\":\"Article\",\"@id\":\"https:\\\/\\\/www.bellunopress.it\\\/2026\\\/02\\\/15\\\/memoria-e-storia-a-belluno-i-giorni-drammatici-del-regio-esercito-dopo-l8-settembre\\\/#article\",\"isPartOf\":{\"@id\":\"https:\\\/\\\/www.bellunopress.it\\\/2026\\\/02\\\/15\\\/memoria-e-storia-a-belluno-i-giorni-drammatici-del-regio-esercito-dopo-l8-settembre\\\/\"},\"author\":{\"name\":\"redazione\",\"@id\":\"https:\\\/\\\/www.bellunopress.it\\\/#\\\/schema\\\/person\\\/79bb06722b37ece1c03d3e94beb30d73\"},\"headline\":\"Memoria e storia: a Belluno i giorni drammatici del Regio Esercito dopo l&#8217;8 settembre\",\"datePublished\":\"2026-02-15T19:29:33+00:00\",\"mainEntityOfPage\":{\"@id\":\"https:\\\/\\\/www.bellunopress.it\\\/2026\\\/02\\\/15\\\/memoria-e-storia-a-belluno-i-giorni-drammatici-del-regio-esercito-dopo-l8-settembre\\\/\"},\"wordCount\":323,\"publisher\":{\"@id\":\"https:\\\/\\\/www.bellunopress.it\\\/#organization\"},\"image\":{\"@id\":\"https:\\\/\\\/www.bellunopress.it\\\/2026\\\/02\\\/15\\\/memoria-e-storia-a-belluno-i-giorni-drammatici-del-regio-esercito-dopo-l8-settembre\\\/#primaryimage\"},\"thumbnailUrl\":\"https:\\\/\\\/www.bellunopress.it\\\/wp-content\\\/uploads\\\/2025\\\/04\\\/Borgo-Piave-sede-Ass-Terra-dei-Padri-Dematte_edited.jpg\",\"articleSection\":[\"Appuntamenti, Eventi\"],\"inLanguage\":\"fr-FR\"},{\"@type\":\"WebPage\",\"@id\":\"https:\\\/\\\/www.bellunopress.it\\\/2026\\\/02\\\/15\\\/memoria-e-storia-a-belluno-i-giorni-drammatici-del-regio-esercito-dopo-l8-settembre\\\/\",\"url\":\"https:\\\/\\\/www.bellunopress.it\\\/2026\\\/02\\\/15\\\/memoria-e-storia-a-belluno-i-giorni-drammatici-del-regio-esercito-dopo-l8-settembre\\\/\",\"name\":\"Memoria e storia: a Belluno i giorni drammatici del Regio Esercito dopo l'8 settembre - Bellunopress - Dolomiti\",\"isPartOf\":{\"@id\":\"https:\\\/\\\/www.bellunopress.it\\\/#website\"},\"primaryImageOfPage\":{\"@id\":\"https:\\\/\\\/www.bellunopress.it\\\/2026\\\/02\\\/15\\\/memoria-e-storia-a-belluno-i-giorni-drammatici-del-regio-esercito-dopo-l8-settembre\\\/#primaryimage\"},\"image\":{\"@id\":\"https:\\\/\\\/www.bellunopress.it\\\/2026\\\/02\\\/15\\\/memoria-e-storia-a-belluno-i-giorni-drammatici-del-regio-esercito-dopo-l8-settembre\\\/#primaryimage\"},\"thumbnailUrl\":\"https:\\\/\\\/www.bellunopress.it\\\/wp-content\\\/uploads\\\/2025\\\/04\\\/Borgo-Piave-sede-Ass-Terra-dei-Padri-Dematte_edited.jpg\",\"datePublished\":\"2026-02-15T19:29:33+00:00\",\"breadcrumb\":{\"@id\":\"https:\\\/\\\/www.bellunopress.it\\\/2026\\\/02\\\/15\\\/memoria-e-storia-a-belluno-i-giorni-drammatici-del-regio-esercito-dopo-l8-settembre\\\/#breadcrumb\"},\"inLanguage\":\"fr-FR\",\"potentialAction\":[{\"@type\":\"ReadAction\",\"target\":[\"https:\\\/\\\/www.bellunopress.it\\\/2026\\\/02\\\/15\\\/memoria-e-storia-a-belluno-i-giorni-drammatici-del-regio-esercito-dopo-l8-settembre\\\/\"]}]},{\"@type\":\"ImageObject\",\"inLanguage\":\"fr-FR\",\"@id\":\"https:\\\/\\\/www.bellunopress.it\\\/2026\\\/02\\\/15\\\/memoria-e-storia-a-belluno-i-giorni-drammatici-del-regio-esercito-dopo-l8-settembre\\\/#primaryimage\",\"url\":\"https:\\\/\\\/www.bellunopress.it\\\/wp-content\\\/uploads\\\/2025\\\/04\\\/Borgo-Piave-sede-Ass-Terra-dei-Padri-Dematte_edited.jpg\",\"contentUrl\":\"https:\\\/\\\/www.bellunopress.it\\\/wp-content\\\/uploads\\\/2025\\\/04\\\/Borgo-Piave-sede-Ass-Terra-dei-Padri-Dematte_edited.jpg\",\"width\":1000,\"height\":690,\"caption\":\"Belluno, piazzetta di Borgo Piave, via dei Molini 10 , sede dell'Associazione, di fronte alla chiesa di San Nicol\u00f2.\"},{\"@type\":\"BreadcrumbList\",\"@id\":\"https:\\\/\\\/www.bellunopress.it\\\/2026\\\/02\\\/15\\\/memoria-e-storia-a-belluno-i-giorni-drammatici-del-regio-esercito-dopo-l8-settembre\\\/#breadcrumb\",\"itemListElement\":[{\"@type\":\"ListItem\",\"position\":1,\"name\":\"Home\",\"item\":\"https:\\\/\\\/www.bellunopress.it\\\/\"},{\"@type\":\"ListItem\",\"position\":2,\"name\":\"Memoria e storia: a Belluno i giorni drammatici del Regio Esercito dopo l&#8217;8 settembre\"}]},{\"@type\":\"WebSite\",\"@id\":\"https:\\\/\\\/www.bellunopress.it\\\/#website\",\"url\":\"https:\\\/\\\/www.bellunopress.it\\\/\",\"name\":\"Bellunopress - Dolomiti\",\"description\":\"e-mail: redazione@bellunopress.it\",\"publisher\":{\"@id\":\"https:\\\/\\\/www.bellunopress.it\\\/#organization\"},\"potentialAction\":[{\"@type\":\"SearchAction\",\"target\":{\"@type\":\"EntryPoint\",\"urlTemplate\":\"https:\\\/\\\/www.bellunopress.it\\\/?s={search_term_string}\"},\"query-input\":{\"@type\":\"PropertyValueSpecification\",\"valueRequired\":true,\"valueName\":\"search_term_string\"}}],\"inLanguage\":\"fr-FR\"},{\"@type\":\"Organization\",\"@id\":\"https:\\\/\\\/www.bellunopress.it\\\/#organization\",\"name\":\"Bellunopress\",\"url\":\"https:\\\/\\\/www.bellunopress.it\\\/\",\"logo\":{\"@type\":\"ImageObject\",\"inLanguage\":\"fr-FR\",\"@id\":\"https:\\\/\\\/www.bellunopress.it\\\/#\\\/schema\\\/logo\\\/image\\\/\",\"url\":\"https:\\\/\\\/www.bellunopress.it\\\/wp-content\\\/uploads\\\/2011\\\/05\\\/cropped-logo-bellunopress-.jpg\",\"contentUrl\":\"https:\\\/\\\/www.bellunopress.it\\\/wp-content\\\/uploads\\\/2011\\\/05\\\/cropped-logo-bellunopress-.jpg\",\"width\":512,\"height\":512,\"caption\":\"Bellunopress\"},\"image\":{\"@id\":\"https:\\\/\\\/www.bellunopress.it\\\/#\\\/schema\\\/logo\\\/image\\\/\"},\"sameAs\":[\"https:\\\/\\\/www.facebook.com\\\/profile.php?id=100008943462799\",\"https:\\\/\\\/x.com\\\/bellunopress\",\"https:\\\/\\\/www.linkedin.com\\\/hp\\\/?dnr=JBzUWaJfMUw8vbXJJ2tVW5-I3jZKvC4wsoxE&amp;amp;amp;amp;amp;amp;trk=nav_responsive_tab_home\",\"https:\\\/\\\/www.youtube.com\\\/channel\\\/UCxL0wu1uN0_3_7hGG0306cw\"]},{\"@type\":\"Person\",\"@id\":\"https:\\\/\\\/www.bellunopress.it\\\/#\\\/schema\\\/person\\\/79bb06722b37ece1c03d3e94beb30d73\",\"name\":\"redazione\",\"image\":{\"@type\":\"ImageObject\",\"inLanguage\":\"fr-FR\",\"@id\":\"https:\\\/\\\/secure.gravatar.com\\\/avatar\\\/37d968a2e67a6fd04c169c4bdef102d0bc5d31b2546345219e348575eb80e9a0?s=96&d=mm&r=g\",\"url\":\"https:\\\/\\\/secure.gravatar.com\\\/avatar\\\/37d968a2e67a6fd04c169c4bdef102d0bc5d31b2546345219e348575eb80e9a0?s=96&d=mm&r=g\",\"contentUrl\":\"https:\\\/\\\/secure.gravatar.com\\\/avatar\\\/37d968a2e67a6fd04c169c4bdef102d0bc5d31b2546345219e348575eb80e9a0?s=96&d=mm&r=g\",\"caption\":\"redazione\"},\"sameAs\":[\"http:\\\/\\\/www.bellunopress.it\",\"https:\\\/\\\/x.com\\\/bellunopress\"],\"url\":\"https:\\\/\\\/www.bellunopress.it\\\/fr\\\/author\\\/redazione\\\/\"}]}<\/script>\n<!-- \/ Yoast SEO plugin. -->","yoast_head_json":{"title":"Memoria e storia: a Belluno i giorni drammatici del Regio Esercito dopo l'8 settembre - Bellunopress - Dolomiti","robots":{"index":"index","follow":"follow","max-snippet":"max-snippet:-1","max-image-preview":"max-image-preview:large","max-video-preview":"max-video-preview:-1"},"canonical":"https:\/\/www.bellunopress.it\/fr\/2026\/02\/15\/memoria-e-storia-a-belluno-i-giorni-drammatici-del-regio-esercito-dopo-l8-settembre\/","og_locale":"fr_FR","og_type":"article","og_title":"Memoria e storia: a Belluno i giorni drammatici del Regio Esercito dopo l'8 settembre - Bellunopress - Dolomiti","og_description":"Belluno, 15\/02\/2026\u00a0\u2013 Il capoluogo bellunese si prepara a un nuovo appuntamento con la grande storia del confine orientale. Sabato 21 febbraio, alle ore 17.00, la sede del Circolo culturale &#8220;La Terra dei Padri&#8221; (via dei Molini, 10) ospiter\u00e0 la presentazione dell&#8217;ultimo saggio del ricercatore e saggista Franco Giuseppe Gobbato. L&#8217;opera, intitolata &#8220;I giorni dall&#8217;8 settembre [&hellip;]","og_url":"https:\/\/www.bellunopress.it\/fr\/2026\/02\/15\/memoria-e-storia-a-belluno-i-giorni-drammatici-del-regio-esercito-dopo-l8-settembre\/","og_site_name":"Bellunopress - Dolomiti","article_publisher":"https:\/\/www.facebook.com\/profile.php?id=100008943462799","article_published_time":"2026-02-15T19:29:33+00:00","og_image":[{"width":1000,"height":690,"url":"https:\/\/www.bellunopress.it\/wp-content\/uploads\/2025\/04\/Borgo-Piave-sede-Ass-Terra-dei-Padri-Dematte_edited.jpg","type":"image\/jpeg"}],"author":"redazione","twitter_card":"summary_large_image","twitter_creator":"@bellunopress","twitter_site":"@bellunopress","twitter_misc":{"\u00c9crit par":"redazione","Dur\u00e9e de lecture estim\u00e9e":"1 minute"},"schema":{"@context":"https:\/\/schema.org","@graph":[{"@type":"Article","@id":"https:\/\/www.bellunopress.it\/2026\/02\/15\/memoria-e-storia-a-belluno-i-giorni-drammatici-del-regio-esercito-dopo-l8-settembre\/#article","isPartOf":{"@id":"https:\/\/www.bellunopress.it\/2026\/02\/15\/memoria-e-storia-a-belluno-i-giorni-drammatici-del-regio-esercito-dopo-l8-settembre\/"},"author":{"name":"redazione","@id":"https:\/\/www.bellunopress.it\/#\/schema\/person\/79bb06722b37ece1c03d3e94beb30d73"},"headline":"Memoria e storia: a Belluno i giorni drammatici del Regio Esercito dopo l&#8217;8 settembre","datePublished":"2026-02-15T19:29:33+00:00","mainEntityOfPage":{"@id":"https:\/\/www.bellunopress.it\/2026\/02\/15\/memoria-e-storia-a-belluno-i-giorni-drammatici-del-regio-esercito-dopo-l8-settembre\/"},"wordCount":323,"publisher":{"@id":"https:\/\/www.bellunopress.it\/#organization"},"image":{"@id":"https:\/\/www.bellunopress.it\/2026\/02\/15\/memoria-e-storia-a-belluno-i-giorni-drammatici-del-regio-esercito-dopo-l8-settembre\/#primaryimage"},"thumbnailUrl":"https:\/\/www.bellunopress.it\/wp-content\/uploads\/2025\/04\/Borgo-Piave-sede-Ass-Terra-dei-Padri-Dematte_edited.jpg","articleSection":["Appuntamenti, Eventi"],"inLanguage":"fr-FR"},{"@type":"WebPage","@id":"https:\/\/www.bellunopress.it\/2026\/02\/15\/memoria-e-storia-a-belluno-i-giorni-drammatici-del-regio-esercito-dopo-l8-settembre\/","url":"https:\/\/www.bellunopress.it\/2026\/02\/15\/memoria-e-storia-a-belluno-i-giorni-drammatici-del-regio-esercito-dopo-l8-settembre\/","name":"Memoria e storia: a Belluno i giorni drammatici del Regio Esercito dopo l'8 settembre - Bellunopress - Dolomiti","isPartOf":{"@id":"https:\/\/www.bellunopress.it\/#website"},"primaryImageOfPage":{"@id":"https:\/\/www.bellunopress.it\/2026\/02\/15\/memoria-e-storia-a-belluno-i-giorni-drammatici-del-regio-esercito-dopo-l8-settembre\/#primaryimage"},"image":{"@id":"https:\/\/www.bellunopress.it\/2026\/02\/15\/memoria-e-storia-a-belluno-i-giorni-drammatici-del-regio-esercito-dopo-l8-settembre\/#primaryimage"},"thumbnailUrl":"https:\/\/www.bellunopress.it\/wp-content\/uploads\/2025\/04\/Borgo-Piave-sede-Ass-Terra-dei-Padri-Dematte_edited.jpg","datePublished":"2026-02-15T19:29:33+00:00","breadcrumb":{"@id":"https:\/\/www.bellunopress.it\/2026\/02\/15\/memoria-e-storia-a-belluno-i-giorni-drammatici-del-regio-esercito-dopo-l8-settembre\/#breadcrumb"},"inLanguage":"fr-FR","potentialAction":[{"@type":"ReadAction","target":["https:\/\/www.bellunopress.it\/2026\/02\/15\/memoria-e-storia-a-belluno-i-giorni-drammatici-del-regio-esercito-dopo-l8-settembre\/"]}]},{"@type":"ImageObject","inLanguage":"fr-FR","@id":"https:\/\/www.bellunopress.it\/2026\/02\/15\/memoria-e-storia-a-belluno-i-giorni-drammatici-del-regio-esercito-dopo-l8-settembre\/#primaryimage","url":"https:\/\/www.bellunopress.it\/wp-content\/uploads\/2025\/04\/Borgo-Piave-sede-Ass-Terra-dei-Padri-Dematte_edited.jpg","contentUrl":"https:\/\/www.bellunopress.it\/wp-content\/uploads\/2025\/04\/Borgo-Piave-sede-Ass-Terra-dei-Padri-Dematte_edited.jpg","width":1000,"height":690,"caption":"Belluno, piazzetta di Borgo Piave, via dei Molini 10 , sede dell'Associazione, di fronte alla chiesa di San Nicol\u00f2."},{"@type":"BreadcrumbList","@id":"https:\/\/www.bellunopress.it\/2026\/02\/15\/memoria-e-storia-a-belluno-i-giorni-drammatici-del-regio-esercito-dopo-l8-settembre\/#breadcrumb","itemListElement":[{"@type":"ListItem","position":1,"name":"Home","item":"https:\/\/www.bellunopress.it\/"},{"@type":"ListItem","position":2,"name":"Memoria e storia: a Belluno i giorni drammatici del Regio Esercito dopo l&#8217;8 settembre"}]},{"@type":"WebSite","@id":"https:\/\/www.bellunopress.it\/#website","url":"https:\/\/www.bellunopress.it\/","name":"Bellunopress - Dolomiti","description":"e-mail: redazione@bellunopress.it","publisher":{"@id":"https:\/\/www.bellunopress.it\/#organization"},"potentialAction":[{"@type":"SearchAction","target":{"@type":"EntryPoint","urlTemplate":"https:\/\/www.bellunopress.it\/?s={search_term_string}"},"query-input":{"@type":"PropertyValueSpecification","valueRequired":true,"valueName":"search_term_string"}}],"inLanguage":"fr-FR"},{"@type":"Organization","@id":"https:\/\/www.bellunopress.it\/#organization","name":"Bellunopress","url":"https:\/\/www.bellunopress.it\/","logo":{"@type":"ImageObject","inLanguage":"fr-FR","@id":"https:\/\/www.bellunopress.it\/#\/schema\/logo\/image\/","url":"https:\/\/www.bellunopress.it\/wp-content\/uploads\/2011\/05\/cropped-logo-bellunopress-.jpg","contentUrl":"https:\/\/www.bellunopress.it\/wp-content\/uploads\/2011\/05\/cropped-logo-bellunopress-.jpg","width":512,"height":512,"caption":"Bellunopress"},"image":{"@id":"https:\/\/www.bellunopress.it\/#\/schema\/logo\/image\/"},"sameAs":["https:\/\/www.facebook.com\/profile.php?id=100008943462799","https:\/\/x.com\/bellunopress","https:\/\/www.linkedin.com\/hp\/?dnr=JBzUWaJfMUw8vbXJJ2tVW5-I3jZKvC4wsoxE&amp;amp;amp;amp;amp;amp;trk=nav_responsive_tab_home","https:\/\/www.youtube.com\/channel\/UCxL0wu1uN0_3_7hGG0306cw"]},{"@type":"Person","@id":"https:\/\/www.bellunopress.it\/#\/schema\/person\/79bb06722b37ece1c03d3e94beb30d73","name":"r\u00e9daction","image":{"@type":"ImageObject","inLanguage":"fr-FR","@id":"https:\/\/secure.gravatar.com\/avatar\/37d968a2e67a6fd04c169c4bdef102d0bc5d31b2546345219e348575eb80e9a0?s=96&d=mm&r=g","url":"https:\/\/secure.gravatar.com\/avatar\/37d968a2e67a6fd04c169c4bdef102d0bc5d31b2546345219e348575eb80e9a0?s=96&d=mm&r=g","contentUrl":"https:\/\/secure.gravatar.com\/avatar\/37d968a2e67a6fd04c169c4bdef102d0bc5d31b2546345219e348575eb80e9a0?s=96&d=mm&r=g","caption":"redazione"},"sameAs":["http:\/\/www.bellunopress.it","https:\/\/x.com\/bellunopress"],"url":"https:\/\/www.bellunopress.it\/fr\/author\/redazione\/"}]}},"_links":{"self":[{"href":"https:\/\/www.bellunopress.it\/fr\/wp-json\/wp\/v2\/posts\/167147","targetHints":{"allow":["GET"]}}],"collection":[{"href":"https:\/\/www.bellunopress.it\/fr\/wp-json\/wp\/v2\/posts"}],"about":[{"href":"https:\/\/www.bellunopress.it\/fr\/wp-json\/wp\/v2\/types\/post"}],"author":[{"embeddable":true,"href":"https:\/\/www.bellunopress.it\/fr\/wp-json\/wp\/v2\/users\/2"}],"replies":[{"embeddable":true,"href":"https:\/\/www.bellunopress.it\/fr\/wp-json\/wp\/v2\/comments?post=167147"}],"version-history":[{"count":1,"href":"https:\/\/www.bellunopress.it\/fr\/wp-json\/wp\/v2\/posts\/167147\/revisions"}],"predecessor-version":[{"id":167148,"href":"https:\/\/www.bellunopress.it\/fr\/wp-json\/wp\/v2\/posts\/167147\/revisions\/167148"}],"wp:featuredmedia":[{"embeddable":true,"href":"https:\/\/www.bellunopress.it\/fr\/wp-json\/wp\/v2\/media\/159629"}],"wp:attachment":[{"href":"https:\/\/www.bellunopress.it\/fr\/wp-json\/wp\/v2\/media?parent=167147"}],"wp:term":[{"taxonomy":"category","embeddable":true,"href":"https:\/\/www.bellunopress.it\/fr\/wp-json\/wp\/v2\/categories?post=167147"},{"taxonomy":"post_tag","embeddable":true,"href":"https:\/\/www.bellunopress.it\/fr\/wp-json\/wp\/v2\/tags?post=167147"}],"curies":[{"name":"wp","href":"https:\/\/api.w.org\/{rel}","templated":true}]}}