{"id":167105,"date":"2026-02-03T15:02:15","date_gmt":"2026-02-03T14:02:15","guid":{"rendered":"https:\/\/www.bellunopress.it\/?p=167105"},"modified":"2026-02-03T15:02:15","modified_gmt":"2026-02-03T14:02:15","slug":"via-al-progetto-robotica-del-gruppo-giovani-imprenditori","status":"publish","type":"post","link":"https:\/\/www.bellunopress.it\/fr\/2026\/02\/03\/via-al-progetto-robotica-del-gruppo-giovani-imprenditori\/","title":{"rendered":"Via al Progetto robotica del Gruppo giovani imprenditori"},"content":{"rendered":"<p>Belluno, 3 febbraio 2026 &#8211; Avvicinare i giovani al mondo della robotica: \u00e8 questo l\u2019obiettivo del nuovo progetto promosso dal Gruppo Giovani Imprenditori di Confindustria Belluno Dolomiti che vedr\u00e0 coinvolti gli studenti della classe seconda dell\u2019Istituto Canossiano di Feltre.<\/p>\n<p>Durante la settimana STEM, in programma in questi giorni &#8211; dal 2 al 6 febbraio \u2013 i ragazzi saranno impegnati nella costruzione di quattro robot del peso di circa 150 grammi a partire da un kit con i materiali necessari, messo a disposizione dall\u2019associazione industriali. I robot costruiti dagli studenti parteciperanno successivamente a una sfida, un contest tra piccoli robot radiocomandati, inserita all\u2019interno della fiera \u201cInnovation Faire Sovramonte\u201d, evento dedicato a innovazione, tecnologia e creativit\u00e0 che si terr\u00e0 a fine aprile.<\/p>\n<p>\u201cInvestire nella formazione dei giovani significa investire nel futuro del nostro territorio\u201d \u2013 dichiara Lorraine Berton, presidente di Confindustria Belluno Dolomiti \u2013. \u201cProgetti come questo permettono di avvicinare concretamente i ragazzi all\u2019innovazione e alle competenze richieste dal mondo produttivo, creando un ponte reale tra scuola e impresa\u201d.<\/p>\n<p>L\u2019iniziativa rientra in un pi\u00f9 ampio progetto di collaborazione tra scuola e mondo imprenditoriale, come sottolinea Michele Da Rold, presidente del Gruppo Giovani Imprenditori: &#8220;Come Giovani Imprenditori sentiamo la responsabilit\u00e0 di guidare le nuove generazioni verso il futuro. Portare la robotica in classe significa offrire ai ragazzi un\u2019esperienza stimolante, capace di accendere curiosit\u00e0 e passione per le discipline STEM, e mostrare concretamente le opportunit\u00e0 professionali che il nostro territorio pu\u00f2 offrire.&#8221;<\/p>\n<p>Pi\u00f9 in specifico, Luca Anselmi, responsabile del progetto robotica per il Gruppo Giovani Imprenditori aggiunge \u201cOggi la sfida pi\u00f9 grande nel coinvolgere i giovani \u00e8 riaccendere la loro curiosit\u00e0. \u00c8 proprio da questa consapevolezza che nasce un\u2019esperienza formativa unica nel suo genere. I ragazzi vengono guidati a pensare in modo critico, a collaborare e a trasformare le idee in azione, progettando, costruendo e mettendo in funzione mini robot radiocomandati. Il percorso prende avvio come un gioco, ma evolve progressivamente in un confronto reale con coetanei provenienti da diverse regioni d\u2019Italia: un passaggio fondamentale che diventa una forte leva motivazionale e un\u2019occasione per imparare a uscire dalla propria zona di comfort.\u201d<\/p>","protected":false},"excerpt":{"rendered":"<p>Belluno, 3 febbraio 2026 &#8211; Avvicinare i giovani al mondo della robotica: \u00e8 questo l\u2019obiettivo del nuovo progetto promosso dal Gruppo Giovani Imprenditori di Confindustria Belluno Dolomiti che vedr\u00e0 coinvolti gli studenti della classe seconda dell\u2019Istituto Canossiano di Feltre. Durante la settimana STEM, in programma in questi giorni &#8211; dal 2 al 6 febbraio \u2013 [&hellip;]<\/p>\n","protected":false},"author":2,"featured_media":167106,"comment_status":"closed","ping_status":"open","sticky":false,"template":"","format":"standard","meta":{"footnotes":""},"categories":[15],"tags":[],"class_list":["post-167105","post","type-post","status-publish","format-standard","has-post-thumbnail","category-scuola"],"yoast_head":"<!-- This site is optimized with the Yoast SEO plugin v28.4 - https:\/\/yoast.com\/product\/yoast-seo-wordpress\/ -->\n<title>Via al Progetto robotica del Gruppo giovani imprenditori - Bellunopress - Dolomiti<\/title>\n<meta name=\"robots\" content=\"index, follow, max-snippet:-1, max-image-preview:large, max-video-preview:-1\" \/>\n<link rel=\"canonical\" href=\"https:\/\/www.bellunopress.it\/fr\/2026\/02\/03\/via-al-progetto-robotica-del-gruppo-giovani-imprenditori\/\" \/>\n<meta property=\"og:locale\" content=\"fr_FR\" \/>\n<meta property=\"og:type\" content=\"article\" \/>\n<meta property=\"og:title\" content=\"Via al Progetto robotica del Gruppo giovani imprenditori - Bellunopress - Dolomiti\" \/>\n<meta property=\"og:description\" content=\"Belluno, 3 febbraio 2026 &#8211; Avvicinare i giovani al mondo della robotica: \u00e8 questo l\u2019obiettivo del nuovo progetto promosso dal Gruppo Giovani Imprenditori di Confindustria Belluno Dolomiti che vedr\u00e0 coinvolti gli studenti della classe seconda dell\u2019Istituto Canossiano di Feltre. Durante la settimana STEM, in programma in questi giorni &#8211; dal 2 al 6 febbraio \u2013 [&hellip;]\" \/>\n<meta property=\"og:url\" content=\"https:\/\/www.bellunopress.it\/fr\/2026\/02\/03\/via-al-progetto-robotica-del-gruppo-giovani-imprenditori\/\" \/>\n<meta property=\"og:site_name\" content=\"Bellunopress - Dolomiti\" \/>\n<meta property=\"article:publisher\" content=\"https:\/\/www.facebook.com\/profile.php?id=100008943462799\" \/>\n<meta property=\"article:published_time\" content=\"2026-02-03T14:02:15+00:00\" \/>\n<meta property=\"og:image\" content=\"https:\/\/www.bellunopress.it\/wp-content\/uploads\/2026\/02\/mini-robot.jpeg\" \/>\n\t<meta property=\"og:image:width\" content=\"600\" \/>\n\t<meta property=\"og:image:height\" content=\"492\" \/>\n\t<meta property=\"og:image:type\" content=\"image\/jpeg\" \/>\n<meta name=\"author\" content=\"redazione\" \/>\n<meta name=\"twitter:card\" content=\"summary_large_image\" \/>\n<meta name=\"twitter:creator\" content=\"@bellunopress\" \/>\n<meta name=\"twitter:site\" content=\"@bellunopress\" \/>\n<meta name=\"twitter:label1\" content=\"\u00c9crit par\" \/>\n\t<meta name=\"twitter:data1\" content=\"redazione\" \/>\n\t<meta name=\"twitter:label2\" content=\"Dur\u00e9e de lecture estim\u00e9e\" \/>\n\t<meta name=\"twitter:data2\" content=\"2 minutes\" \/>\n<script type=\"application\/ld+json\" class=\"yoast-schema-graph\">{\"@context\":\"https:\\\/\\\/schema.org\",\"@graph\":[{\"@type\":\"Article\",\"@id\":\"https:\\\/\\\/www.bellunopress.it\\\/2026\\\/02\\\/03\\\/via-al-progetto-robotica-del-gruppo-giovani-imprenditori\\\/#article\",\"isPartOf\":{\"@id\":\"https:\\\/\\\/www.bellunopress.it\\\/2026\\\/02\\\/03\\\/via-al-progetto-robotica-del-gruppo-giovani-imprenditori\\\/\"},\"author\":{\"name\":\"redazione\",\"@id\":\"https:\\\/\\\/www.bellunopress.it\\\/#\\\/schema\\\/person\\\/79bb06722b37ece1c03d3e94beb30d73\"},\"headline\":\"Via al Progetto robotica del Gruppo giovani imprenditori\",\"datePublished\":\"2026-02-03T14:02:15+00:00\",\"mainEntityOfPage\":{\"@id\":\"https:\\\/\\\/www.bellunopress.it\\\/2026\\\/02\\\/03\\\/via-al-progetto-robotica-del-gruppo-giovani-imprenditori\\\/\"},\"wordCount\":355,\"publisher\":{\"@id\":\"https:\\\/\\\/www.bellunopress.it\\\/#organization\"},\"image\":{\"@id\":\"https:\\\/\\\/www.bellunopress.it\\\/2026\\\/02\\\/03\\\/via-al-progetto-robotica-del-gruppo-giovani-imprenditori\\\/#primaryimage\"},\"thumbnailUrl\":\"https:\\\/\\\/www.bellunopress.it\\\/wp-content\\\/uploads\\\/2026\\\/02\\\/mini-robot.jpeg\",\"articleSection\":[\"Scuola\"],\"inLanguage\":\"fr-FR\"},{\"@type\":\"WebPage\",\"@id\":\"https:\\\/\\\/www.bellunopress.it\\\/2026\\\/02\\\/03\\\/via-al-progetto-robotica-del-gruppo-giovani-imprenditori\\\/\",\"url\":\"https:\\\/\\\/www.bellunopress.it\\\/2026\\\/02\\\/03\\\/via-al-progetto-robotica-del-gruppo-giovani-imprenditori\\\/\",\"name\":\"Via al Progetto robotica del Gruppo giovani imprenditori - Bellunopress - Dolomiti\",\"isPartOf\":{\"@id\":\"https:\\\/\\\/www.bellunopress.it\\\/#website\"},\"primaryImageOfPage\":{\"@id\":\"https:\\\/\\\/www.bellunopress.it\\\/2026\\\/02\\\/03\\\/via-al-progetto-robotica-del-gruppo-giovani-imprenditori\\\/#primaryimage\"},\"image\":{\"@id\":\"https:\\\/\\\/www.bellunopress.it\\\/2026\\\/02\\\/03\\\/via-al-progetto-robotica-del-gruppo-giovani-imprenditori\\\/#primaryimage\"},\"thumbnailUrl\":\"https:\\\/\\\/www.bellunopress.it\\\/wp-content\\\/uploads\\\/2026\\\/02\\\/mini-robot.jpeg\",\"datePublished\":\"2026-02-03T14:02:15+00:00\",\"breadcrumb\":{\"@id\":\"https:\\\/\\\/www.bellunopress.it\\\/2026\\\/02\\\/03\\\/via-al-progetto-robotica-del-gruppo-giovani-imprenditori\\\/#breadcrumb\"},\"inLanguage\":\"fr-FR\",\"potentialAction\":[{\"@type\":\"ReadAction\",\"target\":[\"https:\\\/\\\/www.bellunopress.it\\\/2026\\\/02\\\/03\\\/via-al-progetto-robotica-del-gruppo-giovani-imprenditori\\\/\"]}]},{\"@type\":\"ImageObject\",\"inLanguage\":\"fr-FR\",\"@id\":\"https:\\\/\\\/www.bellunopress.it\\\/2026\\\/02\\\/03\\\/via-al-progetto-robotica-del-gruppo-giovani-imprenditori\\\/#primaryimage\",\"url\":\"https:\\\/\\\/www.bellunopress.it\\\/wp-content\\\/uploads\\\/2026\\\/02\\\/mini-robot.jpeg\",\"contentUrl\":\"https:\\\/\\\/www.bellunopress.it\\\/wp-content\\\/uploads\\\/2026\\\/02\\\/mini-robot.jpeg\",\"width\":600,\"height\":492,\"caption\":\"Mini robot\"},{\"@type\":\"BreadcrumbList\",\"@id\":\"https:\\\/\\\/www.bellunopress.it\\\/2026\\\/02\\\/03\\\/via-al-progetto-robotica-del-gruppo-giovani-imprenditori\\\/#breadcrumb\",\"itemListElement\":[{\"@type\":\"ListItem\",\"position\":1,\"name\":\"Home\",\"item\":\"https:\\\/\\\/www.bellunopress.it\\\/\"},{\"@type\":\"ListItem\",\"position\":2,\"name\":\"Via al Progetto robotica del Gruppo giovani imprenditori\"}]},{\"@type\":\"WebSite\",\"@id\":\"https:\\\/\\\/www.bellunopress.it\\\/#website\",\"url\":\"https:\\\/\\\/www.bellunopress.it\\\/\",\"name\":\"Bellunopress - Dolomiti\",\"description\":\"e-mail: redazione@bellunopress.it\",\"publisher\":{\"@id\":\"https:\\\/\\\/www.bellunopress.it\\\/#organization\"},\"potentialAction\":[{\"@type\":\"SearchAction\",\"target\":{\"@type\":\"EntryPoint\",\"urlTemplate\":\"https:\\\/\\\/www.bellunopress.it\\\/?s={search_term_string}\"},\"query-input\":{\"@type\":\"PropertyValueSpecification\",\"valueRequired\":true,\"valueName\":\"search_term_string\"}}],\"inLanguage\":\"fr-FR\"},{\"@type\":\"Organization\",\"@id\":\"https:\\\/\\\/www.bellunopress.it\\\/#organization\",\"name\":\"Bellunopress\",\"url\":\"https:\\\/\\\/www.bellunopress.it\\\/\",\"logo\":{\"@type\":\"ImageObject\",\"inLanguage\":\"fr-FR\",\"@id\":\"https:\\\/\\\/www.bellunopress.it\\\/#\\\/schema\\\/logo\\\/image\\\/\",\"url\":\"https:\\\/\\\/www.bellunopress.it\\\/wp-content\\\/uploads\\\/2011\\\/05\\\/cropped-logo-bellunopress-.jpg\",\"contentUrl\":\"https:\\\/\\\/www.bellunopress.it\\\/wp-content\\\/uploads\\\/2011\\\/05\\\/cropped-logo-bellunopress-.jpg\",\"width\":512,\"height\":512,\"caption\":\"Bellunopress\"},\"image\":{\"@id\":\"https:\\\/\\\/www.bellunopress.it\\\/#\\\/schema\\\/logo\\\/image\\\/\"},\"sameAs\":[\"https:\\\/\\\/www.facebook.com\\\/profile.php?id=100008943462799\",\"https:\\\/\\\/x.com\\\/bellunopress\",\"https:\\\/\\\/www.linkedin.com\\\/hp\\\/?dnr=JBzUWaJfMUw8vbXJJ2tVW5-I3jZKvC4wsoxE&amp;amp;amp;amp;amp;amp;trk=nav_responsive_tab_home\",\"https:\\\/\\\/www.youtube.com\\\/channel\\\/UCxL0wu1uN0_3_7hGG0306cw\"]},{\"@type\":\"Person\",\"@id\":\"https:\\\/\\\/www.bellunopress.it\\\/#\\\/schema\\\/person\\\/79bb06722b37ece1c03d3e94beb30d73\",\"name\":\"redazione\",\"image\":{\"@type\":\"ImageObject\",\"inLanguage\":\"fr-FR\",\"@id\":\"https:\\\/\\\/secure.gravatar.com\\\/avatar\\\/37d968a2e67a6fd04c169c4bdef102d0bc5d31b2546345219e348575eb80e9a0?s=96&d=mm&r=g\",\"url\":\"https:\\\/\\\/secure.gravatar.com\\\/avatar\\\/37d968a2e67a6fd04c169c4bdef102d0bc5d31b2546345219e348575eb80e9a0?s=96&d=mm&r=g\",\"contentUrl\":\"https:\\\/\\\/secure.gravatar.com\\\/avatar\\\/37d968a2e67a6fd04c169c4bdef102d0bc5d31b2546345219e348575eb80e9a0?s=96&d=mm&r=g\",\"caption\":\"redazione\"},\"sameAs\":[\"http:\\\/\\\/www.bellunopress.it\",\"https:\\\/\\\/x.com\\\/bellunopress\"],\"url\":\"https:\\\/\\\/www.bellunopress.it\\\/fr\\\/author\\\/redazione\\\/\"}]}<\/script>\n<!-- \/ Yoast SEO plugin. -->","yoast_head_json":{"title":"Via al Progetto robotica del Gruppo giovani imprenditori - Bellunopress - Dolomiti","robots":{"index":"index","follow":"follow","max-snippet":"max-snippet:-1","max-image-preview":"max-image-preview:large","max-video-preview":"max-video-preview:-1"},"canonical":"https:\/\/www.bellunopress.it\/fr\/2026\/02\/03\/via-al-progetto-robotica-del-gruppo-giovani-imprenditori\/","og_locale":"fr_FR","og_type":"article","og_title":"Via al Progetto robotica del Gruppo giovani imprenditori - Bellunopress - Dolomiti","og_description":"Belluno, 3 febbraio 2026 &#8211; Avvicinare i giovani al mondo della robotica: \u00e8 questo l\u2019obiettivo del nuovo progetto promosso dal Gruppo Giovani Imprenditori di Confindustria Belluno Dolomiti che vedr\u00e0 coinvolti gli studenti della classe seconda dell\u2019Istituto Canossiano di Feltre. Durante la settimana STEM, in programma in questi giorni &#8211; dal 2 al 6 febbraio \u2013 [&hellip;]","og_url":"https:\/\/www.bellunopress.it\/fr\/2026\/02\/03\/via-al-progetto-robotica-del-gruppo-giovani-imprenditori\/","og_site_name":"Bellunopress - Dolomiti","article_publisher":"https:\/\/www.facebook.com\/profile.php?id=100008943462799","article_published_time":"2026-02-03T14:02:15+00:00","og_image":[{"width":600,"height":492,"url":"https:\/\/www.bellunopress.it\/wp-content\/uploads\/2026\/02\/mini-robot.jpeg","type":"image\/jpeg"}],"author":"redazione","twitter_card":"summary_large_image","twitter_creator":"@bellunopress","twitter_site":"@bellunopress","twitter_misc":{"\u00c9crit par":"redazione","Dur\u00e9e de lecture estim\u00e9e":"2 minutes"},"schema":{"@context":"https:\/\/schema.org","@graph":[{"@type":"Article","@id":"https:\/\/www.bellunopress.it\/2026\/02\/03\/via-al-progetto-robotica-del-gruppo-giovani-imprenditori\/#article","isPartOf":{"@id":"https:\/\/www.bellunopress.it\/2026\/02\/03\/via-al-progetto-robotica-del-gruppo-giovani-imprenditori\/"},"author":{"name":"redazione","@id":"https:\/\/www.bellunopress.it\/#\/schema\/person\/79bb06722b37ece1c03d3e94beb30d73"},"headline":"Via al Progetto robotica del Gruppo giovani imprenditori","datePublished":"2026-02-03T14:02:15+00:00","mainEntityOfPage":{"@id":"https:\/\/www.bellunopress.it\/2026\/02\/03\/via-al-progetto-robotica-del-gruppo-giovani-imprenditori\/"},"wordCount":355,"publisher":{"@id":"https:\/\/www.bellunopress.it\/#organization"},"image":{"@id":"https:\/\/www.bellunopress.it\/2026\/02\/03\/via-al-progetto-robotica-del-gruppo-giovani-imprenditori\/#primaryimage"},"thumbnailUrl":"https:\/\/www.bellunopress.it\/wp-content\/uploads\/2026\/02\/mini-robot.jpeg","articleSection":["Scuola"],"inLanguage":"fr-FR"},{"@type":"WebPage","@id":"https:\/\/www.bellunopress.it\/2026\/02\/03\/via-al-progetto-robotica-del-gruppo-giovani-imprenditori\/","url":"https:\/\/www.bellunopress.it\/2026\/02\/03\/via-al-progetto-robotica-del-gruppo-giovani-imprenditori\/","name":"Via al Progetto robotica del Gruppo giovani imprenditori - Bellunopress - Dolomiti","isPartOf":{"@id":"https:\/\/www.bellunopress.it\/#website"},"primaryImageOfPage":{"@id":"https:\/\/www.bellunopress.it\/2026\/02\/03\/via-al-progetto-robotica-del-gruppo-giovani-imprenditori\/#primaryimage"},"image":{"@id":"https:\/\/www.bellunopress.it\/2026\/02\/03\/via-al-progetto-robotica-del-gruppo-giovani-imprenditori\/#primaryimage"},"thumbnailUrl":"https:\/\/www.bellunopress.it\/wp-content\/uploads\/2026\/02\/mini-robot.jpeg","datePublished":"2026-02-03T14:02:15+00:00","breadcrumb":{"@id":"https:\/\/www.bellunopress.it\/2026\/02\/03\/via-al-progetto-robotica-del-gruppo-giovani-imprenditori\/#breadcrumb"},"inLanguage":"fr-FR","potentialAction":[{"@type":"ReadAction","target":["https:\/\/www.bellunopress.it\/2026\/02\/03\/via-al-progetto-robotica-del-gruppo-giovani-imprenditori\/"]}]},{"@type":"ImageObject","inLanguage":"fr-FR","@id":"https:\/\/www.bellunopress.it\/2026\/02\/03\/via-al-progetto-robotica-del-gruppo-giovani-imprenditori\/#primaryimage","url":"https:\/\/www.bellunopress.it\/wp-content\/uploads\/2026\/02\/mini-robot.jpeg","contentUrl":"https:\/\/www.bellunopress.it\/wp-content\/uploads\/2026\/02\/mini-robot.jpeg","width":600,"height":492,"caption":"Mini robot"},{"@type":"BreadcrumbList","@id":"https:\/\/www.bellunopress.it\/2026\/02\/03\/via-al-progetto-robotica-del-gruppo-giovani-imprenditori\/#breadcrumb","itemListElement":[{"@type":"ListItem","position":1,"name":"Home","item":"https:\/\/www.bellunopress.it\/"},{"@type":"ListItem","position":2,"name":"Via al Progetto robotica del Gruppo giovani imprenditori"}]},{"@type":"WebSite","@id":"https:\/\/www.bellunopress.it\/#website","url":"https:\/\/www.bellunopress.it\/","name":"Bellunopress - Dolomiti","description":"e-mail: redazione@bellunopress.it","publisher":{"@id":"https:\/\/www.bellunopress.it\/#organization"},"potentialAction":[{"@type":"SearchAction","target":{"@type":"EntryPoint","urlTemplate":"https:\/\/www.bellunopress.it\/?s={search_term_string}"},"query-input":{"@type":"PropertyValueSpecification","valueRequired":true,"valueName":"search_term_string"}}],"inLanguage":"fr-FR"},{"@type":"Organization","@id":"https:\/\/www.bellunopress.it\/#organization","name":"Bellunopress","url":"https:\/\/www.bellunopress.it\/","logo":{"@type":"ImageObject","inLanguage":"fr-FR","@id":"https:\/\/www.bellunopress.it\/#\/schema\/logo\/image\/","url":"https:\/\/www.bellunopress.it\/wp-content\/uploads\/2011\/05\/cropped-logo-bellunopress-.jpg","contentUrl":"https:\/\/www.bellunopress.it\/wp-content\/uploads\/2011\/05\/cropped-logo-bellunopress-.jpg","width":512,"height":512,"caption":"Bellunopress"},"image":{"@id":"https:\/\/www.bellunopress.it\/#\/schema\/logo\/image\/"},"sameAs":["https:\/\/www.facebook.com\/profile.php?id=100008943462799","https:\/\/x.com\/bellunopress","https:\/\/www.linkedin.com\/hp\/?dnr=JBzUWaJfMUw8vbXJJ2tVW5-I3jZKvC4wsoxE&amp;amp;amp;amp;amp;amp;trk=nav_responsive_tab_home","https:\/\/www.youtube.com\/channel\/UCxL0wu1uN0_3_7hGG0306cw"]},{"@type":"Person","@id":"https:\/\/www.bellunopress.it\/#\/schema\/person\/79bb06722b37ece1c03d3e94beb30d73","name":"r\u00e9daction","image":{"@type":"ImageObject","inLanguage":"fr-FR","@id":"https:\/\/secure.gravatar.com\/avatar\/37d968a2e67a6fd04c169c4bdef102d0bc5d31b2546345219e348575eb80e9a0?s=96&d=mm&r=g","url":"https:\/\/secure.gravatar.com\/avatar\/37d968a2e67a6fd04c169c4bdef102d0bc5d31b2546345219e348575eb80e9a0?s=96&d=mm&r=g","contentUrl":"https:\/\/secure.gravatar.com\/avatar\/37d968a2e67a6fd04c169c4bdef102d0bc5d31b2546345219e348575eb80e9a0?s=96&d=mm&r=g","caption":"redazione"},"sameAs":["http:\/\/www.bellunopress.it","https:\/\/x.com\/bellunopress"],"url":"https:\/\/www.bellunopress.it\/fr\/author\/redazione\/"}]}},"_links":{"self":[{"href":"https:\/\/www.bellunopress.it\/fr\/wp-json\/wp\/v2\/posts\/167105","targetHints":{"allow":["GET"]}}],"collection":[{"href":"https:\/\/www.bellunopress.it\/fr\/wp-json\/wp\/v2\/posts"}],"about":[{"href":"https:\/\/www.bellunopress.it\/fr\/wp-json\/wp\/v2\/types\/post"}],"author":[{"embeddable":true,"href":"https:\/\/www.bellunopress.it\/fr\/wp-json\/wp\/v2\/users\/2"}],"replies":[{"embeddable":true,"href":"https:\/\/www.bellunopress.it\/fr\/wp-json\/wp\/v2\/comments?post=167105"}],"version-history":[{"count":1,"href":"https:\/\/www.bellunopress.it\/fr\/wp-json\/wp\/v2\/posts\/167105\/revisions"}],"predecessor-version":[{"id":167107,"href":"https:\/\/www.bellunopress.it\/fr\/wp-json\/wp\/v2\/posts\/167105\/revisions\/167107"}],"wp:featuredmedia":[{"embeddable":true,"href":"https:\/\/www.bellunopress.it\/fr\/wp-json\/wp\/v2\/media\/167106"}],"wp:attachment":[{"href":"https:\/\/www.bellunopress.it\/fr\/wp-json\/wp\/v2\/media?parent=167105"}],"wp:term":[{"taxonomy":"category","embeddable":true,"href":"https:\/\/www.bellunopress.it\/fr\/wp-json\/wp\/v2\/categories?post=167105"},{"taxonomy":"post_tag","embeddable":true,"href":"https:\/\/www.bellunopress.it\/fr\/wp-json\/wp\/v2\/tags?post=167105"}],"curies":[{"name":"wp","href":"https:\/\/api.w.org\/{rel}","templated":true}]}}