{"id":167098,"date":"2026-02-03T10:49:42","date_gmt":"2026-02-03T09:49:42","guid":{"rendered":"https:\/\/www.bellunopress.it\/?p=167098"},"modified":"2026-02-03T10:49:42","modified_gmt":"2026-02-03T09:49:42","slug":"olimpiadi-leffetto-sul-servizio-flixbus-340-di-prenotazioni-per-cortina-rispetto-al-2025","status":"publish","type":"post","link":"https:\/\/www.bellunopress.it\/fr\/2026\/02\/03\/olimpiadi-leffetto-sul-servizio-flixbus-340-di-prenotazioni-per-cortina-rispetto-al-2025\/","title":{"rendered":"Olimpiadi, l\u2019effetto sul servizio FlixBus: +340% di prenotazioni per Cortina rispetto al 2025"},"content":{"rendered":"<p><strong>In mancanza di collegamenti in treno, l\u2019autobus \u00e8 centrale per la mobilit\u00e0 degli spettatori.<\/strong><br \/>\n<strong>Cesare Neglia, MD Italia: \u00abNon si trascurino le autostazioni, snodo cruciale di accoglienza\u00bb<\/strong><\/p>\n<p>Milano, 3 febbraio 2026 \u2013 Le Olimpiadi invernali di Milano-Cortina fanno impennare la domanda di viaggi in autobus: nei giorni della manifestazione (dal 6 al 22 febbraio 2026), FlixBus stima un incremento di oltre il 340% nelle prenotazioni dei viaggi per Cortina d\u2019Ampezzo rispetto allo stesso periodo nel 2025. A confronto con l\u2019anno scorso, la domanda risulta pi\u00f9 che quadruplicata.<\/p>\n<p><strong>Potenziato il servizio sulle tratte per Cortina: le frequenze e gli orari<\/strong><\/p>\n<p>Gi\u00e0 da dicembre, in vista della stagione sciistica, FlixBus aveva potenziato i collegamenti da Milano e Venezia per Cortina, rendendoli operativi sette giorni su sette.<\/p>\n<p>Durante le Olimpiadi, tra Milano Lampugnano e Cortina opereranno due corse giornaliere (con partenze alle 6:30 e alle 14:30), cos\u00ec come da Venezia Mestre, con partenze alle 10:40 e alle 18:30.<\/p>\n<p>A beneficio degli spettatori in arrivo dall\u2019estero, FlixBus collegher\u00e0 Cortina anche con gli scali di Venezia Marco Polo (due corse al giorno, alle 11:35 e 19:25) e Bergamo Orio al Serio (una corsa alle 15:30).<\/p>\n<p>Su tutti questi collegamenti, l\u2019autobus supplisce alla mancanza di un servizio ferroviario e si offre come unica alternativa all\u2019auto, confermandosi una risorsa preziosa per la mobilit\u00e0 delle persone dirette a Cortina e una soluzione per mitigare gli effetti del traffico stradale dal punto di vista del congestionamento ma anche ambientale.<\/p>\n<p>Grazie a una flotta all\u2019avanguardia, infatti, chi utilizza FlixBus in Italia emette in media 27.8 g CO2 per km contro i 164 g CO2 per km dell\u2019auto privata, riducendo la propria impronta carbonica dell\u201983%.[1]<\/p>\n<p><strong>L\u2019autobus una risorsa preziosa per i grandi eventi, da valorizzare con infrastrutture adeguate<\/strong><\/p>\n<p>Per valorizzare il potenziale dell\u2019autobus, \u00e8 indispensabile garantire un\u2019infrastruttura adeguata caratterizzata da alti standard di sicurezza ed efficienza, come gi\u00e0 ricordato da FlixBus in pi\u00f9 occasioni:<\/p>\n<p>\u00abPer troppo tempo il discorso sulle infrastrutture in Italia \u00e8 stato sbilanciato su stazioni ferroviarie e aeroporti, a discapito delle autostazioni. Ma l\u2019autobus non pu\u00f2 essere considerato un mezzo di serie B, come dimostrano gli oltre 50 milioni di persone che abbiamo trasportato in Italia. Al contrario, oltre che una risorsa capace di democratizzare il viaggio, \u00e8 cruciale per raggiungere luoghi sede di grandi eventi come Cortina, dove il treno non arriva. In quanto tale, deve essere valorizzato con investimenti che rendano i terminal sicuri e funzionali,\u00bb ha detto Cesare Neglia, Managing Director di FlixBus Italia.<\/p>\n<p>&nbsp;<\/p>\n<p>&nbsp;<\/p>\n","protected":false},"excerpt":{"rendered":"<p>In mancanza di collegamenti in treno, l\u2019autobus \u00e8 centrale per la mobilit\u00e0 degli spettatori. Cesare Neglia, MD Italia: \u00abNon si trascurino le autostazioni, snodo cruciale di accoglienza\u00bb Milano, 3 febbraio 2026 \u2013 Le Olimpiadi invernali di Milano-Cortina fanno impennare la domanda di viaggi in autobus: nei giorni della manifestazione (dal 6 al 22 febbraio 2026), [&hellip;]<\/p>\n","protected":false},"author":2,"featured_media":167099,"comment_status":"closed","ping_status":"open","sticky":false,"template":"","format":"standard","meta":{"footnotes":""},"categories":[36],"tags":[],"class_list":["post-167098","post","type-post","status-publish","format-standard","has-post-thumbnail","category-lavoro-economia"],"yoast_head":"<!-- This site is optimized with the Yoast SEO plugin v28.4 - https:\/\/yoast.com\/product\/yoast-seo-wordpress\/ -->\n<title>Olimpiadi, l\u2019effetto sul servizio FlixBus: +340% di prenotazioni per Cortina rispetto al 2025 - Bellunopress - Dolomiti<\/title>\n<meta name=\"robots\" content=\"index, follow, max-snippet:-1, max-image-preview:large, max-video-preview:-1\" \/>\n<link rel=\"canonical\" href=\"https:\/\/www.bellunopress.it\/fr\/2026\/02\/03\/olimpiadi-leffetto-sul-servizio-flixbus-340-di-prenotazioni-per-cortina-rispetto-al-2025\/\" \/>\n<meta property=\"og:locale\" content=\"fr_FR\" \/>\n<meta property=\"og:type\" content=\"article\" \/>\n<meta property=\"og:title\" content=\"Olimpiadi, l\u2019effetto sul servizio FlixBus: +340% di prenotazioni per Cortina rispetto al 2025 - Bellunopress - Dolomiti\" \/>\n<meta property=\"og:description\" content=\"In mancanza di collegamenti in treno, l\u2019autobus \u00e8 centrale per la mobilit\u00e0 degli spettatori. Cesare Neglia, MD Italia: \u00abNon si trascurino le autostazioni, snodo cruciale di accoglienza\u00bb Milano, 3 febbraio 2026 \u2013 Le Olimpiadi invernali di Milano-Cortina fanno impennare la domanda di viaggi in autobus: nei giorni della manifestazione (dal 6 al 22 febbraio 2026), [&hellip;]\" \/>\n<meta property=\"og:url\" content=\"https:\/\/www.bellunopress.it\/fr\/2026\/02\/03\/olimpiadi-leffetto-sul-servizio-flixbus-340-di-prenotazioni-per-cortina-rispetto-al-2025\/\" \/>\n<meta property=\"og:site_name\" content=\"Bellunopress - Dolomiti\" \/>\n<meta property=\"article:publisher\" content=\"https:\/\/www.facebook.com\/profile.php?id=100008943462799\" \/>\n<meta property=\"article:published_time\" content=\"2026-02-03T09:49:42+00:00\" \/>\n<meta property=\"og:image\" content=\"https:\/\/www.bellunopress.it\/wp-content\/uploads\/2026\/02\/FlixBus-Inverno.jpg\" \/>\n\t<meta property=\"og:image:width\" content=\"471\" \/>\n\t<meta property=\"og:image:height\" content=\"276\" \/>\n\t<meta property=\"og:image:type\" content=\"image\/jpeg\" \/>\n<meta name=\"author\" content=\"redazione\" \/>\n<meta name=\"twitter:card\" content=\"summary_large_image\" \/>\n<meta name=\"twitter:creator\" content=\"@bellunopress\" \/>\n<meta name=\"twitter:site\" content=\"@bellunopress\" \/>\n<meta name=\"twitter:label1\" content=\"\u00c9crit par\" \/>\n\t<meta name=\"twitter:data1\" content=\"redazione\" \/>\n\t<meta name=\"twitter:label2\" content=\"Dur\u00e9e de lecture estim\u00e9e\" \/>\n\t<meta name=\"twitter:data2\" content=\"2 minutes\" \/>\n<script type=\"application\/ld+json\" class=\"yoast-schema-graph\">{\"@context\":\"https:\\\/\\\/schema.org\",\"@graph\":[{\"@type\":\"Article\",\"@id\":\"https:\\\/\\\/www.bellunopress.it\\\/2026\\\/02\\\/03\\\/olimpiadi-leffetto-sul-servizio-flixbus-340-di-prenotazioni-per-cortina-rispetto-al-2025\\\/#article\",\"isPartOf\":{\"@id\":\"https:\\\/\\\/www.bellunopress.it\\\/2026\\\/02\\\/03\\\/olimpiadi-leffetto-sul-servizio-flixbus-340-di-prenotazioni-per-cortina-rispetto-al-2025\\\/\"},\"author\":{\"name\":\"redazione\",\"@id\":\"https:\\\/\\\/www.bellunopress.it\\\/#\\\/schema\\\/person\\\/79bb06722b37ece1c03d3e94beb30d73\"},\"headline\":\"Olimpiadi, l\u2019effetto sul servizio FlixBus: +340% di prenotazioni per Cortina rispetto al 2025\",\"datePublished\":\"2026-02-03T09:49:42+00:00\",\"mainEntityOfPage\":{\"@id\":\"https:\\\/\\\/www.bellunopress.it\\\/2026\\\/02\\\/03\\\/olimpiadi-leffetto-sul-servizio-flixbus-340-di-prenotazioni-per-cortina-rispetto-al-2025\\\/\"},\"wordCount\":413,\"publisher\":{\"@id\":\"https:\\\/\\\/www.bellunopress.it\\\/#organization\"},\"image\":{\"@id\":\"https:\\\/\\\/www.bellunopress.it\\\/2026\\\/02\\\/03\\\/olimpiadi-leffetto-sul-servizio-flixbus-340-di-prenotazioni-per-cortina-rispetto-al-2025\\\/#primaryimage\"},\"thumbnailUrl\":\"https:\\\/\\\/www.bellunopress.it\\\/wp-content\\\/uploads\\\/2026\\\/02\\\/FlixBus-Inverno.jpg\",\"articleSection\":[\"Lavoro, Economia, Turismo\"],\"inLanguage\":\"fr-FR\"},{\"@type\":\"WebPage\",\"@id\":\"https:\\\/\\\/www.bellunopress.it\\\/2026\\\/02\\\/03\\\/olimpiadi-leffetto-sul-servizio-flixbus-340-di-prenotazioni-per-cortina-rispetto-al-2025\\\/\",\"url\":\"https:\\\/\\\/www.bellunopress.it\\\/2026\\\/02\\\/03\\\/olimpiadi-leffetto-sul-servizio-flixbus-340-di-prenotazioni-per-cortina-rispetto-al-2025\\\/\",\"name\":\"Olimpiadi, l\u2019effetto sul servizio FlixBus: +340% di prenotazioni per Cortina rispetto al 2025 - Bellunopress - Dolomiti\",\"isPartOf\":{\"@id\":\"https:\\\/\\\/www.bellunopress.it\\\/#website\"},\"primaryImageOfPage\":{\"@id\":\"https:\\\/\\\/www.bellunopress.it\\\/2026\\\/02\\\/03\\\/olimpiadi-leffetto-sul-servizio-flixbus-340-di-prenotazioni-per-cortina-rispetto-al-2025\\\/#primaryimage\"},\"image\":{\"@id\":\"https:\\\/\\\/www.bellunopress.it\\\/2026\\\/02\\\/03\\\/olimpiadi-leffetto-sul-servizio-flixbus-340-di-prenotazioni-per-cortina-rispetto-al-2025\\\/#primaryimage\"},\"thumbnailUrl\":\"https:\\\/\\\/www.bellunopress.it\\\/wp-content\\\/uploads\\\/2026\\\/02\\\/FlixBus-Inverno.jpg\",\"datePublished\":\"2026-02-03T09:49:42+00:00\",\"breadcrumb\":{\"@id\":\"https:\\\/\\\/www.bellunopress.it\\\/2026\\\/02\\\/03\\\/olimpiadi-leffetto-sul-servizio-flixbus-340-di-prenotazioni-per-cortina-rispetto-al-2025\\\/#breadcrumb\"},\"inLanguage\":\"fr-FR\",\"potentialAction\":[{\"@type\":\"ReadAction\",\"target\":[\"https:\\\/\\\/www.bellunopress.it\\\/2026\\\/02\\\/03\\\/olimpiadi-leffetto-sul-servizio-flixbus-340-di-prenotazioni-per-cortina-rispetto-al-2025\\\/\"]}]},{\"@type\":\"ImageObject\",\"inLanguage\":\"fr-FR\",\"@id\":\"https:\\\/\\\/www.bellunopress.it\\\/2026\\\/02\\\/03\\\/olimpiadi-leffetto-sul-servizio-flixbus-340-di-prenotazioni-per-cortina-rispetto-al-2025\\\/#primaryimage\",\"url\":\"https:\\\/\\\/www.bellunopress.it\\\/wp-content\\\/uploads\\\/2026\\\/02\\\/FlixBus-Inverno.jpg\",\"contentUrl\":\"https:\\\/\\\/www.bellunopress.it\\\/wp-content\\\/uploads\\\/2026\\\/02\\\/FlixBus-Inverno.jpg\",\"width\":471,\"height\":276},{\"@type\":\"BreadcrumbList\",\"@id\":\"https:\\\/\\\/www.bellunopress.it\\\/2026\\\/02\\\/03\\\/olimpiadi-leffetto-sul-servizio-flixbus-340-di-prenotazioni-per-cortina-rispetto-al-2025\\\/#breadcrumb\",\"itemListElement\":[{\"@type\":\"ListItem\",\"position\":1,\"name\":\"Home\",\"item\":\"https:\\\/\\\/www.bellunopress.it\\\/\"},{\"@type\":\"ListItem\",\"position\":2,\"name\":\"Olimpiadi, l\u2019effetto sul servizio FlixBus: +340% di prenotazioni per Cortina rispetto al 2025\"}]},{\"@type\":\"WebSite\",\"@id\":\"https:\\\/\\\/www.bellunopress.it\\\/#website\",\"url\":\"https:\\\/\\\/www.bellunopress.it\\\/\",\"name\":\"Bellunopress - Dolomiti\",\"description\":\"e-mail: redazione@bellunopress.it\",\"publisher\":{\"@id\":\"https:\\\/\\\/www.bellunopress.it\\\/#organization\"},\"potentialAction\":[{\"@type\":\"SearchAction\",\"target\":{\"@type\":\"EntryPoint\",\"urlTemplate\":\"https:\\\/\\\/www.bellunopress.it\\\/?s={search_term_string}\"},\"query-input\":{\"@type\":\"PropertyValueSpecification\",\"valueRequired\":true,\"valueName\":\"search_term_string\"}}],\"inLanguage\":\"fr-FR\"},{\"@type\":\"Organization\",\"@id\":\"https:\\\/\\\/www.bellunopress.it\\\/#organization\",\"name\":\"Bellunopress\",\"url\":\"https:\\\/\\\/www.bellunopress.it\\\/\",\"logo\":{\"@type\":\"ImageObject\",\"inLanguage\":\"fr-FR\",\"@id\":\"https:\\\/\\\/www.bellunopress.it\\\/#\\\/schema\\\/logo\\\/image\\\/\",\"url\":\"https:\\\/\\\/www.bellunopress.it\\\/wp-content\\\/uploads\\\/2011\\\/05\\\/cropped-logo-bellunopress-.jpg\",\"contentUrl\":\"https:\\\/\\\/www.bellunopress.it\\\/wp-content\\\/uploads\\\/2011\\\/05\\\/cropped-logo-bellunopress-.jpg\",\"width\":512,\"height\":512,\"caption\":\"Bellunopress\"},\"image\":{\"@id\":\"https:\\\/\\\/www.bellunopress.it\\\/#\\\/schema\\\/logo\\\/image\\\/\"},\"sameAs\":[\"https:\\\/\\\/www.facebook.com\\\/profile.php?id=100008943462799\",\"https:\\\/\\\/x.com\\\/bellunopress\",\"https:\\\/\\\/www.linkedin.com\\\/hp\\\/?dnr=JBzUWaJfMUw8vbXJJ2tVW5-I3jZKvC4wsoxE&amp;amp;amp;amp;amp;amp;trk=nav_responsive_tab_home\",\"https:\\\/\\\/www.youtube.com\\\/channel\\\/UCxL0wu1uN0_3_7hGG0306cw\"]},{\"@type\":\"Person\",\"@id\":\"https:\\\/\\\/www.bellunopress.it\\\/#\\\/schema\\\/person\\\/79bb06722b37ece1c03d3e94beb30d73\",\"name\":\"redazione\",\"image\":{\"@type\":\"ImageObject\",\"inLanguage\":\"fr-FR\",\"@id\":\"https:\\\/\\\/secure.gravatar.com\\\/avatar\\\/37d968a2e67a6fd04c169c4bdef102d0bc5d31b2546345219e348575eb80e9a0?s=96&d=mm&r=g\",\"url\":\"https:\\\/\\\/secure.gravatar.com\\\/avatar\\\/37d968a2e67a6fd04c169c4bdef102d0bc5d31b2546345219e348575eb80e9a0?s=96&d=mm&r=g\",\"contentUrl\":\"https:\\\/\\\/secure.gravatar.com\\\/avatar\\\/37d968a2e67a6fd04c169c4bdef102d0bc5d31b2546345219e348575eb80e9a0?s=96&d=mm&r=g\",\"caption\":\"redazione\"},\"sameAs\":[\"http:\\\/\\\/www.bellunopress.it\",\"https:\\\/\\\/x.com\\\/bellunopress\"],\"url\":\"https:\\\/\\\/www.bellunopress.it\\\/fr\\\/author\\\/redazione\\\/\"}]}<\/script>\n<!-- \/ Yoast SEO plugin. -->","yoast_head_json":{"title":"Olimpiadi, l\u2019effetto sul servizio FlixBus: +340% di prenotazioni per Cortina rispetto al 2025 - Bellunopress - Dolomiti","robots":{"index":"index","follow":"follow","max-snippet":"max-snippet:-1","max-image-preview":"max-image-preview:large","max-video-preview":"max-video-preview:-1"},"canonical":"https:\/\/www.bellunopress.it\/fr\/2026\/02\/03\/olimpiadi-leffetto-sul-servizio-flixbus-340-di-prenotazioni-per-cortina-rispetto-al-2025\/","og_locale":"fr_FR","og_type":"article","og_title":"Olimpiadi, l\u2019effetto sul servizio FlixBus: +340% di prenotazioni per Cortina rispetto al 2025 - Bellunopress - Dolomiti","og_description":"In mancanza di collegamenti in treno, l\u2019autobus \u00e8 centrale per la mobilit\u00e0 degli spettatori. Cesare Neglia, MD Italia: \u00abNon si trascurino le autostazioni, snodo cruciale di accoglienza\u00bb Milano, 3 febbraio 2026 \u2013 Le Olimpiadi invernali di Milano-Cortina fanno impennare la domanda di viaggi in autobus: nei giorni della manifestazione (dal 6 al 22 febbraio 2026), [&hellip;]","og_url":"https:\/\/www.bellunopress.it\/fr\/2026\/02\/03\/olimpiadi-leffetto-sul-servizio-flixbus-340-di-prenotazioni-per-cortina-rispetto-al-2025\/","og_site_name":"Bellunopress - Dolomiti","article_publisher":"https:\/\/www.facebook.com\/profile.php?id=100008943462799","article_published_time":"2026-02-03T09:49:42+00:00","og_image":[{"width":471,"height":276,"url":"https:\/\/www.bellunopress.it\/wp-content\/uploads\/2026\/02\/FlixBus-Inverno.jpg","type":"image\/jpeg"}],"author":"redazione","twitter_card":"summary_large_image","twitter_creator":"@bellunopress","twitter_site":"@bellunopress","twitter_misc":{"\u00c9crit par":"redazione","Dur\u00e9e de lecture estim\u00e9e":"2 minutes"},"schema":{"@context":"https:\/\/schema.org","@graph":[{"@type":"Article","@id":"https:\/\/www.bellunopress.it\/2026\/02\/03\/olimpiadi-leffetto-sul-servizio-flixbus-340-di-prenotazioni-per-cortina-rispetto-al-2025\/#article","isPartOf":{"@id":"https:\/\/www.bellunopress.it\/2026\/02\/03\/olimpiadi-leffetto-sul-servizio-flixbus-340-di-prenotazioni-per-cortina-rispetto-al-2025\/"},"author":{"name":"redazione","@id":"https:\/\/www.bellunopress.it\/#\/schema\/person\/79bb06722b37ece1c03d3e94beb30d73"},"headline":"Olimpiadi, l\u2019effetto sul servizio FlixBus: +340% di prenotazioni per Cortina rispetto al 2025","datePublished":"2026-02-03T09:49:42+00:00","mainEntityOfPage":{"@id":"https:\/\/www.bellunopress.it\/2026\/02\/03\/olimpiadi-leffetto-sul-servizio-flixbus-340-di-prenotazioni-per-cortina-rispetto-al-2025\/"},"wordCount":413,"publisher":{"@id":"https:\/\/www.bellunopress.it\/#organization"},"image":{"@id":"https:\/\/www.bellunopress.it\/2026\/02\/03\/olimpiadi-leffetto-sul-servizio-flixbus-340-di-prenotazioni-per-cortina-rispetto-al-2025\/#primaryimage"},"thumbnailUrl":"https:\/\/www.bellunopress.it\/wp-content\/uploads\/2026\/02\/FlixBus-Inverno.jpg","articleSection":["Lavoro, Economia, Turismo"],"inLanguage":"fr-FR"},{"@type":"WebPage","@id":"https:\/\/www.bellunopress.it\/2026\/02\/03\/olimpiadi-leffetto-sul-servizio-flixbus-340-di-prenotazioni-per-cortina-rispetto-al-2025\/","url":"https:\/\/www.bellunopress.it\/2026\/02\/03\/olimpiadi-leffetto-sul-servizio-flixbus-340-di-prenotazioni-per-cortina-rispetto-al-2025\/","name":"Olimpiadi, l\u2019effetto sul servizio FlixBus: +340% di prenotazioni per Cortina rispetto al 2025 - Bellunopress - Dolomiti","isPartOf":{"@id":"https:\/\/www.bellunopress.it\/#website"},"primaryImageOfPage":{"@id":"https:\/\/www.bellunopress.it\/2026\/02\/03\/olimpiadi-leffetto-sul-servizio-flixbus-340-di-prenotazioni-per-cortina-rispetto-al-2025\/#primaryimage"},"image":{"@id":"https:\/\/www.bellunopress.it\/2026\/02\/03\/olimpiadi-leffetto-sul-servizio-flixbus-340-di-prenotazioni-per-cortina-rispetto-al-2025\/#primaryimage"},"thumbnailUrl":"https:\/\/www.bellunopress.it\/wp-content\/uploads\/2026\/02\/FlixBus-Inverno.jpg","datePublished":"2026-02-03T09:49:42+00:00","breadcrumb":{"@id":"https:\/\/www.bellunopress.it\/2026\/02\/03\/olimpiadi-leffetto-sul-servizio-flixbus-340-di-prenotazioni-per-cortina-rispetto-al-2025\/#breadcrumb"},"inLanguage":"fr-FR","potentialAction":[{"@type":"ReadAction","target":["https:\/\/www.bellunopress.it\/2026\/02\/03\/olimpiadi-leffetto-sul-servizio-flixbus-340-di-prenotazioni-per-cortina-rispetto-al-2025\/"]}]},{"@type":"ImageObject","inLanguage":"fr-FR","@id":"https:\/\/www.bellunopress.it\/2026\/02\/03\/olimpiadi-leffetto-sul-servizio-flixbus-340-di-prenotazioni-per-cortina-rispetto-al-2025\/#primaryimage","url":"https:\/\/www.bellunopress.it\/wp-content\/uploads\/2026\/02\/FlixBus-Inverno.jpg","contentUrl":"https:\/\/www.bellunopress.it\/wp-content\/uploads\/2026\/02\/FlixBus-Inverno.jpg","width":471,"height":276},{"@type":"BreadcrumbList","@id":"https:\/\/www.bellunopress.it\/2026\/02\/03\/olimpiadi-leffetto-sul-servizio-flixbus-340-di-prenotazioni-per-cortina-rispetto-al-2025\/#breadcrumb","itemListElement":[{"@type":"ListItem","position":1,"name":"Home","item":"https:\/\/www.bellunopress.it\/"},{"@type":"ListItem","position":2,"name":"Olimpiadi, l\u2019effetto sul servizio FlixBus: +340% di prenotazioni per Cortina rispetto al 2025"}]},{"@type":"WebSite","@id":"https:\/\/www.bellunopress.it\/#website","url":"https:\/\/www.bellunopress.it\/","name":"Bellunopress - Dolomiti","description":"e-mail: redazione@bellunopress.it","publisher":{"@id":"https:\/\/www.bellunopress.it\/#organization"},"potentialAction":[{"@type":"SearchAction","target":{"@type":"EntryPoint","urlTemplate":"https:\/\/www.bellunopress.it\/?s={search_term_string}"},"query-input":{"@type":"PropertyValueSpecification","valueRequired":true,"valueName":"search_term_string"}}],"inLanguage":"fr-FR"},{"@type":"Organization","@id":"https:\/\/www.bellunopress.it\/#organization","name":"Bellunopress","url":"https:\/\/www.bellunopress.it\/","logo":{"@type":"ImageObject","inLanguage":"fr-FR","@id":"https:\/\/www.bellunopress.it\/#\/schema\/logo\/image\/","url":"https:\/\/www.bellunopress.it\/wp-content\/uploads\/2011\/05\/cropped-logo-bellunopress-.jpg","contentUrl":"https:\/\/www.bellunopress.it\/wp-content\/uploads\/2011\/05\/cropped-logo-bellunopress-.jpg","width":512,"height":512,"caption":"Bellunopress"},"image":{"@id":"https:\/\/www.bellunopress.it\/#\/schema\/logo\/image\/"},"sameAs":["https:\/\/www.facebook.com\/profile.php?id=100008943462799","https:\/\/x.com\/bellunopress","https:\/\/www.linkedin.com\/hp\/?dnr=JBzUWaJfMUw8vbXJJ2tVW5-I3jZKvC4wsoxE&amp;amp;amp;amp;amp;amp;trk=nav_responsive_tab_home","https:\/\/www.youtube.com\/channel\/UCxL0wu1uN0_3_7hGG0306cw"]},{"@type":"Person","@id":"https:\/\/www.bellunopress.it\/#\/schema\/person\/79bb06722b37ece1c03d3e94beb30d73","name":"r\u00e9daction","image":{"@type":"ImageObject","inLanguage":"fr-FR","@id":"https:\/\/secure.gravatar.com\/avatar\/37d968a2e67a6fd04c169c4bdef102d0bc5d31b2546345219e348575eb80e9a0?s=96&d=mm&r=g","url":"https:\/\/secure.gravatar.com\/avatar\/37d968a2e67a6fd04c169c4bdef102d0bc5d31b2546345219e348575eb80e9a0?s=96&d=mm&r=g","contentUrl":"https:\/\/secure.gravatar.com\/avatar\/37d968a2e67a6fd04c169c4bdef102d0bc5d31b2546345219e348575eb80e9a0?s=96&d=mm&r=g","caption":"redazione"},"sameAs":["http:\/\/www.bellunopress.it","https:\/\/x.com\/bellunopress"],"url":"https:\/\/www.bellunopress.it\/fr\/author\/redazione\/"}]}},"_links":{"self":[{"href":"https:\/\/www.bellunopress.it\/fr\/wp-json\/wp\/v2\/posts\/167098","targetHints":{"allow":["GET"]}}],"collection":[{"href":"https:\/\/www.bellunopress.it\/fr\/wp-json\/wp\/v2\/posts"}],"about":[{"href":"https:\/\/www.bellunopress.it\/fr\/wp-json\/wp\/v2\/types\/post"}],"author":[{"embeddable":true,"href":"https:\/\/www.bellunopress.it\/fr\/wp-json\/wp\/v2\/users\/2"}],"replies":[{"embeddable":true,"href":"https:\/\/www.bellunopress.it\/fr\/wp-json\/wp\/v2\/comments?post=167098"}],"version-history":[{"count":1,"href":"https:\/\/www.bellunopress.it\/fr\/wp-json\/wp\/v2\/posts\/167098\/revisions"}],"predecessor-version":[{"id":167100,"href":"https:\/\/www.bellunopress.it\/fr\/wp-json\/wp\/v2\/posts\/167098\/revisions\/167100"}],"wp:featuredmedia":[{"embeddable":true,"href":"https:\/\/www.bellunopress.it\/fr\/wp-json\/wp\/v2\/media\/167099"}],"wp:attachment":[{"href":"https:\/\/www.bellunopress.it\/fr\/wp-json\/wp\/v2\/media?parent=167098"}],"wp:term":[{"taxonomy":"category","embeddable":true,"href":"https:\/\/www.bellunopress.it\/fr\/wp-json\/wp\/v2\/categories?post=167098"},{"taxonomy":"post_tag","embeddable":true,"href":"https:\/\/www.bellunopress.it\/fr\/wp-json\/wp\/v2\/tags?post=167098"}],"curies":[{"name":"wp","href":"https:\/\/api.w.org\/{rel}","templated":true}]}}