{"id":167090,"date":"2026-02-03T08:45:55","date_gmt":"2026-02-03T07:45:55","guid":{"rendered":"https:\/\/www.bellunopress.it\/?p=167090"},"modified":"2026-02-03T08:45:55","modified_gmt":"2026-02-03T07:45:55","slug":"sicurezza-in-quota-un-nuovo-defibrillatore-per-il-soccorso-alpino-della-guardia-di-finanza-di-cortina","status":"publish","type":"post","link":"https:\/\/www.bellunopress.it\/fr\/2026\/02\/03\/sicurezza-in-quota-un-nuovo-defibrillatore-per-il-soccorso-alpino-della-guardia-di-finanza-di-cortina\/","title":{"rendered":"Sicurezza in quota: un nuovo defibrillatore per il Soccorso Alpino della Guardia di Finanza di Cortina"},"content":{"rendered":"<p data-path-to-node=\"3\"><b data-path-to-node=\"3\" data-index-in-node=\"0\">L&#8217;iniziativa, promossa dalla Fondazione Ometto ETS nell&#8217;ambito del &#8220;Progetto Piccolo Principe&#8221;, punta a rafforzare la cardio-protezione sulle piste ampezzane in vista delle Olimpiadi 2026.<\/b><\/p>\n<p data-path-to-node=\"4\">Belluno, 3 febbraio 2026 \u2013 La sicurezza in montagna fa un passo avanti nel segno della solidariet\u00e0 e della prevenzione. Venerd\u00ec 30 gennaio, presso la caserma \u201cFinanziere terra Luigi De Zorzi\u201d, sede del Comando Provinciale di Belluno, \u00e8 stato ufficialmente consegnato un defibrillatore automatico esterno (DAE) destinato alla Stazione di Soccorso Alpino della Guardia di Finanza (SAGF) di Cortina d\u2019Ampezzo.<\/p>\n<p data-path-to-node=\"5\">La donazione porta la firma della Fondazione Ometto ETS di Padova, sostenuta dal contributo liberale del Dott. Ernesto Riva, Presidente onorario e fondatore di UNIFARCO S.p.A., a testimonianza di una sinergia virtuosa tra istituzioni, terzo settore e tessuto imprenditoriale locale.<\/p>\n<h3 data-path-to-node=\"6\">Nel nome di Carlo Alberto: il &#8220;Progetto Piccolo Principe&#8221;<\/h3>\n<p data-path-to-node=\"7\">Il gesto non \u00e8 solo tecnico, ma porta con s\u00e9 un profondo carico emotivo. La consegna rientra infatti nel \u201cProgetto Piccolo Principe\u201d, iniziativa nata per onorare la memoria di Carlo Alberto Conte, il dodicenne delle Fiamme Oro Padova scomparso tragicamente nel gennaio 2022 a causa di un arresto cardiaco durante una gara di cross.<\/p>\n<p data-path-to-node=\"8\">Da quel dolore \u00e8 nata una missione: mappare il territorio con dispositivi salvavita e diffondere la cultura del primo soccorso. Ad oggi, tra Belluno e Cortina, sono gi\u00e0 nove i dispositivi consegnati alle Forze dell&#8217;Ordine, un presidio fondamentale anche in ottica dei prossimi Giochi Olimpici Milano-Cortina 2026.<\/p>\n<h3 data-path-to-node=\"9\">Una &#8220;Polizia della Montagna&#8221; pi\u00f9 attrezzata<\/h3>\n<p data-path-to-node=\"10\">Alla cerimonia hanno partecipato il Comandante Provinciale, colonnello\u00a0Roberto Atzori, e la Presidente della Fondazione, Valentina Ometto. Quest&#8217;ultima ha sottolineato l&#8217;importanza della collaborazione con le Fiamme Gialle:<\/p>\n<blockquote data-path-to-node=\"11\">\n<h6 style=\"text-align: left;\" data-path-to-node=\"11,0\">\u00abLa consegna di questi defibrillatori segna un passaggio significativo verso una maggiore tutela della salute sulle piste da sci. Grazie alla cooperazione con la Guardia di Finanza, sar\u00e0 possibile assicurare una risposta rapida e risolutiva nelle situazioni critiche. Questo progetto rappresenta la trasformazione di un dolore profondo in un gesto di amore\u00bb.<\/h6>\n<\/blockquote>\n<h3 data-path-to-node=\"12\">L&#8217;importanza del fattore tempo<\/h3>\n<p data-path-to-node=\"13\">In caso di arresto cardiaco, ogni secondo \u00e8 prezioso. La presenza di un DAE, unita alla formazione del personale (spesso garantita in collaborazione con il SUEM 118), pu\u00f2 fare la differenza tra la vita e la morte. Il Soccorso Alpino della Guardia di Finanza, riconosciuto come vera e propria &#8220;polizia della montagna&#8221;, potr\u00e0 ora contare su uno strumento in pi\u00f9 per proteggere sciatori ed escursionisti negli scenari d&#8217;emergenza pi\u00f9 complessi.<\/p>\n<hr data-path-to-node=\"14\" \/>\n<h3 data-path-to-node=\"15\">I numeri della cardio-protezione nel Bellunese<\/h3>\n<table data-path-to-node=\"16\">\n<thead>\n<tr>\n<td><strong>Ente Donante<\/strong><\/td>\n<td><strong>Beneficiario<\/strong><\/td>\n<td><strong>Progetto<\/strong><\/td>\n<td><strong>Focus<\/strong><\/td>\n<\/tr>\n<\/thead>\n<tbody>\n<tr>\n<td><span data-path-to-node=\"16,1,0,0\"><b data-path-to-node=\"16,1,0,0\" data-index-in-node=\"0\">Fondazione Ometto<\/b><\/span><\/td>\n<td><span data-path-to-node=\"16,1,1,0\">SAGF Cortina<\/span><\/td>\n<td><span data-path-to-node=\"16,1,2,0\">Piccolo Principe<\/span><\/td>\n<td><span data-path-to-node=\"16,1,3,0\">Tutela della salute del cuore<\/span><\/td>\n<\/tr>\n<tr>\n<td><span data-path-to-node=\"16,2,0,0\"><b data-path-to-node=\"16,2,0,0\" data-index-in-node=\"0\">Partner Finanziario<\/b><\/span><\/td>\n<td><span data-path-to-node=\"16,2,1,0\">Unifarco S.p.A.<\/span><\/td>\n<td><span data-path-to-node=\"16,2,2,0\">Cardio-protezione<\/span><\/td>\n<td><span data-path-to-node=\"16,2,3,0\">Sicurezza piste da sci<\/span><\/td>\n<\/tr>\n<tr>\n<td><span data-path-to-node=\"16,3,0,0\"><b data-path-to-node=\"16,3,0,0\" data-index-in-node=\"0\">Dispositivi totali<\/b><\/span><\/td>\n<td><span data-path-to-node=\"16,3,1,0\">9 (Area BL-Cortina)<\/span><\/td>\n<td><span data-path-to-node=\"16,3,2,0\">Prevenzione<\/span><\/td>\n<td><span data-path-to-node=\"16,3,3,0\">Obiettivo Milano-Cortina 2026<\/span><\/td>\n<\/tr>\n<\/tbody>\n<\/table>","protected":false},"excerpt":{"rendered":"<p>L&#8217;iniziativa, promossa dalla Fondazione Ometto ETS nell&#8217;ambito del &#8220;Progetto Piccolo Principe&#8221;, punta a rafforzare la cardio-protezione sulle piste ampezzane in vista delle Olimpiadi 2026. Belluno, 3 febbraio 2026 \u2013 La sicurezza in montagna fa un passo avanti nel segno della solidariet\u00e0 e della prevenzione. Venerd\u00ec 30 gennaio, presso la caserma \u201cFinanziere terra Luigi De Zorzi\u201d, [&hellip;]<\/p>\n","protected":false},"author":2,"featured_media":137135,"comment_status":"closed","ping_status":"open","sticky":false,"template":"","format":"standard","meta":{"footnotes":""},"categories":[8],"tags":[],"class_list":["post-167090","post","type-post","status-publish","format-standard","has-post-thumbnail","category-societa-istituzioni"],"yoast_head":"<!-- This site is optimized with the Yoast SEO plugin v28.4 - https:\/\/yoast.com\/product\/yoast-seo-wordpress\/ -->\n<title>Sicurezza in quota: un nuovo defibrillatore per il Soccorso Alpino della Guardia di Finanza di Cortina - Bellunopress - Dolomiti<\/title>\n<meta name=\"robots\" content=\"index, follow, max-snippet:-1, max-image-preview:large, max-video-preview:-1\" \/>\n<link rel=\"canonical\" href=\"https:\/\/www.bellunopress.it\/fr\/2026\/02\/03\/sicurezza-in-quota-un-nuovo-defibrillatore-per-il-soccorso-alpino-della-guardia-di-finanza-di-cortina\/\" \/>\n<meta property=\"og:locale\" content=\"fr_FR\" \/>\n<meta property=\"og:type\" content=\"article\" \/>\n<meta property=\"og:title\" content=\"Sicurezza in quota: un nuovo defibrillatore per il Soccorso Alpino della Guardia di Finanza di Cortina - Bellunopress - Dolomiti\" \/>\n<meta property=\"og:description\" content=\"L&#8217;iniziativa, promossa dalla Fondazione Ometto ETS nell&#8217;ambito del &#8220;Progetto Piccolo Principe&#8221;, punta a rafforzare la cardio-protezione sulle piste ampezzane in vista delle Olimpiadi 2026. Belluno, 3 febbraio 2026 \u2013 La sicurezza in montagna fa un passo avanti nel segno della solidariet\u00e0 e della prevenzione. Venerd\u00ec 30 gennaio, presso la caserma \u201cFinanziere terra Luigi De Zorzi\u201d, [&hellip;]\" \/>\n<meta property=\"og:url\" content=\"https:\/\/www.bellunopress.it\/fr\/2026\/02\/03\/sicurezza-in-quota-un-nuovo-defibrillatore-per-il-soccorso-alpino-della-guardia-di-finanza-di-cortina\/\" \/>\n<meta property=\"og:site_name\" content=\"Bellunopress - Dolomiti\" \/>\n<meta property=\"article:publisher\" content=\"https:\/\/www.facebook.com\/profile.php?id=100008943462799\" \/>\n<meta property=\"article:published_time\" content=\"2026-02-03T07:45:55+00:00\" \/>\n<meta property=\"og:image\" content=\"https:\/\/www.bellunopress.it\/wp-content\/uploads\/2022\/10\/soccorso-guardia-di-finanza-socc-alpino_edited.jpg\" \/>\n\t<meta property=\"og:image:width\" content=\"1000\" \/>\n\t<meta property=\"og:image:height\" content=\"750\" \/>\n\t<meta property=\"og:image:type\" content=\"image\/jpeg\" \/>\n<meta name=\"author\" content=\"redazione\" \/>\n<meta name=\"twitter:card\" content=\"summary_large_image\" \/>\n<meta name=\"twitter:creator\" content=\"@bellunopress\" \/>\n<meta name=\"twitter:site\" content=\"@bellunopress\" \/>\n<meta name=\"twitter:label1\" content=\"\u00c9crit par\" \/>\n\t<meta name=\"twitter:data1\" content=\"redazione\" \/>\n\t<meta name=\"twitter:label2\" content=\"Dur\u00e9e de lecture estim\u00e9e\" \/>\n\t<meta name=\"twitter:data2\" content=\"2 minutes\" \/>\n<script type=\"application\/ld+json\" class=\"yoast-schema-graph\">{\"@context\":\"https:\\\/\\\/schema.org\",\"@graph\":[{\"@type\":\"Article\",\"@id\":\"https:\\\/\\\/www.bellunopress.it\\\/2026\\\/02\\\/03\\\/sicurezza-in-quota-un-nuovo-defibrillatore-per-il-soccorso-alpino-della-guardia-di-finanza-di-cortina\\\/#article\",\"isPartOf\":{\"@id\":\"https:\\\/\\\/www.bellunopress.it\\\/2026\\\/02\\\/03\\\/sicurezza-in-quota-un-nuovo-defibrillatore-per-il-soccorso-alpino-della-guardia-di-finanza-di-cortina\\\/\"},\"author\":{\"name\":\"redazione\",\"@id\":\"https:\\\/\\\/www.bellunopress.it\\\/#\\\/schema\\\/person\\\/79bb06722b37ece1c03d3e94beb30d73\"},\"headline\":\"Sicurezza in quota: un nuovo defibrillatore per il Soccorso Alpino della Guardia di Finanza di Cortina\",\"datePublished\":\"2026-02-03T07:45:55+00:00\",\"mainEntityOfPage\":{\"@id\":\"https:\\\/\\\/www.bellunopress.it\\\/2026\\\/02\\\/03\\\/sicurezza-in-quota-un-nuovo-defibrillatore-per-il-soccorso-alpino-della-guardia-di-finanza-di-cortina\\\/\"},\"wordCount\":447,\"publisher\":{\"@id\":\"https:\\\/\\\/www.bellunopress.it\\\/#organization\"},\"image\":{\"@id\":\"https:\\\/\\\/www.bellunopress.it\\\/2026\\\/02\\\/03\\\/sicurezza-in-quota-un-nuovo-defibrillatore-per-il-soccorso-alpino-della-guardia-di-finanza-di-cortina\\\/#primaryimage\"},\"thumbnailUrl\":\"https:\\\/\\\/www.bellunopress.it\\\/wp-content\\\/uploads\\\/2022\\\/10\\\/soccorso-guardia-di-finanza-socc-alpino_edited.jpg\",\"articleSection\":[\"Societ\u00e0, Associazioni, Istituzioni\"],\"inLanguage\":\"fr-FR\"},{\"@type\":\"WebPage\",\"@id\":\"https:\\\/\\\/www.bellunopress.it\\\/2026\\\/02\\\/03\\\/sicurezza-in-quota-un-nuovo-defibrillatore-per-il-soccorso-alpino-della-guardia-di-finanza-di-cortina\\\/\",\"url\":\"https:\\\/\\\/www.bellunopress.it\\\/2026\\\/02\\\/03\\\/sicurezza-in-quota-un-nuovo-defibrillatore-per-il-soccorso-alpino-della-guardia-di-finanza-di-cortina\\\/\",\"name\":\"Sicurezza in quota: un nuovo defibrillatore per il Soccorso Alpino della Guardia di Finanza di Cortina - Bellunopress - Dolomiti\",\"isPartOf\":{\"@id\":\"https:\\\/\\\/www.bellunopress.it\\\/#website\"},\"primaryImageOfPage\":{\"@id\":\"https:\\\/\\\/www.bellunopress.it\\\/2026\\\/02\\\/03\\\/sicurezza-in-quota-un-nuovo-defibrillatore-per-il-soccorso-alpino-della-guardia-di-finanza-di-cortina\\\/#primaryimage\"},\"image\":{\"@id\":\"https:\\\/\\\/www.bellunopress.it\\\/2026\\\/02\\\/03\\\/sicurezza-in-quota-un-nuovo-defibrillatore-per-il-soccorso-alpino-della-guardia-di-finanza-di-cortina\\\/#primaryimage\"},\"thumbnailUrl\":\"https:\\\/\\\/www.bellunopress.it\\\/wp-content\\\/uploads\\\/2022\\\/10\\\/soccorso-guardia-di-finanza-socc-alpino_edited.jpg\",\"datePublished\":\"2026-02-03T07:45:55+00:00\",\"breadcrumb\":{\"@id\":\"https:\\\/\\\/www.bellunopress.it\\\/2026\\\/02\\\/03\\\/sicurezza-in-quota-un-nuovo-defibrillatore-per-il-soccorso-alpino-della-guardia-di-finanza-di-cortina\\\/#breadcrumb\"},\"inLanguage\":\"fr-FR\",\"potentialAction\":[{\"@type\":\"ReadAction\",\"target\":[\"https:\\\/\\\/www.bellunopress.it\\\/2026\\\/02\\\/03\\\/sicurezza-in-quota-un-nuovo-defibrillatore-per-il-soccorso-alpino-della-guardia-di-finanza-di-cortina\\\/\"]}]},{\"@type\":\"ImageObject\",\"inLanguage\":\"fr-FR\",\"@id\":\"https:\\\/\\\/www.bellunopress.it\\\/2026\\\/02\\\/03\\\/sicurezza-in-quota-un-nuovo-defibrillatore-per-il-soccorso-alpino-della-guardia-di-finanza-di-cortina\\\/#primaryimage\",\"url\":\"https:\\\/\\\/www.bellunopress.it\\\/wp-content\\\/uploads\\\/2022\\\/10\\\/soccorso-guardia-di-finanza-socc-alpino_edited.jpg\",\"contentUrl\":\"https:\\\/\\\/www.bellunopress.it\\\/wp-content\\\/uploads\\\/2022\\\/10\\\/soccorso-guardia-di-finanza-socc-alpino_edited.jpg\",\"width\":1000,\"height\":750},{\"@type\":\"BreadcrumbList\",\"@id\":\"https:\\\/\\\/www.bellunopress.it\\\/2026\\\/02\\\/03\\\/sicurezza-in-quota-un-nuovo-defibrillatore-per-il-soccorso-alpino-della-guardia-di-finanza-di-cortina\\\/#breadcrumb\",\"itemListElement\":[{\"@type\":\"ListItem\",\"position\":1,\"name\":\"Home\",\"item\":\"https:\\\/\\\/www.bellunopress.it\\\/\"},{\"@type\":\"ListItem\",\"position\":2,\"name\":\"Sicurezza in quota: un nuovo defibrillatore per il Soccorso Alpino della Guardia di Finanza di Cortina\"}]},{\"@type\":\"WebSite\",\"@id\":\"https:\\\/\\\/www.bellunopress.it\\\/#website\",\"url\":\"https:\\\/\\\/www.bellunopress.it\\\/\",\"name\":\"Bellunopress - Dolomiti\",\"description\":\"e-mail: redazione@bellunopress.it\",\"publisher\":{\"@id\":\"https:\\\/\\\/www.bellunopress.it\\\/#organization\"},\"potentialAction\":[{\"@type\":\"SearchAction\",\"target\":{\"@type\":\"EntryPoint\",\"urlTemplate\":\"https:\\\/\\\/www.bellunopress.it\\\/?s={search_term_string}\"},\"query-input\":{\"@type\":\"PropertyValueSpecification\",\"valueRequired\":true,\"valueName\":\"search_term_string\"}}],\"inLanguage\":\"fr-FR\"},{\"@type\":\"Organization\",\"@id\":\"https:\\\/\\\/www.bellunopress.it\\\/#organization\",\"name\":\"Bellunopress\",\"url\":\"https:\\\/\\\/www.bellunopress.it\\\/\",\"logo\":{\"@type\":\"ImageObject\",\"inLanguage\":\"fr-FR\",\"@id\":\"https:\\\/\\\/www.bellunopress.it\\\/#\\\/schema\\\/logo\\\/image\\\/\",\"url\":\"https:\\\/\\\/www.bellunopress.it\\\/wp-content\\\/uploads\\\/2011\\\/05\\\/cropped-logo-bellunopress-.jpg\",\"contentUrl\":\"https:\\\/\\\/www.bellunopress.it\\\/wp-content\\\/uploads\\\/2011\\\/05\\\/cropped-logo-bellunopress-.jpg\",\"width\":512,\"height\":512,\"caption\":\"Bellunopress\"},\"image\":{\"@id\":\"https:\\\/\\\/www.bellunopress.it\\\/#\\\/schema\\\/logo\\\/image\\\/\"},\"sameAs\":[\"https:\\\/\\\/www.facebook.com\\\/profile.php?id=100008943462799\",\"https:\\\/\\\/x.com\\\/bellunopress\",\"https:\\\/\\\/www.linkedin.com\\\/hp\\\/?dnr=JBzUWaJfMUw8vbXJJ2tVW5-I3jZKvC4wsoxE&amp;amp;amp;amp;amp;amp;trk=nav_responsive_tab_home\",\"https:\\\/\\\/www.youtube.com\\\/channel\\\/UCxL0wu1uN0_3_7hGG0306cw\"]},{\"@type\":\"Person\",\"@id\":\"https:\\\/\\\/www.bellunopress.it\\\/#\\\/schema\\\/person\\\/79bb06722b37ece1c03d3e94beb30d73\",\"name\":\"redazione\",\"image\":{\"@type\":\"ImageObject\",\"inLanguage\":\"fr-FR\",\"@id\":\"https:\\\/\\\/secure.gravatar.com\\\/avatar\\\/37d968a2e67a6fd04c169c4bdef102d0bc5d31b2546345219e348575eb80e9a0?s=96&d=mm&r=g\",\"url\":\"https:\\\/\\\/secure.gravatar.com\\\/avatar\\\/37d968a2e67a6fd04c169c4bdef102d0bc5d31b2546345219e348575eb80e9a0?s=96&d=mm&r=g\",\"contentUrl\":\"https:\\\/\\\/secure.gravatar.com\\\/avatar\\\/37d968a2e67a6fd04c169c4bdef102d0bc5d31b2546345219e348575eb80e9a0?s=96&d=mm&r=g\",\"caption\":\"redazione\"},\"sameAs\":[\"http:\\\/\\\/www.bellunopress.it\",\"https:\\\/\\\/x.com\\\/bellunopress\"],\"url\":\"https:\\\/\\\/www.bellunopress.it\\\/fr\\\/author\\\/redazione\\\/\"}]}<\/script>\n<!-- \/ Yoast SEO plugin. -->","yoast_head_json":{"title":"Sicurezza in quota: un nuovo defibrillatore per il Soccorso Alpino della Guardia di Finanza di Cortina - Bellunopress - Dolomiti","robots":{"index":"index","follow":"follow","max-snippet":"max-snippet:-1","max-image-preview":"max-image-preview:large","max-video-preview":"max-video-preview:-1"},"canonical":"https:\/\/www.bellunopress.it\/fr\/2026\/02\/03\/sicurezza-in-quota-un-nuovo-defibrillatore-per-il-soccorso-alpino-della-guardia-di-finanza-di-cortina\/","og_locale":"fr_FR","og_type":"article","og_title":"Sicurezza in quota: un nuovo defibrillatore per il Soccorso Alpino della Guardia di Finanza di Cortina - Bellunopress - Dolomiti","og_description":"L&#8217;iniziativa, promossa dalla Fondazione Ometto ETS nell&#8217;ambito del &#8220;Progetto Piccolo Principe&#8221;, punta a rafforzare la cardio-protezione sulle piste ampezzane in vista delle Olimpiadi 2026. Belluno, 3 febbraio 2026 \u2013 La sicurezza in montagna fa un passo avanti nel segno della solidariet\u00e0 e della prevenzione. Venerd\u00ec 30 gennaio, presso la caserma \u201cFinanziere terra Luigi De Zorzi\u201d, [&hellip;]","og_url":"https:\/\/www.bellunopress.it\/fr\/2026\/02\/03\/sicurezza-in-quota-un-nuovo-defibrillatore-per-il-soccorso-alpino-della-guardia-di-finanza-di-cortina\/","og_site_name":"Bellunopress - Dolomiti","article_publisher":"https:\/\/www.facebook.com\/profile.php?id=100008943462799","article_published_time":"2026-02-03T07:45:55+00:00","og_image":[{"width":1000,"height":750,"url":"https:\/\/www.bellunopress.it\/wp-content\/uploads\/2022\/10\/soccorso-guardia-di-finanza-socc-alpino_edited.jpg","type":"image\/jpeg"}],"author":"redazione","twitter_card":"summary_large_image","twitter_creator":"@bellunopress","twitter_site":"@bellunopress","twitter_misc":{"\u00c9crit par":"redazione","Dur\u00e9e de lecture estim\u00e9e":"2 minutes"},"schema":{"@context":"https:\/\/schema.org","@graph":[{"@type":"Article","@id":"https:\/\/www.bellunopress.it\/2026\/02\/03\/sicurezza-in-quota-un-nuovo-defibrillatore-per-il-soccorso-alpino-della-guardia-di-finanza-di-cortina\/#article","isPartOf":{"@id":"https:\/\/www.bellunopress.it\/2026\/02\/03\/sicurezza-in-quota-un-nuovo-defibrillatore-per-il-soccorso-alpino-della-guardia-di-finanza-di-cortina\/"},"author":{"name":"redazione","@id":"https:\/\/www.bellunopress.it\/#\/schema\/person\/79bb06722b37ece1c03d3e94beb30d73"},"headline":"Sicurezza in quota: un nuovo defibrillatore per il Soccorso Alpino della Guardia di Finanza di Cortina","datePublished":"2026-02-03T07:45:55+00:00","mainEntityOfPage":{"@id":"https:\/\/www.bellunopress.it\/2026\/02\/03\/sicurezza-in-quota-un-nuovo-defibrillatore-per-il-soccorso-alpino-della-guardia-di-finanza-di-cortina\/"},"wordCount":447,"publisher":{"@id":"https:\/\/www.bellunopress.it\/#organization"},"image":{"@id":"https:\/\/www.bellunopress.it\/2026\/02\/03\/sicurezza-in-quota-un-nuovo-defibrillatore-per-il-soccorso-alpino-della-guardia-di-finanza-di-cortina\/#primaryimage"},"thumbnailUrl":"https:\/\/www.bellunopress.it\/wp-content\/uploads\/2022\/10\/soccorso-guardia-di-finanza-socc-alpino_edited.jpg","articleSection":["Societ\u00e0, Associazioni, Istituzioni"],"inLanguage":"fr-FR"},{"@type":"WebPage","@id":"https:\/\/www.bellunopress.it\/2026\/02\/03\/sicurezza-in-quota-un-nuovo-defibrillatore-per-il-soccorso-alpino-della-guardia-di-finanza-di-cortina\/","url":"https:\/\/www.bellunopress.it\/2026\/02\/03\/sicurezza-in-quota-un-nuovo-defibrillatore-per-il-soccorso-alpino-della-guardia-di-finanza-di-cortina\/","name":"Sicurezza in quota: un nuovo defibrillatore per il Soccorso Alpino della Guardia di Finanza di Cortina - Bellunopress - Dolomiti","isPartOf":{"@id":"https:\/\/www.bellunopress.it\/#website"},"primaryImageOfPage":{"@id":"https:\/\/www.bellunopress.it\/2026\/02\/03\/sicurezza-in-quota-un-nuovo-defibrillatore-per-il-soccorso-alpino-della-guardia-di-finanza-di-cortina\/#primaryimage"},"image":{"@id":"https:\/\/www.bellunopress.it\/2026\/02\/03\/sicurezza-in-quota-un-nuovo-defibrillatore-per-il-soccorso-alpino-della-guardia-di-finanza-di-cortina\/#primaryimage"},"thumbnailUrl":"https:\/\/www.bellunopress.it\/wp-content\/uploads\/2022\/10\/soccorso-guardia-di-finanza-socc-alpino_edited.jpg","datePublished":"2026-02-03T07:45:55+00:00","breadcrumb":{"@id":"https:\/\/www.bellunopress.it\/2026\/02\/03\/sicurezza-in-quota-un-nuovo-defibrillatore-per-il-soccorso-alpino-della-guardia-di-finanza-di-cortina\/#breadcrumb"},"inLanguage":"fr-FR","potentialAction":[{"@type":"ReadAction","target":["https:\/\/www.bellunopress.it\/2026\/02\/03\/sicurezza-in-quota-un-nuovo-defibrillatore-per-il-soccorso-alpino-della-guardia-di-finanza-di-cortina\/"]}]},{"@type":"ImageObject","inLanguage":"fr-FR","@id":"https:\/\/www.bellunopress.it\/2026\/02\/03\/sicurezza-in-quota-un-nuovo-defibrillatore-per-il-soccorso-alpino-della-guardia-di-finanza-di-cortina\/#primaryimage","url":"https:\/\/www.bellunopress.it\/wp-content\/uploads\/2022\/10\/soccorso-guardia-di-finanza-socc-alpino_edited.jpg","contentUrl":"https:\/\/www.bellunopress.it\/wp-content\/uploads\/2022\/10\/soccorso-guardia-di-finanza-socc-alpino_edited.jpg","width":1000,"height":750},{"@type":"BreadcrumbList","@id":"https:\/\/www.bellunopress.it\/2026\/02\/03\/sicurezza-in-quota-un-nuovo-defibrillatore-per-il-soccorso-alpino-della-guardia-di-finanza-di-cortina\/#breadcrumb","itemListElement":[{"@type":"ListItem","position":1,"name":"Home","item":"https:\/\/www.bellunopress.it\/"},{"@type":"ListItem","position":2,"name":"Sicurezza in quota: un nuovo defibrillatore per il Soccorso Alpino della Guardia di Finanza di Cortina"}]},{"@type":"WebSite","@id":"https:\/\/www.bellunopress.it\/#website","url":"https:\/\/www.bellunopress.it\/","name":"Bellunopress - Dolomiti","description":"e-mail: redazione@bellunopress.it","publisher":{"@id":"https:\/\/www.bellunopress.it\/#organization"},"potentialAction":[{"@type":"SearchAction","target":{"@type":"EntryPoint","urlTemplate":"https:\/\/www.bellunopress.it\/?s={search_term_string}"},"query-input":{"@type":"PropertyValueSpecification","valueRequired":true,"valueName":"search_term_string"}}],"inLanguage":"fr-FR"},{"@type":"Organization","@id":"https:\/\/www.bellunopress.it\/#organization","name":"Bellunopress","url":"https:\/\/www.bellunopress.it\/","logo":{"@type":"ImageObject","inLanguage":"fr-FR","@id":"https:\/\/www.bellunopress.it\/#\/schema\/logo\/image\/","url":"https:\/\/www.bellunopress.it\/wp-content\/uploads\/2011\/05\/cropped-logo-bellunopress-.jpg","contentUrl":"https:\/\/www.bellunopress.it\/wp-content\/uploads\/2011\/05\/cropped-logo-bellunopress-.jpg","width":512,"height":512,"caption":"Bellunopress"},"image":{"@id":"https:\/\/www.bellunopress.it\/#\/schema\/logo\/image\/"},"sameAs":["https:\/\/www.facebook.com\/profile.php?id=100008943462799","https:\/\/x.com\/bellunopress","https:\/\/www.linkedin.com\/hp\/?dnr=JBzUWaJfMUw8vbXJJ2tVW5-I3jZKvC4wsoxE&amp;amp;amp;amp;amp;amp;trk=nav_responsive_tab_home","https:\/\/www.youtube.com\/channel\/UCxL0wu1uN0_3_7hGG0306cw"]},{"@type":"Person","@id":"https:\/\/www.bellunopress.it\/#\/schema\/person\/79bb06722b37ece1c03d3e94beb30d73","name":"r\u00e9daction","image":{"@type":"ImageObject","inLanguage":"fr-FR","@id":"https:\/\/secure.gravatar.com\/avatar\/37d968a2e67a6fd04c169c4bdef102d0bc5d31b2546345219e348575eb80e9a0?s=96&d=mm&r=g","url":"https:\/\/secure.gravatar.com\/avatar\/37d968a2e67a6fd04c169c4bdef102d0bc5d31b2546345219e348575eb80e9a0?s=96&d=mm&r=g","contentUrl":"https:\/\/secure.gravatar.com\/avatar\/37d968a2e67a6fd04c169c4bdef102d0bc5d31b2546345219e348575eb80e9a0?s=96&d=mm&r=g","caption":"redazione"},"sameAs":["http:\/\/www.bellunopress.it","https:\/\/x.com\/bellunopress"],"url":"https:\/\/www.bellunopress.it\/fr\/author\/redazione\/"}]}},"_links":{"self":[{"href":"https:\/\/www.bellunopress.it\/fr\/wp-json\/wp\/v2\/posts\/167090","targetHints":{"allow":["GET"]}}],"collection":[{"href":"https:\/\/www.bellunopress.it\/fr\/wp-json\/wp\/v2\/posts"}],"about":[{"href":"https:\/\/www.bellunopress.it\/fr\/wp-json\/wp\/v2\/types\/post"}],"author":[{"embeddable":true,"href":"https:\/\/www.bellunopress.it\/fr\/wp-json\/wp\/v2\/users\/2"}],"replies":[{"embeddable":true,"href":"https:\/\/www.bellunopress.it\/fr\/wp-json\/wp\/v2\/comments?post=167090"}],"version-history":[{"count":1,"href":"https:\/\/www.bellunopress.it\/fr\/wp-json\/wp\/v2\/posts\/167090\/revisions"}],"predecessor-version":[{"id":167091,"href":"https:\/\/www.bellunopress.it\/fr\/wp-json\/wp\/v2\/posts\/167090\/revisions\/167091"}],"wp:featuredmedia":[{"embeddable":true,"href":"https:\/\/www.bellunopress.it\/fr\/wp-json\/wp\/v2\/media\/137135"}],"wp:attachment":[{"href":"https:\/\/www.bellunopress.it\/fr\/wp-json\/wp\/v2\/media?parent=167090"}],"wp:term":[{"taxonomy":"category","embeddable":true,"href":"https:\/\/www.bellunopress.it\/fr\/wp-json\/wp\/v2\/categories?post=167090"},{"taxonomy":"post_tag","embeddable":true,"href":"https:\/\/www.bellunopress.it\/fr\/wp-json\/wp\/v2\/tags?post=167090"}],"curies":[{"name":"wp","href":"https:\/\/api.w.org\/{rel}","templated":true}]}}