{"id":167087,"date":"2026-02-15T08:25:32","date_gmt":"2026-02-15T07:25:32","guid":{"rendered":"https:\/\/www.bellunopress.it\/?p=167087"},"modified":"2026-02-03T08:34:18","modified_gmt":"2026-02-03T07:34:18","slug":"ben-essere-in-bicicletta-a-cesiomaggiore-un-ciclo-di-incontri-dedicato-a-ciclisti-e-appassionati","status":"publish","type":"post","link":"https:\/\/www.bellunopress.it\/fr\/2026\/02\/15\/ben-essere-in-bicicletta-a-cesiomaggiore-un-ciclo-di-incontri-dedicato-a-ciclisti-e-appassionati\/","title":{"rendered":"&#8220;Ben-Essere in Bicicletta&#8221;: a Cesiomaggiore un ciclo di incontri dedicato a ciclisti e appassionati"},"content":{"rendered":"<p data-path-to-node=\"3\">Il Comune di Cesiomaggiore, in collaborazione con l\u2019Associazione &#8220;Il Tasso&#8221; di Menin, presenta &#8220;Ben-Essere in Bicicletta&#8221;, un interessante ciclo di tre incontri pensati per approfondire il legame tra l&#8217;uso della bicicletta, la salute e la performance fisica.<\/p>\n<p data-path-to-node=\"4\">Tutti gli appuntamenti si terranno presso la Sala consiliare di Cesiomaggiore (Via Roma 55\/A) con inizio alle ore 18:30. Esperti del settore medico e sportivo guideranno il pubblico attraverso un percorso che unisce scienza, prevenzione e curiosit\u00e0 storiche.<\/p>\n<h3 data-path-to-node=\"5\">Il programma degli incontri<\/h3>\n<p data-path-to-node=\"6\"><strong>1. Gioved\u00ec 19 Febbraio<\/strong> \u2013 Pedalare bene: la testa e i &#8220;garu&#8217;n&#8221; Il primo appuntamento vedr\u00e0 come protagonista il Dott. Davide Mazzon, gi\u00e0 Direttore di Anestesia e Rianimazione di Belluno dal 2001 al 2023. L\u2019incontro esplorer\u00e0 l&#8217;importanza dell\u2019approccio mentale e della forza fisica (espressa nel termine dialettale &#8220;garu&#8217;n&#8221;) per una pedalata efficace e consapevole.<\/p>\n<p data-path-to-node=\"7\"><strong>2. Gioved\u00ec 26 Febbraio<\/strong> \u2013 Signore e Signori: in bici senza timori Il secondo incontro affronter\u00e0 tematiche legate alla salute e alla prevenzione, con un focus particolare sugli aspetti urologici legati al ciclismo. A parlarne sar\u00e0 il Dott. Marcello Repele, Direttore di Urologia di Belluno, che aiuter\u00e0 a sfatare miti e fornire consigli pratici per vivere la passione della bici in totale sicurezza e benessere.<\/p>\n<p data-path-to-node=\"8\"><strong>3. Gioved\u00ec 5 Marzo<\/strong> \u2013 Quando il ciclista non aveva il nutrizionista (e arrivava lo stesso) L\u2019ultimo appuntamento proporr\u00e0 una riflessione sull\u2019evoluzione della nutrizione nel mondo del ciclismo. Il Dott. Andrea Lorusso, della Federazione Medico Sportiva Italiana di Venezia, metter\u00e0 a confronto le abitudini alimentari del passato con le moderne tendenze, analizzando come sia cambiato il modo di alimentare la propria &#8220;macchina&#8221; fisica.<\/p>\n<h3 data-path-to-node=\"9\">Informazioni utili<\/h3>\n<p data-path-to-node=\"10\">L&#8217;iniziativa rappresenta un&#8217;importante occasione di confronto per la comunit\u00e0 locale e per tutti gli amanti delle due ruote che desiderano migliorare la propria consapevolezza atletica e salutistica.<\/p>\n<ul data-path-to-node=\"11\">\n<li>\n<p data-path-to-node=\"11,0,0\">Luogo: Sala consiliare di Cesiomaggiore, Via Roma 55\/A.<\/p>\n<\/li>\n<li>\n<p data-path-to-node=\"11,1,0\">Orario: 18:30.<\/p>\n<\/li>\n<li>\n<p data-path-to-node=\"11,2,0\">Organizzazione: Comune di Cesiomaggiore in collaborazione con l&#8217;Associazione &#8220;Il Tasso&#8221; di Menin.<\/p>\n<\/li>\n<\/ul>","protected":false},"excerpt":{"rendered":"<p>Il Comune di Cesiomaggiore, in collaborazione con l\u2019Associazione &#8220;Il Tasso&#8221; di Menin, presenta &#8220;Ben-Essere in Bicicletta&#8221;, un interessante ciclo di tre incontri pensati per approfondire il legame tra l&#8217;uso della bicicletta, la salute e la performance fisica. Tutti gli appuntamenti si terranno presso la Sala consiliare di Cesiomaggiore (Via Roma 55\/A) con inizio alle ore [&hellip;]<\/p>\n","protected":false},"author":2,"featured_media":167088,"comment_status":"closed","ping_status":"open","sticky":false,"template":"","format":"standard","meta":{"footnotes":""},"categories":[27],"tags":[],"class_list":["post-167087","post","type-post","status-publish","format-standard","has-post-thumbnail","category-appuntamenti"],"yoast_head":"<!-- This site is optimized with the Yoast SEO plugin v28.4 - https:\/\/yoast.com\/product\/yoast-seo-wordpress\/ -->\n<title>&quot;Ben-Essere in Bicicletta&quot;: a Cesiomaggiore un ciclo di incontri dedicato a ciclisti e appassionati - Bellunopress - Dolomiti<\/title>\n<meta name=\"robots\" content=\"index, follow, max-snippet:-1, max-image-preview:large, max-video-preview:-1\" \/>\n<link rel=\"canonical\" href=\"https:\/\/www.bellunopress.it\/fr\/2026\/02\/15\/ben-essere-in-bicicletta-a-cesiomaggiore-un-ciclo-di-incontri-dedicato-a-ciclisti-e-appassionati\/\" \/>\n<meta property=\"og:locale\" content=\"fr_FR\" \/>\n<meta property=\"og:type\" content=\"article\" \/>\n<meta property=\"og:title\" content=\"&quot;Ben-Essere in Bicicletta&quot;: a Cesiomaggiore un ciclo di incontri dedicato a ciclisti e appassionati - Bellunopress - Dolomiti\" \/>\n<meta property=\"og:description\" content=\"Il Comune di Cesiomaggiore, in collaborazione con l\u2019Associazione &#8220;Il Tasso&#8221; di Menin, presenta &#8220;Ben-Essere in Bicicletta&#8221;, un interessante ciclo di tre incontri pensati per approfondire il legame tra l&#8217;uso della bicicletta, la salute e la performance fisica. Tutti gli appuntamenti si terranno presso la Sala consiliare di Cesiomaggiore (Via Roma 55\/A) con inizio alle ore [&hellip;]\" \/>\n<meta property=\"og:url\" content=\"https:\/\/www.bellunopress.it\/fr\/2026\/02\/15\/ben-essere-in-bicicletta-a-cesiomaggiore-un-ciclo-di-incontri-dedicato-a-ciclisti-e-appassionati\/\" \/>\n<meta property=\"og:site_name\" content=\"Bellunopress - Dolomiti\" \/>\n<meta property=\"article:publisher\" content=\"https:\/\/www.facebook.com\/profile.php?id=100008943462799\" \/>\n<meta property=\"article:published_time\" content=\"2026-02-15T07:25:32+00:00\" \/>\n<meta property=\"og:image\" content=\"https:\/\/www.bellunopress.it\/wp-content\/uploads\/2026\/02\/Municipio-Cesiomaggiore.jpg\" \/>\n\t<meta property=\"og:image:width\" content=\"600\" \/>\n\t<meta property=\"og:image:height\" content=\"307\" \/>\n\t<meta property=\"og:image:type\" content=\"image\/jpeg\" \/>\n<meta name=\"author\" content=\"redazione\" \/>\n<meta name=\"twitter:card\" content=\"summary_large_image\" \/>\n<meta name=\"twitter:creator\" content=\"@bellunopress\" \/>\n<meta name=\"twitter:site\" content=\"@bellunopress\" \/>\n<meta name=\"twitter:label1\" content=\"\u00c9crit par\" \/>\n\t<meta name=\"twitter:data1\" content=\"redazione\" \/>\n\t<meta name=\"twitter:label2\" content=\"Dur\u00e9e de lecture estim\u00e9e\" \/>\n\t<meta name=\"twitter:data2\" content=\"2 minutes\" \/>\n<script type=\"application\/ld+json\" class=\"yoast-schema-graph\">{\"@context\":\"https:\\\/\\\/schema.org\",\"@graph\":[{\"@type\":\"Article\",\"@id\":\"https:\\\/\\\/www.bellunopress.it\\\/2026\\\/02\\\/15\\\/ben-essere-in-bicicletta-a-cesiomaggiore-un-ciclo-di-incontri-dedicato-a-ciclisti-e-appassionati\\\/#article\",\"isPartOf\":{\"@id\":\"https:\\\/\\\/www.bellunopress.it\\\/2026\\\/02\\\/15\\\/ben-essere-in-bicicletta-a-cesiomaggiore-un-ciclo-di-incontri-dedicato-a-ciclisti-e-appassionati\\\/\"},\"author\":{\"name\":\"redazione\",\"@id\":\"https:\\\/\\\/www.bellunopress.it\\\/#\\\/schema\\\/person\\\/79bb06722b37ece1c03d3e94beb30d73\"},\"headline\":\"&#8220;Ben-Essere in Bicicletta&#8221;: a Cesiomaggiore un ciclo di incontri dedicato a ciclisti e appassionati\",\"datePublished\":\"2026-02-15T07:25:32+00:00\",\"mainEntityOfPage\":{\"@id\":\"https:\\\/\\\/www.bellunopress.it\\\/2026\\\/02\\\/15\\\/ben-essere-in-bicicletta-a-cesiomaggiore-un-ciclo-di-incontri-dedicato-a-ciclisti-e-appassionati\\\/\"},\"wordCount\":325,\"publisher\":{\"@id\":\"https:\\\/\\\/www.bellunopress.it\\\/#organization\"},\"image\":{\"@id\":\"https:\\\/\\\/www.bellunopress.it\\\/2026\\\/02\\\/15\\\/ben-essere-in-bicicletta-a-cesiomaggiore-un-ciclo-di-incontri-dedicato-a-ciclisti-e-appassionati\\\/#primaryimage\"},\"thumbnailUrl\":\"https:\\\/\\\/www.bellunopress.it\\\/wp-content\\\/uploads\\\/2026\\\/02\\\/Municipio-Cesiomaggiore.jpg\",\"articleSection\":[\"Appuntamenti, Eventi\"],\"inLanguage\":\"fr-FR\"},{\"@type\":\"WebPage\",\"@id\":\"https:\\\/\\\/www.bellunopress.it\\\/2026\\\/02\\\/15\\\/ben-essere-in-bicicletta-a-cesiomaggiore-un-ciclo-di-incontri-dedicato-a-ciclisti-e-appassionati\\\/\",\"url\":\"https:\\\/\\\/www.bellunopress.it\\\/2026\\\/02\\\/15\\\/ben-essere-in-bicicletta-a-cesiomaggiore-un-ciclo-di-incontri-dedicato-a-ciclisti-e-appassionati\\\/\",\"name\":\"\\\"Ben-Essere in Bicicletta\\\": a Cesiomaggiore un ciclo di incontri dedicato a ciclisti e appassionati - Bellunopress - Dolomiti\",\"isPartOf\":{\"@id\":\"https:\\\/\\\/www.bellunopress.it\\\/#website\"},\"primaryImageOfPage\":{\"@id\":\"https:\\\/\\\/www.bellunopress.it\\\/2026\\\/02\\\/15\\\/ben-essere-in-bicicletta-a-cesiomaggiore-un-ciclo-di-incontri-dedicato-a-ciclisti-e-appassionati\\\/#primaryimage\"},\"image\":{\"@id\":\"https:\\\/\\\/www.bellunopress.it\\\/2026\\\/02\\\/15\\\/ben-essere-in-bicicletta-a-cesiomaggiore-un-ciclo-di-incontri-dedicato-a-ciclisti-e-appassionati\\\/#primaryimage\"},\"thumbnailUrl\":\"https:\\\/\\\/www.bellunopress.it\\\/wp-content\\\/uploads\\\/2026\\\/02\\\/Municipio-Cesiomaggiore.jpg\",\"datePublished\":\"2026-02-15T07:25:32+00:00\",\"breadcrumb\":{\"@id\":\"https:\\\/\\\/www.bellunopress.it\\\/2026\\\/02\\\/15\\\/ben-essere-in-bicicletta-a-cesiomaggiore-un-ciclo-di-incontri-dedicato-a-ciclisti-e-appassionati\\\/#breadcrumb\"},\"inLanguage\":\"fr-FR\",\"potentialAction\":[{\"@type\":\"ReadAction\",\"target\":[\"https:\\\/\\\/www.bellunopress.it\\\/2026\\\/02\\\/15\\\/ben-essere-in-bicicletta-a-cesiomaggiore-un-ciclo-di-incontri-dedicato-a-ciclisti-e-appassionati\\\/\"]}]},{\"@type\":\"ImageObject\",\"inLanguage\":\"fr-FR\",\"@id\":\"https:\\\/\\\/www.bellunopress.it\\\/2026\\\/02\\\/15\\\/ben-essere-in-bicicletta-a-cesiomaggiore-un-ciclo-di-incontri-dedicato-a-ciclisti-e-appassionati\\\/#primaryimage\",\"url\":\"https:\\\/\\\/www.bellunopress.it\\\/wp-content\\\/uploads\\\/2026\\\/02\\\/Municipio-Cesiomaggiore.jpg\",\"contentUrl\":\"https:\\\/\\\/www.bellunopress.it\\\/wp-content\\\/uploads\\\/2026\\\/02\\\/Municipio-Cesiomaggiore.jpg\",\"width\":600,\"height\":307,\"caption\":\"Municipio di Cesiomaggiore\"},{\"@type\":\"BreadcrumbList\",\"@id\":\"https:\\\/\\\/www.bellunopress.it\\\/2026\\\/02\\\/15\\\/ben-essere-in-bicicletta-a-cesiomaggiore-un-ciclo-di-incontri-dedicato-a-ciclisti-e-appassionati\\\/#breadcrumb\",\"itemListElement\":[{\"@type\":\"ListItem\",\"position\":1,\"name\":\"Home\",\"item\":\"https:\\\/\\\/www.bellunopress.it\\\/\"},{\"@type\":\"ListItem\",\"position\":2,\"name\":\"&#8220;Ben-Essere in Bicicletta&#8221;: a Cesiomaggiore un ciclo di incontri dedicato a ciclisti e appassionati\"}]},{\"@type\":\"WebSite\",\"@id\":\"https:\\\/\\\/www.bellunopress.it\\\/#website\",\"url\":\"https:\\\/\\\/www.bellunopress.it\\\/\",\"name\":\"Bellunopress - Dolomiti\",\"description\":\"e-mail: redazione@bellunopress.it\",\"publisher\":{\"@id\":\"https:\\\/\\\/www.bellunopress.it\\\/#organization\"},\"potentialAction\":[{\"@type\":\"SearchAction\",\"target\":{\"@type\":\"EntryPoint\",\"urlTemplate\":\"https:\\\/\\\/www.bellunopress.it\\\/?s={search_term_string}\"},\"query-input\":{\"@type\":\"PropertyValueSpecification\",\"valueRequired\":true,\"valueName\":\"search_term_string\"}}],\"inLanguage\":\"fr-FR\"},{\"@type\":\"Organization\",\"@id\":\"https:\\\/\\\/www.bellunopress.it\\\/#organization\",\"name\":\"Bellunopress\",\"url\":\"https:\\\/\\\/www.bellunopress.it\\\/\",\"logo\":{\"@type\":\"ImageObject\",\"inLanguage\":\"fr-FR\",\"@id\":\"https:\\\/\\\/www.bellunopress.it\\\/#\\\/schema\\\/logo\\\/image\\\/\",\"url\":\"https:\\\/\\\/www.bellunopress.it\\\/wp-content\\\/uploads\\\/2011\\\/05\\\/cropped-logo-bellunopress-.jpg\",\"contentUrl\":\"https:\\\/\\\/www.bellunopress.it\\\/wp-content\\\/uploads\\\/2011\\\/05\\\/cropped-logo-bellunopress-.jpg\",\"width\":512,\"height\":512,\"caption\":\"Bellunopress\"},\"image\":{\"@id\":\"https:\\\/\\\/www.bellunopress.it\\\/#\\\/schema\\\/logo\\\/image\\\/\"},\"sameAs\":[\"https:\\\/\\\/www.facebook.com\\\/profile.php?id=100008943462799\",\"https:\\\/\\\/x.com\\\/bellunopress\",\"https:\\\/\\\/www.linkedin.com\\\/hp\\\/?dnr=JBzUWaJfMUw8vbXJJ2tVW5-I3jZKvC4wsoxE&amp;amp;amp;amp;amp;amp;trk=nav_responsive_tab_home\",\"https:\\\/\\\/www.youtube.com\\\/channel\\\/UCxL0wu1uN0_3_7hGG0306cw\"]},{\"@type\":\"Person\",\"@id\":\"https:\\\/\\\/www.bellunopress.it\\\/#\\\/schema\\\/person\\\/79bb06722b37ece1c03d3e94beb30d73\",\"name\":\"redazione\",\"image\":{\"@type\":\"ImageObject\",\"inLanguage\":\"fr-FR\",\"@id\":\"https:\\\/\\\/secure.gravatar.com\\\/avatar\\\/37d968a2e67a6fd04c169c4bdef102d0bc5d31b2546345219e348575eb80e9a0?s=96&d=mm&r=g\",\"url\":\"https:\\\/\\\/secure.gravatar.com\\\/avatar\\\/37d968a2e67a6fd04c169c4bdef102d0bc5d31b2546345219e348575eb80e9a0?s=96&d=mm&r=g\",\"contentUrl\":\"https:\\\/\\\/secure.gravatar.com\\\/avatar\\\/37d968a2e67a6fd04c169c4bdef102d0bc5d31b2546345219e348575eb80e9a0?s=96&d=mm&r=g\",\"caption\":\"redazione\"},\"sameAs\":[\"http:\\\/\\\/www.bellunopress.it\",\"https:\\\/\\\/x.com\\\/bellunopress\"],\"url\":\"https:\\\/\\\/www.bellunopress.it\\\/fr\\\/author\\\/redazione\\\/\"}]}<\/script>\n<!-- \/ Yoast SEO plugin. -->","yoast_head_json":{"title":"\"Ben-Essere in Bicicletta\": a Cesiomaggiore un ciclo di incontri dedicato a ciclisti e appassionati - Bellunopress - Dolomiti","robots":{"index":"index","follow":"follow","max-snippet":"max-snippet:-1","max-image-preview":"max-image-preview:large","max-video-preview":"max-video-preview:-1"},"canonical":"https:\/\/www.bellunopress.it\/fr\/2026\/02\/15\/ben-essere-in-bicicletta-a-cesiomaggiore-un-ciclo-di-incontri-dedicato-a-ciclisti-e-appassionati\/","og_locale":"fr_FR","og_type":"article","og_title":"\"Ben-Essere in Bicicletta\": a Cesiomaggiore un ciclo di incontri dedicato a ciclisti e appassionati - Bellunopress - Dolomiti","og_description":"Il Comune di Cesiomaggiore, in collaborazione con l\u2019Associazione &#8220;Il Tasso&#8221; di Menin, presenta &#8220;Ben-Essere in Bicicletta&#8221;, un interessante ciclo di tre incontri pensati per approfondire il legame tra l&#8217;uso della bicicletta, la salute e la performance fisica. Tutti gli appuntamenti si terranno presso la Sala consiliare di Cesiomaggiore (Via Roma 55\/A) con inizio alle ore [&hellip;]","og_url":"https:\/\/www.bellunopress.it\/fr\/2026\/02\/15\/ben-essere-in-bicicletta-a-cesiomaggiore-un-ciclo-di-incontri-dedicato-a-ciclisti-e-appassionati\/","og_site_name":"Bellunopress - Dolomiti","article_publisher":"https:\/\/www.facebook.com\/profile.php?id=100008943462799","article_published_time":"2026-02-15T07:25:32+00:00","og_image":[{"width":600,"height":307,"url":"https:\/\/www.bellunopress.it\/wp-content\/uploads\/2026\/02\/Municipio-Cesiomaggiore.jpg","type":"image\/jpeg"}],"author":"redazione","twitter_card":"summary_large_image","twitter_creator":"@bellunopress","twitter_site":"@bellunopress","twitter_misc":{"\u00c9crit par":"redazione","Dur\u00e9e de lecture estim\u00e9e":"2 minutes"},"schema":{"@context":"https:\/\/schema.org","@graph":[{"@type":"Article","@id":"https:\/\/www.bellunopress.it\/2026\/02\/15\/ben-essere-in-bicicletta-a-cesiomaggiore-un-ciclo-di-incontri-dedicato-a-ciclisti-e-appassionati\/#article","isPartOf":{"@id":"https:\/\/www.bellunopress.it\/2026\/02\/15\/ben-essere-in-bicicletta-a-cesiomaggiore-un-ciclo-di-incontri-dedicato-a-ciclisti-e-appassionati\/"},"author":{"name":"redazione","@id":"https:\/\/www.bellunopress.it\/#\/schema\/person\/79bb06722b37ece1c03d3e94beb30d73"},"headline":"&#8220;Ben-Essere in Bicicletta&#8221;: a Cesiomaggiore un ciclo di incontri dedicato a ciclisti e appassionati","datePublished":"2026-02-15T07:25:32+00:00","mainEntityOfPage":{"@id":"https:\/\/www.bellunopress.it\/2026\/02\/15\/ben-essere-in-bicicletta-a-cesiomaggiore-un-ciclo-di-incontri-dedicato-a-ciclisti-e-appassionati\/"},"wordCount":325,"publisher":{"@id":"https:\/\/www.bellunopress.it\/#organization"},"image":{"@id":"https:\/\/www.bellunopress.it\/2026\/02\/15\/ben-essere-in-bicicletta-a-cesiomaggiore-un-ciclo-di-incontri-dedicato-a-ciclisti-e-appassionati\/#primaryimage"},"thumbnailUrl":"https:\/\/www.bellunopress.it\/wp-content\/uploads\/2026\/02\/Municipio-Cesiomaggiore.jpg","articleSection":["Appuntamenti, Eventi"],"inLanguage":"fr-FR"},{"@type":"WebPage","@id":"https:\/\/www.bellunopress.it\/2026\/02\/15\/ben-essere-in-bicicletta-a-cesiomaggiore-un-ciclo-di-incontri-dedicato-a-ciclisti-e-appassionati\/","url":"https:\/\/www.bellunopress.it\/2026\/02\/15\/ben-essere-in-bicicletta-a-cesiomaggiore-un-ciclo-di-incontri-dedicato-a-ciclisti-e-appassionati\/","name":"\"Ben-Essere in Bicicletta\": a Cesiomaggiore un ciclo di incontri dedicato a ciclisti e appassionati - Bellunopress - Dolomiti","isPartOf":{"@id":"https:\/\/www.bellunopress.it\/#website"},"primaryImageOfPage":{"@id":"https:\/\/www.bellunopress.it\/2026\/02\/15\/ben-essere-in-bicicletta-a-cesiomaggiore-un-ciclo-di-incontri-dedicato-a-ciclisti-e-appassionati\/#primaryimage"},"image":{"@id":"https:\/\/www.bellunopress.it\/2026\/02\/15\/ben-essere-in-bicicletta-a-cesiomaggiore-un-ciclo-di-incontri-dedicato-a-ciclisti-e-appassionati\/#primaryimage"},"thumbnailUrl":"https:\/\/www.bellunopress.it\/wp-content\/uploads\/2026\/02\/Municipio-Cesiomaggiore.jpg","datePublished":"2026-02-15T07:25:32+00:00","breadcrumb":{"@id":"https:\/\/www.bellunopress.it\/2026\/02\/15\/ben-essere-in-bicicletta-a-cesiomaggiore-un-ciclo-di-incontri-dedicato-a-ciclisti-e-appassionati\/#breadcrumb"},"inLanguage":"fr-FR","potentialAction":[{"@type":"ReadAction","target":["https:\/\/www.bellunopress.it\/2026\/02\/15\/ben-essere-in-bicicletta-a-cesiomaggiore-un-ciclo-di-incontri-dedicato-a-ciclisti-e-appassionati\/"]}]},{"@type":"ImageObject","inLanguage":"fr-FR","@id":"https:\/\/www.bellunopress.it\/2026\/02\/15\/ben-essere-in-bicicletta-a-cesiomaggiore-un-ciclo-di-incontri-dedicato-a-ciclisti-e-appassionati\/#primaryimage","url":"https:\/\/www.bellunopress.it\/wp-content\/uploads\/2026\/02\/Municipio-Cesiomaggiore.jpg","contentUrl":"https:\/\/www.bellunopress.it\/wp-content\/uploads\/2026\/02\/Municipio-Cesiomaggiore.jpg","width":600,"height":307,"caption":"Municipio di Cesiomaggiore"},{"@type":"BreadcrumbList","@id":"https:\/\/www.bellunopress.it\/2026\/02\/15\/ben-essere-in-bicicletta-a-cesiomaggiore-un-ciclo-di-incontri-dedicato-a-ciclisti-e-appassionati\/#breadcrumb","itemListElement":[{"@type":"ListItem","position":1,"name":"Home","item":"https:\/\/www.bellunopress.it\/"},{"@type":"ListItem","position":2,"name":"&#8220;Ben-Essere in Bicicletta&#8221;: a Cesiomaggiore un ciclo di incontri dedicato a ciclisti e appassionati"}]},{"@type":"WebSite","@id":"https:\/\/www.bellunopress.it\/#website","url":"https:\/\/www.bellunopress.it\/","name":"Bellunopress - Dolomiti","description":"e-mail: redazione@bellunopress.it","publisher":{"@id":"https:\/\/www.bellunopress.it\/#organization"},"potentialAction":[{"@type":"SearchAction","target":{"@type":"EntryPoint","urlTemplate":"https:\/\/www.bellunopress.it\/?s={search_term_string}"},"query-input":{"@type":"PropertyValueSpecification","valueRequired":true,"valueName":"search_term_string"}}],"inLanguage":"fr-FR"},{"@type":"Organization","@id":"https:\/\/www.bellunopress.it\/#organization","name":"Bellunopress","url":"https:\/\/www.bellunopress.it\/","logo":{"@type":"ImageObject","inLanguage":"fr-FR","@id":"https:\/\/www.bellunopress.it\/#\/schema\/logo\/image\/","url":"https:\/\/www.bellunopress.it\/wp-content\/uploads\/2011\/05\/cropped-logo-bellunopress-.jpg","contentUrl":"https:\/\/www.bellunopress.it\/wp-content\/uploads\/2011\/05\/cropped-logo-bellunopress-.jpg","width":512,"height":512,"caption":"Bellunopress"},"image":{"@id":"https:\/\/www.bellunopress.it\/#\/schema\/logo\/image\/"},"sameAs":["https:\/\/www.facebook.com\/profile.php?id=100008943462799","https:\/\/x.com\/bellunopress","https:\/\/www.linkedin.com\/hp\/?dnr=JBzUWaJfMUw8vbXJJ2tVW5-I3jZKvC4wsoxE&amp;amp;amp;amp;amp;amp;trk=nav_responsive_tab_home","https:\/\/www.youtube.com\/channel\/UCxL0wu1uN0_3_7hGG0306cw"]},{"@type":"Person","@id":"https:\/\/www.bellunopress.it\/#\/schema\/person\/79bb06722b37ece1c03d3e94beb30d73","name":"r\u00e9daction","image":{"@type":"ImageObject","inLanguage":"fr-FR","@id":"https:\/\/secure.gravatar.com\/avatar\/37d968a2e67a6fd04c169c4bdef102d0bc5d31b2546345219e348575eb80e9a0?s=96&d=mm&r=g","url":"https:\/\/secure.gravatar.com\/avatar\/37d968a2e67a6fd04c169c4bdef102d0bc5d31b2546345219e348575eb80e9a0?s=96&d=mm&r=g","contentUrl":"https:\/\/secure.gravatar.com\/avatar\/37d968a2e67a6fd04c169c4bdef102d0bc5d31b2546345219e348575eb80e9a0?s=96&d=mm&r=g","caption":"redazione"},"sameAs":["http:\/\/www.bellunopress.it","https:\/\/x.com\/bellunopress"],"url":"https:\/\/www.bellunopress.it\/fr\/author\/redazione\/"}]}},"_links":{"self":[{"href":"https:\/\/www.bellunopress.it\/fr\/wp-json\/wp\/v2\/posts\/167087","targetHints":{"allow":["GET"]}}],"collection":[{"href":"https:\/\/www.bellunopress.it\/fr\/wp-json\/wp\/v2\/posts"}],"about":[{"href":"https:\/\/www.bellunopress.it\/fr\/wp-json\/wp\/v2\/types\/post"}],"author":[{"embeddable":true,"href":"https:\/\/www.bellunopress.it\/fr\/wp-json\/wp\/v2\/users\/2"}],"replies":[{"embeddable":true,"href":"https:\/\/www.bellunopress.it\/fr\/wp-json\/wp\/v2\/comments?post=167087"}],"version-history":[{"count":1,"href":"https:\/\/www.bellunopress.it\/fr\/wp-json\/wp\/v2\/posts\/167087\/revisions"}],"predecessor-version":[{"id":167089,"href":"https:\/\/www.bellunopress.it\/fr\/wp-json\/wp\/v2\/posts\/167087\/revisions\/167089"}],"wp:featuredmedia":[{"embeddable":true,"href":"https:\/\/www.bellunopress.it\/fr\/wp-json\/wp\/v2\/media\/167088"}],"wp:attachment":[{"href":"https:\/\/www.bellunopress.it\/fr\/wp-json\/wp\/v2\/media?parent=167087"}],"wp:term":[{"taxonomy":"category","embeddable":true,"href":"https:\/\/www.bellunopress.it\/fr\/wp-json\/wp\/v2\/categories?post=167087"},{"taxonomy":"post_tag","embeddable":true,"href":"https:\/\/www.bellunopress.it\/fr\/wp-json\/wp\/v2\/tags?post=167087"}],"curies":[{"name":"wp","href":"https:\/\/api.w.org\/{rel}","templated":true}]}}