{"id":167056,"date":"2026-02-02T13:38:16","date_gmt":"2026-02-02T12:38:16","guid":{"rendered":"https:\/\/www.bellunopress.it\/?p=167056"},"modified":"2026-02-02T13:38:16","modified_gmt":"2026-02-02T12:38:16","slug":"spaccata-alla-stazione-di-longarone-scatta-il-daspo-per-le-due-minorenni","status":"publish","type":"post","link":"https:\/\/www.bellunopress.it\/fr\/2026\/02\/02\/spaccata-alla-stazione-di-longarone-scatta-il-daspo-per-le-due-minorenni\/","title":{"rendered":"Spaccata alla stazione di Longarone: scatta il Daspo per le due minorenni"},"content":{"rendered":"<p data-path-to-node=\"3\"><b data-path-to-node=\"3\" data-index-in-node=\"0\">Il provvedimento del Questore di Belluno vieta l\u2019accesso ai locali pubblici di tutta la provincia dalle 17:00 a mezzanotte. Le giovani avevano aggredito il titolare del bar durante un furto.<\/b><\/p>\n<p data-path-to-node=\"4\">Belluno, 2 febbraio 2026\u00a0 \u2013 Tolleranza zero contro la devianza giovanile e il degrado urbano. Il Questore di Belluno ha firmato lo scorso 12 gennaio un severo provvedimento di divieto di accesso ai pubblici esercizi (il cosiddetto D.A.C.Ur.) nei confronti di due minorenni, gi\u00e0 protagoniste di un violento episodio di cronaca avvenuto all\u2019inizio dell\u2019anno.<\/p>\n<h3 data-path-to-node=\"5\">L\u2019episodio: furto e aggressione a Longarone<\/h3>\n<p data-path-to-node=\"6\">I fatti risalgono alla notte del 4 gennaio 2026. Le due giovani erano state tratte in arresto in flagranza di reato dopo aver messo a segno una &#8220;spaccata&#8221; presso la stazione ferroviaria di Longarone.<\/p>\n<p data-path-to-node=\"7\">Secondo le ricostruzioni, le minori avevano infranto le vetrine dello scalo e del bar interno per asportare pacchetti di sigarette e bottiglie di liquore. La situazione era poi degenerata quando il proprietario dell\u2019esercizio, intervenuto sul posto per difendere la propria attivit\u00e0, era stato aggredito fisicamente dalle due ragazze.<\/p>\n<h3 data-path-to-node=\"8\">Il provvedimento: non potranno frequentare i locali per un anno<\/h3>\n<h6 data-path-to-node=\"8\">La risposta della Divisione Anticrimine della Questura non si \u00e8 fatta attendere. Il provvedimento, notificato alle giovani alla presenza dei genitori, avr\u00e0 una durata di un anno e prevede restrizioni pesanti:<\/h6>\n<ul data-path-to-node=\"10\">\n<li>\n<p data-path-to-node=\"10,0,0\">\u00a0Le minori non potranno entrare in pubblici esercizi o locali di pubblico trattenimento.<\/p>\n<\/li>\n<li>\n<p data-path-to-node=\"10,1,0\">\u00c8 vietata anche la sosta nelle immediate vicinanze di tali locali.<\/p>\n<\/li>\n<li>\n<p data-path-to-node=\"10,2,0\">La misura \u00e8 valida sull\u2019intero territorio della provincia di Belluno.<\/p>\n<\/li>\n<li>\n<p data-path-to-node=\"10,3,0\">Il divieto scatta ogni giorno dalle ore 17.00 fino alle 24.00.<\/p>\n<\/li>\n<\/ul>\n<p data-path-to-node=\"12\">La misura adottata si basa sull\u2019articolo 13 bis del D.L. 14\/2017, strumento cardine per il contrasto ai fenomeni di violenza nei luoghi della movida e del commercio.<\/p>\n<p data-path-to-node=\"13\">Dalla Questura sottolineano come l\u2019obiettivo non sia solo punitivo, ma soprattutto preventivo ed educativo. &#8220;La presenza di soggetti gi\u00e0 autori di reati in contesti specifici pu\u00f2 incidere negativamente sulla pacifica fruizione degli spazi pubblici&#8221;, si legge in una nota. L\u2019intervento mira quindi a interrompere dinamiche di aggregazione impropria e a richiamare le giovani al rispetto delle regole della convivenza civile, scongiurando il rischio di nuove condotte violente.<\/p>","protected":false},"excerpt":{"rendered":"<p>Il provvedimento del Questore di Belluno vieta l\u2019accesso ai locali pubblici di tutta la provincia dalle 17:00 a mezzanotte. Le giovani avevano aggredito il titolare del bar durante un furto. Belluno, 2 febbraio 2026\u00a0 \u2013 Tolleranza zero contro la devianza giovanile e il degrado urbano. Il Questore di Belluno ha firmato lo scorso 12 gennaio [&hellip;]<\/p>\n","protected":false},"author":2,"featured_media":160404,"comment_status":"closed","ping_status":"open","sticky":false,"template":"","format":"standard","meta":{"footnotes":""},"categories":[5,26],"tags":[],"class_list":["post-167056","post","type-post","status-publish","format-standard","has-post-thumbnail","category-cronaca","category-prima-pagina"],"yoast_head":"<!-- This site is optimized with the Yoast SEO plugin v28.4 - https:\/\/yoast.com\/product\/yoast-seo-wordpress\/ -->\n<title>Spaccata alla stazione di Longarone: scatta il Daspo per le due minorenni - Bellunopress - Dolomiti<\/title>\n<meta name=\"robots\" content=\"index, follow, max-snippet:-1, max-image-preview:large, max-video-preview:-1\" \/>\n<link rel=\"canonical\" href=\"https:\/\/www.bellunopress.it\/fr\/2026\/02\/02\/spaccata-alla-stazione-di-longarone-scatta-il-daspo-per-le-due-minorenni\/\" \/>\n<meta property=\"og:locale\" content=\"fr_FR\" \/>\n<meta property=\"og:type\" content=\"article\" \/>\n<meta property=\"og:title\" content=\"Spaccata alla stazione di Longarone: scatta il Daspo per le due minorenni - Bellunopress - Dolomiti\" \/>\n<meta property=\"og:description\" content=\"Il provvedimento del Questore di Belluno vieta l\u2019accesso ai locali pubblici di tutta la provincia dalle 17:00 a mezzanotte. Le giovani avevano aggredito il titolare del bar durante un furto. Belluno, 2 febbraio 2026\u00a0 \u2013 Tolleranza zero contro la devianza giovanile e il degrado urbano. Il Questore di Belluno ha firmato lo scorso 12 gennaio [&hellip;]\" \/>\n<meta property=\"og:url\" content=\"https:\/\/www.bellunopress.it\/fr\/2026\/02\/02\/spaccata-alla-stazione-di-longarone-scatta-il-daspo-per-le-due-minorenni\/\" \/>\n<meta property=\"og:site_name\" content=\"Bellunopress - Dolomiti\" \/>\n<meta property=\"article:publisher\" content=\"https:\/\/www.facebook.com\/profile.php?id=100008943462799\" \/>\n<meta property=\"article:published_time\" content=\"2026-02-02T12:38:16+00:00\" \/>\n<meta property=\"og:image\" content=\"https:\/\/www.bellunopress.it\/wp-content\/uploads\/2025\/05\/questura-belluno_edited.jpg\" \/>\n\t<meta property=\"og:image:width\" content=\"1000\" \/>\n\t<meta property=\"og:image:height\" content=\"840\" \/>\n\t<meta property=\"og:image:type\" content=\"image\/jpeg\" \/>\n<meta name=\"author\" content=\"redazione\" \/>\n<meta name=\"twitter:card\" content=\"summary_large_image\" \/>\n<meta name=\"twitter:creator\" content=\"@bellunopress\" \/>\n<meta name=\"twitter:site\" content=\"@bellunopress\" \/>\n<meta name=\"twitter:label1\" content=\"\u00c9crit par\" \/>\n\t<meta name=\"twitter:data1\" content=\"redazione\" \/>\n\t<meta name=\"twitter:label2\" content=\"Dur\u00e9e de lecture estim\u00e9e\" \/>\n\t<meta name=\"twitter:data2\" content=\"2 minutes\" \/>\n<script type=\"application\/ld+json\" class=\"yoast-schema-graph\">{\"@context\":\"https:\\\/\\\/schema.org\",\"@graph\":[{\"@type\":\"Article\",\"@id\":\"https:\\\/\\\/www.bellunopress.it\\\/2026\\\/02\\\/02\\\/spaccata-alla-stazione-di-longarone-scatta-il-daspo-per-le-due-minorenni\\\/#article\",\"isPartOf\":{\"@id\":\"https:\\\/\\\/www.bellunopress.it\\\/2026\\\/02\\\/02\\\/spaccata-alla-stazione-di-longarone-scatta-il-daspo-per-le-due-minorenni\\\/\"},\"author\":{\"name\":\"redazione\",\"@id\":\"https:\\\/\\\/www.bellunopress.it\\\/#\\\/schema\\\/person\\\/79bb06722b37ece1c03d3e94beb30d73\"},\"headline\":\"Spaccata alla stazione di Longarone: scatta il Daspo per le due minorenni\",\"datePublished\":\"2026-02-02T12:38:16+00:00\",\"mainEntityOfPage\":{\"@id\":\"https:\\\/\\\/www.bellunopress.it\\\/2026\\\/02\\\/02\\\/spaccata-alla-stazione-di-longarone-scatta-il-daspo-per-le-due-minorenni\\\/\"},\"wordCount\":363,\"publisher\":{\"@id\":\"https:\\\/\\\/www.bellunopress.it\\\/#organization\"},\"image\":{\"@id\":\"https:\\\/\\\/www.bellunopress.it\\\/2026\\\/02\\\/02\\\/spaccata-alla-stazione-di-longarone-scatta-il-daspo-per-le-due-minorenni\\\/#primaryimage\"},\"thumbnailUrl\":\"https:\\\/\\\/www.bellunopress.it\\\/wp-content\\\/uploads\\\/2025\\\/05\\\/questura-belluno_edited.jpg\",\"articleSection\":[\"Cronaca\\\/Politica\",\"Prima Pagina\"],\"inLanguage\":\"fr-FR\"},{\"@type\":\"WebPage\",\"@id\":\"https:\\\/\\\/www.bellunopress.it\\\/2026\\\/02\\\/02\\\/spaccata-alla-stazione-di-longarone-scatta-il-daspo-per-le-due-minorenni\\\/\",\"url\":\"https:\\\/\\\/www.bellunopress.it\\\/2026\\\/02\\\/02\\\/spaccata-alla-stazione-di-longarone-scatta-il-daspo-per-le-due-minorenni\\\/\",\"name\":\"Spaccata alla stazione di Longarone: scatta il Daspo per le due minorenni - Bellunopress - Dolomiti\",\"isPartOf\":{\"@id\":\"https:\\\/\\\/www.bellunopress.it\\\/#website\"},\"primaryImageOfPage\":{\"@id\":\"https:\\\/\\\/www.bellunopress.it\\\/2026\\\/02\\\/02\\\/spaccata-alla-stazione-di-longarone-scatta-il-daspo-per-le-due-minorenni\\\/#primaryimage\"},\"image\":{\"@id\":\"https:\\\/\\\/www.bellunopress.it\\\/2026\\\/02\\\/02\\\/spaccata-alla-stazione-di-longarone-scatta-il-daspo-per-le-due-minorenni\\\/#primaryimage\"},\"thumbnailUrl\":\"https:\\\/\\\/www.bellunopress.it\\\/wp-content\\\/uploads\\\/2025\\\/05\\\/questura-belluno_edited.jpg\",\"datePublished\":\"2026-02-02T12:38:16+00:00\",\"breadcrumb\":{\"@id\":\"https:\\\/\\\/www.bellunopress.it\\\/2026\\\/02\\\/02\\\/spaccata-alla-stazione-di-longarone-scatta-il-daspo-per-le-due-minorenni\\\/#breadcrumb\"},\"inLanguage\":\"fr-FR\",\"potentialAction\":[{\"@type\":\"ReadAction\",\"target\":[\"https:\\\/\\\/www.bellunopress.it\\\/2026\\\/02\\\/02\\\/spaccata-alla-stazione-di-longarone-scatta-il-daspo-per-le-due-minorenni\\\/\"]}]},{\"@type\":\"ImageObject\",\"inLanguage\":\"fr-FR\",\"@id\":\"https:\\\/\\\/www.bellunopress.it\\\/2026\\\/02\\\/02\\\/spaccata-alla-stazione-di-longarone-scatta-il-daspo-per-le-due-minorenni\\\/#primaryimage\",\"url\":\"https:\\\/\\\/www.bellunopress.it\\\/wp-content\\\/uploads\\\/2025\\\/05\\\/questura-belluno_edited.jpg\",\"contentUrl\":\"https:\\\/\\\/www.bellunopress.it\\\/wp-content\\\/uploads\\\/2025\\\/05\\\/questura-belluno_edited.jpg\",\"width\":1000,\"height\":840},{\"@type\":\"BreadcrumbList\",\"@id\":\"https:\\\/\\\/www.bellunopress.it\\\/2026\\\/02\\\/02\\\/spaccata-alla-stazione-di-longarone-scatta-il-daspo-per-le-due-minorenni\\\/#breadcrumb\",\"itemListElement\":[{\"@type\":\"ListItem\",\"position\":1,\"name\":\"Home\",\"item\":\"https:\\\/\\\/www.bellunopress.it\\\/\"},{\"@type\":\"ListItem\",\"position\":2,\"name\":\"Spaccata alla stazione di Longarone: scatta il Daspo per le due minorenni\"}]},{\"@type\":\"WebSite\",\"@id\":\"https:\\\/\\\/www.bellunopress.it\\\/#website\",\"url\":\"https:\\\/\\\/www.bellunopress.it\\\/\",\"name\":\"Bellunopress - Dolomiti\",\"description\":\"e-mail: redazione@bellunopress.it\",\"publisher\":{\"@id\":\"https:\\\/\\\/www.bellunopress.it\\\/#organization\"},\"potentialAction\":[{\"@type\":\"SearchAction\",\"target\":{\"@type\":\"EntryPoint\",\"urlTemplate\":\"https:\\\/\\\/www.bellunopress.it\\\/?s={search_term_string}\"},\"query-input\":{\"@type\":\"PropertyValueSpecification\",\"valueRequired\":true,\"valueName\":\"search_term_string\"}}],\"inLanguage\":\"fr-FR\"},{\"@type\":\"Organization\",\"@id\":\"https:\\\/\\\/www.bellunopress.it\\\/#organization\",\"name\":\"Bellunopress\",\"url\":\"https:\\\/\\\/www.bellunopress.it\\\/\",\"logo\":{\"@type\":\"ImageObject\",\"inLanguage\":\"fr-FR\",\"@id\":\"https:\\\/\\\/www.bellunopress.it\\\/#\\\/schema\\\/logo\\\/image\\\/\",\"url\":\"https:\\\/\\\/www.bellunopress.it\\\/wp-content\\\/uploads\\\/2011\\\/05\\\/cropped-logo-bellunopress-.jpg\",\"contentUrl\":\"https:\\\/\\\/www.bellunopress.it\\\/wp-content\\\/uploads\\\/2011\\\/05\\\/cropped-logo-bellunopress-.jpg\",\"width\":512,\"height\":512,\"caption\":\"Bellunopress\"},\"image\":{\"@id\":\"https:\\\/\\\/www.bellunopress.it\\\/#\\\/schema\\\/logo\\\/image\\\/\"},\"sameAs\":[\"https:\\\/\\\/www.facebook.com\\\/profile.php?id=100008943462799\",\"https:\\\/\\\/x.com\\\/bellunopress\",\"https:\\\/\\\/www.linkedin.com\\\/hp\\\/?dnr=JBzUWaJfMUw8vbXJJ2tVW5-I3jZKvC4wsoxE&amp;amp;amp;amp;amp;amp;trk=nav_responsive_tab_home\",\"https:\\\/\\\/www.youtube.com\\\/channel\\\/UCxL0wu1uN0_3_7hGG0306cw\"]},{\"@type\":\"Person\",\"@id\":\"https:\\\/\\\/www.bellunopress.it\\\/#\\\/schema\\\/person\\\/79bb06722b37ece1c03d3e94beb30d73\",\"name\":\"redazione\",\"image\":{\"@type\":\"ImageObject\",\"inLanguage\":\"fr-FR\",\"@id\":\"https:\\\/\\\/secure.gravatar.com\\\/avatar\\\/37d968a2e67a6fd04c169c4bdef102d0bc5d31b2546345219e348575eb80e9a0?s=96&d=mm&r=g\",\"url\":\"https:\\\/\\\/secure.gravatar.com\\\/avatar\\\/37d968a2e67a6fd04c169c4bdef102d0bc5d31b2546345219e348575eb80e9a0?s=96&d=mm&r=g\",\"contentUrl\":\"https:\\\/\\\/secure.gravatar.com\\\/avatar\\\/37d968a2e67a6fd04c169c4bdef102d0bc5d31b2546345219e348575eb80e9a0?s=96&d=mm&r=g\",\"caption\":\"redazione\"},\"sameAs\":[\"http:\\\/\\\/www.bellunopress.it\",\"https:\\\/\\\/x.com\\\/bellunopress\"],\"url\":\"https:\\\/\\\/www.bellunopress.it\\\/fr\\\/author\\\/redazione\\\/\"}]}<\/script>\n<!-- \/ Yoast SEO plugin. -->","yoast_head_json":{"title":"Spaccata alla stazione di Longarone: scatta il Daspo per le due minorenni - Bellunopress - Dolomiti","robots":{"index":"index","follow":"follow","max-snippet":"max-snippet:-1","max-image-preview":"max-image-preview:large","max-video-preview":"max-video-preview:-1"},"canonical":"https:\/\/www.bellunopress.it\/fr\/2026\/02\/02\/spaccata-alla-stazione-di-longarone-scatta-il-daspo-per-le-due-minorenni\/","og_locale":"fr_FR","og_type":"article","og_title":"Spaccata alla stazione di Longarone: scatta il Daspo per le due minorenni - Bellunopress - Dolomiti","og_description":"Il provvedimento del Questore di Belluno vieta l\u2019accesso ai locali pubblici di tutta la provincia dalle 17:00 a mezzanotte. Le giovani avevano aggredito il titolare del bar durante un furto. Belluno, 2 febbraio 2026\u00a0 \u2013 Tolleranza zero contro la devianza giovanile e il degrado urbano. Il Questore di Belluno ha firmato lo scorso 12 gennaio [&hellip;]","og_url":"https:\/\/www.bellunopress.it\/fr\/2026\/02\/02\/spaccata-alla-stazione-di-longarone-scatta-il-daspo-per-le-due-minorenni\/","og_site_name":"Bellunopress - Dolomiti","article_publisher":"https:\/\/www.facebook.com\/profile.php?id=100008943462799","article_published_time":"2026-02-02T12:38:16+00:00","og_image":[{"width":1000,"height":840,"url":"https:\/\/www.bellunopress.it\/wp-content\/uploads\/2025\/05\/questura-belluno_edited.jpg","type":"image\/jpeg"}],"author":"redazione","twitter_card":"summary_large_image","twitter_creator":"@bellunopress","twitter_site":"@bellunopress","twitter_misc":{"\u00c9crit par":"redazione","Dur\u00e9e de lecture estim\u00e9e":"2 minutes"},"schema":{"@context":"https:\/\/schema.org","@graph":[{"@type":"Article","@id":"https:\/\/www.bellunopress.it\/2026\/02\/02\/spaccata-alla-stazione-di-longarone-scatta-il-daspo-per-le-due-minorenni\/#article","isPartOf":{"@id":"https:\/\/www.bellunopress.it\/2026\/02\/02\/spaccata-alla-stazione-di-longarone-scatta-il-daspo-per-le-due-minorenni\/"},"author":{"name":"redazione","@id":"https:\/\/www.bellunopress.it\/#\/schema\/person\/79bb06722b37ece1c03d3e94beb30d73"},"headline":"Spaccata alla stazione di Longarone: scatta il Daspo per le due minorenni","datePublished":"2026-02-02T12:38:16+00:00","mainEntityOfPage":{"@id":"https:\/\/www.bellunopress.it\/2026\/02\/02\/spaccata-alla-stazione-di-longarone-scatta-il-daspo-per-le-due-minorenni\/"},"wordCount":363,"publisher":{"@id":"https:\/\/www.bellunopress.it\/#organization"},"image":{"@id":"https:\/\/www.bellunopress.it\/2026\/02\/02\/spaccata-alla-stazione-di-longarone-scatta-il-daspo-per-le-due-minorenni\/#primaryimage"},"thumbnailUrl":"https:\/\/www.bellunopress.it\/wp-content\/uploads\/2025\/05\/questura-belluno_edited.jpg","articleSection":["Cronaca\/Politica","Prima Pagina"],"inLanguage":"fr-FR"},{"@type":"WebPage","@id":"https:\/\/www.bellunopress.it\/2026\/02\/02\/spaccata-alla-stazione-di-longarone-scatta-il-daspo-per-le-due-minorenni\/","url":"https:\/\/www.bellunopress.it\/2026\/02\/02\/spaccata-alla-stazione-di-longarone-scatta-il-daspo-per-le-due-minorenni\/","name":"Spaccata alla stazione di Longarone: scatta il Daspo per le due minorenni - Bellunopress - Dolomiti","isPartOf":{"@id":"https:\/\/www.bellunopress.it\/#website"},"primaryImageOfPage":{"@id":"https:\/\/www.bellunopress.it\/2026\/02\/02\/spaccata-alla-stazione-di-longarone-scatta-il-daspo-per-le-due-minorenni\/#primaryimage"},"image":{"@id":"https:\/\/www.bellunopress.it\/2026\/02\/02\/spaccata-alla-stazione-di-longarone-scatta-il-daspo-per-le-due-minorenni\/#primaryimage"},"thumbnailUrl":"https:\/\/www.bellunopress.it\/wp-content\/uploads\/2025\/05\/questura-belluno_edited.jpg","datePublished":"2026-02-02T12:38:16+00:00","breadcrumb":{"@id":"https:\/\/www.bellunopress.it\/2026\/02\/02\/spaccata-alla-stazione-di-longarone-scatta-il-daspo-per-le-due-minorenni\/#breadcrumb"},"inLanguage":"fr-FR","potentialAction":[{"@type":"ReadAction","target":["https:\/\/www.bellunopress.it\/2026\/02\/02\/spaccata-alla-stazione-di-longarone-scatta-il-daspo-per-le-due-minorenni\/"]}]},{"@type":"ImageObject","inLanguage":"fr-FR","@id":"https:\/\/www.bellunopress.it\/2026\/02\/02\/spaccata-alla-stazione-di-longarone-scatta-il-daspo-per-le-due-minorenni\/#primaryimage","url":"https:\/\/www.bellunopress.it\/wp-content\/uploads\/2025\/05\/questura-belluno_edited.jpg","contentUrl":"https:\/\/www.bellunopress.it\/wp-content\/uploads\/2025\/05\/questura-belluno_edited.jpg","width":1000,"height":840},{"@type":"BreadcrumbList","@id":"https:\/\/www.bellunopress.it\/2026\/02\/02\/spaccata-alla-stazione-di-longarone-scatta-il-daspo-per-le-due-minorenni\/#breadcrumb","itemListElement":[{"@type":"ListItem","position":1,"name":"Home","item":"https:\/\/www.bellunopress.it\/"},{"@type":"ListItem","position":2,"name":"Spaccata alla stazione di Longarone: scatta il Daspo per le due minorenni"}]},{"@type":"WebSite","@id":"https:\/\/www.bellunopress.it\/#website","url":"https:\/\/www.bellunopress.it\/","name":"Bellunopress - Dolomiti","description":"e-mail: redazione@bellunopress.it","publisher":{"@id":"https:\/\/www.bellunopress.it\/#organization"},"potentialAction":[{"@type":"SearchAction","target":{"@type":"EntryPoint","urlTemplate":"https:\/\/www.bellunopress.it\/?s={search_term_string}"},"query-input":{"@type":"PropertyValueSpecification","valueRequired":true,"valueName":"search_term_string"}}],"inLanguage":"fr-FR"},{"@type":"Organization","@id":"https:\/\/www.bellunopress.it\/#organization","name":"Bellunopress","url":"https:\/\/www.bellunopress.it\/","logo":{"@type":"ImageObject","inLanguage":"fr-FR","@id":"https:\/\/www.bellunopress.it\/#\/schema\/logo\/image\/","url":"https:\/\/www.bellunopress.it\/wp-content\/uploads\/2011\/05\/cropped-logo-bellunopress-.jpg","contentUrl":"https:\/\/www.bellunopress.it\/wp-content\/uploads\/2011\/05\/cropped-logo-bellunopress-.jpg","width":512,"height":512,"caption":"Bellunopress"},"image":{"@id":"https:\/\/www.bellunopress.it\/#\/schema\/logo\/image\/"},"sameAs":["https:\/\/www.facebook.com\/profile.php?id=100008943462799","https:\/\/x.com\/bellunopress","https:\/\/www.linkedin.com\/hp\/?dnr=JBzUWaJfMUw8vbXJJ2tVW5-I3jZKvC4wsoxE&amp;amp;amp;amp;amp;amp;trk=nav_responsive_tab_home","https:\/\/www.youtube.com\/channel\/UCxL0wu1uN0_3_7hGG0306cw"]},{"@type":"Person","@id":"https:\/\/www.bellunopress.it\/#\/schema\/person\/79bb06722b37ece1c03d3e94beb30d73","name":"r\u00e9daction","image":{"@type":"ImageObject","inLanguage":"fr-FR","@id":"https:\/\/secure.gravatar.com\/avatar\/37d968a2e67a6fd04c169c4bdef102d0bc5d31b2546345219e348575eb80e9a0?s=96&d=mm&r=g","url":"https:\/\/secure.gravatar.com\/avatar\/37d968a2e67a6fd04c169c4bdef102d0bc5d31b2546345219e348575eb80e9a0?s=96&d=mm&r=g","contentUrl":"https:\/\/secure.gravatar.com\/avatar\/37d968a2e67a6fd04c169c4bdef102d0bc5d31b2546345219e348575eb80e9a0?s=96&d=mm&r=g","caption":"redazione"},"sameAs":["http:\/\/www.bellunopress.it","https:\/\/x.com\/bellunopress"],"url":"https:\/\/www.bellunopress.it\/fr\/author\/redazione\/"}]}},"_links":{"self":[{"href":"https:\/\/www.bellunopress.it\/fr\/wp-json\/wp\/v2\/posts\/167056","targetHints":{"allow":["GET"]}}],"collection":[{"href":"https:\/\/www.bellunopress.it\/fr\/wp-json\/wp\/v2\/posts"}],"about":[{"href":"https:\/\/www.bellunopress.it\/fr\/wp-json\/wp\/v2\/types\/post"}],"author":[{"embeddable":true,"href":"https:\/\/www.bellunopress.it\/fr\/wp-json\/wp\/v2\/users\/2"}],"replies":[{"embeddable":true,"href":"https:\/\/www.bellunopress.it\/fr\/wp-json\/wp\/v2\/comments?post=167056"}],"version-history":[{"count":1,"href":"https:\/\/www.bellunopress.it\/fr\/wp-json\/wp\/v2\/posts\/167056\/revisions"}],"predecessor-version":[{"id":167057,"href":"https:\/\/www.bellunopress.it\/fr\/wp-json\/wp\/v2\/posts\/167056\/revisions\/167057"}],"wp:featuredmedia":[{"embeddable":true,"href":"https:\/\/www.bellunopress.it\/fr\/wp-json\/wp\/v2\/media\/160404"}],"wp:attachment":[{"href":"https:\/\/www.bellunopress.it\/fr\/wp-json\/wp\/v2\/media?parent=167056"}],"wp:term":[{"taxonomy":"category","embeddable":true,"href":"https:\/\/www.bellunopress.it\/fr\/wp-json\/wp\/v2\/categories?post=167056"},{"taxonomy":"post_tag","embeddable":true,"href":"https:\/\/www.bellunopress.it\/fr\/wp-json\/wp\/v2\/tags?post=167056"}],"curies":[{"name":"wp","href":"https:\/\/api.w.org\/{rel}","templated":true}]}}