{"id":167047,"date":"2026-02-02T09:15:22","date_gmt":"2026-02-02T08:15:22","guid":{"rendered":"https:\/\/www.bellunopress.it\/?p=167047"},"modified":"2026-02-01T21:13:53","modified_gmt":"2026-02-01T20:13:53","slug":"belluno-volley-autoritario-al-pala-barbazza-san-dona-ko","status":"publish","type":"post","link":"https:\/\/www.bellunopress.it\/fr\/2026\/02\/02\/belluno-volley-autoritario-al-pala-barbazza-san-dona-ko\/","title":{"rendered":"Belluno Volley autoritario al Pala Barbazza: San Don\u00e0 ko"},"content":{"rendered":"<p>PERSONAL TIME SAN DON\u00c0 DI PIAVE-BELLUNO VOLLEY 0-3<\/p>\n<p>PARZIALI: 20-25, 21-25, 15-25.<\/p>\n<p>PERSONAL TIME SAN DON\u00c0 DI PIAVE: Barbon 4, Bellucci, Lazzarini 7, Garra 5, Marzorati 4, Fedrici 15; Paludet (L), Cavasin 9, Cunial 3, Barbon 4, Grespan. N.e. Salvador, Zilio, Filippelli, Zanatta (L). Allenatore: F. Rigamonti.<\/p>\n<p>BELLUNO VOLLEY: Marsili 6, Giannotti 14, Berger 13, Loglisci 4, Mozzato 9, Basso 8; Hoffer (L), Michielon. N.e. Corrado, Cengia, Marini da Costa, Bortoletto, Tosatto (L). Allenatore: V. Mastrangelo.<\/p>\n<p>ARBITRI: Antonino Di Lorenzo di Palermo e Riccardo Faia di Cagliari.<\/p>\n<p>NOTE. Durata set: 23&#8242;, 27&#8242;, 24&#8242;; totale: 1h14&#8242;. San Don\u00e0: battute sbagliate 13, vincenti 4, muri 8. Belluno: b.s. 6, v. 7, m. 11.<\/p>\n<p>\u00c8 un Belluno Volley sempre pi\u00f9 in versione &#8220;on the road&#8221;: quinta vittoria consecutiva in trasferta (sesta, se si considera il quarto di finale di Coppa Italia), un intero girone senza aver mai perso lontano dalla VHV Arena. E il Pala Barbazza viene espugnato a distanza di oltre tre anni dall&#8217;ultimo blitz in terra sandonatese: ovvero, dal 3-0 di stampo dolomitico nell&#8217;ottobre 2022. Non solo: grazie all&#8217;affermazione nel derby veneto &#8211; l&#8217;undicesima all&#8217;interno del campionato di Serie A3 Credem Banca &#8211; i rinoceronti rafforzano ulteriormente la seconda piazza. E allungano sulle pi\u00f9 dirette inseguitrici: Mantova e San Giustino, entrambe sconfitte. Ora il vantaggio sul gradino pi\u00f9 basso del podio sale a 6 lunghezze. E i bellunesi hanno una gara in meno. Tornando al confronto di San Don\u00e0 di Piave, risalta l&#8217;ottima prova complessiva al servizio (7 ace a fronte di appena 6 errori) e a muro (11 palloni inchiodati a terra, 6 dei quali dai centrali), unita all&#8217;impeccabile regia di un Marsili ispirato perfino in &#8220;versione-muratore&#8221; (4 i &#8220;Monster Block&#8221;) e alla concretezza degli attaccanti di palla alta: da Giannotti a Berger (27 punti in tandem)<\/p>\n<p>L&#8217;approccio \u00e8 impeccabile. E a dettare la rotta \u00e8 subito uno dei protagonisti pi\u00f9 attesi: quello Stefano Giannotti che, nelle due stagioni a San Don\u00e0, ha saputo regalare meraviglie. \u00c8 proprio lui a inchiodare il contrattacco del 5-1, utile a regalare la prima fuga. La Personal Time prova a rifarsi sotto, sfruttando l&#8217;efficacia dai nove metri: tanto \u00e8 vero che Fedrici, con l&#8217;aiuto del nastro, timbra l&#8217;ace del -1 (14-15). Ma il Belluno Volley risponde con la stessa moneta: ovvero, con una battuta al vetriolo. Non a caso, il servizio vincente di Marsili vale il nuovo allungo (18-15 dolomitico), e quello di Berger scava un margine di 6 lunghezze. Gi\u00e0, Berger: coach Mastrangelo lo ripropone nel sestetto di partenza e lo schiacciatore austriaco risponde alla grande. Ma in tema di protagonisti, e di ex, ha voce in capitolo pure Enrico Basso, artefice di due muri tonanti.<\/p>\n<p>Berger e l&#8217;ace: una storia che continua. Anche nel secondo parziale, visto che \u00e8 proprio lo scudettato a Perugia, nel 2018, a griffare l&#8217;8-5 esterno. San Don\u00e0, per\u00f2, non arretra di un centimetro. E si affida al suo opposto: Alberto Cavasin, arrivato a fine dicembre. E capace di timbrare l&#8217;aggancio a quota 10 e il sorpasso sul 14-13. Serve uno scatto in avanti da parte dei bellunesi. E arriva puntuale, sotto forma di un break di 9-3, chiuso da un &#8220;block&#8221; di Marsili. I padroni di casa riusciranno ad annullare il primo set-ball: non il secondo.<\/p>\n<p>La sfida appare segnata. Anche perch\u00e9, sul punteggio di 7-7 nel terzo round, i biancobl\u00f9 dolomitici cambiano prepotentemente marcia. E infilano un parzialone di 11-2 che non ammette repliche e, di fatto, chiude a doppia mandata, e con ampio anticipo, set e partita. Ancora una volta, \u00e8 il servizio a offrire precise garanzie &#8211; determinante, in tal senso, la serie dai 9 metri di Giannotti -, mentre Mozzato trasforma in oro tutto ci\u00f2 che tocca. E, nel finale, c&#8217;\u00e8 spazio pure per il giovane Michielon.<\/p>\n<p>\u00abLa sconfitta con Reggio Emilia poteva avere il suo peso, a livello mentale &#8211; \u00e8 l&#8217;analisi di coach Vincenzo Mastrangelo -. E invece siamo stati quelli che volevamo essere: ancor pi\u00f9 attenti del solito. Berger? Ci tenevo che riprendesse il ritmo di un&#8217;intera gara e ho deciso di far rifiatare Corrado, che ha tirato a lungo la &#8220;carretta&#8221;. In pi\u00f9, sono contento dei centrali, Mozzato e Basso: preziosi anche in difesa. Ora ci prepariamo per le prossime due sfide casalinghe, con l&#8217;obiettivo di migliorarci ancora\u00bb.<\/p>","protected":false},"excerpt":{"rendered":"<p>PERSONAL TIME SAN DON\u00c0 DI PIAVE-BELLUNO VOLLEY 0-3 PARZIALI: 20-25, 21-25, 15-25. PERSONAL TIME SAN DON\u00c0 DI PIAVE: Barbon 4, Bellucci, Lazzarini 7, Garra 5, Marzorati 4, Fedrici 15; Paludet (L), Cavasin 9, Cunial 3, Barbon 4, Grespan. N.e. Salvador, Zilio, Filippelli, Zanatta (L). Allenatore: F. Rigamonti. BELLUNO VOLLEY: Marsili 6, Giannotti 14, Berger 13, [&hellip;]<\/p>\n","protected":false},"author":2,"featured_media":166778,"comment_status":"closed","ping_status":"open","sticky":false,"template":"","format":"standard","meta":{"footnotes":""},"categories":[4],"tags":[],"class_list":["post-167047","post","type-post","status-publish","format-standard","has-post-thumbnail","category-sport"],"yoast_head":"<!-- This site is optimized with the Yoast SEO plugin v28.4 - https:\/\/yoast.com\/product\/yoast-seo-wordpress\/ -->\n<title>Belluno Volley autoritario al Pala Barbazza: San Don\u00e0 ko - Bellunopress - Dolomiti<\/title>\n<meta name=\"robots\" content=\"index, follow, max-snippet:-1, max-image-preview:large, max-video-preview:-1\" \/>\n<link rel=\"canonical\" href=\"https:\/\/www.bellunopress.it\/fr\/2026\/02\/02\/belluno-volley-autoritario-al-pala-barbazza-san-dona-ko\/\" \/>\n<meta property=\"og:locale\" content=\"fr_FR\" \/>\n<meta property=\"og:type\" content=\"article\" \/>\n<meta property=\"og:title\" content=\"Belluno Volley autoritario al Pala Barbazza: San Don\u00e0 ko - Bellunopress - Dolomiti\" \/>\n<meta property=\"og:description\" content=\"PERSONAL TIME SAN DON\u00c0 DI PIAVE-BELLUNO VOLLEY 0-3 PARZIALI: 20-25, 21-25, 15-25. PERSONAL TIME SAN DON\u00c0 DI PIAVE: Barbon 4, Bellucci, Lazzarini 7, Garra 5, Marzorati 4, Fedrici 15; Paludet (L), Cavasin 9, Cunial 3, Barbon 4, Grespan. N.e. Salvador, Zilio, Filippelli, Zanatta (L). Allenatore: F. Rigamonti. BELLUNO VOLLEY: Marsili 6, Giannotti 14, Berger 13, [&hellip;]\" \/>\n<meta property=\"og:url\" content=\"https:\/\/www.bellunopress.it\/fr\/2026\/02\/02\/belluno-volley-autoritario-al-pala-barbazza-san-dona-ko\/\" \/>\n<meta property=\"og:site_name\" content=\"Bellunopress - Dolomiti\" \/>\n<meta property=\"article:publisher\" content=\"https:\/\/www.facebook.com\/profile.php?id=100008943462799\" \/>\n<meta property=\"article:published_time\" content=\"2026-02-02T08:15:22+00:00\" \/>\n<meta property=\"og:image\" content=\"https:\/\/www.bellunopress.it\/wp-content\/uploads\/2026\/01\/Belluno-Volley-muro-su-Chevalier.jpg\" \/>\n\t<meta property=\"og:image:width\" content=\"600\" \/>\n\t<meta property=\"og:image:height\" content=\"400\" \/>\n\t<meta property=\"og:image:type\" content=\"image\/jpeg\" \/>\n<meta name=\"author\" content=\"redazione\" \/>\n<meta name=\"twitter:card\" content=\"summary_large_image\" \/>\n<meta name=\"twitter:creator\" content=\"@bellunopress\" \/>\n<meta name=\"twitter:site\" content=\"@bellunopress\" \/>\n<meta name=\"twitter:label1\" content=\"\u00c9crit par\" \/>\n\t<meta name=\"twitter:data1\" content=\"redazione\" \/>\n\t<meta name=\"twitter:label2\" content=\"Dur\u00e9e de lecture estim\u00e9e\" \/>\n\t<meta name=\"twitter:data2\" content=\"3 minutes\" \/>\n<script type=\"application\/ld+json\" class=\"yoast-schema-graph\">{\"@context\":\"https:\\\/\\\/schema.org\",\"@graph\":[{\"@type\":\"Article\",\"@id\":\"https:\\\/\\\/www.bellunopress.it\\\/2026\\\/02\\\/02\\\/belluno-volley-autoritario-al-pala-barbazza-san-dona-ko\\\/#article\",\"isPartOf\":{\"@id\":\"https:\\\/\\\/www.bellunopress.it\\\/2026\\\/02\\\/02\\\/belluno-volley-autoritario-al-pala-barbazza-san-dona-ko\\\/\"},\"author\":{\"name\":\"redazione\",\"@id\":\"https:\\\/\\\/www.bellunopress.it\\\/#\\\/schema\\\/person\\\/79bb06722b37ece1c03d3e94beb30d73\"},\"headline\":\"Belluno Volley autoritario al Pala Barbazza: San Don\u00e0 ko\",\"datePublished\":\"2026-02-02T08:15:22+00:00\",\"mainEntityOfPage\":{\"@id\":\"https:\\\/\\\/www.bellunopress.it\\\/2026\\\/02\\\/02\\\/belluno-volley-autoritario-al-pala-barbazza-san-dona-ko\\\/\"},\"wordCount\":695,\"publisher\":{\"@id\":\"https:\\\/\\\/www.bellunopress.it\\\/#organization\"},\"image\":{\"@id\":\"https:\\\/\\\/www.bellunopress.it\\\/2026\\\/02\\\/02\\\/belluno-volley-autoritario-al-pala-barbazza-san-dona-ko\\\/#primaryimage\"},\"thumbnailUrl\":\"https:\\\/\\\/www.bellunopress.it\\\/wp-content\\\/uploads\\\/2026\\\/01\\\/Belluno-Volley-muro-su-Chevalier.jpg\",\"articleSection\":[\"Sport, tempo libero\"],\"inLanguage\":\"fr-FR\"},{\"@type\":\"WebPage\",\"@id\":\"https:\\\/\\\/www.bellunopress.it\\\/2026\\\/02\\\/02\\\/belluno-volley-autoritario-al-pala-barbazza-san-dona-ko\\\/\",\"url\":\"https:\\\/\\\/www.bellunopress.it\\\/2026\\\/02\\\/02\\\/belluno-volley-autoritario-al-pala-barbazza-san-dona-ko\\\/\",\"name\":\"Belluno Volley autoritario al Pala Barbazza: San Don\u00e0 ko - Bellunopress - Dolomiti\",\"isPartOf\":{\"@id\":\"https:\\\/\\\/www.bellunopress.it\\\/#website\"},\"primaryImageOfPage\":{\"@id\":\"https:\\\/\\\/www.bellunopress.it\\\/2026\\\/02\\\/02\\\/belluno-volley-autoritario-al-pala-barbazza-san-dona-ko\\\/#primaryimage\"},\"image\":{\"@id\":\"https:\\\/\\\/www.bellunopress.it\\\/2026\\\/02\\\/02\\\/belluno-volley-autoritario-al-pala-barbazza-san-dona-ko\\\/#primaryimage\"},\"thumbnailUrl\":\"https:\\\/\\\/www.bellunopress.it\\\/wp-content\\\/uploads\\\/2026\\\/01\\\/Belluno-Volley-muro-su-Chevalier.jpg\",\"datePublished\":\"2026-02-02T08:15:22+00:00\",\"breadcrumb\":{\"@id\":\"https:\\\/\\\/www.bellunopress.it\\\/2026\\\/02\\\/02\\\/belluno-volley-autoritario-al-pala-barbazza-san-dona-ko\\\/#breadcrumb\"},\"inLanguage\":\"fr-FR\",\"potentialAction\":[{\"@type\":\"ReadAction\",\"target\":[\"https:\\\/\\\/www.bellunopress.it\\\/2026\\\/02\\\/02\\\/belluno-volley-autoritario-al-pala-barbazza-san-dona-ko\\\/\"]}]},{\"@type\":\"ImageObject\",\"inLanguage\":\"fr-FR\",\"@id\":\"https:\\\/\\\/www.bellunopress.it\\\/2026\\\/02\\\/02\\\/belluno-volley-autoritario-al-pala-barbazza-san-dona-ko\\\/#primaryimage\",\"url\":\"https:\\\/\\\/www.bellunopress.it\\\/wp-content\\\/uploads\\\/2026\\\/01\\\/Belluno-Volley-muro-su-Chevalier.jpg\",\"contentUrl\":\"https:\\\/\\\/www.bellunopress.it\\\/wp-content\\\/uploads\\\/2026\\\/01\\\/Belluno-Volley-muro-su-Chevalier.jpg\",\"width\":600,\"height\":400},{\"@type\":\"BreadcrumbList\",\"@id\":\"https:\\\/\\\/www.bellunopress.it\\\/2026\\\/02\\\/02\\\/belluno-volley-autoritario-al-pala-barbazza-san-dona-ko\\\/#breadcrumb\",\"itemListElement\":[{\"@type\":\"ListItem\",\"position\":1,\"name\":\"Home\",\"item\":\"https:\\\/\\\/www.bellunopress.it\\\/\"},{\"@type\":\"ListItem\",\"position\":2,\"name\":\"Belluno Volley autoritario al Pala Barbazza: San Don\u00e0 ko\"}]},{\"@type\":\"WebSite\",\"@id\":\"https:\\\/\\\/www.bellunopress.it\\\/#website\",\"url\":\"https:\\\/\\\/www.bellunopress.it\\\/\",\"name\":\"Bellunopress - Dolomiti\",\"description\":\"e-mail: redazione@bellunopress.it\",\"publisher\":{\"@id\":\"https:\\\/\\\/www.bellunopress.it\\\/#organization\"},\"potentialAction\":[{\"@type\":\"SearchAction\",\"target\":{\"@type\":\"EntryPoint\",\"urlTemplate\":\"https:\\\/\\\/www.bellunopress.it\\\/?s={search_term_string}\"},\"query-input\":{\"@type\":\"PropertyValueSpecification\",\"valueRequired\":true,\"valueName\":\"search_term_string\"}}],\"inLanguage\":\"fr-FR\"},{\"@type\":\"Organization\",\"@id\":\"https:\\\/\\\/www.bellunopress.it\\\/#organization\",\"name\":\"Bellunopress\",\"url\":\"https:\\\/\\\/www.bellunopress.it\\\/\",\"logo\":{\"@type\":\"ImageObject\",\"inLanguage\":\"fr-FR\",\"@id\":\"https:\\\/\\\/www.bellunopress.it\\\/#\\\/schema\\\/logo\\\/image\\\/\",\"url\":\"https:\\\/\\\/www.bellunopress.it\\\/wp-content\\\/uploads\\\/2011\\\/05\\\/cropped-logo-bellunopress-.jpg\",\"contentUrl\":\"https:\\\/\\\/www.bellunopress.it\\\/wp-content\\\/uploads\\\/2011\\\/05\\\/cropped-logo-bellunopress-.jpg\",\"width\":512,\"height\":512,\"caption\":\"Bellunopress\"},\"image\":{\"@id\":\"https:\\\/\\\/www.bellunopress.it\\\/#\\\/schema\\\/logo\\\/image\\\/\"},\"sameAs\":[\"https:\\\/\\\/www.facebook.com\\\/profile.php?id=100008943462799\",\"https:\\\/\\\/x.com\\\/bellunopress\",\"https:\\\/\\\/www.linkedin.com\\\/hp\\\/?dnr=JBzUWaJfMUw8vbXJJ2tVW5-I3jZKvC4wsoxE&amp;amp;amp;amp;amp;amp;trk=nav_responsive_tab_home\",\"https:\\\/\\\/www.youtube.com\\\/channel\\\/UCxL0wu1uN0_3_7hGG0306cw\"]},{\"@type\":\"Person\",\"@id\":\"https:\\\/\\\/www.bellunopress.it\\\/#\\\/schema\\\/person\\\/79bb06722b37ece1c03d3e94beb30d73\",\"name\":\"redazione\",\"image\":{\"@type\":\"ImageObject\",\"inLanguage\":\"fr-FR\",\"@id\":\"https:\\\/\\\/secure.gravatar.com\\\/avatar\\\/37d968a2e67a6fd04c169c4bdef102d0bc5d31b2546345219e348575eb80e9a0?s=96&d=mm&r=g\",\"url\":\"https:\\\/\\\/secure.gravatar.com\\\/avatar\\\/37d968a2e67a6fd04c169c4bdef102d0bc5d31b2546345219e348575eb80e9a0?s=96&d=mm&r=g\",\"contentUrl\":\"https:\\\/\\\/secure.gravatar.com\\\/avatar\\\/37d968a2e67a6fd04c169c4bdef102d0bc5d31b2546345219e348575eb80e9a0?s=96&d=mm&r=g\",\"caption\":\"redazione\"},\"sameAs\":[\"http:\\\/\\\/www.bellunopress.it\",\"https:\\\/\\\/x.com\\\/bellunopress\"],\"url\":\"https:\\\/\\\/www.bellunopress.it\\\/fr\\\/author\\\/redazione\\\/\"}]}<\/script>\n<!-- \/ Yoast SEO plugin. -->","yoast_head_json":{"title":"Belluno Volley autoritario al Pala Barbazza: San Don\u00e0 ko - Bellunopress - Dolomiti","robots":{"index":"index","follow":"follow","max-snippet":"max-snippet:-1","max-image-preview":"max-image-preview:large","max-video-preview":"max-video-preview:-1"},"canonical":"https:\/\/www.bellunopress.it\/fr\/2026\/02\/02\/belluno-volley-autoritario-al-pala-barbazza-san-dona-ko\/","og_locale":"fr_FR","og_type":"article","og_title":"Belluno Volley autoritario al Pala Barbazza: San Don\u00e0 ko - Bellunopress - Dolomiti","og_description":"PERSONAL TIME SAN DON\u00c0 DI PIAVE-BELLUNO VOLLEY 0-3 PARZIALI: 20-25, 21-25, 15-25. PERSONAL TIME SAN DON\u00c0 DI PIAVE: Barbon 4, Bellucci, Lazzarini 7, Garra 5, Marzorati 4, Fedrici 15; Paludet (L), Cavasin 9, Cunial 3, Barbon 4, Grespan. N.e. Salvador, Zilio, Filippelli, Zanatta (L). Allenatore: F. Rigamonti. BELLUNO VOLLEY: Marsili 6, Giannotti 14, Berger 13, [&hellip;]","og_url":"https:\/\/www.bellunopress.it\/fr\/2026\/02\/02\/belluno-volley-autoritario-al-pala-barbazza-san-dona-ko\/","og_site_name":"Bellunopress - Dolomiti","article_publisher":"https:\/\/www.facebook.com\/profile.php?id=100008943462799","article_published_time":"2026-02-02T08:15:22+00:00","og_image":[{"width":600,"height":400,"url":"https:\/\/www.bellunopress.it\/wp-content\/uploads\/2026\/01\/Belluno-Volley-muro-su-Chevalier.jpg","type":"image\/jpeg"}],"author":"redazione","twitter_card":"summary_large_image","twitter_creator":"@bellunopress","twitter_site":"@bellunopress","twitter_misc":{"\u00c9crit par":"redazione","Dur\u00e9e de lecture estim\u00e9e":"3 minutes"},"schema":{"@context":"https:\/\/schema.org","@graph":[{"@type":"Article","@id":"https:\/\/www.bellunopress.it\/2026\/02\/02\/belluno-volley-autoritario-al-pala-barbazza-san-dona-ko\/#article","isPartOf":{"@id":"https:\/\/www.bellunopress.it\/2026\/02\/02\/belluno-volley-autoritario-al-pala-barbazza-san-dona-ko\/"},"author":{"name":"redazione","@id":"https:\/\/www.bellunopress.it\/#\/schema\/person\/79bb06722b37ece1c03d3e94beb30d73"},"headline":"Belluno Volley autoritario al Pala Barbazza: San Don\u00e0 ko","datePublished":"2026-02-02T08:15:22+00:00","mainEntityOfPage":{"@id":"https:\/\/www.bellunopress.it\/2026\/02\/02\/belluno-volley-autoritario-al-pala-barbazza-san-dona-ko\/"},"wordCount":695,"publisher":{"@id":"https:\/\/www.bellunopress.it\/#organization"},"image":{"@id":"https:\/\/www.bellunopress.it\/2026\/02\/02\/belluno-volley-autoritario-al-pala-barbazza-san-dona-ko\/#primaryimage"},"thumbnailUrl":"https:\/\/www.bellunopress.it\/wp-content\/uploads\/2026\/01\/Belluno-Volley-muro-su-Chevalier.jpg","articleSection":["Sport, tempo libero"],"inLanguage":"fr-FR"},{"@type":"WebPage","@id":"https:\/\/www.bellunopress.it\/2026\/02\/02\/belluno-volley-autoritario-al-pala-barbazza-san-dona-ko\/","url":"https:\/\/www.bellunopress.it\/2026\/02\/02\/belluno-volley-autoritario-al-pala-barbazza-san-dona-ko\/","name":"Belluno Volley autoritario al Pala Barbazza: San Don\u00e0 ko - Bellunopress - Dolomiti","isPartOf":{"@id":"https:\/\/www.bellunopress.it\/#website"},"primaryImageOfPage":{"@id":"https:\/\/www.bellunopress.it\/2026\/02\/02\/belluno-volley-autoritario-al-pala-barbazza-san-dona-ko\/#primaryimage"},"image":{"@id":"https:\/\/www.bellunopress.it\/2026\/02\/02\/belluno-volley-autoritario-al-pala-barbazza-san-dona-ko\/#primaryimage"},"thumbnailUrl":"https:\/\/www.bellunopress.it\/wp-content\/uploads\/2026\/01\/Belluno-Volley-muro-su-Chevalier.jpg","datePublished":"2026-02-02T08:15:22+00:00","breadcrumb":{"@id":"https:\/\/www.bellunopress.it\/2026\/02\/02\/belluno-volley-autoritario-al-pala-barbazza-san-dona-ko\/#breadcrumb"},"inLanguage":"fr-FR","potentialAction":[{"@type":"ReadAction","target":["https:\/\/www.bellunopress.it\/2026\/02\/02\/belluno-volley-autoritario-al-pala-barbazza-san-dona-ko\/"]}]},{"@type":"ImageObject","inLanguage":"fr-FR","@id":"https:\/\/www.bellunopress.it\/2026\/02\/02\/belluno-volley-autoritario-al-pala-barbazza-san-dona-ko\/#primaryimage","url":"https:\/\/www.bellunopress.it\/wp-content\/uploads\/2026\/01\/Belluno-Volley-muro-su-Chevalier.jpg","contentUrl":"https:\/\/www.bellunopress.it\/wp-content\/uploads\/2026\/01\/Belluno-Volley-muro-su-Chevalier.jpg","width":600,"height":400},{"@type":"BreadcrumbList","@id":"https:\/\/www.bellunopress.it\/2026\/02\/02\/belluno-volley-autoritario-al-pala-barbazza-san-dona-ko\/#breadcrumb","itemListElement":[{"@type":"ListItem","position":1,"name":"Home","item":"https:\/\/www.bellunopress.it\/"},{"@type":"ListItem","position":2,"name":"Belluno Volley autoritario al Pala Barbazza: San Don\u00e0 ko"}]},{"@type":"WebSite","@id":"https:\/\/www.bellunopress.it\/#website","url":"https:\/\/www.bellunopress.it\/","name":"Bellunopress - Dolomiti","description":"e-mail: redazione@bellunopress.it","publisher":{"@id":"https:\/\/www.bellunopress.it\/#organization"},"potentialAction":[{"@type":"SearchAction","target":{"@type":"EntryPoint","urlTemplate":"https:\/\/www.bellunopress.it\/?s={search_term_string}"},"query-input":{"@type":"PropertyValueSpecification","valueRequired":true,"valueName":"search_term_string"}}],"inLanguage":"fr-FR"},{"@type":"Organization","@id":"https:\/\/www.bellunopress.it\/#organization","name":"Bellunopress","url":"https:\/\/www.bellunopress.it\/","logo":{"@type":"ImageObject","inLanguage":"fr-FR","@id":"https:\/\/www.bellunopress.it\/#\/schema\/logo\/image\/","url":"https:\/\/www.bellunopress.it\/wp-content\/uploads\/2011\/05\/cropped-logo-bellunopress-.jpg","contentUrl":"https:\/\/www.bellunopress.it\/wp-content\/uploads\/2011\/05\/cropped-logo-bellunopress-.jpg","width":512,"height":512,"caption":"Bellunopress"},"image":{"@id":"https:\/\/www.bellunopress.it\/#\/schema\/logo\/image\/"},"sameAs":["https:\/\/www.facebook.com\/profile.php?id=100008943462799","https:\/\/x.com\/bellunopress","https:\/\/www.linkedin.com\/hp\/?dnr=JBzUWaJfMUw8vbXJJ2tVW5-I3jZKvC4wsoxE&amp;amp;amp;amp;amp;amp;trk=nav_responsive_tab_home","https:\/\/www.youtube.com\/channel\/UCxL0wu1uN0_3_7hGG0306cw"]},{"@type":"Person","@id":"https:\/\/www.bellunopress.it\/#\/schema\/person\/79bb06722b37ece1c03d3e94beb30d73","name":"r\u00e9daction","image":{"@type":"ImageObject","inLanguage":"fr-FR","@id":"https:\/\/secure.gravatar.com\/avatar\/37d968a2e67a6fd04c169c4bdef102d0bc5d31b2546345219e348575eb80e9a0?s=96&d=mm&r=g","url":"https:\/\/secure.gravatar.com\/avatar\/37d968a2e67a6fd04c169c4bdef102d0bc5d31b2546345219e348575eb80e9a0?s=96&d=mm&r=g","contentUrl":"https:\/\/secure.gravatar.com\/avatar\/37d968a2e67a6fd04c169c4bdef102d0bc5d31b2546345219e348575eb80e9a0?s=96&d=mm&r=g","caption":"redazione"},"sameAs":["http:\/\/www.bellunopress.it","https:\/\/x.com\/bellunopress"],"url":"https:\/\/www.bellunopress.it\/fr\/author\/redazione\/"}]}},"_links":{"self":[{"href":"https:\/\/www.bellunopress.it\/fr\/wp-json\/wp\/v2\/posts\/167047","targetHints":{"allow":["GET"]}}],"collection":[{"href":"https:\/\/www.bellunopress.it\/fr\/wp-json\/wp\/v2\/posts"}],"about":[{"href":"https:\/\/www.bellunopress.it\/fr\/wp-json\/wp\/v2\/types\/post"}],"author":[{"embeddable":true,"href":"https:\/\/www.bellunopress.it\/fr\/wp-json\/wp\/v2\/users\/2"}],"replies":[{"embeddable":true,"href":"https:\/\/www.bellunopress.it\/fr\/wp-json\/wp\/v2\/comments?post=167047"}],"version-history":[{"count":1,"href":"https:\/\/www.bellunopress.it\/fr\/wp-json\/wp\/v2\/posts\/167047\/revisions"}],"predecessor-version":[{"id":167048,"href":"https:\/\/www.bellunopress.it\/fr\/wp-json\/wp\/v2\/posts\/167047\/revisions\/167048"}],"wp:featuredmedia":[{"embeddable":true,"href":"https:\/\/www.bellunopress.it\/fr\/wp-json\/wp\/v2\/media\/166778"}],"wp:attachment":[{"href":"https:\/\/www.bellunopress.it\/fr\/wp-json\/wp\/v2\/media?parent=167047"}],"wp:term":[{"taxonomy":"category","embeddable":true,"href":"https:\/\/www.bellunopress.it\/fr\/wp-json\/wp\/v2\/categories?post=167047"},{"taxonomy":"post_tag","embeddable":true,"href":"https:\/\/www.bellunopress.it\/fr\/wp-json\/wp\/v2\/tags?post=167047"}],"curies":[{"name":"wp","href":"https:\/\/api.w.org\/{rel}","templated":true}]}}