{"id":167038,"date":"2026-02-02T09:35:15","date_gmt":"2026-02-02T08:35:15","guid":{"rendered":"https:\/\/www.bellunopress.it\/?p=167038"},"modified":"2026-02-01T19:55:24","modified_gmt":"2026-02-01T18:55:24","slug":"feltre-accende-il-maxi-schermo-olimpico","status":"publish","type":"post","link":"https:\/\/www.bellunopress.it\/fr\/2026\/02\/02\/feltre-accende-il-maxi-schermo-olimpico\/","title":{"rendered":"Feltre accende il maxi schermo olimpico"},"content":{"rendered":"<p><strong>Il 6 febbraio serata con Herv\u00e9 Barmasse e accensione dello schermo in Largo Castaldi<\/strong><\/p>\n<p>Le Olimpiadi Invernali di Milano Cortina arrivano nel cuore di Feltre. Venerd\u00ec 6 febbraio, in Largo Castaldi, verr\u00e0 acceso il maxi schermo che consentir\u00e0 alla Citt\u00e0 di seguire in diretta la cerimonia di apertura dei Giochi e, per tutta la loro durata, le principali gare olimpiche, trasformando il centro storico in un luogo di partecipazione collettiva e condivisione delle emozioni sportive. Con l\u2019accensione del maxi schermo prende il via il progetto dei Live Site olimpici nel Bellunese, che porter\u00e0 anche a Feltre la possibilit\u00e0 di seguire in tempo reale le<br \/>\ngare e i momenti pi\u00f9 significativi delle Olimpiadi, a partire dalla cerimonia di apertura che sar\u00e0 trasmessa integralmente nella serata di venerd\u00ec 6 febbraio.<\/p>\n<p>Un\u2019occasione pensata per vivere lo sport come esperienza collettiva, in uno spazio pubblico come la piazza, luogo di aggregazione, partecipazione e incontro. \u201cQuesta iniziativa mette al centro le persone all\u2019interno di un evento sportivo di portata mondiale \u2013 commenta il sindaco, Viviana Fusaro \u2013. Spesso si tende a concentrarsi sugli ospiti, sugli atleti o sulle questioni logistiche, ma qui la protagonista \u00e8 la comunit\u00e0. Avere il maxi schermo in piazza permette di vivere le emozioni dei Giochi come un tempo, insieme, condividendole in uno<br \/>\nspazio pubblico e non davanti allo schermo di casa\u201d.<\/p>\n<p><strong>IL PROGRAMMA<\/strong><br \/>\nLa serata prender\u00e0 il via gi\u00e0 nel tardo pomeriggio. Alle 18, all\u2019Officinema di Feltre, \u00e8 in programma l\u2019incontro con Herv\u00e9 Barmasse, alpinista di fama internazionale e voce autorevole della cultura della montagna. L\u2019appuntamento sar\u00e0 dedicato al rapporto tra uomo e ambiente montano, ai valori dello sport e alla responsabilit\u00e0 di vivere la montagna in modo consapevole.<\/p>\n<p>Al termine della conferenza, organizzata in collaborazione e con il patrocinio del Cai di Feltre e con il supporto del Consorzio Dolomiti Prealpi, Barmasse si sposter\u00e0 in Largo Castaldi dove alle 20 \u00e8 prevista l\u2019accensione ufficiale del maxi schermo. Prima della diretta della cerimonia di apertura dei Giochi, \u00e8 prevista animazione,<br \/>\nspettacoli e musica, per coinvolgere il pubblico e accompagnare l\u2019avvio della<br \/>\nserata.<br \/>\nIl maxi schermo rester\u00e0 attivo per tutta la durata delle Olimpiadi, negli orari delle competizioni, offrendo ai cittadini la possibilit\u00e0 di seguire le gare in diretta in un contesto aperto e di partecipazione condivisa allo spirito dei Giochi e dello sport. L\u2019installazione rientra nel progetto dei Live Site olimpici nel Bellunese, realizzato grazie ai fondi della DMO e del Fondo Grandi Eventi, con una quota del Fondo Comuni di Confine, il contributo della Regione Veneto, della Camera di Commercio e della Provincia di Belluno. \u201cL\u2019accensione del maxi schermo \u00e8 una bella opportunit\u00e0 per vivere i Giochi olimpici in comunit\u00e0 \u2013 commenta<br \/>\nl\u2019assessore allo Sport, Maurizio Zatta \u2013. Non si tratta solo di seguire le competizioni, ma di condividere emozioni, momenti di aggregazione e convivialit\u00e0. La piazza conferma in questo modo la sua vocazione di luogo di ritrovo della comunit\u00e0, dove cittadini di tutte le et\u00e0 possono partecipare insieme a un evento di portata internazionale, riscoprendo lo spirito dello sport come esperienza collettiva\u201d.<\/p>","protected":false},"excerpt":{"rendered":"<p>Il 6 febbraio serata con Herv\u00e9 Barmasse e accensione dello schermo in Largo Castaldi Le Olimpiadi Invernali di Milano Cortina arrivano nel cuore di Feltre. Venerd\u00ec 6 febbraio, in Largo Castaldi, verr\u00e0 acceso il maxi schermo che consentir\u00e0 alla Citt\u00e0 di seguire in diretta la cerimonia di apertura dei Giochi e, per tutta la loro [&hellip;]<\/p>\n","protected":false},"author":2,"featured_media":167039,"comment_status":"closed","ping_status":"open","sticky":false,"template":"","format":"standard","meta":{"footnotes":""},"categories":[3],"tags":[],"class_list":["post-167038","post","type-post","status-publish","format-standard","has-post-thumbnail","category-arte-cultura-spettacoli-scienza-archivi"],"yoast_head":"<!-- This site is optimized with the Yoast SEO plugin v28.4 - https:\/\/yoast.com\/product\/yoast-seo-wordpress\/ -->\n<title>Feltre accende il maxi schermo olimpico - Bellunopress - Dolomiti<\/title>\n<meta name=\"robots\" content=\"index, follow, max-snippet:-1, max-image-preview:large, max-video-preview:-1\" \/>\n<link rel=\"canonical\" href=\"https:\/\/www.bellunopress.it\/fr\/2026\/02\/02\/feltre-accende-il-maxi-schermo-olimpico\/\" \/>\n<meta property=\"og:locale\" content=\"fr_FR\" \/>\n<meta property=\"og:type\" content=\"article\" \/>\n<meta property=\"og:title\" content=\"Feltre accende il maxi schermo olimpico - Bellunopress - Dolomiti\" \/>\n<meta property=\"og:description\" content=\"Il 6 febbraio serata con Herv\u00e9 Barmasse e accensione dello schermo in Largo Castaldi Le Olimpiadi Invernali di Milano Cortina arrivano nel cuore di Feltre. Venerd\u00ec 6 febbraio, in Largo Castaldi, verr\u00e0 acceso il maxi schermo che consentir\u00e0 alla Citt\u00e0 di seguire in diretta la cerimonia di apertura dei Giochi e, per tutta la loro [&hellip;]\" \/>\n<meta property=\"og:url\" content=\"https:\/\/www.bellunopress.it\/fr\/2026\/02\/02\/feltre-accende-il-maxi-schermo-olimpico\/\" \/>\n<meta property=\"og:site_name\" content=\"Bellunopress - Dolomiti\" \/>\n<meta property=\"article:publisher\" content=\"https:\/\/www.facebook.com\/profile.php?id=100008943462799\" \/>\n<meta property=\"article:published_time\" content=\"2026-02-02T08:35:15+00:00\" \/>\n<meta property=\"og:image\" content=\"https:\/\/www.bellunopress.it\/wp-content\/uploads\/2026\/02\/serata-Barmasse.jpeg\" \/>\n\t<meta property=\"og:image:width\" content=\"423\" \/>\n\t<meta property=\"og:image:height\" content=\"600\" \/>\n\t<meta property=\"og:image:type\" content=\"image\/jpeg\" \/>\n<meta name=\"author\" content=\"redazione\" \/>\n<meta name=\"twitter:card\" content=\"summary_large_image\" \/>\n<meta name=\"twitter:creator\" content=\"@bellunopress\" \/>\n<meta name=\"twitter:site\" content=\"@bellunopress\" \/>\n<meta name=\"twitter:label1\" content=\"\u00c9crit par\" \/>\n\t<meta name=\"twitter:data1\" content=\"redazione\" \/>\n\t<meta name=\"twitter:label2\" content=\"Dur\u00e9e de lecture estim\u00e9e\" \/>\n\t<meta name=\"twitter:data2\" content=\"3 minutes\" \/>\n<script type=\"application\/ld+json\" class=\"yoast-schema-graph\">{\"@context\":\"https:\\\/\\\/schema.org\",\"@graph\":[{\"@type\":\"Article\",\"@id\":\"https:\\\/\\\/www.bellunopress.it\\\/2026\\\/02\\\/02\\\/feltre-accende-il-maxi-schermo-olimpico\\\/#article\",\"isPartOf\":{\"@id\":\"https:\\\/\\\/www.bellunopress.it\\\/2026\\\/02\\\/02\\\/feltre-accende-il-maxi-schermo-olimpico\\\/\"},\"author\":{\"name\":\"redazione\",\"@id\":\"https:\\\/\\\/www.bellunopress.it\\\/#\\\/schema\\\/person\\\/79bb06722b37ece1c03d3e94beb30d73\"},\"headline\":\"Feltre accende il maxi schermo olimpico\",\"datePublished\":\"2026-02-02T08:35:15+00:00\",\"mainEntityOfPage\":{\"@id\":\"https:\\\/\\\/www.bellunopress.it\\\/2026\\\/02\\\/02\\\/feltre-accende-il-maxi-schermo-olimpico\\\/\"},\"wordCount\":507,\"publisher\":{\"@id\":\"https:\\\/\\\/www.bellunopress.it\\\/#organization\"},\"image\":{\"@id\":\"https:\\\/\\\/www.bellunopress.it\\\/2026\\\/02\\\/02\\\/feltre-accende-il-maxi-schermo-olimpico\\\/#primaryimage\"},\"thumbnailUrl\":\"https:\\\/\\\/www.bellunopress.it\\\/wp-content\\\/uploads\\\/2026\\\/02\\\/serata-Barmasse.jpeg\",\"articleSection\":[\"Arte, Cultura, Spettacoli, Scienza\"],\"inLanguage\":\"fr-FR\"},{\"@type\":\"WebPage\",\"@id\":\"https:\\\/\\\/www.bellunopress.it\\\/2026\\\/02\\\/02\\\/feltre-accende-il-maxi-schermo-olimpico\\\/\",\"url\":\"https:\\\/\\\/www.bellunopress.it\\\/2026\\\/02\\\/02\\\/feltre-accende-il-maxi-schermo-olimpico\\\/\",\"name\":\"Feltre accende il maxi schermo olimpico - Bellunopress - Dolomiti\",\"isPartOf\":{\"@id\":\"https:\\\/\\\/www.bellunopress.it\\\/#website\"},\"primaryImageOfPage\":{\"@id\":\"https:\\\/\\\/www.bellunopress.it\\\/2026\\\/02\\\/02\\\/feltre-accende-il-maxi-schermo-olimpico\\\/#primaryimage\"},\"image\":{\"@id\":\"https:\\\/\\\/www.bellunopress.it\\\/2026\\\/02\\\/02\\\/feltre-accende-il-maxi-schermo-olimpico\\\/#primaryimage\"},\"thumbnailUrl\":\"https:\\\/\\\/www.bellunopress.it\\\/wp-content\\\/uploads\\\/2026\\\/02\\\/serata-Barmasse.jpeg\",\"datePublished\":\"2026-02-02T08:35:15+00:00\",\"breadcrumb\":{\"@id\":\"https:\\\/\\\/www.bellunopress.it\\\/2026\\\/02\\\/02\\\/feltre-accende-il-maxi-schermo-olimpico\\\/#breadcrumb\"},\"inLanguage\":\"fr-FR\",\"potentialAction\":[{\"@type\":\"ReadAction\",\"target\":[\"https:\\\/\\\/www.bellunopress.it\\\/2026\\\/02\\\/02\\\/feltre-accende-il-maxi-schermo-olimpico\\\/\"]}]},{\"@type\":\"ImageObject\",\"inLanguage\":\"fr-FR\",\"@id\":\"https:\\\/\\\/www.bellunopress.it\\\/2026\\\/02\\\/02\\\/feltre-accende-il-maxi-schermo-olimpico\\\/#primaryimage\",\"url\":\"https:\\\/\\\/www.bellunopress.it\\\/wp-content\\\/uploads\\\/2026\\\/02\\\/serata-Barmasse.jpeg\",\"contentUrl\":\"https:\\\/\\\/www.bellunopress.it\\\/wp-content\\\/uploads\\\/2026\\\/02\\\/serata-Barmasse.jpeg\",\"width\":423,\"height\":600},{\"@type\":\"BreadcrumbList\",\"@id\":\"https:\\\/\\\/www.bellunopress.it\\\/2026\\\/02\\\/02\\\/feltre-accende-il-maxi-schermo-olimpico\\\/#breadcrumb\",\"itemListElement\":[{\"@type\":\"ListItem\",\"position\":1,\"name\":\"Home\",\"item\":\"https:\\\/\\\/www.bellunopress.it\\\/\"},{\"@type\":\"ListItem\",\"position\":2,\"name\":\"Feltre accende il maxi schermo olimpico\"}]},{\"@type\":\"WebSite\",\"@id\":\"https:\\\/\\\/www.bellunopress.it\\\/#website\",\"url\":\"https:\\\/\\\/www.bellunopress.it\\\/\",\"name\":\"Bellunopress - Dolomiti\",\"description\":\"e-mail: redazione@bellunopress.it\",\"publisher\":{\"@id\":\"https:\\\/\\\/www.bellunopress.it\\\/#organization\"},\"potentialAction\":[{\"@type\":\"SearchAction\",\"target\":{\"@type\":\"EntryPoint\",\"urlTemplate\":\"https:\\\/\\\/www.bellunopress.it\\\/?s={search_term_string}\"},\"query-input\":{\"@type\":\"PropertyValueSpecification\",\"valueRequired\":true,\"valueName\":\"search_term_string\"}}],\"inLanguage\":\"fr-FR\"},{\"@type\":\"Organization\",\"@id\":\"https:\\\/\\\/www.bellunopress.it\\\/#organization\",\"name\":\"Bellunopress\",\"url\":\"https:\\\/\\\/www.bellunopress.it\\\/\",\"logo\":{\"@type\":\"ImageObject\",\"inLanguage\":\"fr-FR\",\"@id\":\"https:\\\/\\\/www.bellunopress.it\\\/#\\\/schema\\\/logo\\\/image\\\/\",\"url\":\"https:\\\/\\\/www.bellunopress.it\\\/wp-content\\\/uploads\\\/2011\\\/05\\\/cropped-logo-bellunopress-.jpg\",\"contentUrl\":\"https:\\\/\\\/www.bellunopress.it\\\/wp-content\\\/uploads\\\/2011\\\/05\\\/cropped-logo-bellunopress-.jpg\",\"width\":512,\"height\":512,\"caption\":\"Bellunopress\"},\"image\":{\"@id\":\"https:\\\/\\\/www.bellunopress.it\\\/#\\\/schema\\\/logo\\\/image\\\/\"},\"sameAs\":[\"https:\\\/\\\/www.facebook.com\\\/profile.php?id=100008943462799\",\"https:\\\/\\\/x.com\\\/bellunopress\",\"https:\\\/\\\/www.linkedin.com\\\/hp\\\/?dnr=JBzUWaJfMUw8vbXJJ2tVW5-I3jZKvC4wsoxE&amp;amp;amp;amp;amp;amp;trk=nav_responsive_tab_home\",\"https:\\\/\\\/www.youtube.com\\\/channel\\\/UCxL0wu1uN0_3_7hGG0306cw\"]},{\"@type\":\"Person\",\"@id\":\"https:\\\/\\\/www.bellunopress.it\\\/#\\\/schema\\\/person\\\/79bb06722b37ece1c03d3e94beb30d73\",\"name\":\"redazione\",\"image\":{\"@type\":\"ImageObject\",\"inLanguage\":\"fr-FR\",\"@id\":\"https:\\\/\\\/secure.gravatar.com\\\/avatar\\\/37d968a2e67a6fd04c169c4bdef102d0bc5d31b2546345219e348575eb80e9a0?s=96&d=mm&r=g\",\"url\":\"https:\\\/\\\/secure.gravatar.com\\\/avatar\\\/37d968a2e67a6fd04c169c4bdef102d0bc5d31b2546345219e348575eb80e9a0?s=96&d=mm&r=g\",\"contentUrl\":\"https:\\\/\\\/secure.gravatar.com\\\/avatar\\\/37d968a2e67a6fd04c169c4bdef102d0bc5d31b2546345219e348575eb80e9a0?s=96&d=mm&r=g\",\"caption\":\"redazione\"},\"sameAs\":[\"http:\\\/\\\/www.bellunopress.it\",\"https:\\\/\\\/x.com\\\/bellunopress\"],\"url\":\"https:\\\/\\\/www.bellunopress.it\\\/fr\\\/author\\\/redazione\\\/\"}]}<\/script>\n<!-- \/ Yoast SEO plugin. -->","yoast_head_json":{"title":"Feltre accende il maxi schermo olimpico - Bellunopress - Dolomiti","robots":{"index":"index","follow":"follow","max-snippet":"max-snippet:-1","max-image-preview":"max-image-preview:large","max-video-preview":"max-video-preview:-1"},"canonical":"https:\/\/www.bellunopress.it\/fr\/2026\/02\/02\/feltre-accende-il-maxi-schermo-olimpico\/","og_locale":"fr_FR","og_type":"article","og_title":"Feltre accende il maxi schermo olimpico - Bellunopress - Dolomiti","og_description":"Il 6 febbraio serata con Herv\u00e9 Barmasse e accensione dello schermo in Largo Castaldi Le Olimpiadi Invernali di Milano Cortina arrivano nel cuore di Feltre. Venerd\u00ec 6 febbraio, in Largo Castaldi, verr\u00e0 acceso il maxi schermo che consentir\u00e0 alla Citt\u00e0 di seguire in diretta la cerimonia di apertura dei Giochi e, per tutta la loro [&hellip;]","og_url":"https:\/\/www.bellunopress.it\/fr\/2026\/02\/02\/feltre-accende-il-maxi-schermo-olimpico\/","og_site_name":"Bellunopress - Dolomiti","article_publisher":"https:\/\/www.facebook.com\/profile.php?id=100008943462799","article_published_time":"2026-02-02T08:35:15+00:00","og_image":[{"width":423,"height":600,"url":"https:\/\/www.bellunopress.it\/wp-content\/uploads\/2026\/02\/serata-Barmasse.jpeg","type":"image\/jpeg"}],"author":"redazione","twitter_card":"summary_large_image","twitter_creator":"@bellunopress","twitter_site":"@bellunopress","twitter_misc":{"\u00c9crit par":"redazione","Dur\u00e9e de lecture estim\u00e9e":"3 minutes"},"schema":{"@context":"https:\/\/schema.org","@graph":[{"@type":"Article","@id":"https:\/\/www.bellunopress.it\/2026\/02\/02\/feltre-accende-il-maxi-schermo-olimpico\/#article","isPartOf":{"@id":"https:\/\/www.bellunopress.it\/2026\/02\/02\/feltre-accende-il-maxi-schermo-olimpico\/"},"author":{"name":"redazione","@id":"https:\/\/www.bellunopress.it\/#\/schema\/person\/79bb06722b37ece1c03d3e94beb30d73"},"headline":"Feltre accende il maxi schermo olimpico","datePublished":"2026-02-02T08:35:15+00:00","mainEntityOfPage":{"@id":"https:\/\/www.bellunopress.it\/2026\/02\/02\/feltre-accende-il-maxi-schermo-olimpico\/"},"wordCount":507,"publisher":{"@id":"https:\/\/www.bellunopress.it\/#organization"},"image":{"@id":"https:\/\/www.bellunopress.it\/2026\/02\/02\/feltre-accende-il-maxi-schermo-olimpico\/#primaryimage"},"thumbnailUrl":"https:\/\/www.bellunopress.it\/wp-content\/uploads\/2026\/02\/serata-Barmasse.jpeg","articleSection":["Arte, Cultura, Spettacoli, Scienza"],"inLanguage":"fr-FR"},{"@type":"WebPage","@id":"https:\/\/www.bellunopress.it\/2026\/02\/02\/feltre-accende-il-maxi-schermo-olimpico\/","url":"https:\/\/www.bellunopress.it\/2026\/02\/02\/feltre-accende-il-maxi-schermo-olimpico\/","name":"Feltre accende il maxi schermo olimpico - Bellunopress - Dolomiti","isPartOf":{"@id":"https:\/\/www.bellunopress.it\/#website"},"primaryImageOfPage":{"@id":"https:\/\/www.bellunopress.it\/2026\/02\/02\/feltre-accende-il-maxi-schermo-olimpico\/#primaryimage"},"image":{"@id":"https:\/\/www.bellunopress.it\/2026\/02\/02\/feltre-accende-il-maxi-schermo-olimpico\/#primaryimage"},"thumbnailUrl":"https:\/\/www.bellunopress.it\/wp-content\/uploads\/2026\/02\/serata-Barmasse.jpeg","datePublished":"2026-02-02T08:35:15+00:00","breadcrumb":{"@id":"https:\/\/www.bellunopress.it\/2026\/02\/02\/feltre-accende-il-maxi-schermo-olimpico\/#breadcrumb"},"inLanguage":"fr-FR","potentialAction":[{"@type":"ReadAction","target":["https:\/\/www.bellunopress.it\/2026\/02\/02\/feltre-accende-il-maxi-schermo-olimpico\/"]}]},{"@type":"ImageObject","inLanguage":"fr-FR","@id":"https:\/\/www.bellunopress.it\/2026\/02\/02\/feltre-accende-il-maxi-schermo-olimpico\/#primaryimage","url":"https:\/\/www.bellunopress.it\/wp-content\/uploads\/2026\/02\/serata-Barmasse.jpeg","contentUrl":"https:\/\/www.bellunopress.it\/wp-content\/uploads\/2026\/02\/serata-Barmasse.jpeg","width":423,"height":600},{"@type":"BreadcrumbList","@id":"https:\/\/www.bellunopress.it\/2026\/02\/02\/feltre-accende-il-maxi-schermo-olimpico\/#breadcrumb","itemListElement":[{"@type":"ListItem","position":1,"name":"Home","item":"https:\/\/www.bellunopress.it\/"},{"@type":"ListItem","position":2,"name":"Feltre accende il maxi schermo olimpico"}]},{"@type":"WebSite","@id":"https:\/\/www.bellunopress.it\/#website","url":"https:\/\/www.bellunopress.it\/","name":"Bellunopress - Dolomiti","description":"e-mail: redazione@bellunopress.it","publisher":{"@id":"https:\/\/www.bellunopress.it\/#organization"},"potentialAction":[{"@type":"SearchAction","target":{"@type":"EntryPoint","urlTemplate":"https:\/\/www.bellunopress.it\/?s={search_term_string}"},"query-input":{"@type":"PropertyValueSpecification","valueRequired":true,"valueName":"search_term_string"}}],"inLanguage":"fr-FR"},{"@type":"Organization","@id":"https:\/\/www.bellunopress.it\/#organization","name":"Bellunopress","url":"https:\/\/www.bellunopress.it\/","logo":{"@type":"ImageObject","inLanguage":"fr-FR","@id":"https:\/\/www.bellunopress.it\/#\/schema\/logo\/image\/","url":"https:\/\/www.bellunopress.it\/wp-content\/uploads\/2011\/05\/cropped-logo-bellunopress-.jpg","contentUrl":"https:\/\/www.bellunopress.it\/wp-content\/uploads\/2011\/05\/cropped-logo-bellunopress-.jpg","width":512,"height":512,"caption":"Bellunopress"},"image":{"@id":"https:\/\/www.bellunopress.it\/#\/schema\/logo\/image\/"},"sameAs":["https:\/\/www.facebook.com\/profile.php?id=100008943462799","https:\/\/x.com\/bellunopress","https:\/\/www.linkedin.com\/hp\/?dnr=JBzUWaJfMUw8vbXJJ2tVW5-I3jZKvC4wsoxE&amp;amp;amp;amp;amp;amp;trk=nav_responsive_tab_home","https:\/\/www.youtube.com\/channel\/UCxL0wu1uN0_3_7hGG0306cw"]},{"@type":"Person","@id":"https:\/\/www.bellunopress.it\/#\/schema\/person\/79bb06722b37ece1c03d3e94beb30d73","name":"r\u00e9daction","image":{"@type":"ImageObject","inLanguage":"fr-FR","@id":"https:\/\/secure.gravatar.com\/avatar\/37d968a2e67a6fd04c169c4bdef102d0bc5d31b2546345219e348575eb80e9a0?s=96&d=mm&r=g","url":"https:\/\/secure.gravatar.com\/avatar\/37d968a2e67a6fd04c169c4bdef102d0bc5d31b2546345219e348575eb80e9a0?s=96&d=mm&r=g","contentUrl":"https:\/\/secure.gravatar.com\/avatar\/37d968a2e67a6fd04c169c4bdef102d0bc5d31b2546345219e348575eb80e9a0?s=96&d=mm&r=g","caption":"redazione"},"sameAs":["http:\/\/www.bellunopress.it","https:\/\/x.com\/bellunopress"],"url":"https:\/\/www.bellunopress.it\/fr\/author\/redazione\/"}]}},"_links":{"self":[{"href":"https:\/\/www.bellunopress.it\/fr\/wp-json\/wp\/v2\/posts\/167038","targetHints":{"allow":["GET"]}}],"collection":[{"href":"https:\/\/www.bellunopress.it\/fr\/wp-json\/wp\/v2\/posts"}],"about":[{"href":"https:\/\/www.bellunopress.it\/fr\/wp-json\/wp\/v2\/types\/post"}],"author":[{"embeddable":true,"href":"https:\/\/www.bellunopress.it\/fr\/wp-json\/wp\/v2\/users\/2"}],"replies":[{"embeddable":true,"href":"https:\/\/www.bellunopress.it\/fr\/wp-json\/wp\/v2\/comments?post=167038"}],"version-history":[{"count":1,"href":"https:\/\/www.bellunopress.it\/fr\/wp-json\/wp\/v2\/posts\/167038\/revisions"}],"predecessor-version":[{"id":167040,"href":"https:\/\/www.bellunopress.it\/fr\/wp-json\/wp\/v2\/posts\/167038\/revisions\/167040"}],"wp:featuredmedia":[{"embeddable":true,"href":"https:\/\/www.bellunopress.it\/fr\/wp-json\/wp\/v2\/media\/167039"}],"wp:attachment":[{"href":"https:\/\/www.bellunopress.it\/fr\/wp-json\/wp\/v2\/media?parent=167038"}],"wp:term":[{"taxonomy":"category","embeddable":true,"href":"https:\/\/www.bellunopress.it\/fr\/wp-json\/wp\/v2\/categories?post=167038"},{"taxonomy":"post_tag","embeddable":true,"href":"https:\/\/www.bellunopress.it\/fr\/wp-json\/wp\/v2\/tags?post=167038"}],"curies":[{"name":"wp","href":"https:\/\/api.w.org\/{rel}","templated":true}]}}