{"id":167036,"date":"2026-02-01T18:40:09","date_gmt":"2026-02-01T17:40:09","guid":{"rendered":"https:\/\/www.bellunopress.it\/?p=167036"},"modified":"2026-02-01T18:40:09","modified_gmt":"2026-02-01T17:40:09","slug":"milano-cortina-dichiarazione-congiunta-tra-fondazione-e-agenzia-delle-nazioni-unite-per-la-sicurezza-stradale","status":"publish","type":"post","link":"https:\/\/www.bellunopress.it\/fr\/2026\/02\/01\/milano-cortina-dichiarazione-congiunta-tra-fondazione-e-agenzia-delle-nazioni-unite-per-la-sicurezza-stradale\/","title":{"rendered":"Milano Cortina: dichiarazione congiunta tra Fondazione e Agenzia delle Nazioni Unite per la Sicurezza Stradale"},"content":{"rendered":"<p data-path-to-node=\"4\">Milano-Cortina 01\/02\/2026\u00a0\u2013 La firma della Joint Declaration tra la Fondazione Milano Cortina 2026 e l\u2019Agenzia delle Nazioni Unite per la Sicurezza Stradale (UNRSF) \u00e8 stata presentata come un traguardo di civilt\u00e0. Eppure, a pochi giorni dall&#8217;inizio dei Giochi, l&#8217;operazione solleva dubbi non solo sulla sua efficacia pratica, ma anche sulla chiarezza della comunicazione istituzionale in un momento di estrema tensione internazionale.<\/p>\n<h3 data-path-to-node=\"5\">Il nodo delle infrastrutture e la &#8220;Legacy&#8221;<\/h3>\n<p data-path-to-node=\"6\">Mentre il documento parla di &#8220;sviluppo sostenibile&#8221; e &#8220;sicurezza per le comunit\u00e0&#8221;, il territorio montano ha subito anni di cantieri frenetici. La sensazione \u00e8 che si firmi un patto per la sicurezza stradale laddove la viabilit\u00e0 \u00e8 stata sacrificata sull&#8217;altare dell&#8217;urgenza olimpica.<\/p>\n<p data-path-to-node=\"7\">Vantare la formazione di 3.000 driver \u00e8 un primato lodevole, ma resta una goccia nel mare: la vera sfida sar\u00e0 gestire migliaia di visitatori &#8220;non addestrati&#8221; su strade gi\u00e0 sature. Il rischio concreto? Che la tanto citata <i data-path-to-node=\"7\" data-index-in-node=\"221\">legacy<\/i> (l&#8217;eredit\u00e0 dei Giochi) si riduca a un elegante protocollo d&#8217;intesa d&#8217;archivio, una volta spenti i riflettori.<\/p>\n<h3 data-path-to-node=\"8\">L\u2019equivoco delle sigle: UNRSF non \u00e8 l&#8217;ICE<\/h3>\n<p data-path-to-node=\"9\">L&#8217;accordo necessita di una precisazione. In un clima globale scosso dai recenti e tragici fatti di cronaca negli Stati Uniti \u2014 dove l&#8217;ICE (<i data-path-to-node=\"9\" data-index-in-node=\"192\">Immigration and Customs Enforcement<\/i>) \u00e8 sotto accusa per gli omicidi di Minneapolis (i casi di Renee Good e Alex Pretti) \u2014 il richiamo generico a &#8220;Agenzie per la Sicurezza&#8221; pu\u00f2 generare corto circuiti pericolosi.<\/p>\n<blockquote data-path-to-node=\"10\">\n<h6 style=\"text-align: left;\" data-path-to-node=\"10,0\">\u00a0\u00c8 fondamentale distinguere tra la tutela della viabilit\u00e0 e la gestione dell&#8217;ordine pubblico. L&#8217;agenzia ONU firmataria a Milano (UNRSF) si occupa esclusivamente di prevenzione stradale e non ha alcun legame con apparati di polizia federale o agenzie doganali coinvolte in contesti repressivi.<\/h6>\n<\/blockquote>\n<h3 data-path-to-node=\"12\">Un passo avanti o un paravento?<\/h3>\n<p data-path-to-node=\"13\">La Joint Declaration \u00e8 un atto necessario, ma arriva tardi. Se la Fondazione vuole davvero lasciare &#8220;strade pi\u00f9 sicure&#8221;, dovr\u00e0 dimostrare che questo patto non \u00e8 solo un modo per ripulire l&#8217;immagine dei Giochi dalle polemiche sui costi, ma un impegno finanziario concreto che sopravvivr\u00e0 alla cerimonia di chiusura.<\/p>","protected":false},"excerpt":{"rendered":"<p>Milano-Cortina 01\/02\/2026\u00a0\u2013 La firma della Joint Declaration tra la Fondazione Milano Cortina 2026 e l\u2019Agenzia delle Nazioni Unite per la Sicurezza Stradale (UNRSF) \u00e8 stata presentata come un traguardo di civilt\u00e0. Eppure, a pochi giorni dall&#8217;inizio dei Giochi, l&#8217;operazione solleva dubbi non solo sulla sua efficacia pratica, ma anche sulla chiarezza della comunicazione istituzionale in [&hellip;]<\/p>\n","protected":false},"author":2,"featured_media":127993,"comment_status":"closed","ping_status":"open","sticky":false,"template":"","format":"standard","meta":{"footnotes":""},"categories":[26,8],"tags":[],"class_list":["post-167036","post","type-post","status-publish","format-standard","has-post-thumbnail","category-prima-pagina","category-societa-istituzioni"],"yoast_head":"<!-- This site is optimized with the Yoast SEO plugin v28.4 - https:\/\/yoast.com\/product\/yoast-seo-wordpress\/ -->\n<title>Milano Cortina: dichiarazione congiunta tra Fondazione e Agenzia delle Nazioni Unite per la Sicurezza Stradale - Bellunopress - Dolomiti<\/title>\n<meta name=\"robots\" content=\"index, follow, max-snippet:-1, max-image-preview:large, max-video-preview:-1\" \/>\n<link rel=\"canonical\" href=\"https:\/\/www.bellunopress.it\/fr\/2026\/02\/01\/milano-cortina-dichiarazione-congiunta-tra-fondazione-e-agenzia-delle-nazioni-unite-per-la-sicurezza-stradale\/\" \/>\n<meta property=\"og:locale\" content=\"fr_FR\" \/>\n<meta property=\"og:type\" content=\"article\" \/>\n<meta property=\"og:title\" content=\"Milano Cortina: dichiarazione congiunta tra Fondazione e Agenzia delle Nazioni Unite per la Sicurezza Stradale - Bellunopress - Dolomiti\" \/>\n<meta property=\"og:description\" content=\"Milano-Cortina 01\/02\/2026\u00a0\u2013 La firma della Joint Declaration tra la Fondazione Milano Cortina 2026 e l\u2019Agenzia delle Nazioni Unite per la Sicurezza Stradale (UNRSF) \u00e8 stata presentata come un traguardo di civilt\u00e0. Eppure, a pochi giorni dall&#8217;inizio dei Giochi, l&#8217;operazione solleva dubbi non solo sulla sua efficacia pratica, ma anche sulla chiarezza della comunicazione istituzionale in [&hellip;]\" \/>\n<meta property=\"og:url\" content=\"https:\/\/www.bellunopress.it\/fr\/2026\/02\/01\/milano-cortina-dichiarazione-congiunta-tra-fondazione-e-agenzia-delle-nazioni-unite-per-la-sicurezza-stradale\/\" \/>\n<meta property=\"og:site_name\" content=\"Bellunopress - Dolomiti\" \/>\n<meta property=\"article:publisher\" content=\"https:\/\/www.facebook.com\/profile.php?id=100008943462799\" \/>\n<meta property=\"article:published_time\" content=\"2026-02-01T17:40:09+00:00\" \/>\n<meta property=\"og:image\" content=\"https:\/\/www.bellunopress.it\/wp-content\/uploads\/2021\/09\/Olimpiadi-invernali-2026-Milano-Cortina_edited.jpg\" \/>\n\t<meta property=\"og:image:width\" content=\"768\" \/>\n\t<meta property=\"og:image:height\" content=\"388\" \/>\n\t<meta property=\"og:image:type\" content=\"image\/jpeg\" \/>\n<meta name=\"author\" content=\"redazione\" \/>\n<meta name=\"twitter:card\" content=\"summary_large_image\" \/>\n<meta name=\"twitter:creator\" content=\"@bellunopress\" \/>\n<meta name=\"twitter:site\" content=\"@bellunopress\" \/>\n<meta name=\"twitter:label1\" content=\"\u00c9crit par\" \/>\n\t<meta name=\"twitter:data1\" content=\"redazione\" \/>\n\t<meta name=\"twitter:label2\" content=\"Dur\u00e9e de lecture estim\u00e9e\" \/>\n\t<meta name=\"twitter:data2\" content=\"2 minutes\" \/>\n<script type=\"application\/ld+json\" class=\"yoast-schema-graph\">{\"@context\":\"https:\\\/\\\/schema.org\",\"@graph\":[{\"@type\":\"Article\",\"@id\":\"https:\\\/\\\/www.bellunopress.it\\\/2026\\\/02\\\/01\\\/milano-cortina-dichiarazione-congiunta-tra-fondazione-e-agenzia-delle-nazioni-unite-per-la-sicurezza-stradale\\\/#article\",\"isPartOf\":{\"@id\":\"https:\\\/\\\/www.bellunopress.it\\\/2026\\\/02\\\/01\\\/milano-cortina-dichiarazione-congiunta-tra-fondazione-e-agenzia-delle-nazioni-unite-per-la-sicurezza-stradale\\\/\"},\"author\":{\"name\":\"redazione\",\"@id\":\"https:\\\/\\\/www.bellunopress.it\\\/#\\\/schema\\\/person\\\/79bb06722b37ece1c03d3e94beb30d73\"},\"headline\":\"Milano Cortina: dichiarazione congiunta tra Fondazione e Agenzia delle Nazioni Unite per la Sicurezza Stradale\",\"datePublished\":\"2026-02-01T17:40:09+00:00\",\"mainEntityOfPage\":{\"@id\":\"https:\\\/\\\/www.bellunopress.it\\\/2026\\\/02\\\/01\\\/milano-cortina-dichiarazione-congiunta-tra-fondazione-e-agenzia-delle-nazioni-unite-per-la-sicurezza-stradale\\\/\"},\"wordCount\":341,\"publisher\":{\"@id\":\"https:\\\/\\\/www.bellunopress.it\\\/#organization\"},\"image\":{\"@id\":\"https:\\\/\\\/www.bellunopress.it\\\/2026\\\/02\\\/01\\\/milano-cortina-dichiarazione-congiunta-tra-fondazione-e-agenzia-delle-nazioni-unite-per-la-sicurezza-stradale\\\/#primaryimage\"},\"thumbnailUrl\":\"https:\\\/\\\/www.bellunopress.it\\\/wp-content\\\/uploads\\\/2021\\\/09\\\/Olimpiadi-invernali-2026-Milano-Cortina_edited.jpg\",\"articleSection\":[\"Prima Pagina\",\"Societ\u00e0, Associazioni, Istituzioni\"],\"inLanguage\":\"fr-FR\"},{\"@type\":\"WebPage\",\"@id\":\"https:\\\/\\\/www.bellunopress.it\\\/2026\\\/02\\\/01\\\/milano-cortina-dichiarazione-congiunta-tra-fondazione-e-agenzia-delle-nazioni-unite-per-la-sicurezza-stradale\\\/\",\"url\":\"https:\\\/\\\/www.bellunopress.it\\\/2026\\\/02\\\/01\\\/milano-cortina-dichiarazione-congiunta-tra-fondazione-e-agenzia-delle-nazioni-unite-per-la-sicurezza-stradale\\\/\",\"name\":\"Milano Cortina: dichiarazione congiunta tra Fondazione e Agenzia delle Nazioni Unite per la Sicurezza Stradale - Bellunopress - Dolomiti\",\"isPartOf\":{\"@id\":\"https:\\\/\\\/www.bellunopress.it\\\/#website\"},\"primaryImageOfPage\":{\"@id\":\"https:\\\/\\\/www.bellunopress.it\\\/2026\\\/02\\\/01\\\/milano-cortina-dichiarazione-congiunta-tra-fondazione-e-agenzia-delle-nazioni-unite-per-la-sicurezza-stradale\\\/#primaryimage\"},\"image\":{\"@id\":\"https:\\\/\\\/www.bellunopress.it\\\/2026\\\/02\\\/01\\\/milano-cortina-dichiarazione-congiunta-tra-fondazione-e-agenzia-delle-nazioni-unite-per-la-sicurezza-stradale\\\/#primaryimage\"},\"thumbnailUrl\":\"https:\\\/\\\/www.bellunopress.it\\\/wp-content\\\/uploads\\\/2021\\\/09\\\/Olimpiadi-invernali-2026-Milano-Cortina_edited.jpg\",\"datePublished\":\"2026-02-01T17:40:09+00:00\",\"breadcrumb\":{\"@id\":\"https:\\\/\\\/www.bellunopress.it\\\/2026\\\/02\\\/01\\\/milano-cortina-dichiarazione-congiunta-tra-fondazione-e-agenzia-delle-nazioni-unite-per-la-sicurezza-stradale\\\/#breadcrumb\"},\"inLanguage\":\"fr-FR\",\"potentialAction\":[{\"@type\":\"ReadAction\",\"target\":[\"https:\\\/\\\/www.bellunopress.it\\\/2026\\\/02\\\/01\\\/milano-cortina-dichiarazione-congiunta-tra-fondazione-e-agenzia-delle-nazioni-unite-per-la-sicurezza-stradale\\\/\"]}]},{\"@type\":\"ImageObject\",\"inLanguage\":\"fr-FR\",\"@id\":\"https:\\\/\\\/www.bellunopress.it\\\/2026\\\/02\\\/01\\\/milano-cortina-dichiarazione-congiunta-tra-fondazione-e-agenzia-delle-nazioni-unite-per-la-sicurezza-stradale\\\/#primaryimage\",\"url\":\"https:\\\/\\\/www.bellunopress.it\\\/wp-content\\\/uploads\\\/2021\\\/09\\\/Olimpiadi-invernali-2026-Milano-Cortina_edited.jpg\",\"contentUrl\":\"https:\\\/\\\/www.bellunopress.it\\\/wp-content\\\/uploads\\\/2021\\\/09\\\/Olimpiadi-invernali-2026-Milano-Cortina_edited.jpg\",\"width\":768,\"height\":388},{\"@type\":\"BreadcrumbList\",\"@id\":\"https:\\\/\\\/www.bellunopress.it\\\/2026\\\/02\\\/01\\\/milano-cortina-dichiarazione-congiunta-tra-fondazione-e-agenzia-delle-nazioni-unite-per-la-sicurezza-stradale\\\/#breadcrumb\",\"itemListElement\":[{\"@type\":\"ListItem\",\"position\":1,\"name\":\"Home\",\"item\":\"https:\\\/\\\/www.bellunopress.it\\\/\"},{\"@type\":\"ListItem\",\"position\":2,\"name\":\"Milano Cortina: dichiarazione congiunta tra Fondazione e Agenzia delle Nazioni Unite per la Sicurezza Stradale\"}]},{\"@type\":\"WebSite\",\"@id\":\"https:\\\/\\\/www.bellunopress.it\\\/#website\",\"url\":\"https:\\\/\\\/www.bellunopress.it\\\/\",\"name\":\"Bellunopress - Dolomiti\",\"description\":\"e-mail: redazione@bellunopress.it\",\"publisher\":{\"@id\":\"https:\\\/\\\/www.bellunopress.it\\\/#organization\"},\"potentialAction\":[{\"@type\":\"SearchAction\",\"target\":{\"@type\":\"EntryPoint\",\"urlTemplate\":\"https:\\\/\\\/www.bellunopress.it\\\/?s={search_term_string}\"},\"query-input\":{\"@type\":\"PropertyValueSpecification\",\"valueRequired\":true,\"valueName\":\"search_term_string\"}}],\"inLanguage\":\"fr-FR\"},{\"@type\":\"Organization\",\"@id\":\"https:\\\/\\\/www.bellunopress.it\\\/#organization\",\"name\":\"Bellunopress\",\"url\":\"https:\\\/\\\/www.bellunopress.it\\\/\",\"logo\":{\"@type\":\"ImageObject\",\"inLanguage\":\"fr-FR\",\"@id\":\"https:\\\/\\\/www.bellunopress.it\\\/#\\\/schema\\\/logo\\\/image\\\/\",\"url\":\"https:\\\/\\\/www.bellunopress.it\\\/wp-content\\\/uploads\\\/2011\\\/05\\\/cropped-logo-bellunopress-.jpg\",\"contentUrl\":\"https:\\\/\\\/www.bellunopress.it\\\/wp-content\\\/uploads\\\/2011\\\/05\\\/cropped-logo-bellunopress-.jpg\",\"width\":512,\"height\":512,\"caption\":\"Bellunopress\"},\"image\":{\"@id\":\"https:\\\/\\\/www.bellunopress.it\\\/#\\\/schema\\\/logo\\\/image\\\/\"},\"sameAs\":[\"https:\\\/\\\/www.facebook.com\\\/profile.php?id=100008943462799\",\"https:\\\/\\\/x.com\\\/bellunopress\",\"https:\\\/\\\/www.linkedin.com\\\/hp\\\/?dnr=JBzUWaJfMUw8vbXJJ2tVW5-I3jZKvC4wsoxE&amp;amp;amp;amp;amp;amp;trk=nav_responsive_tab_home\",\"https:\\\/\\\/www.youtube.com\\\/channel\\\/UCxL0wu1uN0_3_7hGG0306cw\"]},{\"@type\":\"Person\",\"@id\":\"https:\\\/\\\/www.bellunopress.it\\\/#\\\/schema\\\/person\\\/79bb06722b37ece1c03d3e94beb30d73\",\"name\":\"redazione\",\"image\":{\"@type\":\"ImageObject\",\"inLanguage\":\"fr-FR\",\"@id\":\"https:\\\/\\\/secure.gravatar.com\\\/avatar\\\/37d968a2e67a6fd04c169c4bdef102d0bc5d31b2546345219e348575eb80e9a0?s=96&d=mm&r=g\",\"url\":\"https:\\\/\\\/secure.gravatar.com\\\/avatar\\\/37d968a2e67a6fd04c169c4bdef102d0bc5d31b2546345219e348575eb80e9a0?s=96&d=mm&r=g\",\"contentUrl\":\"https:\\\/\\\/secure.gravatar.com\\\/avatar\\\/37d968a2e67a6fd04c169c4bdef102d0bc5d31b2546345219e348575eb80e9a0?s=96&d=mm&r=g\",\"caption\":\"redazione\"},\"sameAs\":[\"http:\\\/\\\/www.bellunopress.it\",\"https:\\\/\\\/x.com\\\/bellunopress\"],\"url\":\"https:\\\/\\\/www.bellunopress.it\\\/fr\\\/author\\\/redazione\\\/\"}]}<\/script>\n<!-- \/ Yoast SEO plugin. -->","yoast_head_json":{"title":"Milano Cortina: dichiarazione congiunta tra Fondazione e Agenzia delle Nazioni Unite per la Sicurezza Stradale - Bellunopress - Dolomiti","robots":{"index":"index","follow":"follow","max-snippet":"max-snippet:-1","max-image-preview":"max-image-preview:large","max-video-preview":"max-video-preview:-1"},"canonical":"https:\/\/www.bellunopress.it\/fr\/2026\/02\/01\/milano-cortina-dichiarazione-congiunta-tra-fondazione-e-agenzia-delle-nazioni-unite-per-la-sicurezza-stradale\/","og_locale":"fr_FR","og_type":"article","og_title":"Milano Cortina: dichiarazione congiunta tra Fondazione e Agenzia delle Nazioni Unite per la Sicurezza Stradale - Bellunopress - Dolomiti","og_description":"Milano-Cortina 01\/02\/2026\u00a0\u2013 La firma della Joint Declaration tra la Fondazione Milano Cortina 2026 e l\u2019Agenzia delle Nazioni Unite per la Sicurezza Stradale (UNRSF) \u00e8 stata presentata come un traguardo di civilt\u00e0. Eppure, a pochi giorni dall&#8217;inizio dei Giochi, l&#8217;operazione solleva dubbi non solo sulla sua efficacia pratica, ma anche sulla chiarezza della comunicazione istituzionale in [&hellip;]","og_url":"https:\/\/www.bellunopress.it\/fr\/2026\/02\/01\/milano-cortina-dichiarazione-congiunta-tra-fondazione-e-agenzia-delle-nazioni-unite-per-la-sicurezza-stradale\/","og_site_name":"Bellunopress - Dolomiti","article_publisher":"https:\/\/www.facebook.com\/profile.php?id=100008943462799","article_published_time":"2026-02-01T17:40:09+00:00","og_image":[{"width":768,"height":388,"url":"https:\/\/www.bellunopress.it\/wp-content\/uploads\/2021\/09\/Olimpiadi-invernali-2026-Milano-Cortina_edited.jpg","type":"image\/jpeg"}],"author":"redazione","twitter_card":"summary_large_image","twitter_creator":"@bellunopress","twitter_site":"@bellunopress","twitter_misc":{"\u00c9crit par":"redazione","Dur\u00e9e de lecture estim\u00e9e":"2 minutes"},"schema":{"@context":"https:\/\/schema.org","@graph":[{"@type":"Article","@id":"https:\/\/www.bellunopress.it\/2026\/02\/01\/milano-cortina-dichiarazione-congiunta-tra-fondazione-e-agenzia-delle-nazioni-unite-per-la-sicurezza-stradale\/#article","isPartOf":{"@id":"https:\/\/www.bellunopress.it\/2026\/02\/01\/milano-cortina-dichiarazione-congiunta-tra-fondazione-e-agenzia-delle-nazioni-unite-per-la-sicurezza-stradale\/"},"author":{"name":"redazione","@id":"https:\/\/www.bellunopress.it\/#\/schema\/person\/79bb06722b37ece1c03d3e94beb30d73"},"headline":"Milano Cortina: dichiarazione congiunta tra Fondazione e Agenzia delle Nazioni Unite per la Sicurezza Stradale","datePublished":"2026-02-01T17:40:09+00:00","mainEntityOfPage":{"@id":"https:\/\/www.bellunopress.it\/2026\/02\/01\/milano-cortina-dichiarazione-congiunta-tra-fondazione-e-agenzia-delle-nazioni-unite-per-la-sicurezza-stradale\/"},"wordCount":341,"publisher":{"@id":"https:\/\/www.bellunopress.it\/#organization"},"image":{"@id":"https:\/\/www.bellunopress.it\/2026\/02\/01\/milano-cortina-dichiarazione-congiunta-tra-fondazione-e-agenzia-delle-nazioni-unite-per-la-sicurezza-stradale\/#primaryimage"},"thumbnailUrl":"https:\/\/www.bellunopress.it\/wp-content\/uploads\/2021\/09\/Olimpiadi-invernali-2026-Milano-Cortina_edited.jpg","articleSection":["Prima Pagina","Societ\u00e0, Associazioni, Istituzioni"],"inLanguage":"fr-FR"},{"@type":"WebPage","@id":"https:\/\/www.bellunopress.it\/2026\/02\/01\/milano-cortina-dichiarazione-congiunta-tra-fondazione-e-agenzia-delle-nazioni-unite-per-la-sicurezza-stradale\/","url":"https:\/\/www.bellunopress.it\/2026\/02\/01\/milano-cortina-dichiarazione-congiunta-tra-fondazione-e-agenzia-delle-nazioni-unite-per-la-sicurezza-stradale\/","name":"Milano Cortina: dichiarazione congiunta tra Fondazione e Agenzia delle Nazioni Unite per la Sicurezza Stradale - Bellunopress - Dolomiti","isPartOf":{"@id":"https:\/\/www.bellunopress.it\/#website"},"primaryImageOfPage":{"@id":"https:\/\/www.bellunopress.it\/2026\/02\/01\/milano-cortina-dichiarazione-congiunta-tra-fondazione-e-agenzia-delle-nazioni-unite-per-la-sicurezza-stradale\/#primaryimage"},"image":{"@id":"https:\/\/www.bellunopress.it\/2026\/02\/01\/milano-cortina-dichiarazione-congiunta-tra-fondazione-e-agenzia-delle-nazioni-unite-per-la-sicurezza-stradale\/#primaryimage"},"thumbnailUrl":"https:\/\/www.bellunopress.it\/wp-content\/uploads\/2021\/09\/Olimpiadi-invernali-2026-Milano-Cortina_edited.jpg","datePublished":"2026-02-01T17:40:09+00:00","breadcrumb":{"@id":"https:\/\/www.bellunopress.it\/2026\/02\/01\/milano-cortina-dichiarazione-congiunta-tra-fondazione-e-agenzia-delle-nazioni-unite-per-la-sicurezza-stradale\/#breadcrumb"},"inLanguage":"fr-FR","potentialAction":[{"@type":"ReadAction","target":["https:\/\/www.bellunopress.it\/2026\/02\/01\/milano-cortina-dichiarazione-congiunta-tra-fondazione-e-agenzia-delle-nazioni-unite-per-la-sicurezza-stradale\/"]}]},{"@type":"ImageObject","inLanguage":"fr-FR","@id":"https:\/\/www.bellunopress.it\/2026\/02\/01\/milano-cortina-dichiarazione-congiunta-tra-fondazione-e-agenzia-delle-nazioni-unite-per-la-sicurezza-stradale\/#primaryimage","url":"https:\/\/www.bellunopress.it\/wp-content\/uploads\/2021\/09\/Olimpiadi-invernali-2026-Milano-Cortina_edited.jpg","contentUrl":"https:\/\/www.bellunopress.it\/wp-content\/uploads\/2021\/09\/Olimpiadi-invernali-2026-Milano-Cortina_edited.jpg","width":768,"height":388},{"@type":"BreadcrumbList","@id":"https:\/\/www.bellunopress.it\/2026\/02\/01\/milano-cortina-dichiarazione-congiunta-tra-fondazione-e-agenzia-delle-nazioni-unite-per-la-sicurezza-stradale\/#breadcrumb","itemListElement":[{"@type":"ListItem","position":1,"name":"Home","item":"https:\/\/www.bellunopress.it\/"},{"@type":"ListItem","position":2,"name":"Milano Cortina: dichiarazione congiunta tra Fondazione e Agenzia delle Nazioni Unite per la Sicurezza Stradale"}]},{"@type":"WebSite","@id":"https:\/\/www.bellunopress.it\/#website","url":"https:\/\/www.bellunopress.it\/","name":"Bellunopress - Dolomiti","description":"e-mail: redazione@bellunopress.it","publisher":{"@id":"https:\/\/www.bellunopress.it\/#organization"},"potentialAction":[{"@type":"SearchAction","target":{"@type":"EntryPoint","urlTemplate":"https:\/\/www.bellunopress.it\/?s={search_term_string}"},"query-input":{"@type":"PropertyValueSpecification","valueRequired":true,"valueName":"search_term_string"}}],"inLanguage":"fr-FR"},{"@type":"Organization","@id":"https:\/\/www.bellunopress.it\/#organization","name":"Bellunopress","url":"https:\/\/www.bellunopress.it\/","logo":{"@type":"ImageObject","inLanguage":"fr-FR","@id":"https:\/\/www.bellunopress.it\/#\/schema\/logo\/image\/","url":"https:\/\/www.bellunopress.it\/wp-content\/uploads\/2011\/05\/cropped-logo-bellunopress-.jpg","contentUrl":"https:\/\/www.bellunopress.it\/wp-content\/uploads\/2011\/05\/cropped-logo-bellunopress-.jpg","width":512,"height":512,"caption":"Bellunopress"},"image":{"@id":"https:\/\/www.bellunopress.it\/#\/schema\/logo\/image\/"},"sameAs":["https:\/\/www.facebook.com\/profile.php?id=100008943462799","https:\/\/x.com\/bellunopress","https:\/\/www.linkedin.com\/hp\/?dnr=JBzUWaJfMUw8vbXJJ2tVW5-I3jZKvC4wsoxE&amp;amp;amp;amp;amp;amp;trk=nav_responsive_tab_home","https:\/\/www.youtube.com\/channel\/UCxL0wu1uN0_3_7hGG0306cw"]},{"@type":"Person","@id":"https:\/\/www.bellunopress.it\/#\/schema\/person\/79bb06722b37ece1c03d3e94beb30d73","name":"r\u00e9daction","image":{"@type":"ImageObject","inLanguage":"fr-FR","@id":"https:\/\/secure.gravatar.com\/avatar\/37d968a2e67a6fd04c169c4bdef102d0bc5d31b2546345219e348575eb80e9a0?s=96&d=mm&r=g","url":"https:\/\/secure.gravatar.com\/avatar\/37d968a2e67a6fd04c169c4bdef102d0bc5d31b2546345219e348575eb80e9a0?s=96&d=mm&r=g","contentUrl":"https:\/\/secure.gravatar.com\/avatar\/37d968a2e67a6fd04c169c4bdef102d0bc5d31b2546345219e348575eb80e9a0?s=96&d=mm&r=g","caption":"redazione"},"sameAs":["http:\/\/www.bellunopress.it","https:\/\/x.com\/bellunopress"],"url":"https:\/\/www.bellunopress.it\/fr\/author\/redazione\/"}]}},"_links":{"self":[{"href":"https:\/\/www.bellunopress.it\/fr\/wp-json\/wp\/v2\/posts\/167036","targetHints":{"allow":["GET"]}}],"collection":[{"href":"https:\/\/www.bellunopress.it\/fr\/wp-json\/wp\/v2\/posts"}],"about":[{"href":"https:\/\/www.bellunopress.it\/fr\/wp-json\/wp\/v2\/types\/post"}],"author":[{"embeddable":true,"href":"https:\/\/www.bellunopress.it\/fr\/wp-json\/wp\/v2\/users\/2"}],"replies":[{"embeddable":true,"href":"https:\/\/www.bellunopress.it\/fr\/wp-json\/wp\/v2\/comments?post=167036"}],"version-history":[{"count":1,"href":"https:\/\/www.bellunopress.it\/fr\/wp-json\/wp\/v2\/posts\/167036\/revisions"}],"predecessor-version":[{"id":167037,"href":"https:\/\/www.bellunopress.it\/fr\/wp-json\/wp\/v2\/posts\/167036\/revisions\/167037"}],"wp:featuredmedia":[{"embeddable":true,"href":"https:\/\/www.bellunopress.it\/fr\/wp-json\/wp\/v2\/media\/127993"}],"wp:attachment":[{"href":"https:\/\/www.bellunopress.it\/fr\/wp-json\/wp\/v2\/media?parent=167036"}],"wp:term":[{"taxonomy":"category","embeddable":true,"href":"https:\/\/www.bellunopress.it\/fr\/wp-json\/wp\/v2\/categories?post=167036"},{"taxonomy":"post_tag","embeddable":true,"href":"https:\/\/www.bellunopress.it\/fr\/wp-json\/wp\/v2\/tags?post=167036"}],"curies":[{"name":"wp","href":"https:\/\/api.w.org\/{rel}","templated":true}]}}