{"id":167030,"date":"2026-02-01T13:31:47","date_gmt":"2026-02-01T12:31:47","guid":{"rendered":"https:\/\/www.bellunopress.it\/?p=167030"},"modified":"2026-02-01T13:32:07","modified_gmt":"2026-02-01T12:32:07","slug":"quanti-chilometri-per-una-visita-nel-bellunese-anche-la-sanita-e-olimpica","status":"publish","type":"post","link":"https:\/\/www.bellunopress.it\/fr\/2026\/02\/01\/quanti-chilometri-per-una-visita-nel-bellunese-anche-la-sanita-e-olimpica\/","title":{"rendered":"Quanti chilometri per una visita? Nel Bellunese, anche la sanit\u00e0 \u00e8 olimpica!"},"content":{"rendered":"<p>E\u2019 di questi giorni la \u201cmaratona\u201d forzata del ragazzino di 11 anni lasciato a piedi sotto la neve.<br \/>\nMa queste olimpiadi invernali sembrano portare alla luce anche altri aspetti della nostra provincia, anche in ambito sanitario. Al Comitato Feltrino per Il Diritto alla Salute e allo \u201cSportello Diritto alle Cure\u201d aperto a Feltre , \u00e8 arrivata la testimonianza che, in questo periodo in particolare, ha dell\u2019incredibile oltre che essere preoccupante perch\u00e9 inserita nella nostra \u201csanit\u00e0 olimpica\u201d sempre acclamata.<\/p>\n<p>L\u2019utente in questione \u00e8 persona che necessita di una visita ortopedica con priorit\u00e0 B ( quella a 10 giorni per capirci). Come da prassi \u2013 data peraltro l\u2019urgenza \u2013 appena ricevuta l\u2019 impegnativa dal proprio medico di base, la stessa si \u00e8 rivolta subito al CUP per la prenotazione.<br \/>\nAlla sua richiesta, presso l\u2019Ospedale di Feltre, si \u00e8 sentita dare la disponibilit\u00e0 all\u2019Ospedale di Cortina!<br \/>\nSe 6 km per un ragazzino a piedi sotto la neve sono un\u2019enormit\u00e0, 100 chilometri e pi\u00f9 di due ore di macchina (quando va bene\u2026e non certo in questi giorni), anche per una persona malata, non sono uno scherzo!<\/p>\n<p>L\u2019utente non ha potuto accettare ed oggi \u00e8 in lista d\u2019attesa per una sede e per una data certa. Nessuna notizia per ora, nessuna voglia di andare nel privato, anche se convenzionato, perch\u00e9 crede fermamente nel servizio sanitario pubblico e perch\u00e9 chiede di essere \u201cseguita\u201d quanto pi\u00f9 possibile vicino casa ( non certo a 100 chilometri).<br \/>\nCome Comitato Feltrino, che da anni segue cosa succede alla nostra sanit\u00e0 bellunese, una riflessione la dobbiamo portare e far fare.<\/p>\n<p>Il primo punto riguarda \u201cgli ambiti di garanzia\u201d che con la DGR 626\/2024 definiscono le aree entro le quali ottenere una prestazione. Ora la nostra provincia non \u00e8 particolarmente favorevole agli spostamenti data la conformit\u00e0 e i servizi offerti; \u00e8 un problema sempre ed \u00e8 una barriera insuperabile ( o uno \u201cslalom in salita\u201d per stare sulle olimpiadi invernali) in questo periodo di pre-olimpiadi\/olimpiadi con un impatto per la persona (fragile) sia dal punto di vista sociale che economico. Dovrebbe farsi accompagnare sempre , e in questo periodo prendere due biglietti da 10 euro da Calalzo o Longarone , come se fossero in vacanza, e verificare se possono per tempo avere i PASS.<\/p>\n<p>Ma se questo \u00e8 gi\u00e0 assurdo, c\u2019\u00e8 un altro aspetto che non pu\u00f2 passare inosservato: a Cortina non c\u2019\u00e8 un Ospedale Pubblico ma un \u201cospedale\u201d convenzionato che , per le Olimpiadi, \u00e8 stato finanziato anche dalla Regione Veneto ed \u00e8 a gestione privata.<br \/>\nLa domanda sorge spontanea: perch\u00e9 bisogna andare a Cortina? Dove sono tutti gli ortopedici degli altri ospedali bellunesi? Tutti a Cortina precettati dalla Direzione Sanitaria? Il \u201cCodivilla\u201d diventer\u00e0 l\u2019ospedale dell\u2019eccellenza ortopedica, come lo stesso nuovo Assessore Regionale, Dott. Gerosa, auspica per la nostra sanit\u00e0? Piano piano arriveranno a depotenziale gli altri ospedali bellunesi?<\/p>\n<p>A Feltre hanno gi\u00e0 accorpato neurologia e ortopedia in un unico reparto al 6\u00b0 piano dell\u2019Ospedale \u201cS.Maria d.Prato\u201d: non hanno chiuso ma hanno ridotto letti \u2026 e siamo certi questo non succede solo in questo ospedale bellunese.<br \/>\n\u201cC\u2019era una volta in Italia &#8211; Giacarta sta arrivando\u201d \u00e8 il titolo di un documentario inchiesta che analizza la crisi della sanit\u00e0 e le privatizzazioni in Calabria. Ma se \u00e8 vero che nevica pi\u00f9 al sud rispetto che da noi, forse sta \u201csalendo\u201d dallo stivale una politica di tagli della sanit\u00e0 pubblica a favore di quella privata? Perch\u00e9 pare che al Codivilla- Ospedale di Cortina, gestito dalla societ\u00e0 emiliana GVM, ci sia un Punto di Primo Intervento (PPI) attivo 24 ore su 24 \u2013 7 giorni su 7 , con diagnostica attiva per servizi di radiologia, TC e risonanza magnetica sempre aperta \u2026. Mentre a Feltre si chiude alle 19.30 la refertazione e nel fine settimana \u00e8 bene non farsi male. Un Primo intervento (privato) che gestisce l\u2019assistenza a bassa complessit\u00e0 e che per casi gravi rimanda agli ospedali pi\u00f9 attrezzati (pubblici).<br \/>\nDobbiamo solo ringraziare il personale che lavora nei nostri Ospedali se ancora \u201ctutto va \u201cabbastanza\u201d bene\u201d?<\/p>\n<p>Cos\u00ec finisce che la Regione Veneto finanzia un policlinico olimpico \u201cdi 86 posti letto di area medica, chirurgica, in particolare ortopedica, e di medicina fisica e riabilitativa, con attivit\u00e0 di laboratorio\u201d ( cit. Dirigente Dott Dal Ben) e \u2026.l\u00ec \u2013 nel privato \u2013 invia anche il paziente feltrino che ha bisogno di una \u201csemplice\u201d visita ortopedica.<\/p>\n<p>Se non fosse che Cortina \u00e8 troppo cara per viverci, con sempre pi\u00f9 \u201cforesti\u201d \u2026e forse sempre pi\u00f9 \u201csfruttata\u201d, ci verrebbe voglia di trasferirci tutti lass\u00f9! (anche no!)<\/p>\n<p><strong>Comitato Feltrino per Il Diritto alla Salute<\/strong><\/p>","protected":false},"excerpt":{"rendered":"<p>E\u2019 di questi giorni la \u201cmaratona\u201d forzata del ragazzino di 11 anni lasciato a piedi sotto la neve. Ma queste olimpiadi invernali sembrano portare alla luce anche altri aspetti della nostra provincia, anche in ambito sanitario. Al Comitato Feltrino per Il Diritto alla Salute e allo \u201cSportello Diritto alle Cure\u201d aperto a Feltre , \u00e8 [&hellip;]<\/p>\n","protected":false},"author":2,"featured_media":151167,"comment_status":"closed","ping_status":"open","sticky":false,"template":"","format":"standard","meta":{"footnotes":""},"categories":[17],"tags":[],"class_list":["post-167030","post","type-post","status-publish","format-standard","has-post-thumbnail","category-sanita"],"yoast_head":"<!-- This site is optimized with the Yoast SEO plugin v28.4 - https:\/\/yoast.com\/product\/yoast-seo-wordpress\/ -->\n<title>Quanti chilometri per una visita? Nel Bellunese, anche la sanit\u00e0 \u00e8 olimpica! - Bellunopress - Dolomiti<\/title>\n<meta name=\"robots\" content=\"index, follow, max-snippet:-1, max-image-preview:large, max-video-preview:-1\" \/>\n<link rel=\"canonical\" href=\"https:\/\/www.bellunopress.it\/fr\/2026\/02\/01\/quanti-chilometri-per-una-visita-nel-bellunese-anche-la-sanita-e-olimpica\/\" \/>\n<meta property=\"og:locale\" content=\"fr_FR\" \/>\n<meta property=\"og:type\" content=\"article\" \/>\n<meta property=\"og:title\" content=\"Quanti chilometri per una visita? Nel Bellunese, anche la sanit\u00e0 \u00e8 olimpica! - Bellunopress - Dolomiti\" \/>\n<meta property=\"og:description\" content=\"E\u2019 di questi giorni la \u201cmaratona\u201d forzata del ragazzino di 11 anni lasciato a piedi sotto la neve. Ma queste olimpiadi invernali sembrano portare alla luce anche altri aspetti della nostra provincia, anche in ambito sanitario. Al Comitato Feltrino per Il Diritto alla Salute e allo \u201cSportello Diritto alle Cure\u201d aperto a Feltre , \u00e8 [&hellip;]\" \/>\n<meta property=\"og:url\" content=\"https:\/\/www.bellunopress.it\/fr\/2026\/02\/01\/quanti-chilometri-per-una-visita-nel-bellunese-anche-la-sanita-e-olimpica\/\" \/>\n<meta property=\"og:site_name\" content=\"Bellunopress - Dolomiti\" \/>\n<meta property=\"article:publisher\" content=\"https:\/\/www.facebook.com\/profile.php?id=100008943462799\" \/>\n<meta property=\"article:published_time\" content=\"2026-02-01T12:31:47+00:00\" \/>\n<meta property=\"article:modified_time\" content=\"2026-02-01T12:32:07+00:00\" \/>\n<meta property=\"og:image\" content=\"https:\/\/www.bellunopress.it\/wp-content\/uploads\/2024\/05\/comitato-feltrino-per-il-diritto-alla-salute.jpg\" \/>\n\t<meta property=\"og:image:width\" content=\"510\" \/>\n\t<meta property=\"og:image:height\" content=\"401\" \/>\n\t<meta property=\"og:image:type\" content=\"image\/jpeg\" \/>\n<meta name=\"author\" content=\"redazione\" \/>\n<meta name=\"twitter:card\" content=\"summary_large_image\" \/>\n<meta name=\"twitter:creator\" content=\"@bellunopress\" \/>\n<meta name=\"twitter:site\" content=\"@bellunopress\" \/>\n<meta name=\"twitter:label1\" content=\"\u00c9crit par\" \/>\n\t<meta name=\"twitter:data1\" content=\"redazione\" \/>\n\t<meta name=\"twitter:label2\" content=\"Dur\u00e9e de lecture estim\u00e9e\" \/>\n\t<meta name=\"twitter:data2\" content=\"4 minutes\" \/>\n<script type=\"application\/ld+json\" class=\"yoast-schema-graph\">{\"@context\":\"https:\\\/\\\/schema.org\",\"@graph\":[{\"@type\":\"Article\",\"@id\":\"https:\\\/\\\/www.bellunopress.it\\\/2026\\\/02\\\/01\\\/quanti-chilometri-per-una-visita-nel-bellunese-anche-la-sanita-e-olimpica\\\/#article\",\"isPartOf\":{\"@id\":\"https:\\\/\\\/www.bellunopress.it\\\/2026\\\/02\\\/01\\\/quanti-chilometri-per-una-visita-nel-bellunese-anche-la-sanita-e-olimpica\\\/\"},\"author\":{\"name\":\"redazione\",\"@id\":\"https:\\\/\\\/www.bellunopress.it\\\/#\\\/schema\\\/person\\\/79bb06722b37ece1c03d3e94beb30d73\"},\"headline\":\"Quanti chilometri per una visita? Nel Bellunese, anche la sanit\u00e0 \u00e8 olimpica!\",\"datePublished\":\"2026-02-01T12:31:47+00:00\",\"dateModified\":\"2026-02-01T12:32:07+00:00\",\"mainEntityOfPage\":{\"@id\":\"https:\\\/\\\/www.bellunopress.it\\\/2026\\\/02\\\/01\\\/quanti-chilometri-per-una-visita-nel-bellunese-anche-la-sanita-e-olimpica\\\/\"},\"wordCount\":737,\"publisher\":{\"@id\":\"https:\\\/\\\/www.bellunopress.it\\\/#organization\"},\"image\":{\"@id\":\"https:\\\/\\\/www.bellunopress.it\\\/2026\\\/02\\\/01\\\/quanti-chilometri-per-una-visita-nel-bellunese-anche-la-sanita-e-olimpica\\\/#primaryimage\"},\"thumbnailUrl\":\"https:\\\/\\\/www.bellunopress.it\\\/wp-content\\\/uploads\\\/2024\\\/05\\\/comitato-feltrino-per-il-diritto-alla-salute.jpg\",\"articleSection\":[\"Sanit\u00e0 Medicina\"],\"inLanguage\":\"fr-FR\"},{\"@type\":\"WebPage\",\"@id\":\"https:\\\/\\\/www.bellunopress.it\\\/2026\\\/02\\\/01\\\/quanti-chilometri-per-una-visita-nel-bellunese-anche-la-sanita-e-olimpica\\\/\",\"url\":\"https:\\\/\\\/www.bellunopress.it\\\/2026\\\/02\\\/01\\\/quanti-chilometri-per-una-visita-nel-bellunese-anche-la-sanita-e-olimpica\\\/\",\"name\":\"Quanti chilometri per una visita? Nel Bellunese, anche la sanit\u00e0 \u00e8 olimpica! - Bellunopress - Dolomiti\",\"isPartOf\":{\"@id\":\"https:\\\/\\\/www.bellunopress.it\\\/#website\"},\"primaryImageOfPage\":{\"@id\":\"https:\\\/\\\/www.bellunopress.it\\\/2026\\\/02\\\/01\\\/quanti-chilometri-per-una-visita-nel-bellunese-anche-la-sanita-e-olimpica\\\/#primaryimage\"},\"image\":{\"@id\":\"https:\\\/\\\/www.bellunopress.it\\\/2026\\\/02\\\/01\\\/quanti-chilometri-per-una-visita-nel-bellunese-anche-la-sanita-e-olimpica\\\/#primaryimage\"},\"thumbnailUrl\":\"https:\\\/\\\/www.bellunopress.it\\\/wp-content\\\/uploads\\\/2024\\\/05\\\/comitato-feltrino-per-il-diritto-alla-salute.jpg\",\"datePublished\":\"2026-02-01T12:31:47+00:00\",\"dateModified\":\"2026-02-01T12:32:07+00:00\",\"breadcrumb\":{\"@id\":\"https:\\\/\\\/www.bellunopress.it\\\/2026\\\/02\\\/01\\\/quanti-chilometri-per-una-visita-nel-bellunese-anche-la-sanita-e-olimpica\\\/#breadcrumb\"},\"inLanguage\":\"fr-FR\",\"potentialAction\":[{\"@type\":\"ReadAction\",\"target\":[\"https:\\\/\\\/www.bellunopress.it\\\/2026\\\/02\\\/01\\\/quanti-chilometri-per-una-visita-nel-bellunese-anche-la-sanita-e-olimpica\\\/\"]}]},{\"@type\":\"ImageObject\",\"inLanguage\":\"fr-FR\",\"@id\":\"https:\\\/\\\/www.bellunopress.it\\\/2026\\\/02\\\/01\\\/quanti-chilometri-per-una-visita-nel-bellunese-anche-la-sanita-e-olimpica\\\/#primaryimage\",\"url\":\"https:\\\/\\\/www.bellunopress.it\\\/wp-content\\\/uploads\\\/2024\\\/05\\\/comitato-feltrino-per-il-diritto-alla-salute.jpg\",\"contentUrl\":\"https:\\\/\\\/www.bellunopress.it\\\/wp-content\\\/uploads\\\/2024\\\/05\\\/comitato-feltrino-per-il-diritto-alla-salute.jpg\",\"width\":510,\"height\":401},{\"@type\":\"BreadcrumbList\",\"@id\":\"https:\\\/\\\/www.bellunopress.it\\\/2026\\\/02\\\/01\\\/quanti-chilometri-per-una-visita-nel-bellunese-anche-la-sanita-e-olimpica\\\/#breadcrumb\",\"itemListElement\":[{\"@type\":\"ListItem\",\"position\":1,\"name\":\"Home\",\"item\":\"https:\\\/\\\/www.bellunopress.it\\\/\"},{\"@type\":\"ListItem\",\"position\":2,\"name\":\"Quanti chilometri per una visita? Nel Bellunese, anche la sanit\u00e0 \u00e8 olimpica!\"}]},{\"@type\":\"WebSite\",\"@id\":\"https:\\\/\\\/www.bellunopress.it\\\/#website\",\"url\":\"https:\\\/\\\/www.bellunopress.it\\\/\",\"name\":\"Bellunopress - Dolomiti\",\"description\":\"e-mail: redazione@bellunopress.it\",\"publisher\":{\"@id\":\"https:\\\/\\\/www.bellunopress.it\\\/#organization\"},\"potentialAction\":[{\"@type\":\"SearchAction\",\"target\":{\"@type\":\"EntryPoint\",\"urlTemplate\":\"https:\\\/\\\/www.bellunopress.it\\\/?s={search_term_string}\"},\"query-input\":{\"@type\":\"PropertyValueSpecification\",\"valueRequired\":true,\"valueName\":\"search_term_string\"}}],\"inLanguage\":\"fr-FR\"},{\"@type\":\"Organization\",\"@id\":\"https:\\\/\\\/www.bellunopress.it\\\/#organization\",\"name\":\"Bellunopress\",\"url\":\"https:\\\/\\\/www.bellunopress.it\\\/\",\"logo\":{\"@type\":\"ImageObject\",\"inLanguage\":\"fr-FR\",\"@id\":\"https:\\\/\\\/www.bellunopress.it\\\/#\\\/schema\\\/logo\\\/image\\\/\",\"url\":\"https:\\\/\\\/www.bellunopress.it\\\/wp-content\\\/uploads\\\/2011\\\/05\\\/cropped-logo-bellunopress-.jpg\",\"contentUrl\":\"https:\\\/\\\/www.bellunopress.it\\\/wp-content\\\/uploads\\\/2011\\\/05\\\/cropped-logo-bellunopress-.jpg\",\"width\":512,\"height\":512,\"caption\":\"Bellunopress\"},\"image\":{\"@id\":\"https:\\\/\\\/www.bellunopress.it\\\/#\\\/schema\\\/logo\\\/image\\\/\"},\"sameAs\":[\"https:\\\/\\\/www.facebook.com\\\/profile.php?id=100008943462799\",\"https:\\\/\\\/x.com\\\/bellunopress\",\"https:\\\/\\\/www.linkedin.com\\\/hp\\\/?dnr=JBzUWaJfMUw8vbXJJ2tVW5-I3jZKvC4wsoxE&amp;amp;amp;amp;amp;amp;trk=nav_responsive_tab_home\",\"https:\\\/\\\/www.youtube.com\\\/channel\\\/UCxL0wu1uN0_3_7hGG0306cw\"]},{\"@type\":\"Person\",\"@id\":\"https:\\\/\\\/www.bellunopress.it\\\/#\\\/schema\\\/person\\\/79bb06722b37ece1c03d3e94beb30d73\",\"name\":\"redazione\",\"image\":{\"@type\":\"ImageObject\",\"inLanguage\":\"fr-FR\",\"@id\":\"https:\\\/\\\/secure.gravatar.com\\\/avatar\\\/37d968a2e67a6fd04c169c4bdef102d0bc5d31b2546345219e348575eb80e9a0?s=96&d=mm&r=g\",\"url\":\"https:\\\/\\\/secure.gravatar.com\\\/avatar\\\/37d968a2e67a6fd04c169c4bdef102d0bc5d31b2546345219e348575eb80e9a0?s=96&d=mm&r=g\",\"contentUrl\":\"https:\\\/\\\/secure.gravatar.com\\\/avatar\\\/37d968a2e67a6fd04c169c4bdef102d0bc5d31b2546345219e348575eb80e9a0?s=96&d=mm&r=g\",\"caption\":\"redazione\"},\"sameAs\":[\"http:\\\/\\\/www.bellunopress.it\",\"https:\\\/\\\/x.com\\\/bellunopress\"],\"url\":\"https:\\\/\\\/www.bellunopress.it\\\/fr\\\/author\\\/redazione\\\/\"}]}<\/script>\n<!-- \/ Yoast SEO plugin. -->","yoast_head_json":{"title":"Quanti chilometri per una visita? Nel Bellunese, anche la sanit\u00e0 \u00e8 olimpica! - Bellunopress - Dolomiti","robots":{"index":"index","follow":"follow","max-snippet":"max-snippet:-1","max-image-preview":"max-image-preview:large","max-video-preview":"max-video-preview:-1"},"canonical":"https:\/\/www.bellunopress.it\/fr\/2026\/02\/01\/quanti-chilometri-per-una-visita-nel-bellunese-anche-la-sanita-e-olimpica\/","og_locale":"fr_FR","og_type":"article","og_title":"Quanti chilometri per una visita? Nel Bellunese, anche la sanit\u00e0 \u00e8 olimpica! - Bellunopress - Dolomiti","og_description":"E\u2019 di questi giorni la \u201cmaratona\u201d forzata del ragazzino di 11 anni lasciato a piedi sotto la neve. Ma queste olimpiadi invernali sembrano portare alla luce anche altri aspetti della nostra provincia, anche in ambito sanitario. Al Comitato Feltrino per Il Diritto alla Salute e allo \u201cSportello Diritto alle Cure\u201d aperto a Feltre , \u00e8 [&hellip;]","og_url":"https:\/\/www.bellunopress.it\/fr\/2026\/02\/01\/quanti-chilometri-per-una-visita-nel-bellunese-anche-la-sanita-e-olimpica\/","og_site_name":"Bellunopress - Dolomiti","article_publisher":"https:\/\/www.facebook.com\/profile.php?id=100008943462799","article_published_time":"2026-02-01T12:31:47+00:00","article_modified_time":"2026-02-01T12:32:07+00:00","og_image":[{"width":510,"height":401,"url":"https:\/\/www.bellunopress.it\/wp-content\/uploads\/2024\/05\/comitato-feltrino-per-il-diritto-alla-salute.jpg","type":"image\/jpeg"}],"author":"redazione","twitter_card":"summary_large_image","twitter_creator":"@bellunopress","twitter_site":"@bellunopress","twitter_misc":{"\u00c9crit par":"redazione","Dur\u00e9e de lecture estim\u00e9e":"4 minutes"},"schema":{"@context":"https:\/\/schema.org","@graph":[{"@type":"Article","@id":"https:\/\/www.bellunopress.it\/2026\/02\/01\/quanti-chilometri-per-una-visita-nel-bellunese-anche-la-sanita-e-olimpica\/#article","isPartOf":{"@id":"https:\/\/www.bellunopress.it\/2026\/02\/01\/quanti-chilometri-per-una-visita-nel-bellunese-anche-la-sanita-e-olimpica\/"},"author":{"name":"redazione","@id":"https:\/\/www.bellunopress.it\/#\/schema\/person\/79bb06722b37ece1c03d3e94beb30d73"},"headline":"Quanti chilometri per una visita? Nel Bellunese, anche la sanit\u00e0 \u00e8 olimpica!","datePublished":"2026-02-01T12:31:47+00:00","dateModified":"2026-02-01T12:32:07+00:00","mainEntityOfPage":{"@id":"https:\/\/www.bellunopress.it\/2026\/02\/01\/quanti-chilometri-per-una-visita-nel-bellunese-anche-la-sanita-e-olimpica\/"},"wordCount":737,"publisher":{"@id":"https:\/\/www.bellunopress.it\/#organization"},"image":{"@id":"https:\/\/www.bellunopress.it\/2026\/02\/01\/quanti-chilometri-per-una-visita-nel-bellunese-anche-la-sanita-e-olimpica\/#primaryimage"},"thumbnailUrl":"https:\/\/www.bellunopress.it\/wp-content\/uploads\/2024\/05\/comitato-feltrino-per-il-diritto-alla-salute.jpg","articleSection":["Sanit\u00e0 Medicina"],"inLanguage":"fr-FR"},{"@type":"WebPage","@id":"https:\/\/www.bellunopress.it\/2026\/02\/01\/quanti-chilometri-per-una-visita-nel-bellunese-anche-la-sanita-e-olimpica\/","url":"https:\/\/www.bellunopress.it\/2026\/02\/01\/quanti-chilometri-per-una-visita-nel-bellunese-anche-la-sanita-e-olimpica\/","name":"Quanti chilometri per una visita? Nel Bellunese, anche la sanit\u00e0 \u00e8 olimpica! - Bellunopress - Dolomiti","isPartOf":{"@id":"https:\/\/www.bellunopress.it\/#website"},"primaryImageOfPage":{"@id":"https:\/\/www.bellunopress.it\/2026\/02\/01\/quanti-chilometri-per-una-visita-nel-bellunese-anche-la-sanita-e-olimpica\/#primaryimage"},"image":{"@id":"https:\/\/www.bellunopress.it\/2026\/02\/01\/quanti-chilometri-per-una-visita-nel-bellunese-anche-la-sanita-e-olimpica\/#primaryimage"},"thumbnailUrl":"https:\/\/www.bellunopress.it\/wp-content\/uploads\/2024\/05\/comitato-feltrino-per-il-diritto-alla-salute.jpg","datePublished":"2026-02-01T12:31:47+00:00","dateModified":"2026-02-01T12:32:07+00:00","breadcrumb":{"@id":"https:\/\/www.bellunopress.it\/2026\/02\/01\/quanti-chilometri-per-una-visita-nel-bellunese-anche-la-sanita-e-olimpica\/#breadcrumb"},"inLanguage":"fr-FR","potentialAction":[{"@type":"ReadAction","target":["https:\/\/www.bellunopress.it\/2026\/02\/01\/quanti-chilometri-per-una-visita-nel-bellunese-anche-la-sanita-e-olimpica\/"]}]},{"@type":"ImageObject","inLanguage":"fr-FR","@id":"https:\/\/www.bellunopress.it\/2026\/02\/01\/quanti-chilometri-per-una-visita-nel-bellunese-anche-la-sanita-e-olimpica\/#primaryimage","url":"https:\/\/www.bellunopress.it\/wp-content\/uploads\/2024\/05\/comitato-feltrino-per-il-diritto-alla-salute.jpg","contentUrl":"https:\/\/www.bellunopress.it\/wp-content\/uploads\/2024\/05\/comitato-feltrino-per-il-diritto-alla-salute.jpg","width":510,"height":401},{"@type":"BreadcrumbList","@id":"https:\/\/www.bellunopress.it\/2026\/02\/01\/quanti-chilometri-per-una-visita-nel-bellunese-anche-la-sanita-e-olimpica\/#breadcrumb","itemListElement":[{"@type":"ListItem","position":1,"name":"Home","item":"https:\/\/www.bellunopress.it\/"},{"@type":"ListItem","position":2,"name":"Quanti chilometri per una visita? Nel Bellunese, anche la sanit\u00e0 \u00e8 olimpica!"}]},{"@type":"WebSite","@id":"https:\/\/www.bellunopress.it\/#website","url":"https:\/\/www.bellunopress.it\/","name":"Bellunopress - Dolomiti","description":"e-mail: redazione@bellunopress.it","publisher":{"@id":"https:\/\/www.bellunopress.it\/#organization"},"potentialAction":[{"@type":"SearchAction","target":{"@type":"EntryPoint","urlTemplate":"https:\/\/www.bellunopress.it\/?s={search_term_string}"},"query-input":{"@type":"PropertyValueSpecification","valueRequired":true,"valueName":"search_term_string"}}],"inLanguage":"fr-FR"},{"@type":"Organization","@id":"https:\/\/www.bellunopress.it\/#organization","name":"Bellunopress","url":"https:\/\/www.bellunopress.it\/","logo":{"@type":"ImageObject","inLanguage":"fr-FR","@id":"https:\/\/www.bellunopress.it\/#\/schema\/logo\/image\/","url":"https:\/\/www.bellunopress.it\/wp-content\/uploads\/2011\/05\/cropped-logo-bellunopress-.jpg","contentUrl":"https:\/\/www.bellunopress.it\/wp-content\/uploads\/2011\/05\/cropped-logo-bellunopress-.jpg","width":512,"height":512,"caption":"Bellunopress"},"image":{"@id":"https:\/\/www.bellunopress.it\/#\/schema\/logo\/image\/"},"sameAs":["https:\/\/www.facebook.com\/profile.php?id=100008943462799","https:\/\/x.com\/bellunopress","https:\/\/www.linkedin.com\/hp\/?dnr=JBzUWaJfMUw8vbXJJ2tVW5-I3jZKvC4wsoxE&amp;amp;amp;amp;amp;amp;trk=nav_responsive_tab_home","https:\/\/www.youtube.com\/channel\/UCxL0wu1uN0_3_7hGG0306cw"]},{"@type":"Person","@id":"https:\/\/www.bellunopress.it\/#\/schema\/person\/79bb06722b37ece1c03d3e94beb30d73","name":"r\u00e9daction","image":{"@type":"ImageObject","inLanguage":"fr-FR","@id":"https:\/\/secure.gravatar.com\/avatar\/37d968a2e67a6fd04c169c4bdef102d0bc5d31b2546345219e348575eb80e9a0?s=96&d=mm&r=g","url":"https:\/\/secure.gravatar.com\/avatar\/37d968a2e67a6fd04c169c4bdef102d0bc5d31b2546345219e348575eb80e9a0?s=96&d=mm&r=g","contentUrl":"https:\/\/secure.gravatar.com\/avatar\/37d968a2e67a6fd04c169c4bdef102d0bc5d31b2546345219e348575eb80e9a0?s=96&d=mm&r=g","caption":"redazione"},"sameAs":["http:\/\/www.bellunopress.it","https:\/\/x.com\/bellunopress"],"url":"https:\/\/www.bellunopress.it\/fr\/author\/redazione\/"}]}},"_links":{"self":[{"href":"https:\/\/www.bellunopress.it\/fr\/wp-json\/wp\/v2\/posts\/167030","targetHints":{"allow":["GET"]}}],"collection":[{"href":"https:\/\/www.bellunopress.it\/fr\/wp-json\/wp\/v2\/posts"}],"about":[{"href":"https:\/\/www.bellunopress.it\/fr\/wp-json\/wp\/v2\/types\/post"}],"author":[{"embeddable":true,"href":"https:\/\/www.bellunopress.it\/fr\/wp-json\/wp\/v2\/users\/2"}],"replies":[{"embeddable":true,"href":"https:\/\/www.bellunopress.it\/fr\/wp-json\/wp\/v2\/comments?post=167030"}],"version-history":[{"count":2,"href":"https:\/\/www.bellunopress.it\/fr\/wp-json\/wp\/v2\/posts\/167030\/revisions"}],"predecessor-version":[{"id":167032,"href":"https:\/\/www.bellunopress.it\/fr\/wp-json\/wp\/v2\/posts\/167030\/revisions\/167032"}],"wp:featuredmedia":[{"embeddable":true,"href":"https:\/\/www.bellunopress.it\/fr\/wp-json\/wp\/v2\/media\/151167"}],"wp:attachment":[{"href":"https:\/\/www.bellunopress.it\/fr\/wp-json\/wp\/v2\/media?parent=167030"}],"wp:term":[{"taxonomy":"category","embeddable":true,"href":"https:\/\/www.bellunopress.it\/fr\/wp-json\/wp\/v2\/categories?post=167030"},{"taxonomy":"post_tag","embeddable":true,"href":"https:\/\/www.bellunopress.it\/fr\/wp-json\/wp\/v2\/tags?post=167030"}],"curies":[{"name":"wp","href":"https:\/\/api.w.org\/{rel}","templated":true}]}}