{"id":167017,"date":"2026-01-31T20:32:46","date_gmt":"2026-01-31T19:32:46","guid":{"rendered":"https:\/\/www.bellunopress.it\/?p=167017"},"modified":"2026-01-31T20:32:46","modified_gmt":"2026-01-31T19:32:46","slug":"caso-dolomitibus-la-linea-il-costo-elevato-del-biglietto-i-prezzi-medi-nelle-citta-il-rimborso-per-i-residenti","status":"publish","type":"post","link":"https:\/\/www.bellunopress.it\/fr\/2026\/01\/31\/caso-dolomitibus-la-linea-il-costo-elevato-del-biglietto-i-prezzi-medi-nelle-citta-il-rimborso-per-i-residenti\/","title":{"rendered":"Caso Dolomitibus \/ La Linea.  Il costo elevato del biglietto. I prezzi medi nelle citt\u00e0. Il rimborso per i residenti"},"content":{"rendered":"<p data-path-to-node=\"0\"><strong>Linea 30 Calalzo-Cortina: un rincaro del 400% senza prevedere deroghe per gli studenti. Politica sotto accusa, sottovoce gira la parola &#8220;dimissioni&#8221;<\/strong><\/p>\n<p data-path-to-node=\"0\">Il caso del ragazzino di 11 anni in Cadore ha sollevato un&#8217;ondata di indignazione, non solo per la durezza del gesto (essere lasciato a piedi sotto la neve per 6 km), ma anche per il &#8220;pasticcio&#8221; tariffario legato alle imminenti Olimpiadi invernali del 2026.<\/p>\n<p data-path-to-node=\"1\">Il prezzo di 10 euro per la tratta Calalzo-Cortina, infatti, non \u00e8 la tariffa standard per un bambino, ma un nuovo biglietto unico &#8220;olimpico&#8221; introdotto proprio per potenziare quella linea (la Linea 30) in vista dei Giochi, eliminando di fatto i vecchi biglietti chilometrici per chi non ha un abbonamento.<\/p>\n<p data-path-to-node=\"2\">Ecco una panoramica sulla situazione dei trasporti per i minori e i costi medi in Italia.<\/p>\n<h3 data-path-to-node=\"4\">I ragazzini pagano nelle grandi citt\u00e0?<\/h3>\n<p data-path-to-node=\"5\">Le regole variano molto da citt\u00e0 a citt\u00e0. In Italia non esiste una norma unica: ogni comune o azienda di trasporti (ATM, ATAC, GTT) decide in autonomia.<\/p>\n<table data-path-to-node=\"6\">\n<thead>\n<tr>\n<td>Citt\u00e0<\/td>\n<td>Regola per gli 11 anni<\/td>\n<td>Note<\/td>\n<\/tr>\n<\/thead>\n<tbody>\n<tr>\n<td>Milano (ATM)<\/td>\n<td>Gratis<\/td>\n<td>I ragazzi viaggiano gratis fino al compimento dei 14 anni.<\/td>\n<\/tr>\n<tr>\n<td>Roma (ATAC)<\/td>\n<td>Pagano<\/td>\n<td>La gratuit\u00e0 \u00e8 prevista solo fino ai 10 anni. A 11 anni si paga.<\/td>\n<\/tr>\n<tr>\n<td>Torino (GTT)<\/td>\n<td>Gratis (con tessera)<\/td>\n<td>Esiste l&#8217;abbonamento &#8220;Junior&#8221; che permette ai minori di 11 anni di viaggiare gratis.<\/td>\n<\/tr>\n<tr>\n<td>Napoli (ANM)<\/td>\n<td>Pagano<\/td>\n<td>Generalmente la gratuit\u00e0 \u00e8 limitata ai bambini sotto i 6 anni.<\/td>\n<\/tr>\n<tr>\n<td>Emilia-Romagna<\/td>\n<td>Gratis<\/td>\n<td><span data-path-to-node=\"6,5,2,0\">Grazie all&#8217;iniziativa &#8220;Salta su&#8221;, il bus \u00e8 gratis per tutti gli studenti delle elementari e medie.<\/span><\/td>\n<\/tr>\n<\/tbody>\n<\/table>\n<h3 data-path-to-node=\"7\">\u00a0Agevolazioni per studenti e lavoratori<\/h3>\n<p data-path-to-node=\"8\">Nonostante il caso del Cadore sia legato a una tariffa speciale, il sistema italiano prevede diverse tutele per i pendolari:<\/p>\n<ul data-path-to-node=\"9\">\n<li>\n<p data-path-to-node=\"9,0,0\">Studenti: Quasi tutte le citt\u00e0 offrono abbonamenti &#8220;Under 26&#8221; con sconti che vanno dal 30% al 50% rispetto alla tariffa piena. A Roma, ad esempio, gli under 19 possono avere l&#8217;annuale a soli 50 euro (senza limiti di reddito).<\/p>\n<\/li>\n<li>\n<p data-path-to-node=\"9,1,0\">Lavoratori: Esistono abbonamenti annuali agevolati. Inoltre, \u00e8 possibile detrarre il 19% delle spese per l&#8217;abbonamento dalla dichiarazione dei redditi.<\/p>\n<\/li>\n<li>\n<p data-path-to-node=\"9,2,0\">Bonus Trasporti 2026: Molte regioni (come il Veneto o il Lazio) hanno stanziato dei Voucher (fino a 200\u20ac) per aiutare le famiglie con ISEE basso a coprire il costo degli abbonamenti annuali.<\/p>\n<\/li>\n<\/ul>\n<h3 data-path-to-node=\"10\">I prezzi medi: perch\u00e9 10 euro \u00e8 un&#8217;anomalia?<\/h3>\n<p data-path-to-node=\"11\">Il biglietto da 10 euro pagato (o richiesto) in Cadore \u00e8 un prezzo molto superiore alla media nazionale per una corsa singola, giustificato dall&#8217;azienda come una &#8220;tariffa flat&#8221; giornaliera per i turisti delle Olimpiadi.<\/p>\n<ul data-path-to-node=\"12\">\n<li>\n<p data-path-to-node=\"12,0,0\">Prezzo medio biglietto urbano: Tra 1,50\u20ac e 2,20\u20ac (valido solitamente 90-100 minuti).<\/p>\n<\/li>\n<li>\n<p data-path-to-node=\"12,1,0\">Prezzo medio extraurbano (per 30km): Circa 3,50\u20ac &#8211; 4,50\u20ac.<\/p>\n<\/li>\n<li>\n<p data-path-to-node=\"12,2,0\">Il &#8220;caso&#8221; Dolomitibus: Prima della riforma olimpica, la tratta Calalzo-Cortina costava circa 4-5 euro. Il salto a 10 euro \u00e8 stato pensato per trasformare il bus in una sorta di &#8220;navetta ad alta frequenza&#8221;, ma ha finito per penalizzare i residenti occasionali che non hanno l&#8217;abbonamento.<\/p>\n<\/li>\n<\/ul>\n<p data-path-to-node=\"12,2,0\"><span style=\"color: #111111; font-family: Roboto, sans-serif; font-size: 16px; font-style: italic;\">In caso di mancanza del biglietto, le linee guida del Ministero e delle associazioni dei consumatori suggeriscono che <\/span><b style=\"color: #111111; font-family: Roboto, sans-serif; font-size: 16px; font-style: italic;\" data-path-to-node=\"14,0\" data-index-in-node=\"135\">un minore non dovrebbe mai essere fatto scendere<\/b><span style=\"color: #111111; font-family: Roboto, sans-serif; font-size: 16px; font-style: italic;\"> in condizioni di potenziale pericolo (come neve, buio o zone isolate). L&#8217;autista dovrebbe limitarsi a elevare la sanzione amministrativa<\/span><\/p>\n<p>La questione non riguarda solo un biglietto non pagato, ma un cortocircuito tra burocrazia, tariffe &#8220;gonfiate&#8221; per l&#8217;evento e responsabilit\u00e0 umana.<\/p>\n<p>1. Manca la formazione degli autisti?<br \/>\n\u00c8 uno dei punti centrali del dibattito. L&#8217;autista coinvolto (61enne, dipendente della ditta subappaltatrice La Linea spa) ha dichiarato pubblicamente: &#8220;Non ci hanno detto nulla sui minorenni che vanno fatti salire comunque&#8221;.<\/p>\n<p>La difesa dell&#8217;autista: ha ammesso l&#8217;errore (&#8220;Mi fa male il cuore, ho sbagliato&#8221;), ma ha sottolineato di essere stato pressato dalla rigidit\u00e0 delle nuove regole olimpiche e da un clima di forte stress (ritardi dovuti alla neve e insulti da parte di altri passeggeri).<\/p>\n<p>Il protocollo aziendale: tecnicamente, quasi tutte le aziende di trasporto hanno linee guida che vietano di lasciare a terra minori o persone fragili in condizioni di pericolo (neve, buio, zone isolate). Tuttavia, la confusione generata dal nuovo &#8220;biglietto olimpico&#8221; da 10 euro (che ha improvvisamente annullato i vecchi carnet da 2,50\u20ac) sembra aver mandato in crisi l&#8217;applicazione del buon senso.<\/p>\n<p>2. Responsabilit\u00e0 e richieste di dimissioni<br \/>\nAl momento, le conseguenze si sono concentrate su tre livelli:<\/p>\n<p>Sospensione immediata: L&#8217;autista \u00e8 stato sospeso dal servizio in via precauzionale sia da La Linea che da Dolomitibus.<\/p>\n<p>Inchiesta della Procura: la Procura di Belluno ha aperto un fascicolo per abbandono di minore (art. 591 c.p.). La famiglia ha infatti sporto querela: il bambino ha camminato per 6 km sotto la neve a -3\u00b0C, arrivando a casa in stato di principio di ipotermia.<\/p>\n<p>Pressione politica: Non ci sono state ancora dimissioni ai vertici, ma una fortissima bufera politica. Il Partito Democratico e altre forze regionali hanno chiesto di rivedere il modello di gestione di Dolomitibus, criticando il fatto che il servizio pubblico sia stato &#8220;svenduto&#8221; alle logiche di profitto delle Olimpiadi. La consigliera Sindi Manushi ha proposto di riportare la societ\u00e0 sotto un controllo pubblico pi\u00f9 stretto.<\/p>\n<p>3. Cosa \u00e8 cambiato dopo lo scandalo?<br \/>\nL&#8217;indignazione \u00e8 stata tale che le autorit\u00e0 sono dovute correre ai ripari in tempi record:<\/p>\n<p>Ripristino delle tariffe: Dal 31 gennaio 2026, la Provincia di Belluno ha deciso di reintrodurre il biglietto ordinario chilometrico per i residenti sulla linea Calalzo-Cortina. I 10 euro restano solo per i turisti.<\/p>\n<p>Rimborsi: \u00c8 stato stanziato un fondo di 10.000 euro per rimborsare i residenti che hanno dovuto pagare la tariffa olimpica nei giorni scorsi.<\/p>\n<p>Un gesto riparatore: Il ragazzino \u00e8 stato ufficialmente invitato alla cerimonia di apertura delle Olimpiadi come ospite d&#8217;onore, un tentativo simbolico di chiudere una vicenda che ha rischiato di trasformarsi in tragedia.<\/p>\n<p>Sembra, insomma, esserci stata una mancanza di direttive chiare su come gestire la transizione alle tariffe olimpiche per i residenti. L&#8217;autista ha pagato con la sospensione, ma la critica maggiore \u00e8 rivolta alla dirigenza e agli enti locali che hanno approvato un rincaro del 400% senza prevedere deroghe per gli studenti.<\/p>\n<h3 data-path-to-node=\"2\">Come richiedere il rimborso (Linea 30 Calalzo-Cortina)<\/h3>\n<p data-path-to-node=\"3\">Dopo le polemiche, la Provincia di Belluno e Dolomitibus hanno attivato una procedura straordinaria per rimborsare i residenti che hanno pagato i 10 euro del &#8220;biglietto olimpico&#8221;.<\/p>\n<ul data-path-to-node=\"4\">\n<li>\n<p data-path-to-node=\"4,0,0\">Chi pu\u00f2 richiederlo: Tutti i residenti nella provincia di Belluno che hanno acquistato il biglietto da 10 euro sulla Linea 30 tra l&#8217;entrata in vigore della tariffa e il 31 gennaio 2026.<\/p>\n<\/li>\n<li>\n<p data-path-to-node=\"4,1,0\">Cosa serve:<\/p>\n<ol start=\"1\" data-path-to-node=\"4,1,1\">\n<li>\n<p data-path-to-node=\"4,1,1,0,0\">Il biglietto originale (cartaceo o digitale).<\/p>\n<\/li>\n<li>\n<p data-path-to-node=\"4,1,1,1,0\">Documento d&#8217;identit\u00e0 che attesti la residenza in un comune della provincia.<\/p>\n<\/li>\n<li>\n<p data-path-to-node=\"4,1,1,2,0\">Modulo di reclamo\/rimborso scaricabile dal sito ufficiale di Dolomitibus (sezione &#8220;Contatti&#8221; o &#8220;News&#8221;).<\/p>\n<\/li>\n<\/ol>\n<\/li>\n<li>\n<p data-path-to-node=\"4,2,0\">Dove inviarlo: Pu\u00f2 essere inviato via PEC a <code data-path-to-node=\"4,2,0\" data-index-in-node=\"44\">dolomitibus@pec.it<\/code> oppure consegnato a mano presso le biglietterie centrali di Belluno o Cortina d&#8217;Ampezzo.<\/p>\n<\/li>\n<li>\n<p data-path-to-node=\"4,3,0\">L&#8217;importo: Verr\u00e0 rimborsata la differenza tra i 10 euro pagati e la vecchia tariffa chilometrica (circa 5-6 euro di rimborso a biglietto).<\/p>\n<\/li>\n<\/ul>","protected":false},"excerpt":{"rendered":"<p>Linea 30 Calalzo-Cortina: un rincaro del 400% senza prevedere deroghe per gli studenti. Politica sotto accusa, sottovoce gira la parola &#8220;dimissioni&#8221; Il caso del ragazzino di 11 anni in Cadore ha sollevato un&#8217;ondata di indignazione, non solo per la durezza del gesto (essere lasciato a piedi sotto la neve per 6 km), ma anche per [&hellip;]<\/p>\n","protected":false},"author":2,"featured_media":163119,"comment_status":"closed","ping_status":"open","sticky":false,"template":"","format":"standard","meta":{"footnotes":""},"categories":[5,3446,26],"tags":[],"class_list":["post-167017","post","type-post","status-publish","format-standard","has-post-thumbnail","category-cronaca","category-featured","category-prima-pagina"],"yoast_head":"<!-- This site is optimized with the Yoast SEO plugin v28.4 - https:\/\/yoast.com\/product\/yoast-seo-wordpress\/ -->\n<title>Caso Dolomitibus \/ La Linea. Il costo elevato del biglietto. I prezzi medi nelle citt\u00e0. Il rimborso per i residenti - Bellunopress - Dolomiti<\/title>\n<meta name=\"robots\" content=\"index, follow, max-snippet:-1, max-image-preview:large, max-video-preview:-1\" \/>\n<link rel=\"canonical\" href=\"https:\/\/www.bellunopress.it\/fr\/2026\/01\/31\/caso-dolomitibus-la-linea-il-costo-elevato-del-biglietto-i-prezzi-medi-nelle-citta-il-rimborso-per-i-residenti\/\" \/>\n<meta property=\"og:locale\" content=\"fr_FR\" \/>\n<meta property=\"og:type\" content=\"article\" \/>\n<meta property=\"og:title\" content=\"Caso Dolomitibus \/ La Linea. Il costo elevato del biglietto. I prezzi medi nelle citt\u00e0. Il rimborso per i residenti - Bellunopress - Dolomiti\" \/>\n<meta property=\"og:description\" content=\"Linea 30 Calalzo-Cortina: un rincaro del 400% senza prevedere deroghe per gli studenti. Politica sotto accusa, sottovoce gira la parola &#8220;dimissioni&#8221; Il caso del ragazzino di 11 anni in Cadore ha sollevato un&#8217;ondata di indignazione, non solo per la durezza del gesto (essere lasciato a piedi sotto la neve per 6 km), ma anche per [&hellip;]\" \/>\n<meta property=\"og:url\" content=\"https:\/\/www.bellunopress.it\/fr\/2026\/01\/31\/caso-dolomitibus-la-linea-il-costo-elevato-del-biglietto-i-prezzi-medi-nelle-citta-il-rimborso-per-i-residenti\/\" \/>\n<meta property=\"og:site_name\" content=\"Bellunopress - Dolomiti\" \/>\n<meta property=\"article:publisher\" content=\"https:\/\/www.facebook.com\/profile.php?id=100008943462799\" \/>\n<meta property=\"article:published_time\" content=\"2026-01-31T19:32:46+00:00\" \/>\n<meta property=\"og:image\" content=\"https:\/\/www.bellunopress.it\/wp-content\/uploads\/2025\/09\/nuovi-autobus-dolomiti-bus_edited.jpg\" \/>\n\t<meta property=\"og:image:width\" content=\"800\" \/>\n\t<meta property=\"og:image:height\" content=\"466\" \/>\n\t<meta property=\"og:image:type\" content=\"image\/jpeg\" \/>\n<meta name=\"author\" content=\"redazione\" \/>\n<meta name=\"twitter:card\" content=\"summary_large_image\" \/>\n<meta name=\"twitter:creator\" content=\"@bellunopress\" \/>\n<meta name=\"twitter:site\" content=\"@bellunopress\" \/>\n<meta name=\"twitter:label1\" content=\"\u00c9crit par\" \/>\n\t<meta name=\"twitter:data1\" content=\"redazione\" \/>\n\t<meta name=\"twitter:label2\" content=\"Dur\u00e9e de lecture estim\u00e9e\" \/>\n\t<meta name=\"twitter:data2\" content=\"5 minutes\" \/>\n<script type=\"application\/ld+json\" class=\"yoast-schema-graph\">{\"@context\":\"https:\\\/\\\/schema.org\",\"@graph\":[{\"@type\":\"Article\",\"@id\":\"https:\\\/\\\/www.bellunopress.it\\\/2026\\\/01\\\/31\\\/caso-dolomitibus-la-linea-il-costo-elevato-del-biglietto-i-prezzi-medi-nelle-citta-il-rimborso-per-i-residenti\\\/#article\",\"isPartOf\":{\"@id\":\"https:\\\/\\\/www.bellunopress.it\\\/2026\\\/01\\\/31\\\/caso-dolomitibus-la-linea-il-costo-elevato-del-biglietto-i-prezzi-medi-nelle-citta-il-rimborso-per-i-residenti\\\/\"},\"author\":{\"name\":\"redazione\",\"@id\":\"https:\\\/\\\/www.bellunopress.it\\\/#\\\/schema\\\/person\\\/79bb06722b37ece1c03d3e94beb30d73\"},\"headline\":\"Caso Dolomitibus \\\/ La Linea. Il costo elevato del biglietto. I prezzi medi nelle citt\u00e0. Il rimborso per i residenti\",\"datePublished\":\"2026-01-31T19:32:46+00:00\",\"mainEntityOfPage\":{\"@id\":\"https:\\\/\\\/www.bellunopress.it\\\/2026\\\/01\\\/31\\\/caso-dolomitibus-la-linea-il-costo-elevato-del-biglietto-i-prezzi-medi-nelle-citta-il-rimborso-per-i-residenti\\\/\"},\"wordCount\":1110,\"publisher\":{\"@id\":\"https:\\\/\\\/www.bellunopress.it\\\/#organization\"},\"image\":{\"@id\":\"https:\\\/\\\/www.bellunopress.it\\\/2026\\\/01\\\/31\\\/caso-dolomitibus-la-linea-il-costo-elevato-del-biglietto-i-prezzi-medi-nelle-citta-il-rimborso-per-i-residenti\\\/#primaryimage\"},\"thumbnailUrl\":\"https:\\\/\\\/www.bellunopress.it\\\/wp-content\\\/uploads\\\/2025\\\/09\\\/nuovi-autobus-dolomiti-bus_edited.jpg\",\"articleSection\":[\"Cronaca\\\/Politica\",\"Featured\",\"Prima Pagina\"],\"inLanguage\":\"fr-FR\"},{\"@type\":\"WebPage\",\"@id\":\"https:\\\/\\\/www.bellunopress.it\\\/2026\\\/01\\\/31\\\/caso-dolomitibus-la-linea-il-costo-elevato-del-biglietto-i-prezzi-medi-nelle-citta-il-rimborso-per-i-residenti\\\/\",\"url\":\"https:\\\/\\\/www.bellunopress.it\\\/2026\\\/01\\\/31\\\/caso-dolomitibus-la-linea-il-costo-elevato-del-biglietto-i-prezzi-medi-nelle-citta-il-rimborso-per-i-residenti\\\/\",\"name\":\"Caso Dolomitibus \\\/ La Linea. Il costo elevato del biglietto. I prezzi medi nelle citt\u00e0. Il rimborso per i residenti - Bellunopress - Dolomiti\",\"isPartOf\":{\"@id\":\"https:\\\/\\\/www.bellunopress.it\\\/#website\"},\"primaryImageOfPage\":{\"@id\":\"https:\\\/\\\/www.bellunopress.it\\\/2026\\\/01\\\/31\\\/caso-dolomitibus-la-linea-il-costo-elevato-del-biglietto-i-prezzi-medi-nelle-citta-il-rimborso-per-i-residenti\\\/#primaryimage\"},\"image\":{\"@id\":\"https:\\\/\\\/www.bellunopress.it\\\/2026\\\/01\\\/31\\\/caso-dolomitibus-la-linea-il-costo-elevato-del-biglietto-i-prezzi-medi-nelle-citta-il-rimborso-per-i-residenti\\\/#primaryimage\"},\"thumbnailUrl\":\"https:\\\/\\\/www.bellunopress.it\\\/wp-content\\\/uploads\\\/2025\\\/09\\\/nuovi-autobus-dolomiti-bus_edited.jpg\",\"datePublished\":\"2026-01-31T19:32:46+00:00\",\"breadcrumb\":{\"@id\":\"https:\\\/\\\/www.bellunopress.it\\\/2026\\\/01\\\/31\\\/caso-dolomitibus-la-linea-il-costo-elevato-del-biglietto-i-prezzi-medi-nelle-citta-il-rimborso-per-i-residenti\\\/#breadcrumb\"},\"inLanguage\":\"fr-FR\",\"potentialAction\":[{\"@type\":\"ReadAction\",\"target\":[\"https:\\\/\\\/www.bellunopress.it\\\/2026\\\/01\\\/31\\\/caso-dolomitibus-la-linea-il-costo-elevato-del-biglietto-i-prezzi-medi-nelle-citta-il-rimborso-per-i-residenti\\\/\"]}]},{\"@type\":\"ImageObject\",\"inLanguage\":\"fr-FR\",\"@id\":\"https:\\\/\\\/www.bellunopress.it\\\/2026\\\/01\\\/31\\\/caso-dolomitibus-la-linea-il-costo-elevato-del-biglietto-i-prezzi-medi-nelle-citta-il-rimborso-per-i-residenti\\\/#primaryimage\",\"url\":\"https:\\\/\\\/www.bellunopress.it\\\/wp-content\\\/uploads\\\/2025\\\/09\\\/nuovi-autobus-dolomiti-bus_edited.jpg\",\"contentUrl\":\"https:\\\/\\\/www.bellunopress.it\\\/wp-content\\\/uploads\\\/2025\\\/09\\\/nuovi-autobus-dolomiti-bus_edited.jpg\",\"width\":800,\"height\":466},{\"@type\":\"BreadcrumbList\",\"@id\":\"https:\\\/\\\/www.bellunopress.it\\\/2026\\\/01\\\/31\\\/caso-dolomitibus-la-linea-il-costo-elevato-del-biglietto-i-prezzi-medi-nelle-citta-il-rimborso-per-i-residenti\\\/#breadcrumb\",\"itemListElement\":[{\"@type\":\"ListItem\",\"position\":1,\"name\":\"Home\",\"item\":\"https:\\\/\\\/www.bellunopress.it\\\/\"},{\"@type\":\"ListItem\",\"position\":2,\"name\":\"Caso Dolomitibus \\\/ La Linea. Il costo elevato del biglietto. I prezzi medi nelle citt\u00e0. Il rimborso per i residenti\"}]},{\"@type\":\"WebSite\",\"@id\":\"https:\\\/\\\/www.bellunopress.it\\\/#website\",\"url\":\"https:\\\/\\\/www.bellunopress.it\\\/\",\"name\":\"Bellunopress - Dolomiti\",\"description\":\"e-mail: redazione@bellunopress.it\",\"publisher\":{\"@id\":\"https:\\\/\\\/www.bellunopress.it\\\/#organization\"},\"potentialAction\":[{\"@type\":\"SearchAction\",\"target\":{\"@type\":\"EntryPoint\",\"urlTemplate\":\"https:\\\/\\\/www.bellunopress.it\\\/?s={search_term_string}\"},\"query-input\":{\"@type\":\"PropertyValueSpecification\",\"valueRequired\":true,\"valueName\":\"search_term_string\"}}],\"inLanguage\":\"fr-FR\"},{\"@type\":\"Organization\",\"@id\":\"https:\\\/\\\/www.bellunopress.it\\\/#organization\",\"name\":\"Bellunopress\",\"url\":\"https:\\\/\\\/www.bellunopress.it\\\/\",\"logo\":{\"@type\":\"ImageObject\",\"inLanguage\":\"fr-FR\",\"@id\":\"https:\\\/\\\/www.bellunopress.it\\\/#\\\/schema\\\/logo\\\/image\\\/\",\"url\":\"https:\\\/\\\/www.bellunopress.it\\\/wp-content\\\/uploads\\\/2011\\\/05\\\/cropped-logo-bellunopress-.jpg\",\"contentUrl\":\"https:\\\/\\\/www.bellunopress.it\\\/wp-content\\\/uploads\\\/2011\\\/05\\\/cropped-logo-bellunopress-.jpg\",\"width\":512,\"height\":512,\"caption\":\"Bellunopress\"},\"image\":{\"@id\":\"https:\\\/\\\/www.bellunopress.it\\\/#\\\/schema\\\/logo\\\/image\\\/\"},\"sameAs\":[\"https:\\\/\\\/www.facebook.com\\\/profile.php?id=100008943462799\",\"https:\\\/\\\/x.com\\\/bellunopress\",\"https:\\\/\\\/www.linkedin.com\\\/hp\\\/?dnr=JBzUWaJfMUw8vbXJJ2tVW5-I3jZKvC4wsoxE&amp;amp;amp;amp;amp;amp;trk=nav_responsive_tab_home\",\"https:\\\/\\\/www.youtube.com\\\/channel\\\/UCxL0wu1uN0_3_7hGG0306cw\"]},{\"@type\":\"Person\",\"@id\":\"https:\\\/\\\/www.bellunopress.it\\\/#\\\/schema\\\/person\\\/79bb06722b37ece1c03d3e94beb30d73\",\"name\":\"redazione\",\"image\":{\"@type\":\"ImageObject\",\"inLanguage\":\"fr-FR\",\"@id\":\"https:\\\/\\\/secure.gravatar.com\\\/avatar\\\/37d968a2e67a6fd04c169c4bdef102d0bc5d31b2546345219e348575eb80e9a0?s=96&d=mm&r=g\",\"url\":\"https:\\\/\\\/secure.gravatar.com\\\/avatar\\\/37d968a2e67a6fd04c169c4bdef102d0bc5d31b2546345219e348575eb80e9a0?s=96&d=mm&r=g\",\"contentUrl\":\"https:\\\/\\\/secure.gravatar.com\\\/avatar\\\/37d968a2e67a6fd04c169c4bdef102d0bc5d31b2546345219e348575eb80e9a0?s=96&d=mm&r=g\",\"caption\":\"redazione\"},\"sameAs\":[\"http:\\\/\\\/www.bellunopress.it\",\"https:\\\/\\\/x.com\\\/bellunopress\"],\"url\":\"https:\\\/\\\/www.bellunopress.it\\\/fr\\\/author\\\/redazione\\\/\"}]}<\/script>\n<!-- \/ Yoast SEO plugin. -->","yoast_head_json":{"title":"Caso Dolomitibus \/ La Linea. Il costo elevato del biglietto. I prezzi medi nelle citt\u00e0. Il rimborso per i residenti - Bellunopress - Dolomiti","robots":{"index":"index","follow":"follow","max-snippet":"max-snippet:-1","max-image-preview":"max-image-preview:large","max-video-preview":"max-video-preview:-1"},"canonical":"https:\/\/www.bellunopress.it\/fr\/2026\/01\/31\/caso-dolomitibus-la-linea-il-costo-elevato-del-biglietto-i-prezzi-medi-nelle-citta-il-rimborso-per-i-residenti\/","og_locale":"fr_FR","og_type":"article","og_title":"Caso Dolomitibus \/ La Linea. Il costo elevato del biglietto. I prezzi medi nelle citt\u00e0. Il rimborso per i residenti - Bellunopress - Dolomiti","og_description":"Linea 30 Calalzo-Cortina: un rincaro del 400% senza prevedere deroghe per gli studenti. Politica sotto accusa, sottovoce gira la parola &#8220;dimissioni&#8221; Il caso del ragazzino di 11 anni in Cadore ha sollevato un&#8217;ondata di indignazione, non solo per la durezza del gesto (essere lasciato a piedi sotto la neve per 6 km), ma anche per [&hellip;]","og_url":"https:\/\/www.bellunopress.it\/fr\/2026\/01\/31\/caso-dolomitibus-la-linea-il-costo-elevato-del-biglietto-i-prezzi-medi-nelle-citta-il-rimborso-per-i-residenti\/","og_site_name":"Bellunopress - Dolomiti","article_publisher":"https:\/\/www.facebook.com\/profile.php?id=100008943462799","article_published_time":"2026-01-31T19:32:46+00:00","og_image":[{"width":800,"height":466,"url":"https:\/\/www.bellunopress.it\/wp-content\/uploads\/2025\/09\/nuovi-autobus-dolomiti-bus_edited.jpg","type":"image\/jpeg"}],"author":"redazione","twitter_card":"summary_large_image","twitter_creator":"@bellunopress","twitter_site":"@bellunopress","twitter_misc":{"\u00c9crit par":"redazione","Dur\u00e9e de lecture estim\u00e9e":"5 minutes"},"schema":{"@context":"https:\/\/schema.org","@graph":[{"@type":"Article","@id":"https:\/\/www.bellunopress.it\/2026\/01\/31\/caso-dolomitibus-la-linea-il-costo-elevato-del-biglietto-i-prezzi-medi-nelle-citta-il-rimborso-per-i-residenti\/#article","isPartOf":{"@id":"https:\/\/www.bellunopress.it\/2026\/01\/31\/caso-dolomitibus-la-linea-il-costo-elevato-del-biglietto-i-prezzi-medi-nelle-citta-il-rimborso-per-i-residenti\/"},"author":{"name":"redazione","@id":"https:\/\/www.bellunopress.it\/#\/schema\/person\/79bb06722b37ece1c03d3e94beb30d73"},"headline":"Caso Dolomitibus \/ La Linea. Il costo elevato del biglietto. I prezzi medi nelle citt\u00e0. Il rimborso per i residenti","datePublished":"2026-01-31T19:32:46+00:00","mainEntityOfPage":{"@id":"https:\/\/www.bellunopress.it\/2026\/01\/31\/caso-dolomitibus-la-linea-il-costo-elevato-del-biglietto-i-prezzi-medi-nelle-citta-il-rimborso-per-i-residenti\/"},"wordCount":1110,"publisher":{"@id":"https:\/\/www.bellunopress.it\/#organization"},"image":{"@id":"https:\/\/www.bellunopress.it\/2026\/01\/31\/caso-dolomitibus-la-linea-il-costo-elevato-del-biglietto-i-prezzi-medi-nelle-citta-il-rimborso-per-i-residenti\/#primaryimage"},"thumbnailUrl":"https:\/\/www.bellunopress.it\/wp-content\/uploads\/2025\/09\/nuovi-autobus-dolomiti-bus_edited.jpg","articleSection":["Cronaca\/Politica","Featured","Prima Pagina"],"inLanguage":"fr-FR"},{"@type":"WebPage","@id":"https:\/\/www.bellunopress.it\/2026\/01\/31\/caso-dolomitibus-la-linea-il-costo-elevato-del-biglietto-i-prezzi-medi-nelle-citta-il-rimborso-per-i-residenti\/","url":"https:\/\/www.bellunopress.it\/2026\/01\/31\/caso-dolomitibus-la-linea-il-costo-elevato-del-biglietto-i-prezzi-medi-nelle-citta-il-rimborso-per-i-residenti\/","name":"Caso Dolomitibus \/ La Linea. Il costo elevato del biglietto. I prezzi medi nelle citt\u00e0. Il rimborso per i residenti - Bellunopress - Dolomiti","isPartOf":{"@id":"https:\/\/www.bellunopress.it\/#website"},"primaryImageOfPage":{"@id":"https:\/\/www.bellunopress.it\/2026\/01\/31\/caso-dolomitibus-la-linea-il-costo-elevato-del-biglietto-i-prezzi-medi-nelle-citta-il-rimborso-per-i-residenti\/#primaryimage"},"image":{"@id":"https:\/\/www.bellunopress.it\/2026\/01\/31\/caso-dolomitibus-la-linea-il-costo-elevato-del-biglietto-i-prezzi-medi-nelle-citta-il-rimborso-per-i-residenti\/#primaryimage"},"thumbnailUrl":"https:\/\/www.bellunopress.it\/wp-content\/uploads\/2025\/09\/nuovi-autobus-dolomiti-bus_edited.jpg","datePublished":"2026-01-31T19:32:46+00:00","breadcrumb":{"@id":"https:\/\/www.bellunopress.it\/2026\/01\/31\/caso-dolomitibus-la-linea-il-costo-elevato-del-biglietto-i-prezzi-medi-nelle-citta-il-rimborso-per-i-residenti\/#breadcrumb"},"inLanguage":"fr-FR","potentialAction":[{"@type":"ReadAction","target":["https:\/\/www.bellunopress.it\/2026\/01\/31\/caso-dolomitibus-la-linea-il-costo-elevato-del-biglietto-i-prezzi-medi-nelle-citta-il-rimborso-per-i-residenti\/"]}]},{"@type":"ImageObject","inLanguage":"fr-FR","@id":"https:\/\/www.bellunopress.it\/2026\/01\/31\/caso-dolomitibus-la-linea-il-costo-elevato-del-biglietto-i-prezzi-medi-nelle-citta-il-rimborso-per-i-residenti\/#primaryimage","url":"https:\/\/www.bellunopress.it\/wp-content\/uploads\/2025\/09\/nuovi-autobus-dolomiti-bus_edited.jpg","contentUrl":"https:\/\/www.bellunopress.it\/wp-content\/uploads\/2025\/09\/nuovi-autobus-dolomiti-bus_edited.jpg","width":800,"height":466},{"@type":"BreadcrumbList","@id":"https:\/\/www.bellunopress.it\/2026\/01\/31\/caso-dolomitibus-la-linea-il-costo-elevato-del-biglietto-i-prezzi-medi-nelle-citta-il-rimborso-per-i-residenti\/#breadcrumb","itemListElement":[{"@type":"ListItem","position":1,"name":"Home","item":"https:\/\/www.bellunopress.it\/"},{"@type":"ListItem","position":2,"name":"Caso Dolomitibus \/ La Linea. Il costo elevato del biglietto. I prezzi medi nelle citt\u00e0. Il rimborso per i residenti"}]},{"@type":"WebSite","@id":"https:\/\/www.bellunopress.it\/#website","url":"https:\/\/www.bellunopress.it\/","name":"Bellunopress - Dolomiti","description":"e-mail: redazione@bellunopress.it","publisher":{"@id":"https:\/\/www.bellunopress.it\/#organization"},"potentialAction":[{"@type":"SearchAction","target":{"@type":"EntryPoint","urlTemplate":"https:\/\/www.bellunopress.it\/?s={search_term_string}"},"query-input":{"@type":"PropertyValueSpecification","valueRequired":true,"valueName":"search_term_string"}}],"inLanguage":"fr-FR"},{"@type":"Organization","@id":"https:\/\/www.bellunopress.it\/#organization","name":"Bellunopress","url":"https:\/\/www.bellunopress.it\/","logo":{"@type":"ImageObject","inLanguage":"fr-FR","@id":"https:\/\/www.bellunopress.it\/#\/schema\/logo\/image\/","url":"https:\/\/www.bellunopress.it\/wp-content\/uploads\/2011\/05\/cropped-logo-bellunopress-.jpg","contentUrl":"https:\/\/www.bellunopress.it\/wp-content\/uploads\/2011\/05\/cropped-logo-bellunopress-.jpg","width":512,"height":512,"caption":"Bellunopress"},"image":{"@id":"https:\/\/www.bellunopress.it\/#\/schema\/logo\/image\/"},"sameAs":["https:\/\/www.facebook.com\/profile.php?id=100008943462799","https:\/\/x.com\/bellunopress","https:\/\/www.linkedin.com\/hp\/?dnr=JBzUWaJfMUw8vbXJJ2tVW5-I3jZKvC4wsoxE&amp;amp;amp;amp;amp;amp;trk=nav_responsive_tab_home","https:\/\/www.youtube.com\/channel\/UCxL0wu1uN0_3_7hGG0306cw"]},{"@type":"Person","@id":"https:\/\/www.bellunopress.it\/#\/schema\/person\/79bb06722b37ece1c03d3e94beb30d73","name":"r\u00e9daction","image":{"@type":"ImageObject","inLanguage":"fr-FR","@id":"https:\/\/secure.gravatar.com\/avatar\/37d968a2e67a6fd04c169c4bdef102d0bc5d31b2546345219e348575eb80e9a0?s=96&d=mm&r=g","url":"https:\/\/secure.gravatar.com\/avatar\/37d968a2e67a6fd04c169c4bdef102d0bc5d31b2546345219e348575eb80e9a0?s=96&d=mm&r=g","contentUrl":"https:\/\/secure.gravatar.com\/avatar\/37d968a2e67a6fd04c169c4bdef102d0bc5d31b2546345219e348575eb80e9a0?s=96&d=mm&r=g","caption":"redazione"},"sameAs":["http:\/\/www.bellunopress.it","https:\/\/x.com\/bellunopress"],"url":"https:\/\/www.bellunopress.it\/fr\/author\/redazione\/"}]}},"_links":{"self":[{"href":"https:\/\/www.bellunopress.it\/fr\/wp-json\/wp\/v2\/posts\/167017","targetHints":{"allow":["GET"]}}],"collection":[{"href":"https:\/\/www.bellunopress.it\/fr\/wp-json\/wp\/v2\/posts"}],"about":[{"href":"https:\/\/www.bellunopress.it\/fr\/wp-json\/wp\/v2\/types\/post"}],"author":[{"embeddable":true,"href":"https:\/\/www.bellunopress.it\/fr\/wp-json\/wp\/v2\/users\/2"}],"replies":[{"embeddable":true,"href":"https:\/\/www.bellunopress.it\/fr\/wp-json\/wp\/v2\/comments?post=167017"}],"version-history":[{"count":1,"href":"https:\/\/www.bellunopress.it\/fr\/wp-json\/wp\/v2\/posts\/167017\/revisions"}],"predecessor-version":[{"id":167018,"href":"https:\/\/www.bellunopress.it\/fr\/wp-json\/wp\/v2\/posts\/167017\/revisions\/167018"}],"wp:featuredmedia":[{"embeddable":true,"href":"https:\/\/www.bellunopress.it\/fr\/wp-json\/wp\/v2\/media\/163119"}],"wp:attachment":[{"href":"https:\/\/www.bellunopress.it\/fr\/wp-json\/wp\/v2\/media?parent=167017"}],"wp:term":[{"taxonomy":"category","embeddable":true,"href":"https:\/\/www.bellunopress.it\/fr\/wp-json\/wp\/v2\/categories?post=167017"},{"taxonomy":"post_tag","embeddable":true,"href":"https:\/\/www.bellunopress.it\/fr\/wp-json\/wp\/v2\/tags?post=167017"}],"curies":[{"name":"wp","href":"https:\/\/api.w.org\/{rel}","templated":true}]}}