{"id":167014,"date":"2026-01-31T15:49:58","date_gmt":"2026-01-31T14:49:58","guid":{"rendered":"https:\/\/www.bellunopress.it\/?p=167014"},"modified":"2026-01-31T15:49:58","modified_gmt":"2026-01-31T14:49:58","slug":"il-comune-di-belluno-aderisce-alla-giornata-delle-vittime-civili-delle-guerre","status":"publish","type":"post","link":"https:\/\/www.bellunopress.it\/fr\/2026\/01\/31\/il-comune-di-belluno-aderisce-alla-giornata-delle-vittime-civili-delle-guerre\/","title":{"rendered":"Il Comune di Belluno aderisce alla Giornata delle Vittime Civili delle Guerre"},"content":{"rendered":"<p>Il 1\u00b0 febbraio istituzioni e Comuni di tutta Italia si uniscono per dire: \u201cStop alle bombe sui civili\u201d. Anche il Comune di Belluno partecipa alla Giornata Nazionale delle Vittime Civili delle Guerre e dei Conflitti nel Mondo, celebrata ogni anno il 1\u00b0 febbraio per mantenere viva la memoria dei conflitti del passato e richiamare l\u2019attenzione sul dramma che vivono i civili coinvolti nei conflitti armati attuali.<\/p>\n<p>\u201cSiamo consapevoli che si tratti di un gesto simbolico \u2013 dichiara il sindaco, Oscar De Pellegrin \u2013, ma i simboli hanno un valore profondo quando aiutano a tenere alta l\u2019attenzione. I conflitti nel mondo non sono pi\u00f9 cos\u00ec distanti da noi, basti pensare alla guerra russo-ucraina. Mai come in questo momento \u00e8 necessario rinvigorire il desiderio di pace che c\u2019\u00e8 in ciascuno di noi: un valore che deve essere alla base non solo dell\u2019Europa, ma dell\u2019intera comunit\u00e0 internazionale\u201d.<\/p>\n<p>Quest\u2019anno, la Giornata assume un significato ancora pi\u00f9 urgente alla luce del tragico aumento delle vittime civili nei conflitti armati.<br \/>\nOggi nel mondo sono in corso 32 guerre e 23 situazioni di crisi, il numero pi\u00f9 alto dalla fine della Seconda guerra mondiale. Il 90% delle vittime sono civili (fonti: Atlante delle guerre e dei conflitti del mondo; L\u2019Osservatorio \u2013 Centro di ricerche sulle vittime civili dei conflitti), nonostante le Convenzioni di Ginevra dichiarino esplicitamente che essi non possono essere considerati un obiettivo militare.<\/p>\n<p>Nel 2024, 59.524 civili sono rimasti uccisi da armi esplosive (fonte: AOAV, ottobre 2025) e 8.370 erano bambini (fonte: Save the Children UK). \u201cQuesti numeri raccontano una tragedia quotidiana che non pu\u00f2 lasciarci indifferenti \u2013 sottolinea Michele Vigne, presidente dell\u2019Associazione Nazionale Vittime Civili di Guerra Sezione di Belluno \u2013. Ricordare le vittime civili significa riaffermare con forza il valore della pace e della solidariet\u00e0 e chiedere con decisione il rispetto del Diritto internazionale umanitario e la protezione dei civili, soprattutto dei pi\u00f9 vulnerabili\u201d.<\/p>\n<p>In questo drammatico contesto, il Comune di Belluno, insieme alle principali istituzioni centrali, alle Regioni e a numerosi altri Comuni italiani, raccoglie con convinzione l\u2019invito dell\u2019Associazione Nazionale Vittime Civili di Guerra (ANVCG) e dell\u2019Associazione Nazionale Comuni Italiani (ANCI) ad aderire alla campagna \u201cStop alle bombe sui civili\u201d.<br \/>\nPer l\u2019occasione, nella serata del 1\u00b0 febbraio verr\u00e0 illuminato di blu il Teatro Buzzati, un gesto simbolico che vuole essere un appello alla comunit\u00e0 internazionale.<\/p>\n<p>L\u2019invito ai cittadini \u00e8 quello di riflettere sull\u2019importanza della protezione dei civili e di approfondire il tema delle vittime civili di guerra attraverso il sito ufficiale www.anvcg.it e i canali social dell\u2019Associazione.<\/p>","protected":false},"excerpt":{"rendered":"<p>Il 1\u00b0 febbraio istituzioni e Comuni di tutta Italia si uniscono per dire: \u201cStop alle bombe sui civili\u201d. Anche il Comune di Belluno partecipa alla Giornata Nazionale delle Vittime Civili delle Guerre e dei Conflitti nel Mondo, celebrata ogni anno il 1\u00b0 febbraio per mantenere viva la memoria dei conflitti del passato e richiamare l\u2019attenzione [&hellip;]<\/p>\n","protected":false},"author":2,"featured_media":167015,"comment_status":"closed","ping_status":"open","sticky":false,"template":"","format":"standard","meta":{"footnotes":""},"categories":[8],"tags":[],"class_list":["post-167014","post","type-post","status-publish","format-standard","has-post-thumbnail","category-societa-istituzioni"],"yoast_head":"<!-- This site is optimized with the Yoast SEO plugin v28.4 - https:\/\/yoast.com\/product\/yoast-seo-wordpress\/ -->\n<title>Il Comune di Belluno aderisce alla Giornata delle Vittime Civili delle Guerre - Bellunopress - Dolomiti<\/title>\n<meta name=\"robots\" content=\"index, follow, max-snippet:-1, max-image-preview:large, max-video-preview:-1\" \/>\n<link rel=\"canonical\" href=\"https:\/\/www.bellunopress.it\/fr\/2026\/01\/31\/il-comune-di-belluno-aderisce-alla-giornata-delle-vittime-civili-delle-guerre\/\" \/>\n<meta property=\"og:locale\" content=\"fr_FR\" \/>\n<meta property=\"og:type\" content=\"article\" \/>\n<meta property=\"og:title\" content=\"Il Comune di Belluno aderisce alla Giornata delle Vittime Civili delle Guerre - Bellunopress - Dolomiti\" \/>\n<meta property=\"og:description\" content=\"Il 1\u00b0 febbraio istituzioni e Comuni di tutta Italia si uniscono per dire: \u201cStop alle bombe sui civili\u201d. Anche il Comune di Belluno partecipa alla Giornata Nazionale delle Vittime Civili delle Guerre e dei Conflitti nel Mondo, celebrata ogni anno il 1\u00b0 febbraio per mantenere viva la memoria dei conflitti del passato e richiamare l\u2019attenzione [&hellip;]\" \/>\n<meta property=\"og:url\" content=\"https:\/\/www.bellunopress.it\/fr\/2026\/01\/31\/il-comune-di-belluno-aderisce-alla-giornata-delle-vittime-civili-delle-guerre\/\" \/>\n<meta property=\"og:site_name\" content=\"Bellunopress - Dolomiti\" \/>\n<meta property=\"article:publisher\" content=\"https:\/\/www.facebook.com\/profile.php?id=100008943462799\" \/>\n<meta property=\"article:published_time\" content=\"2026-01-31T14:49:58+00:00\" \/>\n<meta property=\"og:image\" content=\"https:\/\/www.bellunopress.it\/wp-content\/uploads\/2026\/01\/stop-bombe-giornata-vittime-civili.jpg\" \/>\n\t<meta property=\"og:image:width\" content=\"600\" \/>\n\t<meta property=\"og:image:height\" content=\"337\" \/>\n\t<meta property=\"og:image:type\" content=\"image\/jpeg\" \/>\n<meta name=\"author\" content=\"redazione\" \/>\n<meta name=\"twitter:card\" content=\"summary_large_image\" \/>\n<meta name=\"twitter:creator\" content=\"@bellunopress\" \/>\n<meta name=\"twitter:site\" content=\"@bellunopress\" \/>\n<meta name=\"twitter:label1\" content=\"\u00c9crit par\" \/>\n\t<meta name=\"twitter:data1\" content=\"redazione\" \/>\n\t<meta name=\"twitter:label2\" content=\"Dur\u00e9e de lecture estim\u00e9e\" \/>\n\t<meta name=\"twitter:data2\" content=\"2 minutes\" \/>\n<script type=\"application\/ld+json\" class=\"yoast-schema-graph\">{\"@context\":\"https:\\\/\\\/schema.org\",\"@graph\":[{\"@type\":\"Article\",\"@id\":\"https:\\\/\\\/www.bellunopress.it\\\/2026\\\/01\\\/31\\\/il-comune-di-belluno-aderisce-alla-giornata-delle-vittime-civili-delle-guerre\\\/#article\",\"isPartOf\":{\"@id\":\"https:\\\/\\\/www.bellunopress.it\\\/2026\\\/01\\\/31\\\/il-comune-di-belluno-aderisce-alla-giornata-delle-vittime-civili-delle-guerre\\\/\"},\"author\":{\"name\":\"redazione\",\"@id\":\"https:\\\/\\\/www.bellunopress.it\\\/#\\\/schema\\\/person\\\/79bb06722b37ece1c03d3e94beb30d73\"},\"headline\":\"Il Comune di Belluno aderisce alla Giornata delle Vittime Civili delle Guerre\",\"datePublished\":\"2026-01-31T14:49:58+00:00\",\"mainEntityOfPage\":{\"@id\":\"https:\\\/\\\/www.bellunopress.it\\\/2026\\\/01\\\/31\\\/il-comune-di-belluno-aderisce-alla-giornata-delle-vittime-civili-delle-guerre\\\/\"},\"wordCount\":426,\"publisher\":{\"@id\":\"https:\\\/\\\/www.bellunopress.it\\\/#organization\"},\"image\":{\"@id\":\"https:\\\/\\\/www.bellunopress.it\\\/2026\\\/01\\\/31\\\/il-comune-di-belluno-aderisce-alla-giornata-delle-vittime-civili-delle-guerre\\\/#primaryimage\"},\"thumbnailUrl\":\"https:\\\/\\\/www.bellunopress.it\\\/wp-content\\\/uploads\\\/2026\\\/01\\\/stop-bombe-giornata-vittime-civili.jpg\",\"articleSection\":[\"Societ\u00e0, Associazioni, Istituzioni\"],\"inLanguage\":\"fr-FR\"},{\"@type\":\"WebPage\",\"@id\":\"https:\\\/\\\/www.bellunopress.it\\\/2026\\\/01\\\/31\\\/il-comune-di-belluno-aderisce-alla-giornata-delle-vittime-civili-delle-guerre\\\/\",\"url\":\"https:\\\/\\\/www.bellunopress.it\\\/2026\\\/01\\\/31\\\/il-comune-di-belluno-aderisce-alla-giornata-delle-vittime-civili-delle-guerre\\\/\",\"name\":\"Il Comune di Belluno aderisce alla Giornata delle Vittime Civili delle Guerre - Bellunopress - Dolomiti\",\"isPartOf\":{\"@id\":\"https:\\\/\\\/www.bellunopress.it\\\/#website\"},\"primaryImageOfPage\":{\"@id\":\"https:\\\/\\\/www.bellunopress.it\\\/2026\\\/01\\\/31\\\/il-comune-di-belluno-aderisce-alla-giornata-delle-vittime-civili-delle-guerre\\\/#primaryimage\"},\"image\":{\"@id\":\"https:\\\/\\\/www.bellunopress.it\\\/2026\\\/01\\\/31\\\/il-comune-di-belluno-aderisce-alla-giornata-delle-vittime-civili-delle-guerre\\\/#primaryimage\"},\"thumbnailUrl\":\"https:\\\/\\\/www.bellunopress.it\\\/wp-content\\\/uploads\\\/2026\\\/01\\\/stop-bombe-giornata-vittime-civili.jpg\",\"datePublished\":\"2026-01-31T14:49:58+00:00\",\"breadcrumb\":{\"@id\":\"https:\\\/\\\/www.bellunopress.it\\\/2026\\\/01\\\/31\\\/il-comune-di-belluno-aderisce-alla-giornata-delle-vittime-civili-delle-guerre\\\/#breadcrumb\"},\"inLanguage\":\"fr-FR\",\"potentialAction\":[{\"@type\":\"ReadAction\",\"target\":[\"https:\\\/\\\/www.bellunopress.it\\\/2026\\\/01\\\/31\\\/il-comune-di-belluno-aderisce-alla-giornata-delle-vittime-civili-delle-guerre\\\/\"]}]},{\"@type\":\"ImageObject\",\"inLanguage\":\"fr-FR\",\"@id\":\"https:\\\/\\\/www.bellunopress.it\\\/2026\\\/01\\\/31\\\/il-comune-di-belluno-aderisce-alla-giornata-delle-vittime-civili-delle-guerre\\\/#primaryimage\",\"url\":\"https:\\\/\\\/www.bellunopress.it\\\/wp-content\\\/uploads\\\/2026\\\/01\\\/stop-bombe-giornata-vittime-civili.jpg\",\"contentUrl\":\"https:\\\/\\\/www.bellunopress.it\\\/wp-content\\\/uploads\\\/2026\\\/01\\\/stop-bombe-giornata-vittime-civili.jpg\",\"width\":600,\"height\":337},{\"@type\":\"BreadcrumbList\",\"@id\":\"https:\\\/\\\/www.bellunopress.it\\\/2026\\\/01\\\/31\\\/il-comune-di-belluno-aderisce-alla-giornata-delle-vittime-civili-delle-guerre\\\/#breadcrumb\",\"itemListElement\":[{\"@type\":\"ListItem\",\"position\":1,\"name\":\"Home\",\"item\":\"https:\\\/\\\/www.bellunopress.it\\\/\"},{\"@type\":\"ListItem\",\"position\":2,\"name\":\"Il Comune di Belluno aderisce alla Giornata delle Vittime Civili delle Guerre\"}]},{\"@type\":\"WebSite\",\"@id\":\"https:\\\/\\\/www.bellunopress.it\\\/#website\",\"url\":\"https:\\\/\\\/www.bellunopress.it\\\/\",\"name\":\"Bellunopress - Dolomiti\",\"description\":\"e-mail: redazione@bellunopress.it\",\"publisher\":{\"@id\":\"https:\\\/\\\/www.bellunopress.it\\\/#organization\"},\"potentialAction\":[{\"@type\":\"SearchAction\",\"target\":{\"@type\":\"EntryPoint\",\"urlTemplate\":\"https:\\\/\\\/www.bellunopress.it\\\/?s={search_term_string}\"},\"query-input\":{\"@type\":\"PropertyValueSpecification\",\"valueRequired\":true,\"valueName\":\"search_term_string\"}}],\"inLanguage\":\"fr-FR\"},{\"@type\":\"Organization\",\"@id\":\"https:\\\/\\\/www.bellunopress.it\\\/#organization\",\"name\":\"Bellunopress\",\"url\":\"https:\\\/\\\/www.bellunopress.it\\\/\",\"logo\":{\"@type\":\"ImageObject\",\"inLanguage\":\"fr-FR\",\"@id\":\"https:\\\/\\\/www.bellunopress.it\\\/#\\\/schema\\\/logo\\\/image\\\/\",\"url\":\"https:\\\/\\\/www.bellunopress.it\\\/wp-content\\\/uploads\\\/2011\\\/05\\\/cropped-logo-bellunopress-.jpg\",\"contentUrl\":\"https:\\\/\\\/www.bellunopress.it\\\/wp-content\\\/uploads\\\/2011\\\/05\\\/cropped-logo-bellunopress-.jpg\",\"width\":512,\"height\":512,\"caption\":\"Bellunopress\"},\"image\":{\"@id\":\"https:\\\/\\\/www.bellunopress.it\\\/#\\\/schema\\\/logo\\\/image\\\/\"},\"sameAs\":[\"https:\\\/\\\/www.facebook.com\\\/profile.php?id=100008943462799\",\"https:\\\/\\\/x.com\\\/bellunopress\",\"https:\\\/\\\/www.linkedin.com\\\/hp\\\/?dnr=JBzUWaJfMUw8vbXJJ2tVW5-I3jZKvC4wsoxE&amp;amp;amp;amp;amp;amp;trk=nav_responsive_tab_home\",\"https:\\\/\\\/www.youtube.com\\\/channel\\\/UCxL0wu1uN0_3_7hGG0306cw\"]},{\"@type\":\"Person\",\"@id\":\"https:\\\/\\\/www.bellunopress.it\\\/#\\\/schema\\\/person\\\/79bb06722b37ece1c03d3e94beb30d73\",\"name\":\"redazione\",\"image\":{\"@type\":\"ImageObject\",\"inLanguage\":\"fr-FR\",\"@id\":\"https:\\\/\\\/secure.gravatar.com\\\/avatar\\\/37d968a2e67a6fd04c169c4bdef102d0bc5d31b2546345219e348575eb80e9a0?s=96&d=mm&r=g\",\"url\":\"https:\\\/\\\/secure.gravatar.com\\\/avatar\\\/37d968a2e67a6fd04c169c4bdef102d0bc5d31b2546345219e348575eb80e9a0?s=96&d=mm&r=g\",\"contentUrl\":\"https:\\\/\\\/secure.gravatar.com\\\/avatar\\\/37d968a2e67a6fd04c169c4bdef102d0bc5d31b2546345219e348575eb80e9a0?s=96&d=mm&r=g\",\"caption\":\"redazione\"},\"sameAs\":[\"http:\\\/\\\/www.bellunopress.it\",\"https:\\\/\\\/x.com\\\/bellunopress\"],\"url\":\"https:\\\/\\\/www.bellunopress.it\\\/fr\\\/author\\\/redazione\\\/\"}]}<\/script>\n<!-- \/ Yoast SEO plugin. -->","yoast_head_json":{"title":"Il Comune di Belluno aderisce alla Giornata delle Vittime Civili delle Guerre - Bellunopress - Dolomiti","robots":{"index":"index","follow":"follow","max-snippet":"max-snippet:-1","max-image-preview":"max-image-preview:large","max-video-preview":"max-video-preview:-1"},"canonical":"https:\/\/www.bellunopress.it\/fr\/2026\/01\/31\/il-comune-di-belluno-aderisce-alla-giornata-delle-vittime-civili-delle-guerre\/","og_locale":"fr_FR","og_type":"article","og_title":"Il Comune di Belluno aderisce alla Giornata delle Vittime Civili delle Guerre - Bellunopress - Dolomiti","og_description":"Il 1\u00b0 febbraio istituzioni e Comuni di tutta Italia si uniscono per dire: \u201cStop alle bombe sui civili\u201d. Anche il Comune di Belluno partecipa alla Giornata Nazionale delle Vittime Civili delle Guerre e dei Conflitti nel Mondo, celebrata ogni anno il 1\u00b0 febbraio per mantenere viva la memoria dei conflitti del passato e richiamare l\u2019attenzione [&hellip;]","og_url":"https:\/\/www.bellunopress.it\/fr\/2026\/01\/31\/il-comune-di-belluno-aderisce-alla-giornata-delle-vittime-civili-delle-guerre\/","og_site_name":"Bellunopress - Dolomiti","article_publisher":"https:\/\/www.facebook.com\/profile.php?id=100008943462799","article_published_time":"2026-01-31T14:49:58+00:00","og_image":[{"width":600,"height":337,"url":"https:\/\/www.bellunopress.it\/wp-content\/uploads\/2026\/01\/stop-bombe-giornata-vittime-civili.jpg","type":"image\/jpeg"}],"author":"redazione","twitter_card":"summary_large_image","twitter_creator":"@bellunopress","twitter_site":"@bellunopress","twitter_misc":{"\u00c9crit par":"redazione","Dur\u00e9e de lecture estim\u00e9e":"2 minutes"},"schema":{"@context":"https:\/\/schema.org","@graph":[{"@type":"Article","@id":"https:\/\/www.bellunopress.it\/2026\/01\/31\/il-comune-di-belluno-aderisce-alla-giornata-delle-vittime-civili-delle-guerre\/#article","isPartOf":{"@id":"https:\/\/www.bellunopress.it\/2026\/01\/31\/il-comune-di-belluno-aderisce-alla-giornata-delle-vittime-civili-delle-guerre\/"},"author":{"name":"redazione","@id":"https:\/\/www.bellunopress.it\/#\/schema\/person\/79bb06722b37ece1c03d3e94beb30d73"},"headline":"Il Comune di Belluno aderisce alla Giornata delle Vittime Civili delle Guerre","datePublished":"2026-01-31T14:49:58+00:00","mainEntityOfPage":{"@id":"https:\/\/www.bellunopress.it\/2026\/01\/31\/il-comune-di-belluno-aderisce-alla-giornata-delle-vittime-civili-delle-guerre\/"},"wordCount":426,"publisher":{"@id":"https:\/\/www.bellunopress.it\/#organization"},"image":{"@id":"https:\/\/www.bellunopress.it\/2026\/01\/31\/il-comune-di-belluno-aderisce-alla-giornata-delle-vittime-civili-delle-guerre\/#primaryimage"},"thumbnailUrl":"https:\/\/www.bellunopress.it\/wp-content\/uploads\/2026\/01\/stop-bombe-giornata-vittime-civili.jpg","articleSection":["Societ\u00e0, Associazioni, Istituzioni"],"inLanguage":"fr-FR"},{"@type":"WebPage","@id":"https:\/\/www.bellunopress.it\/2026\/01\/31\/il-comune-di-belluno-aderisce-alla-giornata-delle-vittime-civili-delle-guerre\/","url":"https:\/\/www.bellunopress.it\/2026\/01\/31\/il-comune-di-belluno-aderisce-alla-giornata-delle-vittime-civili-delle-guerre\/","name":"Il Comune di Belluno aderisce alla Giornata delle Vittime Civili delle Guerre - Bellunopress - Dolomiti","isPartOf":{"@id":"https:\/\/www.bellunopress.it\/#website"},"primaryImageOfPage":{"@id":"https:\/\/www.bellunopress.it\/2026\/01\/31\/il-comune-di-belluno-aderisce-alla-giornata-delle-vittime-civili-delle-guerre\/#primaryimage"},"image":{"@id":"https:\/\/www.bellunopress.it\/2026\/01\/31\/il-comune-di-belluno-aderisce-alla-giornata-delle-vittime-civili-delle-guerre\/#primaryimage"},"thumbnailUrl":"https:\/\/www.bellunopress.it\/wp-content\/uploads\/2026\/01\/stop-bombe-giornata-vittime-civili.jpg","datePublished":"2026-01-31T14:49:58+00:00","breadcrumb":{"@id":"https:\/\/www.bellunopress.it\/2026\/01\/31\/il-comune-di-belluno-aderisce-alla-giornata-delle-vittime-civili-delle-guerre\/#breadcrumb"},"inLanguage":"fr-FR","potentialAction":[{"@type":"ReadAction","target":["https:\/\/www.bellunopress.it\/2026\/01\/31\/il-comune-di-belluno-aderisce-alla-giornata-delle-vittime-civili-delle-guerre\/"]}]},{"@type":"ImageObject","inLanguage":"fr-FR","@id":"https:\/\/www.bellunopress.it\/2026\/01\/31\/il-comune-di-belluno-aderisce-alla-giornata-delle-vittime-civili-delle-guerre\/#primaryimage","url":"https:\/\/www.bellunopress.it\/wp-content\/uploads\/2026\/01\/stop-bombe-giornata-vittime-civili.jpg","contentUrl":"https:\/\/www.bellunopress.it\/wp-content\/uploads\/2026\/01\/stop-bombe-giornata-vittime-civili.jpg","width":600,"height":337},{"@type":"BreadcrumbList","@id":"https:\/\/www.bellunopress.it\/2026\/01\/31\/il-comune-di-belluno-aderisce-alla-giornata-delle-vittime-civili-delle-guerre\/#breadcrumb","itemListElement":[{"@type":"ListItem","position":1,"name":"Home","item":"https:\/\/www.bellunopress.it\/"},{"@type":"ListItem","position":2,"name":"Il Comune di Belluno aderisce alla Giornata delle Vittime Civili delle Guerre"}]},{"@type":"WebSite","@id":"https:\/\/www.bellunopress.it\/#website","url":"https:\/\/www.bellunopress.it\/","name":"Bellunopress - Dolomiti","description":"e-mail: redazione@bellunopress.it","publisher":{"@id":"https:\/\/www.bellunopress.it\/#organization"},"potentialAction":[{"@type":"SearchAction","target":{"@type":"EntryPoint","urlTemplate":"https:\/\/www.bellunopress.it\/?s={search_term_string}"},"query-input":{"@type":"PropertyValueSpecification","valueRequired":true,"valueName":"search_term_string"}}],"inLanguage":"fr-FR"},{"@type":"Organization","@id":"https:\/\/www.bellunopress.it\/#organization","name":"Bellunopress","url":"https:\/\/www.bellunopress.it\/","logo":{"@type":"ImageObject","inLanguage":"fr-FR","@id":"https:\/\/www.bellunopress.it\/#\/schema\/logo\/image\/","url":"https:\/\/www.bellunopress.it\/wp-content\/uploads\/2011\/05\/cropped-logo-bellunopress-.jpg","contentUrl":"https:\/\/www.bellunopress.it\/wp-content\/uploads\/2011\/05\/cropped-logo-bellunopress-.jpg","width":512,"height":512,"caption":"Bellunopress"},"image":{"@id":"https:\/\/www.bellunopress.it\/#\/schema\/logo\/image\/"},"sameAs":["https:\/\/www.facebook.com\/profile.php?id=100008943462799","https:\/\/x.com\/bellunopress","https:\/\/www.linkedin.com\/hp\/?dnr=JBzUWaJfMUw8vbXJJ2tVW5-I3jZKvC4wsoxE&amp;amp;amp;amp;amp;amp;trk=nav_responsive_tab_home","https:\/\/www.youtube.com\/channel\/UCxL0wu1uN0_3_7hGG0306cw"]},{"@type":"Person","@id":"https:\/\/www.bellunopress.it\/#\/schema\/person\/79bb06722b37ece1c03d3e94beb30d73","name":"r\u00e9daction","image":{"@type":"ImageObject","inLanguage":"fr-FR","@id":"https:\/\/secure.gravatar.com\/avatar\/37d968a2e67a6fd04c169c4bdef102d0bc5d31b2546345219e348575eb80e9a0?s=96&d=mm&r=g","url":"https:\/\/secure.gravatar.com\/avatar\/37d968a2e67a6fd04c169c4bdef102d0bc5d31b2546345219e348575eb80e9a0?s=96&d=mm&r=g","contentUrl":"https:\/\/secure.gravatar.com\/avatar\/37d968a2e67a6fd04c169c4bdef102d0bc5d31b2546345219e348575eb80e9a0?s=96&d=mm&r=g","caption":"redazione"},"sameAs":["http:\/\/www.bellunopress.it","https:\/\/x.com\/bellunopress"],"url":"https:\/\/www.bellunopress.it\/fr\/author\/redazione\/"}]}},"_links":{"self":[{"href":"https:\/\/www.bellunopress.it\/fr\/wp-json\/wp\/v2\/posts\/167014","targetHints":{"allow":["GET"]}}],"collection":[{"href":"https:\/\/www.bellunopress.it\/fr\/wp-json\/wp\/v2\/posts"}],"about":[{"href":"https:\/\/www.bellunopress.it\/fr\/wp-json\/wp\/v2\/types\/post"}],"author":[{"embeddable":true,"href":"https:\/\/www.bellunopress.it\/fr\/wp-json\/wp\/v2\/users\/2"}],"replies":[{"embeddable":true,"href":"https:\/\/www.bellunopress.it\/fr\/wp-json\/wp\/v2\/comments?post=167014"}],"version-history":[{"count":1,"href":"https:\/\/www.bellunopress.it\/fr\/wp-json\/wp\/v2\/posts\/167014\/revisions"}],"predecessor-version":[{"id":167016,"href":"https:\/\/www.bellunopress.it\/fr\/wp-json\/wp\/v2\/posts\/167014\/revisions\/167016"}],"wp:featuredmedia":[{"embeddable":true,"href":"https:\/\/www.bellunopress.it\/fr\/wp-json\/wp\/v2\/media\/167015"}],"wp:attachment":[{"href":"https:\/\/www.bellunopress.it\/fr\/wp-json\/wp\/v2\/media?parent=167014"}],"wp:term":[{"taxonomy":"category","embeddable":true,"href":"https:\/\/www.bellunopress.it\/fr\/wp-json\/wp\/v2\/categories?post=167014"},{"taxonomy":"post_tag","embeddable":true,"href":"https:\/\/www.bellunopress.it\/fr\/wp-json\/wp\/v2\/tags?post=167014"}],"curies":[{"name":"wp","href":"https:\/\/api.w.org\/{rel}","templated":true}]}}