{"id":167012,"date":"2026-01-31T15:29:46","date_gmt":"2026-01-31T14:29:46","guid":{"rendered":"https:\/\/www.bellunopress.it\/?p=167012"},"modified":"2026-01-31T15:29:46","modified_gmt":"2026-01-31T14:29:46","slug":"incendio-alla-cabina-elettrica-allhydro-di-feltre","status":"publish","type":"post","link":"https:\/\/www.bellunopress.it\/fr\/2026\/01\/31\/incendio-alla-cabina-elettrica-allhydro-di-feltre\/","title":{"rendered":"Incendio alla cabina elettrica all&#8217;Hydro di Feltre"},"content":{"rendered":"<p><strong>FIM CISL e FIOM CGIL: &#8220;Situazione inaccettabile. L&#8217;azienda si assuma subito le proprie responsabilit\u00e0&#8221;<\/strong><\/p>\n<p>Le segreterie territoriali di FIM CISL e FIOM CGIL intervengono congiuntamente a seguito dell&#8217;incendio che nella serata di ieri ha interessato il dissipatore della cabina elettrica dello stabilimento Hydro di Feltre. Solo per puro caso l&#8217;episodio non ha avuto conseguenze per le lavoratrici e i lavoratori. Un fatto grave, che conferma quanto da tempo denunciamo: la sicurezza e l&#8217;affidabilit\u00e0 degli impianti non sono pi\u00f9 garantite.<\/p>\n<p>Da mesi, in ogni sede di confronto, le organizzazioni sindacali chiedono con forza un piano serio e strutturato di manutenzione. Le risposte dell&#8217;azienda sono state vaghe, rinviate o del tutto assenti. L&#8217;incendio di ieri rappresenta l&#8217;ennesimo campanello d&#8217;allarme ignorato, la prova concreta di una gestione superficiale e irresponsabile degli impianti.<\/p>\n<p>Continuare a rimandare interventi indispensabili significa esporre lavoratori e stabilimento a rischi sempre maggiori, compromettendo la continuit\u00e0 produttiva e la sicurezza.<\/p>\n<p>A rendere ancora pi\u00f9 critica la situazione \u00e8 il progressivo impoverimento delle competenze tecniche interne. L&#8217;allontanamento di figure storiche, con esperienza e conoscenza profonda degli impianti, non \u00e8 un fatto neutro ma una precisa scelta aziendale che sta indebolendo la capacit\u00e0 di prevenzione e gestione delle emergenze. Questo smantellamento del patrimonio professionale rende il sito di Feltre sempre pi\u00f9 fragile e vulnerabile.<\/p>\n<p>Basta ambiguit\u00e0: serve chiarezza sul futuro dello stabilimento<\/p>\n<p>Maurizio Zuglian (FIM CISL) e Stefano Bona (FIOM CGIL) dichiarano con fermezza:<\/p>\n<p>&#8220;Hydro non pu\u00f2 continuare a giocare sull&#8217;ambiguit\u00e0. Se l&#8217;azienda non intende pi\u00f9 investire seriamente nella sicurezza, nella manutenzione e nel futuro industriale dello stabilimento di Feltre, lo dica apertamente. In caso contrario, si assuma immediatamente le proprie responsabilit\u00e0. Non accetteremo che l&#8217;inerzia aziendale blocchi ogni possibilit\u00e0 di rilancio: se esistono altri soggetti industriali realmente interessati a investire su questo sito e sui suoi lavoratori, Hydro non deve ostacolarli.&#8221;<\/p>\n<p>Le segreterie di FIM CISL e FIOM CGIL attendono la convocazione dell&#8217;11 febbraio al Ministero pretendendo risposte chiare e impegni vincolanti su: un piano di manutenzione straordinaria immediato, investimenti certi e verificabili, una strategia industriale credibile di medio-lungo periodo. L&#8217;11 febbraio al Ministero servono risposte, non promesse: senza queste garanzie, ogni confronto sar\u00e0 inutile e la responsabilit\u00e0 di quanto accadr\u00e0 ricadr\u00e0 esclusivamente sull&#8217;azienda.<\/p>\n<p>&nbsp;<\/p>","protected":false},"excerpt":{"rendered":"<p>FIM CISL e FIOM CGIL: &#8220;Situazione inaccettabile. L&#8217;azienda si assuma subito le proprie responsabilit\u00e0&#8221; Le segreterie territoriali di FIM CISL e FIOM CGIL intervengono congiuntamente a seguito dell&#8217;incendio che nella serata di ieri ha interessato il dissipatore della cabina elettrica dello stabilimento Hydro di Feltre. Solo per puro caso l&#8217;episodio non ha avuto conseguenze per [&hellip;]<\/p>\n","protected":false},"author":2,"featured_media":156196,"comment_status":"closed","ping_status":"open","sticky":false,"template":"","format":"standard","meta":{"footnotes":""},"categories":[5],"tags":[],"class_list":["post-167012","post","type-post","status-publish","format-standard","has-post-thumbnail","category-cronaca"],"yoast_head":"<!-- This site is optimized with the Yoast SEO plugin v28.4 - https:\/\/yoast.com\/product\/yoast-seo-wordpress\/ -->\n<title>Incendio alla cabina elettrica all&#039;Hydro di Feltre - Bellunopress - Dolomiti<\/title>\n<meta name=\"robots\" content=\"index, follow, max-snippet:-1, max-image-preview:large, max-video-preview:-1\" \/>\n<link rel=\"canonical\" href=\"https:\/\/www.bellunopress.it\/fr\/2026\/01\/31\/incendio-alla-cabina-elettrica-allhydro-di-feltre\/\" \/>\n<meta property=\"og:locale\" content=\"fr_FR\" \/>\n<meta property=\"og:type\" content=\"article\" \/>\n<meta property=\"og:title\" content=\"Incendio alla cabina elettrica all&#039;Hydro di Feltre - Bellunopress - Dolomiti\" \/>\n<meta property=\"og:description\" content=\"FIM CISL e FIOM CGIL: &#8220;Situazione inaccettabile. L&#8217;azienda si assuma subito le proprie responsabilit\u00e0&#8221; Le segreterie territoriali di FIM CISL e FIOM CGIL intervengono congiuntamente a seguito dell&#8217;incendio che nella serata di ieri ha interessato il dissipatore della cabina elettrica dello stabilimento Hydro di Feltre. Solo per puro caso l&#8217;episodio non ha avuto conseguenze per [&hellip;]\" \/>\n<meta property=\"og:url\" content=\"https:\/\/www.bellunopress.it\/fr\/2026\/01\/31\/incendio-alla-cabina-elettrica-allhydro-di-feltre\/\" \/>\n<meta property=\"og:site_name\" content=\"Bellunopress - Dolomiti\" \/>\n<meta property=\"article:publisher\" content=\"https:\/\/www.facebook.com\/profile.php?id=100008943462799\" \/>\n<meta property=\"article:published_time\" content=\"2026-01-31T14:29:46+00:00\" \/>\n<meta property=\"og:image\" content=\"https:\/\/www.bellunopress.it\/wp-content\/uploads\/2024\/12\/Fiom-Cgil.jpg\" \/>\n\t<meta property=\"og:image:width\" content=\"953\" \/>\n\t<meta property=\"og:image:height\" content=\"277\" \/>\n\t<meta property=\"og:image:type\" content=\"image\/jpeg\" \/>\n<meta name=\"author\" content=\"redazione\" \/>\n<meta name=\"twitter:card\" content=\"summary_large_image\" \/>\n<meta name=\"twitter:creator\" content=\"@bellunopress\" \/>\n<meta name=\"twitter:site\" content=\"@bellunopress\" \/>\n<meta name=\"twitter:label1\" content=\"\u00c9crit par\" \/>\n\t<meta name=\"twitter:data1\" content=\"redazione\" \/>\n\t<meta name=\"twitter:label2\" content=\"Dur\u00e9e de lecture estim\u00e9e\" \/>\n\t<meta name=\"twitter:data2\" content=\"2 minutes\" \/>\n<script type=\"application\/ld+json\" class=\"yoast-schema-graph\">{\"@context\":\"https:\\\/\\\/schema.org\",\"@graph\":[{\"@type\":\"Article\",\"@id\":\"https:\\\/\\\/www.bellunopress.it\\\/2026\\\/01\\\/31\\\/incendio-alla-cabina-elettrica-allhydro-di-feltre\\\/#article\",\"isPartOf\":{\"@id\":\"https:\\\/\\\/www.bellunopress.it\\\/2026\\\/01\\\/31\\\/incendio-alla-cabina-elettrica-allhydro-di-feltre\\\/\"},\"author\":{\"name\":\"redazione\",\"@id\":\"https:\\\/\\\/www.bellunopress.it\\\/#\\\/schema\\\/person\\\/79bb06722b37ece1c03d3e94beb30d73\"},\"headline\":\"Incendio alla cabina elettrica all&#8217;Hydro di Feltre\",\"datePublished\":\"2026-01-31T14:29:46+00:00\",\"mainEntityOfPage\":{\"@id\":\"https:\\\/\\\/www.bellunopress.it\\\/2026\\\/01\\\/31\\\/incendio-alla-cabina-elettrica-allhydro-di-feltre\\\/\"},\"wordCount\":383,\"publisher\":{\"@id\":\"https:\\\/\\\/www.bellunopress.it\\\/#organization\"},\"image\":{\"@id\":\"https:\\\/\\\/www.bellunopress.it\\\/2026\\\/01\\\/31\\\/incendio-alla-cabina-elettrica-allhydro-di-feltre\\\/#primaryimage\"},\"thumbnailUrl\":\"https:\\\/\\\/www.bellunopress.it\\\/wp-content\\\/uploads\\\/2024\\\/12\\\/Fiom-Cgil.jpg\",\"articleSection\":[\"Cronaca\\\/Politica\"],\"inLanguage\":\"fr-FR\"},{\"@type\":\"WebPage\",\"@id\":\"https:\\\/\\\/www.bellunopress.it\\\/2026\\\/01\\\/31\\\/incendio-alla-cabina-elettrica-allhydro-di-feltre\\\/\",\"url\":\"https:\\\/\\\/www.bellunopress.it\\\/2026\\\/01\\\/31\\\/incendio-alla-cabina-elettrica-allhydro-di-feltre\\\/\",\"name\":\"Incendio alla cabina elettrica all'Hydro di Feltre - Bellunopress - Dolomiti\",\"isPartOf\":{\"@id\":\"https:\\\/\\\/www.bellunopress.it\\\/#website\"},\"primaryImageOfPage\":{\"@id\":\"https:\\\/\\\/www.bellunopress.it\\\/2026\\\/01\\\/31\\\/incendio-alla-cabina-elettrica-allhydro-di-feltre\\\/#primaryimage\"},\"image\":{\"@id\":\"https:\\\/\\\/www.bellunopress.it\\\/2026\\\/01\\\/31\\\/incendio-alla-cabina-elettrica-allhydro-di-feltre\\\/#primaryimage\"},\"thumbnailUrl\":\"https:\\\/\\\/www.bellunopress.it\\\/wp-content\\\/uploads\\\/2024\\\/12\\\/Fiom-Cgil.jpg\",\"datePublished\":\"2026-01-31T14:29:46+00:00\",\"breadcrumb\":{\"@id\":\"https:\\\/\\\/www.bellunopress.it\\\/2026\\\/01\\\/31\\\/incendio-alla-cabina-elettrica-allhydro-di-feltre\\\/#breadcrumb\"},\"inLanguage\":\"fr-FR\",\"potentialAction\":[{\"@type\":\"ReadAction\",\"target\":[\"https:\\\/\\\/www.bellunopress.it\\\/2026\\\/01\\\/31\\\/incendio-alla-cabina-elettrica-allhydro-di-feltre\\\/\"]}]},{\"@type\":\"ImageObject\",\"inLanguage\":\"fr-FR\",\"@id\":\"https:\\\/\\\/www.bellunopress.it\\\/2026\\\/01\\\/31\\\/incendio-alla-cabina-elettrica-allhydro-di-feltre\\\/#primaryimage\",\"url\":\"https:\\\/\\\/www.bellunopress.it\\\/wp-content\\\/uploads\\\/2024\\\/12\\\/Fiom-Cgil.jpg\",\"contentUrl\":\"https:\\\/\\\/www.bellunopress.it\\\/wp-content\\\/uploads\\\/2024\\\/12\\\/Fiom-Cgil.jpg\",\"width\":953,\"height\":277},{\"@type\":\"BreadcrumbList\",\"@id\":\"https:\\\/\\\/www.bellunopress.it\\\/2026\\\/01\\\/31\\\/incendio-alla-cabina-elettrica-allhydro-di-feltre\\\/#breadcrumb\",\"itemListElement\":[{\"@type\":\"ListItem\",\"position\":1,\"name\":\"Home\",\"item\":\"https:\\\/\\\/www.bellunopress.it\\\/\"},{\"@type\":\"ListItem\",\"position\":2,\"name\":\"Incendio alla cabina elettrica all&#8217;Hydro di Feltre\"}]},{\"@type\":\"WebSite\",\"@id\":\"https:\\\/\\\/www.bellunopress.it\\\/#website\",\"url\":\"https:\\\/\\\/www.bellunopress.it\\\/\",\"name\":\"Bellunopress - Dolomiti\",\"description\":\"e-mail: redazione@bellunopress.it\",\"publisher\":{\"@id\":\"https:\\\/\\\/www.bellunopress.it\\\/#organization\"},\"potentialAction\":[{\"@type\":\"SearchAction\",\"target\":{\"@type\":\"EntryPoint\",\"urlTemplate\":\"https:\\\/\\\/www.bellunopress.it\\\/?s={search_term_string}\"},\"query-input\":{\"@type\":\"PropertyValueSpecification\",\"valueRequired\":true,\"valueName\":\"search_term_string\"}}],\"inLanguage\":\"fr-FR\"},{\"@type\":\"Organization\",\"@id\":\"https:\\\/\\\/www.bellunopress.it\\\/#organization\",\"name\":\"Bellunopress\",\"url\":\"https:\\\/\\\/www.bellunopress.it\\\/\",\"logo\":{\"@type\":\"ImageObject\",\"inLanguage\":\"fr-FR\",\"@id\":\"https:\\\/\\\/www.bellunopress.it\\\/#\\\/schema\\\/logo\\\/image\\\/\",\"url\":\"https:\\\/\\\/www.bellunopress.it\\\/wp-content\\\/uploads\\\/2011\\\/05\\\/cropped-logo-bellunopress-.jpg\",\"contentUrl\":\"https:\\\/\\\/www.bellunopress.it\\\/wp-content\\\/uploads\\\/2011\\\/05\\\/cropped-logo-bellunopress-.jpg\",\"width\":512,\"height\":512,\"caption\":\"Bellunopress\"},\"image\":{\"@id\":\"https:\\\/\\\/www.bellunopress.it\\\/#\\\/schema\\\/logo\\\/image\\\/\"},\"sameAs\":[\"https:\\\/\\\/www.facebook.com\\\/profile.php?id=100008943462799\",\"https:\\\/\\\/x.com\\\/bellunopress\",\"https:\\\/\\\/www.linkedin.com\\\/hp\\\/?dnr=JBzUWaJfMUw8vbXJJ2tVW5-I3jZKvC4wsoxE&amp;amp;amp;amp;amp;amp;trk=nav_responsive_tab_home\",\"https:\\\/\\\/www.youtube.com\\\/channel\\\/UCxL0wu1uN0_3_7hGG0306cw\"]},{\"@type\":\"Person\",\"@id\":\"https:\\\/\\\/www.bellunopress.it\\\/#\\\/schema\\\/person\\\/79bb06722b37ece1c03d3e94beb30d73\",\"name\":\"redazione\",\"image\":{\"@type\":\"ImageObject\",\"inLanguage\":\"fr-FR\",\"@id\":\"https:\\\/\\\/secure.gravatar.com\\\/avatar\\\/37d968a2e67a6fd04c169c4bdef102d0bc5d31b2546345219e348575eb80e9a0?s=96&d=mm&r=g\",\"url\":\"https:\\\/\\\/secure.gravatar.com\\\/avatar\\\/37d968a2e67a6fd04c169c4bdef102d0bc5d31b2546345219e348575eb80e9a0?s=96&d=mm&r=g\",\"contentUrl\":\"https:\\\/\\\/secure.gravatar.com\\\/avatar\\\/37d968a2e67a6fd04c169c4bdef102d0bc5d31b2546345219e348575eb80e9a0?s=96&d=mm&r=g\",\"caption\":\"redazione\"},\"sameAs\":[\"http:\\\/\\\/www.bellunopress.it\",\"https:\\\/\\\/x.com\\\/bellunopress\"],\"url\":\"https:\\\/\\\/www.bellunopress.it\\\/fr\\\/author\\\/redazione\\\/\"}]}<\/script>\n<!-- \/ Yoast SEO plugin. -->","yoast_head_json":{"title":"Incendio alla cabina elettrica all'Hydro di Feltre - Bellunopress - Dolomiti","robots":{"index":"index","follow":"follow","max-snippet":"max-snippet:-1","max-image-preview":"max-image-preview:large","max-video-preview":"max-video-preview:-1"},"canonical":"https:\/\/www.bellunopress.it\/fr\/2026\/01\/31\/incendio-alla-cabina-elettrica-allhydro-di-feltre\/","og_locale":"fr_FR","og_type":"article","og_title":"Incendio alla cabina elettrica all'Hydro di Feltre - Bellunopress - Dolomiti","og_description":"FIM CISL e FIOM CGIL: &#8220;Situazione inaccettabile. L&#8217;azienda si assuma subito le proprie responsabilit\u00e0&#8221; Le segreterie territoriali di FIM CISL e FIOM CGIL intervengono congiuntamente a seguito dell&#8217;incendio che nella serata di ieri ha interessato il dissipatore della cabina elettrica dello stabilimento Hydro di Feltre. Solo per puro caso l&#8217;episodio non ha avuto conseguenze per [&hellip;]","og_url":"https:\/\/www.bellunopress.it\/fr\/2026\/01\/31\/incendio-alla-cabina-elettrica-allhydro-di-feltre\/","og_site_name":"Bellunopress - Dolomiti","article_publisher":"https:\/\/www.facebook.com\/profile.php?id=100008943462799","article_published_time":"2026-01-31T14:29:46+00:00","og_image":[{"width":953,"height":277,"url":"https:\/\/www.bellunopress.it\/wp-content\/uploads\/2024\/12\/Fiom-Cgil.jpg","type":"image\/jpeg"}],"author":"redazione","twitter_card":"summary_large_image","twitter_creator":"@bellunopress","twitter_site":"@bellunopress","twitter_misc":{"\u00c9crit par":"redazione","Dur\u00e9e de lecture estim\u00e9e":"2 minutes"},"schema":{"@context":"https:\/\/schema.org","@graph":[{"@type":"Article","@id":"https:\/\/www.bellunopress.it\/2026\/01\/31\/incendio-alla-cabina-elettrica-allhydro-di-feltre\/#article","isPartOf":{"@id":"https:\/\/www.bellunopress.it\/2026\/01\/31\/incendio-alla-cabina-elettrica-allhydro-di-feltre\/"},"author":{"name":"redazione","@id":"https:\/\/www.bellunopress.it\/#\/schema\/person\/79bb06722b37ece1c03d3e94beb30d73"},"headline":"Incendio alla cabina elettrica all&#8217;Hydro di Feltre","datePublished":"2026-01-31T14:29:46+00:00","mainEntityOfPage":{"@id":"https:\/\/www.bellunopress.it\/2026\/01\/31\/incendio-alla-cabina-elettrica-allhydro-di-feltre\/"},"wordCount":383,"publisher":{"@id":"https:\/\/www.bellunopress.it\/#organization"},"image":{"@id":"https:\/\/www.bellunopress.it\/2026\/01\/31\/incendio-alla-cabina-elettrica-allhydro-di-feltre\/#primaryimage"},"thumbnailUrl":"https:\/\/www.bellunopress.it\/wp-content\/uploads\/2024\/12\/Fiom-Cgil.jpg","articleSection":["Cronaca\/Politica"],"inLanguage":"fr-FR"},{"@type":"WebPage","@id":"https:\/\/www.bellunopress.it\/2026\/01\/31\/incendio-alla-cabina-elettrica-allhydro-di-feltre\/","url":"https:\/\/www.bellunopress.it\/2026\/01\/31\/incendio-alla-cabina-elettrica-allhydro-di-feltre\/","name":"Incendio alla cabina elettrica all'Hydro di Feltre - Bellunopress - Dolomiti","isPartOf":{"@id":"https:\/\/www.bellunopress.it\/#website"},"primaryImageOfPage":{"@id":"https:\/\/www.bellunopress.it\/2026\/01\/31\/incendio-alla-cabina-elettrica-allhydro-di-feltre\/#primaryimage"},"image":{"@id":"https:\/\/www.bellunopress.it\/2026\/01\/31\/incendio-alla-cabina-elettrica-allhydro-di-feltre\/#primaryimage"},"thumbnailUrl":"https:\/\/www.bellunopress.it\/wp-content\/uploads\/2024\/12\/Fiom-Cgil.jpg","datePublished":"2026-01-31T14:29:46+00:00","breadcrumb":{"@id":"https:\/\/www.bellunopress.it\/2026\/01\/31\/incendio-alla-cabina-elettrica-allhydro-di-feltre\/#breadcrumb"},"inLanguage":"fr-FR","potentialAction":[{"@type":"ReadAction","target":["https:\/\/www.bellunopress.it\/2026\/01\/31\/incendio-alla-cabina-elettrica-allhydro-di-feltre\/"]}]},{"@type":"ImageObject","inLanguage":"fr-FR","@id":"https:\/\/www.bellunopress.it\/2026\/01\/31\/incendio-alla-cabina-elettrica-allhydro-di-feltre\/#primaryimage","url":"https:\/\/www.bellunopress.it\/wp-content\/uploads\/2024\/12\/Fiom-Cgil.jpg","contentUrl":"https:\/\/www.bellunopress.it\/wp-content\/uploads\/2024\/12\/Fiom-Cgil.jpg","width":953,"height":277},{"@type":"BreadcrumbList","@id":"https:\/\/www.bellunopress.it\/2026\/01\/31\/incendio-alla-cabina-elettrica-allhydro-di-feltre\/#breadcrumb","itemListElement":[{"@type":"ListItem","position":1,"name":"Home","item":"https:\/\/www.bellunopress.it\/"},{"@type":"ListItem","position":2,"name":"Incendio alla cabina elettrica all&#8217;Hydro di Feltre"}]},{"@type":"WebSite","@id":"https:\/\/www.bellunopress.it\/#website","url":"https:\/\/www.bellunopress.it\/","name":"Bellunopress - Dolomiti","description":"e-mail: redazione@bellunopress.it","publisher":{"@id":"https:\/\/www.bellunopress.it\/#organization"},"potentialAction":[{"@type":"SearchAction","target":{"@type":"EntryPoint","urlTemplate":"https:\/\/www.bellunopress.it\/?s={search_term_string}"},"query-input":{"@type":"PropertyValueSpecification","valueRequired":true,"valueName":"search_term_string"}}],"inLanguage":"fr-FR"},{"@type":"Organization","@id":"https:\/\/www.bellunopress.it\/#organization","name":"Bellunopress","url":"https:\/\/www.bellunopress.it\/","logo":{"@type":"ImageObject","inLanguage":"fr-FR","@id":"https:\/\/www.bellunopress.it\/#\/schema\/logo\/image\/","url":"https:\/\/www.bellunopress.it\/wp-content\/uploads\/2011\/05\/cropped-logo-bellunopress-.jpg","contentUrl":"https:\/\/www.bellunopress.it\/wp-content\/uploads\/2011\/05\/cropped-logo-bellunopress-.jpg","width":512,"height":512,"caption":"Bellunopress"},"image":{"@id":"https:\/\/www.bellunopress.it\/#\/schema\/logo\/image\/"},"sameAs":["https:\/\/www.facebook.com\/profile.php?id=100008943462799","https:\/\/x.com\/bellunopress","https:\/\/www.linkedin.com\/hp\/?dnr=JBzUWaJfMUw8vbXJJ2tVW5-I3jZKvC4wsoxE&amp;amp;amp;amp;amp;amp;trk=nav_responsive_tab_home","https:\/\/www.youtube.com\/channel\/UCxL0wu1uN0_3_7hGG0306cw"]},{"@type":"Person","@id":"https:\/\/www.bellunopress.it\/#\/schema\/person\/79bb06722b37ece1c03d3e94beb30d73","name":"r\u00e9daction","image":{"@type":"ImageObject","inLanguage":"fr-FR","@id":"https:\/\/secure.gravatar.com\/avatar\/37d968a2e67a6fd04c169c4bdef102d0bc5d31b2546345219e348575eb80e9a0?s=96&d=mm&r=g","url":"https:\/\/secure.gravatar.com\/avatar\/37d968a2e67a6fd04c169c4bdef102d0bc5d31b2546345219e348575eb80e9a0?s=96&d=mm&r=g","contentUrl":"https:\/\/secure.gravatar.com\/avatar\/37d968a2e67a6fd04c169c4bdef102d0bc5d31b2546345219e348575eb80e9a0?s=96&d=mm&r=g","caption":"redazione"},"sameAs":["http:\/\/www.bellunopress.it","https:\/\/x.com\/bellunopress"],"url":"https:\/\/www.bellunopress.it\/fr\/author\/redazione\/"}]}},"_links":{"self":[{"href":"https:\/\/www.bellunopress.it\/fr\/wp-json\/wp\/v2\/posts\/167012","targetHints":{"allow":["GET"]}}],"collection":[{"href":"https:\/\/www.bellunopress.it\/fr\/wp-json\/wp\/v2\/posts"}],"about":[{"href":"https:\/\/www.bellunopress.it\/fr\/wp-json\/wp\/v2\/types\/post"}],"author":[{"embeddable":true,"href":"https:\/\/www.bellunopress.it\/fr\/wp-json\/wp\/v2\/users\/2"}],"replies":[{"embeddable":true,"href":"https:\/\/www.bellunopress.it\/fr\/wp-json\/wp\/v2\/comments?post=167012"}],"version-history":[{"count":1,"href":"https:\/\/www.bellunopress.it\/fr\/wp-json\/wp\/v2\/posts\/167012\/revisions"}],"predecessor-version":[{"id":167013,"href":"https:\/\/www.bellunopress.it\/fr\/wp-json\/wp\/v2\/posts\/167012\/revisions\/167013"}],"wp:featuredmedia":[{"embeddable":true,"href":"https:\/\/www.bellunopress.it\/fr\/wp-json\/wp\/v2\/media\/156196"}],"wp:attachment":[{"href":"https:\/\/www.bellunopress.it\/fr\/wp-json\/wp\/v2\/media?parent=167012"}],"wp:term":[{"taxonomy":"category","embeddable":true,"href":"https:\/\/www.bellunopress.it\/fr\/wp-json\/wp\/v2\/categories?post=167012"},{"taxonomy":"post_tag","embeddable":true,"href":"https:\/\/www.bellunopress.it\/fr\/wp-json\/wp\/v2\/tags?post=167012"}],"curies":[{"name":"wp","href":"https:\/\/api.w.org\/{rel}","templated":true}]}}