{"id":167010,"date":"2026-01-31T13:23:05","date_gmt":"2026-01-31T12:23:05","guid":{"rendered":"https:\/\/www.bellunopress.it\/?p=167010"},"modified":"2026-01-31T13:23:05","modified_gmt":"2026-01-31T12:23:05","slug":"linea-30-arrivano-i-biglietti-a-fascia-chilometrica-la-provincia-ascolta-i-residenti","status":"publish","type":"post","link":"https:\/\/www.bellunopress.it\/fr\/2026\/01\/31\/linea-30-arrivano-i-biglietti-a-fascia-chilometrica-la-provincia-ascolta-i-residenti\/","title":{"rendered":"Linea 30, arrivano i biglietti a fascia chilometrica: la Provincia ascolta i residenti"},"content":{"rendered":"<p data-path-to-node=\"3\"><b data-path-to-node=\"3\" data-index-in-node=\"0\">Svolta per la &#8220;metropolitana di superficie&#8221; Calalzo-Cortina: oltre al ticket giornaliero olimpico, tornano i biglietti ordinari per agevolare pendolari e spostamenti brevi. Necessario il documento di identit\u00e0.<\/b><\/p>\n<p data-path-to-node=\"4\">Belluno, 31 gennaio 2026 \u2013 La Linea 30 si corregge in corsa. Il servizio di trasporto pubblico tra Calalzo e Cortina, potenziato e trasformato in una vera e propria &#8220;metropolitana di superficie&#8221; per il periodo olimpico, introduce una novit\u00e0 significativa nei titoli di viaggio. Da oggi, accanto al biglietto giornaliero da 10 euro, tornano i biglietti a fascia chilometrica.<\/p>\n<p data-path-to-node=\"5\">La decisione, ufficializzata con un atto del presidente della Provincia di Belluno, arriva dopo un confronto tecnico con Dolomitibus e mira a risolvere le criticit\u00e0 segnalate dai cittadini nelle prime settimane di attivazione del servizio speciale.<\/p>\n<h3 data-path-to-node=\"6\">Pi\u00f9 flessibilit\u00e0 per i residenti<\/h3>\n<h6 style=\"text-align: left;\" data-path-to-node=\"7\">Il nuovo sistema \u00e8 pensato su misura per chi vive il territorio quotidianamente. Se il ticket giornaliero da 10 euro garantisce corse illimitate nelle 24 ore, chi ha necessit\u00e0 di un singolo spostamento all&#8217;interno della Valboite o del Cadore potr\u00e0 ora utilizzare il consueto biglietto a terra.<\/h6>\n<blockquote data-path-to-node=\"8\">\n<h6 style=\"text-align: left;\" data-path-to-node=\"8,0\">&#8220;Andiamo incontro alle esigenze dei pendolari residenti che utilizzano il mezzo pubblico per spostarsi all&#8217;interno della tratta,&#8221; ha commentato il presidente della Provincia, <b data-path-to-node=\"8,0\" data-index-in-node=\"175\">Roberto Padrin<\/b>. &#8220;\u00c8 una differenziazione necessaria: chi usa il bus pi\u00f9 volte al giorno trover\u00e0 ancora convenienza nel ticket olimpico, ma chi fa un viaggio singolo non sar\u00e0 pi\u00f9 penalizzato.&#8221;<\/h6>\n<\/blockquote>\n<h3 data-path-to-node=\"9\">I costi e le modalit\u00e0 di acquisto<\/h3>\n<p data-path-to-node=\"10\">Il cambiamento non riguarda solo il prezzo, ma anche l&#8217;accessibilit\u00e0. Molti utenti avevano infatti segnalato difficolt\u00e0 nell&#8217;acquisto dei nuovi titoli tramite smartphone o POS.<\/p>\n<ul data-path-to-node=\"11\">\n<li>\n<p data-path-to-node=\"11,0,0\">Biglietto a fascia chilometrica: acquistabile &#8220;a terra&#8221; (nelle rivendite fisiche) e obliterabile a bordo.<\/p>\n<\/li>\n<li>\n<p data-path-to-node=\"11,1,0\">Risparmio: Un viaggio completo andata\/ritorno Calalzo-Cortina coster\u00e0 9 euro (se acquistato a terra) contro i 10 del ticket olimpico.<\/p>\n<\/li>\n<li>\n<p data-path-to-node=\"11,2,0\">Attenzione: Per usufruire di questa opzione, sar\u00e0 obbligatorio esibire un documento di identit\u00e0 valido che attesti la residenza in provincia di Belluno durante i controlli.<\/p>\n<\/li>\n<\/ul>\n<h3 data-path-to-node=\"12\">Un servizio ad alta frequenza<\/h3>\n<p data-path-to-node=\"13\">Il progetto &#8220;speciale olimpico&#8221; non cambia per\u00f2 la sua natura di servizio potenziato. La Linea 30 garantisce una copertura quasi h24:<\/p>\n<ul data-path-to-node=\"14\">\n<li>\n<p data-path-to-node=\"14,0,0\">Fino al 3 febbraio e dal 23 febbraio al 17 marzo: Corse ogni 30 minuti (orarie dopo le 19:00), con partenze dalle 05:15 e ultimi rientri a mezzanotte passata.<\/p>\n<\/li>\n<li>\n<p data-path-to-node=\"14,1,0\">Alta stagione (4-22 febbraio): Servizio intensificato con corse ogni 20 minuti e partenze anticipate alle 04:30 del mattino.<\/p>\n<\/li>\n<\/ul>\n<p data-path-to-node=\"15\">&#8220;Vogliamo che le Olimpiadi siano un\u2019occasione di miglioramento del servizio pubblico, non un ostacolo,&#8221; ha aggiunto il consigliere delegato ai trasporti, Massimo Bortoluzzi. &#8220;Questa misura permette di mantenere inalterato il potenziamento dei Giochi, tutelando per\u00f2 chi in queste valli ci vive e lavora tutto l&#8217;anno.&#8221;<\/p>\n<p data-path-to-node=\"16\">Restano comunque attive le altre agevolazioni gi\u00e0 stanziate dalla Provincia, tra cui i 500 abbonamenti omaggio e il fondo da 10.000 euro per i rimborsi dei biglietti.<\/p>","protected":false},"excerpt":{"rendered":"<p>Svolta per la &#8220;metropolitana di superficie&#8221; Calalzo-Cortina: oltre al ticket giornaliero olimpico, tornano i biglietti ordinari per agevolare pendolari e spostamenti brevi. Necessario il documento di identit\u00e0. Belluno, 31 gennaio 2026 \u2013 La Linea 30 si corregge in corsa. Il servizio di trasporto pubblico tra Calalzo e Cortina, potenziato e trasformato in una vera e [&hellip;]<\/p>\n","protected":false},"author":2,"featured_media":144899,"comment_status":"closed","ping_status":"open","sticky":false,"template":"","format":"standard","meta":{"footnotes":""},"categories":[5,26],"tags":[],"class_list":["post-167010","post","type-post","status-publish","format-standard","has-post-thumbnail","category-cronaca","category-prima-pagina"],"yoast_head":"<!-- This site is optimized with the Yoast SEO plugin v28.4 - https:\/\/yoast.com\/product\/yoast-seo-wordpress\/ -->\n<title>Linea 30, arrivano i biglietti a fascia chilometrica: la Provincia ascolta i residenti - Bellunopress - Dolomiti<\/title>\n<meta name=\"robots\" content=\"index, follow, max-snippet:-1, max-image-preview:large, max-video-preview:-1\" \/>\n<link rel=\"canonical\" href=\"https:\/\/www.bellunopress.it\/fr\/2026\/01\/31\/linea-30-arrivano-i-biglietti-a-fascia-chilometrica-la-provincia-ascolta-i-residenti\/\" \/>\n<meta property=\"og:locale\" content=\"fr_FR\" \/>\n<meta property=\"og:type\" content=\"article\" \/>\n<meta property=\"og:title\" content=\"Linea 30, arrivano i biglietti a fascia chilometrica: la Provincia ascolta i residenti - Bellunopress - Dolomiti\" \/>\n<meta property=\"og:description\" content=\"Svolta per la &#8220;metropolitana di superficie&#8221; Calalzo-Cortina: oltre al ticket giornaliero olimpico, tornano i biglietti ordinari per agevolare pendolari e spostamenti brevi. Necessario il documento di identit\u00e0. Belluno, 31 gennaio 2026 \u2013 La Linea 30 si corregge in corsa. Il servizio di trasporto pubblico tra Calalzo e Cortina, potenziato e trasformato in una vera e [&hellip;]\" \/>\n<meta property=\"og:url\" content=\"https:\/\/www.bellunopress.it\/fr\/2026\/01\/31\/linea-30-arrivano-i-biglietti-a-fascia-chilometrica-la-provincia-ascolta-i-residenti\/\" \/>\n<meta property=\"og:site_name\" content=\"Bellunopress - Dolomiti\" \/>\n<meta property=\"article:publisher\" content=\"https:\/\/www.facebook.com\/profile.php?id=100008943462799\" \/>\n<meta property=\"article:published_time\" content=\"2026-01-31T12:23:05+00:00\" \/>\n<meta property=\"og:image\" content=\"https:\/\/www.bellunopress.it\/wp-content\/uploads\/2023\/10\/Roberto-Padrin-1.jpg\" \/>\n\t<meta property=\"og:image:width\" content=\"553\" \/>\n\t<meta property=\"og:image:height\" content=\"466\" \/>\n\t<meta property=\"og:image:type\" content=\"image\/jpeg\" \/>\n<meta name=\"author\" content=\"redazione\" \/>\n<meta name=\"twitter:card\" content=\"summary_large_image\" \/>\n<meta name=\"twitter:creator\" content=\"@bellunopress\" \/>\n<meta name=\"twitter:site\" content=\"@bellunopress\" \/>\n<meta name=\"twitter:label1\" content=\"\u00c9crit par\" \/>\n\t<meta name=\"twitter:data1\" content=\"redazione\" \/>\n\t<meta name=\"twitter:label2\" content=\"Dur\u00e9e de lecture estim\u00e9e\" \/>\n\t<meta name=\"twitter:data2\" content=\"2 minutes\" \/>\n<script type=\"application\/ld+json\" class=\"yoast-schema-graph\">{\"@context\":\"https:\\\/\\\/schema.org\",\"@graph\":[{\"@type\":\"Article\",\"@id\":\"https:\\\/\\\/www.bellunopress.it\\\/2026\\\/01\\\/31\\\/linea-30-arrivano-i-biglietti-a-fascia-chilometrica-la-provincia-ascolta-i-residenti\\\/#article\",\"isPartOf\":{\"@id\":\"https:\\\/\\\/www.bellunopress.it\\\/2026\\\/01\\\/31\\\/linea-30-arrivano-i-biglietti-a-fascia-chilometrica-la-provincia-ascolta-i-residenti\\\/\"},\"author\":{\"name\":\"redazione\",\"@id\":\"https:\\\/\\\/www.bellunopress.it\\\/#\\\/schema\\\/person\\\/79bb06722b37ece1c03d3e94beb30d73\"},\"headline\":\"Linea 30, arrivano i biglietti a fascia chilometrica: la Provincia ascolta i residenti\",\"datePublished\":\"2026-01-31T12:23:05+00:00\",\"mainEntityOfPage\":{\"@id\":\"https:\\\/\\\/www.bellunopress.it\\\/2026\\\/01\\\/31\\\/linea-30-arrivano-i-biglietti-a-fascia-chilometrica-la-provincia-ascolta-i-residenti\\\/\"},\"wordCount\":458,\"publisher\":{\"@id\":\"https:\\\/\\\/www.bellunopress.it\\\/#organization\"},\"image\":{\"@id\":\"https:\\\/\\\/www.bellunopress.it\\\/2026\\\/01\\\/31\\\/linea-30-arrivano-i-biglietti-a-fascia-chilometrica-la-provincia-ascolta-i-residenti\\\/#primaryimage\"},\"thumbnailUrl\":\"https:\\\/\\\/www.bellunopress.it\\\/wp-content\\\/uploads\\\/2023\\\/10\\\/Roberto-Padrin-1.jpg\",\"articleSection\":[\"Cronaca\\\/Politica\",\"Prima Pagina\"],\"inLanguage\":\"fr-FR\"},{\"@type\":\"WebPage\",\"@id\":\"https:\\\/\\\/www.bellunopress.it\\\/2026\\\/01\\\/31\\\/linea-30-arrivano-i-biglietti-a-fascia-chilometrica-la-provincia-ascolta-i-residenti\\\/\",\"url\":\"https:\\\/\\\/www.bellunopress.it\\\/2026\\\/01\\\/31\\\/linea-30-arrivano-i-biglietti-a-fascia-chilometrica-la-provincia-ascolta-i-residenti\\\/\",\"name\":\"Linea 30, arrivano i biglietti a fascia chilometrica: la Provincia ascolta i residenti - Bellunopress - Dolomiti\",\"isPartOf\":{\"@id\":\"https:\\\/\\\/www.bellunopress.it\\\/#website\"},\"primaryImageOfPage\":{\"@id\":\"https:\\\/\\\/www.bellunopress.it\\\/2026\\\/01\\\/31\\\/linea-30-arrivano-i-biglietti-a-fascia-chilometrica-la-provincia-ascolta-i-residenti\\\/#primaryimage\"},\"image\":{\"@id\":\"https:\\\/\\\/www.bellunopress.it\\\/2026\\\/01\\\/31\\\/linea-30-arrivano-i-biglietti-a-fascia-chilometrica-la-provincia-ascolta-i-residenti\\\/#primaryimage\"},\"thumbnailUrl\":\"https:\\\/\\\/www.bellunopress.it\\\/wp-content\\\/uploads\\\/2023\\\/10\\\/Roberto-Padrin-1.jpg\",\"datePublished\":\"2026-01-31T12:23:05+00:00\",\"breadcrumb\":{\"@id\":\"https:\\\/\\\/www.bellunopress.it\\\/2026\\\/01\\\/31\\\/linea-30-arrivano-i-biglietti-a-fascia-chilometrica-la-provincia-ascolta-i-residenti\\\/#breadcrumb\"},\"inLanguage\":\"fr-FR\",\"potentialAction\":[{\"@type\":\"ReadAction\",\"target\":[\"https:\\\/\\\/www.bellunopress.it\\\/2026\\\/01\\\/31\\\/linea-30-arrivano-i-biglietti-a-fascia-chilometrica-la-provincia-ascolta-i-residenti\\\/\"]}]},{\"@type\":\"ImageObject\",\"inLanguage\":\"fr-FR\",\"@id\":\"https:\\\/\\\/www.bellunopress.it\\\/2026\\\/01\\\/31\\\/linea-30-arrivano-i-biglietti-a-fascia-chilometrica-la-provincia-ascolta-i-residenti\\\/#primaryimage\",\"url\":\"https:\\\/\\\/www.bellunopress.it\\\/wp-content\\\/uploads\\\/2023\\\/10\\\/Roberto-Padrin-1.jpg\",\"contentUrl\":\"https:\\\/\\\/www.bellunopress.it\\\/wp-content\\\/uploads\\\/2023\\\/10\\\/Roberto-Padrin-1.jpg\",\"width\":553,\"height\":466,\"caption\":\"Roberto Padrin, presidente della Provincia e presidente Fondazione Dolomiti Unesco Fondazione\"},{\"@type\":\"BreadcrumbList\",\"@id\":\"https:\\\/\\\/www.bellunopress.it\\\/2026\\\/01\\\/31\\\/linea-30-arrivano-i-biglietti-a-fascia-chilometrica-la-provincia-ascolta-i-residenti\\\/#breadcrumb\",\"itemListElement\":[{\"@type\":\"ListItem\",\"position\":1,\"name\":\"Home\",\"item\":\"https:\\\/\\\/www.bellunopress.it\\\/\"},{\"@type\":\"ListItem\",\"position\":2,\"name\":\"Linea 30, arrivano i biglietti a fascia chilometrica: la Provincia ascolta i residenti\"}]},{\"@type\":\"WebSite\",\"@id\":\"https:\\\/\\\/www.bellunopress.it\\\/#website\",\"url\":\"https:\\\/\\\/www.bellunopress.it\\\/\",\"name\":\"Bellunopress - Dolomiti\",\"description\":\"e-mail: redazione@bellunopress.it\",\"publisher\":{\"@id\":\"https:\\\/\\\/www.bellunopress.it\\\/#organization\"},\"potentialAction\":[{\"@type\":\"SearchAction\",\"target\":{\"@type\":\"EntryPoint\",\"urlTemplate\":\"https:\\\/\\\/www.bellunopress.it\\\/?s={search_term_string}\"},\"query-input\":{\"@type\":\"PropertyValueSpecification\",\"valueRequired\":true,\"valueName\":\"search_term_string\"}}],\"inLanguage\":\"fr-FR\"},{\"@type\":\"Organization\",\"@id\":\"https:\\\/\\\/www.bellunopress.it\\\/#organization\",\"name\":\"Bellunopress\",\"url\":\"https:\\\/\\\/www.bellunopress.it\\\/\",\"logo\":{\"@type\":\"ImageObject\",\"inLanguage\":\"fr-FR\",\"@id\":\"https:\\\/\\\/www.bellunopress.it\\\/#\\\/schema\\\/logo\\\/image\\\/\",\"url\":\"https:\\\/\\\/www.bellunopress.it\\\/wp-content\\\/uploads\\\/2011\\\/05\\\/cropped-logo-bellunopress-.jpg\",\"contentUrl\":\"https:\\\/\\\/www.bellunopress.it\\\/wp-content\\\/uploads\\\/2011\\\/05\\\/cropped-logo-bellunopress-.jpg\",\"width\":512,\"height\":512,\"caption\":\"Bellunopress\"},\"image\":{\"@id\":\"https:\\\/\\\/www.bellunopress.it\\\/#\\\/schema\\\/logo\\\/image\\\/\"},\"sameAs\":[\"https:\\\/\\\/www.facebook.com\\\/profile.php?id=100008943462799\",\"https:\\\/\\\/x.com\\\/bellunopress\",\"https:\\\/\\\/www.linkedin.com\\\/hp\\\/?dnr=JBzUWaJfMUw8vbXJJ2tVW5-I3jZKvC4wsoxE&amp;amp;amp;amp;amp;amp;trk=nav_responsive_tab_home\",\"https:\\\/\\\/www.youtube.com\\\/channel\\\/UCxL0wu1uN0_3_7hGG0306cw\"]},{\"@type\":\"Person\",\"@id\":\"https:\\\/\\\/www.bellunopress.it\\\/#\\\/schema\\\/person\\\/79bb06722b37ece1c03d3e94beb30d73\",\"name\":\"redazione\",\"image\":{\"@type\":\"ImageObject\",\"inLanguage\":\"fr-FR\",\"@id\":\"https:\\\/\\\/secure.gravatar.com\\\/avatar\\\/37d968a2e67a6fd04c169c4bdef102d0bc5d31b2546345219e348575eb80e9a0?s=96&d=mm&r=g\",\"url\":\"https:\\\/\\\/secure.gravatar.com\\\/avatar\\\/37d968a2e67a6fd04c169c4bdef102d0bc5d31b2546345219e348575eb80e9a0?s=96&d=mm&r=g\",\"contentUrl\":\"https:\\\/\\\/secure.gravatar.com\\\/avatar\\\/37d968a2e67a6fd04c169c4bdef102d0bc5d31b2546345219e348575eb80e9a0?s=96&d=mm&r=g\",\"caption\":\"redazione\"},\"sameAs\":[\"http:\\\/\\\/www.bellunopress.it\",\"https:\\\/\\\/x.com\\\/bellunopress\"],\"url\":\"https:\\\/\\\/www.bellunopress.it\\\/fr\\\/author\\\/redazione\\\/\"}]}<\/script>\n<!-- \/ Yoast SEO plugin. -->","yoast_head_json":{"title":"Linea 30, arrivano i biglietti a fascia chilometrica: la Provincia ascolta i residenti - Bellunopress - Dolomiti","robots":{"index":"index","follow":"follow","max-snippet":"max-snippet:-1","max-image-preview":"max-image-preview:large","max-video-preview":"max-video-preview:-1"},"canonical":"https:\/\/www.bellunopress.it\/fr\/2026\/01\/31\/linea-30-arrivano-i-biglietti-a-fascia-chilometrica-la-provincia-ascolta-i-residenti\/","og_locale":"fr_FR","og_type":"article","og_title":"Linea 30, arrivano i biglietti a fascia chilometrica: la Provincia ascolta i residenti - Bellunopress - Dolomiti","og_description":"Svolta per la &#8220;metropolitana di superficie&#8221; Calalzo-Cortina: oltre al ticket giornaliero olimpico, tornano i biglietti ordinari per agevolare pendolari e spostamenti brevi. Necessario il documento di identit\u00e0. Belluno, 31 gennaio 2026 \u2013 La Linea 30 si corregge in corsa. Il servizio di trasporto pubblico tra Calalzo e Cortina, potenziato e trasformato in una vera e [&hellip;]","og_url":"https:\/\/www.bellunopress.it\/fr\/2026\/01\/31\/linea-30-arrivano-i-biglietti-a-fascia-chilometrica-la-provincia-ascolta-i-residenti\/","og_site_name":"Bellunopress - Dolomiti","article_publisher":"https:\/\/www.facebook.com\/profile.php?id=100008943462799","article_published_time":"2026-01-31T12:23:05+00:00","og_image":[{"width":553,"height":466,"url":"https:\/\/www.bellunopress.it\/wp-content\/uploads\/2023\/10\/Roberto-Padrin-1.jpg","type":"image\/jpeg"}],"author":"redazione","twitter_card":"summary_large_image","twitter_creator":"@bellunopress","twitter_site":"@bellunopress","twitter_misc":{"\u00c9crit par":"redazione","Dur\u00e9e de lecture estim\u00e9e":"2 minutes"},"schema":{"@context":"https:\/\/schema.org","@graph":[{"@type":"Article","@id":"https:\/\/www.bellunopress.it\/2026\/01\/31\/linea-30-arrivano-i-biglietti-a-fascia-chilometrica-la-provincia-ascolta-i-residenti\/#article","isPartOf":{"@id":"https:\/\/www.bellunopress.it\/2026\/01\/31\/linea-30-arrivano-i-biglietti-a-fascia-chilometrica-la-provincia-ascolta-i-residenti\/"},"author":{"name":"redazione","@id":"https:\/\/www.bellunopress.it\/#\/schema\/person\/79bb06722b37ece1c03d3e94beb30d73"},"headline":"Linea 30, arrivano i biglietti a fascia chilometrica: la Provincia ascolta i residenti","datePublished":"2026-01-31T12:23:05+00:00","mainEntityOfPage":{"@id":"https:\/\/www.bellunopress.it\/2026\/01\/31\/linea-30-arrivano-i-biglietti-a-fascia-chilometrica-la-provincia-ascolta-i-residenti\/"},"wordCount":458,"publisher":{"@id":"https:\/\/www.bellunopress.it\/#organization"},"image":{"@id":"https:\/\/www.bellunopress.it\/2026\/01\/31\/linea-30-arrivano-i-biglietti-a-fascia-chilometrica-la-provincia-ascolta-i-residenti\/#primaryimage"},"thumbnailUrl":"https:\/\/www.bellunopress.it\/wp-content\/uploads\/2023\/10\/Roberto-Padrin-1.jpg","articleSection":["Cronaca\/Politica","Prima Pagina"],"inLanguage":"fr-FR"},{"@type":"WebPage","@id":"https:\/\/www.bellunopress.it\/2026\/01\/31\/linea-30-arrivano-i-biglietti-a-fascia-chilometrica-la-provincia-ascolta-i-residenti\/","url":"https:\/\/www.bellunopress.it\/2026\/01\/31\/linea-30-arrivano-i-biglietti-a-fascia-chilometrica-la-provincia-ascolta-i-residenti\/","name":"Linea 30, arrivano i biglietti a fascia chilometrica: la Provincia ascolta i residenti - Bellunopress - Dolomiti","isPartOf":{"@id":"https:\/\/www.bellunopress.it\/#website"},"primaryImageOfPage":{"@id":"https:\/\/www.bellunopress.it\/2026\/01\/31\/linea-30-arrivano-i-biglietti-a-fascia-chilometrica-la-provincia-ascolta-i-residenti\/#primaryimage"},"image":{"@id":"https:\/\/www.bellunopress.it\/2026\/01\/31\/linea-30-arrivano-i-biglietti-a-fascia-chilometrica-la-provincia-ascolta-i-residenti\/#primaryimage"},"thumbnailUrl":"https:\/\/www.bellunopress.it\/wp-content\/uploads\/2023\/10\/Roberto-Padrin-1.jpg","datePublished":"2026-01-31T12:23:05+00:00","breadcrumb":{"@id":"https:\/\/www.bellunopress.it\/2026\/01\/31\/linea-30-arrivano-i-biglietti-a-fascia-chilometrica-la-provincia-ascolta-i-residenti\/#breadcrumb"},"inLanguage":"fr-FR","potentialAction":[{"@type":"ReadAction","target":["https:\/\/www.bellunopress.it\/2026\/01\/31\/linea-30-arrivano-i-biglietti-a-fascia-chilometrica-la-provincia-ascolta-i-residenti\/"]}]},{"@type":"ImageObject","inLanguage":"fr-FR","@id":"https:\/\/www.bellunopress.it\/2026\/01\/31\/linea-30-arrivano-i-biglietti-a-fascia-chilometrica-la-provincia-ascolta-i-residenti\/#primaryimage","url":"https:\/\/www.bellunopress.it\/wp-content\/uploads\/2023\/10\/Roberto-Padrin-1.jpg","contentUrl":"https:\/\/www.bellunopress.it\/wp-content\/uploads\/2023\/10\/Roberto-Padrin-1.jpg","width":553,"height":466,"caption":"Roberto Padrin, presidente della Provincia e presidente Fondazione Dolomiti Unesco Fondazione"},{"@type":"BreadcrumbList","@id":"https:\/\/www.bellunopress.it\/2026\/01\/31\/linea-30-arrivano-i-biglietti-a-fascia-chilometrica-la-provincia-ascolta-i-residenti\/#breadcrumb","itemListElement":[{"@type":"ListItem","position":1,"name":"Home","item":"https:\/\/www.bellunopress.it\/"},{"@type":"ListItem","position":2,"name":"Linea 30, arrivano i biglietti a fascia chilometrica: la Provincia ascolta i residenti"}]},{"@type":"WebSite","@id":"https:\/\/www.bellunopress.it\/#website","url":"https:\/\/www.bellunopress.it\/","name":"Bellunopress - Dolomiti","description":"e-mail: redazione@bellunopress.it","publisher":{"@id":"https:\/\/www.bellunopress.it\/#organization"},"potentialAction":[{"@type":"SearchAction","target":{"@type":"EntryPoint","urlTemplate":"https:\/\/www.bellunopress.it\/?s={search_term_string}"},"query-input":{"@type":"PropertyValueSpecification","valueRequired":true,"valueName":"search_term_string"}}],"inLanguage":"fr-FR"},{"@type":"Organization","@id":"https:\/\/www.bellunopress.it\/#organization","name":"Bellunopress","url":"https:\/\/www.bellunopress.it\/","logo":{"@type":"ImageObject","inLanguage":"fr-FR","@id":"https:\/\/www.bellunopress.it\/#\/schema\/logo\/image\/","url":"https:\/\/www.bellunopress.it\/wp-content\/uploads\/2011\/05\/cropped-logo-bellunopress-.jpg","contentUrl":"https:\/\/www.bellunopress.it\/wp-content\/uploads\/2011\/05\/cropped-logo-bellunopress-.jpg","width":512,"height":512,"caption":"Bellunopress"},"image":{"@id":"https:\/\/www.bellunopress.it\/#\/schema\/logo\/image\/"},"sameAs":["https:\/\/www.facebook.com\/profile.php?id=100008943462799","https:\/\/x.com\/bellunopress","https:\/\/www.linkedin.com\/hp\/?dnr=JBzUWaJfMUw8vbXJJ2tVW5-I3jZKvC4wsoxE&amp;amp;amp;amp;amp;amp;trk=nav_responsive_tab_home","https:\/\/www.youtube.com\/channel\/UCxL0wu1uN0_3_7hGG0306cw"]},{"@type":"Person","@id":"https:\/\/www.bellunopress.it\/#\/schema\/person\/79bb06722b37ece1c03d3e94beb30d73","name":"r\u00e9daction","image":{"@type":"ImageObject","inLanguage":"fr-FR","@id":"https:\/\/secure.gravatar.com\/avatar\/37d968a2e67a6fd04c169c4bdef102d0bc5d31b2546345219e348575eb80e9a0?s=96&d=mm&r=g","url":"https:\/\/secure.gravatar.com\/avatar\/37d968a2e67a6fd04c169c4bdef102d0bc5d31b2546345219e348575eb80e9a0?s=96&d=mm&r=g","contentUrl":"https:\/\/secure.gravatar.com\/avatar\/37d968a2e67a6fd04c169c4bdef102d0bc5d31b2546345219e348575eb80e9a0?s=96&d=mm&r=g","caption":"redazione"},"sameAs":["http:\/\/www.bellunopress.it","https:\/\/x.com\/bellunopress"],"url":"https:\/\/www.bellunopress.it\/fr\/author\/redazione\/"}]}},"_links":{"self":[{"href":"https:\/\/www.bellunopress.it\/fr\/wp-json\/wp\/v2\/posts\/167010","targetHints":{"allow":["GET"]}}],"collection":[{"href":"https:\/\/www.bellunopress.it\/fr\/wp-json\/wp\/v2\/posts"}],"about":[{"href":"https:\/\/www.bellunopress.it\/fr\/wp-json\/wp\/v2\/types\/post"}],"author":[{"embeddable":true,"href":"https:\/\/www.bellunopress.it\/fr\/wp-json\/wp\/v2\/users\/2"}],"replies":[{"embeddable":true,"href":"https:\/\/www.bellunopress.it\/fr\/wp-json\/wp\/v2\/comments?post=167010"}],"version-history":[{"count":1,"href":"https:\/\/www.bellunopress.it\/fr\/wp-json\/wp\/v2\/posts\/167010\/revisions"}],"predecessor-version":[{"id":167011,"href":"https:\/\/www.bellunopress.it\/fr\/wp-json\/wp\/v2\/posts\/167010\/revisions\/167011"}],"wp:featuredmedia":[{"embeddable":true,"href":"https:\/\/www.bellunopress.it\/fr\/wp-json\/wp\/v2\/media\/144899"}],"wp:attachment":[{"href":"https:\/\/www.bellunopress.it\/fr\/wp-json\/wp\/v2\/media?parent=167010"}],"wp:term":[{"taxonomy":"category","embeddable":true,"href":"https:\/\/www.bellunopress.it\/fr\/wp-json\/wp\/v2\/categories?post=167010"},{"taxonomy":"post_tag","embeddable":true,"href":"https:\/\/www.bellunopress.it\/fr\/wp-json\/wp\/v2\/tags?post=167010"}],"curies":[{"name":"wp","href":"https:\/\/api.w.org\/{rel}","templated":true}]}}