{"id":167004,"date":"2026-01-31T08:32:42","date_gmt":"2026-01-31T07:32:42","guid":{"rendered":"https:\/\/www.bellunopress.it\/?p=167004"},"modified":"2026-01-31T08:32:42","modified_gmt":"2026-01-31T07:32:42","slug":"squadra-mobile-tre-arresti-in-pochi-giorni-nel-bellunese","status":"publish","type":"post","link":"https:\/\/www.bellunopress.it\/fr\/2026\/01\/31\/squadra-mobile-tre-arresti-in-pochi-giorni-nel-bellunese\/","title":{"rendered":"Squadra Mobile: tre arresti in pochi giorni nel Bellunese"},"content":{"rendered":"<p data-path-to-node=\"3\">Belluno, 31 gennaio 2026 \u2013 Si chiude con un bilancio di tre arresti un mese di gennaio particolarmente intenso per la Squadra Mobile della Questura di Belluno. Nell\u2019ambito di un potenziamento dei controlli sul territorio finalizzato alla cattura di soggetti pluripregiudicati, gli uomini della I Sezione hanno dato esecuzione a tre distinti ordini di carcerazione, portando dietro le sbarre individui gi\u00e0 noti alle forze dell&#8217;ordine.<\/p>\n<p data-path-to-node=\"4\">Il piano d&#8217;azione, mirato a garantire la sicurezza nella provincia, ha colpito diverse aree, da Ponte nelle Alpi a Santa Giustina, chiudendo il cerchio su condanne definitive per reati che spaziano dallo spaccio ai crimini finanziari.<\/p>\n<h3 data-path-to-node=\"6\">1. Il pusher di Ponte nelle Alpi<\/h3>\n<p data-path-to-node=\"7\">Il primo intervento \u00e8 scattato il 22 gennaio a Ponte nelle Alpi. Gli agenti hanno rintracciato un uomo del 1995, originario della provincia di Salerno ma gravitante nel bellunese. Il soggetto, con una lista di precedenti gi\u00e0 nutrita, deve scontare una pena residua di 2 anni e 11 mesi di reclusione per reati legati al traffico di stupefacenti. Dopo le formalit\u00e0 di rito, \u00e8 stato trasferito in carcere.<\/p>\n<h3 data-path-to-node=\"8\">2. Resistenza e danneggiamenti a Santa Giustina<\/h3>\n<p data-path-to-node=\"9\">Appena ventiquattro ore dopo, il 23 gennaio, la Squadra Mobile si \u00e8 spostata a Santa Giustina. Qui \u00e8 stato arrestato un cittadino straniero di origini nepalesi, classe 2002. Nonostante la giovane et\u00e0, il ragazzo era destinatario di un provvedimento di carcerazione per una pena di 75 giorni. Le accuse riguardano diversi episodi di danneggiamento aggravato e resistenza a pubblico ufficiale. L\u2019arresto \u00e8 avvenuto direttamente presso la sua residenza.<\/p>\n<h3 data-path-to-node=\"10\">3. La condanna pi\u00f9 pesante: 5 anni per un bellunese<\/h3>\n<p data-path-to-node=\"11\">L\u2019ultimo colpo \u00e8 stato messo a segno il 29 gennaio. Nel mirino della Polizia \u00e8 finito un cittadino bellunese dell&#8217;87. In questo caso, la condanna da scontare \u00e8 particolarmente rilevante: 5 anni e 6 mesi di reclusione. L&#8217;uomo \u00e8 stato riconosciuto colpevole di una serie di reati contro il patrimonio e gravi violazioni della disciplina fallimentare. Anche per lui si sono aperte le porte della casa circondariale.<\/p>\n<h3 data-path-to-node=\"13\">Un segnale per il territorio<\/h3>\n<p data-path-to-node=\"14\">Questa serie di arresti sottolinea la strategia di &#8220;tolleranza zero&#8221; intrapresa dalla Questura di Belluno contro chi, nonostante le condanne, continua a circolare sul territorio. L&#8217;attivit\u00e0 della I Sezione della Squadra Mobile non si ferma alla prevenzione, ma punta a rendere effettive le sentenze dell&#8217;autorit\u00e0 giudiziaria, sottraendo alla strada soggetti considerati socialmente pericolosi o recidivi.<b data-path-to-node=\"15,0\" data-index-in-node=\"0\"><\/b> L&#8217;operazione della Squadra Mobile rientra in un pi\u00f9 ampio piano di controllo del territorio che vedr\u00e0 impegnate le forze dell&#8217;ordine anche nelle prossime settimane in tutta la Valbelluna.<\/p>\n<p data-path-to-node=\"14\">L&#8217;operazione della Squadra Mobile rientra in un pi\u00f9 ampio piano di controllo del territorio che vedr\u00e0 impegnate le forze dell&#8217;ordine anche nelle prossime settimane in tutta la Valbelluna.<\/p>","protected":false},"excerpt":{"rendered":"<p>Belluno, 31 gennaio 2026 \u2013 Si chiude con un bilancio di tre arresti un mese di gennaio particolarmente intenso per la Squadra Mobile della Questura di Belluno. Nell\u2019ambito di un potenziamento dei controlli sul territorio finalizzato alla cattura di soggetti pluripregiudicati, gli uomini della I Sezione hanno dato esecuzione a tre distinti ordini di carcerazione, [&hellip;]<\/p>\n","protected":false},"author":2,"featured_media":167005,"comment_status":"closed","ping_status":"open","sticky":false,"template":"","format":"standard","meta":{"footnotes":""},"categories":[5,26],"tags":[],"class_list":["post-167004","post","type-post","status-publish","format-standard","has-post-thumbnail","category-cronaca","category-prima-pagina"],"yoast_head":"<!-- This site is optimized with the Yoast SEO plugin v28.4 - https:\/\/yoast.com\/product\/yoast-seo-wordpress\/ -->\n<title>Squadra Mobile: tre arresti in pochi giorni nel Bellunese - Bellunopress - Dolomiti<\/title>\n<meta name=\"robots\" content=\"index, follow, max-snippet:-1, max-image-preview:large, max-video-preview:-1\" \/>\n<link rel=\"canonical\" href=\"https:\/\/www.bellunopress.it\/fr\/2026\/01\/31\/squadra-mobile-tre-arresti-in-pochi-giorni-nel-bellunese\/\" \/>\n<meta property=\"og:locale\" content=\"fr_FR\" \/>\n<meta property=\"og:type\" content=\"article\" \/>\n<meta property=\"og:title\" content=\"Squadra Mobile: tre arresti in pochi giorni nel Bellunese - Bellunopress - Dolomiti\" \/>\n<meta property=\"og:description\" content=\"Belluno, 31 gennaio 2026 \u2013 Si chiude con un bilancio di tre arresti un mese di gennaio particolarmente intenso per la Squadra Mobile della Questura di Belluno. Nell\u2019ambito di un potenziamento dei controlli sul territorio finalizzato alla cattura di soggetti pluripregiudicati, gli uomini della I Sezione hanno dato esecuzione a tre distinti ordini di carcerazione, [&hellip;]\" \/>\n<meta property=\"og:url\" content=\"https:\/\/www.bellunopress.it\/fr\/2026\/01\/31\/squadra-mobile-tre-arresti-in-pochi-giorni-nel-bellunese\/\" \/>\n<meta property=\"og:site_name\" content=\"Bellunopress - Dolomiti\" \/>\n<meta property=\"article:publisher\" content=\"https:\/\/www.facebook.com\/profile.php?id=100008943462799\" \/>\n<meta property=\"article:published_time\" content=\"2026-01-31T07:32:42+00:00\" \/>\n<meta property=\"og:image\" content=\"https:\/\/www.bellunopress.it\/wp-content\/uploads\/2026\/01\/Squadra-mobile-Polizia.jpg\" \/>\n\t<meta property=\"og:image:width\" content=\"600\" \/>\n\t<meta property=\"og:image:height\" content=\"553\" \/>\n\t<meta property=\"og:image:type\" content=\"image\/jpeg\" \/>\n<meta name=\"author\" content=\"redazione\" \/>\n<meta name=\"twitter:card\" content=\"summary_large_image\" \/>\n<meta name=\"twitter:creator\" content=\"@bellunopress\" \/>\n<meta name=\"twitter:site\" content=\"@bellunopress\" \/>\n<meta name=\"twitter:label1\" content=\"\u00c9crit par\" \/>\n\t<meta name=\"twitter:data1\" content=\"redazione\" \/>\n\t<meta name=\"twitter:label2\" content=\"Dur\u00e9e de lecture estim\u00e9e\" \/>\n\t<meta name=\"twitter:data2\" content=\"2 minutes\" \/>\n<script type=\"application\/ld+json\" class=\"yoast-schema-graph\">{\"@context\":\"https:\\\/\\\/schema.org\",\"@graph\":[{\"@type\":\"Article\",\"@id\":\"https:\\\/\\\/www.bellunopress.it\\\/2026\\\/01\\\/31\\\/squadra-mobile-tre-arresti-in-pochi-giorni-nel-bellunese\\\/#article\",\"isPartOf\":{\"@id\":\"https:\\\/\\\/www.bellunopress.it\\\/2026\\\/01\\\/31\\\/squadra-mobile-tre-arresti-in-pochi-giorni-nel-bellunese\\\/\"},\"author\":{\"name\":\"redazione\",\"@id\":\"https:\\\/\\\/www.bellunopress.it\\\/#\\\/schema\\\/person\\\/79bb06722b37ece1c03d3e94beb30d73\"},\"headline\":\"Squadra Mobile: tre arresti in pochi giorni nel Bellunese\",\"datePublished\":\"2026-01-31T07:32:42+00:00\",\"mainEntityOfPage\":{\"@id\":\"https:\\\/\\\/www.bellunopress.it\\\/2026\\\/01\\\/31\\\/squadra-mobile-tre-arresti-in-pochi-giorni-nel-bellunese\\\/\"},\"wordCount\":439,\"publisher\":{\"@id\":\"https:\\\/\\\/www.bellunopress.it\\\/#organization\"},\"image\":{\"@id\":\"https:\\\/\\\/www.bellunopress.it\\\/2026\\\/01\\\/31\\\/squadra-mobile-tre-arresti-in-pochi-giorni-nel-bellunese\\\/#primaryimage\"},\"thumbnailUrl\":\"https:\\\/\\\/www.bellunopress.it\\\/wp-content\\\/uploads\\\/2026\\\/01\\\/Squadra-mobile-Polizia.jpg\",\"articleSection\":[\"Cronaca\\\/Politica\",\"Prima Pagina\"],\"inLanguage\":\"fr-FR\"},{\"@type\":\"WebPage\",\"@id\":\"https:\\\/\\\/www.bellunopress.it\\\/2026\\\/01\\\/31\\\/squadra-mobile-tre-arresti-in-pochi-giorni-nel-bellunese\\\/\",\"url\":\"https:\\\/\\\/www.bellunopress.it\\\/2026\\\/01\\\/31\\\/squadra-mobile-tre-arresti-in-pochi-giorni-nel-bellunese\\\/\",\"name\":\"Squadra Mobile: tre arresti in pochi giorni nel Bellunese - Bellunopress - Dolomiti\",\"isPartOf\":{\"@id\":\"https:\\\/\\\/www.bellunopress.it\\\/#website\"},\"primaryImageOfPage\":{\"@id\":\"https:\\\/\\\/www.bellunopress.it\\\/2026\\\/01\\\/31\\\/squadra-mobile-tre-arresti-in-pochi-giorni-nel-bellunese\\\/#primaryimage\"},\"image\":{\"@id\":\"https:\\\/\\\/www.bellunopress.it\\\/2026\\\/01\\\/31\\\/squadra-mobile-tre-arresti-in-pochi-giorni-nel-bellunese\\\/#primaryimage\"},\"thumbnailUrl\":\"https:\\\/\\\/www.bellunopress.it\\\/wp-content\\\/uploads\\\/2026\\\/01\\\/Squadra-mobile-Polizia.jpg\",\"datePublished\":\"2026-01-31T07:32:42+00:00\",\"breadcrumb\":{\"@id\":\"https:\\\/\\\/www.bellunopress.it\\\/2026\\\/01\\\/31\\\/squadra-mobile-tre-arresti-in-pochi-giorni-nel-bellunese\\\/#breadcrumb\"},\"inLanguage\":\"fr-FR\",\"potentialAction\":[{\"@type\":\"ReadAction\",\"target\":[\"https:\\\/\\\/www.bellunopress.it\\\/2026\\\/01\\\/31\\\/squadra-mobile-tre-arresti-in-pochi-giorni-nel-bellunese\\\/\"]}]},{\"@type\":\"ImageObject\",\"inLanguage\":\"fr-FR\",\"@id\":\"https:\\\/\\\/www.bellunopress.it\\\/2026\\\/01\\\/31\\\/squadra-mobile-tre-arresti-in-pochi-giorni-nel-bellunese\\\/#primaryimage\",\"url\":\"https:\\\/\\\/www.bellunopress.it\\\/wp-content\\\/uploads\\\/2026\\\/01\\\/Squadra-mobile-Polizia.jpg\",\"contentUrl\":\"https:\\\/\\\/www.bellunopress.it\\\/wp-content\\\/uploads\\\/2026\\\/01\\\/Squadra-mobile-Polizia.jpg\",\"width\":600,\"height\":553},{\"@type\":\"BreadcrumbList\",\"@id\":\"https:\\\/\\\/www.bellunopress.it\\\/2026\\\/01\\\/31\\\/squadra-mobile-tre-arresti-in-pochi-giorni-nel-bellunese\\\/#breadcrumb\",\"itemListElement\":[{\"@type\":\"ListItem\",\"position\":1,\"name\":\"Home\",\"item\":\"https:\\\/\\\/www.bellunopress.it\\\/\"},{\"@type\":\"ListItem\",\"position\":2,\"name\":\"Squadra Mobile: tre arresti in pochi giorni nel Bellunese\"}]},{\"@type\":\"WebSite\",\"@id\":\"https:\\\/\\\/www.bellunopress.it\\\/#website\",\"url\":\"https:\\\/\\\/www.bellunopress.it\\\/\",\"name\":\"Bellunopress - Dolomiti\",\"description\":\"e-mail: redazione@bellunopress.it\",\"publisher\":{\"@id\":\"https:\\\/\\\/www.bellunopress.it\\\/#organization\"},\"potentialAction\":[{\"@type\":\"SearchAction\",\"target\":{\"@type\":\"EntryPoint\",\"urlTemplate\":\"https:\\\/\\\/www.bellunopress.it\\\/?s={search_term_string}\"},\"query-input\":{\"@type\":\"PropertyValueSpecification\",\"valueRequired\":true,\"valueName\":\"search_term_string\"}}],\"inLanguage\":\"fr-FR\"},{\"@type\":\"Organization\",\"@id\":\"https:\\\/\\\/www.bellunopress.it\\\/#organization\",\"name\":\"Bellunopress\",\"url\":\"https:\\\/\\\/www.bellunopress.it\\\/\",\"logo\":{\"@type\":\"ImageObject\",\"inLanguage\":\"fr-FR\",\"@id\":\"https:\\\/\\\/www.bellunopress.it\\\/#\\\/schema\\\/logo\\\/image\\\/\",\"url\":\"https:\\\/\\\/www.bellunopress.it\\\/wp-content\\\/uploads\\\/2011\\\/05\\\/cropped-logo-bellunopress-.jpg\",\"contentUrl\":\"https:\\\/\\\/www.bellunopress.it\\\/wp-content\\\/uploads\\\/2011\\\/05\\\/cropped-logo-bellunopress-.jpg\",\"width\":512,\"height\":512,\"caption\":\"Bellunopress\"},\"image\":{\"@id\":\"https:\\\/\\\/www.bellunopress.it\\\/#\\\/schema\\\/logo\\\/image\\\/\"},\"sameAs\":[\"https:\\\/\\\/www.facebook.com\\\/profile.php?id=100008943462799\",\"https:\\\/\\\/x.com\\\/bellunopress\",\"https:\\\/\\\/www.linkedin.com\\\/hp\\\/?dnr=JBzUWaJfMUw8vbXJJ2tVW5-I3jZKvC4wsoxE&amp;amp;amp;amp;amp;amp;trk=nav_responsive_tab_home\",\"https:\\\/\\\/www.youtube.com\\\/channel\\\/UCxL0wu1uN0_3_7hGG0306cw\"]},{\"@type\":\"Person\",\"@id\":\"https:\\\/\\\/www.bellunopress.it\\\/#\\\/schema\\\/person\\\/79bb06722b37ece1c03d3e94beb30d73\",\"name\":\"redazione\",\"image\":{\"@type\":\"ImageObject\",\"inLanguage\":\"fr-FR\",\"@id\":\"https:\\\/\\\/secure.gravatar.com\\\/avatar\\\/37d968a2e67a6fd04c169c4bdef102d0bc5d31b2546345219e348575eb80e9a0?s=96&d=mm&r=g\",\"url\":\"https:\\\/\\\/secure.gravatar.com\\\/avatar\\\/37d968a2e67a6fd04c169c4bdef102d0bc5d31b2546345219e348575eb80e9a0?s=96&d=mm&r=g\",\"contentUrl\":\"https:\\\/\\\/secure.gravatar.com\\\/avatar\\\/37d968a2e67a6fd04c169c4bdef102d0bc5d31b2546345219e348575eb80e9a0?s=96&d=mm&r=g\",\"caption\":\"redazione\"},\"sameAs\":[\"http:\\\/\\\/www.bellunopress.it\",\"https:\\\/\\\/x.com\\\/bellunopress\"],\"url\":\"https:\\\/\\\/www.bellunopress.it\\\/fr\\\/author\\\/redazione\\\/\"}]}<\/script>\n<!-- \/ Yoast SEO plugin. -->","yoast_head_json":{"title":"Squadra Mobile: tre arresti in pochi giorni nel Bellunese - Bellunopress - Dolomiti","robots":{"index":"index","follow":"follow","max-snippet":"max-snippet:-1","max-image-preview":"max-image-preview:large","max-video-preview":"max-video-preview:-1"},"canonical":"https:\/\/www.bellunopress.it\/fr\/2026\/01\/31\/squadra-mobile-tre-arresti-in-pochi-giorni-nel-bellunese\/","og_locale":"fr_FR","og_type":"article","og_title":"Squadra Mobile: tre arresti in pochi giorni nel Bellunese - Bellunopress - Dolomiti","og_description":"Belluno, 31 gennaio 2026 \u2013 Si chiude con un bilancio di tre arresti un mese di gennaio particolarmente intenso per la Squadra Mobile della Questura di Belluno. Nell\u2019ambito di un potenziamento dei controlli sul territorio finalizzato alla cattura di soggetti pluripregiudicati, gli uomini della I Sezione hanno dato esecuzione a tre distinti ordini di carcerazione, [&hellip;]","og_url":"https:\/\/www.bellunopress.it\/fr\/2026\/01\/31\/squadra-mobile-tre-arresti-in-pochi-giorni-nel-bellunese\/","og_site_name":"Bellunopress - Dolomiti","article_publisher":"https:\/\/www.facebook.com\/profile.php?id=100008943462799","article_published_time":"2026-01-31T07:32:42+00:00","og_image":[{"width":600,"height":553,"url":"https:\/\/www.bellunopress.it\/wp-content\/uploads\/2026\/01\/Squadra-mobile-Polizia.jpg","type":"image\/jpeg"}],"author":"redazione","twitter_card":"summary_large_image","twitter_creator":"@bellunopress","twitter_site":"@bellunopress","twitter_misc":{"\u00c9crit par":"redazione","Dur\u00e9e de lecture estim\u00e9e":"2 minutes"},"schema":{"@context":"https:\/\/schema.org","@graph":[{"@type":"Article","@id":"https:\/\/www.bellunopress.it\/2026\/01\/31\/squadra-mobile-tre-arresti-in-pochi-giorni-nel-bellunese\/#article","isPartOf":{"@id":"https:\/\/www.bellunopress.it\/2026\/01\/31\/squadra-mobile-tre-arresti-in-pochi-giorni-nel-bellunese\/"},"author":{"name":"redazione","@id":"https:\/\/www.bellunopress.it\/#\/schema\/person\/79bb06722b37ece1c03d3e94beb30d73"},"headline":"Squadra Mobile: tre arresti in pochi giorni nel Bellunese","datePublished":"2026-01-31T07:32:42+00:00","mainEntityOfPage":{"@id":"https:\/\/www.bellunopress.it\/2026\/01\/31\/squadra-mobile-tre-arresti-in-pochi-giorni-nel-bellunese\/"},"wordCount":439,"publisher":{"@id":"https:\/\/www.bellunopress.it\/#organization"},"image":{"@id":"https:\/\/www.bellunopress.it\/2026\/01\/31\/squadra-mobile-tre-arresti-in-pochi-giorni-nel-bellunese\/#primaryimage"},"thumbnailUrl":"https:\/\/www.bellunopress.it\/wp-content\/uploads\/2026\/01\/Squadra-mobile-Polizia.jpg","articleSection":["Cronaca\/Politica","Prima Pagina"],"inLanguage":"fr-FR"},{"@type":"WebPage","@id":"https:\/\/www.bellunopress.it\/2026\/01\/31\/squadra-mobile-tre-arresti-in-pochi-giorni-nel-bellunese\/","url":"https:\/\/www.bellunopress.it\/2026\/01\/31\/squadra-mobile-tre-arresti-in-pochi-giorni-nel-bellunese\/","name":"Squadra Mobile: tre arresti in pochi giorni nel Bellunese - Bellunopress - Dolomiti","isPartOf":{"@id":"https:\/\/www.bellunopress.it\/#website"},"primaryImageOfPage":{"@id":"https:\/\/www.bellunopress.it\/2026\/01\/31\/squadra-mobile-tre-arresti-in-pochi-giorni-nel-bellunese\/#primaryimage"},"image":{"@id":"https:\/\/www.bellunopress.it\/2026\/01\/31\/squadra-mobile-tre-arresti-in-pochi-giorni-nel-bellunese\/#primaryimage"},"thumbnailUrl":"https:\/\/www.bellunopress.it\/wp-content\/uploads\/2026\/01\/Squadra-mobile-Polizia.jpg","datePublished":"2026-01-31T07:32:42+00:00","breadcrumb":{"@id":"https:\/\/www.bellunopress.it\/2026\/01\/31\/squadra-mobile-tre-arresti-in-pochi-giorni-nel-bellunese\/#breadcrumb"},"inLanguage":"fr-FR","potentialAction":[{"@type":"ReadAction","target":["https:\/\/www.bellunopress.it\/2026\/01\/31\/squadra-mobile-tre-arresti-in-pochi-giorni-nel-bellunese\/"]}]},{"@type":"ImageObject","inLanguage":"fr-FR","@id":"https:\/\/www.bellunopress.it\/2026\/01\/31\/squadra-mobile-tre-arresti-in-pochi-giorni-nel-bellunese\/#primaryimage","url":"https:\/\/www.bellunopress.it\/wp-content\/uploads\/2026\/01\/Squadra-mobile-Polizia.jpg","contentUrl":"https:\/\/www.bellunopress.it\/wp-content\/uploads\/2026\/01\/Squadra-mobile-Polizia.jpg","width":600,"height":553},{"@type":"BreadcrumbList","@id":"https:\/\/www.bellunopress.it\/2026\/01\/31\/squadra-mobile-tre-arresti-in-pochi-giorni-nel-bellunese\/#breadcrumb","itemListElement":[{"@type":"ListItem","position":1,"name":"Home","item":"https:\/\/www.bellunopress.it\/"},{"@type":"ListItem","position":2,"name":"Squadra Mobile: tre arresti in pochi giorni nel Bellunese"}]},{"@type":"WebSite","@id":"https:\/\/www.bellunopress.it\/#website","url":"https:\/\/www.bellunopress.it\/","name":"Bellunopress - Dolomiti","description":"e-mail: redazione@bellunopress.it","publisher":{"@id":"https:\/\/www.bellunopress.it\/#organization"},"potentialAction":[{"@type":"SearchAction","target":{"@type":"EntryPoint","urlTemplate":"https:\/\/www.bellunopress.it\/?s={search_term_string}"},"query-input":{"@type":"PropertyValueSpecification","valueRequired":true,"valueName":"search_term_string"}}],"inLanguage":"fr-FR"},{"@type":"Organization","@id":"https:\/\/www.bellunopress.it\/#organization","name":"Bellunopress","url":"https:\/\/www.bellunopress.it\/","logo":{"@type":"ImageObject","inLanguage":"fr-FR","@id":"https:\/\/www.bellunopress.it\/#\/schema\/logo\/image\/","url":"https:\/\/www.bellunopress.it\/wp-content\/uploads\/2011\/05\/cropped-logo-bellunopress-.jpg","contentUrl":"https:\/\/www.bellunopress.it\/wp-content\/uploads\/2011\/05\/cropped-logo-bellunopress-.jpg","width":512,"height":512,"caption":"Bellunopress"},"image":{"@id":"https:\/\/www.bellunopress.it\/#\/schema\/logo\/image\/"},"sameAs":["https:\/\/www.facebook.com\/profile.php?id=100008943462799","https:\/\/x.com\/bellunopress","https:\/\/www.linkedin.com\/hp\/?dnr=JBzUWaJfMUw8vbXJJ2tVW5-I3jZKvC4wsoxE&amp;amp;amp;amp;amp;amp;trk=nav_responsive_tab_home","https:\/\/www.youtube.com\/channel\/UCxL0wu1uN0_3_7hGG0306cw"]},{"@type":"Person","@id":"https:\/\/www.bellunopress.it\/#\/schema\/person\/79bb06722b37ece1c03d3e94beb30d73","name":"r\u00e9daction","image":{"@type":"ImageObject","inLanguage":"fr-FR","@id":"https:\/\/secure.gravatar.com\/avatar\/37d968a2e67a6fd04c169c4bdef102d0bc5d31b2546345219e348575eb80e9a0?s=96&d=mm&r=g","url":"https:\/\/secure.gravatar.com\/avatar\/37d968a2e67a6fd04c169c4bdef102d0bc5d31b2546345219e348575eb80e9a0?s=96&d=mm&r=g","contentUrl":"https:\/\/secure.gravatar.com\/avatar\/37d968a2e67a6fd04c169c4bdef102d0bc5d31b2546345219e348575eb80e9a0?s=96&d=mm&r=g","caption":"redazione"},"sameAs":["http:\/\/www.bellunopress.it","https:\/\/x.com\/bellunopress"],"url":"https:\/\/www.bellunopress.it\/fr\/author\/redazione\/"}]}},"_links":{"self":[{"href":"https:\/\/www.bellunopress.it\/fr\/wp-json\/wp\/v2\/posts\/167004","targetHints":{"allow":["GET"]}}],"collection":[{"href":"https:\/\/www.bellunopress.it\/fr\/wp-json\/wp\/v2\/posts"}],"about":[{"href":"https:\/\/www.bellunopress.it\/fr\/wp-json\/wp\/v2\/types\/post"}],"author":[{"embeddable":true,"href":"https:\/\/www.bellunopress.it\/fr\/wp-json\/wp\/v2\/users\/2"}],"replies":[{"embeddable":true,"href":"https:\/\/www.bellunopress.it\/fr\/wp-json\/wp\/v2\/comments?post=167004"}],"version-history":[{"count":1,"href":"https:\/\/www.bellunopress.it\/fr\/wp-json\/wp\/v2\/posts\/167004\/revisions"}],"predecessor-version":[{"id":167006,"href":"https:\/\/www.bellunopress.it\/fr\/wp-json\/wp\/v2\/posts\/167004\/revisions\/167006"}],"wp:featuredmedia":[{"embeddable":true,"href":"https:\/\/www.bellunopress.it\/fr\/wp-json\/wp\/v2\/media\/167005"}],"wp:attachment":[{"href":"https:\/\/www.bellunopress.it\/fr\/wp-json\/wp\/v2\/media?parent=167004"}],"wp:term":[{"taxonomy":"category","embeddable":true,"href":"https:\/\/www.bellunopress.it\/fr\/wp-json\/wp\/v2\/categories?post=167004"},{"taxonomy":"post_tag","embeddable":true,"href":"https:\/\/www.bellunopress.it\/fr\/wp-json\/wp\/v2\/tags?post=167004"}],"curies":[{"name":"wp","href":"https:\/\/api.w.org\/{rel}","templated":true}]}}