{"id":166997,"date":"2026-01-31T09:30:16","date_gmt":"2026-01-31T08:30:16","guid":{"rendered":"https:\/\/www.bellunopress.it\/?p=166997"},"modified":"2026-01-31T07:42:59","modified_gmt":"2026-01-31T06:42:59","slug":"ponte-nelle-alpi-concorso-letterario-del-circolo-astra-scadenza-15-marzo-2026","status":"publish","type":"post","link":"https:\/\/www.bellunopress.it\/fr\/2026\/01\/31\/ponte-nelle-alpi-concorso-letterario-del-circolo-astra-scadenza-15-marzo-2026\/","title":{"rendered":"Ponte nelle Alpi. Concorso letterario del Circolo Astra. Scadenza 15 marzo 2026"},"content":{"rendered":"<p>Il Circolo Astra Ponte nelle Alpi nell&#8217;anno olimpico che vede la Provincia di Belluno al centro del mondo sportivo internazionale, nell&#8217;intento di promuovere e valorizzare i talenti letterari o semplicemente per dare un&#8217;opportunit\u00e0 agli aspiranti scrittori dilettanti, indice il 2\u00b0 Concorso letterario riservato a tutti i nati prima il 31.12.2015, sul tema:<br \/>\n\u00abSport: palestra di vita, di socialit\u00e0, di fratellanza, di inclusivit\u00e0\u00bb. Un racconto, una riflessione o una poesia sui valori fondamentali per uno sport sano e leale.<\/p>\n<p>\u00abSport: palestra di vita, di socialit\u00e0, di fratellanza, di inclusivit\u00e0. Un racconto, una riflessione o una poesia sui valori fondamentali per uno sport sano e leale\u00bb, \u00e8 il titolo di un concorso letterario a tema per opere di prosa e\/o poesia indetto dal Circolo Astra di Ponte nelle Alpi. Il sodalizio nell&#8217;anno olimpico che vede la provincia di Belluno al centro del mondo sportivo internazionale, intende promuovere e valorizzare i talenti letterari. o semplicemente per dare un&#8217;opportunit\u00e0 agli aspiranti scrittori dilettanti. A tale scopo indice un concorso letterario riservato a tutti i nati prima del 31 dicembre 2015 (dalla classe 5A della scuola primaria in poi). Gli aspiranti scrittori possono partecipare con un solo brano, semplicemente inviando a mezzo posta elettronica il proprio lavoro all&#8217;indirizzo email dedicato del Circolo Astra: concorso@circoloastra.info<\/p>\n<p>Non saranno ammessi brani gi\u00e0 premiati in altri concorsi e\/o pubblicati, anche sul web.<br \/>\nL&#8217;adesione al concorso implica la conferma, da parte del partecipante, di esserne l&#8217;esclusivo autore e di non aver mai editato in nessuna forma il brano presentato.<br \/>\nLo scritto deve essere contenuto in non pi\u00f9 di 6 pagine formato A4, scritte in Word (o simili), carattere Times, corpo 12, interlinea 1,5 pt.<br \/>\nII testo NON deve contenere il nome dell&#8217;autore.<br \/>\nIl titolo va indicato sia nel testo del brano sia nel testo dell&#8217;e-mail di invio.<br \/>\nII testo va inviato all&#8217;indirizzo e-mail: concorsoacircoloastra.info secondo la seguente procedura.<br \/>\nIl bando potr\u00e0 essere rinvenuto su: Facebook, sui siti del Comune e\/o della Pro loco di Ponte nelle Alpi .<br \/>\nIl testo del brano deve essere un file word allegato all&#8217;e-mail di partecipazione.<br \/>\nIl file deve essere in formato testo modificabile.<br \/>\nIl file del brano deve essere denominato con la data di nascita del partecipante (es. 26- 11-1960.doc).<br \/>\nL&#8217;oggetto dell&#8217;e-mail deve essere: \u00abConcorso letterario \u2014 Cognome e Nome del partecipante\u00bb<br \/>\nNel testo dell&#8217;e-mail di invio il partecipante deve indicare: il titolo del racconto, le proprie generalit\u00e0 (nome, cognome, data di nascita, indirizzo di residenza, recapito telefonico, indirizzo e-mail).<br \/>\nIl file del brano in concorso deve essere inviato entro le ore 23.59 del 15 marzo 2026.<br \/>\nA ogni partecipante verr\u00e0 inviata e-mail di risposta per confermare l&#8217;avvenuta ricezione.<br \/>\nEntro 15 giorni dalla data ultima di presentazione, alcuni pre-selezionatori incaricati dal Circolo Astra, senza avere accesso alla scheda di identificazione dell&#8217;autore, esamineranno le opere pervenute e, a loro insindacabile giudizio, selezioneranno quelle meritevoli di partecipare alla fase finale del concorso dividendoli per le due categorie: Ragazzi (dal 2015 al 2010) e Adulti.<br \/>\nEntro il termine di ulteriori 30 giorni, un&#8217;apposita giuria, a suo insindacabile giudizio, e senza conoscere le generalit\u00e0 degli autori, selezioner\u00e0 le 10 opere che riterr\u00e0 migliori (5 per la categoria Ragazzi e 5 per la categoria Adulti) e le dichiarer\u00e0 vincenti redigendo apposito verbale con le motivazioni.<br \/>\nLa proclamazione delle opere vincenti avverr\u00e0 pubblicamente nel corso di un evento dedicato. Nell&#8217;occasione verr\u00e0 letto ufficialmente il verbale della giuria con l&#8217;elenco delle opere risultate vincenti.<br \/>\nIl Circolo ASTRA provveder\u00e0 a proprie spese a stampare e pubblicare un volume che raccoglier\u00e0 almeno 10 tra i migliori lavori selezionati. Di questo volumetto verranno consegnate gratuitamente 3 copie ricordo ad ogni autore risultato vincente. Non saranno elargiti premi in denaro. A discrezione dell&#8217;organizzazione saranno attribuiti eventuali altri premi di merito.<\/p>","protected":false},"excerpt":{"rendered":"<p>Il Circolo Astra Ponte nelle Alpi nell&#8217;anno olimpico che vede la Provincia di Belluno al centro del mondo sportivo internazionale, nell&#8217;intento di promuovere e valorizzare i talenti letterari o semplicemente per dare un&#8217;opportunit\u00e0 agli aspiranti scrittori dilettanti, indice il 2\u00b0 Concorso letterario riservato a tutti i nati prima il 31.12.2015, sul tema: \u00abSport: palestra di [&hellip;]<\/p>\n","protected":false},"author":2,"featured_media":166999,"comment_status":"closed","ping_status":"open","sticky":false,"template":"","format":"standard","meta":{"footnotes":""},"categories":[3],"tags":[],"class_list":["post-166997","post","type-post","status-publish","format-standard","has-post-thumbnail","category-arte-cultura-spettacoli-scienza-archivi"],"yoast_head":"<!-- This site is optimized with the Yoast SEO plugin v28.4 - https:\/\/yoast.com\/product\/yoast-seo-wordpress\/ -->\n<title>Ponte nelle Alpi. Concorso letterario del Circolo Astra. Scadenza 15 marzo 2026 - Bellunopress - Dolomiti<\/title>\n<meta name=\"robots\" content=\"index, follow, max-snippet:-1, max-image-preview:large, max-video-preview:-1\" \/>\n<link rel=\"canonical\" href=\"https:\/\/www.bellunopress.it\/fr\/2026\/01\/31\/ponte-nelle-alpi-concorso-letterario-del-circolo-astra-scadenza-15-marzo-2026\/\" \/>\n<meta property=\"og:locale\" content=\"fr_FR\" \/>\n<meta property=\"og:type\" content=\"article\" \/>\n<meta property=\"og:title\" content=\"Ponte nelle Alpi. Concorso letterario del Circolo Astra. Scadenza 15 marzo 2026 - Bellunopress - Dolomiti\" \/>\n<meta property=\"og:description\" content=\"Il Circolo Astra Ponte nelle Alpi nell&#8217;anno olimpico che vede la Provincia di Belluno al centro del mondo sportivo internazionale, nell&#8217;intento di promuovere e valorizzare i talenti letterari o semplicemente per dare un&#8217;opportunit\u00e0 agli aspiranti scrittori dilettanti, indice il 2\u00b0 Concorso letterario riservato a tutti i nati prima il 31.12.2015, sul tema: \u00abSport: palestra di [&hellip;]\" \/>\n<meta property=\"og:url\" content=\"https:\/\/www.bellunopress.it\/fr\/2026\/01\/31\/ponte-nelle-alpi-concorso-letterario-del-circolo-astra-scadenza-15-marzo-2026\/\" \/>\n<meta property=\"og:site_name\" content=\"Bellunopress - Dolomiti\" \/>\n<meta property=\"article:publisher\" content=\"https:\/\/www.facebook.com\/profile.php?id=100008943462799\" \/>\n<meta property=\"article:published_time\" content=\"2026-01-31T08:30:16+00:00\" \/>\n<meta property=\"og:image\" content=\"https:\/\/www.bellunopress.it\/wp-content\/uploads\/2026\/01\/Concorso-Circolo-Astra.jpg\" \/>\n\t<meta property=\"og:image:width\" content=\"424\" \/>\n\t<meta property=\"og:image:height\" content=\"600\" \/>\n\t<meta property=\"og:image:type\" content=\"image\/jpeg\" \/>\n<meta name=\"author\" content=\"redazione\" \/>\n<meta name=\"twitter:card\" content=\"summary_large_image\" \/>\n<meta name=\"twitter:creator\" content=\"@bellunopress\" \/>\n<meta name=\"twitter:site\" content=\"@bellunopress\" \/>\n<meta name=\"twitter:label1\" content=\"\u00c9crit par\" \/>\n\t<meta name=\"twitter:data1\" content=\"redazione\" \/>\n\t<meta name=\"twitter:label2\" content=\"Dur\u00e9e de lecture estim\u00e9e\" \/>\n\t<meta name=\"twitter:data2\" content=\"3 minutes\" \/>\n<script type=\"application\/ld+json\" class=\"yoast-schema-graph\">{\"@context\":\"https:\\\/\\\/schema.org\",\"@graph\":[{\"@type\":\"Article\",\"@id\":\"https:\\\/\\\/www.bellunopress.it\\\/2026\\\/01\\\/31\\\/ponte-nelle-alpi-concorso-letterario-del-circolo-astra-scadenza-15-marzo-2026\\\/#article\",\"isPartOf\":{\"@id\":\"https:\\\/\\\/www.bellunopress.it\\\/2026\\\/01\\\/31\\\/ponte-nelle-alpi-concorso-letterario-del-circolo-astra-scadenza-15-marzo-2026\\\/\"},\"author\":{\"name\":\"redazione\",\"@id\":\"https:\\\/\\\/www.bellunopress.it\\\/#\\\/schema\\\/person\\\/79bb06722b37ece1c03d3e94beb30d73\"},\"headline\":\"Ponte nelle Alpi. Concorso letterario del Circolo Astra. Scadenza 15 marzo 2026\",\"datePublished\":\"2026-01-31T08:30:16+00:00\",\"mainEntityOfPage\":{\"@id\":\"https:\\\/\\\/www.bellunopress.it\\\/2026\\\/01\\\/31\\\/ponte-nelle-alpi-concorso-letterario-del-circolo-astra-scadenza-15-marzo-2026\\\/\"},\"wordCount\":631,\"publisher\":{\"@id\":\"https:\\\/\\\/www.bellunopress.it\\\/#organization\"},\"image\":{\"@id\":\"https:\\\/\\\/www.bellunopress.it\\\/2026\\\/01\\\/31\\\/ponte-nelle-alpi-concorso-letterario-del-circolo-astra-scadenza-15-marzo-2026\\\/#primaryimage\"},\"thumbnailUrl\":\"https:\\\/\\\/www.bellunopress.it\\\/wp-content\\\/uploads\\\/2026\\\/01\\\/Concorso-Circolo-Astra.jpg\",\"articleSection\":[\"Arte, Cultura, Spettacoli, Scienza\"],\"inLanguage\":\"fr-FR\"},{\"@type\":\"WebPage\",\"@id\":\"https:\\\/\\\/www.bellunopress.it\\\/2026\\\/01\\\/31\\\/ponte-nelle-alpi-concorso-letterario-del-circolo-astra-scadenza-15-marzo-2026\\\/\",\"url\":\"https:\\\/\\\/www.bellunopress.it\\\/2026\\\/01\\\/31\\\/ponte-nelle-alpi-concorso-letterario-del-circolo-astra-scadenza-15-marzo-2026\\\/\",\"name\":\"Ponte nelle Alpi. Concorso letterario del Circolo Astra. Scadenza 15 marzo 2026 - Bellunopress - Dolomiti\",\"isPartOf\":{\"@id\":\"https:\\\/\\\/www.bellunopress.it\\\/#website\"},\"primaryImageOfPage\":{\"@id\":\"https:\\\/\\\/www.bellunopress.it\\\/2026\\\/01\\\/31\\\/ponte-nelle-alpi-concorso-letterario-del-circolo-astra-scadenza-15-marzo-2026\\\/#primaryimage\"},\"image\":{\"@id\":\"https:\\\/\\\/www.bellunopress.it\\\/2026\\\/01\\\/31\\\/ponte-nelle-alpi-concorso-letterario-del-circolo-astra-scadenza-15-marzo-2026\\\/#primaryimage\"},\"thumbnailUrl\":\"https:\\\/\\\/www.bellunopress.it\\\/wp-content\\\/uploads\\\/2026\\\/01\\\/Concorso-Circolo-Astra.jpg\",\"datePublished\":\"2026-01-31T08:30:16+00:00\",\"breadcrumb\":{\"@id\":\"https:\\\/\\\/www.bellunopress.it\\\/2026\\\/01\\\/31\\\/ponte-nelle-alpi-concorso-letterario-del-circolo-astra-scadenza-15-marzo-2026\\\/#breadcrumb\"},\"inLanguage\":\"fr-FR\",\"potentialAction\":[{\"@type\":\"ReadAction\",\"target\":[\"https:\\\/\\\/www.bellunopress.it\\\/2026\\\/01\\\/31\\\/ponte-nelle-alpi-concorso-letterario-del-circolo-astra-scadenza-15-marzo-2026\\\/\"]}]},{\"@type\":\"ImageObject\",\"inLanguage\":\"fr-FR\",\"@id\":\"https:\\\/\\\/www.bellunopress.it\\\/2026\\\/01\\\/31\\\/ponte-nelle-alpi-concorso-letterario-del-circolo-astra-scadenza-15-marzo-2026\\\/#primaryimage\",\"url\":\"https:\\\/\\\/www.bellunopress.it\\\/wp-content\\\/uploads\\\/2026\\\/01\\\/Concorso-Circolo-Astra.jpg\",\"contentUrl\":\"https:\\\/\\\/www.bellunopress.it\\\/wp-content\\\/uploads\\\/2026\\\/01\\\/Concorso-Circolo-Astra.jpg\",\"width\":424,\"height\":600},{\"@type\":\"BreadcrumbList\",\"@id\":\"https:\\\/\\\/www.bellunopress.it\\\/2026\\\/01\\\/31\\\/ponte-nelle-alpi-concorso-letterario-del-circolo-astra-scadenza-15-marzo-2026\\\/#breadcrumb\",\"itemListElement\":[{\"@type\":\"ListItem\",\"position\":1,\"name\":\"Home\",\"item\":\"https:\\\/\\\/www.bellunopress.it\\\/\"},{\"@type\":\"ListItem\",\"position\":2,\"name\":\"Ponte nelle Alpi. Concorso letterario del Circolo Astra. Scadenza 15 marzo 2026\"}]},{\"@type\":\"WebSite\",\"@id\":\"https:\\\/\\\/www.bellunopress.it\\\/#website\",\"url\":\"https:\\\/\\\/www.bellunopress.it\\\/\",\"name\":\"Bellunopress - Dolomiti\",\"description\":\"e-mail: redazione@bellunopress.it\",\"publisher\":{\"@id\":\"https:\\\/\\\/www.bellunopress.it\\\/#organization\"},\"potentialAction\":[{\"@type\":\"SearchAction\",\"target\":{\"@type\":\"EntryPoint\",\"urlTemplate\":\"https:\\\/\\\/www.bellunopress.it\\\/?s={search_term_string}\"},\"query-input\":{\"@type\":\"PropertyValueSpecification\",\"valueRequired\":true,\"valueName\":\"search_term_string\"}}],\"inLanguage\":\"fr-FR\"},{\"@type\":\"Organization\",\"@id\":\"https:\\\/\\\/www.bellunopress.it\\\/#organization\",\"name\":\"Bellunopress\",\"url\":\"https:\\\/\\\/www.bellunopress.it\\\/\",\"logo\":{\"@type\":\"ImageObject\",\"inLanguage\":\"fr-FR\",\"@id\":\"https:\\\/\\\/www.bellunopress.it\\\/#\\\/schema\\\/logo\\\/image\\\/\",\"url\":\"https:\\\/\\\/www.bellunopress.it\\\/wp-content\\\/uploads\\\/2011\\\/05\\\/cropped-logo-bellunopress-.jpg\",\"contentUrl\":\"https:\\\/\\\/www.bellunopress.it\\\/wp-content\\\/uploads\\\/2011\\\/05\\\/cropped-logo-bellunopress-.jpg\",\"width\":512,\"height\":512,\"caption\":\"Bellunopress\"},\"image\":{\"@id\":\"https:\\\/\\\/www.bellunopress.it\\\/#\\\/schema\\\/logo\\\/image\\\/\"},\"sameAs\":[\"https:\\\/\\\/www.facebook.com\\\/profile.php?id=100008943462799\",\"https:\\\/\\\/x.com\\\/bellunopress\",\"https:\\\/\\\/www.linkedin.com\\\/hp\\\/?dnr=JBzUWaJfMUw8vbXJJ2tVW5-I3jZKvC4wsoxE&amp;amp;amp;amp;amp;amp;trk=nav_responsive_tab_home\",\"https:\\\/\\\/www.youtube.com\\\/channel\\\/UCxL0wu1uN0_3_7hGG0306cw\"]},{\"@type\":\"Person\",\"@id\":\"https:\\\/\\\/www.bellunopress.it\\\/#\\\/schema\\\/person\\\/79bb06722b37ece1c03d3e94beb30d73\",\"name\":\"redazione\",\"image\":{\"@type\":\"ImageObject\",\"inLanguage\":\"fr-FR\",\"@id\":\"https:\\\/\\\/secure.gravatar.com\\\/avatar\\\/37d968a2e67a6fd04c169c4bdef102d0bc5d31b2546345219e348575eb80e9a0?s=96&d=mm&r=g\",\"url\":\"https:\\\/\\\/secure.gravatar.com\\\/avatar\\\/37d968a2e67a6fd04c169c4bdef102d0bc5d31b2546345219e348575eb80e9a0?s=96&d=mm&r=g\",\"contentUrl\":\"https:\\\/\\\/secure.gravatar.com\\\/avatar\\\/37d968a2e67a6fd04c169c4bdef102d0bc5d31b2546345219e348575eb80e9a0?s=96&d=mm&r=g\",\"caption\":\"redazione\"},\"sameAs\":[\"http:\\\/\\\/www.bellunopress.it\",\"https:\\\/\\\/x.com\\\/bellunopress\"],\"url\":\"https:\\\/\\\/www.bellunopress.it\\\/fr\\\/author\\\/redazione\\\/\"}]}<\/script>\n<!-- \/ Yoast SEO plugin. -->","yoast_head_json":{"title":"Ponte nelle Alpi. Concorso letterario del Circolo Astra. Scadenza 15 marzo 2026 - Bellunopress - Dolomiti","robots":{"index":"index","follow":"follow","max-snippet":"max-snippet:-1","max-image-preview":"max-image-preview:large","max-video-preview":"max-video-preview:-1"},"canonical":"https:\/\/www.bellunopress.it\/fr\/2026\/01\/31\/ponte-nelle-alpi-concorso-letterario-del-circolo-astra-scadenza-15-marzo-2026\/","og_locale":"fr_FR","og_type":"article","og_title":"Ponte nelle Alpi. Concorso letterario del Circolo Astra. Scadenza 15 marzo 2026 - Bellunopress - Dolomiti","og_description":"Il Circolo Astra Ponte nelle Alpi nell&#8217;anno olimpico che vede la Provincia di Belluno al centro del mondo sportivo internazionale, nell&#8217;intento di promuovere e valorizzare i talenti letterari o semplicemente per dare un&#8217;opportunit\u00e0 agli aspiranti scrittori dilettanti, indice il 2\u00b0 Concorso letterario riservato a tutti i nati prima il 31.12.2015, sul tema: \u00abSport: palestra di [&hellip;]","og_url":"https:\/\/www.bellunopress.it\/fr\/2026\/01\/31\/ponte-nelle-alpi-concorso-letterario-del-circolo-astra-scadenza-15-marzo-2026\/","og_site_name":"Bellunopress - Dolomiti","article_publisher":"https:\/\/www.facebook.com\/profile.php?id=100008943462799","article_published_time":"2026-01-31T08:30:16+00:00","og_image":[{"width":424,"height":600,"url":"https:\/\/www.bellunopress.it\/wp-content\/uploads\/2026\/01\/Concorso-Circolo-Astra.jpg","type":"image\/jpeg"}],"author":"redazione","twitter_card":"summary_large_image","twitter_creator":"@bellunopress","twitter_site":"@bellunopress","twitter_misc":{"\u00c9crit par":"redazione","Dur\u00e9e de lecture estim\u00e9e":"3 minutes"},"schema":{"@context":"https:\/\/schema.org","@graph":[{"@type":"Article","@id":"https:\/\/www.bellunopress.it\/2026\/01\/31\/ponte-nelle-alpi-concorso-letterario-del-circolo-astra-scadenza-15-marzo-2026\/#article","isPartOf":{"@id":"https:\/\/www.bellunopress.it\/2026\/01\/31\/ponte-nelle-alpi-concorso-letterario-del-circolo-astra-scadenza-15-marzo-2026\/"},"author":{"name":"redazione","@id":"https:\/\/www.bellunopress.it\/#\/schema\/person\/79bb06722b37ece1c03d3e94beb30d73"},"headline":"Ponte nelle Alpi. Concorso letterario del Circolo Astra. Scadenza 15 marzo 2026","datePublished":"2026-01-31T08:30:16+00:00","mainEntityOfPage":{"@id":"https:\/\/www.bellunopress.it\/2026\/01\/31\/ponte-nelle-alpi-concorso-letterario-del-circolo-astra-scadenza-15-marzo-2026\/"},"wordCount":631,"publisher":{"@id":"https:\/\/www.bellunopress.it\/#organization"},"image":{"@id":"https:\/\/www.bellunopress.it\/2026\/01\/31\/ponte-nelle-alpi-concorso-letterario-del-circolo-astra-scadenza-15-marzo-2026\/#primaryimage"},"thumbnailUrl":"https:\/\/www.bellunopress.it\/wp-content\/uploads\/2026\/01\/Concorso-Circolo-Astra.jpg","articleSection":["Arte, Cultura, Spettacoli, Scienza"],"inLanguage":"fr-FR"},{"@type":"WebPage","@id":"https:\/\/www.bellunopress.it\/2026\/01\/31\/ponte-nelle-alpi-concorso-letterario-del-circolo-astra-scadenza-15-marzo-2026\/","url":"https:\/\/www.bellunopress.it\/2026\/01\/31\/ponte-nelle-alpi-concorso-letterario-del-circolo-astra-scadenza-15-marzo-2026\/","name":"Ponte nelle Alpi. Concorso letterario del Circolo Astra. Scadenza 15 marzo 2026 - Bellunopress - Dolomiti","isPartOf":{"@id":"https:\/\/www.bellunopress.it\/#website"},"primaryImageOfPage":{"@id":"https:\/\/www.bellunopress.it\/2026\/01\/31\/ponte-nelle-alpi-concorso-letterario-del-circolo-astra-scadenza-15-marzo-2026\/#primaryimage"},"image":{"@id":"https:\/\/www.bellunopress.it\/2026\/01\/31\/ponte-nelle-alpi-concorso-letterario-del-circolo-astra-scadenza-15-marzo-2026\/#primaryimage"},"thumbnailUrl":"https:\/\/www.bellunopress.it\/wp-content\/uploads\/2026\/01\/Concorso-Circolo-Astra.jpg","datePublished":"2026-01-31T08:30:16+00:00","breadcrumb":{"@id":"https:\/\/www.bellunopress.it\/2026\/01\/31\/ponte-nelle-alpi-concorso-letterario-del-circolo-astra-scadenza-15-marzo-2026\/#breadcrumb"},"inLanguage":"fr-FR","potentialAction":[{"@type":"ReadAction","target":["https:\/\/www.bellunopress.it\/2026\/01\/31\/ponte-nelle-alpi-concorso-letterario-del-circolo-astra-scadenza-15-marzo-2026\/"]}]},{"@type":"ImageObject","inLanguage":"fr-FR","@id":"https:\/\/www.bellunopress.it\/2026\/01\/31\/ponte-nelle-alpi-concorso-letterario-del-circolo-astra-scadenza-15-marzo-2026\/#primaryimage","url":"https:\/\/www.bellunopress.it\/wp-content\/uploads\/2026\/01\/Concorso-Circolo-Astra.jpg","contentUrl":"https:\/\/www.bellunopress.it\/wp-content\/uploads\/2026\/01\/Concorso-Circolo-Astra.jpg","width":424,"height":600},{"@type":"BreadcrumbList","@id":"https:\/\/www.bellunopress.it\/2026\/01\/31\/ponte-nelle-alpi-concorso-letterario-del-circolo-astra-scadenza-15-marzo-2026\/#breadcrumb","itemListElement":[{"@type":"ListItem","position":1,"name":"Home","item":"https:\/\/www.bellunopress.it\/"},{"@type":"ListItem","position":2,"name":"Ponte nelle Alpi. Concorso letterario del Circolo Astra. Scadenza 15 marzo 2026"}]},{"@type":"WebSite","@id":"https:\/\/www.bellunopress.it\/#website","url":"https:\/\/www.bellunopress.it\/","name":"Bellunopress - Dolomiti","description":"e-mail: redazione@bellunopress.it","publisher":{"@id":"https:\/\/www.bellunopress.it\/#organization"},"potentialAction":[{"@type":"SearchAction","target":{"@type":"EntryPoint","urlTemplate":"https:\/\/www.bellunopress.it\/?s={search_term_string}"},"query-input":{"@type":"PropertyValueSpecification","valueRequired":true,"valueName":"search_term_string"}}],"inLanguage":"fr-FR"},{"@type":"Organization","@id":"https:\/\/www.bellunopress.it\/#organization","name":"Bellunopress","url":"https:\/\/www.bellunopress.it\/","logo":{"@type":"ImageObject","inLanguage":"fr-FR","@id":"https:\/\/www.bellunopress.it\/#\/schema\/logo\/image\/","url":"https:\/\/www.bellunopress.it\/wp-content\/uploads\/2011\/05\/cropped-logo-bellunopress-.jpg","contentUrl":"https:\/\/www.bellunopress.it\/wp-content\/uploads\/2011\/05\/cropped-logo-bellunopress-.jpg","width":512,"height":512,"caption":"Bellunopress"},"image":{"@id":"https:\/\/www.bellunopress.it\/#\/schema\/logo\/image\/"},"sameAs":["https:\/\/www.facebook.com\/profile.php?id=100008943462799","https:\/\/x.com\/bellunopress","https:\/\/www.linkedin.com\/hp\/?dnr=JBzUWaJfMUw8vbXJJ2tVW5-I3jZKvC4wsoxE&amp;amp;amp;amp;amp;amp;trk=nav_responsive_tab_home","https:\/\/www.youtube.com\/channel\/UCxL0wu1uN0_3_7hGG0306cw"]},{"@type":"Person","@id":"https:\/\/www.bellunopress.it\/#\/schema\/person\/79bb06722b37ece1c03d3e94beb30d73","name":"r\u00e9daction","image":{"@type":"ImageObject","inLanguage":"fr-FR","@id":"https:\/\/secure.gravatar.com\/avatar\/37d968a2e67a6fd04c169c4bdef102d0bc5d31b2546345219e348575eb80e9a0?s=96&d=mm&r=g","url":"https:\/\/secure.gravatar.com\/avatar\/37d968a2e67a6fd04c169c4bdef102d0bc5d31b2546345219e348575eb80e9a0?s=96&d=mm&r=g","contentUrl":"https:\/\/secure.gravatar.com\/avatar\/37d968a2e67a6fd04c169c4bdef102d0bc5d31b2546345219e348575eb80e9a0?s=96&d=mm&r=g","caption":"redazione"},"sameAs":["http:\/\/www.bellunopress.it","https:\/\/x.com\/bellunopress"],"url":"https:\/\/www.bellunopress.it\/fr\/author\/redazione\/"}]}},"_links":{"self":[{"href":"https:\/\/www.bellunopress.it\/fr\/wp-json\/wp\/v2\/posts\/166997","targetHints":{"allow":["GET"]}}],"collection":[{"href":"https:\/\/www.bellunopress.it\/fr\/wp-json\/wp\/v2\/posts"}],"about":[{"href":"https:\/\/www.bellunopress.it\/fr\/wp-json\/wp\/v2\/types\/post"}],"author":[{"embeddable":true,"href":"https:\/\/www.bellunopress.it\/fr\/wp-json\/wp\/v2\/users\/2"}],"replies":[{"embeddable":true,"href":"https:\/\/www.bellunopress.it\/fr\/wp-json\/wp\/v2\/comments?post=166997"}],"version-history":[{"count":1,"href":"https:\/\/www.bellunopress.it\/fr\/wp-json\/wp\/v2\/posts\/166997\/revisions"}],"predecessor-version":[{"id":167000,"href":"https:\/\/www.bellunopress.it\/fr\/wp-json\/wp\/v2\/posts\/166997\/revisions\/167000"}],"wp:featuredmedia":[{"embeddable":true,"href":"https:\/\/www.bellunopress.it\/fr\/wp-json\/wp\/v2\/media\/166999"}],"wp:attachment":[{"href":"https:\/\/www.bellunopress.it\/fr\/wp-json\/wp\/v2\/media?parent=166997"}],"wp:term":[{"taxonomy":"category","embeddable":true,"href":"https:\/\/www.bellunopress.it\/fr\/wp-json\/wp\/v2\/categories?post=166997"},{"taxonomy":"post_tag","embeddable":true,"href":"https:\/\/www.bellunopress.it\/fr\/wp-json\/wp\/v2\/tags?post=166997"}],"curies":[{"name":"wp","href":"https:\/\/api.w.org\/{rel}","templated":true}]}}