{"id":166995,"date":"2026-01-30T21:44:44","date_gmt":"2026-01-30T20:44:44","guid":{"rendered":"https:\/\/www.bellunopress.it\/?p=166995"},"modified":"2026-01-30T21:44:44","modified_gmt":"2026-01-30T20:44:44","slug":"verso-milano-cortina-2026-a-san-vito-di-cadore-apre-la-nuova-rotatoria-dello-svincolo-nord","status":"publish","type":"post","link":"https:\/\/www.bellunopress.it\/fr\/2026\/01\/30\/verso-milano-cortina-2026-a-san-vito-di-cadore-apre-la-nuova-rotatoria-dello-svincolo-nord\/","title":{"rendered":"Verso Milano Cortina 2026: a San Vito di Cadore apre la nuova rotatoria dello svincolo nord"},"content":{"rendered":"<p data-path-to-node=\"3\"><b data-path-to-node=\"3\" data-index-in-node=\"0\">Svolta per la viabilit\u00e0 cadorina: il 4 febbraio l&#8217;inaugurazione funzionale dell&#8217;opera. Un passo decisivo per gestire i flussi olimpici e migliorare l&#8217;accesso a Chiapuzza e al Lago di Mosigo.<\/b><\/p>\n<p data-path-to-node=\"4\">Venezia, 30 gennaio 2026 &#8211; Il countdown per i Giochi Olimpici e Paralimpici Invernali 2026 accelera il passo e, con esso, anche i cantieri stradali nel cuore delle Dolomiti. Mercoled\u00ec 4 febbraio segner\u00e0 una data cruciale per la mobilit\u00e0 della Valle del Boite: aprir\u00e0 ufficialmente al traffico la rotatoria dello svincolo nord della variante di San Vito di Cadore.<\/p>\n<p data-path-to-node=\"6\">La decisione \u00e8 maturata al termine di un sopralluogo tecnico decisivo avvenuto questa mattina, che ha visto seduti allo stesso tavolo Anas, il Comune di San Vito, la Fondazione Milano Cortina 2026, la Provincia di Belluno e Dolomitibus.<\/p>\n<p data-path-to-node=\"7\">L\u2019obiettivo \u00e8 chiaro: ottimizzare l\u2019accessibilit\u00e0 prima che i riflettori del mondo si accendano sulle piste. La rotatoria non \u00e8 solo un\u2019opera infrastrutturale, ma il fulcro per gestire i flussi verso le aree di parcheggio e interscambio di Lago di Mosigo e Chiapuzza, fondamentali per il piano di mobilit\u00e0 dell\u2019evento.<\/p>\n<h6 style=\"text-align: left;\" data-path-to-node=\"9\">L\u2019Amministratore Delegato di Anas, <b data-path-to-node=\"9\" data-index-in-node=\"35\">Claudio Andrea Gemme<\/b>, ha espresso soddisfazione per il traguardo raggiunto:<\/h6>\n<blockquote data-path-to-node=\"10\">\n<h6 style=\"text-align: left;\" data-path-to-node=\"10,0\">&#8220;Dopo l\u2019inaugurazione del 26 gennaio delle Varianti di Valle e Tai di Cadore, l\u2019apertura anticipata di San Vito conclude gli impegni presi. Nonostante le sfide tecniche del cantiere, siamo determinati a supportare il successo dell\u2019evento olimpico e a migliorare la vita quotidiana dei residenti.&#8221;<\/h6>\n<\/blockquote>\n<p data-path-to-node=\"13\">L\u2019apertura non sar\u00e0 solo a beneficio dei turisti, ma porter\u00e0 benefici immediati ai cittadini della frazione di Chiapuzza. Ecco i punti principali del nuovo assetto temporaneo concordato:<\/p>\n<ul data-path-to-node=\"14\">\n<li>\n<p data-path-to-node=\"14,0,0\">Accesso Diretto: Collegamento facilitato per i residenti e per chi deve raggiungere i parcheggi olimpici.<\/p>\n<\/li>\n<li>\n<p data-path-to-node=\"14,1,0\">Senso Unico: La via comunale \u201cal Lago\u201d sar\u00e0 regolata a senso unico in direzione del lago di Mosigo nel tratto iniziale.<\/p>\n<\/li>\n<li>\n<p data-path-to-node=\"14,2,0\">Punto di Filtraggio: L&#8217;opera si inserisce nel sistema che vedr\u00e0 in localit\u00e0 \u201cDogana Vecchia\u201d il check-point per i possessori di pass per Cortina.<\/p>\n<\/li>\n<\/ul>\n<p data-path-to-node=\"16\">L\u2019attivazione della rotatoria \u00e8 solo un tassello di un mosaico pi\u00f9 ampio. Anas \u00e8 impegnata su pi\u00f9 fronti lungo la Statale 51 per garantire sicurezza e fluidit\u00e0:<\/p>\n<ol start=\"1\" data-path-to-node=\"17\">\n<li>\n<p data-path-to-node=\"17,0,0\">Sicurezza stradale in corrispondenza del Villaggio Olimpico.<\/p>\n<\/li>\n<li>\n<p data-path-to-node=\"17,1,0\">Segnaletica potenziata dedicata ai siti di gara.<\/p>\n<\/li>\n<li>\n<p data-path-to-node=\"17,2,0\">Piano antighiaccio con forniture straordinarie di sale per le attivit\u00e0 di prevenzione.<\/p>\n<\/li>\n<\/ol>\n<p data-path-to-node=\"18\">Con l\u2019apertura del 4 febbraio, il Cadore si presenta all\u2019appuntamento a cinque cerchi con una veste pi\u00f9 moderna e funzionale, cercando l&#8217;equilibrio tra le esigenze dei grandi flussi internazionali e la vivibilit\u00e0 del territorio.<\/p>","protected":false},"excerpt":{"rendered":"<p>Svolta per la viabilit\u00e0 cadorina: il 4 febbraio l&#8217;inaugurazione funzionale dell&#8217;opera. Un passo decisivo per gestire i flussi olimpici e migliorare l&#8217;accesso a Chiapuzza e al Lago di Mosigo. Venezia, 30 gennaio 2026 &#8211; Il countdown per i Giochi Olimpici e Paralimpici Invernali 2026 accelera il passo e, con esso, anche i cantieri stradali nel [&hellip;]<\/p>\n","protected":false},"author":2,"featured_media":166840,"comment_status":"closed","ping_status":"open","sticky":false,"template":"","format":"standard","meta":{"footnotes":""},"categories":[8],"tags":[],"class_list":["post-166995","post","type-post","status-publish","format-standard","has-post-thumbnail","category-societa-istituzioni"],"yoast_head":"<!-- This site is optimized with the Yoast SEO plugin v28.4 - https:\/\/yoast.com\/product\/yoast-seo-wordpress\/ -->\n<title>Verso Milano Cortina 2026: a San Vito di Cadore apre la nuova rotatoria dello svincolo nord - Bellunopress - Dolomiti<\/title>\n<meta name=\"robots\" content=\"index, follow, max-snippet:-1, max-image-preview:large, max-video-preview:-1\" \/>\n<link rel=\"canonical\" href=\"https:\/\/www.bellunopress.it\/fr\/2026\/01\/30\/verso-milano-cortina-2026-a-san-vito-di-cadore-apre-la-nuova-rotatoria-dello-svincolo-nord\/\" \/>\n<meta property=\"og:locale\" content=\"fr_FR\" \/>\n<meta property=\"og:type\" content=\"article\" \/>\n<meta property=\"og:title\" content=\"Verso Milano Cortina 2026: a San Vito di Cadore apre la nuova rotatoria dello svincolo nord - Bellunopress - Dolomiti\" \/>\n<meta property=\"og:description\" content=\"Svolta per la viabilit\u00e0 cadorina: il 4 febbraio l&#8217;inaugurazione funzionale dell&#8217;opera. Un passo decisivo per gestire i flussi olimpici e migliorare l&#8217;accesso a Chiapuzza e al Lago di Mosigo. Venezia, 30 gennaio 2026 &#8211; Il countdown per i Giochi Olimpici e Paralimpici Invernali 2026 accelera il passo e, con esso, anche i cantieri stradali nel [&hellip;]\" \/>\n<meta property=\"og:url\" content=\"https:\/\/www.bellunopress.it\/fr\/2026\/01\/30\/verso-milano-cortina-2026-a-san-vito-di-cadore-apre-la-nuova-rotatoria-dello-svincolo-nord\/\" \/>\n<meta property=\"og:site_name\" content=\"Bellunopress - Dolomiti\" \/>\n<meta property=\"article:publisher\" content=\"https:\/\/www.facebook.com\/profile.php?id=100008943462799\" \/>\n<meta property=\"article:published_time\" content=\"2026-01-30T20:44:44+00:00\" \/>\n<meta property=\"og:image\" content=\"https:\/\/www.bellunopress.it\/wp-content\/uploads\/2026\/01\/Claudio-Andrea-Gemme-Ad-Anas.jpg\" \/>\n\t<meta property=\"og:image:width\" content=\"600\" \/>\n\t<meta property=\"og:image:height\" content=\"600\" \/>\n\t<meta property=\"og:image:type\" content=\"image\/jpeg\" \/>\n<meta name=\"author\" content=\"redazione\" \/>\n<meta name=\"twitter:card\" content=\"summary_large_image\" \/>\n<meta name=\"twitter:creator\" content=\"@bellunopress\" \/>\n<meta name=\"twitter:site\" content=\"@bellunopress\" \/>\n<meta name=\"twitter:label1\" content=\"Written by\" \/>\n\t<meta name=\"twitter:data1\" content=\"redazione\" \/>\n\t<meta name=\"twitter:label2\" content=\"Est. reading time\" \/>\n\t<meta name=\"twitter:data2\" content=\"2 minutes\" \/>\n<script type=\"application\/ld+json\" class=\"yoast-schema-graph\">{\"@context\":\"https:\\\/\\\/schema.org\",\"@graph\":[{\"@type\":\"Article\",\"@id\":\"https:\\\/\\\/www.bellunopress.it\\\/2026\\\/01\\\/30\\\/verso-milano-cortina-2026-a-san-vito-di-cadore-apre-la-nuova-rotatoria-dello-svincolo-nord\\\/#article\",\"isPartOf\":{\"@id\":\"https:\\\/\\\/www.bellunopress.it\\\/2026\\\/01\\\/30\\\/verso-milano-cortina-2026-a-san-vito-di-cadore-apre-la-nuova-rotatoria-dello-svincolo-nord\\\/\"},\"author\":{\"name\":\"redazione\",\"@id\":\"https:\\\/\\\/www.bellunopress.it\\\/#\\\/schema\\\/person\\\/79bb06722b37ece1c03d3e94beb30d73\"},\"headline\":\"Verso Milano Cortina 2026: a San Vito di Cadore apre la nuova rotatoria dello svincolo nord\",\"datePublished\":\"2026-01-30T20:44:44+00:00\",\"mainEntityOfPage\":{\"@id\":\"https:\\\/\\\/www.bellunopress.it\\\/2026\\\/01\\\/30\\\/verso-milano-cortina-2026-a-san-vito-di-cadore-apre-la-nuova-rotatoria-dello-svincolo-nord\\\/\"},\"wordCount\":424,\"publisher\":{\"@id\":\"https:\\\/\\\/www.bellunopress.it\\\/#organization\"},\"image\":{\"@id\":\"https:\\\/\\\/www.bellunopress.it\\\/2026\\\/01\\\/30\\\/verso-milano-cortina-2026-a-san-vito-di-cadore-apre-la-nuova-rotatoria-dello-svincolo-nord\\\/#primaryimage\"},\"thumbnailUrl\":\"https:\\\/\\\/www.bellunopress.it\\\/wp-content\\\/uploads\\\/2026\\\/01\\\/Claudio-Andrea-Gemme-Ad-Anas.jpg\",\"articleSection\":[\"Societ\u00e0, Associazioni, Istituzioni\"],\"inLanguage\":\"fr-FR\"},{\"@type\":\"WebPage\",\"@id\":\"https:\\\/\\\/www.bellunopress.it\\\/2026\\\/01\\\/30\\\/verso-milano-cortina-2026-a-san-vito-di-cadore-apre-la-nuova-rotatoria-dello-svincolo-nord\\\/\",\"url\":\"https:\\\/\\\/www.bellunopress.it\\\/2026\\\/01\\\/30\\\/verso-milano-cortina-2026-a-san-vito-di-cadore-apre-la-nuova-rotatoria-dello-svincolo-nord\\\/\",\"name\":\"Verso Milano Cortina 2026: a San Vito di Cadore apre la nuova rotatoria dello svincolo nord - Bellunopress - Dolomiti\",\"isPartOf\":{\"@id\":\"https:\\\/\\\/www.bellunopress.it\\\/#website\"},\"primaryImageOfPage\":{\"@id\":\"https:\\\/\\\/www.bellunopress.it\\\/2026\\\/01\\\/30\\\/verso-milano-cortina-2026-a-san-vito-di-cadore-apre-la-nuova-rotatoria-dello-svincolo-nord\\\/#primaryimage\"},\"image\":{\"@id\":\"https:\\\/\\\/www.bellunopress.it\\\/2026\\\/01\\\/30\\\/verso-milano-cortina-2026-a-san-vito-di-cadore-apre-la-nuova-rotatoria-dello-svincolo-nord\\\/#primaryimage\"},\"thumbnailUrl\":\"https:\\\/\\\/www.bellunopress.it\\\/wp-content\\\/uploads\\\/2026\\\/01\\\/Claudio-Andrea-Gemme-Ad-Anas.jpg\",\"datePublished\":\"2026-01-30T20:44:44+00:00\",\"breadcrumb\":{\"@id\":\"https:\\\/\\\/www.bellunopress.it\\\/2026\\\/01\\\/30\\\/verso-milano-cortina-2026-a-san-vito-di-cadore-apre-la-nuova-rotatoria-dello-svincolo-nord\\\/#breadcrumb\"},\"inLanguage\":\"fr-FR\",\"potentialAction\":[{\"@type\":\"ReadAction\",\"target\":[\"https:\\\/\\\/www.bellunopress.it\\\/2026\\\/01\\\/30\\\/verso-milano-cortina-2026-a-san-vito-di-cadore-apre-la-nuova-rotatoria-dello-svincolo-nord\\\/\"]}]},{\"@type\":\"ImageObject\",\"inLanguage\":\"fr-FR\",\"@id\":\"https:\\\/\\\/www.bellunopress.it\\\/2026\\\/01\\\/30\\\/verso-milano-cortina-2026-a-san-vito-di-cadore-apre-la-nuova-rotatoria-dello-svincolo-nord\\\/#primaryimage\",\"url\":\"https:\\\/\\\/www.bellunopress.it\\\/wp-content\\\/uploads\\\/2026\\\/01\\\/Claudio-Andrea-Gemme-Ad-Anas.jpg\",\"contentUrl\":\"https:\\\/\\\/www.bellunopress.it\\\/wp-content\\\/uploads\\\/2026\\\/01\\\/Claudio-Andrea-Gemme-Ad-Anas.jpg\",\"width\":600,\"height\":600,\"caption\":\"Claudio Andrea Gemme, Amministratore delegato di Anas\"},{\"@type\":\"BreadcrumbList\",\"@id\":\"https:\\\/\\\/www.bellunopress.it\\\/2026\\\/01\\\/30\\\/verso-milano-cortina-2026-a-san-vito-di-cadore-apre-la-nuova-rotatoria-dello-svincolo-nord\\\/#breadcrumb\",\"itemListElement\":[{\"@type\":\"ListItem\",\"position\":1,\"name\":\"Home\",\"item\":\"https:\\\/\\\/www.bellunopress.it\\\/\"},{\"@type\":\"ListItem\",\"position\":2,\"name\":\"Verso Milano Cortina 2026: a San Vito di Cadore apre la nuova rotatoria dello svincolo nord\"}]},{\"@type\":\"WebSite\",\"@id\":\"https:\\\/\\\/www.bellunopress.it\\\/#website\",\"url\":\"https:\\\/\\\/www.bellunopress.it\\\/\",\"name\":\"Bellunopress - Dolomiti\",\"description\":\"e-mail: redazione@bellunopress.it\",\"publisher\":{\"@id\":\"https:\\\/\\\/www.bellunopress.it\\\/#organization\"},\"potentialAction\":[{\"@type\":\"SearchAction\",\"target\":{\"@type\":\"EntryPoint\",\"urlTemplate\":\"https:\\\/\\\/www.bellunopress.it\\\/?s={search_term_string}\"},\"query-input\":{\"@type\":\"PropertyValueSpecification\",\"valueRequired\":true,\"valueName\":\"search_term_string\"}}],\"inLanguage\":\"fr-FR\"},{\"@type\":\"Organization\",\"@id\":\"https:\\\/\\\/www.bellunopress.it\\\/#organization\",\"name\":\"Bellunopress\",\"url\":\"https:\\\/\\\/www.bellunopress.it\\\/\",\"logo\":{\"@type\":\"ImageObject\",\"inLanguage\":\"fr-FR\",\"@id\":\"https:\\\/\\\/www.bellunopress.it\\\/#\\\/schema\\\/logo\\\/image\\\/\",\"url\":\"https:\\\/\\\/www.bellunopress.it\\\/wp-content\\\/uploads\\\/2011\\\/05\\\/cropped-logo-bellunopress-.jpg\",\"contentUrl\":\"https:\\\/\\\/www.bellunopress.it\\\/wp-content\\\/uploads\\\/2011\\\/05\\\/cropped-logo-bellunopress-.jpg\",\"width\":512,\"height\":512,\"caption\":\"Bellunopress\"},\"image\":{\"@id\":\"https:\\\/\\\/www.bellunopress.it\\\/#\\\/schema\\\/logo\\\/image\\\/\"},\"sameAs\":[\"https:\\\/\\\/www.facebook.com\\\/profile.php?id=100008943462799\",\"https:\\\/\\\/x.com\\\/bellunopress\",\"https:\\\/\\\/www.linkedin.com\\\/hp\\\/?dnr=JBzUWaJfMUw8vbXJJ2tVW5-I3jZKvC4wsoxE&amp;amp;amp;amp;amp;amp;trk=nav_responsive_tab_home\",\"https:\\\/\\\/www.youtube.com\\\/channel\\\/UCxL0wu1uN0_3_7hGG0306cw\"]},{\"@type\":\"Person\",\"@id\":\"https:\\\/\\\/www.bellunopress.it\\\/#\\\/schema\\\/person\\\/79bb06722b37ece1c03d3e94beb30d73\",\"name\":\"redazione\",\"image\":{\"@type\":\"ImageObject\",\"inLanguage\":\"fr-FR\",\"@id\":\"https:\\\/\\\/secure.gravatar.com\\\/avatar\\\/37d968a2e67a6fd04c169c4bdef102d0bc5d31b2546345219e348575eb80e9a0?s=96&d=mm&r=g\",\"url\":\"https:\\\/\\\/secure.gravatar.com\\\/avatar\\\/37d968a2e67a6fd04c169c4bdef102d0bc5d31b2546345219e348575eb80e9a0?s=96&d=mm&r=g\",\"contentUrl\":\"https:\\\/\\\/secure.gravatar.com\\\/avatar\\\/37d968a2e67a6fd04c169c4bdef102d0bc5d31b2546345219e348575eb80e9a0?s=96&d=mm&r=g\",\"caption\":\"redazione\"},\"sameAs\":[\"http:\\\/\\\/www.bellunopress.it\",\"https:\\\/\\\/x.com\\\/bellunopress\"],\"url\":\"https:\\\/\\\/www.bellunopress.it\\\/fr\\\/author\\\/redazione\\\/\"}]}<\/script>\n<!-- \/ Yoast SEO plugin. -->","yoast_head_json":{"title":"Verso Milano Cortina 2026: a San Vito di Cadore apre la nuova rotatoria dello svincolo nord - Bellunopress - Dolomiti","robots":{"index":"index","follow":"follow","max-snippet":"max-snippet:-1","max-image-preview":"max-image-preview:large","max-video-preview":"max-video-preview:-1"},"canonical":"https:\/\/www.bellunopress.it\/fr\/2026\/01\/30\/verso-milano-cortina-2026-a-san-vito-di-cadore-apre-la-nuova-rotatoria-dello-svincolo-nord\/","og_locale":"fr_FR","og_type":"article","og_title":"Verso Milano Cortina 2026: a San Vito di Cadore apre la nuova rotatoria dello svincolo nord - Bellunopress - Dolomiti","og_description":"Svolta per la viabilit\u00e0 cadorina: il 4 febbraio l&#8217;inaugurazione funzionale dell&#8217;opera. Un passo decisivo per gestire i flussi olimpici e migliorare l&#8217;accesso a Chiapuzza e al Lago di Mosigo. Venezia, 30 gennaio 2026 &#8211; Il countdown per i Giochi Olimpici e Paralimpici Invernali 2026 accelera il passo e, con esso, anche i cantieri stradali nel [&hellip;]","og_url":"https:\/\/www.bellunopress.it\/fr\/2026\/01\/30\/verso-milano-cortina-2026-a-san-vito-di-cadore-apre-la-nuova-rotatoria-dello-svincolo-nord\/","og_site_name":"Bellunopress - Dolomiti","article_publisher":"https:\/\/www.facebook.com\/profile.php?id=100008943462799","article_published_time":"2026-01-30T20:44:44+00:00","og_image":[{"width":600,"height":600,"url":"https:\/\/www.bellunopress.it\/wp-content\/uploads\/2026\/01\/Claudio-Andrea-Gemme-Ad-Anas.jpg","type":"image\/jpeg"}],"author":"redazione","twitter_card":"summary_large_image","twitter_creator":"@bellunopress","twitter_site":"@bellunopress","twitter_misc":{"Written by":"redazione","Est. reading time":"2 minutes"},"schema":{"@context":"https:\/\/schema.org","@graph":[{"@type":"Article","@id":"https:\/\/www.bellunopress.it\/2026\/01\/30\/verso-milano-cortina-2026-a-san-vito-di-cadore-apre-la-nuova-rotatoria-dello-svincolo-nord\/#article","isPartOf":{"@id":"https:\/\/www.bellunopress.it\/2026\/01\/30\/verso-milano-cortina-2026-a-san-vito-di-cadore-apre-la-nuova-rotatoria-dello-svincolo-nord\/"},"author":{"name":"redazione","@id":"https:\/\/www.bellunopress.it\/#\/schema\/person\/79bb06722b37ece1c03d3e94beb30d73"},"headline":"Verso Milano Cortina 2026: a San Vito di Cadore apre la nuova rotatoria dello svincolo nord","datePublished":"2026-01-30T20:44:44+00:00","mainEntityOfPage":{"@id":"https:\/\/www.bellunopress.it\/2026\/01\/30\/verso-milano-cortina-2026-a-san-vito-di-cadore-apre-la-nuova-rotatoria-dello-svincolo-nord\/"},"wordCount":424,"publisher":{"@id":"https:\/\/www.bellunopress.it\/#organization"},"image":{"@id":"https:\/\/www.bellunopress.it\/2026\/01\/30\/verso-milano-cortina-2026-a-san-vito-di-cadore-apre-la-nuova-rotatoria-dello-svincolo-nord\/#primaryimage"},"thumbnailUrl":"https:\/\/www.bellunopress.it\/wp-content\/uploads\/2026\/01\/Claudio-Andrea-Gemme-Ad-Anas.jpg","articleSection":["Societ\u00e0, Associazioni, Istituzioni"],"inLanguage":"fr-FR"},{"@type":"WebPage","@id":"https:\/\/www.bellunopress.it\/2026\/01\/30\/verso-milano-cortina-2026-a-san-vito-di-cadore-apre-la-nuova-rotatoria-dello-svincolo-nord\/","url":"https:\/\/www.bellunopress.it\/2026\/01\/30\/verso-milano-cortina-2026-a-san-vito-di-cadore-apre-la-nuova-rotatoria-dello-svincolo-nord\/","name":"Verso Milano Cortina 2026: a San Vito di Cadore apre la nuova rotatoria dello svincolo nord - Bellunopress - Dolomiti","isPartOf":{"@id":"https:\/\/www.bellunopress.it\/#website"},"primaryImageOfPage":{"@id":"https:\/\/www.bellunopress.it\/2026\/01\/30\/verso-milano-cortina-2026-a-san-vito-di-cadore-apre-la-nuova-rotatoria-dello-svincolo-nord\/#primaryimage"},"image":{"@id":"https:\/\/www.bellunopress.it\/2026\/01\/30\/verso-milano-cortina-2026-a-san-vito-di-cadore-apre-la-nuova-rotatoria-dello-svincolo-nord\/#primaryimage"},"thumbnailUrl":"https:\/\/www.bellunopress.it\/wp-content\/uploads\/2026\/01\/Claudio-Andrea-Gemme-Ad-Anas.jpg","datePublished":"2026-01-30T20:44:44+00:00","breadcrumb":{"@id":"https:\/\/www.bellunopress.it\/2026\/01\/30\/verso-milano-cortina-2026-a-san-vito-di-cadore-apre-la-nuova-rotatoria-dello-svincolo-nord\/#breadcrumb"},"inLanguage":"fr-FR","potentialAction":[{"@type":"ReadAction","target":["https:\/\/www.bellunopress.it\/2026\/01\/30\/verso-milano-cortina-2026-a-san-vito-di-cadore-apre-la-nuova-rotatoria-dello-svincolo-nord\/"]}]},{"@type":"ImageObject","inLanguage":"fr-FR","@id":"https:\/\/www.bellunopress.it\/2026\/01\/30\/verso-milano-cortina-2026-a-san-vito-di-cadore-apre-la-nuova-rotatoria-dello-svincolo-nord\/#primaryimage","url":"https:\/\/www.bellunopress.it\/wp-content\/uploads\/2026\/01\/Claudio-Andrea-Gemme-Ad-Anas.jpg","contentUrl":"https:\/\/www.bellunopress.it\/wp-content\/uploads\/2026\/01\/Claudio-Andrea-Gemme-Ad-Anas.jpg","width":600,"height":600,"caption":"Claudio Andrea Gemme, Amministratore delegato di Anas"},{"@type":"BreadcrumbList","@id":"https:\/\/www.bellunopress.it\/2026\/01\/30\/verso-milano-cortina-2026-a-san-vito-di-cadore-apre-la-nuova-rotatoria-dello-svincolo-nord\/#breadcrumb","itemListElement":[{"@type":"ListItem","position":1,"name":"Home","item":"https:\/\/www.bellunopress.it\/"},{"@type":"ListItem","position":2,"name":"Verso Milano Cortina 2026: a San Vito di Cadore apre la nuova rotatoria dello svincolo nord"}]},{"@type":"WebSite","@id":"https:\/\/www.bellunopress.it\/#website","url":"https:\/\/www.bellunopress.it\/","name":"Bellunopress - Dolomiti","description":"e-mail: redazione@bellunopress.it","publisher":{"@id":"https:\/\/www.bellunopress.it\/#organization"},"potentialAction":[{"@type":"SearchAction","target":{"@type":"EntryPoint","urlTemplate":"https:\/\/www.bellunopress.it\/?s={search_term_string}"},"query-input":{"@type":"PropertyValueSpecification","valueRequired":true,"valueName":"search_term_string"}}],"inLanguage":"fr-FR"},{"@type":"Organization","@id":"https:\/\/www.bellunopress.it\/#organization","name":"Bellunopress","url":"https:\/\/www.bellunopress.it\/","logo":{"@type":"ImageObject","inLanguage":"fr-FR","@id":"https:\/\/www.bellunopress.it\/#\/schema\/logo\/image\/","url":"https:\/\/www.bellunopress.it\/wp-content\/uploads\/2011\/05\/cropped-logo-bellunopress-.jpg","contentUrl":"https:\/\/www.bellunopress.it\/wp-content\/uploads\/2011\/05\/cropped-logo-bellunopress-.jpg","width":512,"height":512,"caption":"Bellunopress"},"image":{"@id":"https:\/\/www.bellunopress.it\/#\/schema\/logo\/image\/"},"sameAs":["https:\/\/www.facebook.com\/profile.php?id=100008943462799","https:\/\/x.com\/bellunopress","https:\/\/www.linkedin.com\/hp\/?dnr=JBzUWaJfMUw8vbXJJ2tVW5-I3jZKvC4wsoxE&amp;amp;amp;amp;amp;amp;trk=nav_responsive_tab_home","https:\/\/www.youtube.com\/channel\/UCxL0wu1uN0_3_7hGG0306cw"]},{"@type":"Person","@id":"https:\/\/www.bellunopress.it\/#\/schema\/person\/79bb06722b37ece1c03d3e94beb30d73","name":"r\u00e9daction","image":{"@type":"ImageObject","inLanguage":"fr-FR","@id":"https:\/\/secure.gravatar.com\/avatar\/37d968a2e67a6fd04c169c4bdef102d0bc5d31b2546345219e348575eb80e9a0?s=96&d=mm&r=g","url":"https:\/\/secure.gravatar.com\/avatar\/37d968a2e67a6fd04c169c4bdef102d0bc5d31b2546345219e348575eb80e9a0?s=96&d=mm&r=g","contentUrl":"https:\/\/secure.gravatar.com\/avatar\/37d968a2e67a6fd04c169c4bdef102d0bc5d31b2546345219e348575eb80e9a0?s=96&d=mm&r=g","caption":"redazione"},"sameAs":["http:\/\/www.bellunopress.it","https:\/\/x.com\/bellunopress"],"url":"https:\/\/www.bellunopress.it\/fr\/author\/redazione\/"}]}},"_links":{"self":[{"href":"https:\/\/www.bellunopress.it\/fr\/wp-json\/wp\/v2\/posts\/166995","targetHints":{"allow":["GET"]}}],"collection":[{"href":"https:\/\/www.bellunopress.it\/fr\/wp-json\/wp\/v2\/posts"}],"about":[{"href":"https:\/\/www.bellunopress.it\/fr\/wp-json\/wp\/v2\/types\/post"}],"author":[{"embeddable":true,"href":"https:\/\/www.bellunopress.it\/fr\/wp-json\/wp\/v2\/users\/2"}],"replies":[{"embeddable":true,"href":"https:\/\/www.bellunopress.it\/fr\/wp-json\/wp\/v2\/comments?post=166995"}],"version-history":[{"count":1,"href":"https:\/\/www.bellunopress.it\/fr\/wp-json\/wp\/v2\/posts\/166995\/revisions"}],"predecessor-version":[{"id":166996,"href":"https:\/\/www.bellunopress.it\/fr\/wp-json\/wp\/v2\/posts\/166995\/revisions\/166996"}],"wp:featuredmedia":[{"embeddable":true,"href":"https:\/\/www.bellunopress.it\/fr\/wp-json\/wp\/v2\/media\/166840"}],"wp:attachment":[{"href":"https:\/\/www.bellunopress.it\/fr\/wp-json\/wp\/v2\/media?parent=166995"}],"wp:term":[{"taxonomy":"category","embeddable":true,"href":"https:\/\/www.bellunopress.it\/fr\/wp-json\/wp\/v2\/categories?post=166995"},{"taxonomy":"post_tag","embeddable":true,"href":"https:\/\/www.bellunopress.it\/fr\/wp-json\/wp\/v2\/tags?post=166995"}],"curies":[{"name":"wp","href":"https:\/\/api.w.org\/{rel}","templated":true}]}}