{"id":166992,"date":"2026-01-30T20:43:22","date_gmt":"2026-01-30T19:43:22","guid":{"rendered":"https:\/\/www.bellunopress.it\/?p=166992"},"modified":"2026-01-30T20:43:22","modified_gmt":"2026-01-30T19:43:22","slug":"lindipendenza-sotto-scacco-i-pericoli-della-riforma-nordio-e-il-nodo-dellalta-corte","status":"publish","type":"post","link":"https:\/\/www.bellunopress.it\/fr\/2026\/01\/30\/lindipendenza-sotto-scacco-i-pericoli-della-riforma-nordio-e-il-nodo-dellalta-corte\/","title":{"rendered":"L&#8217;indipendenza sotto scacco: i pericoli della &#8220;Riforma Nordio&#8221; e il nodo dell&#8217;Alta Corte"},"content":{"rendered":"<p data-path-to-node=\"0\">\n<p data-path-to-node=\"3\">Il disegno di legge costituzionale presentato dal governo Meloni, a firma del Ministro Nordio,\u00a0 non \u00e8 una semplice manutenzione tecnica dell\u2019ordinamento giudiziario, ma un intervento che rischia di alterare profondamente il delicato equilibrio tra i poteri dello Stato. Sebbene la narrazione ufficiale parli di &#8220;maggiore efficienza&#8221; e &#8220;terziet\u00e0&#8221;, la lettura combinata dell&#8217;articolo 8 e della relazione illustrativa solleva interrogativi inquietanti sulla futura autonomia della magistratura.<\/p>\n<p data-path-to-node=\"4\">Il punto pi\u00f9 critico emerge laddove si attribuisce alla legge ordinaria il compito di determinare gli illeciti disciplinari, le sanzioni e la composizione dei collegi dell\u2019Alta Corte.<\/p>\n<p data-path-to-node=\"5\">Perch\u00e9 questo \u00e8 un problema?<\/p>\n<p data-path-to-node=\"5\">Finora, l\u2019indipendenza dei magistrati \u00e8 stata garantita dal fatto che il potere disciplinare fosse esercitato all&#8217;interno del CSM (Consiglio Superiore della Magistratura), un organo di autogoverno costituzionalmente protetto. Spostare la definizione di &#8220;cosa sia un reato disciplinare&#8221; e &#8220;come debba essere punito&#8221; nelle mani del legislatore ordinario significa, di fatto, consegnare alla maggioranza politica di turno una &#8220;spada di Damocle&#8221; da sospendere sopra la testa dei giudici.<\/p>\n<p data-path-to-node=\"6\">Se una maggioranza parlamentare pu\u00f2 decidere con una legge semplice quali comportamenti di un magistrato siano sanzionabili, il rischio di ritorsioni politiche o di condizionamenti indiretti sull&#8217;attivit\u00e0 interpretativa diventa reale. La magistratura rischia di passare da ordine indipendente a corpo burocratico timoroso del potere politico, attento a non scontentare chi, in Parlamento, ha il potere di riscrivere le norme sui procedimenti disciplinari.<\/p>\n<p data-path-to-node=\"7\">Inoltre, l&#8217;istituzione dell&#8217;Alta Corte come organo separato per la giurisdizione disciplinare appare come un tentativo di svuotare il CSM della sua funzione pi\u00f9 incisiva. Sebbene l&#8217;obiettivo dichiarato sia quello di separare chi governa i magistrati da chi li giudica, il risultato potrebbe essere la creazione di un tribunale speciale i cui membri e le cui regole di ingaggio dipenderanno da equilibri politici variabili, data la delega alla legge ordinaria per la sua organizzazione.<\/p>\n<p data-path-to-node=\"8\">L&#8217;articolo 8 delle disposizioni transitorie, che impone un adeguamento entro un anno, accelera una transizione che meriterebbe ben altra ponderazione. Modificare la Costituzione in punti cos\u00ec sensibili richiede un consenso che vada oltre la contingenza elettorale, proprio perch\u00e9 l&#8217;indipendenza del giudice non \u00e8 un privilegio della casta dei magistrati, ma una garanzia per il cittadino di poter essere giudicato da qualcuno che non deve rispondere a nessun capo politico.<\/p>\n<p data-path-to-node=\"9\">Dietro lo slogan della &#8220;separazione delle carriere&#8221; e della &#8220;riforma disciplinare&#8221;, insomma, si cela il rischio di una normalizzazione della magistratura. Se la politica si riserva il diritto di definire il perimetro del &#8220;buon magistrato&#8221; attraverso la legge ordinaria, l&#8217;indipendenza della magistratura \u2014 pilastro della nostra democrazia \u2014 rischia di diventare un guscio vuoto. \u00c8 una strada pericolosa, che allontana l&#8217;Italia dal modello di equilibrio dei poteri delineato dai padri costituenti per avvicinarla a sistemi in cui il controllo dell&#8217;esecutivo sulla giustizia \u00e8 la norma, non l&#8217;eccezione.<\/p>\n<p data-path-to-node=\"9\">(rdn)<\/p>\n<p>&nbsp;<\/p>","protected":false},"excerpt":{"rendered":"<p>Il disegno di legge costituzionale presentato dal governo Meloni, a firma del Ministro Nordio,\u00a0 non \u00e8 una semplice manutenzione tecnica dell\u2019ordinamento giudiziario, ma un intervento che rischia di alterare profondamente il delicato equilibrio tra i poteri dello Stato. Sebbene la narrazione ufficiale parli di &#8220;maggiore efficienza&#8221; e &#8220;terziet\u00e0&#8221;, la lettura combinata dell&#8217;articolo 8 e della [&hellip;]<\/p>\n","protected":false},"author":2,"featured_media":166993,"comment_status":"closed","ping_status":"open","sticky":false,"template":"","format":"standard","meta":{"footnotes":""},"categories":[3368],"tags":[],"class_list":["post-166992","post","type-post","status-publish","format-standard","has-post-thumbnail","category-cahiers-de-doleances"],"yoast_head":"<!-- This site is optimized with the Yoast SEO plugin v28.4 - https:\/\/yoast.com\/product\/yoast-seo-wordpress\/ -->\n<title>L&#039;indipendenza sotto scacco: i pericoli della &quot;Riforma Nordio&quot; e il nodo dell&#039;Alta Corte - Bellunopress - Dolomiti<\/title>\n<meta name=\"robots\" content=\"index, follow, max-snippet:-1, max-image-preview:large, max-video-preview:-1\" \/>\n<link rel=\"canonical\" href=\"https:\/\/www.bellunopress.it\/fr\/2026\/01\/30\/lindipendenza-sotto-scacco-i-pericoli-della-riforma-nordio-e-il-nodo-dellalta-corte\/\" \/>\n<meta property=\"og:locale\" content=\"fr_FR\" \/>\n<meta property=\"og:type\" content=\"article\" \/>\n<meta property=\"og:title\" content=\"L&#039;indipendenza sotto scacco: i pericoli della &quot;Riforma Nordio&quot; e il nodo dell&#039;Alta Corte - Bellunopress - Dolomiti\" \/>\n<meta property=\"og:description\" content=\"Il disegno di legge costituzionale presentato dal governo Meloni, a firma del Ministro Nordio,\u00a0 non \u00e8 una semplice manutenzione tecnica dell\u2019ordinamento giudiziario, ma un intervento che rischia di alterare profondamente il delicato equilibrio tra i poteri dello Stato. Sebbene la narrazione ufficiale parli di &#8220;maggiore efficienza&#8221; e &#8220;terziet\u00e0&#8221;, la lettura combinata dell&#8217;articolo 8 e della [&hellip;]\" \/>\n<meta property=\"og:url\" content=\"https:\/\/www.bellunopress.it\/fr\/2026\/01\/30\/lindipendenza-sotto-scacco-i-pericoli-della-riforma-nordio-e-il-nodo-dellalta-corte\/\" \/>\n<meta property=\"og:site_name\" content=\"Bellunopress - Dolomiti\" \/>\n<meta property=\"article:publisher\" content=\"https:\/\/www.facebook.com\/profile.php?id=100008943462799\" \/>\n<meta property=\"article:published_time\" content=\"2026-01-30T19:43:22+00:00\" \/>\n<meta property=\"og:image\" content=\"https:\/\/www.bellunopress.it\/wp-content\/uploads\/2026\/01\/ddl-costituzionale-Nordio.jpg\" \/>\n\t<meta property=\"og:image:width\" content=\"600\" \/>\n\t<meta property=\"og:image:height\" content=\"358\" \/>\n\t<meta property=\"og:image:type\" content=\"image\/jpeg\" \/>\n<meta name=\"author\" content=\"redazione\" \/>\n<meta name=\"twitter:card\" content=\"summary_large_image\" \/>\n<meta name=\"twitter:creator\" content=\"@bellunopress\" \/>\n<meta name=\"twitter:site\" content=\"@bellunopress\" \/>\n<meta name=\"twitter:label1\" content=\"Written by\" \/>\n\t<meta name=\"twitter:data1\" content=\"redazione\" \/>\n\t<meta name=\"twitter:label2\" content=\"Est. reading time\" \/>\n\t<meta name=\"twitter:data2\" content=\"2 minutes\" \/>\n<script type=\"application\/ld+json\" class=\"yoast-schema-graph\">{\"@context\":\"https:\\\/\\\/schema.org\",\"@graph\":[{\"@type\":\"Article\",\"@id\":\"https:\\\/\\\/www.bellunopress.it\\\/2026\\\/01\\\/30\\\/lindipendenza-sotto-scacco-i-pericoli-della-riforma-nordio-e-il-nodo-dellalta-corte\\\/#article\",\"isPartOf\":{\"@id\":\"https:\\\/\\\/www.bellunopress.it\\\/2026\\\/01\\\/30\\\/lindipendenza-sotto-scacco-i-pericoli-della-riforma-nordio-e-il-nodo-dellalta-corte\\\/\"},\"author\":{\"name\":\"redazione\",\"@id\":\"https:\\\/\\\/www.bellunopress.it\\\/#\\\/schema\\\/person\\\/79bb06722b37ece1c03d3e94beb30d73\"},\"headline\":\"L&#8217;indipendenza sotto scacco: i pericoli della &#8220;Riforma Nordio&#8221; e il nodo dell&#8217;Alta Corte\",\"datePublished\":\"2026-01-30T19:43:22+00:00\",\"mainEntityOfPage\":{\"@id\":\"https:\\\/\\\/www.bellunopress.it\\\/2026\\\/01\\\/30\\\/lindipendenza-sotto-scacco-i-pericoli-della-riforma-nordio-e-il-nodo-dellalta-corte\\\/\"},\"wordCount\":477,\"publisher\":{\"@id\":\"https:\\\/\\\/www.bellunopress.it\\\/#organization\"},\"image\":{\"@id\":\"https:\\\/\\\/www.bellunopress.it\\\/2026\\\/01\\\/30\\\/lindipendenza-sotto-scacco-i-pericoli-della-riforma-nordio-e-il-nodo-dellalta-corte\\\/#primaryimage\"},\"thumbnailUrl\":\"https:\\\/\\\/www.bellunopress.it\\\/wp-content\\\/uploads\\\/2026\\\/01\\\/ddl-costituzionale-Nordio.jpg\",\"articleSection\":[\"Cahiers de dol\u00e9ances\"],\"inLanguage\":\"fr-FR\"},{\"@type\":\"WebPage\",\"@id\":\"https:\\\/\\\/www.bellunopress.it\\\/2026\\\/01\\\/30\\\/lindipendenza-sotto-scacco-i-pericoli-della-riforma-nordio-e-il-nodo-dellalta-corte\\\/\",\"url\":\"https:\\\/\\\/www.bellunopress.it\\\/2026\\\/01\\\/30\\\/lindipendenza-sotto-scacco-i-pericoli-della-riforma-nordio-e-il-nodo-dellalta-corte\\\/\",\"name\":\"L'indipendenza sotto scacco: i pericoli della \\\"Riforma Nordio\\\" e il nodo dell'Alta Corte - Bellunopress - Dolomiti\",\"isPartOf\":{\"@id\":\"https:\\\/\\\/www.bellunopress.it\\\/#website\"},\"primaryImageOfPage\":{\"@id\":\"https:\\\/\\\/www.bellunopress.it\\\/2026\\\/01\\\/30\\\/lindipendenza-sotto-scacco-i-pericoli-della-riforma-nordio-e-il-nodo-dellalta-corte\\\/#primaryimage\"},\"image\":{\"@id\":\"https:\\\/\\\/www.bellunopress.it\\\/2026\\\/01\\\/30\\\/lindipendenza-sotto-scacco-i-pericoli-della-riforma-nordio-e-il-nodo-dellalta-corte\\\/#primaryimage\"},\"thumbnailUrl\":\"https:\\\/\\\/www.bellunopress.it\\\/wp-content\\\/uploads\\\/2026\\\/01\\\/ddl-costituzionale-Nordio.jpg\",\"datePublished\":\"2026-01-30T19:43:22+00:00\",\"breadcrumb\":{\"@id\":\"https:\\\/\\\/www.bellunopress.it\\\/2026\\\/01\\\/30\\\/lindipendenza-sotto-scacco-i-pericoli-della-riforma-nordio-e-il-nodo-dellalta-corte\\\/#breadcrumb\"},\"inLanguage\":\"fr-FR\",\"potentialAction\":[{\"@type\":\"ReadAction\",\"target\":[\"https:\\\/\\\/www.bellunopress.it\\\/2026\\\/01\\\/30\\\/lindipendenza-sotto-scacco-i-pericoli-della-riforma-nordio-e-il-nodo-dellalta-corte\\\/\"]}]},{\"@type\":\"ImageObject\",\"inLanguage\":\"fr-FR\",\"@id\":\"https:\\\/\\\/www.bellunopress.it\\\/2026\\\/01\\\/30\\\/lindipendenza-sotto-scacco-i-pericoli-della-riforma-nordio-e-il-nodo-dellalta-corte\\\/#primaryimage\",\"url\":\"https:\\\/\\\/www.bellunopress.it\\\/wp-content\\\/uploads\\\/2026\\\/01\\\/ddl-costituzionale-Nordio.jpg\",\"contentUrl\":\"https:\\\/\\\/www.bellunopress.it\\\/wp-content\\\/uploads\\\/2026\\\/01\\\/ddl-costituzionale-Nordio.jpg\",\"width\":600,\"height\":358},{\"@type\":\"BreadcrumbList\",\"@id\":\"https:\\\/\\\/www.bellunopress.it\\\/2026\\\/01\\\/30\\\/lindipendenza-sotto-scacco-i-pericoli-della-riforma-nordio-e-il-nodo-dellalta-corte\\\/#breadcrumb\",\"itemListElement\":[{\"@type\":\"ListItem\",\"position\":1,\"name\":\"Home\",\"item\":\"https:\\\/\\\/www.bellunopress.it\\\/\"},{\"@type\":\"ListItem\",\"position\":2,\"name\":\"L&#8217;indipendenza sotto scacco: i pericoli della &#8220;Riforma Nordio&#8221; e il nodo dell&#8217;Alta Corte\"}]},{\"@type\":\"WebSite\",\"@id\":\"https:\\\/\\\/www.bellunopress.it\\\/#website\",\"url\":\"https:\\\/\\\/www.bellunopress.it\\\/\",\"name\":\"Bellunopress - Dolomiti\",\"description\":\"e-mail: redazione@bellunopress.it\",\"publisher\":{\"@id\":\"https:\\\/\\\/www.bellunopress.it\\\/#organization\"},\"potentialAction\":[{\"@type\":\"SearchAction\",\"target\":{\"@type\":\"EntryPoint\",\"urlTemplate\":\"https:\\\/\\\/www.bellunopress.it\\\/?s={search_term_string}\"},\"query-input\":{\"@type\":\"PropertyValueSpecification\",\"valueRequired\":true,\"valueName\":\"search_term_string\"}}],\"inLanguage\":\"fr-FR\"},{\"@type\":\"Organization\",\"@id\":\"https:\\\/\\\/www.bellunopress.it\\\/#organization\",\"name\":\"Bellunopress\",\"url\":\"https:\\\/\\\/www.bellunopress.it\\\/\",\"logo\":{\"@type\":\"ImageObject\",\"inLanguage\":\"fr-FR\",\"@id\":\"https:\\\/\\\/www.bellunopress.it\\\/#\\\/schema\\\/logo\\\/image\\\/\",\"url\":\"https:\\\/\\\/www.bellunopress.it\\\/wp-content\\\/uploads\\\/2011\\\/05\\\/cropped-logo-bellunopress-.jpg\",\"contentUrl\":\"https:\\\/\\\/www.bellunopress.it\\\/wp-content\\\/uploads\\\/2011\\\/05\\\/cropped-logo-bellunopress-.jpg\",\"width\":512,\"height\":512,\"caption\":\"Bellunopress\"},\"image\":{\"@id\":\"https:\\\/\\\/www.bellunopress.it\\\/#\\\/schema\\\/logo\\\/image\\\/\"},\"sameAs\":[\"https:\\\/\\\/www.facebook.com\\\/profile.php?id=100008943462799\",\"https:\\\/\\\/x.com\\\/bellunopress\",\"https:\\\/\\\/www.linkedin.com\\\/hp\\\/?dnr=JBzUWaJfMUw8vbXJJ2tVW5-I3jZKvC4wsoxE&amp;amp;amp;amp;amp;amp;trk=nav_responsive_tab_home\",\"https:\\\/\\\/www.youtube.com\\\/channel\\\/UCxL0wu1uN0_3_7hGG0306cw\"]},{\"@type\":\"Person\",\"@id\":\"https:\\\/\\\/www.bellunopress.it\\\/#\\\/schema\\\/person\\\/79bb06722b37ece1c03d3e94beb30d73\",\"name\":\"redazione\",\"image\":{\"@type\":\"ImageObject\",\"inLanguage\":\"fr-FR\",\"@id\":\"https:\\\/\\\/secure.gravatar.com\\\/avatar\\\/37d968a2e67a6fd04c169c4bdef102d0bc5d31b2546345219e348575eb80e9a0?s=96&d=mm&r=g\",\"url\":\"https:\\\/\\\/secure.gravatar.com\\\/avatar\\\/37d968a2e67a6fd04c169c4bdef102d0bc5d31b2546345219e348575eb80e9a0?s=96&d=mm&r=g\",\"contentUrl\":\"https:\\\/\\\/secure.gravatar.com\\\/avatar\\\/37d968a2e67a6fd04c169c4bdef102d0bc5d31b2546345219e348575eb80e9a0?s=96&d=mm&r=g\",\"caption\":\"redazione\"},\"sameAs\":[\"http:\\\/\\\/www.bellunopress.it\",\"https:\\\/\\\/x.com\\\/bellunopress\"],\"url\":\"https:\\\/\\\/www.bellunopress.it\\\/fr\\\/author\\\/redazione\\\/\"}]}<\/script>\n<!-- \/ Yoast SEO plugin. -->","yoast_head_json":{"title":"L'indipendenza sotto scacco: i pericoli della \"Riforma Nordio\" e il nodo dell'Alta Corte - Bellunopress - Dolomiti","robots":{"index":"index","follow":"follow","max-snippet":"max-snippet:-1","max-image-preview":"max-image-preview:large","max-video-preview":"max-video-preview:-1"},"canonical":"https:\/\/www.bellunopress.it\/fr\/2026\/01\/30\/lindipendenza-sotto-scacco-i-pericoli-della-riforma-nordio-e-il-nodo-dellalta-corte\/","og_locale":"fr_FR","og_type":"article","og_title":"L'indipendenza sotto scacco: i pericoli della \"Riforma Nordio\" e il nodo dell'Alta Corte - Bellunopress - Dolomiti","og_description":"Il disegno di legge costituzionale presentato dal governo Meloni, a firma del Ministro Nordio,\u00a0 non \u00e8 una semplice manutenzione tecnica dell\u2019ordinamento giudiziario, ma un intervento che rischia di alterare profondamente il delicato equilibrio tra i poteri dello Stato. Sebbene la narrazione ufficiale parli di &#8220;maggiore efficienza&#8221; e &#8220;terziet\u00e0&#8221;, la lettura combinata dell&#8217;articolo 8 e della [&hellip;]","og_url":"https:\/\/www.bellunopress.it\/fr\/2026\/01\/30\/lindipendenza-sotto-scacco-i-pericoli-della-riforma-nordio-e-il-nodo-dellalta-corte\/","og_site_name":"Bellunopress - Dolomiti","article_publisher":"https:\/\/www.facebook.com\/profile.php?id=100008943462799","article_published_time":"2026-01-30T19:43:22+00:00","og_image":[{"width":600,"height":358,"url":"https:\/\/www.bellunopress.it\/wp-content\/uploads\/2026\/01\/ddl-costituzionale-Nordio.jpg","type":"image\/jpeg"}],"author":"redazione","twitter_card":"summary_large_image","twitter_creator":"@bellunopress","twitter_site":"@bellunopress","twitter_misc":{"Written by":"redazione","Est. reading time":"2 minutes"},"schema":{"@context":"https:\/\/schema.org","@graph":[{"@type":"Article","@id":"https:\/\/www.bellunopress.it\/2026\/01\/30\/lindipendenza-sotto-scacco-i-pericoli-della-riforma-nordio-e-il-nodo-dellalta-corte\/#article","isPartOf":{"@id":"https:\/\/www.bellunopress.it\/2026\/01\/30\/lindipendenza-sotto-scacco-i-pericoli-della-riforma-nordio-e-il-nodo-dellalta-corte\/"},"author":{"name":"redazione","@id":"https:\/\/www.bellunopress.it\/#\/schema\/person\/79bb06722b37ece1c03d3e94beb30d73"},"headline":"L&#8217;indipendenza sotto scacco: i pericoli della &#8220;Riforma Nordio&#8221; e il nodo dell&#8217;Alta Corte","datePublished":"2026-01-30T19:43:22+00:00","mainEntityOfPage":{"@id":"https:\/\/www.bellunopress.it\/2026\/01\/30\/lindipendenza-sotto-scacco-i-pericoli-della-riforma-nordio-e-il-nodo-dellalta-corte\/"},"wordCount":477,"publisher":{"@id":"https:\/\/www.bellunopress.it\/#organization"},"image":{"@id":"https:\/\/www.bellunopress.it\/2026\/01\/30\/lindipendenza-sotto-scacco-i-pericoli-della-riforma-nordio-e-il-nodo-dellalta-corte\/#primaryimage"},"thumbnailUrl":"https:\/\/www.bellunopress.it\/wp-content\/uploads\/2026\/01\/ddl-costituzionale-Nordio.jpg","articleSection":["Cahiers de dol\u00e9ances"],"inLanguage":"fr-FR"},{"@type":"WebPage","@id":"https:\/\/www.bellunopress.it\/2026\/01\/30\/lindipendenza-sotto-scacco-i-pericoli-della-riforma-nordio-e-il-nodo-dellalta-corte\/","url":"https:\/\/www.bellunopress.it\/2026\/01\/30\/lindipendenza-sotto-scacco-i-pericoli-della-riforma-nordio-e-il-nodo-dellalta-corte\/","name":"L'indipendenza sotto scacco: i pericoli della \"Riforma Nordio\" e il nodo dell'Alta Corte - Bellunopress - Dolomiti","isPartOf":{"@id":"https:\/\/www.bellunopress.it\/#website"},"primaryImageOfPage":{"@id":"https:\/\/www.bellunopress.it\/2026\/01\/30\/lindipendenza-sotto-scacco-i-pericoli-della-riforma-nordio-e-il-nodo-dellalta-corte\/#primaryimage"},"image":{"@id":"https:\/\/www.bellunopress.it\/2026\/01\/30\/lindipendenza-sotto-scacco-i-pericoli-della-riforma-nordio-e-il-nodo-dellalta-corte\/#primaryimage"},"thumbnailUrl":"https:\/\/www.bellunopress.it\/wp-content\/uploads\/2026\/01\/ddl-costituzionale-Nordio.jpg","datePublished":"2026-01-30T19:43:22+00:00","breadcrumb":{"@id":"https:\/\/www.bellunopress.it\/2026\/01\/30\/lindipendenza-sotto-scacco-i-pericoli-della-riforma-nordio-e-il-nodo-dellalta-corte\/#breadcrumb"},"inLanguage":"fr-FR","potentialAction":[{"@type":"ReadAction","target":["https:\/\/www.bellunopress.it\/2026\/01\/30\/lindipendenza-sotto-scacco-i-pericoli-della-riforma-nordio-e-il-nodo-dellalta-corte\/"]}]},{"@type":"ImageObject","inLanguage":"fr-FR","@id":"https:\/\/www.bellunopress.it\/2026\/01\/30\/lindipendenza-sotto-scacco-i-pericoli-della-riforma-nordio-e-il-nodo-dellalta-corte\/#primaryimage","url":"https:\/\/www.bellunopress.it\/wp-content\/uploads\/2026\/01\/ddl-costituzionale-Nordio.jpg","contentUrl":"https:\/\/www.bellunopress.it\/wp-content\/uploads\/2026\/01\/ddl-costituzionale-Nordio.jpg","width":600,"height":358},{"@type":"BreadcrumbList","@id":"https:\/\/www.bellunopress.it\/2026\/01\/30\/lindipendenza-sotto-scacco-i-pericoli-della-riforma-nordio-e-il-nodo-dellalta-corte\/#breadcrumb","itemListElement":[{"@type":"ListItem","position":1,"name":"Home","item":"https:\/\/www.bellunopress.it\/"},{"@type":"ListItem","position":2,"name":"L&#8217;indipendenza sotto scacco: i pericoli della &#8220;Riforma Nordio&#8221; e il nodo dell&#8217;Alta Corte"}]},{"@type":"WebSite","@id":"https:\/\/www.bellunopress.it\/#website","url":"https:\/\/www.bellunopress.it\/","name":"Bellunopress - Dolomiti","description":"e-mail: redazione@bellunopress.it","publisher":{"@id":"https:\/\/www.bellunopress.it\/#organization"},"potentialAction":[{"@type":"SearchAction","target":{"@type":"EntryPoint","urlTemplate":"https:\/\/www.bellunopress.it\/?s={search_term_string}"},"query-input":{"@type":"PropertyValueSpecification","valueRequired":true,"valueName":"search_term_string"}}],"inLanguage":"fr-FR"},{"@type":"Organization","@id":"https:\/\/www.bellunopress.it\/#organization","name":"Bellunopress","url":"https:\/\/www.bellunopress.it\/","logo":{"@type":"ImageObject","inLanguage":"fr-FR","@id":"https:\/\/www.bellunopress.it\/#\/schema\/logo\/image\/","url":"https:\/\/www.bellunopress.it\/wp-content\/uploads\/2011\/05\/cropped-logo-bellunopress-.jpg","contentUrl":"https:\/\/www.bellunopress.it\/wp-content\/uploads\/2011\/05\/cropped-logo-bellunopress-.jpg","width":512,"height":512,"caption":"Bellunopress"},"image":{"@id":"https:\/\/www.bellunopress.it\/#\/schema\/logo\/image\/"},"sameAs":["https:\/\/www.facebook.com\/profile.php?id=100008943462799","https:\/\/x.com\/bellunopress","https:\/\/www.linkedin.com\/hp\/?dnr=JBzUWaJfMUw8vbXJJ2tVW5-I3jZKvC4wsoxE&amp;amp;amp;amp;amp;amp;trk=nav_responsive_tab_home","https:\/\/www.youtube.com\/channel\/UCxL0wu1uN0_3_7hGG0306cw"]},{"@type":"Person","@id":"https:\/\/www.bellunopress.it\/#\/schema\/person\/79bb06722b37ece1c03d3e94beb30d73","name":"r\u00e9daction","image":{"@type":"ImageObject","inLanguage":"fr-FR","@id":"https:\/\/secure.gravatar.com\/avatar\/37d968a2e67a6fd04c169c4bdef102d0bc5d31b2546345219e348575eb80e9a0?s=96&d=mm&r=g","url":"https:\/\/secure.gravatar.com\/avatar\/37d968a2e67a6fd04c169c4bdef102d0bc5d31b2546345219e348575eb80e9a0?s=96&d=mm&r=g","contentUrl":"https:\/\/secure.gravatar.com\/avatar\/37d968a2e67a6fd04c169c4bdef102d0bc5d31b2546345219e348575eb80e9a0?s=96&d=mm&r=g","caption":"redazione"},"sameAs":["http:\/\/www.bellunopress.it","https:\/\/x.com\/bellunopress"],"url":"https:\/\/www.bellunopress.it\/fr\/author\/redazione\/"}]}},"_links":{"self":[{"href":"https:\/\/www.bellunopress.it\/fr\/wp-json\/wp\/v2\/posts\/166992","targetHints":{"allow":["GET"]}}],"collection":[{"href":"https:\/\/www.bellunopress.it\/fr\/wp-json\/wp\/v2\/posts"}],"about":[{"href":"https:\/\/www.bellunopress.it\/fr\/wp-json\/wp\/v2\/types\/post"}],"author":[{"embeddable":true,"href":"https:\/\/www.bellunopress.it\/fr\/wp-json\/wp\/v2\/users\/2"}],"replies":[{"embeddable":true,"href":"https:\/\/www.bellunopress.it\/fr\/wp-json\/wp\/v2\/comments?post=166992"}],"version-history":[{"count":1,"href":"https:\/\/www.bellunopress.it\/fr\/wp-json\/wp\/v2\/posts\/166992\/revisions"}],"predecessor-version":[{"id":166994,"href":"https:\/\/www.bellunopress.it\/fr\/wp-json\/wp\/v2\/posts\/166992\/revisions\/166994"}],"wp:featuredmedia":[{"embeddable":true,"href":"https:\/\/www.bellunopress.it\/fr\/wp-json\/wp\/v2\/media\/166993"}],"wp:attachment":[{"href":"https:\/\/www.bellunopress.it\/fr\/wp-json\/wp\/v2\/media?parent=166992"}],"wp:term":[{"taxonomy":"category","embeddable":true,"href":"https:\/\/www.bellunopress.it\/fr\/wp-json\/wp\/v2\/categories?post=166992"},{"taxonomy":"post_tag","embeddable":true,"href":"https:\/\/www.bellunopress.it\/fr\/wp-json\/wp\/v2\/tags?post=166992"}],"curies":[{"name":"wp","href":"https:\/\/api.w.org\/{rel}","templated":true}]}}