{"id":166990,"date":"2026-01-30T19:45:04","date_gmt":"2026-01-30T18:45:04","guid":{"rendered":"https:\/\/www.bellunopress.it\/?p=166990"},"modified":"2026-01-30T19:45:04","modified_gmt":"2026-01-30T18:45:04","slug":"caso-vodo-di-cadore-e-nodo-trasporti-padrin-difende-il-rincaro-da-10-euro-votato-allunanimita","status":"publish","type":"post","link":"https:\/\/www.bellunopress.it\/fr\/2026\/01\/30\/caso-vodo-di-cadore-e-nodo-trasporti-padrin-difende-il-rincaro-da-10-euro-votato-allunanimita\/","title":{"rendered":"Caso Vodo di Cadore e nodo trasporti: Padrin difende il rincaro da 10 euro votato all\u2019unanimit\u00e0"},"content":{"rendered":"<p data-path-to-node=\"3\">Belluno, 30\/01\/2026\u00a0\u2013 Un bambino lasciato a terra dall\u2019autobus perch\u00e9 senza biglietto e un\u2019intera provincia in rivolta per l\u2019impennata dei prezzi del trasporto pubblico. Il caso di Vodo di Cadore scuote i vertici di Palazzo Piloni, spingendo il Presidente della Provincia, Roberto Padrin, a un intervento che oscilla tra la solidariet\u00e0 alla famiglia e la difesa tecnica delle scelte politiche dell\u2019Ente.<\/p>\n<h3 data-path-to-node=\"4\">Il fatto: &#8220;Inaccettabile lasciare a terra un minore&#8221;<\/h3>\n<p data-path-to-node=\"5\">L\u2019episodio \u00e8 avvenuto al termine dell\u2019orario scolastico: un bambino \u00e8 rimasto appiedato dal mezzo Dolomitibus poich\u00e9 sprovvisto del titolo di viaggio. Un fatto che Padrin definisce &#8220;profondamente colpito&#8221; e &#8220;preoccupante&#8221;.<\/p>\n<blockquote data-path-to-node=\"6\">\n<h6 style=\"text-align: left;\" data-path-to-node=\"6,0\">&#8220;Si tratta di un episodio che non pu\u00f2 lasciare indifferenti \u2013 dichiara Padrin \u2013 soprattutto perch\u00e9 coinvolge un minore e tocca la tutela dei pi\u00f9 deboli. Ho chiesto a Dolomitibus totale chiarezza: fatti del genere non devono pi\u00f9 ripetersi&#8221;.<\/h6>\n<\/blockquote>\n<p data-path-to-node=\"7\">Il Presidente ha gi\u00e0 contattato la famiglia del piccolo per esprimere vicinanza, assicurando che verr\u00e0 fatta luce sulle responsabilit\u00e0 dell&#8217;azienda.<\/p>\n<h3 data-path-to-node=\"9\">La polemica: Il biglietto a 10 euro e il &#8220;fronte compatto&#8221; dei sindaci<\/h3>\n<p data-path-to-node=\"10\">Al di l\u00e0 dell&#8217;indignazione per il singolo episodio, il clima nel Bellunese \u00e8 infuocato a causa dell&#8217;introduzione del nuovo ticket da 10 euro. Su questo punto, Padrin \u00e8 categorico e punta a dissipare le ombre sulle responsabilit\u00e0 politiche: l&#8217;aumento non \u00e8 una scelta isolata, ma il frutto di un voto unanime.<\/p>\n<p data-path-to-node=\"11\">Tutti i soggetti dell\u2019Ente di governo del trasporto pubblico locale hanno infatti alzato la mano a favore del rincaro. Oltre alla Provincia, il &#8220;s\u00ec&#8221; \u00e8 arrivato compatto dai Comuni di:<\/p>\n<ul data-path-to-node=\"12\">\n<li>\n<p data-path-to-node=\"12,0,0\">Belluno<\/p>\n<\/li>\n<li>\n<p data-path-to-node=\"12,1,0\">Feltre<\/p>\n<\/li>\n<li>\n<p data-path-to-node=\"12,2,0\">Pieve di Cadore<\/p>\n<\/li>\n<li>\n<p data-path-to-node=\"12,3,0\">Cortina<\/p>\n<\/li>\n<li>\n<p data-path-to-node=\"12,4,0\">Auronzo<\/p>\n<\/li>\n<li>\n<p data-path-to-node=\"12,5,0\">Borgo Valbelluna<\/p>\n<\/li>\n<\/ul>\n<h3 data-path-to-node=\"13\">Le ragioni del rincaro: costi, alloggi e subaffidamenti<\/h3>\n<p data-path-to-node=\"14\">Perch\u00e9 un prezzo cos\u00ec alto? Secondo Padrin, la cifra \u00e8 &#8220;necessaria&#8221; per far fronte a una fase complessa. La gestione del servizio, tra la carenza di personale e l&#8217;imminenza dell&#8217;appuntamento olimpico, ha imposto costi straordinari.<\/p>\n<p data-path-to-node=\"15\">&#8220;Un costo condiviso da tutti \u2013 spiega il Presidente \u2013 necessario a coprire le spese per gli alloggi del personale e per il massiccio ricorso al subaffidamento del servizio, indispensabile per garantire le corse ordinarie nel resto del territorio provinciale&#8221;.<\/p>\n<h3 data-path-to-node=\"16\">Le &#8220;contromisure&#8221; per i residenti<\/h3>\n<p data-path-to-node=\"17\">Nonostante la stangata sui biglietti singoli (che non tocca gli abbonati storici), la Provincia ha messo in campo alcuni ammortizzatori sociali per placare le polemiche:<\/p>\n<ol start=\"1\" data-path-to-node=\"18\">\n<li>\n<p data-path-to-node=\"18,0,0\">Abbonamenti &#8220;Olimpici&#8221; gratuiti e biglietti omaggio per i residenti.<\/p>\n<\/li>\n<li>\n<p data-path-to-node=\"18,1,0\">Fondo di 10mila euro stanziato dalla Provincia per i rimborsi dei biglietti a chi si trova in condizioni di necessit\u00e0.<\/p>\n<\/li>\n<\/ol>\n<p data-path-to-node=\"19\">Mentre le indagini interne su Dolomitibus proseguono, resta sul tavolo la questione di un servizio che, tra rincari e disservizi, fatica a trovare un equilibrio tra le esigenze di bilancio e la centralit\u00e0 dell&#8217;utente, specialmente di quello pi\u00f9 fragile.<\/p>","protected":false},"excerpt":{"rendered":"<p>Belluno, 30\/01\/2026\u00a0\u2013 Un bambino lasciato a terra dall\u2019autobus perch\u00e9 senza biglietto e un\u2019intera provincia in rivolta per l\u2019impennata dei prezzi del trasporto pubblico. Il caso di Vodo di Cadore scuote i vertici di Palazzo Piloni, spingendo il Presidente della Provincia, Roberto Padrin, a un intervento che oscilla tra la solidariet\u00e0 alla famiglia e la difesa [&hellip;]<\/p>\n","protected":false},"author":2,"featured_media":132392,"comment_status":"closed","ping_status":"open","sticky":false,"template":"","format":"standard","meta":{"footnotes":""},"categories":[5],"tags":[],"class_list":["post-166990","post","type-post","status-publish","format-standard","has-post-thumbnail","category-cronaca"],"yoast_head":"<!-- This site is optimized with the Yoast SEO plugin v28.4 - https:\/\/yoast.com\/product\/yoast-seo-wordpress\/ -->\n<title>Caso Vodo di Cadore e nodo trasporti: Padrin difende il rincaro da 10 euro votato all\u2019unanimit\u00e0 - Bellunopress - Dolomiti<\/title>\n<meta name=\"robots\" content=\"index, follow, max-snippet:-1, max-image-preview:large, max-video-preview:-1\" \/>\n<link rel=\"canonical\" href=\"https:\/\/www.bellunopress.it\/fr\/2026\/01\/30\/caso-vodo-di-cadore-e-nodo-trasporti-padrin-difende-il-rincaro-da-10-euro-votato-allunanimita\/\" \/>\n<meta property=\"og:locale\" content=\"fr_FR\" \/>\n<meta property=\"og:type\" content=\"article\" \/>\n<meta property=\"og:title\" content=\"Caso Vodo di Cadore e nodo trasporti: Padrin difende il rincaro da 10 euro votato all\u2019unanimit\u00e0 - Bellunopress - Dolomiti\" \/>\n<meta property=\"og:description\" content=\"Belluno, 30\/01\/2026\u00a0\u2013 Un bambino lasciato a terra dall\u2019autobus perch\u00e9 senza biglietto e un\u2019intera provincia in rivolta per l\u2019impennata dei prezzi del trasporto pubblico. Il caso di Vodo di Cadore scuote i vertici di Palazzo Piloni, spingendo il Presidente della Provincia, Roberto Padrin, a un intervento che oscilla tra la solidariet\u00e0 alla famiglia e la difesa [&hellip;]\" \/>\n<meta property=\"og:url\" content=\"https:\/\/www.bellunopress.it\/fr\/2026\/01\/30\/caso-vodo-di-cadore-e-nodo-trasporti-padrin-difende-il-rincaro-da-10-euro-votato-allunanimita\/\" \/>\n<meta property=\"og:site_name\" content=\"Bellunopress - Dolomiti\" \/>\n<meta property=\"article:publisher\" content=\"https:\/\/www.facebook.com\/profile.php?id=100008943462799\" \/>\n<meta property=\"article:published_time\" content=\"2026-01-30T18:45:04+00:00\" \/>\n<meta property=\"og:image\" content=\"https:\/\/www.bellunopress.it\/wp-content\/uploads\/2022\/03\/Roberto-Padrin_edited.jpg\" \/>\n\t<meta property=\"og:image:width\" content=\"1000\" \/>\n\t<meta property=\"og:image:height\" content=\"704\" \/>\n\t<meta property=\"og:image:type\" content=\"image\/jpeg\" \/>\n<meta name=\"author\" content=\"redazione\" \/>\n<meta name=\"twitter:card\" content=\"summary_large_image\" \/>\n<meta name=\"twitter:creator\" content=\"@bellunopress\" \/>\n<meta name=\"twitter:site\" content=\"@bellunopress\" \/>\n<meta name=\"twitter:label1\" content=\"Written by\" \/>\n\t<meta name=\"twitter:data1\" content=\"redazione\" \/>\n\t<meta name=\"twitter:label2\" content=\"Est. reading time\" \/>\n\t<meta name=\"twitter:data2\" content=\"2 minutes\" \/>\n<script type=\"application\/ld+json\" class=\"yoast-schema-graph\">{\"@context\":\"https:\\\/\\\/schema.org\",\"@graph\":[{\"@type\":\"Article\",\"@id\":\"https:\\\/\\\/www.bellunopress.it\\\/2026\\\/01\\\/30\\\/caso-vodo-di-cadore-e-nodo-trasporti-padrin-difende-il-rincaro-da-10-euro-votato-allunanimita\\\/#article\",\"isPartOf\":{\"@id\":\"https:\\\/\\\/www.bellunopress.it\\\/2026\\\/01\\\/30\\\/caso-vodo-di-cadore-e-nodo-trasporti-padrin-difende-il-rincaro-da-10-euro-votato-allunanimita\\\/\"},\"author\":{\"name\":\"redazione\",\"@id\":\"https:\\\/\\\/www.bellunopress.it\\\/#\\\/schema\\\/person\\\/79bb06722b37ece1c03d3e94beb30d73\"},\"headline\":\"Caso Vodo di Cadore e nodo trasporti: Padrin difende il rincaro da 10 euro votato all\u2019unanimit\u00e0\",\"datePublished\":\"2026-01-30T18:45:04+00:00\",\"mainEntityOfPage\":{\"@id\":\"https:\\\/\\\/www.bellunopress.it\\\/2026\\\/01\\\/30\\\/caso-vodo-di-cadore-e-nodo-trasporti-padrin-difende-il-rincaro-da-10-euro-votato-allunanimita\\\/\"},\"wordCount\":457,\"publisher\":{\"@id\":\"https:\\\/\\\/www.bellunopress.it\\\/#organization\"},\"image\":{\"@id\":\"https:\\\/\\\/www.bellunopress.it\\\/2026\\\/01\\\/30\\\/caso-vodo-di-cadore-e-nodo-trasporti-padrin-difende-il-rincaro-da-10-euro-votato-allunanimita\\\/#primaryimage\"},\"thumbnailUrl\":\"https:\\\/\\\/www.bellunopress.it\\\/wp-content\\\/uploads\\\/2022\\\/03\\\/Roberto-Padrin_edited.jpg\",\"articleSection\":[\"Cronaca\\\/Politica\"],\"inLanguage\":\"fr-FR\"},{\"@type\":\"WebPage\",\"@id\":\"https:\\\/\\\/www.bellunopress.it\\\/2026\\\/01\\\/30\\\/caso-vodo-di-cadore-e-nodo-trasporti-padrin-difende-il-rincaro-da-10-euro-votato-allunanimita\\\/\",\"url\":\"https:\\\/\\\/www.bellunopress.it\\\/2026\\\/01\\\/30\\\/caso-vodo-di-cadore-e-nodo-trasporti-padrin-difende-il-rincaro-da-10-euro-votato-allunanimita\\\/\",\"name\":\"Caso Vodo di Cadore e nodo trasporti: Padrin difende il rincaro da 10 euro votato all\u2019unanimit\u00e0 - Bellunopress - Dolomiti\",\"isPartOf\":{\"@id\":\"https:\\\/\\\/www.bellunopress.it\\\/#website\"},\"primaryImageOfPage\":{\"@id\":\"https:\\\/\\\/www.bellunopress.it\\\/2026\\\/01\\\/30\\\/caso-vodo-di-cadore-e-nodo-trasporti-padrin-difende-il-rincaro-da-10-euro-votato-allunanimita\\\/#primaryimage\"},\"image\":{\"@id\":\"https:\\\/\\\/www.bellunopress.it\\\/2026\\\/01\\\/30\\\/caso-vodo-di-cadore-e-nodo-trasporti-padrin-difende-il-rincaro-da-10-euro-votato-allunanimita\\\/#primaryimage\"},\"thumbnailUrl\":\"https:\\\/\\\/www.bellunopress.it\\\/wp-content\\\/uploads\\\/2022\\\/03\\\/Roberto-Padrin_edited.jpg\",\"datePublished\":\"2026-01-30T18:45:04+00:00\",\"breadcrumb\":{\"@id\":\"https:\\\/\\\/www.bellunopress.it\\\/2026\\\/01\\\/30\\\/caso-vodo-di-cadore-e-nodo-trasporti-padrin-difende-il-rincaro-da-10-euro-votato-allunanimita\\\/#breadcrumb\"},\"inLanguage\":\"fr-FR\",\"potentialAction\":[{\"@type\":\"ReadAction\",\"target\":[\"https:\\\/\\\/www.bellunopress.it\\\/2026\\\/01\\\/30\\\/caso-vodo-di-cadore-e-nodo-trasporti-padrin-difende-il-rincaro-da-10-euro-votato-allunanimita\\\/\"]}]},{\"@type\":\"ImageObject\",\"inLanguage\":\"fr-FR\",\"@id\":\"https:\\\/\\\/www.bellunopress.it\\\/2026\\\/01\\\/30\\\/caso-vodo-di-cadore-e-nodo-trasporti-padrin-difende-il-rincaro-da-10-euro-votato-allunanimita\\\/#primaryimage\",\"url\":\"https:\\\/\\\/www.bellunopress.it\\\/wp-content\\\/uploads\\\/2022\\\/03\\\/Roberto-Padrin_edited.jpg\",\"contentUrl\":\"https:\\\/\\\/www.bellunopress.it\\\/wp-content\\\/uploads\\\/2022\\\/03\\\/Roberto-Padrin_edited.jpg\",\"width\":1000,\"height\":704,\"caption\":\"Roberto Padrin, presidente della Provincia\"},{\"@type\":\"BreadcrumbList\",\"@id\":\"https:\\\/\\\/www.bellunopress.it\\\/2026\\\/01\\\/30\\\/caso-vodo-di-cadore-e-nodo-trasporti-padrin-difende-il-rincaro-da-10-euro-votato-allunanimita\\\/#breadcrumb\",\"itemListElement\":[{\"@type\":\"ListItem\",\"position\":1,\"name\":\"Home\",\"item\":\"https:\\\/\\\/www.bellunopress.it\\\/\"},{\"@type\":\"ListItem\",\"position\":2,\"name\":\"Caso Vodo di Cadore e nodo trasporti: Padrin difende il rincaro da 10 euro votato all\u2019unanimit\u00e0\"}]},{\"@type\":\"WebSite\",\"@id\":\"https:\\\/\\\/www.bellunopress.it\\\/#website\",\"url\":\"https:\\\/\\\/www.bellunopress.it\\\/\",\"name\":\"Bellunopress - Dolomiti\",\"description\":\"e-mail: redazione@bellunopress.it\",\"publisher\":{\"@id\":\"https:\\\/\\\/www.bellunopress.it\\\/#organization\"},\"potentialAction\":[{\"@type\":\"SearchAction\",\"target\":{\"@type\":\"EntryPoint\",\"urlTemplate\":\"https:\\\/\\\/www.bellunopress.it\\\/?s={search_term_string}\"},\"query-input\":{\"@type\":\"PropertyValueSpecification\",\"valueRequired\":true,\"valueName\":\"search_term_string\"}}],\"inLanguage\":\"fr-FR\"},{\"@type\":\"Organization\",\"@id\":\"https:\\\/\\\/www.bellunopress.it\\\/#organization\",\"name\":\"Bellunopress\",\"url\":\"https:\\\/\\\/www.bellunopress.it\\\/\",\"logo\":{\"@type\":\"ImageObject\",\"inLanguage\":\"fr-FR\",\"@id\":\"https:\\\/\\\/www.bellunopress.it\\\/#\\\/schema\\\/logo\\\/image\\\/\",\"url\":\"https:\\\/\\\/www.bellunopress.it\\\/wp-content\\\/uploads\\\/2011\\\/05\\\/cropped-logo-bellunopress-.jpg\",\"contentUrl\":\"https:\\\/\\\/www.bellunopress.it\\\/wp-content\\\/uploads\\\/2011\\\/05\\\/cropped-logo-bellunopress-.jpg\",\"width\":512,\"height\":512,\"caption\":\"Bellunopress\"},\"image\":{\"@id\":\"https:\\\/\\\/www.bellunopress.it\\\/#\\\/schema\\\/logo\\\/image\\\/\"},\"sameAs\":[\"https:\\\/\\\/www.facebook.com\\\/profile.php?id=100008943462799\",\"https:\\\/\\\/x.com\\\/bellunopress\",\"https:\\\/\\\/www.linkedin.com\\\/hp\\\/?dnr=JBzUWaJfMUw8vbXJJ2tVW5-I3jZKvC4wsoxE&amp;amp;amp;amp;amp;amp;trk=nav_responsive_tab_home\",\"https:\\\/\\\/www.youtube.com\\\/channel\\\/UCxL0wu1uN0_3_7hGG0306cw\"]},{\"@type\":\"Person\",\"@id\":\"https:\\\/\\\/www.bellunopress.it\\\/#\\\/schema\\\/person\\\/79bb06722b37ece1c03d3e94beb30d73\",\"name\":\"redazione\",\"image\":{\"@type\":\"ImageObject\",\"inLanguage\":\"fr-FR\",\"@id\":\"https:\\\/\\\/secure.gravatar.com\\\/avatar\\\/37d968a2e67a6fd04c169c4bdef102d0bc5d31b2546345219e348575eb80e9a0?s=96&d=mm&r=g\",\"url\":\"https:\\\/\\\/secure.gravatar.com\\\/avatar\\\/37d968a2e67a6fd04c169c4bdef102d0bc5d31b2546345219e348575eb80e9a0?s=96&d=mm&r=g\",\"contentUrl\":\"https:\\\/\\\/secure.gravatar.com\\\/avatar\\\/37d968a2e67a6fd04c169c4bdef102d0bc5d31b2546345219e348575eb80e9a0?s=96&d=mm&r=g\",\"caption\":\"redazione\"},\"sameAs\":[\"http:\\\/\\\/www.bellunopress.it\",\"https:\\\/\\\/x.com\\\/bellunopress\"],\"url\":\"https:\\\/\\\/www.bellunopress.it\\\/fr\\\/author\\\/redazione\\\/\"}]}<\/script>\n<!-- \/ Yoast SEO plugin. -->","yoast_head_json":{"title":"Caso Vodo di Cadore e nodo trasporti: Padrin difende il rincaro da 10 euro votato all\u2019unanimit\u00e0 - Bellunopress - Dolomiti","robots":{"index":"index","follow":"follow","max-snippet":"max-snippet:-1","max-image-preview":"max-image-preview:large","max-video-preview":"max-video-preview:-1"},"canonical":"https:\/\/www.bellunopress.it\/fr\/2026\/01\/30\/caso-vodo-di-cadore-e-nodo-trasporti-padrin-difende-il-rincaro-da-10-euro-votato-allunanimita\/","og_locale":"fr_FR","og_type":"article","og_title":"Caso Vodo di Cadore e nodo trasporti: Padrin difende il rincaro da 10 euro votato all\u2019unanimit\u00e0 - Bellunopress - Dolomiti","og_description":"Belluno, 30\/01\/2026\u00a0\u2013 Un bambino lasciato a terra dall\u2019autobus perch\u00e9 senza biglietto e un\u2019intera provincia in rivolta per l\u2019impennata dei prezzi del trasporto pubblico. Il caso di Vodo di Cadore scuote i vertici di Palazzo Piloni, spingendo il Presidente della Provincia, Roberto Padrin, a un intervento che oscilla tra la solidariet\u00e0 alla famiglia e la difesa [&hellip;]","og_url":"https:\/\/www.bellunopress.it\/fr\/2026\/01\/30\/caso-vodo-di-cadore-e-nodo-trasporti-padrin-difende-il-rincaro-da-10-euro-votato-allunanimita\/","og_site_name":"Bellunopress - Dolomiti","article_publisher":"https:\/\/www.facebook.com\/profile.php?id=100008943462799","article_published_time":"2026-01-30T18:45:04+00:00","og_image":[{"width":1000,"height":704,"url":"https:\/\/www.bellunopress.it\/wp-content\/uploads\/2022\/03\/Roberto-Padrin_edited.jpg","type":"image\/jpeg"}],"author":"redazione","twitter_card":"summary_large_image","twitter_creator":"@bellunopress","twitter_site":"@bellunopress","twitter_misc":{"Written by":"redazione","Est. reading time":"2 minutes"},"schema":{"@context":"https:\/\/schema.org","@graph":[{"@type":"Article","@id":"https:\/\/www.bellunopress.it\/2026\/01\/30\/caso-vodo-di-cadore-e-nodo-trasporti-padrin-difende-il-rincaro-da-10-euro-votato-allunanimita\/#article","isPartOf":{"@id":"https:\/\/www.bellunopress.it\/2026\/01\/30\/caso-vodo-di-cadore-e-nodo-trasporti-padrin-difende-il-rincaro-da-10-euro-votato-allunanimita\/"},"author":{"name":"redazione","@id":"https:\/\/www.bellunopress.it\/#\/schema\/person\/79bb06722b37ece1c03d3e94beb30d73"},"headline":"Caso Vodo di Cadore e nodo trasporti: Padrin difende il rincaro da 10 euro votato all\u2019unanimit\u00e0","datePublished":"2026-01-30T18:45:04+00:00","mainEntityOfPage":{"@id":"https:\/\/www.bellunopress.it\/2026\/01\/30\/caso-vodo-di-cadore-e-nodo-trasporti-padrin-difende-il-rincaro-da-10-euro-votato-allunanimita\/"},"wordCount":457,"publisher":{"@id":"https:\/\/www.bellunopress.it\/#organization"},"image":{"@id":"https:\/\/www.bellunopress.it\/2026\/01\/30\/caso-vodo-di-cadore-e-nodo-trasporti-padrin-difende-il-rincaro-da-10-euro-votato-allunanimita\/#primaryimage"},"thumbnailUrl":"https:\/\/www.bellunopress.it\/wp-content\/uploads\/2022\/03\/Roberto-Padrin_edited.jpg","articleSection":["Cronaca\/Politica"],"inLanguage":"fr-FR"},{"@type":"WebPage","@id":"https:\/\/www.bellunopress.it\/2026\/01\/30\/caso-vodo-di-cadore-e-nodo-trasporti-padrin-difende-il-rincaro-da-10-euro-votato-allunanimita\/","url":"https:\/\/www.bellunopress.it\/2026\/01\/30\/caso-vodo-di-cadore-e-nodo-trasporti-padrin-difende-il-rincaro-da-10-euro-votato-allunanimita\/","name":"Caso Vodo di Cadore e nodo trasporti: Padrin difende il rincaro da 10 euro votato all\u2019unanimit\u00e0 - Bellunopress - Dolomiti","isPartOf":{"@id":"https:\/\/www.bellunopress.it\/#website"},"primaryImageOfPage":{"@id":"https:\/\/www.bellunopress.it\/2026\/01\/30\/caso-vodo-di-cadore-e-nodo-trasporti-padrin-difende-il-rincaro-da-10-euro-votato-allunanimita\/#primaryimage"},"image":{"@id":"https:\/\/www.bellunopress.it\/2026\/01\/30\/caso-vodo-di-cadore-e-nodo-trasporti-padrin-difende-il-rincaro-da-10-euro-votato-allunanimita\/#primaryimage"},"thumbnailUrl":"https:\/\/www.bellunopress.it\/wp-content\/uploads\/2022\/03\/Roberto-Padrin_edited.jpg","datePublished":"2026-01-30T18:45:04+00:00","breadcrumb":{"@id":"https:\/\/www.bellunopress.it\/2026\/01\/30\/caso-vodo-di-cadore-e-nodo-trasporti-padrin-difende-il-rincaro-da-10-euro-votato-allunanimita\/#breadcrumb"},"inLanguage":"fr-FR","potentialAction":[{"@type":"ReadAction","target":["https:\/\/www.bellunopress.it\/2026\/01\/30\/caso-vodo-di-cadore-e-nodo-trasporti-padrin-difende-il-rincaro-da-10-euro-votato-allunanimita\/"]}]},{"@type":"ImageObject","inLanguage":"fr-FR","@id":"https:\/\/www.bellunopress.it\/2026\/01\/30\/caso-vodo-di-cadore-e-nodo-trasporti-padrin-difende-il-rincaro-da-10-euro-votato-allunanimita\/#primaryimage","url":"https:\/\/www.bellunopress.it\/wp-content\/uploads\/2022\/03\/Roberto-Padrin_edited.jpg","contentUrl":"https:\/\/www.bellunopress.it\/wp-content\/uploads\/2022\/03\/Roberto-Padrin_edited.jpg","width":1000,"height":704,"caption":"Roberto Padrin, presidente della Provincia"},{"@type":"BreadcrumbList","@id":"https:\/\/www.bellunopress.it\/2026\/01\/30\/caso-vodo-di-cadore-e-nodo-trasporti-padrin-difende-il-rincaro-da-10-euro-votato-allunanimita\/#breadcrumb","itemListElement":[{"@type":"ListItem","position":1,"name":"Home","item":"https:\/\/www.bellunopress.it\/"},{"@type":"ListItem","position":2,"name":"Caso Vodo di Cadore e nodo trasporti: Padrin difende il rincaro da 10 euro votato all\u2019unanimit\u00e0"}]},{"@type":"WebSite","@id":"https:\/\/www.bellunopress.it\/#website","url":"https:\/\/www.bellunopress.it\/","name":"Bellunopress - Dolomiti","description":"e-mail: redazione@bellunopress.it","publisher":{"@id":"https:\/\/www.bellunopress.it\/#organization"},"potentialAction":[{"@type":"SearchAction","target":{"@type":"EntryPoint","urlTemplate":"https:\/\/www.bellunopress.it\/?s={search_term_string}"},"query-input":{"@type":"PropertyValueSpecification","valueRequired":true,"valueName":"search_term_string"}}],"inLanguage":"fr-FR"},{"@type":"Organization","@id":"https:\/\/www.bellunopress.it\/#organization","name":"Bellunopress","url":"https:\/\/www.bellunopress.it\/","logo":{"@type":"ImageObject","inLanguage":"fr-FR","@id":"https:\/\/www.bellunopress.it\/#\/schema\/logo\/image\/","url":"https:\/\/www.bellunopress.it\/wp-content\/uploads\/2011\/05\/cropped-logo-bellunopress-.jpg","contentUrl":"https:\/\/www.bellunopress.it\/wp-content\/uploads\/2011\/05\/cropped-logo-bellunopress-.jpg","width":512,"height":512,"caption":"Bellunopress"},"image":{"@id":"https:\/\/www.bellunopress.it\/#\/schema\/logo\/image\/"},"sameAs":["https:\/\/www.facebook.com\/profile.php?id=100008943462799","https:\/\/x.com\/bellunopress","https:\/\/www.linkedin.com\/hp\/?dnr=JBzUWaJfMUw8vbXJJ2tVW5-I3jZKvC4wsoxE&amp;amp;amp;amp;amp;amp;trk=nav_responsive_tab_home","https:\/\/www.youtube.com\/channel\/UCxL0wu1uN0_3_7hGG0306cw"]},{"@type":"Person","@id":"https:\/\/www.bellunopress.it\/#\/schema\/person\/79bb06722b37ece1c03d3e94beb30d73","name":"r\u00e9daction","image":{"@type":"ImageObject","inLanguage":"fr-FR","@id":"https:\/\/secure.gravatar.com\/avatar\/37d968a2e67a6fd04c169c4bdef102d0bc5d31b2546345219e348575eb80e9a0?s=96&d=mm&r=g","url":"https:\/\/secure.gravatar.com\/avatar\/37d968a2e67a6fd04c169c4bdef102d0bc5d31b2546345219e348575eb80e9a0?s=96&d=mm&r=g","contentUrl":"https:\/\/secure.gravatar.com\/avatar\/37d968a2e67a6fd04c169c4bdef102d0bc5d31b2546345219e348575eb80e9a0?s=96&d=mm&r=g","caption":"redazione"},"sameAs":["http:\/\/www.bellunopress.it","https:\/\/x.com\/bellunopress"],"url":"https:\/\/www.bellunopress.it\/fr\/author\/redazione\/"}]}},"_links":{"self":[{"href":"https:\/\/www.bellunopress.it\/fr\/wp-json\/wp\/v2\/posts\/166990","targetHints":{"allow":["GET"]}}],"collection":[{"href":"https:\/\/www.bellunopress.it\/fr\/wp-json\/wp\/v2\/posts"}],"about":[{"href":"https:\/\/www.bellunopress.it\/fr\/wp-json\/wp\/v2\/types\/post"}],"author":[{"embeddable":true,"href":"https:\/\/www.bellunopress.it\/fr\/wp-json\/wp\/v2\/users\/2"}],"replies":[{"embeddable":true,"href":"https:\/\/www.bellunopress.it\/fr\/wp-json\/wp\/v2\/comments?post=166990"}],"version-history":[{"count":1,"href":"https:\/\/www.bellunopress.it\/fr\/wp-json\/wp\/v2\/posts\/166990\/revisions"}],"predecessor-version":[{"id":166991,"href":"https:\/\/www.bellunopress.it\/fr\/wp-json\/wp\/v2\/posts\/166990\/revisions\/166991"}],"wp:featuredmedia":[{"embeddable":true,"href":"https:\/\/www.bellunopress.it\/fr\/wp-json\/wp\/v2\/media\/132392"}],"wp:attachment":[{"href":"https:\/\/www.bellunopress.it\/fr\/wp-json\/wp\/v2\/media?parent=166990"}],"wp:term":[{"taxonomy":"category","embeddable":true,"href":"https:\/\/www.bellunopress.it\/fr\/wp-json\/wp\/v2\/categories?post=166990"},{"taxonomy":"post_tag","embeddable":true,"href":"https:\/\/www.bellunopress.it\/fr\/wp-json\/wp\/v2\/tags?post=166990"}],"curies":[{"name":"wp","href":"https:\/\/api.w.org\/{rel}","templated":true}]}}