{"id":166986,"date":"2026-01-30T18:37:09","date_gmt":"2026-01-30T17:37:09","guid":{"rendered":"https:\/\/www.bellunopress.it\/?p=166986"},"modified":"2026-01-30T18:37:09","modified_gmt":"2026-01-30T17:37:09","slug":"consegnati-i-locali-restaurati-per-il-commissariato-della-polizia-di-stato-di-cortina-dampezzo","status":"publish","type":"post","link":"https:\/\/www.bellunopress.it\/fr\/2026\/01\/30\/consegnati-i-locali-restaurati-per-il-commissariato-della-polizia-di-stato-di-cortina-dampezzo\/","title":{"rendered":"Consegnati i locali restaurati per il Commissariato della Polizia di Stato di Cortina d&#8217;Ampezzo"},"content":{"rendered":"<p>Cortina d&#8217;Ampezzo, 30 gennaio 2026 &#8211; Sono stati consegnati oggi i locali restaurati per la nuova sede del Commissariato di Polizia di Stato di Cortina d&#8217;Ampezzo. L&#8217;opera \u00e8 stata realizzata dall&#8217;impresa Renco spa nell&#8217;ambito del progetto di riqualificazione dell&#8217;area dell&#8217;ex stazione ferroviaria. Il Commissariato costituisce un&#8217;opera strategica in vista delle Olimpiadi e Paralimpiadi Invernali Milano-Cortina 2026.<\/p>\n<p>&#8220;Abbiamo completato l&#8217;opera nel pieno rispetto dei tempi &#8211; ha spiegato il presidente di Renco spa Giovanni Gasparini &#8211; portando a termine i lavori in dieci mesi dalla consegna del cantiere, grazie a un&#8217;organizzazione che ha previsto lavorazioni su tre turni. Una gestione operativa che ha consentito di accelerare le fasi realizzative senza compromettere qualit\u00e0, sicurezza e attenzione al contesto&#8221;.<\/p>\n<p>Il nuovo commissariato nasce da un restauro conservativo che ha messo al centro la sostenibilit\u00e0 ambientale, la valorizzazione delle strutture esistenti e il rispetto dell&#8217;identit\u00e0 del luogo. L&#8217;intervento ha permesso di ridurre il consumo di suolo e l&#8217;impiego di nuove risorse, migliorando al contempo le prestazioni energetiche e il comfort degli spazi, in un territorio particolarmente delicato come quello ampezzano.<\/p>\n<p>L&#8217;edificio \u00e8 stato progettato come uno spazio accessibile e inclusivo, con percorsi privi di barriere architettoniche e soluzioni pensate per garantire fruibilit\u00e0, sicurezza e dignit\u00e0 a tutte le persone. Un presidio pubblico che rafforza il ruolo della Polizia di Stato come punto di riferimento quotidiano per cittadini e visitatori, in una fase cruciale di preparazione al grande evento olimpico.<\/p>\n<p>&#8220;La consegna del nuovo Commissariato di Polizia di Stato di Cortina d&#8217;Ampezzo \u00e8 il frutto di un lavoro intenso e condiviso &#8211; ha aggiunto Giovanni Rubini, amministratore delegato di Renco &#8211; Desidero ringraziare l&#8217;Amministrazione comunale, le istituzioni coinvolte e tutti coloro che hanno collaborato con spirito costruttivo alla realizzazione di un&#8217;opera pubblica cos\u00ec importante per la citt\u00e0&#8221;.<\/p>\n<p>Il Commissariato di Polizia di Stato rappresenta il primo intervento pubblico completato all&#8217;interno di un pi\u00f9 ampio progetto di rigenerazione urbana dell&#8217;area dell&#8217;ex stazione ferroviaria di Cortina d&#8217;Ampezzo. L&#8217;operazione complessiva, dal valore di 98 milioni di euro, \u00e8 realizzata attraverso un partenariato pubblico-privato tra il Comune di Cortina d&#8217;Ampezzo e Renco S.p.A., con la progettazione affidata a PoolEngineering.<\/p>\n<p>Il progetto promosso da Renco spa punta a trasformare l&#8217;ex scalo ferroviario in un nuovo spazio urbano moderno, sostenibile e integrato con il centro storico, capace di ricucire il rapporto tra questa area strategica e la citt\u00e0. Il masterplan ruota attorno a una nuova piazza pubblica pedonale di oltre 6.500 metri quadrati, cuore del nuovo assetto urbano, sotto la quale trover\u00e0 spazio un parcheggio pubblico interrato su due livelli, con oltre 600 posti auto, a servizio del centro cittadino.<\/p>\n<p>Accanto agli interventi di restauro conservativo di oltre 4mila metri quadrati di edifici esistenti \u2013 che comprendono, oltre al Commissariato, la Casa del Cittadino, la Casa delle Associazioni, la stazione bus, l&#8217;Event Square e la foresteria \u2013 il progetto prevede la realizzazione di nuove residenze di pregio insieme a spazi commerciali e a una struttura ricettiva con circa 40 suite, spa e ristorante. Completano l&#8217;intervento nuovi servizi pubblici, tra cui bagni e spazi dedicati alla mobilit\u00e0 dolce, e una rete di percorsi pedonali e ciclabili pensati per favorire la vivibilit\u00e0 e la fruizione dell&#8217;area da parte di residenti e visitatori.<\/p>\n<p>&#8220;Un ringraziamento particolare &#8211; ha concluso Rubini &#8211; va anche ai cittadini di Cortina per la pazienza e la collaborazione dimostrate durante le fasi di cantiere. Questo intervento rappresenta un primo passo all&#8217;interno di un progetto pi\u00f9 ampio di riqualificazione urbana, che proseguir\u00e0 con la stessa attenzione al territorio e alla comunit\u00e0&#8221;.<\/p>\n<p>Erano presenti: il sindaco di Cortina Gianluca Lorenzi, il prefetto di Belluno Antonello Roccoberton, il questore della Provincia di Belluno Roberto Della Rocca, il primo dirigente della Polizia di Stato Luigi Petrillo, l&#8217;assessore ai Lavori pubblici, sport e grandi eventi del Comune di Cortina d&#8217;Ampezzo Giorgio Da Rin.<\/p>\n<p>&nbsp;<\/p>","protected":false},"excerpt":{"rendered":"<p>Cortina d&#8217;Ampezzo, 30 gennaio 2026 &#8211; Sono stati consegnati oggi i locali restaurati per la nuova sede del Commissariato di Polizia di Stato di Cortina d&#8217;Ampezzo. L&#8217;opera \u00e8 stata realizzata dall&#8217;impresa Renco spa nell&#8217;ambito del progetto di riqualificazione dell&#8217;area dell&#8217;ex stazione ferroviaria. Il Commissariato costituisce un&#8217;opera strategica in vista delle Olimpiadi e Paralimpiadi Invernali Milano-Cortina [&hellip;]<\/p>\n","protected":false},"author":2,"featured_media":166987,"comment_status":"closed","ping_status":"open","sticky":false,"template":"","format":"standard","meta":{"footnotes":""},"categories":[5],"tags":[],"class_list":["post-166986","post","type-post","status-publish","format-standard","has-post-thumbnail","category-cronaca"],"yoast_head":"<!-- This site is optimized with the Yoast SEO plugin v28.4 - https:\/\/yoast.com\/product\/yoast-seo-wordpress\/ -->\n<title>Consegnati i locali restaurati per il Commissariato della Polizia di Stato di Cortina d&#039;Ampezzo - Bellunopress - Dolomiti<\/title>\n<meta name=\"robots\" content=\"index, follow, max-snippet:-1, max-image-preview:large, max-video-preview:-1\" \/>\n<link rel=\"canonical\" href=\"https:\/\/www.bellunopress.it\/fr\/2026\/01\/30\/consegnati-i-locali-restaurati-per-il-commissariato-della-polizia-di-stato-di-cortina-dampezzo\/\" \/>\n<meta property=\"og:locale\" content=\"fr_FR\" \/>\n<meta property=\"og:type\" content=\"article\" \/>\n<meta property=\"og:title\" content=\"Consegnati i locali restaurati per il Commissariato della Polizia di Stato di Cortina d&#039;Ampezzo - Bellunopress - Dolomiti\" \/>\n<meta property=\"og:description\" content=\"Cortina d&#8217;Ampezzo, 30 gennaio 2026 &#8211; Sono stati consegnati oggi i locali restaurati per la nuova sede del Commissariato di Polizia di Stato di Cortina d&#8217;Ampezzo. L&#8217;opera \u00e8 stata realizzata dall&#8217;impresa Renco spa nell&#8217;ambito del progetto di riqualificazione dell&#8217;area dell&#8217;ex stazione ferroviaria. Il Commissariato costituisce un&#8217;opera strategica in vista delle Olimpiadi e Paralimpiadi Invernali Milano-Cortina [&hellip;]\" \/>\n<meta property=\"og:url\" content=\"https:\/\/www.bellunopress.it\/fr\/2026\/01\/30\/consegnati-i-locali-restaurati-per-il-commissariato-della-polizia-di-stato-di-cortina-dampezzo\/\" \/>\n<meta property=\"og:site_name\" content=\"Bellunopress - Dolomiti\" \/>\n<meta property=\"article:publisher\" content=\"https:\/\/www.facebook.com\/profile.php?id=100008943462799\" \/>\n<meta property=\"article:published_time\" content=\"2026-01-30T17:37:09+00:00\" \/>\n<meta property=\"og:image\" content=\"https:\/\/www.bellunopress.it\/wp-content\/uploads\/2026\/01\/Nuovo-Commissariato-Polizia-Cortina-area-ex-Stazione.jpg\" \/>\n\t<meta property=\"og:image:width\" content=\"600\" \/>\n\t<meta property=\"og:image:height\" content=\"450\" \/>\n\t<meta property=\"og:image:type\" content=\"image\/jpeg\" \/>\n<meta name=\"author\" content=\"redazione\" \/>\n<meta name=\"twitter:card\" content=\"summary_large_image\" \/>\n<meta name=\"twitter:creator\" content=\"@bellunopress\" \/>\n<meta name=\"twitter:site\" content=\"@bellunopress\" \/>\n<meta name=\"twitter:label1\" content=\"Written by\" \/>\n\t<meta name=\"twitter:data1\" content=\"redazione\" \/>\n\t<meta name=\"twitter:label2\" content=\"Est. reading time\" \/>\n\t<meta name=\"twitter:data2\" content=\"3 minutes\" \/>\n<script type=\"application\/ld+json\" class=\"yoast-schema-graph\">{\"@context\":\"https:\\\/\\\/schema.org\",\"@graph\":[{\"@type\":\"Article\",\"@id\":\"https:\\\/\\\/www.bellunopress.it\\\/2026\\\/01\\\/30\\\/consegnati-i-locali-restaurati-per-il-commissariato-della-polizia-di-stato-di-cortina-dampezzo\\\/#article\",\"isPartOf\":{\"@id\":\"https:\\\/\\\/www.bellunopress.it\\\/2026\\\/01\\\/30\\\/consegnati-i-locali-restaurati-per-il-commissariato-della-polizia-di-stato-di-cortina-dampezzo\\\/\"},\"author\":{\"name\":\"redazione\",\"@id\":\"https:\\\/\\\/www.bellunopress.it\\\/#\\\/schema\\\/person\\\/79bb06722b37ece1c03d3e94beb30d73\"},\"headline\":\"Consegnati i locali restaurati per il Commissariato della Polizia di Stato di Cortina d&#8217;Ampezzo\",\"datePublished\":\"2026-01-30T17:37:09+00:00\",\"mainEntityOfPage\":{\"@id\":\"https:\\\/\\\/www.bellunopress.it\\\/2026\\\/01\\\/30\\\/consegnati-i-locali-restaurati-per-il-commissariato-della-polizia-di-stato-di-cortina-dampezzo\\\/\"},\"wordCount\":664,\"publisher\":{\"@id\":\"https:\\\/\\\/www.bellunopress.it\\\/#organization\"},\"image\":{\"@id\":\"https:\\\/\\\/www.bellunopress.it\\\/2026\\\/01\\\/30\\\/consegnati-i-locali-restaurati-per-il-commissariato-della-polizia-di-stato-di-cortina-dampezzo\\\/#primaryimage\"},\"thumbnailUrl\":\"https:\\\/\\\/www.bellunopress.it\\\/wp-content\\\/uploads\\\/2026\\\/01\\\/Nuovo-Commissariato-Polizia-Cortina-area-ex-Stazione.jpg\",\"articleSection\":[\"Cronaca\\\/Politica\"],\"inLanguage\":\"fr-FR\"},{\"@type\":\"WebPage\",\"@id\":\"https:\\\/\\\/www.bellunopress.it\\\/2026\\\/01\\\/30\\\/consegnati-i-locali-restaurati-per-il-commissariato-della-polizia-di-stato-di-cortina-dampezzo\\\/\",\"url\":\"https:\\\/\\\/www.bellunopress.it\\\/2026\\\/01\\\/30\\\/consegnati-i-locali-restaurati-per-il-commissariato-della-polizia-di-stato-di-cortina-dampezzo\\\/\",\"name\":\"Consegnati i locali restaurati per il Commissariato della Polizia di Stato di Cortina d'Ampezzo - Bellunopress - Dolomiti\",\"isPartOf\":{\"@id\":\"https:\\\/\\\/www.bellunopress.it\\\/#website\"},\"primaryImageOfPage\":{\"@id\":\"https:\\\/\\\/www.bellunopress.it\\\/2026\\\/01\\\/30\\\/consegnati-i-locali-restaurati-per-il-commissariato-della-polizia-di-stato-di-cortina-dampezzo\\\/#primaryimage\"},\"image\":{\"@id\":\"https:\\\/\\\/www.bellunopress.it\\\/2026\\\/01\\\/30\\\/consegnati-i-locali-restaurati-per-il-commissariato-della-polizia-di-stato-di-cortina-dampezzo\\\/#primaryimage\"},\"thumbnailUrl\":\"https:\\\/\\\/www.bellunopress.it\\\/wp-content\\\/uploads\\\/2026\\\/01\\\/Nuovo-Commissariato-Polizia-Cortina-area-ex-Stazione.jpg\",\"datePublished\":\"2026-01-30T17:37:09+00:00\",\"breadcrumb\":{\"@id\":\"https:\\\/\\\/www.bellunopress.it\\\/2026\\\/01\\\/30\\\/consegnati-i-locali-restaurati-per-il-commissariato-della-polizia-di-stato-di-cortina-dampezzo\\\/#breadcrumb\"},\"inLanguage\":\"fr-FR\",\"potentialAction\":[{\"@type\":\"ReadAction\",\"target\":[\"https:\\\/\\\/www.bellunopress.it\\\/2026\\\/01\\\/30\\\/consegnati-i-locali-restaurati-per-il-commissariato-della-polizia-di-stato-di-cortina-dampezzo\\\/\"]}]},{\"@type\":\"ImageObject\",\"inLanguage\":\"fr-FR\",\"@id\":\"https:\\\/\\\/www.bellunopress.it\\\/2026\\\/01\\\/30\\\/consegnati-i-locali-restaurati-per-il-commissariato-della-polizia-di-stato-di-cortina-dampezzo\\\/#primaryimage\",\"url\":\"https:\\\/\\\/www.bellunopress.it\\\/wp-content\\\/uploads\\\/2026\\\/01\\\/Nuovo-Commissariato-Polizia-Cortina-area-ex-Stazione.jpg\",\"contentUrl\":\"https:\\\/\\\/www.bellunopress.it\\\/wp-content\\\/uploads\\\/2026\\\/01\\\/Nuovo-Commissariato-Polizia-Cortina-area-ex-Stazione.jpg\",\"width\":600,\"height\":450,\"caption\":\"Nuovo Commissariato della Polizia di Stato di Cortina d'Ampezzo\"},{\"@type\":\"BreadcrumbList\",\"@id\":\"https:\\\/\\\/www.bellunopress.it\\\/2026\\\/01\\\/30\\\/consegnati-i-locali-restaurati-per-il-commissariato-della-polizia-di-stato-di-cortina-dampezzo\\\/#breadcrumb\",\"itemListElement\":[{\"@type\":\"ListItem\",\"position\":1,\"name\":\"Home\",\"item\":\"https:\\\/\\\/www.bellunopress.it\\\/\"},{\"@type\":\"ListItem\",\"position\":2,\"name\":\"Consegnati i locali restaurati per il Commissariato della Polizia di Stato di Cortina d&#8217;Ampezzo\"}]},{\"@type\":\"WebSite\",\"@id\":\"https:\\\/\\\/www.bellunopress.it\\\/#website\",\"url\":\"https:\\\/\\\/www.bellunopress.it\\\/\",\"name\":\"Bellunopress - Dolomiti\",\"description\":\"e-mail: redazione@bellunopress.it\",\"publisher\":{\"@id\":\"https:\\\/\\\/www.bellunopress.it\\\/#organization\"},\"potentialAction\":[{\"@type\":\"SearchAction\",\"target\":{\"@type\":\"EntryPoint\",\"urlTemplate\":\"https:\\\/\\\/www.bellunopress.it\\\/?s={search_term_string}\"},\"query-input\":{\"@type\":\"PropertyValueSpecification\",\"valueRequired\":true,\"valueName\":\"search_term_string\"}}],\"inLanguage\":\"fr-FR\"},{\"@type\":\"Organization\",\"@id\":\"https:\\\/\\\/www.bellunopress.it\\\/#organization\",\"name\":\"Bellunopress\",\"url\":\"https:\\\/\\\/www.bellunopress.it\\\/\",\"logo\":{\"@type\":\"ImageObject\",\"inLanguage\":\"fr-FR\",\"@id\":\"https:\\\/\\\/www.bellunopress.it\\\/#\\\/schema\\\/logo\\\/image\\\/\",\"url\":\"https:\\\/\\\/www.bellunopress.it\\\/wp-content\\\/uploads\\\/2011\\\/05\\\/cropped-logo-bellunopress-.jpg\",\"contentUrl\":\"https:\\\/\\\/www.bellunopress.it\\\/wp-content\\\/uploads\\\/2011\\\/05\\\/cropped-logo-bellunopress-.jpg\",\"width\":512,\"height\":512,\"caption\":\"Bellunopress\"},\"image\":{\"@id\":\"https:\\\/\\\/www.bellunopress.it\\\/#\\\/schema\\\/logo\\\/image\\\/\"},\"sameAs\":[\"https:\\\/\\\/www.facebook.com\\\/profile.php?id=100008943462799\",\"https:\\\/\\\/x.com\\\/bellunopress\",\"https:\\\/\\\/www.linkedin.com\\\/hp\\\/?dnr=JBzUWaJfMUw8vbXJJ2tVW5-I3jZKvC4wsoxE&amp;amp;amp;amp;amp;amp;trk=nav_responsive_tab_home\",\"https:\\\/\\\/www.youtube.com\\\/channel\\\/UCxL0wu1uN0_3_7hGG0306cw\"]},{\"@type\":\"Person\",\"@id\":\"https:\\\/\\\/www.bellunopress.it\\\/#\\\/schema\\\/person\\\/79bb06722b37ece1c03d3e94beb30d73\",\"name\":\"redazione\",\"image\":{\"@type\":\"ImageObject\",\"inLanguage\":\"fr-FR\",\"@id\":\"https:\\\/\\\/secure.gravatar.com\\\/avatar\\\/37d968a2e67a6fd04c169c4bdef102d0bc5d31b2546345219e348575eb80e9a0?s=96&d=mm&r=g\",\"url\":\"https:\\\/\\\/secure.gravatar.com\\\/avatar\\\/37d968a2e67a6fd04c169c4bdef102d0bc5d31b2546345219e348575eb80e9a0?s=96&d=mm&r=g\",\"contentUrl\":\"https:\\\/\\\/secure.gravatar.com\\\/avatar\\\/37d968a2e67a6fd04c169c4bdef102d0bc5d31b2546345219e348575eb80e9a0?s=96&d=mm&r=g\",\"caption\":\"redazione\"},\"sameAs\":[\"http:\\\/\\\/www.bellunopress.it\",\"https:\\\/\\\/x.com\\\/bellunopress\"],\"url\":\"https:\\\/\\\/www.bellunopress.it\\\/fr\\\/author\\\/redazione\\\/\"}]}<\/script>\n<!-- \/ Yoast SEO plugin. -->","yoast_head_json":{"title":"Consegnati i locali restaurati per il Commissariato della Polizia di Stato di Cortina d'Ampezzo - Bellunopress - Dolomiti","robots":{"index":"index","follow":"follow","max-snippet":"max-snippet:-1","max-image-preview":"max-image-preview:large","max-video-preview":"max-video-preview:-1"},"canonical":"https:\/\/www.bellunopress.it\/fr\/2026\/01\/30\/consegnati-i-locali-restaurati-per-il-commissariato-della-polizia-di-stato-di-cortina-dampezzo\/","og_locale":"fr_FR","og_type":"article","og_title":"Consegnati i locali restaurati per il Commissariato della Polizia di Stato di Cortina d'Ampezzo - Bellunopress - Dolomiti","og_description":"Cortina d&#8217;Ampezzo, 30 gennaio 2026 &#8211; Sono stati consegnati oggi i locali restaurati per la nuova sede del Commissariato di Polizia di Stato di Cortina d&#8217;Ampezzo. L&#8217;opera \u00e8 stata realizzata dall&#8217;impresa Renco spa nell&#8217;ambito del progetto di riqualificazione dell&#8217;area dell&#8217;ex stazione ferroviaria. Il Commissariato costituisce un&#8217;opera strategica in vista delle Olimpiadi e Paralimpiadi Invernali Milano-Cortina [&hellip;]","og_url":"https:\/\/www.bellunopress.it\/fr\/2026\/01\/30\/consegnati-i-locali-restaurati-per-il-commissariato-della-polizia-di-stato-di-cortina-dampezzo\/","og_site_name":"Bellunopress - Dolomiti","article_publisher":"https:\/\/www.facebook.com\/profile.php?id=100008943462799","article_published_time":"2026-01-30T17:37:09+00:00","og_image":[{"width":600,"height":450,"url":"https:\/\/www.bellunopress.it\/wp-content\/uploads\/2026\/01\/Nuovo-Commissariato-Polizia-Cortina-area-ex-Stazione.jpg","type":"image\/jpeg"}],"author":"redazione","twitter_card":"summary_large_image","twitter_creator":"@bellunopress","twitter_site":"@bellunopress","twitter_misc":{"Written by":"redazione","Est. reading time":"3 minutes"},"schema":{"@context":"https:\/\/schema.org","@graph":[{"@type":"Article","@id":"https:\/\/www.bellunopress.it\/2026\/01\/30\/consegnati-i-locali-restaurati-per-il-commissariato-della-polizia-di-stato-di-cortina-dampezzo\/#article","isPartOf":{"@id":"https:\/\/www.bellunopress.it\/2026\/01\/30\/consegnati-i-locali-restaurati-per-il-commissariato-della-polizia-di-stato-di-cortina-dampezzo\/"},"author":{"name":"redazione","@id":"https:\/\/www.bellunopress.it\/#\/schema\/person\/79bb06722b37ece1c03d3e94beb30d73"},"headline":"Consegnati i locali restaurati per il Commissariato della Polizia di Stato di Cortina d&#8217;Ampezzo","datePublished":"2026-01-30T17:37:09+00:00","mainEntityOfPage":{"@id":"https:\/\/www.bellunopress.it\/2026\/01\/30\/consegnati-i-locali-restaurati-per-il-commissariato-della-polizia-di-stato-di-cortina-dampezzo\/"},"wordCount":664,"publisher":{"@id":"https:\/\/www.bellunopress.it\/#organization"},"image":{"@id":"https:\/\/www.bellunopress.it\/2026\/01\/30\/consegnati-i-locali-restaurati-per-il-commissariato-della-polizia-di-stato-di-cortina-dampezzo\/#primaryimage"},"thumbnailUrl":"https:\/\/www.bellunopress.it\/wp-content\/uploads\/2026\/01\/Nuovo-Commissariato-Polizia-Cortina-area-ex-Stazione.jpg","articleSection":["Cronaca\/Politica"],"inLanguage":"fr-FR"},{"@type":"WebPage","@id":"https:\/\/www.bellunopress.it\/2026\/01\/30\/consegnati-i-locali-restaurati-per-il-commissariato-della-polizia-di-stato-di-cortina-dampezzo\/","url":"https:\/\/www.bellunopress.it\/2026\/01\/30\/consegnati-i-locali-restaurati-per-il-commissariato-della-polizia-di-stato-di-cortina-dampezzo\/","name":"Consegnati i locali restaurati per il Commissariato della Polizia di Stato di Cortina d'Ampezzo - Bellunopress - Dolomiti","isPartOf":{"@id":"https:\/\/www.bellunopress.it\/#website"},"primaryImageOfPage":{"@id":"https:\/\/www.bellunopress.it\/2026\/01\/30\/consegnati-i-locali-restaurati-per-il-commissariato-della-polizia-di-stato-di-cortina-dampezzo\/#primaryimage"},"image":{"@id":"https:\/\/www.bellunopress.it\/2026\/01\/30\/consegnati-i-locali-restaurati-per-il-commissariato-della-polizia-di-stato-di-cortina-dampezzo\/#primaryimage"},"thumbnailUrl":"https:\/\/www.bellunopress.it\/wp-content\/uploads\/2026\/01\/Nuovo-Commissariato-Polizia-Cortina-area-ex-Stazione.jpg","datePublished":"2026-01-30T17:37:09+00:00","breadcrumb":{"@id":"https:\/\/www.bellunopress.it\/2026\/01\/30\/consegnati-i-locali-restaurati-per-il-commissariato-della-polizia-di-stato-di-cortina-dampezzo\/#breadcrumb"},"inLanguage":"fr-FR","potentialAction":[{"@type":"ReadAction","target":["https:\/\/www.bellunopress.it\/2026\/01\/30\/consegnati-i-locali-restaurati-per-il-commissariato-della-polizia-di-stato-di-cortina-dampezzo\/"]}]},{"@type":"ImageObject","inLanguage":"fr-FR","@id":"https:\/\/www.bellunopress.it\/2026\/01\/30\/consegnati-i-locali-restaurati-per-il-commissariato-della-polizia-di-stato-di-cortina-dampezzo\/#primaryimage","url":"https:\/\/www.bellunopress.it\/wp-content\/uploads\/2026\/01\/Nuovo-Commissariato-Polizia-Cortina-area-ex-Stazione.jpg","contentUrl":"https:\/\/www.bellunopress.it\/wp-content\/uploads\/2026\/01\/Nuovo-Commissariato-Polizia-Cortina-area-ex-Stazione.jpg","width":600,"height":450,"caption":"Nuovo Commissariato della Polizia di Stato di Cortina d'Ampezzo"},{"@type":"BreadcrumbList","@id":"https:\/\/www.bellunopress.it\/2026\/01\/30\/consegnati-i-locali-restaurati-per-il-commissariato-della-polizia-di-stato-di-cortina-dampezzo\/#breadcrumb","itemListElement":[{"@type":"ListItem","position":1,"name":"Home","item":"https:\/\/www.bellunopress.it\/"},{"@type":"ListItem","position":2,"name":"Consegnati i locali restaurati per il Commissariato della Polizia di Stato di Cortina d&#8217;Ampezzo"}]},{"@type":"WebSite","@id":"https:\/\/www.bellunopress.it\/#website","url":"https:\/\/www.bellunopress.it\/","name":"Bellunopress - Dolomiti","description":"e-mail: redazione@bellunopress.it","publisher":{"@id":"https:\/\/www.bellunopress.it\/#organization"},"potentialAction":[{"@type":"SearchAction","target":{"@type":"EntryPoint","urlTemplate":"https:\/\/www.bellunopress.it\/?s={search_term_string}"},"query-input":{"@type":"PropertyValueSpecification","valueRequired":true,"valueName":"search_term_string"}}],"inLanguage":"fr-FR"},{"@type":"Organization","@id":"https:\/\/www.bellunopress.it\/#organization","name":"Bellunopress","url":"https:\/\/www.bellunopress.it\/","logo":{"@type":"ImageObject","inLanguage":"fr-FR","@id":"https:\/\/www.bellunopress.it\/#\/schema\/logo\/image\/","url":"https:\/\/www.bellunopress.it\/wp-content\/uploads\/2011\/05\/cropped-logo-bellunopress-.jpg","contentUrl":"https:\/\/www.bellunopress.it\/wp-content\/uploads\/2011\/05\/cropped-logo-bellunopress-.jpg","width":512,"height":512,"caption":"Bellunopress"},"image":{"@id":"https:\/\/www.bellunopress.it\/#\/schema\/logo\/image\/"},"sameAs":["https:\/\/www.facebook.com\/profile.php?id=100008943462799","https:\/\/x.com\/bellunopress","https:\/\/www.linkedin.com\/hp\/?dnr=JBzUWaJfMUw8vbXJJ2tVW5-I3jZKvC4wsoxE&amp;amp;amp;amp;amp;amp;trk=nav_responsive_tab_home","https:\/\/www.youtube.com\/channel\/UCxL0wu1uN0_3_7hGG0306cw"]},{"@type":"Person","@id":"https:\/\/www.bellunopress.it\/#\/schema\/person\/79bb06722b37ece1c03d3e94beb30d73","name":"r\u00e9daction","image":{"@type":"ImageObject","inLanguage":"fr-FR","@id":"https:\/\/secure.gravatar.com\/avatar\/37d968a2e67a6fd04c169c4bdef102d0bc5d31b2546345219e348575eb80e9a0?s=96&d=mm&r=g","url":"https:\/\/secure.gravatar.com\/avatar\/37d968a2e67a6fd04c169c4bdef102d0bc5d31b2546345219e348575eb80e9a0?s=96&d=mm&r=g","contentUrl":"https:\/\/secure.gravatar.com\/avatar\/37d968a2e67a6fd04c169c4bdef102d0bc5d31b2546345219e348575eb80e9a0?s=96&d=mm&r=g","caption":"redazione"},"sameAs":["http:\/\/www.bellunopress.it","https:\/\/x.com\/bellunopress"],"url":"https:\/\/www.bellunopress.it\/fr\/author\/redazione\/"}]}},"_links":{"self":[{"href":"https:\/\/www.bellunopress.it\/fr\/wp-json\/wp\/v2\/posts\/166986","targetHints":{"allow":["GET"]}}],"collection":[{"href":"https:\/\/www.bellunopress.it\/fr\/wp-json\/wp\/v2\/posts"}],"about":[{"href":"https:\/\/www.bellunopress.it\/fr\/wp-json\/wp\/v2\/types\/post"}],"author":[{"embeddable":true,"href":"https:\/\/www.bellunopress.it\/fr\/wp-json\/wp\/v2\/users\/2"}],"replies":[{"embeddable":true,"href":"https:\/\/www.bellunopress.it\/fr\/wp-json\/wp\/v2\/comments?post=166986"}],"version-history":[{"count":1,"href":"https:\/\/www.bellunopress.it\/fr\/wp-json\/wp\/v2\/posts\/166986\/revisions"}],"predecessor-version":[{"id":166988,"href":"https:\/\/www.bellunopress.it\/fr\/wp-json\/wp\/v2\/posts\/166986\/revisions\/166988"}],"wp:featuredmedia":[{"embeddable":true,"href":"https:\/\/www.bellunopress.it\/fr\/wp-json\/wp\/v2\/media\/166987"}],"wp:attachment":[{"href":"https:\/\/www.bellunopress.it\/fr\/wp-json\/wp\/v2\/media?parent=166986"}],"wp:term":[{"taxonomy":"category","embeddable":true,"href":"https:\/\/www.bellunopress.it\/fr\/wp-json\/wp\/v2\/categories?post=166986"},{"taxonomy":"post_tag","embeddable":true,"href":"https:\/\/www.bellunopress.it\/fr\/wp-json\/wp\/v2\/tags?post=166986"}],"curies":[{"name":"wp","href":"https:\/\/api.w.org\/{rel}","templated":true}]}}