{"id":166983,"date":"2026-01-30T17:57:24","date_gmt":"2026-01-30T16:57:24","guid":{"rendered":"https:\/\/www.bellunopress.it\/?p=166983"},"modified":"2026-01-30T17:57:24","modified_gmt":"2026-01-30T16:57:24","slug":"bambino-respinto-da-bus-presidente-stefani-vicenda-disumana-bene-inchiesta-procura","status":"publish","type":"post","link":"https:\/\/www.bellunopress.it\/fr\/2026\/01\/30\/bambino-respinto-da-bus-presidente-stefani-vicenda-disumana-bene-inchiesta-procura\/","title":{"rendered":"Bambino respinto da bus, Presidente Stefani. &#8220;Vicenda disumana, bene inchiesta Procura&#8221;"},"content":{"rendered":"<p>Venezia, 30 gennaio 2026\u00a0 &#8211;\u00a0\u00a0\u201cAccolgo con favore la decisione della Procura di Belluno di aprire un\u2019inchiesta su un fatto che va chiarito fino in fondo &#8211; dichiara il Presidente della Regione Veneto, Alberto Stefani, in relazione alla vicenda del bambino bellunese respinto dal bus che doveva prendere per tornare a casa da scuola &#8211; E\u2019 bene che la magistratura accerti eventuali profili di reato. Quanto accaduto ha messo in condizioni di grave pericolo un bambino di 11 anni, oltre ad aver scosso tutto il Paese\u201d.<\/p>\n<p>\u201cConcentriamoci sui fatti &#8211; aggiunge &#8211; un bambino \u00e8 stato abbandonato sotto la neve e costretto a raggiungere a piedi la sua abitazione, dove \u00e8 giunto dopo 6 chilometri di cammino e in condizioni ipotermiche. Tutto ci\u00f2 disumano e non ha nulla anche fare con la cultura dei veneti, che sono una Comunit\u00e0 umana, unita e generosa &#8211; conclude Stefani &#8211; Esprimo la mia vicinanza alla famiglia e al ragazzo bellunese\u201d<\/p>","protected":false},"excerpt":{"rendered":"<p>Venezia, 30 gennaio 2026\u00a0 &#8211;\u00a0\u00a0\u201cAccolgo con favore la decisione della Procura di Belluno di aprire un\u2019inchiesta su un fatto che va chiarito fino in fondo &#8211; dichiara il Presidente della Regione Veneto, Alberto Stefani, in relazione alla vicenda del bambino bellunese respinto dal bus che doveva prendere per tornare a casa da scuola &#8211; E\u2019 [&hellip;]<\/p>\n","protected":false},"author":2,"featured_media":163956,"comment_status":"closed","ping_status":"open","sticky":false,"template":"","format":"standard","meta":{"footnotes":""},"categories":[5],"tags":[],"class_list":["post-166983","post","type-post","status-publish","format-standard","has-post-thumbnail","category-cronaca"],"yoast_head":"<!-- This site is optimized with the Yoast SEO plugin v28.4 - https:\/\/yoast.com\/product\/yoast-seo-wordpress\/ -->\n<title>Bambino respinto da bus, Presidente Stefani. &quot;Vicenda disumana, bene inchiesta Procura&quot; - Bellunopress - Dolomiti<\/title>\n<meta name=\"robots\" content=\"index, follow, max-snippet:-1, max-image-preview:large, max-video-preview:-1\" \/>\n<link rel=\"canonical\" href=\"https:\/\/www.bellunopress.it\/fr\/2026\/01\/30\/bambino-respinto-da-bus-presidente-stefani-vicenda-disumana-bene-inchiesta-procura\/\" \/>\n<meta property=\"og:locale\" content=\"fr_FR\" \/>\n<meta property=\"og:type\" content=\"article\" \/>\n<meta property=\"og:title\" content=\"Bambino respinto da bus, Presidente Stefani. &quot;Vicenda disumana, bene inchiesta Procura&quot; - Bellunopress - Dolomiti\" \/>\n<meta property=\"og:description\" content=\"Venezia, 30 gennaio 2026\u00a0 &#8211;\u00a0\u00a0\u201cAccolgo con favore la decisione della Procura di Belluno di aprire un\u2019inchiesta su un fatto che va chiarito fino in fondo &#8211; dichiara il Presidente della Regione Veneto, Alberto Stefani, in relazione alla vicenda del bambino bellunese respinto dal bus che doveva prendere per tornare a casa da scuola &#8211; E\u2019 [&hellip;]\" \/>\n<meta property=\"og:url\" content=\"https:\/\/www.bellunopress.it\/fr\/2026\/01\/30\/bambino-respinto-da-bus-presidente-stefani-vicenda-disumana-bene-inchiesta-procura\/\" \/>\n<meta property=\"og:site_name\" content=\"Bellunopress - Dolomiti\" \/>\n<meta property=\"article:publisher\" content=\"https:\/\/www.facebook.com\/profile.php?id=100008943462799\" \/>\n<meta property=\"article:published_time\" content=\"2026-01-30T16:57:24+00:00\" \/>\n<meta property=\"og:image\" content=\"https:\/\/www.bellunopress.it\/wp-content\/uploads\/2025\/10\/Alberto-Stefani_edited.jpg\" \/>\n\t<meta property=\"og:image:width\" content=\"800\" \/>\n\t<meta property=\"og:image:height\" content=\"800\" \/>\n\t<meta property=\"og:image:type\" content=\"image\/jpeg\" \/>\n<meta name=\"author\" content=\"redazione\" \/>\n<meta name=\"twitter:card\" content=\"summary_large_image\" \/>\n<meta name=\"twitter:creator\" content=\"@bellunopress\" \/>\n<meta name=\"twitter:site\" content=\"@bellunopress\" \/>\n<meta name=\"twitter:label1\" content=\"\u00c9crit par\" \/>\n\t<meta name=\"twitter:data1\" content=\"redazione\" \/>\n\t<meta name=\"twitter:label2\" content=\"Dur\u00e9e de lecture estim\u00e9e\" \/>\n\t<meta name=\"twitter:data2\" content=\"1 minute\" \/>\n<script type=\"application\/ld+json\" class=\"yoast-schema-graph\">{\"@context\":\"https:\\\/\\\/schema.org\",\"@graph\":[{\"@type\":\"Article\",\"@id\":\"https:\\\/\\\/www.bellunopress.it\\\/2026\\\/01\\\/30\\\/bambino-respinto-da-bus-presidente-stefani-vicenda-disumana-bene-inchiesta-procura\\\/#article\",\"isPartOf\":{\"@id\":\"https:\\\/\\\/www.bellunopress.it\\\/2026\\\/01\\\/30\\\/bambino-respinto-da-bus-presidente-stefani-vicenda-disumana-bene-inchiesta-procura\\\/\"},\"author\":{\"name\":\"redazione\",\"@id\":\"https:\\\/\\\/www.bellunopress.it\\\/#\\\/schema\\\/person\\\/79bb06722b37ece1c03d3e94beb30d73\"},\"headline\":\"Bambino respinto da bus, Presidente Stefani. &#8220;Vicenda disumana, bene inchiesta Procura&#8221;\",\"datePublished\":\"2026-01-30T16:57:24+00:00\",\"mainEntityOfPage\":{\"@id\":\"https:\\\/\\\/www.bellunopress.it\\\/2026\\\/01\\\/30\\\/bambino-respinto-da-bus-presidente-stefani-vicenda-disumana-bene-inchiesta-procura\\\/\"},\"wordCount\":163,\"publisher\":{\"@id\":\"https:\\\/\\\/www.bellunopress.it\\\/#organization\"},\"image\":{\"@id\":\"https:\\\/\\\/www.bellunopress.it\\\/2026\\\/01\\\/30\\\/bambino-respinto-da-bus-presidente-stefani-vicenda-disumana-bene-inchiesta-procura\\\/#primaryimage\"},\"thumbnailUrl\":\"https:\\\/\\\/www.bellunopress.it\\\/wp-content\\\/uploads\\\/2025\\\/10\\\/Alberto-Stefani_edited.jpg\",\"articleSection\":[\"Cronaca\\\/Politica\"],\"inLanguage\":\"fr-FR\"},{\"@type\":\"WebPage\",\"@id\":\"https:\\\/\\\/www.bellunopress.it\\\/2026\\\/01\\\/30\\\/bambino-respinto-da-bus-presidente-stefani-vicenda-disumana-bene-inchiesta-procura\\\/\",\"url\":\"https:\\\/\\\/www.bellunopress.it\\\/2026\\\/01\\\/30\\\/bambino-respinto-da-bus-presidente-stefani-vicenda-disumana-bene-inchiesta-procura\\\/\",\"name\":\"Bambino respinto da bus, Presidente Stefani. \\\"Vicenda disumana, bene inchiesta Procura\\\" - Bellunopress - Dolomiti\",\"isPartOf\":{\"@id\":\"https:\\\/\\\/www.bellunopress.it\\\/#website\"},\"primaryImageOfPage\":{\"@id\":\"https:\\\/\\\/www.bellunopress.it\\\/2026\\\/01\\\/30\\\/bambino-respinto-da-bus-presidente-stefani-vicenda-disumana-bene-inchiesta-procura\\\/#primaryimage\"},\"image\":{\"@id\":\"https:\\\/\\\/www.bellunopress.it\\\/2026\\\/01\\\/30\\\/bambino-respinto-da-bus-presidente-stefani-vicenda-disumana-bene-inchiesta-procura\\\/#primaryimage\"},\"thumbnailUrl\":\"https:\\\/\\\/www.bellunopress.it\\\/wp-content\\\/uploads\\\/2025\\\/10\\\/Alberto-Stefani_edited.jpg\",\"datePublished\":\"2026-01-30T16:57:24+00:00\",\"breadcrumb\":{\"@id\":\"https:\\\/\\\/www.bellunopress.it\\\/2026\\\/01\\\/30\\\/bambino-respinto-da-bus-presidente-stefani-vicenda-disumana-bene-inchiesta-procura\\\/#breadcrumb\"},\"inLanguage\":\"fr-FR\",\"potentialAction\":[{\"@type\":\"ReadAction\",\"target\":[\"https:\\\/\\\/www.bellunopress.it\\\/2026\\\/01\\\/30\\\/bambino-respinto-da-bus-presidente-stefani-vicenda-disumana-bene-inchiesta-procura\\\/\"]}]},{\"@type\":\"ImageObject\",\"inLanguage\":\"fr-FR\",\"@id\":\"https:\\\/\\\/www.bellunopress.it\\\/2026\\\/01\\\/30\\\/bambino-respinto-da-bus-presidente-stefani-vicenda-disumana-bene-inchiesta-procura\\\/#primaryimage\",\"url\":\"https:\\\/\\\/www.bellunopress.it\\\/wp-content\\\/uploads\\\/2025\\\/10\\\/Alberto-Stefani_edited.jpg\",\"contentUrl\":\"https:\\\/\\\/www.bellunopress.it\\\/wp-content\\\/uploads\\\/2025\\\/10\\\/Alberto-Stefani_edited.jpg\",\"width\":800,\"height\":800,\"caption\":\"Alberto Stefani - Presidente della Regione del Veneto\"},{\"@type\":\"BreadcrumbList\",\"@id\":\"https:\\\/\\\/www.bellunopress.it\\\/2026\\\/01\\\/30\\\/bambino-respinto-da-bus-presidente-stefani-vicenda-disumana-bene-inchiesta-procura\\\/#breadcrumb\",\"itemListElement\":[{\"@type\":\"ListItem\",\"position\":1,\"name\":\"Home\",\"item\":\"https:\\\/\\\/www.bellunopress.it\\\/\"},{\"@type\":\"ListItem\",\"position\":2,\"name\":\"Bambino respinto da bus, Presidente Stefani. &#8220;Vicenda disumana, bene inchiesta Procura&#8221;\"}]},{\"@type\":\"WebSite\",\"@id\":\"https:\\\/\\\/www.bellunopress.it\\\/#website\",\"url\":\"https:\\\/\\\/www.bellunopress.it\\\/\",\"name\":\"Bellunopress - Dolomiti\",\"description\":\"e-mail: redazione@bellunopress.it\",\"publisher\":{\"@id\":\"https:\\\/\\\/www.bellunopress.it\\\/#organization\"},\"potentialAction\":[{\"@type\":\"SearchAction\",\"target\":{\"@type\":\"EntryPoint\",\"urlTemplate\":\"https:\\\/\\\/www.bellunopress.it\\\/?s={search_term_string}\"},\"query-input\":{\"@type\":\"PropertyValueSpecification\",\"valueRequired\":true,\"valueName\":\"search_term_string\"}}],\"inLanguage\":\"fr-FR\"},{\"@type\":\"Organization\",\"@id\":\"https:\\\/\\\/www.bellunopress.it\\\/#organization\",\"name\":\"Bellunopress\",\"url\":\"https:\\\/\\\/www.bellunopress.it\\\/\",\"logo\":{\"@type\":\"ImageObject\",\"inLanguage\":\"fr-FR\",\"@id\":\"https:\\\/\\\/www.bellunopress.it\\\/#\\\/schema\\\/logo\\\/image\\\/\",\"url\":\"https:\\\/\\\/www.bellunopress.it\\\/wp-content\\\/uploads\\\/2011\\\/05\\\/cropped-logo-bellunopress-.jpg\",\"contentUrl\":\"https:\\\/\\\/www.bellunopress.it\\\/wp-content\\\/uploads\\\/2011\\\/05\\\/cropped-logo-bellunopress-.jpg\",\"width\":512,\"height\":512,\"caption\":\"Bellunopress\"},\"image\":{\"@id\":\"https:\\\/\\\/www.bellunopress.it\\\/#\\\/schema\\\/logo\\\/image\\\/\"},\"sameAs\":[\"https:\\\/\\\/www.facebook.com\\\/profile.php?id=100008943462799\",\"https:\\\/\\\/x.com\\\/bellunopress\",\"https:\\\/\\\/www.linkedin.com\\\/hp\\\/?dnr=JBzUWaJfMUw8vbXJJ2tVW5-I3jZKvC4wsoxE&amp;amp;amp;amp;amp;amp;trk=nav_responsive_tab_home\",\"https:\\\/\\\/www.youtube.com\\\/channel\\\/UCxL0wu1uN0_3_7hGG0306cw\"]},{\"@type\":\"Person\",\"@id\":\"https:\\\/\\\/www.bellunopress.it\\\/#\\\/schema\\\/person\\\/79bb06722b37ece1c03d3e94beb30d73\",\"name\":\"redazione\",\"image\":{\"@type\":\"ImageObject\",\"inLanguage\":\"fr-FR\",\"@id\":\"https:\\\/\\\/secure.gravatar.com\\\/avatar\\\/37d968a2e67a6fd04c169c4bdef102d0bc5d31b2546345219e348575eb80e9a0?s=96&d=mm&r=g\",\"url\":\"https:\\\/\\\/secure.gravatar.com\\\/avatar\\\/37d968a2e67a6fd04c169c4bdef102d0bc5d31b2546345219e348575eb80e9a0?s=96&d=mm&r=g\",\"contentUrl\":\"https:\\\/\\\/secure.gravatar.com\\\/avatar\\\/37d968a2e67a6fd04c169c4bdef102d0bc5d31b2546345219e348575eb80e9a0?s=96&d=mm&r=g\",\"caption\":\"redazione\"},\"sameAs\":[\"http:\\\/\\\/www.bellunopress.it\",\"https:\\\/\\\/x.com\\\/bellunopress\"],\"url\":\"https:\\\/\\\/www.bellunopress.it\\\/fr\\\/author\\\/redazione\\\/\"}]}<\/script>\n<!-- \/ Yoast SEO plugin. -->","yoast_head_json":{"title":"Bambino respinto da bus, Presidente Stefani. \"Vicenda disumana, bene inchiesta Procura\" - Bellunopress - Dolomiti","robots":{"index":"index","follow":"follow","max-snippet":"max-snippet:-1","max-image-preview":"max-image-preview:large","max-video-preview":"max-video-preview:-1"},"canonical":"https:\/\/www.bellunopress.it\/fr\/2026\/01\/30\/bambino-respinto-da-bus-presidente-stefani-vicenda-disumana-bene-inchiesta-procura\/","og_locale":"fr_FR","og_type":"article","og_title":"Bambino respinto da bus, Presidente Stefani. \"Vicenda disumana, bene inchiesta Procura\" - Bellunopress - Dolomiti","og_description":"Venezia, 30 gennaio 2026\u00a0 &#8211;\u00a0\u00a0\u201cAccolgo con favore la decisione della Procura di Belluno di aprire un\u2019inchiesta su un fatto che va chiarito fino in fondo &#8211; dichiara il Presidente della Regione Veneto, Alberto Stefani, in relazione alla vicenda del bambino bellunese respinto dal bus che doveva prendere per tornare a casa da scuola &#8211; E\u2019 [&hellip;]","og_url":"https:\/\/www.bellunopress.it\/fr\/2026\/01\/30\/bambino-respinto-da-bus-presidente-stefani-vicenda-disumana-bene-inchiesta-procura\/","og_site_name":"Bellunopress - Dolomiti","article_publisher":"https:\/\/www.facebook.com\/profile.php?id=100008943462799","article_published_time":"2026-01-30T16:57:24+00:00","og_image":[{"width":800,"height":800,"url":"https:\/\/www.bellunopress.it\/wp-content\/uploads\/2025\/10\/Alberto-Stefani_edited.jpg","type":"image\/jpeg"}],"author":"redazione","twitter_card":"summary_large_image","twitter_creator":"@bellunopress","twitter_site":"@bellunopress","twitter_misc":{"\u00c9crit par":"redazione","Dur\u00e9e de lecture estim\u00e9e":"1 minute"},"schema":{"@context":"https:\/\/schema.org","@graph":[{"@type":"Article","@id":"https:\/\/www.bellunopress.it\/2026\/01\/30\/bambino-respinto-da-bus-presidente-stefani-vicenda-disumana-bene-inchiesta-procura\/#article","isPartOf":{"@id":"https:\/\/www.bellunopress.it\/2026\/01\/30\/bambino-respinto-da-bus-presidente-stefani-vicenda-disumana-bene-inchiesta-procura\/"},"author":{"name":"redazione","@id":"https:\/\/www.bellunopress.it\/#\/schema\/person\/79bb06722b37ece1c03d3e94beb30d73"},"headline":"Bambino respinto da bus, Presidente Stefani. &#8220;Vicenda disumana, bene inchiesta Procura&#8221;","datePublished":"2026-01-30T16:57:24+00:00","mainEntityOfPage":{"@id":"https:\/\/www.bellunopress.it\/2026\/01\/30\/bambino-respinto-da-bus-presidente-stefani-vicenda-disumana-bene-inchiesta-procura\/"},"wordCount":163,"publisher":{"@id":"https:\/\/www.bellunopress.it\/#organization"},"image":{"@id":"https:\/\/www.bellunopress.it\/2026\/01\/30\/bambino-respinto-da-bus-presidente-stefani-vicenda-disumana-bene-inchiesta-procura\/#primaryimage"},"thumbnailUrl":"https:\/\/www.bellunopress.it\/wp-content\/uploads\/2025\/10\/Alberto-Stefani_edited.jpg","articleSection":["Cronaca\/Politica"],"inLanguage":"fr-FR"},{"@type":"WebPage","@id":"https:\/\/www.bellunopress.it\/2026\/01\/30\/bambino-respinto-da-bus-presidente-stefani-vicenda-disumana-bene-inchiesta-procura\/","url":"https:\/\/www.bellunopress.it\/2026\/01\/30\/bambino-respinto-da-bus-presidente-stefani-vicenda-disumana-bene-inchiesta-procura\/","name":"Bambino respinto da bus, Presidente Stefani. \"Vicenda disumana, bene inchiesta Procura\" - Bellunopress - Dolomiti","isPartOf":{"@id":"https:\/\/www.bellunopress.it\/#website"},"primaryImageOfPage":{"@id":"https:\/\/www.bellunopress.it\/2026\/01\/30\/bambino-respinto-da-bus-presidente-stefani-vicenda-disumana-bene-inchiesta-procura\/#primaryimage"},"image":{"@id":"https:\/\/www.bellunopress.it\/2026\/01\/30\/bambino-respinto-da-bus-presidente-stefani-vicenda-disumana-bene-inchiesta-procura\/#primaryimage"},"thumbnailUrl":"https:\/\/www.bellunopress.it\/wp-content\/uploads\/2025\/10\/Alberto-Stefani_edited.jpg","datePublished":"2026-01-30T16:57:24+00:00","breadcrumb":{"@id":"https:\/\/www.bellunopress.it\/2026\/01\/30\/bambino-respinto-da-bus-presidente-stefani-vicenda-disumana-bene-inchiesta-procura\/#breadcrumb"},"inLanguage":"fr-FR","potentialAction":[{"@type":"ReadAction","target":["https:\/\/www.bellunopress.it\/2026\/01\/30\/bambino-respinto-da-bus-presidente-stefani-vicenda-disumana-bene-inchiesta-procura\/"]}]},{"@type":"ImageObject","inLanguage":"fr-FR","@id":"https:\/\/www.bellunopress.it\/2026\/01\/30\/bambino-respinto-da-bus-presidente-stefani-vicenda-disumana-bene-inchiesta-procura\/#primaryimage","url":"https:\/\/www.bellunopress.it\/wp-content\/uploads\/2025\/10\/Alberto-Stefani_edited.jpg","contentUrl":"https:\/\/www.bellunopress.it\/wp-content\/uploads\/2025\/10\/Alberto-Stefani_edited.jpg","width":800,"height":800,"caption":"Alberto Stefani - Presidente della Regione del Veneto"},{"@type":"BreadcrumbList","@id":"https:\/\/www.bellunopress.it\/2026\/01\/30\/bambino-respinto-da-bus-presidente-stefani-vicenda-disumana-bene-inchiesta-procura\/#breadcrumb","itemListElement":[{"@type":"ListItem","position":1,"name":"Home","item":"https:\/\/www.bellunopress.it\/"},{"@type":"ListItem","position":2,"name":"Bambino respinto da bus, Presidente Stefani. &#8220;Vicenda disumana, bene inchiesta Procura&#8221;"}]},{"@type":"WebSite","@id":"https:\/\/www.bellunopress.it\/#website","url":"https:\/\/www.bellunopress.it\/","name":"Bellunopress - Dolomiti","description":"e-mail: redazione@bellunopress.it","publisher":{"@id":"https:\/\/www.bellunopress.it\/#organization"},"potentialAction":[{"@type":"SearchAction","target":{"@type":"EntryPoint","urlTemplate":"https:\/\/www.bellunopress.it\/?s={search_term_string}"},"query-input":{"@type":"PropertyValueSpecification","valueRequired":true,"valueName":"search_term_string"}}],"inLanguage":"fr-FR"},{"@type":"Organization","@id":"https:\/\/www.bellunopress.it\/#organization","name":"Bellunopress","url":"https:\/\/www.bellunopress.it\/","logo":{"@type":"ImageObject","inLanguage":"fr-FR","@id":"https:\/\/www.bellunopress.it\/#\/schema\/logo\/image\/","url":"https:\/\/www.bellunopress.it\/wp-content\/uploads\/2011\/05\/cropped-logo-bellunopress-.jpg","contentUrl":"https:\/\/www.bellunopress.it\/wp-content\/uploads\/2011\/05\/cropped-logo-bellunopress-.jpg","width":512,"height":512,"caption":"Bellunopress"},"image":{"@id":"https:\/\/www.bellunopress.it\/#\/schema\/logo\/image\/"},"sameAs":["https:\/\/www.facebook.com\/profile.php?id=100008943462799","https:\/\/x.com\/bellunopress","https:\/\/www.linkedin.com\/hp\/?dnr=JBzUWaJfMUw8vbXJJ2tVW5-I3jZKvC4wsoxE&amp;amp;amp;amp;amp;amp;trk=nav_responsive_tab_home","https:\/\/www.youtube.com\/channel\/UCxL0wu1uN0_3_7hGG0306cw"]},{"@type":"Person","@id":"https:\/\/www.bellunopress.it\/#\/schema\/person\/79bb06722b37ece1c03d3e94beb30d73","name":"r\u00e9daction","image":{"@type":"ImageObject","inLanguage":"fr-FR","@id":"https:\/\/secure.gravatar.com\/avatar\/37d968a2e67a6fd04c169c4bdef102d0bc5d31b2546345219e348575eb80e9a0?s=96&d=mm&r=g","url":"https:\/\/secure.gravatar.com\/avatar\/37d968a2e67a6fd04c169c4bdef102d0bc5d31b2546345219e348575eb80e9a0?s=96&d=mm&r=g","contentUrl":"https:\/\/secure.gravatar.com\/avatar\/37d968a2e67a6fd04c169c4bdef102d0bc5d31b2546345219e348575eb80e9a0?s=96&d=mm&r=g","caption":"redazione"},"sameAs":["http:\/\/www.bellunopress.it","https:\/\/x.com\/bellunopress"],"url":"https:\/\/www.bellunopress.it\/fr\/author\/redazione\/"}]}},"_links":{"self":[{"href":"https:\/\/www.bellunopress.it\/fr\/wp-json\/wp\/v2\/posts\/166983","targetHints":{"allow":["GET"]}}],"collection":[{"href":"https:\/\/www.bellunopress.it\/fr\/wp-json\/wp\/v2\/posts"}],"about":[{"href":"https:\/\/www.bellunopress.it\/fr\/wp-json\/wp\/v2\/types\/post"}],"author":[{"embeddable":true,"href":"https:\/\/www.bellunopress.it\/fr\/wp-json\/wp\/v2\/users\/2"}],"replies":[{"embeddable":true,"href":"https:\/\/www.bellunopress.it\/fr\/wp-json\/wp\/v2\/comments?post=166983"}],"version-history":[{"count":1,"href":"https:\/\/www.bellunopress.it\/fr\/wp-json\/wp\/v2\/posts\/166983\/revisions"}],"predecessor-version":[{"id":166984,"href":"https:\/\/www.bellunopress.it\/fr\/wp-json\/wp\/v2\/posts\/166983\/revisions\/166984"}],"wp:featuredmedia":[{"embeddable":true,"href":"https:\/\/www.bellunopress.it\/fr\/wp-json\/wp\/v2\/media\/163956"}],"wp:attachment":[{"href":"https:\/\/www.bellunopress.it\/fr\/wp-json\/wp\/v2\/media?parent=166983"}],"wp:term":[{"taxonomy":"category","embeddable":true,"href":"https:\/\/www.bellunopress.it\/fr\/wp-json\/wp\/v2\/categories?post=166983"},{"taxonomy":"post_tag","embeddable":true,"href":"https:\/\/www.bellunopress.it\/fr\/wp-json\/wp\/v2\/tags?post=166983"}],"curies":[{"name":"wp","href":"https:\/\/api.w.org\/{rel}","templated":true}]}}