{"id":166980,"date":"2026-01-30T17:38:42","date_gmt":"2026-01-30T16:38:42","guid":{"rendered":"https:\/\/www.bellunopress.it\/?p=166980"},"modified":"2026-01-30T17:38:42","modified_gmt":"2026-01-30T16:38:42","slug":"milano-cortina-2026-ponte-nelle-alpi-diventa-lhub-per-i-giochi-ecco-come-cambia-la-viabilita","status":"publish","type":"post","link":"https:\/\/www.bellunopress.it\/fr\/2026\/01\/30\/milano-cortina-2026-ponte-nelle-alpi-diventa-lhub-per-i-giochi-ecco-come-cambia-la-viabilita\/","title":{"rendered":"Milano-Cortina 2026: Ponte nelle Alpi diventa l\u2019hub per i Giochi. Ecco come cambia la viabilit\u00e0"},"content":{"rendered":"<p data-path-to-node=\"3\"><b data-path-to-node=\"3\" data-index-in-node=\"0\">Dal 6 febbraio al 15 marzo, la stazione di Polpet sar\u00e0 il cuore dello scambio ferro-gomma per gli spettatori diretti a Cortina. Modifiche ai percorsi dei bus e novit\u00e0 per il senso unico durante il mercato settimanale.<\/b><\/p>\n<p data-path-to-node=\"4\">Ponte nelle Alpi, 30 gennaio 2026 &#8211; \u00a0\u2013 Con l&#8217;avvicinarsi dei Giochi Olimpici e Paralimpici Invernali Milano-Cortina 2026, il Comune di Ponte nelle Alpi si prepara a gestire un flusso straordinario di visitatori. La stazione ferroviaria di Polpet-Ponte nelle Alpi \u00e8 stata infatti scelta come punto strategico di interscambio: qui i passeggeri provenienti dai treni saliranno sui bus del servizio &#8220;Trasporto Spettatori (TS)&#8221; per raggiungere le sedi di gara a Cortina d&#8217;Ampezzo.<\/p>\n<p data-path-to-node=\"5\">Per garantire che questa imponente macchina logistica non paralizzi il traffico locale, il Vicesindaco Angelo Levis ha ufficializzato il piano di regolamentazione straordinaria della circolazione stradale che rester\u00e0 in vigore per tutta la durata dell&#8217;evento, dal 6 febbraio al 15 marzo 2026.<\/p>\n<h3 data-path-to-node=\"6\">I nuovi percorsi dei bus &#8220;Trasporto Spettatori&#8221;<\/h3>\n<p data-path-to-node=\"7\">Per evitare ingorghi e facilitare il transito dei mezzi pesanti, sono stati stabiliti itinerari obbligatori per l\u2019accesso all\u2019area nord della stazione:<\/p>\n<ul data-path-to-node=\"8\">\n<li>\n<p data-path-to-node=\"8,0,0\"><b data-path-to-node=\"8,0,0\" data-index-in-node=\"0\">In arrivo da Cortina:<\/b> I bus scenderanno da Viale Cadore, svolteranno a destra su Viale Dolomiti e immediatamente a destra su Viale Vittorio Veneto. Da l\u00ec proseguiranno verso Piazza A. Boito e Via Belluno, fino all&#8217;ingresso dedicato sul lato nord della stazione.<\/p>\n<\/li>\n<li>\n<p data-path-to-node=\"8,1,0\"><b data-path-to-node=\"8,1,0\" data-index-in-node=\"0\">In partenza per Cortina:<\/b> Una volta caricati i passeggeri, i bus imboccheranno Via Lino Barattin verso Piazza A. Boito. Svolteranno poi a sinistra su Via Belluno percorrendola interamente per immettersi sulla S.S. 50 tramite il sottopasso.<\/p>\n<ul data-path-to-node=\"8,1,1\">\n<li>\n<p data-path-to-node=\"8,1,1,0,0\"><i data-path-to-node=\"8,1,1,0,0\" data-index-in-node=\"0\">Nota di emergenza:<\/i> Qualora il sottopasso della S.S. 50 fosse inagibile, i bus devieranno da Piazza A. Boito su Viale Vittorio Veneto per immettersi direttamente sulla statale.<\/p>\n<\/li>\n<\/ul>\n<\/li>\n<\/ul>\n<h3 data-path-to-node=\"9\">Un impegno costante: corse dall\u2019alba a notte fonda<\/h3>\n<p data-path-to-node=\"10\">Le stime della Fondazione Milano Cortina 2026 prevedono una domanda elevatissima. Di conseguenza, il numero di autobus in circolazione sar\u00e0 ingente: il servizio sar\u00e0 operativo quotidianamente, dalle prime ore del mattino fino a tarda notte. I residenti sono invitati a prestare particolare attenzione all&#8217;aumento dei flussi nelle zone interessate.<\/p>\n<h3 data-path-to-node=\"11\">Cambia la viabilit\u00e0 del marted\u00ec: addio al senso unico temporaneo<\/h3>\n<p data-path-to-node=\"12\">Una delle modifiche pi\u00f9 significative riguarda la gestione del mercato settimanale del marted\u00ec. Solitamente, su Viale Vittorio Veneto vige un senso unico dalle 8:00 alle 12:30 per permettere la sosta dei veicoli.<\/p>\n<p data-path-to-node=\"13\">Tuttavia, per non ostacolare il passaggio continuo dei bus olimpici, l\u2019amministrazione ha deciso di sospendere temporaneamente il senso unico dal 6 febbraio al 15 marzo. Durante il periodo dei Giochi, il doppio senso di circolazione sar\u00e0 ripristinato anche il marted\u00ec mattina, con il conseguente divieto di sosta lungo la via per evitare interferenze con i mezzi pubblici.<\/p>\n<blockquote data-path-to-node=\"14\">\n<h6 style=\"text-align: left;\" data-path-to-node=\"14,0\">&#8220;L&#8217;obiettivo \u00e8 garantire la fluidit\u00e0 del trasporto spettatori senza compromettere eccessivamente la quotidianit\u00e0 dei nostri cittadini,&#8221; ha fatto sapere il vicesindaco Levis.<\/h6>\n<\/blockquote>\n<p data-path-to-node=\"15\">L&#8217;invito alla cittadinanza \u00e8 quello della massima collaborazione e prudenza, considerando che Ponte nelle Alpi sar\u00e0, per oltre un mese, una delle porte d&#8217;accesso principali al sogno olimpico.<\/p>","protected":false},"excerpt":{"rendered":"<p>Dal 6 febbraio al 15 marzo, la stazione di Polpet sar\u00e0 il cuore dello scambio ferro-gomma per gli spettatori diretti a Cortina. Modifiche ai percorsi dei bus e novit\u00e0 per il senso unico durante il mercato settimanale. Ponte nelle Alpi, 30 gennaio 2026 &#8211; \u00a0\u2013 Con l&#8217;avvicinarsi dei Giochi Olimpici e Paralimpici Invernali Milano-Cortina 2026, [&hellip;]<\/p>\n","protected":false},"author":2,"featured_media":166981,"comment_status":"closed","ping_status":"open","sticky":false,"template":"","format":"standard","meta":{"footnotes":""},"categories":[8],"tags":[],"class_list":["post-166980","post","type-post","status-publish","format-standard","has-post-thumbnail","category-societa-istituzioni"],"yoast_head":"<!-- This site is optimized with the Yoast SEO plugin v28.4 - https:\/\/yoast.com\/product\/yoast-seo-wordpress\/ -->\n<title>Milano-Cortina 2026: Ponte nelle Alpi diventa l\u2019hub per i Giochi. Ecco come cambia la viabilit\u00e0 - Bellunopress - Dolomiti<\/title>\n<meta name=\"robots\" content=\"index, follow, max-snippet:-1, max-image-preview:large, max-video-preview:-1\" \/>\n<link rel=\"canonical\" href=\"https:\/\/www.bellunopress.it\/fr\/2026\/01\/30\/milano-cortina-2026-ponte-nelle-alpi-diventa-lhub-per-i-giochi-ecco-come-cambia-la-viabilita\/\" \/>\n<meta property=\"og:locale\" content=\"fr_FR\" \/>\n<meta property=\"og:type\" content=\"article\" \/>\n<meta property=\"og:title\" content=\"Milano-Cortina 2026: Ponte nelle Alpi diventa l\u2019hub per i Giochi. Ecco come cambia la viabilit\u00e0 - Bellunopress - Dolomiti\" \/>\n<meta property=\"og:description\" content=\"Dal 6 febbraio al 15 marzo, la stazione di Polpet sar\u00e0 il cuore dello scambio ferro-gomma per gli spettatori diretti a Cortina. Modifiche ai percorsi dei bus e novit\u00e0 per il senso unico durante il mercato settimanale. Ponte nelle Alpi, 30 gennaio 2026 &#8211; \u00a0\u2013 Con l&#8217;avvicinarsi dei Giochi Olimpici e Paralimpici Invernali Milano-Cortina 2026, [&hellip;]\" \/>\n<meta property=\"og:url\" content=\"https:\/\/www.bellunopress.it\/fr\/2026\/01\/30\/milano-cortina-2026-ponte-nelle-alpi-diventa-lhub-per-i-giochi-ecco-come-cambia-la-viabilita\/\" \/>\n<meta property=\"og:site_name\" content=\"Bellunopress - Dolomiti\" \/>\n<meta property=\"article:publisher\" content=\"https:\/\/www.facebook.com\/profile.php?id=100008943462799\" \/>\n<meta property=\"article:published_time\" content=\"2026-01-30T16:38:42+00:00\" \/>\n<meta property=\"og:image\" content=\"https:\/\/www.bellunopress.it\/wp-content\/uploads\/2026\/01\/percorso-autobus-.jpg\" \/>\n\t<meta property=\"og:image:width\" content=\"700\" \/>\n\t<meta property=\"og:image:height\" content=\"519\" \/>\n\t<meta property=\"og:image:type\" content=\"image\/jpeg\" \/>\n<meta name=\"author\" content=\"redazione\" \/>\n<meta name=\"twitter:card\" content=\"summary_large_image\" \/>\n<meta name=\"twitter:creator\" content=\"@bellunopress\" \/>\n<meta name=\"twitter:site\" content=\"@bellunopress\" \/>\n<meta name=\"twitter:label1\" content=\"\u00c9crit par\" \/>\n\t<meta name=\"twitter:data1\" content=\"redazione\" \/>\n\t<meta name=\"twitter:label2\" content=\"Dur\u00e9e de lecture estim\u00e9e\" \/>\n\t<meta name=\"twitter:data2\" content=\"2 minutes\" \/>\n<script type=\"application\/ld+json\" class=\"yoast-schema-graph\">{\"@context\":\"https:\\\/\\\/schema.org\",\"@graph\":[{\"@type\":\"Article\",\"@id\":\"https:\\\/\\\/www.bellunopress.it\\\/2026\\\/01\\\/30\\\/milano-cortina-2026-ponte-nelle-alpi-diventa-lhub-per-i-giochi-ecco-come-cambia-la-viabilita\\\/#article\",\"isPartOf\":{\"@id\":\"https:\\\/\\\/www.bellunopress.it\\\/2026\\\/01\\\/30\\\/milano-cortina-2026-ponte-nelle-alpi-diventa-lhub-per-i-giochi-ecco-come-cambia-la-viabilita\\\/\"},\"author\":{\"name\":\"redazione\",\"@id\":\"https:\\\/\\\/www.bellunopress.it\\\/#\\\/schema\\\/person\\\/79bb06722b37ece1c03d3e94beb30d73\"},\"headline\":\"Milano-Cortina 2026: Ponte nelle Alpi diventa l\u2019hub per i Giochi. Ecco come cambia la viabilit\u00e0\",\"datePublished\":\"2026-01-30T16:38:42+00:00\",\"mainEntityOfPage\":{\"@id\":\"https:\\\/\\\/www.bellunopress.it\\\/2026\\\/01\\\/30\\\/milano-cortina-2026-ponte-nelle-alpi-diventa-lhub-per-i-giochi-ecco-come-cambia-la-viabilita\\\/\"},\"wordCount\":500,\"publisher\":{\"@id\":\"https:\\\/\\\/www.bellunopress.it\\\/#organization\"},\"image\":{\"@id\":\"https:\\\/\\\/www.bellunopress.it\\\/2026\\\/01\\\/30\\\/milano-cortina-2026-ponte-nelle-alpi-diventa-lhub-per-i-giochi-ecco-come-cambia-la-viabilita\\\/#primaryimage\"},\"thumbnailUrl\":\"https:\\\/\\\/www.bellunopress.it\\\/wp-content\\\/uploads\\\/2026\\\/01\\\/percorso-autobus-.jpg\",\"articleSection\":[\"Societ\u00e0, Associazioni, Istituzioni\"],\"inLanguage\":\"fr-FR\"},{\"@type\":\"WebPage\",\"@id\":\"https:\\\/\\\/www.bellunopress.it\\\/2026\\\/01\\\/30\\\/milano-cortina-2026-ponte-nelle-alpi-diventa-lhub-per-i-giochi-ecco-come-cambia-la-viabilita\\\/\",\"url\":\"https:\\\/\\\/www.bellunopress.it\\\/2026\\\/01\\\/30\\\/milano-cortina-2026-ponte-nelle-alpi-diventa-lhub-per-i-giochi-ecco-come-cambia-la-viabilita\\\/\",\"name\":\"Milano-Cortina 2026: Ponte nelle Alpi diventa l\u2019hub per i Giochi. Ecco come cambia la viabilit\u00e0 - Bellunopress - Dolomiti\",\"isPartOf\":{\"@id\":\"https:\\\/\\\/www.bellunopress.it\\\/#website\"},\"primaryImageOfPage\":{\"@id\":\"https:\\\/\\\/www.bellunopress.it\\\/2026\\\/01\\\/30\\\/milano-cortina-2026-ponte-nelle-alpi-diventa-lhub-per-i-giochi-ecco-come-cambia-la-viabilita\\\/#primaryimage\"},\"image\":{\"@id\":\"https:\\\/\\\/www.bellunopress.it\\\/2026\\\/01\\\/30\\\/milano-cortina-2026-ponte-nelle-alpi-diventa-lhub-per-i-giochi-ecco-come-cambia-la-viabilita\\\/#primaryimage\"},\"thumbnailUrl\":\"https:\\\/\\\/www.bellunopress.it\\\/wp-content\\\/uploads\\\/2026\\\/01\\\/percorso-autobus-.jpg\",\"datePublished\":\"2026-01-30T16:38:42+00:00\",\"breadcrumb\":{\"@id\":\"https:\\\/\\\/www.bellunopress.it\\\/2026\\\/01\\\/30\\\/milano-cortina-2026-ponte-nelle-alpi-diventa-lhub-per-i-giochi-ecco-come-cambia-la-viabilita\\\/#breadcrumb\"},\"inLanguage\":\"fr-FR\",\"potentialAction\":[{\"@type\":\"ReadAction\",\"target\":[\"https:\\\/\\\/www.bellunopress.it\\\/2026\\\/01\\\/30\\\/milano-cortina-2026-ponte-nelle-alpi-diventa-lhub-per-i-giochi-ecco-come-cambia-la-viabilita\\\/\"]}]},{\"@type\":\"ImageObject\",\"inLanguage\":\"fr-FR\",\"@id\":\"https:\\\/\\\/www.bellunopress.it\\\/2026\\\/01\\\/30\\\/milano-cortina-2026-ponte-nelle-alpi-diventa-lhub-per-i-giochi-ecco-come-cambia-la-viabilita\\\/#primaryimage\",\"url\":\"https:\\\/\\\/www.bellunopress.it\\\/wp-content\\\/uploads\\\/2026\\\/01\\\/percorso-autobus-.jpg\",\"contentUrl\":\"https:\\\/\\\/www.bellunopress.it\\\/wp-content\\\/uploads\\\/2026\\\/01\\\/percorso-autobus-.jpg\",\"width\":700,\"height\":519,\"caption\":\"Ponte nelle Alpi Olimpiadi\"},{\"@type\":\"BreadcrumbList\",\"@id\":\"https:\\\/\\\/www.bellunopress.it\\\/2026\\\/01\\\/30\\\/milano-cortina-2026-ponte-nelle-alpi-diventa-lhub-per-i-giochi-ecco-come-cambia-la-viabilita\\\/#breadcrumb\",\"itemListElement\":[{\"@type\":\"ListItem\",\"position\":1,\"name\":\"Home\",\"item\":\"https:\\\/\\\/www.bellunopress.it\\\/\"},{\"@type\":\"ListItem\",\"position\":2,\"name\":\"Milano-Cortina 2026: Ponte nelle Alpi diventa l\u2019hub per i Giochi. Ecco come cambia la viabilit\u00e0\"}]},{\"@type\":\"WebSite\",\"@id\":\"https:\\\/\\\/www.bellunopress.it\\\/#website\",\"url\":\"https:\\\/\\\/www.bellunopress.it\\\/\",\"name\":\"Bellunopress - Dolomiti\",\"description\":\"e-mail: redazione@bellunopress.it\",\"publisher\":{\"@id\":\"https:\\\/\\\/www.bellunopress.it\\\/#organization\"},\"potentialAction\":[{\"@type\":\"SearchAction\",\"target\":{\"@type\":\"EntryPoint\",\"urlTemplate\":\"https:\\\/\\\/www.bellunopress.it\\\/?s={search_term_string}\"},\"query-input\":{\"@type\":\"PropertyValueSpecification\",\"valueRequired\":true,\"valueName\":\"search_term_string\"}}],\"inLanguage\":\"fr-FR\"},{\"@type\":\"Organization\",\"@id\":\"https:\\\/\\\/www.bellunopress.it\\\/#organization\",\"name\":\"Bellunopress\",\"url\":\"https:\\\/\\\/www.bellunopress.it\\\/\",\"logo\":{\"@type\":\"ImageObject\",\"inLanguage\":\"fr-FR\",\"@id\":\"https:\\\/\\\/www.bellunopress.it\\\/#\\\/schema\\\/logo\\\/image\\\/\",\"url\":\"https:\\\/\\\/www.bellunopress.it\\\/wp-content\\\/uploads\\\/2011\\\/05\\\/cropped-logo-bellunopress-.jpg\",\"contentUrl\":\"https:\\\/\\\/www.bellunopress.it\\\/wp-content\\\/uploads\\\/2011\\\/05\\\/cropped-logo-bellunopress-.jpg\",\"width\":512,\"height\":512,\"caption\":\"Bellunopress\"},\"image\":{\"@id\":\"https:\\\/\\\/www.bellunopress.it\\\/#\\\/schema\\\/logo\\\/image\\\/\"},\"sameAs\":[\"https:\\\/\\\/www.facebook.com\\\/profile.php?id=100008943462799\",\"https:\\\/\\\/x.com\\\/bellunopress\",\"https:\\\/\\\/www.linkedin.com\\\/hp\\\/?dnr=JBzUWaJfMUw8vbXJJ2tVW5-I3jZKvC4wsoxE&amp;amp;amp;amp;amp;amp;trk=nav_responsive_tab_home\",\"https:\\\/\\\/www.youtube.com\\\/channel\\\/UCxL0wu1uN0_3_7hGG0306cw\"]},{\"@type\":\"Person\",\"@id\":\"https:\\\/\\\/www.bellunopress.it\\\/#\\\/schema\\\/person\\\/79bb06722b37ece1c03d3e94beb30d73\",\"name\":\"redazione\",\"image\":{\"@type\":\"ImageObject\",\"inLanguage\":\"fr-FR\",\"@id\":\"https:\\\/\\\/secure.gravatar.com\\\/avatar\\\/37d968a2e67a6fd04c169c4bdef102d0bc5d31b2546345219e348575eb80e9a0?s=96&d=mm&r=g\",\"url\":\"https:\\\/\\\/secure.gravatar.com\\\/avatar\\\/37d968a2e67a6fd04c169c4bdef102d0bc5d31b2546345219e348575eb80e9a0?s=96&d=mm&r=g\",\"contentUrl\":\"https:\\\/\\\/secure.gravatar.com\\\/avatar\\\/37d968a2e67a6fd04c169c4bdef102d0bc5d31b2546345219e348575eb80e9a0?s=96&d=mm&r=g\",\"caption\":\"redazione\"},\"sameAs\":[\"http:\\\/\\\/www.bellunopress.it\",\"https:\\\/\\\/x.com\\\/bellunopress\"],\"url\":\"https:\\\/\\\/www.bellunopress.it\\\/fr\\\/author\\\/redazione\\\/\"}]}<\/script>\n<!-- \/ Yoast SEO plugin. -->","yoast_head_json":{"title":"Milano-Cortina 2026: Ponte nelle Alpi diventa l\u2019hub per i Giochi. Ecco come cambia la viabilit\u00e0 - Bellunopress - Dolomiti","robots":{"index":"index","follow":"follow","max-snippet":"max-snippet:-1","max-image-preview":"max-image-preview:large","max-video-preview":"max-video-preview:-1"},"canonical":"https:\/\/www.bellunopress.it\/fr\/2026\/01\/30\/milano-cortina-2026-ponte-nelle-alpi-diventa-lhub-per-i-giochi-ecco-come-cambia-la-viabilita\/","og_locale":"fr_FR","og_type":"article","og_title":"Milano-Cortina 2026: Ponte nelle Alpi diventa l\u2019hub per i Giochi. Ecco come cambia la viabilit\u00e0 - Bellunopress - Dolomiti","og_description":"Dal 6 febbraio al 15 marzo, la stazione di Polpet sar\u00e0 il cuore dello scambio ferro-gomma per gli spettatori diretti a Cortina. Modifiche ai percorsi dei bus e novit\u00e0 per il senso unico durante il mercato settimanale. Ponte nelle Alpi, 30 gennaio 2026 &#8211; \u00a0\u2013 Con l&#8217;avvicinarsi dei Giochi Olimpici e Paralimpici Invernali Milano-Cortina 2026, [&hellip;]","og_url":"https:\/\/www.bellunopress.it\/fr\/2026\/01\/30\/milano-cortina-2026-ponte-nelle-alpi-diventa-lhub-per-i-giochi-ecco-come-cambia-la-viabilita\/","og_site_name":"Bellunopress - Dolomiti","article_publisher":"https:\/\/www.facebook.com\/profile.php?id=100008943462799","article_published_time":"2026-01-30T16:38:42+00:00","og_image":[{"width":700,"height":519,"url":"https:\/\/www.bellunopress.it\/wp-content\/uploads\/2026\/01\/percorso-autobus-.jpg","type":"image\/jpeg"}],"author":"redazione","twitter_card":"summary_large_image","twitter_creator":"@bellunopress","twitter_site":"@bellunopress","twitter_misc":{"\u00c9crit par":"redazione","Dur\u00e9e de lecture estim\u00e9e":"2 minutes"},"schema":{"@context":"https:\/\/schema.org","@graph":[{"@type":"Article","@id":"https:\/\/www.bellunopress.it\/2026\/01\/30\/milano-cortina-2026-ponte-nelle-alpi-diventa-lhub-per-i-giochi-ecco-come-cambia-la-viabilita\/#article","isPartOf":{"@id":"https:\/\/www.bellunopress.it\/2026\/01\/30\/milano-cortina-2026-ponte-nelle-alpi-diventa-lhub-per-i-giochi-ecco-come-cambia-la-viabilita\/"},"author":{"name":"redazione","@id":"https:\/\/www.bellunopress.it\/#\/schema\/person\/79bb06722b37ece1c03d3e94beb30d73"},"headline":"Milano-Cortina 2026: Ponte nelle Alpi diventa l\u2019hub per i Giochi. Ecco come cambia la viabilit\u00e0","datePublished":"2026-01-30T16:38:42+00:00","mainEntityOfPage":{"@id":"https:\/\/www.bellunopress.it\/2026\/01\/30\/milano-cortina-2026-ponte-nelle-alpi-diventa-lhub-per-i-giochi-ecco-come-cambia-la-viabilita\/"},"wordCount":500,"publisher":{"@id":"https:\/\/www.bellunopress.it\/#organization"},"image":{"@id":"https:\/\/www.bellunopress.it\/2026\/01\/30\/milano-cortina-2026-ponte-nelle-alpi-diventa-lhub-per-i-giochi-ecco-come-cambia-la-viabilita\/#primaryimage"},"thumbnailUrl":"https:\/\/www.bellunopress.it\/wp-content\/uploads\/2026\/01\/percorso-autobus-.jpg","articleSection":["Societ\u00e0, Associazioni, Istituzioni"],"inLanguage":"fr-FR"},{"@type":"WebPage","@id":"https:\/\/www.bellunopress.it\/2026\/01\/30\/milano-cortina-2026-ponte-nelle-alpi-diventa-lhub-per-i-giochi-ecco-come-cambia-la-viabilita\/","url":"https:\/\/www.bellunopress.it\/2026\/01\/30\/milano-cortina-2026-ponte-nelle-alpi-diventa-lhub-per-i-giochi-ecco-come-cambia-la-viabilita\/","name":"Milano-Cortina 2026: Ponte nelle Alpi diventa l\u2019hub per i Giochi. Ecco come cambia la viabilit\u00e0 - Bellunopress - Dolomiti","isPartOf":{"@id":"https:\/\/www.bellunopress.it\/#website"},"primaryImageOfPage":{"@id":"https:\/\/www.bellunopress.it\/2026\/01\/30\/milano-cortina-2026-ponte-nelle-alpi-diventa-lhub-per-i-giochi-ecco-come-cambia-la-viabilita\/#primaryimage"},"image":{"@id":"https:\/\/www.bellunopress.it\/2026\/01\/30\/milano-cortina-2026-ponte-nelle-alpi-diventa-lhub-per-i-giochi-ecco-come-cambia-la-viabilita\/#primaryimage"},"thumbnailUrl":"https:\/\/www.bellunopress.it\/wp-content\/uploads\/2026\/01\/percorso-autobus-.jpg","datePublished":"2026-01-30T16:38:42+00:00","breadcrumb":{"@id":"https:\/\/www.bellunopress.it\/2026\/01\/30\/milano-cortina-2026-ponte-nelle-alpi-diventa-lhub-per-i-giochi-ecco-come-cambia-la-viabilita\/#breadcrumb"},"inLanguage":"fr-FR","potentialAction":[{"@type":"ReadAction","target":["https:\/\/www.bellunopress.it\/2026\/01\/30\/milano-cortina-2026-ponte-nelle-alpi-diventa-lhub-per-i-giochi-ecco-come-cambia-la-viabilita\/"]}]},{"@type":"ImageObject","inLanguage":"fr-FR","@id":"https:\/\/www.bellunopress.it\/2026\/01\/30\/milano-cortina-2026-ponte-nelle-alpi-diventa-lhub-per-i-giochi-ecco-come-cambia-la-viabilita\/#primaryimage","url":"https:\/\/www.bellunopress.it\/wp-content\/uploads\/2026\/01\/percorso-autobus-.jpg","contentUrl":"https:\/\/www.bellunopress.it\/wp-content\/uploads\/2026\/01\/percorso-autobus-.jpg","width":700,"height":519,"caption":"Ponte nelle Alpi Olimpiadi"},{"@type":"BreadcrumbList","@id":"https:\/\/www.bellunopress.it\/2026\/01\/30\/milano-cortina-2026-ponte-nelle-alpi-diventa-lhub-per-i-giochi-ecco-come-cambia-la-viabilita\/#breadcrumb","itemListElement":[{"@type":"ListItem","position":1,"name":"Home","item":"https:\/\/www.bellunopress.it\/"},{"@type":"ListItem","position":2,"name":"Milano-Cortina 2026: Ponte nelle Alpi diventa l\u2019hub per i Giochi. Ecco come cambia la viabilit\u00e0"}]},{"@type":"WebSite","@id":"https:\/\/www.bellunopress.it\/#website","url":"https:\/\/www.bellunopress.it\/","name":"Bellunopress - Dolomiti","description":"e-mail: redazione@bellunopress.it","publisher":{"@id":"https:\/\/www.bellunopress.it\/#organization"},"potentialAction":[{"@type":"SearchAction","target":{"@type":"EntryPoint","urlTemplate":"https:\/\/www.bellunopress.it\/?s={search_term_string}"},"query-input":{"@type":"PropertyValueSpecification","valueRequired":true,"valueName":"search_term_string"}}],"inLanguage":"fr-FR"},{"@type":"Organization","@id":"https:\/\/www.bellunopress.it\/#organization","name":"Bellunopress","url":"https:\/\/www.bellunopress.it\/","logo":{"@type":"ImageObject","inLanguage":"fr-FR","@id":"https:\/\/www.bellunopress.it\/#\/schema\/logo\/image\/","url":"https:\/\/www.bellunopress.it\/wp-content\/uploads\/2011\/05\/cropped-logo-bellunopress-.jpg","contentUrl":"https:\/\/www.bellunopress.it\/wp-content\/uploads\/2011\/05\/cropped-logo-bellunopress-.jpg","width":512,"height":512,"caption":"Bellunopress"},"image":{"@id":"https:\/\/www.bellunopress.it\/#\/schema\/logo\/image\/"},"sameAs":["https:\/\/www.facebook.com\/profile.php?id=100008943462799","https:\/\/x.com\/bellunopress","https:\/\/www.linkedin.com\/hp\/?dnr=JBzUWaJfMUw8vbXJJ2tVW5-I3jZKvC4wsoxE&amp;amp;amp;amp;amp;amp;trk=nav_responsive_tab_home","https:\/\/www.youtube.com\/channel\/UCxL0wu1uN0_3_7hGG0306cw"]},{"@type":"Person","@id":"https:\/\/www.bellunopress.it\/#\/schema\/person\/79bb06722b37ece1c03d3e94beb30d73","name":"r\u00e9daction","image":{"@type":"ImageObject","inLanguage":"fr-FR","@id":"https:\/\/secure.gravatar.com\/avatar\/37d968a2e67a6fd04c169c4bdef102d0bc5d31b2546345219e348575eb80e9a0?s=96&d=mm&r=g","url":"https:\/\/secure.gravatar.com\/avatar\/37d968a2e67a6fd04c169c4bdef102d0bc5d31b2546345219e348575eb80e9a0?s=96&d=mm&r=g","contentUrl":"https:\/\/secure.gravatar.com\/avatar\/37d968a2e67a6fd04c169c4bdef102d0bc5d31b2546345219e348575eb80e9a0?s=96&d=mm&r=g","caption":"redazione"},"sameAs":["http:\/\/www.bellunopress.it","https:\/\/x.com\/bellunopress"],"url":"https:\/\/www.bellunopress.it\/fr\/author\/redazione\/"}]}},"_links":{"self":[{"href":"https:\/\/www.bellunopress.it\/fr\/wp-json\/wp\/v2\/posts\/166980","targetHints":{"allow":["GET"]}}],"collection":[{"href":"https:\/\/www.bellunopress.it\/fr\/wp-json\/wp\/v2\/posts"}],"about":[{"href":"https:\/\/www.bellunopress.it\/fr\/wp-json\/wp\/v2\/types\/post"}],"author":[{"embeddable":true,"href":"https:\/\/www.bellunopress.it\/fr\/wp-json\/wp\/v2\/users\/2"}],"replies":[{"embeddable":true,"href":"https:\/\/www.bellunopress.it\/fr\/wp-json\/wp\/v2\/comments?post=166980"}],"version-history":[{"count":1,"href":"https:\/\/www.bellunopress.it\/fr\/wp-json\/wp\/v2\/posts\/166980\/revisions"}],"predecessor-version":[{"id":166982,"href":"https:\/\/www.bellunopress.it\/fr\/wp-json\/wp\/v2\/posts\/166980\/revisions\/166982"}],"wp:featuredmedia":[{"embeddable":true,"href":"https:\/\/www.bellunopress.it\/fr\/wp-json\/wp\/v2\/media\/166981"}],"wp:attachment":[{"href":"https:\/\/www.bellunopress.it\/fr\/wp-json\/wp\/v2\/media?parent=166980"}],"wp:term":[{"taxonomy":"category","embeddable":true,"href":"https:\/\/www.bellunopress.it\/fr\/wp-json\/wp\/v2\/categories?post=166980"},{"taxonomy":"post_tag","embeddable":true,"href":"https:\/\/www.bellunopress.it\/fr\/wp-json\/wp\/v2\/tags?post=166980"}],"curies":[{"name":"wp","href":"https:\/\/api.w.org\/{rel}","templated":true}]}}