{"id":166977,"date":"2026-01-30T16:49:17","date_gmt":"2026-01-30T15:49:17","guid":{"rendered":"https:\/\/www.bellunopress.it\/?p=166977"},"modified":"2026-01-30T16:49:17","modified_gmt":"2026-01-30T15:49:17","slug":"bimbo-abbandonato-a-piedi-per-6-km-il-servizio-e-in-subappalto-la-linea-spa-rompe-il-silenzio","status":"publish","type":"post","link":"https:\/\/www.bellunopress.it\/fr\/2026\/01\/30\/bimbo-abbandonato-a-piedi-per-6-km-il-servizio-e-in-subappalto-la-linea-spa-rompe-il-silenzio\/","title":{"rendered":"Bimbo abbandonato a piedi per 6 km: il servizio \u00e8 in subappalto. La Linea spa rompe il silenzio"},"content":{"rendered":"<p>Belluno, 30 gennaio 2026 &#8211;\u00a0 C&#8217;\u00e8 una novit\u00e0 sul caso che ha scosso l&#8217;intera provincia e che ora vede i primi provvedimenti ufficiali. La Linea spa, l&#8217;azienda veneziana che opera in subappalto per conto di Dolomiti Bus, \u00e8 intervenuta ufficialmente con una nota di &#8220;profondo rammarico&#8221; riguardo all&#8217;episodio dello scorso 27 gennaio, quando un bambino di 11 anni \u00e8 stato lasciato a terra sulla tratta Calalzo-Cortina.<\/p>\n<p>Secondo quanto ricostruito e ammesso dalla stessa azienda, il minore, non essendo stato fatto salire a bordo (per questioni legate al nuovo &#8220;biglietto olimpico&#8221; da 10 euro, nonostante l&#8217;abbonamento), \u00e8 stato costretto a percorrere circa sei chilometri a piedi. Un dettaglio che aggrava la posizione del personale di bordo, considerando le temperature invernali e la pericolosit\u00e0 delle strade di montagna.<\/p>\n<p>L&#8217;azienda ha attivato un procedimento interno e ha disposto in via cautelativa la sospensione dal servizio dell&#8217;autista coinvolto.<\/p>\n<p>La Linea spa conferma che la corsa era svolta &#8220;sulla base di regolare autorizzazione&#8221;, ufficializzando il legame tecnico con Dolomiti Bus per la gestione delle tratte potenziate.<\/p>\n<p>Con 300 dipendenti e decenni di attivit\u00e0 in Veneto e Friuli, l&#8217;azienda sottolinea come questo sia un &#8220;episodio isolato&#8221; che non deve compromettere l&#8217;immagine costruita nel tempo.<\/p>\n<p>\u00abLa sicurezza dei passeggeri rappresenta un principio inderogabile. Garantiamo piena collaborazione affinch\u00e9 simili circostanze non si ripetano\u00bb, ha dichiarato Tiziano Idra, Direttore Operativo de La Linea Spa.<\/p>\n<p><strong>Il &#8220;Biglietto Olimpico&#8221; sotto accusa<\/strong><br \/>\nNonostante il rammarico dell&#8217;azienda subappaltatrice, resta aperto il fronte delle critiche verso Dolomiti Bus e la gestione della Linea 30. L&#8217;introduzione della tariffa da 10 euro per i collegamenti con Cortina in vista delle Olimpiadi 2026 sta creando una frizione sociale tra le necessit\u00e0 dei turisti e i diritti dei residenti e degli studenti.<\/p>\n<p><strong>Il nodo del subappalto<\/strong><br \/>\nIl servizio sulla tratta incriminata, la Linea 30 che collegaq Calalzo di Cadore a Cortina d&#8217;Ampezzo,\u00a0 non \u00e8 gestito direttamente dai mezzi blu di Dolomiti Bus. L\u2019azienda bellunese ha infatti subappaltato diverse corse alla societ\u00e0 veneziana La Linea spa, gi\u00e0 nota alle cronache per il tragico incidente di Mestre del 3 ottobre del 2023.<\/p>","protected":false},"excerpt":{"rendered":"<p>Belluno, 30 gennaio 2026 &#8211;\u00a0 C&#8217;\u00e8 una novit\u00e0 sul caso che ha scosso l&#8217;intera provincia e che ora vede i primi provvedimenti ufficiali. La Linea spa, l&#8217;azienda veneziana che opera in subappalto per conto di Dolomiti Bus, \u00e8 intervenuta ufficialmente con una nota di &#8220;profondo rammarico&#8221; riguardo all&#8217;episodio dello scorso 27 gennaio, quando un bambino [&hellip;]<\/p>\n","protected":false},"author":2,"featured_media":166978,"comment_status":"closed","ping_status":"open","sticky":false,"template":"","format":"standard","meta":{"footnotes":""},"categories":[5,26],"tags":[],"class_list":["post-166977","post","type-post","status-publish","format-standard","has-post-thumbnail","category-cronaca","category-prima-pagina"],"yoast_head":"<!-- This site is optimized with the Yoast SEO plugin v28.4 - https:\/\/yoast.com\/product\/yoast-seo-wordpress\/ -->\n<title>Bimbo abbandonato a piedi per 6 km: il servizio \u00e8 in subappalto. La Linea spa rompe il silenzio - Bellunopress - Dolomiti<\/title>\n<meta name=\"robots\" content=\"index, follow, max-snippet:-1, max-image-preview:large, max-video-preview:-1\" \/>\n<link rel=\"canonical\" href=\"https:\/\/www.bellunopress.it\/fr\/2026\/01\/30\/bimbo-abbandonato-a-piedi-per-6-km-il-servizio-e-in-subappalto-la-linea-spa-rompe-il-silenzio\/\" \/>\n<meta property=\"og:locale\" content=\"fr_FR\" \/>\n<meta property=\"og:type\" content=\"article\" \/>\n<meta property=\"og:title\" content=\"Bimbo abbandonato a piedi per 6 km: il servizio \u00e8 in subappalto. La Linea spa rompe il silenzio - Bellunopress - Dolomiti\" \/>\n<meta property=\"og:description\" content=\"Belluno, 30 gennaio 2026 &#8211;\u00a0 C&#8217;\u00e8 una novit\u00e0 sul caso che ha scosso l&#8217;intera provincia e che ora vede i primi provvedimenti ufficiali. La Linea spa, l&#8217;azienda veneziana che opera in subappalto per conto di Dolomiti Bus, \u00e8 intervenuta ufficialmente con una nota di &#8220;profondo rammarico&#8221; riguardo all&#8217;episodio dello scorso 27 gennaio, quando un bambino [&hellip;]\" \/>\n<meta property=\"og:url\" content=\"https:\/\/www.bellunopress.it\/fr\/2026\/01\/30\/bimbo-abbandonato-a-piedi-per-6-km-il-servizio-e-in-subappalto-la-linea-spa-rompe-il-silenzio\/\" \/>\n<meta property=\"og:site_name\" content=\"Bellunopress - Dolomiti\" \/>\n<meta property=\"article:publisher\" content=\"https:\/\/www.facebook.com\/profile.php?id=100008943462799\" \/>\n<meta property=\"article:published_time\" content=\"2026-01-30T15:49:17+00:00\" \/>\n<meta property=\"og:image\" content=\"https:\/\/www.bellunopress.it\/wp-content\/uploads\/2026\/01\/Bus-La-Linea-spa.jpg\" \/>\n\t<meta property=\"og:image:width\" content=\"600\" \/>\n\t<meta property=\"og:image:height\" content=\"450\" \/>\n\t<meta property=\"og:image:type\" content=\"image\/jpeg\" \/>\n<meta name=\"author\" content=\"redazione\" \/>\n<meta name=\"twitter:card\" content=\"summary_large_image\" \/>\n<meta name=\"twitter:creator\" content=\"@bellunopress\" \/>\n<meta name=\"twitter:site\" content=\"@bellunopress\" \/>\n<meta name=\"twitter:label1\" content=\"\u00c9crit par\" \/>\n\t<meta name=\"twitter:data1\" content=\"redazione\" \/>\n\t<meta name=\"twitter:label2\" content=\"Dur\u00e9e de lecture estim\u00e9e\" \/>\n\t<meta name=\"twitter:data2\" content=\"2 minutes\" \/>\n<script type=\"application\/ld+json\" class=\"yoast-schema-graph\">{\"@context\":\"https:\\\/\\\/schema.org\",\"@graph\":[{\"@type\":\"Article\",\"@id\":\"https:\\\/\\\/www.bellunopress.it\\\/2026\\\/01\\\/30\\\/bimbo-abbandonato-a-piedi-per-6-km-il-servizio-e-in-subappalto-la-linea-spa-rompe-il-silenzio\\\/#article\",\"isPartOf\":{\"@id\":\"https:\\\/\\\/www.bellunopress.it\\\/2026\\\/01\\\/30\\\/bimbo-abbandonato-a-piedi-per-6-km-il-servizio-e-in-subappalto-la-linea-spa-rompe-il-silenzio\\\/\"},\"author\":{\"name\":\"redazione\",\"@id\":\"https:\\\/\\\/www.bellunopress.it\\\/#\\\/schema\\\/person\\\/79bb06722b37ece1c03d3e94beb30d73\"},\"headline\":\"Bimbo abbandonato a piedi per 6 km: il servizio \u00e8 in subappalto. La Linea spa rompe il silenzio\",\"datePublished\":\"2026-01-30T15:49:17+00:00\",\"mainEntityOfPage\":{\"@id\":\"https:\\\/\\\/www.bellunopress.it\\\/2026\\\/01\\\/30\\\/bimbo-abbandonato-a-piedi-per-6-km-il-servizio-e-in-subappalto-la-linea-spa-rompe-il-silenzio\\\/\"},\"wordCount\":354,\"publisher\":{\"@id\":\"https:\\\/\\\/www.bellunopress.it\\\/#organization\"},\"image\":{\"@id\":\"https:\\\/\\\/www.bellunopress.it\\\/2026\\\/01\\\/30\\\/bimbo-abbandonato-a-piedi-per-6-km-il-servizio-e-in-subappalto-la-linea-spa-rompe-il-silenzio\\\/#primaryimage\"},\"thumbnailUrl\":\"https:\\\/\\\/www.bellunopress.it\\\/wp-content\\\/uploads\\\/2026\\\/01\\\/Bus-La-Linea-spa.jpg\",\"articleSection\":[\"Cronaca\\\/Politica\",\"Prima Pagina\"],\"inLanguage\":\"fr-FR\"},{\"@type\":\"WebPage\",\"@id\":\"https:\\\/\\\/www.bellunopress.it\\\/2026\\\/01\\\/30\\\/bimbo-abbandonato-a-piedi-per-6-km-il-servizio-e-in-subappalto-la-linea-spa-rompe-il-silenzio\\\/\",\"url\":\"https:\\\/\\\/www.bellunopress.it\\\/2026\\\/01\\\/30\\\/bimbo-abbandonato-a-piedi-per-6-km-il-servizio-e-in-subappalto-la-linea-spa-rompe-il-silenzio\\\/\",\"name\":\"Bimbo abbandonato a piedi per 6 km: il servizio \u00e8 in subappalto. La Linea spa rompe il silenzio - Bellunopress - Dolomiti\",\"isPartOf\":{\"@id\":\"https:\\\/\\\/www.bellunopress.it\\\/#website\"},\"primaryImageOfPage\":{\"@id\":\"https:\\\/\\\/www.bellunopress.it\\\/2026\\\/01\\\/30\\\/bimbo-abbandonato-a-piedi-per-6-km-il-servizio-e-in-subappalto-la-linea-spa-rompe-il-silenzio\\\/#primaryimage\"},\"image\":{\"@id\":\"https:\\\/\\\/www.bellunopress.it\\\/2026\\\/01\\\/30\\\/bimbo-abbandonato-a-piedi-per-6-km-il-servizio-e-in-subappalto-la-linea-spa-rompe-il-silenzio\\\/#primaryimage\"},\"thumbnailUrl\":\"https:\\\/\\\/www.bellunopress.it\\\/wp-content\\\/uploads\\\/2026\\\/01\\\/Bus-La-Linea-spa.jpg\",\"datePublished\":\"2026-01-30T15:49:17+00:00\",\"breadcrumb\":{\"@id\":\"https:\\\/\\\/www.bellunopress.it\\\/2026\\\/01\\\/30\\\/bimbo-abbandonato-a-piedi-per-6-km-il-servizio-e-in-subappalto-la-linea-spa-rompe-il-silenzio\\\/#breadcrumb\"},\"inLanguage\":\"fr-FR\",\"potentialAction\":[{\"@type\":\"ReadAction\",\"target\":[\"https:\\\/\\\/www.bellunopress.it\\\/2026\\\/01\\\/30\\\/bimbo-abbandonato-a-piedi-per-6-km-il-servizio-e-in-subappalto-la-linea-spa-rompe-il-silenzio\\\/\"]}]},{\"@type\":\"ImageObject\",\"inLanguage\":\"fr-FR\",\"@id\":\"https:\\\/\\\/www.bellunopress.it\\\/2026\\\/01\\\/30\\\/bimbo-abbandonato-a-piedi-per-6-km-il-servizio-e-in-subappalto-la-linea-spa-rompe-il-silenzio\\\/#primaryimage\",\"url\":\"https:\\\/\\\/www.bellunopress.it\\\/wp-content\\\/uploads\\\/2026\\\/01\\\/Bus-La-Linea-spa.jpg\",\"contentUrl\":\"https:\\\/\\\/www.bellunopress.it\\\/wp-content\\\/uploads\\\/2026\\\/01\\\/Bus-La-Linea-spa.jpg\",\"width\":600,\"height\":450},{\"@type\":\"BreadcrumbList\",\"@id\":\"https:\\\/\\\/www.bellunopress.it\\\/2026\\\/01\\\/30\\\/bimbo-abbandonato-a-piedi-per-6-km-il-servizio-e-in-subappalto-la-linea-spa-rompe-il-silenzio\\\/#breadcrumb\",\"itemListElement\":[{\"@type\":\"ListItem\",\"position\":1,\"name\":\"Home\",\"item\":\"https:\\\/\\\/www.bellunopress.it\\\/\"},{\"@type\":\"ListItem\",\"position\":2,\"name\":\"Bimbo abbandonato a piedi per 6 km: il servizio \u00e8 in subappalto. La Linea spa rompe il silenzio\"}]},{\"@type\":\"WebSite\",\"@id\":\"https:\\\/\\\/www.bellunopress.it\\\/#website\",\"url\":\"https:\\\/\\\/www.bellunopress.it\\\/\",\"name\":\"Bellunopress - Dolomiti\",\"description\":\"e-mail: redazione@bellunopress.it\",\"publisher\":{\"@id\":\"https:\\\/\\\/www.bellunopress.it\\\/#organization\"},\"potentialAction\":[{\"@type\":\"SearchAction\",\"target\":{\"@type\":\"EntryPoint\",\"urlTemplate\":\"https:\\\/\\\/www.bellunopress.it\\\/?s={search_term_string}\"},\"query-input\":{\"@type\":\"PropertyValueSpecification\",\"valueRequired\":true,\"valueName\":\"search_term_string\"}}],\"inLanguage\":\"fr-FR\"},{\"@type\":\"Organization\",\"@id\":\"https:\\\/\\\/www.bellunopress.it\\\/#organization\",\"name\":\"Bellunopress\",\"url\":\"https:\\\/\\\/www.bellunopress.it\\\/\",\"logo\":{\"@type\":\"ImageObject\",\"inLanguage\":\"fr-FR\",\"@id\":\"https:\\\/\\\/www.bellunopress.it\\\/#\\\/schema\\\/logo\\\/image\\\/\",\"url\":\"https:\\\/\\\/www.bellunopress.it\\\/wp-content\\\/uploads\\\/2011\\\/05\\\/cropped-logo-bellunopress-.jpg\",\"contentUrl\":\"https:\\\/\\\/www.bellunopress.it\\\/wp-content\\\/uploads\\\/2011\\\/05\\\/cropped-logo-bellunopress-.jpg\",\"width\":512,\"height\":512,\"caption\":\"Bellunopress\"},\"image\":{\"@id\":\"https:\\\/\\\/www.bellunopress.it\\\/#\\\/schema\\\/logo\\\/image\\\/\"},\"sameAs\":[\"https:\\\/\\\/www.facebook.com\\\/profile.php?id=100008943462799\",\"https:\\\/\\\/x.com\\\/bellunopress\",\"https:\\\/\\\/www.linkedin.com\\\/hp\\\/?dnr=JBzUWaJfMUw8vbXJJ2tVW5-I3jZKvC4wsoxE&amp;amp;amp;amp;amp;amp;trk=nav_responsive_tab_home\",\"https:\\\/\\\/www.youtube.com\\\/channel\\\/UCxL0wu1uN0_3_7hGG0306cw\"]},{\"@type\":\"Person\",\"@id\":\"https:\\\/\\\/www.bellunopress.it\\\/#\\\/schema\\\/person\\\/79bb06722b37ece1c03d3e94beb30d73\",\"name\":\"redazione\",\"image\":{\"@type\":\"ImageObject\",\"inLanguage\":\"fr-FR\",\"@id\":\"https:\\\/\\\/secure.gravatar.com\\\/avatar\\\/37d968a2e67a6fd04c169c4bdef102d0bc5d31b2546345219e348575eb80e9a0?s=96&d=mm&r=g\",\"url\":\"https:\\\/\\\/secure.gravatar.com\\\/avatar\\\/37d968a2e67a6fd04c169c4bdef102d0bc5d31b2546345219e348575eb80e9a0?s=96&d=mm&r=g\",\"contentUrl\":\"https:\\\/\\\/secure.gravatar.com\\\/avatar\\\/37d968a2e67a6fd04c169c4bdef102d0bc5d31b2546345219e348575eb80e9a0?s=96&d=mm&r=g\",\"caption\":\"redazione\"},\"sameAs\":[\"http:\\\/\\\/www.bellunopress.it\",\"https:\\\/\\\/x.com\\\/bellunopress\"],\"url\":\"https:\\\/\\\/www.bellunopress.it\\\/fr\\\/author\\\/redazione\\\/\"}]}<\/script>\n<!-- \/ Yoast SEO plugin. -->","yoast_head_json":{"title":"Bimbo abbandonato a piedi per 6 km: il servizio \u00e8 in subappalto. La Linea spa rompe il silenzio - Bellunopress - Dolomiti","robots":{"index":"index","follow":"follow","max-snippet":"max-snippet:-1","max-image-preview":"max-image-preview:large","max-video-preview":"max-video-preview:-1"},"canonical":"https:\/\/www.bellunopress.it\/fr\/2026\/01\/30\/bimbo-abbandonato-a-piedi-per-6-km-il-servizio-e-in-subappalto-la-linea-spa-rompe-il-silenzio\/","og_locale":"fr_FR","og_type":"article","og_title":"Bimbo abbandonato a piedi per 6 km: il servizio \u00e8 in subappalto. La Linea spa rompe il silenzio - Bellunopress - Dolomiti","og_description":"Belluno, 30 gennaio 2026 &#8211;\u00a0 C&#8217;\u00e8 una novit\u00e0 sul caso che ha scosso l&#8217;intera provincia e che ora vede i primi provvedimenti ufficiali. La Linea spa, l&#8217;azienda veneziana che opera in subappalto per conto di Dolomiti Bus, \u00e8 intervenuta ufficialmente con una nota di &#8220;profondo rammarico&#8221; riguardo all&#8217;episodio dello scorso 27 gennaio, quando un bambino [&hellip;]","og_url":"https:\/\/www.bellunopress.it\/fr\/2026\/01\/30\/bimbo-abbandonato-a-piedi-per-6-km-il-servizio-e-in-subappalto-la-linea-spa-rompe-il-silenzio\/","og_site_name":"Bellunopress - Dolomiti","article_publisher":"https:\/\/www.facebook.com\/profile.php?id=100008943462799","article_published_time":"2026-01-30T15:49:17+00:00","og_image":[{"width":600,"height":450,"url":"https:\/\/www.bellunopress.it\/wp-content\/uploads\/2026\/01\/Bus-La-Linea-spa.jpg","type":"image\/jpeg"}],"author":"redazione","twitter_card":"summary_large_image","twitter_creator":"@bellunopress","twitter_site":"@bellunopress","twitter_misc":{"\u00c9crit par":"redazione","Dur\u00e9e de lecture estim\u00e9e":"2 minutes"},"schema":{"@context":"https:\/\/schema.org","@graph":[{"@type":"Article","@id":"https:\/\/www.bellunopress.it\/2026\/01\/30\/bimbo-abbandonato-a-piedi-per-6-km-il-servizio-e-in-subappalto-la-linea-spa-rompe-il-silenzio\/#article","isPartOf":{"@id":"https:\/\/www.bellunopress.it\/2026\/01\/30\/bimbo-abbandonato-a-piedi-per-6-km-il-servizio-e-in-subappalto-la-linea-spa-rompe-il-silenzio\/"},"author":{"name":"redazione","@id":"https:\/\/www.bellunopress.it\/#\/schema\/person\/79bb06722b37ece1c03d3e94beb30d73"},"headline":"Bimbo abbandonato a piedi per 6 km: il servizio \u00e8 in subappalto. La Linea spa rompe il silenzio","datePublished":"2026-01-30T15:49:17+00:00","mainEntityOfPage":{"@id":"https:\/\/www.bellunopress.it\/2026\/01\/30\/bimbo-abbandonato-a-piedi-per-6-km-il-servizio-e-in-subappalto-la-linea-spa-rompe-il-silenzio\/"},"wordCount":354,"publisher":{"@id":"https:\/\/www.bellunopress.it\/#organization"},"image":{"@id":"https:\/\/www.bellunopress.it\/2026\/01\/30\/bimbo-abbandonato-a-piedi-per-6-km-il-servizio-e-in-subappalto-la-linea-spa-rompe-il-silenzio\/#primaryimage"},"thumbnailUrl":"https:\/\/www.bellunopress.it\/wp-content\/uploads\/2026\/01\/Bus-La-Linea-spa.jpg","articleSection":["Cronaca\/Politica","Prima Pagina"],"inLanguage":"fr-FR"},{"@type":"WebPage","@id":"https:\/\/www.bellunopress.it\/2026\/01\/30\/bimbo-abbandonato-a-piedi-per-6-km-il-servizio-e-in-subappalto-la-linea-spa-rompe-il-silenzio\/","url":"https:\/\/www.bellunopress.it\/2026\/01\/30\/bimbo-abbandonato-a-piedi-per-6-km-il-servizio-e-in-subappalto-la-linea-spa-rompe-il-silenzio\/","name":"Bimbo abbandonato a piedi per 6 km: il servizio \u00e8 in subappalto. La Linea spa rompe il silenzio - Bellunopress - Dolomiti","isPartOf":{"@id":"https:\/\/www.bellunopress.it\/#website"},"primaryImageOfPage":{"@id":"https:\/\/www.bellunopress.it\/2026\/01\/30\/bimbo-abbandonato-a-piedi-per-6-km-il-servizio-e-in-subappalto-la-linea-spa-rompe-il-silenzio\/#primaryimage"},"image":{"@id":"https:\/\/www.bellunopress.it\/2026\/01\/30\/bimbo-abbandonato-a-piedi-per-6-km-il-servizio-e-in-subappalto-la-linea-spa-rompe-il-silenzio\/#primaryimage"},"thumbnailUrl":"https:\/\/www.bellunopress.it\/wp-content\/uploads\/2026\/01\/Bus-La-Linea-spa.jpg","datePublished":"2026-01-30T15:49:17+00:00","breadcrumb":{"@id":"https:\/\/www.bellunopress.it\/2026\/01\/30\/bimbo-abbandonato-a-piedi-per-6-km-il-servizio-e-in-subappalto-la-linea-spa-rompe-il-silenzio\/#breadcrumb"},"inLanguage":"fr-FR","potentialAction":[{"@type":"ReadAction","target":["https:\/\/www.bellunopress.it\/2026\/01\/30\/bimbo-abbandonato-a-piedi-per-6-km-il-servizio-e-in-subappalto-la-linea-spa-rompe-il-silenzio\/"]}]},{"@type":"ImageObject","inLanguage":"fr-FR","@id":"https:\/\/www.bellunopress.it\/2026\/01\/30\/bimbo-abbandonato-a-piedi-per-6-km-il-servizio-e-in-subappalto-la-linea-spa-rompe-il-silenzio\/#primaryimage","url":"https:\/\/www.bellunopress.it\/wp-content\/uploads\/2026\/01\/Bus-La-Linea-spa.jpg","contentUrl":"https:\/\/www.bellunopress.it\/wp-content\/uploads\/2026\/01\/Bus-La-Linea-spa.jpg","width":600,"height":450},{"@type":"BreadcrumbList","@id":"https:\/\/www.bellunopress.it\/2026\/01\/30\/bimbo-abbandonato-a-piedi-per-6-km-il-servizio-e-in-subappalto-la-linea-spa-rompe-il-silenzio\/#breadcrumb","itemListElement":[{"@type":"ListItem","position":1,"name":"Home","item":"https:\/\/www.bellunopress.it\/"},{"@type":"ListItem","position":2,"name":"Bimbo abbandonato a piedi per 6 km: il servizio \u00e8 in subappalto. La Linea spa rompe il silenzio"}]},{"@type":"WebSite","@id":"https:\/\/www.bellunopress.it\/#website","url":"https:\/\/www.bellunopress.it\/","name":"Bellunopress - Dolomiti","description":"e-mail: redazione@bellunopress.it","publisher":{"@id":"https:\/\/www.bellunopress.it\/#organization"},"potentialAction":[{"@type":"SearchAction","target":{"@type":"EntryPoint","urlTemplate":"https:\/\/www.bellunopress.it\/?s={search_term_string}"},"query-input":{"@type":"PropertyValueSpecification","valueRequired":true,"valueName":"search_term_string"}}],"inLanguage":"fr-FR"},{"@type":"Organization","@id":"https:\/\/www.bellunopress.it\/#organization","name":"Bellunopress","url":"https:\/\/www.bellunopress.it\/","logo":{"@type":"ImageObject","inLanguage":"fr-FR","@id":"https:\/\/www.bellunopress.it\/#\/schema\/logo\/image\/","url":"https:\/\/www.bellunopress.it\/wp-content\/uploads\/2011\/05\/cropped-logo-bellunopress-.jpg","contentUrl":"https:\/\/www.bellunopress.it\/wp-content\/uploads\/2011\/05\/cropped-logo-bellunopress-.jpg","width":512,"height":512,"caption":"Bellunopress"},"image":{"@id":"https:\/\/www.bellunopress.it\/#\/schema\/logo\/image\/"},"sameAs":["https:\/\/www.facebook.com\/profile.php?id=100008943462799","https:\/\/x.com\/bellunopress","https:\/\/www.linkedin.com\/hp\/?dnr=JBzUWaJfMUw8vbXJJ2tVW5-I3jZKvC4wsoxE&amp;amp;amp;amp;amp;amp;trk=nav_responsive_tab_home","https:\/\/www.youtube.com\/channel\/UCxL0wu1uN0_3_7hGG0306cw"]},{"@type":"Person","@id":"https:\/\/www.bellunopress.it\/#\/schema\/person\/79bb06722b37ece1c03d3e94beb30d73","name":"r\u00e9daction","image":{"@type":"ImageObject","inLanguage":"fr-FR","@id":"https:\/\/secure.gravatar.com\/avatar\/37d968a2e67a6fd04c169c4bdef102d0bc5d31b2546345219e348575eb80e9a0?s=96&d=mm&r=g","url":"https:\/\/secure.gravatar.com\/avatar\/37d968a2e67a6fd04c169c4bdef102d0bc5d31b2546345219e348575eb80e9a0?s=96&d=mm&r=g","contentUrl":"https:\/\/secure.gravatar.com\/avatar\/37d968a2e67a6fd04c169c4bdef102d0bc5d31b2546345219e348575eb80e9a0?s=96&d=mm&r=g","caption":"redazione"},"sameAs":["http:\/\/www.bellunopress.it","https:\/\/x.com\/bellunopress"],"url":"https:\/\/www.bellunopress.it\/fr\/author\/redazione\/"}]}},"_links":{"self":[{"href":"https:\/\/www.bellunopress.it\/fr\/wp-json\/wp\/v2\/posts\/166977","targetHints":{"allow":["GET"]}}],"collection":[{"href":"https:\/\/www.bellunopress.it\/fr\/wp-json\/wp\/v2\/posts"}],"about":[{"href":"https:\/\/www.bellunopress.it\/fr\/wp-json\/wp\/v2\/types\/post"}],"author":[{"embeddable":true,"href":"https:\/\/www.bellunopress.it\/fr\/wp-json\/wp\/v2\/users\/2"}],"replies":[{"embeddable":true,"href":"https:\/\/www.bellunopress.it\/fr\/wp-json\/wp\/v2\/comments?post=166977"}],"version-history":[{"count":1,"href":"https:\/\/www.bellunopress.it\/fr\/wp-json\/wp\/v2\/posts\/166977\/revisions"}],"predecessor-version":[{"id":166979,"href":"https:\/\/www.bellunopress.it\/fr\/wp-json\/wp\/v2\/posts\/166977\/revisions\/166979"}],"wp:featuredmedia":[{"embeddable":true,"href":"https:\/\/www.bellunopress.it\/fr\/wp-json\/wp\/v2\/media\/166978"}],"wp:attachment":[{"href":"https:\/\/www.bellunopress.it\/fr\/wp-json\/wp\/v2\/media?parent=166977"}],"wp:term":[{"taxonomy":"category","embeddable":true,"href":"https:\/\/www.bellunopress.it\/fr\/wp-json\/wp\/v2\/categories?post=166977"},{"taxonomy":"post_tag","embeddable":true,"href":"https:\/\/www.bellunopress.it\/fr\/wp-json\/wp\/v2\/tags?post=166977"}],"curies":[{"name":"wp","href":"https:\/\/api.w.org\/{rel}","templated":true}]}}