{"id":166964,"date":"2026-01-30T09:24:44","date_gmt":"2026-01-30T08:24:44","guid":{"rendered":"https:\/\/www.bellunopress.it\/?p=166964"},"modified":"2026-01-30T10:09:40","modified_gmt":"2026-01-30T09:09:40","slug":"cortinametraggio-ad-addis-abeba-iniziano-le-riprese-del-sogno-olimpico-piu-autentico","status":"publish","type":"post","link":"https:\/\/www.bellunopress.it\/fr\/2026\/01\/30\/cortinametraggio-ad-addis-abeba-iniziano-le-riprese-del-sogno-olimpico-piu-autentico\/","title":{"rendered":"Cortinametraggio: ad Addis Abeba iniziano le riprese del sogno olimpico pi\u00f9 autentico"},"content":{"rendered":"<p><strong>&#8220;Grandi Giochi&#8221; \u00e8 il cortometraggio documentario girato in Etiopia diretto da\u00a0 Daniele Gobbin<\/strong><\/p>\n<p>Con l&#8217;arrivo della fiamma olimpica a Cortina d&#8217;Ampezzo si \u00e8 accesa anche un&#8217;altra fiamma. Non quella delle luci o dei riflettori, ma quella dei Grandi Giochi. Ed \u00e8 da Addis Abeba che sono ufficialmente iniziate le riprese del cortometraggio &#8220;Grandi Giochi \u2013 The Land of Big Dreams&#8221;, una coproduzione Italo Etiope, affidata dalle associazioni di Emma&#8217;s Children Onlus e Nuovo Fiore in Africa. L&#8217;intera troupe del film \u00e8 di base a Bosco Children, famosa missione della capitale del Corno d&#8217;Africa diretta dal missionario italiano Don Angelo Regazzo.<\/p>\n<p>L&#8217;eco delle Olimpiadi Milano\u2013Cortina 2026 non \u00e8 un pretesto narrativo, n\u00e9 un richiamo celebrativo. \u00c8 piuttosto un punto di partenza intimo, personale. Cortina \u00e8 il luogo dove, nel 1956, tutto inizi\u00f2 per il padre del Presidente dell&#8217;Associazione cortinese chiamato a lavorare ai Giochi Olimpici. Oggi, a distanza di settant&#8217;anni, quello stesso spirito torna a vivere altrove, lontano dalle montagne e dalle telecamere, in un&#8217;area dell&#8217;Africa dove lo sport non \u00e8 spettacolo ma necessit\u00e0, linguaggio comune, possibilit\u00e0 di riscatto.<\/p>\n<p>&#8220;Grandi Giochi&#8221; \u00e8 un cortometraggio documentario girato in Etiopia. Il soggetto \u00e8 di Andrea Gris, che firma anche la produzione sul campo, mentre la regia \u00e8 affidata a Daniele Gobbin, autore di uno sguardo asciutto, osservativo, profondamente rispettoso delle persone e dei luoghi raccontati, vista la sua esperienza documentaristica in Africa.<\/p>\n<p>Il film segue un gruppo di ragazzi e adolescenti che vivono in un quartiere popolare della citt\u00e0. Nardos, Shoay, Roba, Efrem, Bereket, Kamil, che si uniscono per aiutare Sambet\u00e0 a inseguire il sogno di diventare atleta. In una citt\u00e0 sospesa tra modernit\u00e0 e fragilit\u00e0, tra grattacieli in costruzione e spazi che si sgretolano, il gioco e lo sport diventano un gesto collettivo di resistenza, amicizia e immaginazione del futuro.<\/p>\n<p>\u00abQuesto film era gi\u00e0 scritto nei volti dei ragazzi che ho incontrato ad Addis Abeba\u00bb, racconta Daniele Gobbin. \u00abIl nostro lavoro \u00e8 stato quello di metterci in ascolto, senza sovrastrutture, lasciando che fossero loro a guidarci\u00bb.<\/p>\n<p>&#8220;Grandi Giochi&#8221; \u00e8 una storia vera. Vera nei gesti, nei silenzi, nella polvere delle strade. Racconta un mondo lontano dalla plastica scintillante della televisione, ma profondamente vicino allo spirito pi\u00f9 autentico dello sport: quello dei sognatori, di chi corre senza pubblico, di chi vince anche solo partecipando.<\/p>\n<p>\u00abIn Etiopia ho visto bambini costruire mondi con quello che avevano\u00bb, spiega Andrea Gris. \u00abIn quei giochi spontanei c&#8217;\u00e8 un&#8217;idea di giochi pi\u00f9 antichi e pi\u00f9 puri: non il risultato, ma il rito, la comunit\u00e0, il sogno condiviso\u00bb.<\/p>\n<p>Qui, pi\u00f9 che altrove, ogni scelta pesa. Chi arriva in Africa spesso lo fa per &#8220;prendere&#8221;, per sfruttare un immaginario o una fragilit\u00e0. &#8220;Grandi Giochi&#8221; nasce invece dal desiderio opposto: raccontare la felicit\u00e0 di una vittoria olimpica che non ha podi, quella di un bambino che continua a sognare.<\/p>\n<p>La colonna sonora originale \u00e8 firmata da Leo Gira e Gianni Veronesi, (che ha realizzato recentemente la colonna sonora del film di grande successo La Valanga Azzurra) e nasce dai luoghi stessi del racconto: suoni, ritmi, presenze. Una musica che non invade, ma accompagna, restituendo respiro e profondit\u00e0 alle immagini.<\/p>\n<p>Perch\u00e9 senza sogni e senza amore, questo mondo rischia di essere divorato dal denaro pi\u00f9 vile.<\/p>\n<p>&#8220;Grandi Giochi&#8221; sar\u00e0 presentato in anteprima alla 21\u00b0 edizione di Cortinametraggio, diretto da Maddalena Mayneri, per poi iniziare il suo viaggio nei festival, nelle scuole italiane e nei teatri. Un percorso pensato soprattutto per i pi\u00f9 giovani, legato indissolubilmente alla felicit\u00e0 altrui. Una felicit\u00e0 che, con un semplice atto di volont\u00e0, pu\u00f2 diventare anche nostra.<\/p>","protected":false},"excerpt":{"rendered":"<p>&#8220;Grandi Giochi&#8221; \u00e8 il cortometraggio documentario girato in Etiopia diretto da\u00a0 Daniele Gobbin Con l&#8217;arrivo della fiamma olimpica a Cortina d&#8217;Ampezzo si \u00e8 accesa anche un&#8217;altra fiamma. Non quella delle luci o dei riflettori, ma quella dei Grandi Giochi. Ed \u00e8 da Addis Abeba che sono ufficialmente iniziate le riprese del cortometraggio &#8220;Grandi Giochi \u2013 [&hellip;]<\/p>\n","protected":false},"author":2,"featured_media":166965,"comment_status":"closed","ping_status":"open","sticky":false,"template":"","format":"standard","meta":{"footnotes":""},"categories":[3],"tags":[],"class_list":["post-166964","post","type-post","status-publish","format-standard","has-post-thumbnail","category-arte-cultura-spettacoli-scienza-archivi"],"yoast_head":"<!-- This site is optimized with the Yoast SEO plugin v28.4 - https:\/\/yoast.com\/product\/yoast-seo-wordpress\/ -->\n<title>Cortinametraggio: ad Addis Abeba iniziano le riprese del sogno olimpico pi\u00f9 autentico - Bellunopress - Dolomiti<\/title>\n<meta name=\"robots\" content=\"index, follow, max-snippet:-1, max-image-preview:large, max-video-preview:-1\" \/>\n<link rel=\"canonical\" href=\"https:\/\/www.bellunopress.it\/fr\/2026\/01\/30\/cortinametraggio-ad-addis-abeba-iniziano-le-riprese-del-sogno-olimpico-piu-autentico\/\" \/>\n<meta property=\"og:locale\" content=\"fr_FR\" \/>\n<meta property=\"og:type\" content=\"article\" \/>\n<meta property=\"og:title\" content=\"Cortinametraggio: ad Addis Abeba iniziano le riprese del sogno olimpico pi\u00f9 autentico - Bellunopress - Dolomiti\" \/>\n<meta property=\"og:description\" content=\"&#8220;Grandi Giochi&#8221; \u00e8 il cortometraggio documentario girato in Etiopia diretto da\u00a0 Daniele Gobbin Con l&#8217;arrivo della fiamma olimpica a Cortina d&#8217;Ampezzo si \u00e8 accesa anche un&#8217;altra fiamma. Non quella delle luci o dei riflettori, ma quella dei Grandi Giochi. Ed \u00e8 da Addis Abeba che sono ufficialmente iniziate le riprese del cortometraggio &#8220;Grandi Giochi \u2013 [&hellip;]\" \/>\n<meta property=\"og:url\" content=\"https:\/\/www.bellunopress.it\/fr\/2026\/01\/30\/cortinametraggio-ad-addis-abeba-iniziano-le-riprese-del-sogno-olimpico-piu-autentico\/\" \/>\n<meta property=\"og:site_name\" content=\"Bellunopress - Dolomiti\" \/>\n<meta property=\"article:publisher\" content=\"https:\/\/www.facebook.com\/profile.php?id=100008943462799\" \/>\n<meta property=\"article:published_time\" content=\"2026-01-30T08:24:44+00:00\" \/>\n<meta property=\"article:modified_time\" content=\"2026-01-30T09:09:40+00:00\" \/>\n<meta property=\"og:image\" content=\"https:\/\/www.bellunopress.it\/wp-content\/uploads\/2026\/01\/cortinametraggio-addis-abeba.jpg\" \/>\n\t<meta property=\"og:image:width\" content=\"562\" \/>\n\t<meta property=\"og:image:height\" content=\"600\" \/>\n\t<meta property=\"og:image:type\" content=\"image\/jpeg\" \/>\n<meta name=\"author\" content=\"redazione\" \/>\n<meta name=\"twitter:card\" content=\"summary_large_image\" \/>\n<meta name=\"twitter:creator\" content=\"@bellunopress\" \/>\n<meta name=\"twitter:site\" content=\"@bellunopress\" \/>\n<meta name=\"twitter:label1\" content=\"\u00c9crit par\" \/>\n\t<meta name=\"twitter:data1\" content=\"redazione\" \/>\n\t<meta name=\"twitter:label2\" content=\"Dur\u00e9e de lecture estim\u00e9e\" \/>\n\t<meta name=\"twitter:data2\" content=\"3 minutes\" \/>\n<script type=\"application\/ld+json\" class=\"yoast-schema-graph\">{\"@context\":\"https:\\\/\\\/schema.org\",\"@graph\":[{\"@type\":\"Article\",\"@id\":\"https:\\\/\\\/www.bellunopress.it\\\/2026\\\/01\\\/30\\\/cortinametraggio-ad-addis-abeba-iniziano-le-riprese-del-sogno-olimpico-piu-autentico\\\/#article\",\"isPartOf\":{\"@id\":\"https:\\\/\\\/www.bellunopress.it\\\/2026\\\/01\\\/30\\\/cortinametraggio-ad-addis-abeba-iniziano-le-riprese-del-sogno-olimpico-piu-autentico\\\/\"},\"author\":{\"name\":\"redazione\",\"@id\":\"https:\\\/\\\/www.bellunopress.it\\\/#\\\/schema\\\/person\\\/79bb06722b37ece1c03d3e94beb30d73\"},\"headline\":\"Cortinametraggio: ad Addis Abeba iniziano le riprese del sogno olimpico pi\u00f9 autentico\",\"datePublished\":\"2026-01-30T08:24:44+00:00\",\"dateModified\":\"2026-01-30T09:09:40+00:00\",\"mainEntityOfPage\":{\"@id\":\"https:\\\/\\\/www.bellunopress.it\\\/2026\\\/01\\\/30\\\/cortinametraggio-ad-addis-abeba-iniziano-le-riprese-del-sogno-olimpico-piu-autentico\\\/\"},\"wordCount\":596,\"publisher\":{\"@id\":\"https:\\\/\\\/www.bellunopress.it\\\/#organization\"},\"image\":{\"@id\":\"https:\\\/\\\/www.bellunopress.it\\\/2026\\\/01\\\/30\\\/cortinametraggio-ad-addis-abeba-iniziano-le-riprese-del-sogno-olimpico-piu-autentico\\\/#primaryimage\"},\"thumbnailUrl\":\"https:\\\/\\\/www.bellunopress.it\\\/wp-content\\\/uploads\\\/2026\\\/01\\\/cortinametraggio-addis-abeba.jpg\",\"articleSection\":[\"Arte, Cultura, Spettacoli, Scienza\"],\"inLanguage\":\"fr-FR\"},{\"@type\":\"WebPage\",\"@id\":\"https:\\\/\\\/www.bellunopress.it\\\/2026\\\/01\\\/30\\\/cortinametraggio-ad-addis-abeba-iniziano-le-riprese-del-sogno-olimpico-piu-autentico\\\/\",\"url\":\"https:\\\/\\\/www.bellunopress.it\\\/2026\\\/01\\\/30\\\/cortinametraggio-ad-addis-abeba-iniziano-le-riprese-del-sogno-olimpico-piu-autentico\\\/\",\"name\":\"Cortinametraggio: ad Addis Abeba iniziano le riprese del sogno olimpico pi\u00f9 autentico - Bellunopress - Dolomiti\",\"isPartOf\":{\"@id\":\"https:\\\/\\\/www.bellunopress.it\\\/#website\"},\"primaryImageOfPage\":{\"@id\":\"https:\\\/\\\/www.bellunopress.it\\\/2026\\\/01\\\/30\\\/cortinametraggio-ad-addis-abeba-iniziano-le-riprese-del-sogno-olimpico-piu-autentico\\\/#primaryimage\"},\"image\":{\"@id\":\"https:\\\/\\\/www.bellunopress.it\\\/2026\\\/01\\\/30\\\/cortinametraggio-ad-addis-abeba-iniziano-le-riprese-del-sogno-olimpico-piu-autentico\\\/#primaryimage\"},\"thumbnailUrl\":\"https:\\\/\\\/www.bellunopress.it\\\/wp-content\\\/uploads\\\/2026\\\/01\\\/cortinametraggio-addis-abeba.jpg\",\"datePublished\":\"2026-01-30T08:24:44+00:00\",\"dateModified\":\"2026-01-30T09:09:40+00:00\",\"breadcrumb\":{\"@id\":\"https:\\\/\\\/www.bellunopress.it\\\/2026\\\/01\\\/30\\\/cortinametraggio-ad-addis-abeba-iniziano-le-riprese-del-sogno-olimpico-piu-autentico\\\/#breadcrumb\"},\"inLanguage\":\"fr-FR\",\"potentialAction\":[{\"@type\":\"ReadAction\",\"target\":[\"https:\\\/\\\/www.bellunopress.it\\\/2026\\\/01\\\/30\\\/cortinametraggio-ad-addis-abeba-iniziano-le-riprese-del-sogno-olimpico-piu-autentico\\\/\"]}]},{\"@type\":\"ImageObject\",\"inLanguage\":\"fr-FR\",\"@id\":\"https:\\\/\\\/www.bellunopress.it\\\/2026\\\/01\\\/30\\\/cortinametraggio-ad-addis-abeba-iniziano-le-riprese-del-sogno-olimpico-piu-autentico\\\/#primaryimage\",\"url\":\"https:\\\/\\\/www.bellunopress.it\\\/wp-content\\\/uploads\\\/2026\\\/01\\\/cortinametraggio-addis-abeba.jpg\",\"contentUrl\":\"https:\\\/\\\/www.bellunopress.it\\\/wp-content\\\/uploads\\\/2026\\\/01\\\/cortinametraggio-addis-abeba.jpg\",\"width\":562,\"height\":600,\"caption\":\"Foto di Giorgia Bellavia\"},{\"@type\":\"BreadcrumbList\",\"@id\":\"https:\\\/\\\/www.bellunopress.it\\\/2026\\\/01\\\/30\\\/cortinametraggio-ad-addis-abeba-iniziano-le-riprese-del-sogno-olimpico-piu-autentico\\\/#breadcrumb\",\"itemListElement\":[{\"@type\":\"ListItem\",\"position\":1,\"name\":\"Home\",\"item\":\"https:\\\/\\\/www.bellunopress.it\\\/\"},{\"@type\":\"ListItem\",\"position\":2,\"name\":\"Cortinametraggio: ad Addis Abeba iniziano le riprese del sogno olimpico pi\u00f9 autentico\"}]},{\"@type\":\"WebSite\",\"@id\":\"https:\\\/\\\/www.bellunopress.it\\\/#website\",\"url\":\"https:\\\/\\\/www.bellunopress.it\\\/\",\"name\":\"Bellunopress - Dolomiti\",\"description\":\"e-mail: redazione@bellunopress.it\",\"publisher\":{\"@id\":\"https:\\\/\\\/www.bellunopress.it\\\/#organization\"},\"potentialAction\":[{\"@type\":\"SearchAction\",\"target\":{\"@type\":\"EntryPoint\",\"urlTemplate\":\"https:\\\/\\\/www.bellunopress.it\\\/?s={search_term_string}\"},\"query-input\":{\"@type\":\"PropertyValueSpecification\",\"valueRequired\":true,\"valueName\":\"search_term_string\"}}],\"inLanguage\":\"fr-FR\"},{\"@type\":\"Organization\",\"@id\":\"https:\\\/\\\/www.bellunopress.it\\\/#organization\",\"name\":\"Bellunopress\",\"url\":\"https:\\\/\\\/www.bellunopress.it\\\/\",\"logo\":{\"@type\":\"ImageObject\",\"inLanguage\":\"fr-FR\",\"@id\":\"https:\\\/\\\/www.bellunopress.it\\\/#\\\/schema\\\/logo\\\/image\\\/\",\"url\":\"https:\\\/\\\/www.bellunopress.it\\\/wp-content\\\/uploads\\\/2011\\\/05\\\/cropped-logo-bellunopress-.jpg\",\"contentUrl\":\"https:\\\/\\\/www.bellunopress.it\\\/wp-content\\\/uploads\\\/2011\\\/05\\\/cropped-logo-bellunopress-.jpg\",\"width\":512,\"height\":512,\"caption\":\"Bellunopress\"},\"image\":{\"@id\":\"https:\\\/\\\/www.bellunopress.it\\\/#\\\/schema\\\/logo\\\/image\\\/\"},\"sameAs\":[\"https:\\\/\\\/www.facebook.com\\\/profile.php?id=100008943462799\",\"https:\\\/\\\/x.com\\\/bellunopress\",\"https:\\\/\\\/www.linkedin.com\\\/hp\\\/?dnr=JBzUWaJfMUw8vbXJJ2tVW5-I3jZKvC4wsoxE&amp;amp;amp;amp;amp;amp;trk=nav_responsive_tab_home\",\"https:\\\/\\\/www.youtube.com\\\/channel\\\/UCxL0wu1uN0_3_7hGG0306cw\"]},{\"@type\":\"Person\",\"@id\":\"https:\\\/\\\/www.bellunopress.it\\\/#\\\/schema\\\/person\\\/79bb06722b37ece1c03d3e94beb30d73\",\"name\":\"redazione\",\"image\":{\"@type\":\"ImageObject\",\"inLanguage\":\"fr-FR\",\"@id\":\"https:\\\/\\\/secure.gravatar.com\\\/avatar\\\/37d968a2e67a6fd04c169c4bdef102d0bc5d31b2546345219e348575eb80e9a0?s=96&d=mm&r=g\",\"url\":\"https:\\\/\\\/secure.gravatar.com\\\/avatar\\\/37d968a2e67a6fd04c169c4bdef102d0bc5d31b2546345219e348575eb80e9a0?s=96&d=mm&r=g\",\"contentUrl\":\"https:\\\/\\\/secure.gravatar.com\\\/avatar\\\/37d968a2e67a6fd04c169c4bdef102d0bc5d31b2546345219e348575eb80e9a0?s=96&d=mm&r=g\",\"caption\":\"redazione\"},\"sameAs\":[\"http:\\\/\\\/www.bellunopress.it\",\"https:\\\/\\\/x.com\\\/bellunopress\"],\"url\":\"https:\\\/\\\/www.bellunopress.it\\\/fr\\\/author\\\/redazione\\\/\"}]}<\/script>\n<!-- \/ Yoast SEO plugin. -->","yoast_head_json":{"title":"Cortinametraggio: ad Addis Abeba iniziano le riprese del sogno olimpico pi\u00f9 autentico - Bellunopress - Dolomiti","robots":{"index":"index","follow":"follow","max-snippet":"max-snippet:-1","max-image-preview":"max-image-preview:large","max-video-preview":"max-video-preview:-1"},"canonical":"https:\/\/www.bellunopress.it\/fr\/2026\/01\/30\/cortinametraggio-ad-addis-abeba-iniziano-le-riprese-del-sogno-olimpico-piu-autentico\/","og_locale":"fr_FR","og_type":"article","og_title":"Cortinametraggio: ad Addis Abeba iniziano le riprese del sogno olimpico pi\u00f9 autentico - Bellunopress - Dolomiti","og_description":"&#8220;Grandi Giochi&#8221; \u00e8 il cortometraggio documentario girato in Etiopia diretto da\u00a0 Daniele Gobbin Con l&#8217;arrivo della fiamma olimpica a Cortina d&#8217;Ampezzo si \u00e8 accesa anche un&#8217;altra fiamma. Non quella delle luci o dei riflettori, ma quella dei Grandi Giochi. Ed \u00e8 da Addis Abeba che sono ufficialmente iniziate le riprese del cortometraggio &#8220;Grandi Giochi \u2013 [&hellip;]","og_url":"https:\/\/www.bellunopress.it\/fr\/2026\/01\/30\/cortinametraggio-ad-addis-abeba-iniziano-le-riprese-del-sogno-olimpico-piu-autentico\/","og_site_name":"Bellunopress - Dolomiti","article_publisher":"https:\/\/www.facebook.com\/profile.php?id=100008943462799","article_published_time":"2026-01-30T08:24:44+00:00","article_modified_time":"2026-01-30T09:09:40+00:00","og_image":[{"width":562,"height":600,"url":"https:\/\/www.bellunopress.it\/wp-content\/uploads\/2026\/01\/cortinametraggio-addis-abeba.jpg","type":"image\/jpeg"}],"author":"redazione","twitter_card":"summary_large_image","twitter_creator":"@bellunopress","twitter_site":"@bellunopress","twitter_misc":{"\u00c9crit par":"redazione","Dur\u00e9e de lecture estim\u00e9e":"3 minutes"},"schema":{"@context":"https:\/\/schema.org","@graph":[{"@type":"Article","@id":"https:\/\/www.bellunopress.it\/2026\/01\/30\/cortinametraggio-ad-addis-abeba-iniziano-le-riprese-del-sogno-olimpico-piu-autentico\/#article","isPartOf":{"@id":"https:\/\/www.bellunopress.it\/2026\/01\/30\/cortinametraggio-ad-addis-abeba-iniziano-le-riprese-del-sogno-olimpico-piu-autentico\/"},"author":{"name":"redazione","@id":"https:\/\/www.bellunopress.it\/#\/schema\/person\/79bb06722b37ece1c03d3e94beb30d73"},"headline":"Cortinametraggio: ad Addis Abeba iniziano le riprese del sogno olimpico pi\u00f9 autentico","datePublished":"2026-01-30T08:24:44+00:00","dateModified":"2026-01-30T09:09:40+00:00","mainEntityOfPage":{"@id":"https:\/\/www.bellunopress.it\/2026\/01\/30\/cortinametraggio-ad-addis-abeba-iniziano-le-riprese-del-sogno-olimpico-piu-autentico\/"},"wordCount":596,"publisher":{"@id":"https:\/\/www.bellunopress.it\/#organization"},"image":{"@id":"https:\/\/www.bellunopress.it\/2026\/01\/30\/cortinametraggio-ad-addis-abeba-iniziano-le-riprese-del-sogno-olimpico-piu-autentico\/#primaryimage"},"thumbnailUrl":"https:\/\/www.bellunopress.it\/wp-content\/uploads\/2026\/01\/cortinametraggio-addis-abeba.jpg","articleSection":["Arte, Cultura, Spettacoli, Scienza"],"inLanguage":"fr-FR"},{"@type":"WebPage","@id":"https:\/\/www.bellunopress.it\/2026\/01\/30\/cortinametraggio-ad-addis-abeba-iniziano-le-riprese-del-sogno-olimpico-piu-autentico\/","url":"https:\/\/www.bellunopress.it\/2026\/01\/30\/cortinametraggio-ad-addis-abeba-iniziano-le-riprese-del-sogno-olimpico-piu-autentico\/","name":"Cortinametraggio: ad Addis Abeba iniziano le riprese del sogno olimpico pi\u00f9 autentico - Bellunopress - Dolomiti","isPartOf":{"@id":"https:\/\/www.bellunopress.it\/#website"},"primaryImageOfPage":{"@id":"https:\/\/www.bellunopress.it\/2026\/01\/30\/cortinametraggio-ad-addis-abeba-iniziano-le-riprese-del-sogno-olimpico-piu-autentico\/#primaryimage"},"image":{"@id":"https:\/\/www.bellunopress.it\/2026\/01\/30\/cortinametraggio-ad-addis-abeba-iniziano-le-riprese-del-sogno-olimpico-piu-autentico\/#primaryimage"},"thumbnailUrl":"https:\/\/www.bellunopress.it\/wp-content\/uploads\/2026\/01\/cortinametraggio-addis-abeba.jpg","datePublished":"2026-01-30T08:24:44+00:00","dateModified":"2026-01-30T09:09:40+00:00","breadcrumb":{"@id":"https:\/\/www.bellunopress.it\/2026\/01\/30\/cortinametraggio-ad-addis-abeba-iniziano-le-riprese-del-sogno-olimpico-piu-autentico\/#breadcrumb"},"inLanguage":"fr-FR","potentialAction":[{"@type":"ReadAction","target":["https:\/\/www.bellunopress.it\/2026\/01\/30\/cortinametraggio-ad-addis-abeba-iniziano-le-riprese-del-sogno-olimpico-piu-autentico\/"]}]},{"@type":"ImageObject","inLanguage":"fr-FR","@id":"https:\/\/www.bellunopress.it\/2026\/01\/30\/cortinametraggio-ad-addis-abeba-iniziano-le-riprese-del-sogno-olimpico-piu-autentico\/#primaryimage","url":"https:\/\/www.bellunopress.it\/wp-content\/uploads\/2026\/01\/cortinametraggio-addis-abeba.jpg","contentUrl":"https:\/\/www.bellunopress.it\/wp-content\/uploads\/2026\/01\/cortinametraggio-addis-abeba.jpg","width":562,"height":600,"caption":"Foto di Giorgia Bellavia"},{"@type":"BreadcrumbList","@id":"https:\/\/www.bellunopress.it\/2026\/01\/30\/cortinametraggio-ad-addis-abeba-iniziano-le-riprese-del-sogno-olimpico-piu-autentico\/#breadcrumb","itemListElement":[{"@type":"ListItem","position":1,"name":"Home","item":"https:\/\/www.bellunopress.it\/"},{"@type":"ListItem","position":2,"name":"Cortinametraggio: ad Addis Abeba iniziano le riprese del sogno olimpico pi\u00f9 autentico"}]},{"@type":"WebSite","@id":"https:\/\/www.bellunopress.it\/#website","url":"https:\/\/www.bellunopress.it\/","name":"Bellunopress - Dolomiti","description":"e-mail: redazione@bellunopress.it","publisher":{"@id":"https:\/\/www.bellunopress.it\/#organization"},"potentialAction":[{"@type":"SearchAction","target":{"@type":"EntryPoint","urlTemplate":"https:\/\/www.bellunopress.it\/?s={search_term_string}"},"query-input":{"@type":"PropertyValueSpecification","valueRequired":true,"valueName":"search_term_string"}}],"inLanguage":"fr-FR"},{"@type":"Organization","@id":"https:\/\/www.bellunopress.it\/#organization","name":"Bellunopress","url":"https:\/\/www.bellunopress.it\/","logo":{"@type":"ImageObject","inLanguage":"fr-FR","@id":"https:\/\/www.bellunopress.it\/#\/schema\/logo\/image\/","url":"https:\/\/www.bellunopress.it\/wp-content\/uploads\/2011\/05\/cropped-logo-bellunopress-.jpg","contentUrl":"https:\/\/www.bellunopress.it\/wp-content\/uploads\/2011\/05\/cropped-logo-bellunopress-.jpg","width":512,"height":512,"caption":"Bellunopress"},"image":{"@id":"https:\/\/www.bellunopress.it\/#\/schema\/logo\/image\/"},"sameAs":["https:\/\/www.facebook.com\/profile.php?id=100008943462799","https:\/\/x.com\/bellunopress","https:\/\/www.linkedin.com\/hp\/?dnr=JBzUWaJfMUw8vbXJJ2tVW5-I3jZKvC4wsoxE&amp;amp;amp;amp;amp;amp;trk=nav_responsive_tab_home","https:\/\/www.youtube.com\/channel\/UCxL0wu1uN0_3_7hGG0306cw"]},{"@type":"Person","@id":"https:\/\/www.bellunopress.it\/#\/schema\/person\/79bb06722b37ece1c03d3e94beb30d73","name":"r\u00e9daction","image":{"@type":"ImageObject","inLanguage":"fr-FR","@id":"https:\/\/secure.gravatar.com\/avatar\/37d968a2e67a6fd04c169c4bdef102d0bc5d31b2546345219e348575eb80e9a0?s=96&d=mm&r=g","url":"https:\/\/secure.gravatar.com\/avatar\/37d968a2e67a6fd04c169c4bdef102d0bc5d31b2546345219e348575eb80e9a0?s=96&d=mm&r=g","contentUrl":"https:\/\/secure.gravatar.com\/avatar\/37d968a2e67a6fd04c169c4bdef102d0bc5d31b2546345219e348575eb80e9a0?s=96&d=mm&r=g","caption":"redazione"},"sameAs":["http:\/\/www.bellunopress.it","https:\/\/x.com\/bellunopress"],"url":"https:\/\/www.bellunopress.it\/fr\/author\/redazione\/"}]}},"_links":{"self":[{"href":"https:\/\/www.bellunopress.it\/fr\/wp-json\/wp\/v2\/posts\/166964","targetHints":{"allow":["GET"]}}],"collection":[{"href":"https:\/\/www.bellunopress.it\/fr\/wp-json\/wp\/v2\/posts"}],"about":[{"href":"https:\/\/www.bellunopress.it\/fr\/wp-json\/wp\/v2\/types\/post"}],"author":[{"embeddable":true,"href":"https:\/\/www.bellunopress.it\/fr\/wp-json\/wp\/v2\/users\/2"}],"replies":[{"embeddable":true,"href":"https:\/\/www.bellunopress.it\/fr\/wp-json\/wp\/v2\/comments?post=166964"}],"version-history":[{"count":2,"href":"https:\/\/www.bellunopress.it\/fr\/wp-json\/wp\/v2\/posts\/166964\/revisions"}],"predecessor-version":[{"id":166970,"href":"https:\/\/www.bellunopress.it\/fr\/wp-json\/wp\/v2\/posts\/166964\/revisions\/166970"}],"wp:featuredmedia":[{"embeddable":true,"href":"https:\/\/www.bellunopress.it\/fr\/wp-json\/wp\/v2\/media\/166965"}],"wp:attachment":[{"href":"https:\/\/www.bellunopress.it\/fr\/wp-json\/wp\/v2\/media?parent=166964"}],"wp:term":[{"taxonomy":"category","embeddable":true,"href":"https:\/\/www.bellunopress.it\/fr\/wp-json\/wp\/v2\/categories?post=166964"},{"taxonomy":"post_tag","embeddable":true,"href":"https:\/\/www.bellunopress.it\/fr\/wp-json\/wp\/v2\/tags?post=166964"}],"curies":[{"name":"wp","href":"https:\/\/api.w.org\/{rel}","templated":true}]}}