{"id":166954,"date":"2026-01-30T05:56:09","date_gmt":"2026-01-30T04:56:09","guid":{"rendered":"https:\/\/www.bellunopress.it\/?p=166954"},"modified":"2026-01-30T18:04:11","modified_gmt":"2026-01-30T17:04:11","slug":"un-inizio-danno-da-record-oltre-31mila-pagine-viste-giovedi-29-gennaio-bellunopress-tocca-nuove-vette-grazie-a-voi","status":"publish","type":"post","link":"https:\/\/www.bellunopress.it\/fr\/2026\/01\/30\/un-inizio-danno-da-record-oltre-31mila-pagine-viste-giovedi-29-gennaio-bellunopress-tocca-nuove-vette-grazie-a-voi\/","title":{"rendered":"Un inizio d\u2019anno da record, oltre 31mila pagine viste gioved\u00ec 29 gennaio : Bellunopress tocca nuove vette grazie a voi"},"content":{"rendered":"<p data-path-to-node=\"3\">Belluno, 30 gennaio 2026 &#8211; Il 2026 \u00e8 iniziato solo da poche settimane, ma per Bellunopress i segnali sono gi\u00e0 straordinari. Nella giornata di ieri, 29 gennaio, il nostro quotidiano ha registrato un nuovo picco di traffico, segnando un vero e proprio record per l&#8217;anno in corso.<\/p>\n<p data-path-to-node=\"4\"><img loading=\"lazy\" decoding=\"async\" class=\"aligncenter size-full wp-image-155145\" src=\"https:\/\/www.bellunopress.it\/wp-content\/uploads\/2024\/10\/bellunopress-2024.jpg\" alt=\"\" width=\"1500\" height=\"608\" srcset=\"https:\/\/www.bellunopress.it\/wp-content\/uploads\/2024\/10\/bellunopress-2024.jpg 1500w, https:\/\/www.bellunopress.it\/wp-content\/uploads\/2024\/10\/bellunopress-2024-500x203.jpg 500w, https:\/\/www.bellunopress.it\/wp-content\/uploads\/2024\/10\/bellunopress-2024-1000x405.jpg 1000w, https:\/\/www.bellunopress.it\/wp-content\/uploads\/2024\/10\/bellunopress-2024-1036x420.jpg 1036w, https:\/\/www.bellunopress.it\/wp-content\/uploads\/2024\/10\/bellunopress-2024-696x282.jpg 696w, https:\/\/www.bellunopress.it\/wp-content\/uploads\/2024\/10\/bellunopress-2024-1068x433.jpg 1068w\" sizes=\"auto, (max-width: 1500px) 100vw, 1500px\" \/>I numeri raccontano di una comunit\u00e0 sempre pi\u00f9 connessa e desiderosa di un\u2019informazione puntuale e radicata sul territorio:<\/p>\n<h3 data-path-to-node=\"5\">I numeri del record (29\/01\/2026)<\/h3>\n<table data-path-to-node=\"6\">\n<thead>\n<tr>\n<td><strong>Metrica<\/strong><\/td>\n<td><strong>Risultato<\/strong><\/td>\n<\/tr>\n<\/thead>\n<tbody>\n<tr>\n<td><strong>Visite totali<\/strong><\/td>\n<td><strong>14.776<\/strong><\/td>\n<\/tr>\n<tr>\n<td><strong>Pagine viste<\/strong><\/td>\n<td><strong>31.871<\/strong><\/td>\n<\/tr>\n<\/tbody>\n<\/table>\n<p data-path-to-node=\"7\">Questi dati non sono solo statistiche, ma riflettono un trend in costante aumento che ci riempie di orgoglio. Con una media di oltre due pagine consultate per ogni visita, emerge chiaramente l&#8217;interesse dei lettori verso i nostri approfondimenti e le cronache locali.<\/p>\n<p data-path-to-node=\"9\">La nostra crescita passa anche attraverso il dialogo costante con voi sui social. Vi ricordiamo che le notizie principali pubblicate su Bellunopress vengono rilanciate e discusse quotidianamente all&#8217;interno del gruppo Facebook <b data-path-to-node=\"9\" data-index-in-node=\"227\">&#8220;Belluno, attualit\u00e0 e politica&#8221;<\/b>, un punto di incontro fondamentale per il dibattito cittadino.<\/p>\n<p data-path-to-node=\"10\">Inoltre, per chi oltre alla cronaca ama esplorare le eccellenze del territorio, vi invitiamo a scoprire <a href=\"https:\/\/www.bellunotoday.com\/\"><b data-path-to-node=\"10\" data-index-in-node=\"104\">bellunotoday.com<\/b><\/a>, il nostro portale dedicato interamente al settore food &amp; drink, con gli appuntamenti, recensioni e novit\u00e0 dal mondo dei vini e della ristorazione.<\/p>\n<h3 data-path-to-node=\"11\">17 anni di indipendenza<\/h3>\n<p data-path-to-node=\"12\">Fondata 17 anni fa, Bellunopress \u00e8 nata con l&#8217;obiettivo di offrire una voce libera e indipendente alla nostra provincia. In un panorama mediatico in continua evoluzione, restare fedeli a questa missione non \u00e8 sempre facile, ma i risultati di oggi confermano che la strada intrapresa \u00e8 quella giusta.<\/p>\n<p data-path-to-node=\"13\">L&#8217;indipendenza ci permette di raccontare i fatti senza filtri, mettendo al centro solo l&#8217;interesse dei cittadini di Belluno e provincia.<\/p>\n<h3 data-path-to-node=\"14\">Un ringraziamento speciale a voi<\/h3>\n<h6 style=\"text-align: left;\" data-path-to-node=\"15\">Questo successo non appartiene a noi, ma a tutti voi lettori. Grazie per aver scelto di informarvi sulle nostre pagine, per i vostri suggerimenti e per la fiducia che ci rinnovate ogni giorno, clic dopo clic.<\/h6>\n<blockquote data-path-to-node=\"17\">\n<h6 style=\"text-align: left;\" data-path-to-node=\"17,0\"><b data-path-to-node=\"17,0\" data-index-in-node=\"0\">Resta connesso:<\/b> seguici su Bellunopress, partecipa alle discussioni sul gruppo Facebook e lasciati ispirare dai sapori di Bellunotoday!<\/h6>\n<\/blockquote>","protected":false},"excerpt":{"rendered":"<p>Belluno, 30 gennaio 2026 &#8211; Il 2026 \u00e8 iniziato solo da poche settimane, ma per Bellunopress i segnali sono gi\u00e0 straordinari. Nella giornata di ieri, 29 gennaio, il nostro quotidiano ha registrato un nuovo picco di traffico, segnando un vero e proprio record per l&#8217;anno in corso. I numeri raccontano di una comunit\u00e0 sempre pi\u00f9 [&hellip;]<\/p>\n","protected":false},"author":2,"featured_media":166955,"comment_status":"closed","ping_status":"open","sticky":false,"template":"","format":"standard","meta":{"footnotes":""},"categories":[3446,25,8],"tags":[],"class_list":["post-166954","post","type-post","status-publish","format-standard","has-post-thumbnail","category-featured","category-pausa-caffe","category-societa-istituzioni"],"yoast_head":"<!-- This site is optimized with the Yoast SEO plugin v28.4 - https:\/\/yoast.com\/product\/yoast-seo-wordpress\/ -->\n<title>Un inizio d\u2019anno da record, oltre 31mila pagine viste gioved\u00ec 29 gennaio : Bellunopress tocca nuove vette grazie a voi - Bellunopress - Dolomiti<\/title>\n<meta name=\"robots\" content=\"index, follow, max-snippet:-1, max-image-preview:large, max-video-preview:-1\" \/>\n<link rel=\"canonical\" href=\"https:\/\/www.bellunopress.it\/fr\/2026\/01\/30\/un-inizio-danno-da-record-oltre-31mila-pagine-viste-giovedi-29-gennaio-bellunopress-tocca-nuove-vette-grazie-a-voi\/\" \/>\n<meta property=\"og:locale\" content=\"fr_FR\" \/>\n<meta property=\"og:type\" content=\"article\" \/>\n<meta property=\"og:title\" content=\"Un inizio d\u2019anno da record, oltre 31mila pagine viste gioved\u00ec 29 gennaio : Bellunopress tocca nuove vette grazie a voi - Bellunopress - Dolomiti\" \/>\n<meta property=\"og:description\" content=\"Belluno, 30 gennaio 2026 &#8211; Il 2026 \u00e8 iniziato solo da poche settimane, ma per Bellunopress i segnali sono gi\u00e0 straordinari. Nella giornata di ieri, 29 gennaio, il nostro quotidiano ha registrato un nuovo picco di traffico, segnando un vero e proprio record per l&#8217;anno in corso. I numeri raccontano di una comunit\u00e0 sempre pi\u00f9 [&hellip;]\" \/>\n<meta property=\"og:url\" content=\"https:\/\/www.bellunopress.it\/fr\/2026\/01\/30\/un-inizio-danno-da-record-oltre-31mila-pagine-viste-giovedi-29-gennaio-bellunopress-tocca-nuove-vette-grazie-a-voi\/\" \/>\n<meta property=\"og:site_name\" content=\"Bellunopress - Dolomiti\" \/>\n<meta property=\"article:publisher\" content=\"https:\/\/www.facebook.com\/profile.php?id=100008943462799\" \/>\n<meta property=\"article:published_time\" content=\"2026-01-30T04:56:09+00:00\" \/>\n<meta property=\"article:modified_time\" content=\"2026-01-30T17:04:11+00:00\" \/>\n<meta property=\"og:image\" content=\"https:\/\/www.bellunopress.it\/wp-content\/uploads\/2026\/01\/pagine-viste-29-genn-2026.jpg\" \/>\n\t<meta property=\"og:image:width\" content=\"231\" \/>\n\t<meta property=\"og:image:height\" content=\"369\" \/>\n\t<meta property=\"og:image:type\" content=\"image\/jpeg\" \/>\n<meta name=\"author\" content=\"redazione\" \/>\n<meta name=\"twitter:card\" content=\"summary_large_image\" \/>\n<meta name=\"twitter:creator\" content=\"@bellunopress\" \/>\n<meta name=\"twitter:site\" content=\"@bellunopress\" \/>\n<meta name=\"twitter:label1\" content=\"\u00c9crit par\" \/>\n\t<meta name=\"twitter:data1\" content=\"redazione\" \/>\n\t<meta name=\"twitter:label2\" content=\"Dur\u00e9e de lecture estim\u00e9e\" \/>\n\t<meta name=\"twitter:data2\" content=\"2 minutes\" \/>\n<script type=\"application\/ld+json\" class=\"yoast-schema-graph\">{\"@context\":\"https:\\\/\\\/schema.org\",\"@graph\":[{\"@type\":\"Article\",\"@id\":\"https:\\\/\\\/www.bellunopress.it\\\/2026\\\/01\\\/30\\\/un-inizio-danno-da-record-oltre-31mila-pagine-viste-giovedi-29-gennaio-bellunopress-tocca-nuove-vette-grazie-a-voi\\\/#article\",\"isPartOf\":{\"@id\":\"https:\\\/\\\/www.bellunopress.it\\\/2026\\\/01\\\/30\\\/un-inizio-danno-da-record-oltre-31mila-pagine-viste-giovedi-29-gennaio-bellunopress-tocca-nuove-vette-grazie-a-voi\\\/\"},\"author\":{\"name\":\"redazione\",\"@id\":\"https:\\\/\\\/www.bellunopress.it\\\/#\\\/schema\\\/person\\\/79bb06722b37ece1c03d3e94beb30d73\"},\"headline\":\"Un inizio d\u2019anno da record, oltre 31mila pagine viste gioved\u00ec 29 gennaio : Bellunopress tocca nuove vette grazie a voi\",\"datePublished\":\"2026-01-30T04:56:09+00:00\",\"dateModified\":\"2026-01-30T17:04:11+00:00\",\"mainEntityOfPage\":{\"@id\":\"https:\\\/\\\/www.bellunopress.it\\\/2026\\\/01\\\/30\\\/un-inizio-danno-da-record-oltre-31mila-pagine-viste-giovedi-29-gennaio-bellunopress-tocca-nuove-vette-grazie-a-voi\\\/\"},\"wordCount\":349,\"publisher\":{\"@id\":\"https:\\\/\\\/www.bellunopress.it\\\/#organization\"},\"image\":{\"@id\":\"https:\\\/\\\/www.bellunopress.it\\\/2026\\\/01\\\/30\\\/un-inizio-danno-da-record-oltre-31mila-pagine-viste-giovedi-29-gennaio-bellunopress-tocca-nuove-vette-grazie-a-voi\\\/#primaryimage\"},\"thumbnailUrl\":\"https:\\\/\\\/www.bellunopress.it\\\/wp-content\\\/uploads\\\/2026\\\/01\\\/pagine-viste-29-genn-2026.jpg\",\"articleSection\":[\"Featured\",\"Pausa Caff\u00e8\",\"Societ\u00e0, Associazioni, Istituzioni\"],\"inLanguage\":\"fr-FR\"},{\"@type\":\"WebPage\",\"@id\":\"https:\\\/\\\/www.bellunopress.it\\\/2026\\\/01\\\/30\\\/un-inizio-danno-da-record-oltre-31mila-pagine-viste-giovedi-29-gennaio-bellunopress-tocca-nuove-vette-grazie-a-voi\\\/\",\"url\":\"https:\\\/\\\/www.bellunopress.it\\\/2026\\\/01\\\/30\\\/un-inizio-danno-da-record-oltre-31mila-pagine-viste-giovedi-29-gennaio-bellunopress-tocca-nuove-vette-grazie-a-voi\\\/\",\"name\":\"Un inizio d\u2019anno da record, oltre 31mila pagine viste gioved\u00ec 29 gennaio : Bellunopress tocca nuove vette grazie a voi - Bellunopress - Dolomiti\",\"isPartOf\":{\"@id\":\"https:\\\/\\\/www.bellunopress.it\\\/#website\"},\"primaryImageOfPage\":{\"@id\":\"https:\\\/\\\/www.bellunopress.it\\\/2026\\\/01\\\/30\\\/un-inizio-danno-da-record-oltre-31mila-pagine-viste-giovedi-29-gennaio-bellunopress-tocca-nuove-vette-grazie-a-voi\\\/#primaryimage\"},\"image\":{\"@id\":\"https:\\\/\\\/www.bellunopress.it\\\/2026\\\/01\\\/30\\\/un-inizio-danno-da-record-oltre-31mila-pagine-viste-giovedi-29-gennaio-bellunopress-tocca-nuove-vette-grazie-a-voi\\\/#primaryimage\"},\"thumbnailUrl\":\"https:\\\/\\\/www.bellunopress.it\\\/wp-content\\\/uploads\\\/2026\\\/01\\\/pagine-viste-29-genn-2026.jpg\",\"datePublished\":\"2026-01-30T04:56:09+00:00\",\"dateModified\":\"2026-01-30T17:04:11+00:00\",\"breadcrumb\":{\"@id\":\"https:\\\/\\\/www.bellunopress.it\\\/2026\\\/01\\\/30\\\/un-inizio-danno-da-record-oltre-31mila-pagine-viste-giovedi-29-gennaio-bellunopress-tocca-nuove-vette-grazie-a-voi\\\/#breadcrumb\"},\"inLanguage\":\"fr-FR\",\"potentialAction\":[{\"@type\":\"ReadAction\",\"target\":[\"https:\\\/\\\/www.bellunopress.it\\\/2026\\\/01\\\/30\\\/un-inizio-danno-da-record-oltre-31mila-pagine-viste-giovedi-29-gennaio-bellunopress-tocca-nuove-vette-grazie-a-voi\\\/\"]}]},{\"@type\":\"ImageObject\",\"inLanguage\":\"fr-FR\",\"@id\":\"https:\\\/\\\/www.bellunopress.it\\\/2026\\\/01\\\/30\\\/un-inizio-danno-da-record-oltre-31mila-pagine-viste-giovedi-29-gennaio-bellunopress-tocca-nuove-vette-grazie-a-voi\\\/#primaryimage\",\"url\":\"https:\\\/\\\/www.bellunopress.it\\\/wp-content\\\/uploads\\\/2026\\\/01\\\/pagine-viste-29-genn-2026.jpg\",\"contentUrl\":\"https:\\\/\\\/www.bellunopress.it\\\/wp-content\\\/uploads\\\/2026\\\/01\\\/pagine-viste-29-genn-2026.jpg\",\"width\":231,\"height\":369},{\"@type\":\"BreadcrumbList\",\"@id\":\"https:\\\/\\\/www.bellunopress.it\\\/2026\\\/01\\\/30\\\/un-inizio-danno-da-record-oltre-31mila-pagine-viste-giovedi-29-gennaio-bellunopress-tocca-nuove-vette-grazie-a-voi\\\/#breadcrumb\",\"itemListElement\":[{\"@type\":\"ListItem\",\"position\":1,\"name\":\"Home\",\"item\":\"https:\\\/\\\/www.bellunopress.it\\\/\"},{\"@type\":\"ListItem\",\"position\":2,\"name\":\"Un inizio d\u2019anno da record, oltre 31mila pagine viste gioved\u00ec 29 gennaio : Bellunopress tocca nuove vette grazie a voi\"}]},{\"@type\":\"WebSite\",\"@id\":\"https:\\\/\\\/www.bellunopress.it\\\/#website\",\"url\":\"https:\\\/\\\/www.bellunopress.it\\\/\",\"name\":\"Bellunopress - Dolomiti\",\"description\":\"e-mail: redazione@bellunopress.it\",\"publisher\":{\"@id\":\"https:\\\/\\\/www.bellunopress.it\\\/#organization\"},\"potentialAction\":[{\"@type\":\"SearchAction\",\"target\":{\"@type\":\"EntryPoint\",\"urlTemplate\":\"https:\\\/\\\/www.bellunopress.it\\\/?s={search_term_string}\"},\"query-input\":{\"@type\":\"PropertyValueSpecification\",\"valueRequired\":true,\"valueName\":\"search_term_string\"}}],\"inLanguage\":\"fr-FR\"},{\"@type\":\"Organization\",\"@id\":\"https:\\\/\\\/www.bellunopress.it\\\/#organization\",\"name\":\"Bellunopress\",\"url\":\"https:\\\/\\\/www.bellunopress.it\\\/\",\"logo\":{\"@type\":\"ImageObject\",\"inLanguage\":\"fr-FR\",\"@id\":\"https:\\\/\\\/www.bellunopress.it\\\/#\\\/schema\\\/logo\\\/image\\\/\",\"url\":\"https:\\\/\\\/www.bellunopress.it\\\/wp-content\\\/uploads\\\/2011\\\/05\\\/cropped-logo-bellunopress-.jpg\",\"contentUrl\":\"https:\\\/\\\/www.bellunopress.it\\\/wp-content\\\/uploads\\\/2011\\\/05\\\/cropped-logo-bellunopress-.jpg\",\"width\":512,\"height\":512,\"caption\":\"Bellunopress\"},\"image\":{\"@id\":\"https:\\\/\\\/www.bellunopress.it\\\/#\\\/schema\\\/logo\\\/image\\\/\"},\"sameAs\":[\"https:\\\/\\\/www.facebook.com\\\/profile.php?id=100008943462799\",\"https:\\\/\\\/x.com\\\/bellunopress\",\"https:\\\/\\\/www.linkedin.com\\\/hp\\\/?dnr=JBzUWaJfMUw8vbXJJ2tVW5-I3jZKvC4wsoxE&amp;amp;amp;amp;amp;amp;trk=nav_responsive_tab_home\",\"https:\\\/\\\/www.youtube.com\\\/channel\\\/UCxL0wu1uN0_3_7hGG0306cw\"]},{\"@type\":\"Person\",\"@id\":\"https:\\\/\\\/www.bellunopress.it\\\/#\\\/schema\\\/person\\\/79bb06722b37ece1c03d3e94beb30d73\",\"name\":\"redazione\",\"image\":{\"@type\":\"ImageObject\",\"inLanguage\":\"fr-FR\",\"@id\":\"https:\\\/\\\/secure.gravatar.com\\\/avatar\\\/37d968a2e67a6fd04c169c4bdef102d0bc5d31b2546345219e348575eb80e9a0?s=96&d=mm&r=g\",\"url\":\"https:\\\/\\\/secure.gravatar.com\\\/avatar\\\/37d968a2e67a6fd04c169c4bdef102d0bc5d31b2546345219e348575eb80e9a0?s=96&d=mm&r=g\",\"contentUrl\":\"https:\\\/\\\/secure.gravatar.com\\\/avatar\\\/37d968a2e67a6fd04c169c4bdef102d0bc5d31b2546345219e348575eb80e9a0?s=96&d=mm&r=g\",\"caption\":\"redazione\"},\"sameAs\":[\"http:\\\/\\\/www.bellunopress.it\",\"https:\\\/\\\/x.com\\\/bellunopress\"],\"url\":\"https:\\\/\\\/www.bellunopress.it\\\/fr\\\/author\\\/redazione\\\/\"}]}<\/script>\n<!-- \/ Yoast SEO plugin. -->","yoast_head_json":{"title":"Un inizio d\u2019anno da record, oltre 31mila pagine viste gioved\u00ec 29 gennaio : Bellunopress tocca nuove vette grazie a voi - Bellunopress - Dolomiti","robots":{"index":"index","follow":"follow","max-snippet":"max-snippet:-1","max-image-preview":"max-image-preview:large","max-video-preview":"max-video-preview:-1"},"canonical":"https:\/\/www.bellunopress.it\/fr\/2026\/01\/30\/un-inizio-danno-da-record-oltre-31mila-pagine-viste-giovedi-29-gennaio-bellunopress-tocca-nuove-vette-grazie-a-voi\/","og_locale":"fr_FR","og_type":"article","og_title":"Un inizio d\u2019anno da record, oltre 31mila pagine viste gioved\u00ec 29 gennaio : Bellunopress tocca nuove vette grazie a voi - Bellunopress - Dolomiti","og_description":"Belluno, 30 gennaio 2026 &#8211; Il 2026 \u00e8 iniziato solo da poche settimane, ma per Bellunopress i segnali sono gi\u00e0 straordinari. Nella giornata di ieri, 29 gennaio, il nostro quotidiano ha registrato un nuovo picco di traffico, segnando un vero e proprio record per l&#8217;anno in corso. I numeri raccontano di una comunit\u00e0 sempre pi\u00f9 [&hellip;]","og_url":"https:\/\/www.bellunopress.it\/fr\/2026\/01\/30\/un-inizio-danno-da-record-oltre-31mila-pagine-viste-giovedi-29-gennaio-bellunopress-tocca-nuove-vette-grazie-a-voi\/","og_site_name":"Bellunopress - Dolomiti","article_publisher":"https:\/\/www.facebook.com\/profile.php?id=100008943462799","article_published_time":"2026-01-30T04:56:09+00:00","article_modified_time":"2026-01-30T17:04:11+00:00","og_image":[{"width":231,"height":369,"url":"https:\/\/www.bellunopress.it\/wp-content\/uploads\/2026\/01\/pagine-viste-29-genn-2026.jpg","type":"image\/jpeg"}],"author":"redazione","twitter_card":"summary_large_image","twitter_creator":"@bellunopress","twitter_site":"@bellunopress","twitter_misc":{"\u00c9crit par":"redazione","Dur\u00e9e de lecture estim\u00e9e":"2 minutes"},"schema":{"@context":"https:\/\/schema.org","@graph":[{"@type":"Article","@id":"https:\/\/www.bellunopress.it\/2026\/01\/30\/un-inizio-danno-da-record-oltre-31mila-pagine-viste-giovedi-29-gennaio-bellunopress-tocca-nuove-vette-grazie-a-voi\/#article","isPartOf":{"@id":"https:\/\/www.bellunopress.it\/2026\/01\/30\/un-inizio-danno-da-record-oltre-31mila-pagine-viste-giovedi-29-gennaio-bellunopress-tocca-nuove-vette-grazie-a-voi\/"},"author":{"name":"redazione","@id":"https:\/\/www.bellunopress.it\/#\/schema\/person\/79bb06722b37ece1c03d3e94beb30d73"},"headline":"Un inizio d\u2019anno da record, oltre 31mila pagine viste gioved\u00ec 29 gennaio : Bellunopress tocca nuove vette grazie a voi","datePublished":"2026-01-30T04:56:09+00:00","dateModified":"2026-01-30T17:04:11+00:00","mainEntityOfPage":{"@id":"https:\/\/www.bellunopress.it\/2026\/01\/30\/un-inizio-danno-da-record-oltre-31mila-pagine-viste-giovedi-29-gennaio-bellunopress-tocca-nuove-vette-grazie-a-voi\/"},"wordCount":349,"publisher":{"@id":"https:\/\/www.bellunopress.it\/#organization"},"image":{"@id":"https:\/\/www.bellunopress.it\/2026\/01\/30\/un-inizio-danno-da-record-oltre-31mila-pagine-viste-giovedi-29-gennaio-bellunopress-tocca-nuove-vette-grazie-a-voi\/#primaryimage"},"thumbnailUrl":"https:\/\/www.bellunopress.it\/wp-content\/uploads\/2026\/01\/pagine-viste-29-genn-2026.jpg","articleSection":["Featured","Pausa Caff\u00e8","Societ\u00e0, Associazioni, Istituzioni"],"inLanguage":"fr-FR"},{"@type":"WebPage","@id":"https:\/\/www.bellunopress.it\/2026\/01\/30\/un-inizio-danno-da-record-oltre-31mila-pagine-viste-giovedi-29-gennaio-bellunopress-tocca-nuove-vette-grazie-a-voi\/","url":"https:\/\/www.bellunopress.it\/2026\/01\/30\/un-inizio-danno-da-record-oltre-31mila-pagine-viste-giovedi-29-gennaio-bellunopress-tocca-nuove-vette-grazie-a-voi\/","name":"Un inizio d\u2019anno da record, oltre 31mila pagine viste gioved\u00ec 29 gennaio : Bellunopress tocca nuove vette grazie a voi - Bellunopress - Dolomiti","isPartOf":{"@id":"https:\/\/www.bellunopress.it\/#website"},"primaryImageOfPage":{"@id":"https:\/\/www.bellunopress.it\/2026\/01\/30\/un-inizio-danno-da-record-oltre-31mila-pagine-viste-giovedi-29-gennaio-bellunopress-tocca-nuove-vette-grazie-a-voi\/#primaryimage"},"image":{"@id":"https:\/\/www.bellunopress.it\/2026\/01\/30\/un-inizio-danno-da-record-oltre-31mila-pagine-viste-giovedi-29-gennaio-bellunopress-tocca-nuove-vette-grazie-a-voi\/#primaryimage"},"thumbnailUrl":"https:\/\/www.bellunopress.it\/wp-content\/uploads\/2026\/01\/pagine-viste-29-genn-2026.jpg","datePublished":"2026-01-30T04:56:09+00:00","dateModified":"2026-01-30T17:04:11+00:00","breadcrumb":{"@id":"https:\/\/www.bellunopress.it\/2026\/01\/30\/un-inizio-danno-da-record-oltre-31mila-pagine-viste-giovedi-29-gennaio-bellunopress-tocca-nuove-vette-grazie-a-voi\/#breadcrumb"},"inLanguage":"fr-FR","potentialAction":[{"@type":"ReadAction","target":["https:\/\/www.bellunopress.it\/2026\/01\/30\/un-inizio-danno-da-record-oltre-31mila-pagine-viste-giovedi-29-gennaio-bellunopress-tocca-nuove-vette-grazie-a-voi\/"]}]},{"@type":"ImageObject","inLanguage":"fr-FR","@id":"https:\/\/www.bellunopress.it\/2026\/01\/30\/un-inizio-danno-da-record-oltre-31mila-pagine-viste-giovedi-29-gennaio-bellunopress-tocca-nuove-vette-grazie-a-voi\/#primaryimage","url":"https:\/\/www.bellunopress.it\/wp-content\/uploads\/2026\/01\/pagine-viste-29-genn-2026.jpg","contentUrl":"https:\/\/www.bellunopress.it\/wp-content\/uploads\/2026\/01\/pagine-viste-29-genn-2026.jpg","width":231,"height":369},{"@type":"BreadcrumbList","@id":"https:\/\/www.bellunopress.it\/2026\/01\/30\/un-inizio-danno-da-record-oltre-31mila-pagine-viste-giovedi-29-gennaio-bellunopress-tocca-nuove-vette-grazie-a-voi\/#breadcrumb","itemListElement":[{"@type":"ListItem","position":1,"name":"Home","item":"https:\/\/www.bellunopress.it\/"},{"@type":"ListItem","position":2,"name":"Un inizio d\u2019anno da record, oltre 31mila pagine viste gioved\u00ec 29 gennaio : Bellunopress tocca nuove vette grazie a voi"}]},{"@type":"WebSite","@id":"https:\/\/www.bellunopress.it\/#website","url":"https:\/\/www.bellunopress.it\/","name":"Bellunopress - Dolomiti","description":"e-mail: redazione@bellunopress.it","publisher":{"@id":"https:\/\/www.bellunopress.it\/#organization"},"potentialAction":[{"@type":"SearchAction","target":{"@type":"EntryPoint","urlTemplate":"https:\/\/www.bellunopress.it\/?s={search_term_string}"},"query-input":{"@type":"PropertyValueSpecification","valueRequired":true,"valueName":"search_term_string"}}],"inLanguage":"fr-FR"},{"@type":"Organization","@id":"https:\/\/www.bellunopress.it\/#organization","name":"Bellunopress","url":"https:\/\/www.bellunopress.it\/","logo":{"@type":"ImageObject","inLanguage":"fr-FR","@id":"https:\/\/www.bellunopress.it\/#\/schema\/logo\/image\/","url":"https:\/\/www.bellunopress.it\/wp-content\/uploads\/2011\/05\/cropped-logo-bellunopress-.jpg","contentUrl":"https:\/\/www.bellunopress.it\/wp-content\/uploads\/2011\/05\/cropped-logo-bellunopress-.jpg","width":512,"height":512,"caption":"Bellunopress"},"image":{"@id":"https:\/\/www.bellunopress.it\/#\/schema\/logo\/image\/"},"sameAs":["https:\/\/www.facebook.com\/profile.php?id=100008943462799","https:\/\/x.com\/bellunopress","https:\/\/www.linkedin.com\/hp\/?dnr=JBzUWaJfMUw8vbXJJ2tVW5-I3jZKvC4wsoxE&amp;amp;amp;amp;amp;amp;trk=nav_responsive_tab_home","https:\/\/www.youtube.com\/channel\/UCxL0wu1uN0_3_7hGG0306cw"]},{"@type":"Person","@id":"https:\/\/www.bellunopress.it\/#\/schema\/person\/79bb06722b37ece1c03d3e94beb30d73","name":"r\u00e9daction","image":{"@type":"ImageObject","inLanguage":"fr-FR","@id":"https:\/\/secure.gravatar.com\/avatar\/37d968a2e67a6fd04c169c4bdef102d0bc5d31b2546345219e348575eb80e9a0?s=96&d=mm&r=g","url":"https:\/\/secure.gravatar.com\/avatar\/37d968a2e67a6fd04c169c4bdef102d0bc5d31b2546345219e348575eb80e9a0?s=96&d=mm&r=g","contentUrl":"https:\/\/secure.gravatar.com\/avatar\/37d968a2e67a6fd04c169c4bdef102d0bc5d31b2546345219e348575eb80e9a0?s=96&d=mm&r=g","caption":"redazione"},"sameAs":["http:\/\/www.bellunopress.it","https:\/\/x.com\/bellunopress"],"url":"https:\/\/www.bellunopress.it\/fr\/author\/redazione\/"}]}},"_links":{"self":[{"href":"https:\/\/www.bellunopress.it\/fr\/wp-json\/wp\/v2\/posts\/166954","targetHints":{"allow":["GET"]}}],"collection":[{"href":"https:\/\/www.bellunopress.it\/fr\/wp-json\/wp\/v2\/posts"}],"about":[{"href":"https:\/\/www.bellunopress.it\/fr\/wp-json\/wp\/v2\/types\/post"}],"author":[{"embeddable":true,"href":"https:\/\/www.bellunopress.it\/fr\/wp-json\/wp\/v2\/users\/2"}],"replies":[{"embeddable":true,"href":"https:\/\/www.bellunopress.it\/fr\/wp-json\/wp\/v2\/comments?post=166954"}],"version-history":[{"count":2,"href":"https:\/\/www.bellunopress.it\/fr\/wp-json\/wp\/v2\/posts\/166954\/revisions"}],"predecessor-version":[{"id":166985,"href":"https:\/\/www.bellunopress.it\/fr\/wp-json\/wp\/v2\/posts\/166954\/revisions\/166985"}],"wp:featuredmedia":[{"embeddable":true,"href":"https:\/\/www.bellunopress.it\/fr\/wp-json\/wp\/v2\/media\/166955"}],"wp:attachment":[{"href":"https:\/\/www.bellunopress.it\/fr\/wp-json\/wp\/v2\/media?parent=166954"}],"wp:term":[{"taxonomy":"category","embeddable":true,"href":"https:\/\/www.bellunopress.it\/fr\/wp-json\/wp\/v2\/categories?post=166954"},{"taxonomy":"post_tag","embeddable":true,"href":"https:\/\/www.bellunopress.it\/fr\/wp-json\/wp\/v2\/tags?post=166954"}],"curies":[{"name":"wp","href":"https:\/\/api.w.org\/{rel}","templated":true}]}}